{"id":9999,"date":"2025-10-16T17:51:54","date_gmt":"2025-10-16T21:51:54","guid":{"rendered":"https:\/\/diarioellabrador.cl\/?p=9999"},"modified":"2025-10-16T17:51:55","modified_gmt":"2025-10-16T21:51:55","slug":"alcaldesa-de-alhue-marcela-chamorro-macias-solicita-apoyo-para-sacar-adelante-proyecto-de-nuestras-organizaciones-sociales","status":"publish","type":"post","link":"https:\/\/diarioellabrador.cl\/index.php\/2025\/10\/16\/alcaldesa-de-alhue-marcela-chamorro-macias-solicita-apoyo-para-sacar-adelante-proyecto-de-nuestras-organizaciones-sociales\/","title":{"rendered":"Alcaldesa de Alhu\u00e9 Marcela Chamorro Mac\u00edas solicita apoyo para sacar adelante proyecto de nuestras organizaciones sociales"},"content":{"rendered":"\n<p>La Alcaldesa Marcela Chamorro Mac\u00edas sostuvo una importante reuni\u00f3n con la jefa del Fondo Social Presidente de la Rep\u00fablica del Ministerio del Interior, Sandra Guerra, con el fin de poder de agilizar las aprobaciones a cada uno de los proyectos que han presentado las variadas organizaciones sociales de Alhu\u00e9.<\/p>\n\n\n\n<p>Asimismo, la coordinadora de este programa, Fernanda Donoso, revisaron las iniciativas presentadas por las agrupaciones como es la Junta de Vecinos El Desaf\u00edo, la Junta de Vecinos La Vuelta de la Piedra, Junta de Vecinos El Asiento, adem\u00e1s del Club de Aer\u00f3bica y los clubes deportivos de Los Perales y El Resto.<\/p>\n\n\n\n<p>La Alcaldesa destac\u00f3 y agradeci\u00f3 la disposici\u00f3n de las profesionales, quienes trabajar\u00e1n para poder materializar estos proyectos que buscan seguir desarrollando a sus socios.<\/p>\n\n\n\n<p>Recalcar que el Fondo Social Presidente de la Rep\u00fablica contribuye directamente a potenciar organizaciones territoriales, adem\u00e1s de otras instituciones sin fines de lucro, construyendo y aumentando el tejido social, potenciando la participaci\u00f3n ciudadana.<\/p>\n","protected":false},"excerpt":{"rendered":"<p>La Alcaldesa Marcela Chamorro Mac\u00edas sostuvo una importante reuni\u00f3n con la jefa del Fondo Social Presidente de la Rep\u00fablica del Ministerio del Interior, Sandra Guerra, con el fin de poder de agilizar las aprobaciones a cada uno de los proyectos que han presentado las variadas organizaciones sociales de Alhu\u00e9. Asimismo, la coordinadora de este programa,<\/p>\n<div class=\"read-more-wrapper\"><a class=\"read-more\" href=\"https:\/\/diarioellabrador.cl\/index.php\/2025\/10\/16\/alcaldesa-de-alhue-marcela-chamorro-macias-solicita-apoyo-para-sacar-adelante-proyecto-de-nuestras-organizaciones-sociales\/\" title=\"Leer m\u00e1s\"> <span class=\"button \">Leer m\u00e1s<\/span><\/a><\/div>\n","protected":false},"author":2,"featured_media":9935,"comment_status":"open","ping_status":"open","sticky":false,"template":"","format":"standard","meta":{"footnotes":""},"categories":[1],"tags":[],"class_list":["post-9999","post","type-post","status-publish","format-standard","has-post-thumbnail","hentry","category-cronica"],"yoast_head":"<!-- This site is optimized with the Yoast SEO plugin v27.5 - https:\/\/yoast.com\/product\/yoast-seo-wordpress\/ -->\n<title>Alcaldesa de Alhu\u00e9 Marcela Chamorro Mac\u00edas solicita apoyo para sacar adelante proyecto de nuestras organizaciones sociales - Diario El Labrador<\/title>\n<meta name=\"robots\" content=\"index, follow, max-snippet:-1, max-image-preview:large, max-video-preview:-1\" \/>\n<link rel=\"canonical\" href=\"https:\/\/diarioellabrador.cl\/index.php\/2025\/10\/16\/alcaldesa-de-alhue-marcela-chamorro-macias-solicita-apoyo-para-sacar-adelante-proyecto-de-nuestras-organizaciones-sociales\/\" \/>\n<meta property=\"og:locale\" content=\"es_ES\" \/>\n<meta property=\"og:type\" content=\"article\" \/>\n<meta property=\"og:title\" content=\"Alcaldesa de Alhu\u00e9 Marcela Chamorro Mac\u00edas solicita apoyo para sacar adelante proyecto de nuestras organizaciones sociales - Diario El Labrador\" \/>\n<meta property=\"og:description\" content=\"La Alcaldesa Marcela Chamorro Mac\u00edas sostuvo una importante reuni\u00f3n con la jefa del Fondo Social Presidente de la Rep\u00fablica del Ministerio del Interior, Sandra Guerra, con el fin de poder de agilizar las aprobaciones a cada uno de los proyectos que han presentado las variadas organizaciones sociales de Alhu\u00e9. Asimismo, la coordinadora de este programa, Leer m\u00e1s\" \/>\n<meta property=\"og:url\" content=\"https:\/\/diarioellabrador.cl\/index.php\/2025\/10\/16\/alcaldesa-de-alhue-marcela-chamorro-macias-solicita-apoyo-para-sacar-adelante-proyecto-de-nuestras-organizaciones-sociales\/\" \/>\n<meta property=\"og:site_name\" content=\"Diario El Labrador\" \/>\n<meta property=\"article:publisher\" content=\"https:\/\/web.facebook.com\/profile.php?id=61576120840621\" \/>\n<meta property=\"article:published_time\" content=\"2025-10-16T21:51:54+00:00\" \/>\n<meta property=\"article:modified_time\" content=\"2025-10-16T21:51:55+00:00\" \/>\n<meta property=\"og:image\" content=\"https:\/\/diarioellabrador.cl\/wp-content\/uploads\/2025\/10\/Alcaldesa-de-Alhue-Marcela-Chamorro-Macias-solicita-apoyo-para-sacar-adelante-proyecto-de-nuestras-organizaciones-sociales.jpeg\" \/>\n\t<meta property=\"og:image:width\" content=\"1200\" \/>\n\t<meta property=\"og:image:height\" content=\"809\" \/>\n\t<meta property=\"og:image:type\" content=\"image\/jpeg\" \/>\n<meta name=\"author\" content=\"Editor\" \/>\n<meta name=\"twitter:card\" content=\"summary_large_image\" \/>\n<meta name=\"twitter:creator\" content=\"@ElLabradorOf\" \/>\n<meta name=\"twitter:site\" content=\"@ElLabradorOf\" \/>\n<meta name=\"twitter:label1\" content=\"Escrito por\" \/>\n\t<meta name=\"twitter:data1\" content=\"Editor\" \/>\n\t<meta name=\"twitter:label2\" content=\"Tiempo de lectura\" \/>\n\t<meta name=\"twitter:data2\" content=\"1 minuto\" \/>\n<script type=\"application\/ld+json\" class=\"yoast-schema-graph\">{\"@context\":\"https:\\\/\\\/schema.org\",\"@graph\":[{\"@type\":\"Article\",\"@id\":\"https:\\\/\\\/diarioellabrador.cl\\\/index.php\\\/2025\\\/10\\\/16\\\/alcaldesa-de-alhue-marcela-chamorro-macias-solicita-apoyo-para-sacar-adelante-proyecto-de-nuestras-organizaciones-sociales\\\/#article\",\"isPartOf\":{\"@id\":\"https:\\\/\\\/diarioellabrador.cl\\\/index.php\\\/2025\\\/10\\\/16\\\/alcaldesa-de-alhue-marcela-chamorro-macias-solicita-apoyo-para-sacar-adelante-proyecto-de-nuestras-organizaciones-sociales\\\/\"},\"author\":{\"name\":\"Editor\",\"@id\":\"https:\\\/\\\/diarioellabrador.cl\\\/#\\\/schema\\\/person\\\/bc25ff80b4563f9c7f4bd7855df01685\"},\"headline\":\"Alcaldesa de Alhu\u00e9 Marcela Chamorro Mac\u00edas solicita apoyo para sacar adelante proyecto de nuestras organizaciones sociales\",\"datePublished\":\"2025-10-16T21:51:54+00:00\",\"dateModified\":\"2025-10-16T21:51:55+00:00\",\"mainEntityOfPage\":{\"@id\":\"https:\\\/\\\/diarioellabrador.cl\\\/index.php\\\/2025\\\/10\\\/16\\\/alcaldesa-de-alhue-marcela-chamorro-macias-solicita-apoyo-para-sacar-adelante-proyecto-de-nuestras-organizaciones-sociales\\\/\"},\"wordCount\":186,\"commentCount\":0,\"publisher\":{\"@id\":\"https:\\\/\\\/diarioellabrador.cl\\\/#organization\"},\"image\":{\"@id\":\"https:\\\/\\\/diarioellabrador.cl\\\/index.php\\\/2025\\\/10\\\/16\\\/alcaldesa-de-alhue-marcela-chamorro-macias-solicita-apoyo-para-sacar-adelante-proyecto-de-nuestras-organizaciones-sociales\\\/#primaryimage\"},\"thumbnailUrl\":\"https:\\\/\\\/diarioellabrador.cl\\\/wp-content\\\/uploads\\\/2025\\\/10\\\/Alcaldesa-de-Alhue-Marcela-Chamorro-Macias-solicita-apoyo-para-sacar-adelante-proyecto-de-nuestras-organizaciones-sociales.jpeg\",\"articleSection\":[\"Cr\u00f3nica\"],\"inLanguage\":\"es\",\"potentialAction\":[{\"@type\":\"CommentAction\",\"name\":\"Comment\",\"target\":[\"https:\\\/\\\/diarioellabrador.cl\\\/index.php\\\/2025\\\/10\\\/16\\\/alcaldesa-de-alhue-marcela-chamorro-macias-solicita-apoyo-para-sacar-adelante-proyecto-de-nuestras-organizaciones-sociales\\\/#respond\"]}]},{\"@type\":\"WebPage\",\"@id\":\"https:\\\/\\\/diarioellabrador.cl\\\/index.php\\\/2025\\\/10\\\/16\\\/alcaldesa-de-alhue-marcela-chamorro-macias-solicita-apoyo-para-sacar-adelante-proyecto-de-nuestras-organizaciones-sociales\\\/\",\"url\":\"https:\\\/\\\/diarioellabrador.cl\\\/index.php\\\/2025\\\/10\\\/16\\\/alcaldesa-de-alhue-marcela-chamorro-macias-solicita-apoyo-para-sacar-adelante-proyecto-de-nuestras-organizaciones-sociales\\\/\",\"name\":\"Alcaldesa de Alhu\u00e9 Marcela Chamorro Mac\u00edas solicita apoyo para sacar adelante proyecto de nuestras organizaciones sociales - Diario El Labrador\",\"isPartOf\":{\"@id\":\"https:\\\/\\\/diarioellabrador.cl\\\/#website\"},\"primaryImageOfPage\":{\"@id\":\"https:\\\/\\\/diarioellabrador.cl\\\/index.php\\\/2025\\\/10\\\/16\\\/alcaldesa-de-alhue-marcela-chamorro-macias-solicita-apoyo-para-sacar-adelante-proyecto-de-nuestras-organizaciones-sociales\\\/#primaryimage\"},\"image\":{\"@id\":\"https:\\\/\\\/diarioellabrador.cl\\\/index.php\\\/2025\\\/10\\\/16\\\/alcaldesa-de-alhue-marcela-chamorro-macias-solicita-apoyo-para-sacar-adelante-proyecto-de-nuestras-organizaciones-sociales\\\/#primaryimage\"},\"thumbnailUrl\":\"https:\\\/\\\/diarioellabrador.cl\\\/wp-content\\\/uploads\\\/2025\\\/10\\\/Alcaldesa-de-Alhue-Marcela-Chamorro-Macias-solicita-apoyo-para-sacar-adelante-proyecto-de-nuestras-organizaciones-sociales.jpeg\",\"datePublished\":\"2025-10-16T21:51:54+00:00\",\"dateModified\":\"2025-10-16T21:51:55+00:00\",\"breadcrumb\":{\"@id\":\"https:\\\/\\\/diarioellabrador.cl\\\/index.php\\\/2025\\\/10\\\/16\\\/alcaldesa-de-alhue-marcela-chamorro-macias-solicita-apoyo-para-sacar-adelante-proyecto-de-nuestras-organizaciones-sociales\\\/#breadcrumb\"},\"inLanguage\":\"es\",\"potentialAction\":[{\"@type\":\"ReadAction\",\"target\":[\"https:\\\/\\\/diarioellabrador.cl\\\/index.php\\\/2025\\\/10\\\/16\\\/alcaldesa-de-alhue-marcela-chamorro-macias-solicita-apoyo-para-sacar-adelante-proyecto-de-nuestras-organizaciones-sociales\\\/\"]}]},{\"@type\":\"ImageObject\",\"inLanguage\":\"es\",\"@id\":\"https:\\\/\\\/diarioellabrador.cl\\\/index.php\\\/2025\\\/10\\\/16\\\/alcaldesa-de-alhue-marcela-chamorro-macias-solicita-apoyo-para-sacar-adelante-proyecto-de-nuestras-organizaciones-sociales\\\/#primaryimage\",\"url\":\"https:\\\/\\\/diarioellabrador.cl\\\/wp-content\\\/uploads\\\/2025\\\/10\\\/Alcaldesa-de-Alhue-Marcela-Chamorro-Macias-solicita-apoyo-para-sacar-adelante-proyecto-de-nuestras-organizaciones-sociales.jpeg\",\"contentUrl\":\"https:\\\/\\\/diarioellabrador.cl\\\/wp-content\\\/uploads\\\/2025\\\/10\\\/Alcaldesa-de-Alhue-Marcela-Chamorro-Macias-solicita-apoyo-para-sacar-adelante-proyecto-de-nuestras-organizaciones-sociales.jpeg\",\"width\":1200,\"height\":809},{\"@type\":\"BreadcrumbList\",\"@id\":\"https:\\\/\\\/diarioellabrador.cl\\\/index.php\\\/2025\\\/10\\\/16\\\/alcaldesa-de-alhue-marcela-chamorro-macias-solicita-apoyo-para-sacar-adelante-proyecto-de-nuestras-organizaciones-sociales\\\/#breadcrumb\",\"itemListElement\":[{\"@type\":\"ListItem\",\"position\":1,\"name\":\"Portada\",\"item\":\"https:\\\/\\\/diarioellabrador.cl\\\/\"},{\"@type\":\"ListItem\",\"position\":2,\"name\":\"Alcaldesa de Alhu\u00e9 Marcela Chamorro Mac\u00edas solicita apoyo para sacar adelante proyecto de nuestras organizaciones sociales\"}]},{\"@type\":\"WebSite\",\"@id\":\"https:\\\/\\\/diarioellabrador.cl\\\/#website\",\"url\":\"https:\\\/\\\/diarioellabrador.cl\\\/\",\"name\":\"Diario El Labrador\",\"description\":\"Haciendo noticia desde 1921\",\"publisher\":{\"@id\":\"https:\\\/\\\/diarioellabrador.cl\\\/#organization\"},\"potentialAction\":[{\"@type\":\"SearchAction\",\"target\":{\"@type\":\"EntryPoint\",\"urlTemplate\":\"https:\\\/\\\/diarioellabrador.cl\\\/?s={search_term_string}\"},\"query-input\":{\"@type\":\"PropertyValueSpecification\",\"valueRequired\":true,\"valueName\":\"search_term_string\"}}],\"inLanguage\":\"es\"},{\"@type\":\"Organization\",\"@id\":\"https:\\\/\\\/diarioellabrador.cl\\\/#organization\",\"name\":\"Diario El Labrador\",\"url\":\"https:\\\/\\\/diarioellabrador.cl\\\/\",\"logo\":{\"@type\":\"ImageObject\",\"inLanguage\":\"es\",\"@id\":\"https:\\\/\\\/diarioellabrador.cl\\\/#\\\/schema\\\/logo\\\/image\\\/\",\"url\":\"https:\\\/\\\/diarioellabrador.cl\\\/wp-content\\\/uploads\\\/2025\\\/02\\\/cropped-Logo-Icono.png\",\"contentUrl\":\"https:\\\/\\\/diarioellabrador.cl\\\/wp-content\\\/uploads\\\/2025\\\/02\\\/cropped-Logo-Icono.png\",\"width\":512,\"height\":512,\"caption\":\"Diario El Labrador\"},\"image\":{\"@id\":\"https:\\\/\\\/diarioellabrador.cl\\\/#\\\/schema\\\/logo\\\/image\\\/\"},\"sameAs\":[\"https:\\\/\\\/web.facebook.com\\\/profile.php?id=61576120840621\",\"https:\\\/\\\/x.com\\\/ElLabradorOf\",\"https:\\\/\\\/www.instagram.com\\\/diarioellabradoroficial\\\/\"]},{\"@type\":\"Person\",\"@id\":\"https:\\\/\\\/diarioellabrador.cl\\\/#\\\/schema\\\/person\\\/bc25ff80b4563f9c7f4bd7855df01685\",\"name\":\"Editor\",\"image\":{\"@type\":\"ImageObject\",\"inLanguage\":\"es\",\"@id\":\"https:\\\/\\\/secure.gravatar.com\\\/avatar\\\/109c326cf2be5c04f048c2c2a2b8b6ef44bf3d8d1d3d4c55d0ac40c4bc994684?s=96&d=mm&r=g\",\"url\":\"https:\\\/\\\/secure.gravatar.com\\\/avatar\\\/109c326cf2be5c04f048c2c2a2b8b6ef44bf3d8d1d3d4c55d0ac40c4bc994684?s=96&d=mm&r=g\",\"contentUrl\":\"https:\\\/\\\/secure.gravatar.com\\\/avatar\\\/109c326cf2be5c04f048c2c2a2b8b6ef44bf3d8d1d3d4c55d0ac40c4bc994684?s=96&d=mm&r=g\",\"caption\":\"Editor\"},\"url\":\"https:\\\/\\\/diarioellabrador.cl\\\/index.php\\\/author\\\/editor\\\/\"}]}<\/script>\n<!-- \/ Yoast SEO plugin. -->","yoast_head_json":{"title":"Alcaldesa de Alhu\u00e9 Marcela Chamorro Mac\u00edas solicita apoyo para sacar adelante proyecto de nuestras organizaciones sociales - Diario El Labrador","robots":{"index":"index","follow":"follow","max-snippet":"max-snippet:-1","max-image-preview":"max-image-preview:large","max-video-preview":"max-video-preview:-1"},"canonical":"https:\/\/diarioellabrador.cl\/index.php\/2025\/10\/16\/alcaldesa-de-alhue-marcela-chamorro-macias-solicita-apoyo-para-sacar-adelante-proyecto-de-nuestras-organizaciones-sociales\/","og_locale":"es_ES","og_type":"article","og_title":"Alcaldesa de Alhu\u00e9 Marcela Chamorro Mac\u00edas solicita apoyo para sacar adelante proyecto de nuestras organizaciones sociales - Diario El Labrador","og_description":"La Alcaldesa Marcela Chamorro Mac\u00edas sostuvo una importante reuni\u00f3n con la jefa del Fondo Social Presidente de la Rep\u00fablica del Ministerio del Interior, Sandra Guerra, con el fin de poder de agilizar las aprobaciones a cada uno de los proyectos que han presentado las variadas organizaciones sociales de Alhu\u00e9. Asimismo, la coordinadora de este programa, Leer m\u00e1s","og_url":"https:\/\/diarioellabrador.cl\/index.php\/2025\/10\/16\/alcaldesa-de-alhue-marcela-chamorro-macias-solicita-apoyo-para-sacar-adelante-proyecto-de-nuestras-organizaciones-sociales\/","og_site_name":"Diario El Labrador","article_publisher":"https:\/\/web.facebook.com\/profile.php?id=61576120840621","article_published_time":"2025-10-16T21:51:54+00:00","article_modified_time":"2025-10-16T21:51:55+00:00","og_image":[{"width":1200,"height":809,"url":"https:\/\/diarioellabrador.cl\/wp-content\/uploads\/2025\/10\/Alcaldesa-de-Alhue-Marcela-Chamorro-Macias-solicita-apoyo-para-sacar-adelante-proyecto-de-nuestras-organizaciones-sociales.jpeg","type":"image\/jpeg"}],"author":"Editor","twitter_card":"summary_large_image","twitter_creator":"@ElLabradorOf","twitter_site":"@ElLabradorOf","twitter_misc":{"Escrito por":"Editor","Tiempo de lectura":"1 minuto"},"schema":{"@context":"https:\/\/schema.org","@graph":[{"@type":"Article","@id":"https:\/\/diarioellabrador.cl\/index.php\/2025\/10\/16\/alcaldesa-de-alhue-marcela-chamorro-macias-solicita-apoyo-para-sacar-adelante-proyecto-de-nuestras-organizaciones-sociales\/#article","isPartOf":{"@id":"https:\/\/diarioellabrador.cl\/index.php\/2025\/10\/16\/alcaldesa-de-alhue-marcela-chamorro-macias-solicita-apoyo-para-sacar-adelante-proyecto-de-nuestras-organizaciones-sociales\/"},"author":{"name":"Editor","@id":"https:\/\/diarioellabrador.cl\/#\/schema\/person\/bc25ff80b4563f9c7f4bd7855df01685"},"headline":"Alcaldesa de Alhu\u00e9 Marcela Chamorro Mac\u00edas solicita apoyo para sacar adelante proyecto de nuestras organizaciones sociales","datePublished":"2025-10-16T21:51:54+00:00","dateModified":"2025-10-16T21:51:55+00:00","mainEntityOfPage":{"@id":"https:\/\/diarioellabrador.cl\/index.php\/2025\/10\/16\/alcaldesa-de-alhue-marcela-chamorro-macias-solicita-apoyo-para-sacar-adelante-proyecto-de-nuestras-organizaciones-sociales\/"},"wordCount":186,"commentCount":0,"publisher":{"@id":"https:\/\/diarioellabrador.cl\/#organization"},"image":{"@id":"https:\/\/diarioellabrador.cl\/index.php\/2025\/10\/16\/alcaldesa-de-alhue-marcela-chamorro-macias-solicita-apoyo-para-sacar-adelante-proyecto-de-nuestras-organizaciones-sociales\/#primaryimage"},"thumbnailUrl":"https:\/\/diarioellabrador.cl\/wp-content\/uploads\/2025\/10\/Alcaldesa-de-Alhue-Marcela-Chamorro-Macias-solicita-apoyo-para-sacar-adelante-proyecto-de-nuestras-organizaciones-sociales.jpeg","articleSection":["Cr\u00f3nica"],"inLanguage":"es","potentialAction":[{"@type":"CommentAction","name":"Comment","target":["https:\/\/diarioellabrador.cl\/index.php\/2025\/10\/16\/alcaldesa-de-alhue-marcela-chamorro-macias-solicita-apoyo-para-sacar-adelante-proyecto-de-nuestras-organizaciones-sociales\/#respond"]}]},{"@type":"WebPage","@id":"https:\/\/diarioellabrador.cl\/index.php\/2025\/10\/16\/alcaldesa-de-alhue-marcela-chamorro-macias-solicita-apoyo-para-sacar-adelante-proyecto-de-nuestras-organizaciones-sociales\/","url":"https:\/\/diarioellabrador.cl\/index.php\/2025\/10\/16\/alcaldesa-de-alhue-marcela-chamorro-macias-solicita-apoyo-para-sacar-adelante-proyecto-de-nuestras-organizaciones-sociales\/","name":"Alcaldesa de Alhu\u00e9 Marcela Chamorro Mac\u00edas solicita apoyo para sacar adelante proyecto de nuestras organizaciones sociales - Diario El Labrador","isPartOf":{"@id":"https:\/\/diarioellabrador.cl\/#website"},"primaryImageOfPage":{"@id":"https:\/\/diarioellabrador.cl\/index.php\/2025\/10\/16\/alcaldesa-de-alhue-marcela-chamorro-macias-solicita-apoyo-para-sacar-adelante-proyecto-de-nuestras-organizaciones-sociales\/#primaryimage"},"image":{"@id":"https:\/\/diarioellabrador.cl\/index.php\/2025\/10\/16\/alcaldesa-de-alhue-marcela-chamorro-macias-solicita-apoyo-para-sacar-adelante-proyecto-de-nuestras-organizaciones-sociales\/#primaryimage"},"thumbnailUrl":"https:\/\/diarioellabrador.cl\/wp-content\/uploads\/2025\/10\/Alcaldesa-de-Alhue-Marcela-Chamorro-Macias-solicita-apoyo-para-sacar-adelante-proyecto-de-nuestras-organizaciones-sociales.jpeg","datePublished":"2025-10-16T21:51:54+00:00","dateModified":"2025-10-16T21:51:55+00:00","breadcrumb":{"@id":"https:\/\/diarioellabrador.cl\/index.php\/2025\/10\/16\/alcaldesa-de-alhue-marcela-chamorro-macias-solicita-apoyo-para-sacar-adelante-proyecto-de-nuestras-organizaciones-sociales\/#breadcrumb"},"inLanguage":"es","potentialAction":[{"@type":"ReadAction","target":["https:\/\/diarioellabrador.cl\/index.php\/2025\/10\/16\/alcaldesa-de-alhue-marcela-chamorro-macias-solicita-apoyo-para-sacar-adelante-proyecto-de-nuestras-organizaciones-sociales\/"]}]},{"@type":"ImageObject","inLanguage":"es","@id":"https:\/\/diarioellabrador.cl\/index.php\/2025\/10\/16\/alcaldesa-de-alhue-marcela-chamorro-macias-solicita-apoyo-para-sacar-adelante-proyecto-de-nuestras-organizaciones-sociales\/#primaryimage","url":"https:\/\/diarioellabrador.cl\/wp-content\/uploads\/2025\/10\/Alcaldesa-de-Alhue-Marcela-Chamorro-Macias-solicita-apoyo-para-sacar-adelante-proyecto-de-nuestras-organizaciones-sociales.jpeg","contentUrl":"https:\/\/diarioellabrador.cl\/wp-content\/uploads\/2025\/10\/Alcaldesa-de-Alhue-Marcela-Chamorro-Macias-solicita-apoyo-para-sacar-adelante-proyecto-de-nuestras-organizaciones-sociales.jpeg","width":1200,"height":809},{"@type":"BreadcrumbList","@id":"https:\/\/diarioellabrador.cl\/index.php\/2025\/10\/16\/alcaldesa-de-alhue-marcela-chamorro-macias-solicita-apoyo-para-sacar-adelante-proyecto-de-nuestras-organizaciones-sociales\/#breadcrumb","itemListElement":[{"@type":"ListItem","position":1,"name":"Portada","item":"https:\/\/diarioellabrador.cl\/"},{"@type":"ListItem","position":2,"name":"Alcaldesa de Alhu\u00e9 Marcela Chamorro Mac\u00edas solicita apoyo para sacar adelante proyecto de nuestras organizaciones sociales"}]},{"@type":"WebSite","@id":"https:\/\/diarioellabrador.cl\/#website","url":"https:\/\/diarioellabrador.cl\/","name":"Diario El Labrador","description":"Haciendo noticia desde 1921","publisher":{"@id":"https:\/\/diarioellabrador.cl\/#organization"},"potentialAction":[{"@type":"SearchAction","target":{"@type":"EntryPoint","urlTemplate":"https:\/\/diarioellabrador.cl\/?s={search_term_string}"},"query-input":{"@type":"PropertyValueSpecification","valueRequired":true,"valueName":"search_term_string"}}],"inLanguage":"es"},{"@type":"Organization","@id":"https:\/\/diarioellabrador.cl\/#organization","name":"Diario El Labrador","url":"https:\/\/diarioellabrador.cl\/","logo":{"@type":"ImageObject","inLanguage":"es","@id":"https:\/\/diarioellabrador.cl\/#\/schema\/logo\/image\/","url":"https:\/\/diarioellabrador.cl\/wp-content\/uploads\/2025\/02\/cropped-Logo-Icono.png","contentUrl":"https:\/\/diarioellabrador.cl\/wp-content\/uploads\/2025\/02\/cropped-Logo-Icono.png","width":512,"height":512,"caption":"Diario El Labrador"},"image":{"@id":"https:\/\/diarioellabrador.cl\/#\/schema\/logo\/image\/"},"sameAs":["https:\/\/web.facebook.com\/profile.php?id=61576120840621","https:\/\/x.com\/ElLabradorOf","https:\/\/www.instagram.com\/diarioellabradoroficial\/"]},{"@type":"Person","@id":"https:\/\/diarioellabrador.cl\/#\/schema\/person\/bc25ff80b4563f9c7f4bd7855df01685","name":"Editor","image":{"@type":"ImageObject","inLanguage":"es","@id":"https:\/\/secure.gravatar.com\/avatar\/109c326cf2be5c04f048c2c2a2b8b6ef44bf3d8d1d3d4c55d0ac40c4bc994684?s=96&d=mm&r=g","url":"https:\/\/secure.gravatar.com\/avatar\/109c326cf2be5c04f048c2c2a2b8b6ef44bf3d8d1d3d4c55d0ac40c4bc994684?s=96&d=mm&r=g","contentUrl":"https:\/\/secure.gravatar.com\/avatar\/109c326cf2be5c04f048c2c2a2b8b6ef44bf3d8d1d3d4c55d0ac40c4bc994684?s=96&d=mm&r=g","caption":"Editor"},"url":"https:\/\/diarioellabrador.cl\/index.php\/author\/editor\/"}]}},"_links":{"self":[{"href":"https:\/\/diarioellabrador.cl\/index.php\/wp-json\/wp\/v2\/posts\/9999","targetHints":{"allow":["GET"]}}],"collection":[{"href":"https:\/\/diarioellabrador.cl\/index.php\/wp-json\/wp\/v2\/posts"}],"about":[{"href":"https:\/\/diarioellabrador.cl\/index.php\/wp-json\/wp\/v2\/types\/post"}],"author":[{"embeddable":true,"href":"https:\/\/diarioellabrador.cl\/index.php\/wp-json\/wp\/v2\/users\/2"}],"replies":[{"embeddable":true,"href":"https:\/\/diarioellabrador.cl\/index.php\/wp-json\/wp\/v2\/comments?post=9999"}],"version-history":[{"count":1,"href":"https:\/\/diarioellabrador.cl\/index.php\/wp-json\/wp\/v2\/posts\/9999\/revisions"}],"predecessor-version":[{"id":10000,"href":"https:\/\/diarioellabrador.cl\/index.php\/wp-json\/wp\/v2\/posts\/9999\/revisions\/10000"}],"wp:featuredmedia":[{"embeddable":true,"href":"https:\/\/diarioellabrador.cl\/index.php\/wp-json\/wp\/v2\/media\/9935"}],"wp:attachment":[{"href":"https:\/\/diarioellabrador.cl\/index.php\/wp-json\/wp\/v2\/media?parent=9999"}],"wp:term":[{"taxonomy":"category","embeddable":true,"href":"https:\/\/diarioellabrador.cl\/index.php\/wp-json\/wp\/v2\/categories?post=9999"},{"taxonomy":"post_tag","embeddable":true,"href":"https:\/\/diarioellabrador.cl\/index.php\/wp-json\/wp\/v2\/tags?post=9999"}],"curies":[{"name":"wp","href":"https:\/\/api.w.org\/{rel}","templated":true}]}}