{"id":9997,"date":"2025-10-16T17:51:21","date_gmt":"2025-10-16T21:51:21","guid":{"rendered":"https:\/\/diarioellabrador.cl\/?p=9997"},"modified":"2025-10-16T17:51:23","modified_gmt":"2025-10-16T21:51:23","slug":"personas-mayores-de-la-provincia-participan-de-capacitacion-tecnica-para-la-rendicion-de-fondos-senama","status":"publish","type":"post","link":"https:\/\/diarioellabrador.cl\/index.php\/2025\/10\/16\/personas-mayores-de-la-provincia-participan-de-capacitacion-tecnica-para-la-rendicion-de-fondos-senama\/","title":{"rendered":"Personas mayores de la provincia participan de capacitaci\u00f3n t\u00e9cnica para la rendici\u00f3n de fondos SENAMA"},"content":{"rendered":"\n<ul class=\"wp-block-list\">\n<li><strong>Se trat\u00f3 de una jornada de aprendizaje donde se explic\u00f3 los principales requerimientos y procedimientos necesarios para rendir exitosamente los proyectos adjudicados a las organizaciones.<\/strong><\/li>\n<\/ul>\n\n\n\n<p>En dependencias de Delegaci\u00f3n Presidencial Provincial de Melipilla se realiz\u00f3 una capacitaci\u00f3n t\u00e9cnica dirigida a las organizaciones adjudicatarias del Fondo Nacional del Adulto Mayor \u201cHern\u00e1n Zapata Far\u00edas\u201d, con el objetivo de facilitar el proceso de rendici\u00f3n y aclarar dudas de las organizaciones.<\/p>\n\n\n\n<p>En la instancia estuvo presente el Delegado Presidencial Provincial de Melipilla, Basti\u00e1n Alarc\u00f3n, junto al asesor territorial, Fernando Guti\u00e9rrez, y la asistente social, Nadia Santis, quienes explicaron los principales requerimientos y procedimientos necesarios para rendir exitosamente los fondos.<\/p>\n\n\n\n<p>La autoridad provincial destac\u00f3 que este a\u00f1o fueron 67 los clubes y organizaciones beneficiadas, de los cuales Alhu\u00e9 obtuvo 3, mientras que en Curacav\u00ed fueron 10, Mar\u00eda Pinto 6, Melipilla 36 y San Pedro 12, quienes desarrollar\u00e1n proyectos que van desde la adquisici\u00f3n de equipamiento hasta la realizaci\u00f3n de viajes y actividades recreativas.<\/p>\n\n\n\n<figure class=\"wp-block-image size-large\"><img loading=\"lazy\" decoding=\"async\" width=\"1024\" height=\"768\" src=\"https:\/\/diarioellabrador.cl\/wp-content\/uploads\/2025\/10\/Personas-mayores-de-la-provincia-participan-de-capacitacion-tecnica-para-la-rendicion-de-fondos-SENAMA-1-1024x768.jpg\" alt=\"\" class=\"wp-image-9943\" srcset=\"https:\/\/diarioellabrador.cl\/wp-content\/uploads\/2025\/10\/Personas-mayores-de-la-provincia-participan-de-capacitacion-tecnica-para-la-rendicion-de-fondos-SENAMA-1-1024x768.jpg 1024w, https:\/\/diarioellabrador.cl\/wp-content\/uploads\/2025\/10\/Personas-mayores-de-la-provincia-participan-de-capacitacion-tecnica-para-la-rendicion-de-fondos-SENAMA-1-300x225.jpg 300w, https:\/\/diarioellabrador.cl\/wp-content\/uploads\/2025\/10\/Personas-mayores-de-la-provincia-participan-de-capacitacion-tecnica-para-la-rendicion-de-fondos-SENAMA-1-768x576.jpg 768w, https:\/\/diarioellabrador.cl\/wp-content\/uploads\/2025\/10\/Personas-mayores-de-la-provincia-participan-de-capacitacion-tecnica-para-la-rendicion-de-fondos-SENAMA-1-1536x1152.jpg 1536w, https:\/\/diarioellabrador.cl\/wp-content\/uploads\/2025\/10\/Personas-mayores-de-la-provincia-participan-de-capacitacion-tecnica-para-la-rendicion-de-fondos-SENAMA-1-800x600.jpg 800w, https:\/\/diarioellabrador.cl\/wp-content\/uploads\/2025\/10\/Personas-mayores-de-la-provincia-participan-de-capacitacion-tecnica-para-la-rendicion-de-fondos-SENAMA-1-600x450.jpg 600w, https:\/\/diarioellabrador.cl\/wp-content\/uploads\/2025\/10\/Personas-mayores-de-la-provincia-participan-de-capacitacion-tecnica-para-la-rendicion-de-fondos-SENAMA-1-400x300.jpg 400w, https:\/\/diarioellabrador.cl\/wp-content\/uploads\/2025\/10\/Personas-mayores-de-la-provincia-participan-de-capacitacion-tecnica-para-la-rendicion-de-fondos-SENAMA-1.jpg 1600w\" sizes=\"auto, (max-width: 1024px) 100vw, 1024px\" \/><\/figure>\n\n\n\n<p>\u201cTuvimos una gran jornada de capacitaci\u00f3n respecto del Fondo SENAMA para todos los clubes de adulto mayor de la provincia que se lo adjudicaron. Son cerca de 70 millones de pesos, para 67 organizaciones de personas mayores, incluidas adem\u00e1s algunas Uniones Comunales, para que puedan ejecutar sus proyectos, tanto de distenci\u00f3n, recreaci\u00f3n, implementaci\u00f3n, compra de algunos bienes, reparaci\u00f3n de sede, entre otros. Estos recursos les permitir\u00e1 desarrollar de mejor forma su trabajo como dirigentes sociales y de personas mayores, y hoy los dejamos capacitados para que puedan ejecutar y luego rendir este fondo\u201d, indicando que Delegaci\u00f3n Provincial de Melipilla es el apoyo t\u00e9cnico que requieren para ejecutar este tipo de proyectos del Gobierno.<\/p>\n\n\n\n<p>Por su parte, Jennifer Ubeda, encargada del departamento de personas mayores de Alhu\u00e9, se\u00f1al\u00f3 que \u201cesta capacitaci\u00f3n fue bastante clara. Se abordaron los principales puntos para que tengan la informaci\u00f3n necesaria las personas de los diversos club, para que realicen sus rendiciones las fechas que corresponde y como corresponde en relaci\u00f3n a sus proyectos\u201d, detallando que fueron tres las organizaciones de la comuna adjudicadas, a quienes apoyar\u00e1n&nbsp; durante todo el proceso.<\/p>\n\n\n\n<p>Asimismo, Roxana Pizarro, encargada del programa del Adulto Mayor de San Pedro, calific\u00f3 d valiosa la jornada t\u00e9cnica de capacitaci\u00f3n. \u201cMe pareci\u00f3 maravillosa la jornada, ya que las comunas que estamos m\u00e1s alejadas, es importante este tipo de actividades, para que ellos puedan aprender c\u00f3mo desarrollar estos proyectos y ejecutarlos de la mejor manera\u201d, detallando que la comuna adjudic\u00f3 12 proyectos.<\/p>\n\n\n\n<p>Ana Mar\u00eda Duarte, presidenta de UCAM Melipilla, valor\u00f3 la instancia. \u201cMe gust\u00f3 mucho, sobre todo la concurrencia. Se nota que los adultos mayores est\u00e1n muy entusiasmados con los proyectos, especialmente con SENAMA. Me gust\u00f3 la forma en que se realiz\u00f3, en un ambiente tranquilo, did\u00e1ctico y bonito\u201d, detallando que UCAM postul\u00f3 a equipamiento, cambio de computador, entre otros elementos para mejorar su gesti\u00f3n como organizaci\u00f3n.<\/p>\n","protected":false},"excerpt":{"rendered":"<p>En dependencias de Delegaci\u00f3n Presidencial Provincial de Melipilla se realiz\u00f3 una capacitaci\u00f3n t\u00e9cnica dirigida a las organizaciones adjudicatarias del Fondo Nacional del Adulto Mayor \u201cHern\u00e1n Zapata Far\u00edas\u201d, con el objetivo de facilitar el proceso de rendici\u00f3n y aclarar dudas de las organizaciones. En la instancia estuvo presente el Delegado Presidencial Provincial de Melipilla, Basti\u00e1n Alarc\u00f3n,<\/p>\n<div class=\"read-more-wrapper\"><a class=\"read-more\" href=\"https:\/\/diarioellabrador.cl\/index.php\/2025\/10\/16\/personas-mayores-de-la-provincia-participan-de-capacitacion-tecnica-para-la-rendicion-de-fondos-senama\/\" title=\"Leer m\u00e1s\"> <span class=\"button \">Leer m\u00e1s<\/span><\/a><\/div>\n","protected":false},"author":2,"featured_media":9942,"comment_status":"open","ping_status":"open","sticky":false,"template":"","format":"standard","meta":{"footnotes":""},"categories":[1],"tags":[],"class_list":["post-9997","post","type-post","status-publish","format-standard","has-post-thumbnail","hentry","category-cronica"],"yoast_head":"<!-- This site is optimized with the Yoast SEO plugin v27.5 - https:\/\/yoast.com\/product\/yoast-seo-wordpress\/ -->\n<title>Personas mayores de la provincia participan de capacitaci\u00f3n t\u00e9cnica para la rendici\u00f3n de fondos SENAMA - Diario El Labrador<\/title>\n<meta name=\"robots\" content=\"index, follow, max-snippet:-1, max-image-preview:large, max-video-preview:-1\" \/>\n<link rel=\"canonical\" href=\"https:\/\/diarioellabrador.cl\/index.php\/2025\/10\/16\/personas-mayores-de-la-provincia-participan-de-capacitacion-tecnica-para-la-rendicion-de-fondos-senama\/\" \/>\n<meta property=\"og:locale\" content=\"es_ES\" \/>\n<meta property=\"og:type\" content=\"article\" \/>\n<meta property=\"og:title\" content=\"Personas mayores de la provincia participan de capacitaci\u00f3n t\u00e9cnica para la rendici\u00f3n de fondos SENAMA - Diario El Labrador\" \/>\n<meta property=\"og:description\" content=\"En dependencias de Delegaci\u00f3n Presidencial Provincial de Melipilla se realiz\u00f3 una capacitaci\u00f3n t\u00e9cnica dirigida a las organizaciones adjudicatarias del Fondo Nacional del Adulto Mayor \u201cHern\u00e1n Zapata Far\u00edas\u201d, con el objetivo de facilitar el proceso de rendici\u00f3n y aclarar dudas de las organizaciones. En la instancia estuvo presente el Delegado Presidencial Provincial de Melipilla, Basti\u00e1n Alarc\u00f3n, Leer m\u00e1s\" \/>\n<meta property=\"og:url\" content=\"https:\/\/diarioellabrador.cl\/index.php\/2025\/10\/16\/personas-mayores-de-la-provincia-participan-de-capacitacion-tecnica-para-la-rendicion-de-fondos-senama\/\" \/>\n<meta property=\"og:site_name\" content=\"Diario El Labrador\" \/>\n<meta property=\"article:publisher\" content=\"https:\/\/web.facebook.com\/profile.php?id=61576120840621\" \/>\n<meta property=\"article:published_time\" content=\"2025-10-16T21:51:21+00:00\" \/>\n<meta property=\"article:modified_time\" content=\"2025-10-16T21:51:23+00:00\" \/>\n<meta property=\"og:image\" content=\"https:\/\/diarioellabrador.cl\/wp-content\/uploads\/2025\/10\/Personas-mayores-de-la-provincia-participan-de-capacitacion-tecnica-para-la-rendicion-de-fondos-SENAMA-1.jpeg\" \/>\n\t<meta property=\"og:image:width\" content=\"1600\" \/>\n\t<meta property=\"og:image:height\" content=\"1200\" \/>\n\t<meta property=\"og:image:type\" content=\"image\/jpeg\" \/>\n<meta name=\"author\" content=\"Editor\" \/>\n<meta name=\"twitter:card\" content=\"summary_large_image\" \/>\n<meta name=\"twitter:creator\" content=\"@ElLabradorOf\" \/>\n<meta name=\"twitter:site\" content=\"@ElLabradorOf\" \/>\n<meta name=\"twitter:label1\" content=\"Escrito por\" \/>\n\t<meta name=\"twitter:data1\" content=\"Editor\" \/>\n\t<meta name=\"twitter:label2\" content=\"Tiempo de lectura\" \/>\n\t<meta name=\"twitter:data2\" content=\"3 minutos\" \/>\n<script type=\"application\/ld+json\" class=\"yoast-schema-graph\">{\"@context\":\"https:\\\/\\\/schema.org\",\"@graph\":[{\"@type\":\"Article\",\"@id\":\"https:\\\/\\\/diarioellabrador.cl\\\/index.php\\\/2025\\\/10\\\/16\\\/personas-mayores-de-la-provincia-participan-de-capacitacion-tecnica-para-la-rendicion-de-fondos-senama\\\/#article\",\"isPartOf\":{\"@id\":\"https:\\\/\\\/diarioellabrador.cl\\\/index.php\\\/2025\\\/10\\\/16\\\/personas-mayores-de-la-provincia-participan-de-capacitacion-tecnica-para-la-rendicion-de-fondos-senama\\\/\"},\"author\":{\"name\":\"Editor\",\"@id\":\"https:\\\/\\\/diarioellabrador.cl\\\/#\\\/schema\\\/person\\\/bc25ff80b4563f9c7f4bd7855df01685\"},\"headline\":\"Personas mayores de la provincia participan de capacitaci\u00f3n t\u00e9cnica para la rendici\u00f3n de fondos SENAMA\",\"datePublished\":\"2025-10-16T21:51:21+00:00\",\"dateModified\":\"2025-10-16T21:51:23+00:00\",\"mainEntityOfPage\":{\"@id\":\"https:\\\/\\\/diarioellabrador.cl\\\/index.php\\\/2025\\\/10\\\/16\\\/personas-mayores-de-la-provincia-participan-de-capacitacion-tecnica-para-la-rendicion-de-fondos-senama\\\/\"},\"wordCount\":514,\"commentCount\":0,\"publisher\":{\"@id\":\"https:\\\/\\\/diarioellabrador.cl\\\/#organization\"},\"image\":{\"@id\":\"https:\\\/\\\/diarioellabrador.cl\\\/index.php\\\/2025\\\/10\\\/16\\\/personas-mayores-de-la-provincia-participan-de-capacitacion-tecnica-para-la-rendicion-de-fondos-senama\\\/#primaryimage\"},\"thumbnailUrl\":\"https:\\\/\\\/diarioellabrador.cl\\\/wp-content\\\/uploads\\\/2025\\\/10\\\/Personas-mayores-de-la-provincia-participan-de-capacitacion-tecnica-para-la-rendicion-de-fondos-SENAMA-1.jpeg\",\"articleSection\":[\"Cr\u00f3nica\"],\"inLanguage\":\"es\",\"potentialAction\":[{\"@type\":\"CommentAction\",\"name\":\"Comment\",\"target\":[\"https:\\\/\\\/diarioellabrador.cl\\\/index.php\\\/2025\\\/10\\\/16\\\/personas-mayores-de-la-provincia-participan-de-capacitacion-tecnica-para-la-rendicion-de-fondos-senama\\\/#respond\"]}]},{\"@type\":\"WebPage\",\"@id\":\"https:\\\/\\\/diarioellabrador.cl\\\/index.php\\\/2025\\\/10\\\/16\\\/personas-mayores-de-la-provincia-participan-de-capacitacion-tecnica-para-la-rendicion-de-fondos-senama\\\/\",\"url\":\"https:\\\/\\\/diarioellabrador.cl\\\/index.php\\\/2025\\\/10\\\/16\\\/personas-mayores-de-la-provincia-participan-de-capacitacion-tecnica-para-la-rendicion-de-fondos-senama\\\/\",\"name\":\"Personas mayores de la provincia participan de capacitaci\u00f3n t\u00e9cnica para la rendici\u00f3n de fondos SENAMA - Diario El Labrador\",\"isPartOf\":{\"@id\":\"https:\\\/\\\/diarioellabrador.cl\\\/#website\"},\"primaryImageOfPage\":{\"@id\":\"https:\\\/\\\/diarioellabrador.cl\\\/index.php\\\/2025\\\/10\\\/16\\\/personas-mayores-de-la-provincia-participan-de-capacitacion-tecnica-para-la-rendicion-de-fondos-senama\\\/#primaryimage\"},\"image\":{\"@id\":\"https:\\\/\\\/diarioellabrador.cl\\\/index.php\\\/2025\\\/10\\\/16\\\/personas-mayores-de-la-provincia-participan-de-capacitacion-tecnica-para-la-rendicion-de-fondos-senama\\\/#primaryimage\"},\"thumbnailUrl\":\"https:\\\/\\\/diarioellabrador.cl\\\/wp-content\\\/uploads\\\/2025\\\/10\\\/Personas-mayores-de-la-provincia-participan-de-capacitacion-tecnica-para-la-rendicion-de-fondos-SENAMA-1.jpeg\",\"datePublished\":\"2025-10-16T21:51:21+00:00\",\"dateModified\":\"2025-10-16T21:51:23+00:00\",\"breadcrumb\":{\"@id\":\"https:\\\/\\\/diarioellabrador.cl\\\/index.php\\\/2025\\\/10\\\/16\\\/personas-mayores-de-la-provincia-participan-de-capacitacion-tecnica-para-la-rendicion-de-fondos-senama\\\/#breadcrumb\"},\"inLanguage\":\"es\",\"potentialAction\":[{\"@type\":\"ReadAction\",\"target\":[\"https:\\\/\\\/diarioellabrador.cl\\\/index.php\\\/2025\\\/10\\\/16\\\/personas-mayores-de-la-provincia-participan-de-capacitacion-tecnica-para-la-rendicion-de-fondos-senama\\\/\"]}]},{\"@type\":\"ImageObject\",\"inLanguage\":\"es\",\"@id\":\"https:\\\/\\\/diarioellabrador.cl\\\/index.php\\\/2025\\\/10\\\/16\\\/personas-mayores-de-la-provincia-participan-de-capacitacion-tecnica-para-la-rendicion-de-fondos-senama\\\/#primaryimage\",\"url\":\"https:\\\/\\\/diarioellabrador.cl\\\/wp-content\\\/uploads\\\/2025\\\/10\\\/Personas-mayores-de-la-provincia-participan-de-capacitacion-tecnica-para-la-rendicion-de-fondos-SENAMA-1.jpeg\",\"contentUrl\":\"https:\\\/\\\/diarioellabrador.cl\\\/wp-content\\\/uploads\\\/2025\\\/10\\\/Personas-mayores-de-la-provincia-participan-de-capacitacion-tecnica-para-la-rendicion-de-fondos-SENAMA-1.jpeg\",\"width\":1600,\"height\":1200},{\"@type\":\"BreadcrumbList\",\"@id\":\"https:\\\/\\\/diarioellabrador.cl\\\/index.php\\\/2025\\\/10\\\/16\\\/personas-mayores-de-la-provincia-participan-de-capacitacion-tecnica-para-la-rendicion-de-fondos-senama\\\/#breadcrumb\",\"itemListElement\":[{\"@type\":\"ListItem\",\"position\":1,\"name\":\"Portada\",\"item\":\"https:\\\/\\\/diarioellabrador.cl\\\/\"},{\"@type\":\"ListItem\",\"position\":2,\"name\":\"Personas mayores de la provincia participan de capacitaci\u00f3n t\u00e9cnica para la rendici\u00f3n de fondos SENAMA\"}]},{\"@type\":\"WebSite\",\"@id\":\"https:\\\/\\\/diarioellabrador.cl\\\/#website\",\"url\":\"https:\\\/\\\/diarioellabrador.cl\\\/\",\"name\":\"Diario El Labrador\",\"description\":\"Haciendo noticia desde 1921\",\"publisher\":{\"@id\":\"https:\\\/\\\/diarioellabrador.cl\\\/#organization\"},\"potentialAction\":[{\"@type\":\"SearchAction\",\"target\":{\"@type\":\"EntryPoint\",\"urlTemplate\":\"https:\\\/\\\/diarioellabrador.cl\\\/?s={search_term_string}\"},\"query-input\":{\"@type\":\"PropertyValueSpecification\",\"valueRequired\":true,\"valueName\":\"search_term_string\"}}],\"inLanguage\":\"es\"},{\"@type\":\"Organization\",\"@id\":\"https:\\\/\\\/diarioellabrador.cl\\\/#organization\",\"name\":\"Diario El Labrador\",\"url\":\"https:\\\/\\\/diarioellabrador.cl\\\/\",\"logo\":{\"@type\":\"ImageObject\",\"inLanguage\":\"es\",\"@id\":\"https:\\\/\\\/diarioellabrador.cl\\\/#\\\/schema\\\/logo\\\/image\\\/\",\"url\":\"https:\\\/\\\/diarioellabrador.cl\\\/wp-content\\\/uploads\\\/2025\\\/02\\\/cropped-Logo-Icono.png\",\"contentUrl\":\"https:\\\/\\\/diarioellabrador.cl\\\/wp-content\\\/uploads\\\/2025\\\/02\\\/cropped-Logo-Icono.png\",\"width\":512,\"height\":512,\"caption\":\"Diario El Labrador\"},\"image\":{\"@id\":\"https:\\\/\\\/diarioellabrador.cl\\\/#\\\/schema\\\/logo\\\/image\\\/\"},\"sameAs\":[\"https:\\\/\\\/web.facebook.com\\\/profile.php?id=61576120840621\",\"https:\\\/\\\/x.com\\\/ElLabradorOf\",\"https:\\\/\\\/www.instagram.com\\\/diarioellabradoroficial\\\/\"]},{\"@type\":\"Person\",\"@id\":\"https:\\\/\\\/diarioellabrador.cl\\\/#\\\/schema\\\/person\\\/bc25ff80b4563f9c7f4bd7855df01685\",\"name\":\"Editor\",\"image\":{\"@type\":\"ImageObject\",\"inLanguage\":\"es\",\"@id\":\"https:\\\/\\\/secure.gravatar.com\\\/avatar\\\/109c326cf2be5c04f048c2c2a2b8b6ef44bf3d8d1d3d4c55d0ac40c4bc994684?s=96&d=mm&r=g\",\"url\":\"https:\\\/\\\/secure.gravatar.com\\\/avatar\\\/109c326cf2be5c04f048c2c2a2b8b6ef44bf3d8d1d3d4c55d0ac40c4bc994684?s=96&d=mm&r=g\",\"contentUrl\":\"https:\\\/\\\/secure.gravatar.com\\\/avatar\\\/109c326cf2be5c04f048c2c2a2b8b6ef44bf3d8d1d3d4c55d0ac40c4bc994684?s=96&d=mm&r=g\",\"caption\":\"Editor\"},\"url\":\"https:\\\/\\\/diarioellabrador.cl\\\/index.php\\\/author\\\/editor\\\/\"}]}<\/script>\n<!-- \/ Yoast SEO plugin. -->","yoast_head_json":{"title":"Personas mayores de la provincia participan de capacitaci\u00f3n t\u00e9cnica para la rendici\u00f3n de fondos SENAMA - Diario El Labrador","robots":{"index":"index","follow":"follow","max-snippet":"max-snippet:-1","max-image-preview":"max-image-preview:large","max-video-preview":"max-video-preview:-1"},"canonical":"https:\/\/diarioellabrador.cl\/index.php\/2025\/10\/16\/personas-mayores-de-la-provincia-participan-de-capacitacion-tecnica-para-la-rendicion-de-fondos-senama\/","og_locale":"es_ES","og_type":"article","og_title":"Personas mayores de la provincia participan de capacitaci\u00f3n t\u00e9cnica para la rendici\u00f3n de fondos SENAMA - Diario El Labrador","og_description":"En dependencias de Delegaci\u00f3n Presidencial Provincial de Melipilla se realiz\u00f3 una capacitaci\u00f3n t\u00e9cnica dirigida a las organizaciones adjudicatarias del Fondo Nacional del Adulto Mayor \u201cHern\u00e1n Zapata Far\u00edas\u201d, con el objetivo de facilitar el proceso de rendici\u00f3n y aclarar dudas de las organizaciones. En la instancia estuvo presente el Delegado Presidencial Provincial de Melipilla, Basti\u00e1n Alarc\u00f3n, Leer m\u00e1s","og_url":"https:\/\/diarioellabrador.cl\/index.php\/2025\/10\/16\/personas-mayores-de-la-provincia-participan-de-capacitacion-tecnica-para-la-rendicion-de-fondos-senama\/","og_site_name":"Diario El Labrador","article_publisher":"https:\/\/web.facebook.com\/profile.php?id=61576120840621","article_published_time":"2025-10-16T21:51:21+00:00","article_modified_time":"2025-10-16T21:51:23+00:00","og_image":[{"width":1600,"height":1200,"url":"https:\/\/diarioellabrador.cl\/wp-content\/uploads\/2025\/10\/Personas-mayores-de-la-provincia-participan-de-capacitacion-tecnica-para-la-rendicion-de-fondos-SENAMA-1.jpeg","type":"image\/jpeg"}],"author":"Editor","twitter_card":"summary_large_image","twitter_creator":"@ElLabradorOf","twitter_site":"@ElLabradorOf","twitter_misc":{"Escrito por":"Editor","Tiempo de lectura":"3 minutos"},"schema":{"@context":"https:\/\/schema.org","@graph":[{"@type":"Article","@id":"https:\/\/diarioellabrador.cl\/index.php\/2025\/10\/16\/personas-mayores-de-la-provincia-participan-de-capacitacion-tecnica-para-la-rendicion-de-fondos-senama\/#article","isPartOf":{"@id":"https:\/\/diarioellabrador.cl\/index.php\/2025\/10\/16\/personas-mayores-de-la-provincia-participan-de-capacitacion-tecnica-para-la-rendicion-de-fondos-senama\/"},"author":{"name":"Editor","@id":"https:\/\/diarioellabrador.cl\/#\/schema\/person\/bc25ff80b4563f9c7f4bd7855df01685"},"headline":"Personas mayores de la provincia participan de capacitaci\u00f3n t\u00e9cnica para la rendici\u00f3n de fondos SENAMA","datePublished":"2025-10-16T21:51:21+00:00","dateModified":"2025-10-16T21:51:23+00:00","mainEntityOfPage":{"@id":"https:\/\/diarioellabrador.cl\/index.php\/2025\/10\/16\/personas-mayores-de-la-provincia-participan-de-capacitacion-tecnica-para-la-rendicion-de-fondos-senama\/"},"wordCount":514,"commentCount":0,"publisher":{"@id":"https:\/\/diarioellabrador.cl\/#organization"},"image":{"@id":"https:\/\/diarioellabrador.cl\/index.php\/2025\/10\/16\/personas-mayores-de-la-provincia-participan-de-capacitacion-tecnica-para-la-rendicion-de-fondos-senama\/#primaryimage"},"thumbnailUrl":"https:\/\/diarioellabrador.cl\/wp-content\/uploads\/2025\/10\/Personas-mayores-de-la-provincia-participan-de-capacitacion-tecnica-para-la-rendicion-de-fondos-SENAMA-1.jpeg","articleSection":["Cr\u00f3nica"],"inLanguage":"es","potentialAction":[{"@type":"CommentAction","name":"Comment","target":["https:\/\/diarioellabrador.cl\/index.php\/2025\/10\/16\/personas-mayores-de-la-provincia-participan-de-capacitacion-tecnica-para-la-rendicion-de-fondos-senama\/#respond"]}]},{"@type":"WebPage","@id":"https:\/\/diarioellabrador.cl\/index.php\/2025\/10\/16\/personas-mayores-de-la-provincia-participan-de-capacitacion-tecnica-para-la-rendicion-de-fondos-senama\/","url":"https:\/\/diarioellabrador.cl\/index.php\/2025\/10\/16\/personas-mayores-de-la-provincia-participan-de-capacitacion-tecnica-para-la-rendicion-de-fondos-senama\/","name":"Personas mayores de la provincia participan de capacitaci\u00f3n t\u00e9cnica para la rendici\u00f3n de fondos SENAMA - Diario El Labrador","isPartOf":{"@id":"https:\/\/diarioellabrador.cl\/#website"},"primaryImageOfPage":{"@id":"https:\/\/diarioellabrador.cl\/index.php\/2025\/10\/16\/personas-mayores-de-la-provincia-participan-de-capacitacion-tecnica-para-la-rendicion-de-fondos-senama\/#primaryimage"},"image":{"@id":"https:\/\/diarioellabrador.cl\/index.php\/2025\/10\/16\/personas-mayores-de-la-provincia-participan-de-capacitacion-tecnica-para-la-rendicion-de-fondos-senama\/#primaryimage"},"thumbnailUrl":"https:\/\/diarioellabrador.cl\/wp-content\/uploads\/2025\/10\/Personas-mayores-de-la-provincia-participan-de-capacitacion-tecnica-para-la-rendicion-de-fondos-SENAMA-1.jpeg","datePublished":"2025-10-16T21:51:21+00:00","dateModified":"2025-10-16T21:51:23+00:00","breadcrumb":{"@id":"https:\/\/diarioellabrador.cl\/index.php\/2025\/10\/16\/personas-mayores-de-la-provincia-participan-de-capacitacion-tecnica-para-la-rendicion-de-fondos-senama\/#breadcrumb"},"inLanguage":"es","potentialAction":[{"@type":"ReadAction","target":["https:\/\/diarioellabrador.cl\/index.php\/2025\/10\/16\/personas-mayores-de-la-provincia-participan-de-capacitacion-tecnica-para-la-rendicion-de-fondos-senama\/"]}]},{"@type":"ImageObject","inLanguage":"es","@id":"https:\/\/diarioellabrador.cl\/index.php\/2025\/10\/16\/personas-mayores-de-la-provincia-participan-de-capacitacion-tecnica-para-la-rendicion-de-fondos-senama\/#primaryimage","url":"https:\/\/diarioellabrador.cl\/wp-content\/uploads\/2025\/10\/Personas-mayores-de-la-provincia-participan-de-capacitacion-tecnica-para-la-rendicion-de-fondos-SENAMA-1.jpeg","contentUrl":"https:\/\/diarioellabrador.cl\/wp-content\/uploads\/2025\/10\/Personas-mayores-de-la-provincia-participan-de-capacitacion-tecnica-para-la-rendicion-de-fondos-SENAMA-1.jpeg","width":1600,"height":1200},{"@type":"BreadcrumbList","@id":"https:\/\/diarioellabrador.cl\/index.php\/2025\/10\/16\/personas-mayores-de-la-provincia-participan-de-capacitacion-tecnica-para-la-rendicion-de-fondos-senama\/#breadcrumb","itemListElement":[{"@type":"ListItem","position":1,"name":"Portada","item":"https:\/\/diarioellabrador.cl\/"},{"@type":"ListItem","position":2,"name":"Personas mayores de la provincia participan de capacitaci\u00f3n t\u00e9cnica para la rendici\u00f3n de fondos SENAMA"}]},{"@type":"WebSite","@id":"https:\/\/diarioellabrador.cl\/#website","url":"https:\/\/diarioellabrador.cl\/","name":"Diario El Labrador","description":"Haciendo noticia desde 1921","publisher":{"@id":"https:\/\/diarioellabrador.cl\/#organization"},"potentialAction":[{"@type":"SearchAction","target":{"@type":"EntryPoint","urlTemplate":"https:\/\/diarioellabrador.cl\/?s={search_term_string}"},"query-input":{"@type":"PropertyValueSpecification","valueRequired":true,"valueName":"search_term_string"}}],"inLanguage":"es"},{"@type":"Organization","@id":"https:\/\/diarioellabrador.cl\/#organization","name":"Diario El Labrador","url":"https:\/\/diarioellabrador.cl\/","logo":{"@type":"ImageObject","inLanguage":"es","@id":"https:\/\/diarioellabrador.cl\/#\/schema\/logo\/image\/","url":"https:\/\/diarioellabrador.cl\/wp-content\/uploads\/2025\/02\/cropped-Logo-Icono.png","contentUrl":"https:\/\/diarioellabrador.cl\/wp-content\/uploads\/2025\/02\/cropped-Logo-Icono.png","width":512,"height":512,"caption":"Diario El Labrador"},"image":{"@id":"https:\/\/diarioellabrador.cl\/#\/schema\/logo\/image\/"},"sameAs":["https:\/\/web.facebook.com\/profile.php?id=61576120840621","https:\/\/x.com\/ElLabradorOf","https:\/\/www.instagram.com\/diarioellabradoroficial\/"]},{"@type":"Person","@id":"https:\/\/diarioellabrador.cl\/#\/schema\/person\/bc25ff80b4563f9c7f4bd7855df01685","name":"Editor","image":{"@type":"ImageObject","inLanguage":"es","@id":"https:\/\/secure.gravatar.com\/avatar\/109c326cf2be5c04f048c2c2a2b8b6ef44bf3d8d1d3d4c55d0ac40c4bc994684?s=96&d=mm&r=g","url":"https:\/\/secure.gravatar.com\/avatar\/109c326cf2be5c04f048c2c2a2b8b6ef44bf3d8d1d3d4c55d0ac40c4bc994684?s=96&d=mm&r=g","contentUrl":"https:\/\/secure.gravatar.com\/avatar\/109c326cf2be5c04f048c2c2a2b8b6ef44bf3d8d1d3d4c55d0ac40c4bc994684?s=96&d=mm&r=g","caption":"Editor"},"url":"https:\/\/diarioellabrador.cl\/index.php\/author\/editor\/"}]}},"_links":{"self":[{"href":"https:\/\/diarioellabrador.cl\/index.php\/wp-json\/wp\/v2\/posts\/9997","targetHints":{"allow":["GET"]}}],"collection":[{"href":"https:\/\/diarioellabrador.cl\/index.php\/wp-json\/wp\/v2\/posts"}],"about":[{"href":"https:\/\/diarioellabrador.cl\/index.php\/wp-json\/wp\/v2\/types\/post"}],"author":[{"embeddable":true,"href":"https:\/\/diarioellabrador.cl\/index.php\/wp-json\/wp\/v2\/users\/2"}],"replies":[{"embeddable":true,"href":"https:\/\/diarioellabrador.cl\/index.php\/wp-json\/wp\/v2\/comments?post=9997"}],"version-history":[{"count":1,"href":"https:\/\/diarioellabrador.cl\/index.php\/wp-json\/wp\/v2\/posts\/9997\/revisions"}],"predecessor-version":[{"id":9998,"href":"https:\/\/diarioellabrador.cl\/index.php\/wp-json\/wp\/v2\/posts\/9997\/revisions\/9998"}],"wp:featuredmedia":[{"embeddable":true,"href":"https:\/\/diarioellabrador.cl\/index.php\/wp-json\/wp\/v2\/media\/9942"}],"wp:attachment":[{"href":"https:\/\/diarioellabrador.cl\/index.php\/wp-json\/wp\/v2\/media?parent=9997"}],"wp:term":[{"taxonomy":"category","embeddable":true,"href":"https:\/\/diarioellabrador.cl\/index.php\/wp-json\/wp\/v2\/categories?post=9997"},{"taxonomy":"post_tag","embeddable":true,"href":"https:\/\/diarioellabrador.cl\/index.php\/wp-json\/wp\/v2\/tags?post=9997"}],"curies":[{"name":"wp","href":"https:\/\/api.w.org\/{rel}","templated":true}]}}