{"id":9989,"date":"2025-10-16T17:48:02","date_gmt":"2025-10-16T21:48:02","guid":{"rendered":"https:\/\/diarioellabrador.cl\/?p=9989"},"modified":"2025-10-16T17:48:03","modified_gmt":"2025-10-16T21:48:03","slug":"joven-que-estaba-al-interior-de-automovil-en-la-padre-demetrio-recibio-un-impacto-de-bala","status":"publish","type":"post","link":"https:\/\/diarioellabrador.cl\/index.php\/2025\/10\/16\/joven-que-estaba-al-interior-de-automovil-en-la-padre-demetrio-recibio-un-impacto-de-bala\/","title":{"rendered":"Joven que estaba al interior de autom\u00f3vil en la Padre Demetrio recibi\u00f3 un impacto de bala"},"content":{"rendered":"\n<p>El hecho ocurri\u00f3 en la noche del pasado martes alrededor de las 23.15 horas cuando un veh\u00edculo se encontraba estacionado en la calle Salustio Hern\u00e1ndez en la poblaci\u00f3n Padre Demetrio Bravo en Melipilla con 4 ocupantes en su interior, en esos instantes uno de ellos se percat\u00f3 de una luz laser y escucharon varios disparos.<\/p>\n\n\n\n<p>En esos instantes uno de los impactos dio en la pierna de un joven de 16 a\u00f1os y de inmediato el conductor se dirigi\u00f3 hasta el servicio de urgencia del hospital de Melipilla donde fue atendido por los facultativos de turno presenta una herida en el muslo izquierdo con salida de proyectil de car\u00e1cter grave.<\/p>\n\n\n\n<p>Efectivos policiales revisaron el veh\u00edculo donde encontraron una vaina de 9 mm que adem\u00e1s hab\u00eda traspasado un tel\u00e9fono celular que el lesionado ten\u00eda en su bolsillo, posteriormente en el sitio del suceso encontraron otras cuatro vainas, se inform\u00f3 al Ministerio P\u00fablico para iniciar la respectiva investigaci\u00f3n.<\/p>\n","protected":false},"excerpt":{"rendered":"<p>El hecho ocurri\u00f3 en la noche del pasado martes alrededor de las 23.15 horas cuando un veh\u00edculo se encontraba estacionado en la calle Salustio Hern\u00e1ndez en la poblaci\u00f3n Padre Demetrio Bravo en Melipilla con 4 ocupantes en su interior, en esos instantes uno de ellos se percat\u00f3 de una luz laser y escucharon varios disparos.<\/p>\n<div class=\"read-more-wrapper\"><a class=\"read-more\" href=\"https:\/\/diarioellabrador.cl\/index.php\/2025\/10\/16\/joven-que-estaba-al-interior-de-automovil-en-la-padre-demetrio-recibio-un-impacto-de-bala\/\" title=\"Leer m\u00e1s\"> <span class=\"button \">Leer m\u00e1s<\/span><\/a><\/div>\n","protected":false},"author":2,"featured_media":9927,"comment_status":"open","ping_status":"open","sticky":false,"template":"","format":"standard","meta":{"footnotes":""},"categories":[3],"tags":[],"class_list":["post-9989","post","type-post","status-publish","format-standard","has-post-thumbnail","hentry","category-policial"],"yoast_head":"<!-- This site is optimized with the Yoast SEO plugin v27.5 - https:\/\/yoast.com\/product\/yoast-seo-wordpress\/ -->\n<title>Joven que estaba al interior de autom\u00f3vil en la Padre Demetrio recibi\u00f3 un impacto de bala - Diario El Labrador<\/title>\n<meta name=\"robots\" content=\"index, follow, max-snippet:-1, max-image-preview:large, max-video-preview:-1\" \/>\n<link rel=\"canonical\" href=\"https:\/\/diarioellabrador.cl\/index.php\/2025\/10\/16\/joven-que-estaba-al-interior-de-automovil-en-la-padre-demetrio-recibio-un-impacto-de-bala\/\" \/>\n<meta property=\"og:locale\" content=\"es_ES\" \/>\n<meta property=\"og:type\" content=\"article\" \/>\n<meta property=\"og:title\" content=\"Joven que estaba al interior de autom\u00f3vil en la Padre Demetrio recibi\u00f3 un impacto de bala - Diario El Labrador\" \/>\n<meta property=\"og:description\" content=\"El hecho ocurri\u00f3 en la noche del pasado martes alrededor de las 23.15 horas cuando un veh\u00edculo se encontraba estacionado en la calle Salustio Hern\u00e1ndez en la poblaci\u00f3n Padre Demetrio Bravo en Melipilla con 4 ocupantes en su interior, en esos instantes uno de ellos se percat\u00f3 de una luz laser y escucharon varios disparos. Leer m\u00e1s\" \/>\n<meta property=\"og:url\" content=\"https:\/\/diarioellabrador.cl\/index.php\/2025\/10\/16\/joven-que-estaba-al-interior-de-automovil-en-la-padre-demetrio-recibio-un-impacto-de-bala\/\" \/>\n<meta property=\"og:site_name\" content=\"Diario El Labrador\" \/>\n<meta property=\"article:publisher\" content=\"https:\/\/web.facebook.com\/profile.php?id=61576120840621\" \/>\n<meta property=\"article:published_time\" content=\"2025-10-16T21:48:02+00:00\" \/>\n<meta property=\"article:modified_time\" content=\"2025-10-16T21:48:03+00:00\" \/>\n<meta property=\"og:image\" content=\"https:\/\/diarioellabrador.cl\/wp-content\/uploads\/2025\/10\/Joven-que-estaba-al-interior-de-automovil-en-la-Padre-Demetrio-recibio-un-impacto-de-bala.jpg\" \/>\n\t<meta property=\"og:image:width\" content=\"696\" \/>\n\t<meta property=\"og:image:height\" content=\"353\" \/>\n\t<meta property=\"og:image:type\" content=\"image\/jpeg\" \/>\n<meta name=\"author\" content=\"Editor\" \/>\n<meta name=\"twitter:card\" content=\"summary_large_image\" \/>\n<meta name=\"twitter:creator\" content=\"@ElLabradorOf\" \/>\n<meta name=\"twitter:site\" content=\"@ElLabradorOf\" \/>\n<meta name=\"twitter:label1\" content=\"Escrito por\" \/>\n\t<meta name=\"twitter:data1\" content=\"Editor\" \/>\n\t<meta name=\"twitter:label2\" content=\"Tiempo de lectura\" \/>\n\t<meta name=\"twitter:data2\" content=\"1 minuto\" \/>\n<script type=\"application\/ld+json\" class=\"yoast-schema-graph\">{\"@context\":\"https:\\\/\\\/schema.org\",\"@graph\":[{\"@type\":\"Article\",\"@id\":\"https:\\\/\\\/diarioellabrador.cl\\\/index.php\\\/2025\\\/10\\\/16\\\/joven-que-estaba-al-interior-de-automovil-en-la-padre-demetrio-recibio-un-impacto-de-bala\\\/#article\",\"isPartOf\":{\"@id\":\"https:\\\/\\\/diarioellabrador.cl\\\/index.php\\\/2025\\\/10\\\/16\\\/joven-que-estaba-al-interior-de-automovil-en-la-padre-demetrio-recibio-un-impacto-de-bala\\\/\"},\"author\":{\"name\":\"Editor\",\"@id\":\"https:\\\/\\\/diarioellabrador.cl\\\/#\\\/schema\\\/person\\\/bc25ff80b4563f9c7f4bd7855df01685\"},\"headline\":\"Joven que estaba al interior de autom\u00f3vil en la Padre Demetrio recibi\u00f3 un impacto de bala\",\"datePublished\":\"2025-10-16T21:48:02+00:00\",\"dateModified\":\"2025-10-16T21:48:03+00:00\",\"mainEntityOfPage\":{\"@id\":\"https:\\\/\\\/diarioellabrador.cl\\\/index.php\\\/2025\\\/10\\\/16\\\/joven-que-estaba-al-interior-de-automovil-en-la-padre-demetrio-recibio-un-impacto-de-bala\\\/\"},\"wordCount\":181,\"commentCount\":0,\"publisher\":{\"@id\":\"https:\\\/\\\/diarioellabrador.cl\\\/#organization\"},\"image\":{\"@id\":\"https:\\\/\\\/diarioellabrador.cl\\\/index.php\\\/2025\\\/10\\\/16\\\/joven-que-estaba-al-interior-de-automovil-en-la-padre-demetrio-recibio-un-impacto-de-bala\\\/#primaryimage\"},\"thumbnailUrl\":\"https:\\\/\\\/diarioellabrador.cl\\\/wp-content\\\/uploads\\\/2025\\\/10\\\/Joven-que-estaba-al-interior-de-automovil-en-la-Padre-Demetrio-recibio-un-impacto-de-bala.jpg\",\"articleSection\":[\"Policial\"],\"inLanguage\":\"es\",\"potentialAction\":[{\"@type\":\"CommentAction\",\"name\":\"Comment\",\"target\":[\"https:\\\/\\\/diarioellabrador.cl\\\/index.php\\\/2025\\\/10\\\/16\\\/joven-que-estaba-al-interior-de-automovil-en-la-padre-demetrio-recibio-un-impacto-de-bala\\\/#respond\"]}]},{\"@type\":\"WebPage\",\"@id\":\"https:\\\/\\\/diarioellabrador.cl\\\/index.php\\\/2025\\\/10\\\/16\\\/joven-que-estaba-al-interior-de-automovil-en-la-padre-demetrio-recibio-un-impacto-de-bala\\\/\",\"url\":\"https:\\\/\\\/diarioellabrador.cl\\\/index.php\\\/2025\\\/10\\\/16\\\/joven-que-estaba-al-interior-de-automovil-en-la-padre-demetrio-recibio-un-impacto-de-bala\\\/\",\"name\":\"Joven que estaba al interior de autom\u00f3vil en la Padre Demetrio recibi\u00f3 un impacto de bala - Diario El Labrador\",\"isPartOf\":{\"@id\":\"https:\\\/\\\/diarioellabrador.cl\\\/#website\"},\"primaryImageOfPage\":{\"@id\":\"https:\\\/\\\/diarioellabrador.cl\\\/index.php\\\/2025\\\/10\\\/16\\\/joven-que-estaba-al-interior-de-automovil-en-la-padre-demetrio-recibio-un-impacto-de-bala\\\/#primaryimage\"},\"image\":{\"@id\":\"https:\\\/\\\/diarioellabrador.cl\\\/index.php\\\/2025\\\/10\\\/16\\\/joven-que-estaba-al-interior-de-automovil-en-la-padre-demetrio-recibio-un-impacto-de-bala\\\/#primaryimage\"},\"thumbnailUrl\":\"https:\\\/\\\/diarioellabrador.cl\\\/wp-content\\\/uploads\\\/2025\\\/10\\\/Joven-que-estaba-al-interior-de-automovil-en-la-Padre-Demetrio-recibio-un-impacto-de-bala.jpg\",\"datePublished\":\"2025-10-16T21:48:02+00:00\",\"dateModified\":\"2025-10-16T21:48:03+00:00\",\"breadcrumb\":{\"@id\":\"https:\\\/\\\/diarioellabrador.cl\\\/index.php\\\/2025\\\/10\\\/16\\\/joven-que-estaba-al-interior-de-automovil-en-la-padre-demetrio-recibio-un-impacto-de-bala\\\/#breadcrumb\"},\"inLanguage\":\"es\",\"potentialAction\":[{\"@type\":\"ReadAction\",\"target\":[\"https:\\\/\\\/diarioellabrador.cl\\\/index.php\\\/2025\\\/10\\\/16\\\/joven-que-estaba-al-interior-de-automovil-en-la-padre-demetrio-recibio-un-impacto-de-bala\\\/\"]}]},{\"@type\":\"ImageObject\",\"inLanguage\":\"es\",\"@id\":\"https:\\\/\\\/diarioellabrador.cl\\\/index.php\\\/2025\\\/10\\\/16\\\/joven-que-estaba-al-interior-de-automovil-en-la-padre-demetrio-recibio-un-impacto-de-bala\\\/#primaryimage\",\"url\":\"https:\\\/\\\/diarioellabrador.cl\\\/wp-content\\\/uploads\\\/2025\\\/10\\\/Joven-que-estaba-al-interior-de-automovil-en-la-Padre-Demetrio-recibio-un-impacto-de-bala.jpg\",\"contentUrl\":\"https:\\\/\\\/diarioellabrador.cl\\\/wp-content\\\/uploads\\\/2025\\\/10\\\/Joven-que-estaba-al-interior-de-automovil-en-la-Padre-Demetrio-recibio-un-impacto-de-bala.jpg\",\"width\":696,\"height\":353},{\"@type\":\"BreadcrumbList\",\"@id\":\"https:\\\/\\\/diarioellabrador.cl\\\/index.php\\\/2025\\\/10\\\/16\\\/joven-que-estaba-al-interior-de-automovil-en-la-padre-demetrio-recibio-un-impacto-de-bala\\\/#breadcrumb\",\"itemListElement\":[{\"@type\":\"ListItem\",\"position\":1,\"name\":\"Portada\",\"item\":\"https:\\\/\\\/diarioellabrador.cl\\\/\"},{\"@type\":\"ListItem\",\"position\":2,\"name\":\"Joven que estaba al interior de autom\u00f3vil en la Padre Demetrio recibi\u00f3 un impacto de bala\"}]},{\"@type\":\"WebSite\",\"@id\":\"https:\\\/\\\/diarioellabrador.cl\\\/#website\",\"url\":\"https:\\\/\\\/diarioellabrador.cl\\\/\",\"name\":\"Diario El Labrador\",\"description\":\"Haciendo noticia desde 1921\",\"publisher\":{\"@id\":\"https:\\\/\\\/diarioellabrador.cl\\\/#organization\"},\"potentialAction\":[{\"@type\":\"SearchAction\",\"target\":{\"@type\":\"EntryPoint\",\"urlTemplate\":\"https:\\\/\\\/diarioellabrador.cl\\\/?s={search_term_string}\"},\"query-input\":{\"@type\":\"PropertyValueSpecification\",\"valueRequired\":true,\"valueName\":\"search_term_string\"}}],\"inLanguage\":\"es\"},{\"@type\":\"Organization\",\"@id\":\"https:\\\/\\\/diarioellabrador.cl\\\/#organization\",\"name\":\"Diario El Labrador\",\"url\":\"https:\\\/\\\/diarioellabrador.cl\\\/\",\"logo\":{\"@type\":\"ImageObject\",\"inLanguage\":\"es\",\"@id\":\"https:\\\/\\\/diarioellabrador.cl\\\/#\\\/schema\\\/logo\\\/image\\\/\",\"url\":\"https:\\\/\\\/diarioellabrador.cl\\\/wp-content\\\/uploads\\\/2025\\\/02\\\/cropped-Logo-Icono.png\",\"contentUrl\":\"https:\\\/\\\/diarioellabrador.cl\\\/wp-content\\\/uploads\\\/2025\\\/02\\\/cropped-Logo-Icono.png\",\"width\":512,\"height\":512,\"caption\":\"Diario El Labrador\"},\"image\":{\"@id\":\"https:\\\/\\\/diarioellabrador.cl\\\/#\\\/schema\\\/logo\\\/image\\\/\"},\"sameAs\":[\"https:\\\/\\\/web.facebook.com\\\/profile.php?id=61576120840621\",\"https:\\\/\\\/x.com\\\/ElLabradorOf\",\"https:\\\/\\\/www.instagram.com\\\/diarioellabradoroficial\\\/\"]},{\"@type\":\"Person\",\"@id\":\"https:\\\/\\\/diarioellabrador.cl\\\/#\\\/schema\\\/person\\\/bc25ff80b4563f9c7f4bd7855df01685\",\"name\":\"Editor\",\"image\":{\"@type\":\"ImageObject\",\"inLanguage\":\"es\",\"@id\":\"https:\\\/\\\/secure.gravatar.com\\\/avatar\\\/109c326cf2be5c04f048c2c2a2b8b6ef44bf3d8d1d3d4c55d0ac40c4bc994684?s=96&d=mm&r=g\",\"url\":\"https:\\\/\\\/secure.gravatar.com\\\/avatar\\\/109c326cf2be5c04f048c2c2a2b8b6ef44bf3d8d1d3d4c55d0ac40c4bc994684?s=96&d=mm&r=g\",\"contentUrl\":\"https:\\\/\\\/secure.gravatar.com\\\/avatar\\\/109c326cf2be5c04f048c2c2a2b8b6ef44bf3d8d1d3d4c55d0ac40c4bc994684?s=96&d=mm&r=g\",\"caption\":\"Editor\"},\"url\":\"https:\\\/\\\/diarioellabrador.cl\\\/index.php\\\/author\\\/editor\\\/\"}]}<\/script>\n<!-- \/ Yoast SEO plugin. -->","yoast_head_json":{"title":"Joven que estaba al interior de autom\u00f3vil en la Padre Demetrio recibi\u00f3 un impacto de bala - Diario El Labrador","robots":{"index":"index","follow":"follow","max-snippet":"max-snippet:-1","max-image-preview":"max-image-preview:large","max-video-preview":"max-video-preview:-1"},"canonical":"https:\/\/diarioellabrador.cl\/index.php\/2025\/10\/16\/joven-que-estaba-al-interior-de-automovil-en-la-padre-demetrio-recibio-un-impacto-de-bala\/","og_locale":"es_ES","og_type":"article","og_title":"Joven que estaba al interior de autom\u00f3vil en la Padre Demetrio recibi\u00f3 un impacto de bala - Diario El Labrador","og_description":"El hecho ocurri\u00f3 en la noche del pasado martes alrededor de las 23.15 horas cuando un veh\u00edculo se encontraba estacionado en la calle Salustio Hern\u00e1ndez en la poblaci\u00f3n Padre Demetrio Bravo en Melipilla con 4 ocupantes en su interior, en esos instantes uno de ellos se percat\u00f3 de una luz laser y escucharon varios disparos. Leer m\u00e1s","og_url":"https:\/\/diarioellabrador.cl\/index.php\/2025\/10\/16\/joven-que-estaba-al-interior-de-automovil-en-la-padre-demetrio-recibio-un-impacto-de-bala\/","og_site_name":"Diario El Labrador","article_publisher":"https:\/\/web.facebook.com\/profile.php?id=61576120840621","article_published_time":"2025-10-16T21:48:02+00:00","article_modified_time":"2025-10-16T21:48:03+00:00","og_image":[{"width":696,"height":353,"url":"https:\/\/diarioellabrador.cl\/wp-content\/uploads\/2025\/10\/Joven-que-estaba-al-interior-de-automovil-en-la-Padre-Demetrio-recibio-un-impacto-de-bala.jpg","type":"image\/jpeg"}],"author":"Editor","twitter_card":"summary_large_image","twitter_creator":"@ElLabradorOf","twitter_site":"@ElLabradorOf","twitter_misc":{"Escrito por":"Editor","Tiempo de lectura":"1 minuto"},"schema":{"@context":"https:\/\/schema.org","@graph":[{"@type":"Article","@id":"https:\/\/diarioellabrador.cl\/index.php\/2025\/10\/16\/joven-que-estaba-al-interior-de-automovil-en-la-padre-demetrio-recibio-un-impacto-de-bala\/#article","isPartOf":{"@id":"https:\/\/diarioellabrador.cl\/index.php\/2025\/10\/16\/joven-que-estaba-al-interior-de-automovil-en-la-padre-demetrio-recibio-un-impacto-de-bala\/"},"author":{"name":"Editor","@id":"https:\/\/diarioellabrador.cl\/#\/schema\/person\/bc25ff80b4563f9c7f4bd7855df01685"},"headline":"Joven que estaba al interior de autom\u00f3vil en la Padre Demetrio recibi\u00f3 un impacto de bala","datePublished":"2025-10-16T21:48:02+00:00","dateModified":"2025-10-16T21:48:03+00:00","mainEntityOfPage":{"@id":"https:\/\/diarioellabrador.cl\/index.php\/2025\/10\/16\/joven-que-estaba-al-interior-de-automovil-en-la-padre-demetrio-recibio-un-impacto-de-bala\/"},"wordCount":181,"commentCount":0,"publisher":{"@id":"https:\/\/diarioellabrador.cl\/#organization"},"image":{"@id":"https:\/\/diarioellabrador.cl\/index.php\/2025\/10\/16\/joven-que-estaba-al-interior-de-automovil-en-la-padre-demetrio-recibio-un-impacto-de-bala\/#primaryimage"},"thumbnailUrl":"https:\/\/diarioellabrador.cl\/wp-content\/uploads\/2025\/10\/Joven-que-estaba-al-interior-de-automovil-en-la-Padre-Demetrio-recibio-un-impacto-de-bala.jpg","articleSection":["Policial"],"inLanguage":"es","potentialAction":[{"@type":"CommentAction","name":"Comment","target":["https:\/\/diarioellabrador.cl\/index.php\/2025\/10\/16\/joven-que-estaba-al-interior-de-automovil-en-la-padre-demetrio-recibio-un-impacto-de-bala\/#respond"]}]},{"@type":"WebPage","@id":"https:\/\/diarioellabrador.cl\/index.php\/2025\/10\/16\/joven-que-estaba-al-interior-de-automovil-en-la-padre-demetrio-recibio-un-impacto-de-bala\/","url":"https:\/\/diarioellabrador.cl\/index.php\/2025\/10\/16\/joven-que-estaba-al-interior-de-automovil-en-la-padre-demetrio-recibio-un-impacto-de-bala\/","name":"Joven que estaba al interior de autom\u00f3vil en la Padre Demetrio recibi\u00f3 un impacto de bala - Diario El Labrador","isPartOf":{"@id":"https:\/\/diarioellabrador.cl\/#website"},"primaryImageOfPage":{"@id":"https:\/\/diarioellabrador.cl\/index.php\/2025\/10\/16\/joven-que-estaba-al-interior-de-automovil-en-la-padre-demetrio-recibio-un-impacto-de-bala\/#primaryimage"},"image":{"@id":"https:\/\/diarioellabrador.cl\/index.php\/2025\/10\/16\/joven-que-estaba-al-interior-de-automovil-en-la-padre-demetrio-recibio-un-impacto-de-bala\/#primaryimage"},"thumbnailUrl":"https:\/\/diarioellabrador.cl\/wp-content\/uploads\/2025\/10\/Joven-que-estaba-al-interior-de-automovil-en-la-Padre-Demetrio-recibio-un-impacto-de-bala.jpg","datePublished":"2025-10-16T21:48:02+00:00","dateModified":"2025-10-16T21:48:03+00:00","breadcrumb":{"@id":"https:\/\/diarioellabrador.cl\/index.php\/2025\/10\/16\/joven-que-estaba-al-interior-de-automovil-en-la-padre-demetrio-recibio-un-impacto-de-bala\/#breadcrumb"},"inLanguage":"es","potentialAction":[{"@type":"ReadAction","target":["https:\/\/diarioellabrador.cl\/index.php\/2025\/10\/16\/joven-que-estaba-al-interior-de-automovil-en-la-padre-demetrio-recibio-un-impacto-de-bala\/"]}]},{"@type":"ImageObject","inLanguage":"es","@id":"https:\/\/diarioellabrador.cl\/index.php\/2025\/10\/16\/joven-que-estaba-al-interior-de-automovil-en-la-padre-demetrio-recibio-un-impacto-de-bala\/#primaryimage","url":"https:\/\/diarioellabrador.cl\/wp-content\/uploads\/2025\/10\/Joven-que-estaba-al-interior-de-automovil-en-la-Padre-Demetrio-recibio-un-impacto-de-bala.jpg","contentUrl":"https:\/\/diarioellabrador.cl\/wp-content\/uploads\/2025\/10\/Joven-que-estaba-al-interior-de-automovil-en-la-Padre-Demetrio-recibio-un-impacto-de-bala.jpg","width":696,"height":353},{"@type":"BreadcrumbList","@id":"https:\/\/diarioellabrador.cl\/index.php\/2025\/10\/16\/joven-que-estaba-al-interior-de-automovil-en-la-padre-demetrio-recibio-un-impacto-de-bala\/#breadcrumb","itemListElement":[{"@type":"ListItem","position":1,"name":"Portada","item":"https:\/\/diarioellabrador.cl\/"},{"@type":"ListItem","position":2,"name":"Joven que estaba al interior de autom\u00f3vil en la Padre Demetrio recibi\u00f3 un impacto de bala"}]},{"@type":"WebSite","@id":"https:\/\/diarioellabrador.cl\/#website","url":"https:\/\/diarioellabrador.cl\/","name":"Diario El Labrador","description":"Haciendo noticia desde 1921","publisher":{"@id":"https:\/\/diarioellabrador.cl\/#organization"},"potentialAction":[{"@type":"SearchAction","target":{"@type":"EntryPoint","urlTemplate":"https:\/\/diarioellabrador.cl\/?s={search_term_string}"},"query-input":{"@type":"PropertyValueSpecification","valueRequired":true,"valueName":"search_term_string"}}],"inLanguage":"es"},{"@type":"Organization","@id":"https:\/\/diarioellabrador.cl\/#organization","name":"Diario El Labrador","url":"https:\/\/diarioellabrador.cl\/","logo":{"@type":"ImageObject","inLanguage":"es","@id":"https:\/\/diarioellabrador.cl\/#\/schema\/logo\/image\/","url":"https:\/\/diarioellabrador.cl\/wp-content\/uploads\/2025\/02\/cropped-Logo-Icono.png","contentUrl":"https:\/\/diarioellabrador.cl\/wp-content\/uploads\/2025\/02\/cropped-Logo-Icono.png","width":512,"height":512,"caption":"Diario El Labrador"},"image":{"@id":"https:\/\/diarioellabrador.cl\/#\/schema\/logo\/image\/"},"sameAs":["https:\/\/web.facebook.com\/profile.php?id=61576120840621","https:\/\/x.com\/ElLabradorOf","https:\/\/www.instagram.com\/diarioellabradoroficial\/"]},{"@type":"Person","@id":"https:\/\/diarioellabrador.cl\/#\/schema\/person\/bc25ff80b4563f9c7f4bd7855df01685","name":"Editor","image":{"@type":"ImageObject","inLanguage":"es","@id":"https:\/\/secure.gravatar.com\/avatar\/109c326cf2be5c04f048c2c2a2b8b6ef44bf3d8d1d3d4c55d0ac40c4bc994684?s=96&d=mm&r=g","url":"https:\/\/secure.gravatar.com\/avatar\/109c326cf2be5c04f048c2c2a2b8b6ef44bf3d8d1d3d4c55d0ac40c4bc994684?s=96&d=mm&r=g","contentUrl":"https:\/\/secure.gravatar.com\/avatar\/109c326cf2be5c04f048c2c2a2b8b6ef44bf3d8d1d3d4c55d0ac40c4bc994684?s=96&d=mm&r=g","caption":"Editor"},"url":"https:\/\/diarioellabrador.cl\/index.php\/author\/editor\/"}]}},"_links":{"self":[{"href":"https:\/\/diarioellabrador.cl\/index.php\/wp-json\/wp\/v2\/posts\/9989","targetHints":{"allow":["GET"]}}],"collection":[{"href":"https:\/\/diarioellabrador.cl\/index.php\/wp-json\/wp\/v2\/posts"}],"about":[{"href":"https:\/\/diarioellabrador.cl\/index.php\/wp-json\/wp\/v2\/types\/post"}],"author":[{"embeddable":true,"href":"https:\/\/diarioellabrador.cl\/index.php\/wp-json\/wp\/v2\/users\/2"}],"replies":[{"embeddable":true,"href":"https:\/\/diarioellabrador.cl\/index.php\/wp-json\/wp\/v2\/comments?post=9989"}],"version-history":[{"count":1,"href":"https:\/\/diarioellabrador.cl\/index.php\/wp-json\/wp\/v2\/posts\/9989\/revisions"}],"predecessor-version":[{"id":9990,"href":"https:\/\/diarioellabrador.cl\/index.php\/wp-json\/wp\/v2\/posts\/9989\/revisions\/9990"}],"wp:featuredmedia":[{"embeddable":true,"href":"https:\/\/diarioellabrador.cl\/index.php\/wp-json\/wp\/v2\/media\/9927"}],"wp:attachment":[{"href":"https:\/\/diarioellabrador.cl\/index.php\/wp-json\/wp\/v2\/media?parent=9989"}],"wp:term":[{"taxonomy":"category","embeddable":true,"href":"https:\/\/diarioellabrador.cl\/index.php\/wp-json\/wp\/v2\/categories?post=9989"},{"taxonomy":"post_tag","embeddable":true,"href":"https:\/\/diarioellabrador.cl\/index.php\/wp-json\/wp\/v2\/tags?post=9989"}],"curies":[{"name":"wp","href":"https:\/\/api.w.org\/{rel}","templated":true}]}}