{"id":9987,"date":"2025-10-16T17:47:12","date_gmt":"2025-10-16T21:47:12","guid":{"rendered":"https:\/\/diarioellabrador.cl\/?p=9987"},"modified":"2025-10-16T17:47:14","modified_gmt":"2025-10-16T21:47:14","slug":"hombre-recibe-sentencia-por-porte-de-arma-de-fuego-y-lesiones-en-contexto-de-violencia-intrafamiliar","status":"publish","type":"post","link":"https:\/\/diarioellabrador.cl\/index.php\/2025\/10\/16\/hombre-recibe-sentencia-por-porte-de-arma-de-fuego-y-lesiones-en-contexto-de-violencia-intrafamiliar\/","title":{"rendered":"Hombre recibe sentencia por porte de arma de fuego y lesiones en contexto de violencia intrafamiliar"},"content":{"rendered":"\n<p>En el Juzgado de Garant\u00eda de Talagante se realiz\u00f3 la audiencia de procedimiento abreviado donde la Fiscal\u00eda expuso que el d\u00eda 27 de abril de 2025, a las 14 horas aproximadamente, el imputado Brandon L.V. acompa\u00f1ado de otro sujeto, llegaron hasta el domicilio ubicado en Campo de Deporte en la comuna de Padre Hurtado, donde reside la v\u00edctima, madre de dos hijos en com\u00fan con el imputado.<\/p>\n\n\n\n<p>Uno de ellos portando un bate en una de sus manos y amenazando e insultando hacia el interior, en ese momento sali\u00f3 de la casa un hombre y cuando sale este, el imputado sac\u00f3 un arma de fuego desde su pantal\u00f3n, dispar\u00f3 sin lograr herirlo, despu\u00e9s de eso comenz\u00f3 una ri\u00f1a donde lograron quitarle la pistola, siendo entregado esta arma posteriormente a carabineros.<\/p>\n\n\n\n<p>Adem\u00e1s, el acusado golpe\u00f3 en la cabeza con el arma a una mujer, resultando con una contusi\u00f3n en la espalda y cabeza de car\u00e1cter leve. Resultando est\u00e1 arma ser una pistola fogueo modificada artesanalmente con su ca\u00f1\u00f3n desaturado la que permite la activaci\u00f3n de proyectiles tanto convencionales como modificados.<\/p>\n\n\n\n<p>El magistrado dictamin\u00f3 que se condena a Brandon L.V. como autor de los delitos consumados de porte de arma de fuego prohibida y dos delitos de lesiones menos graves en contexto de violencia intrafamiliar. Se impone la pena de tres a\u00f1os y un d\u00eda de presidio menor en su grado m\u00e1ximo. Por reunir las exigencias previstas en la ley, se concede la pena sustitutiva de libertad vigilada por el per\u00edodo de la pena privativa de libertad impuesta.<\/p>\n","protected":false},"excerpt":{"rendered":"<p>En el Juzgado de Garant\u00eda de Talagante se realiz\u00f3 la audiencia de procedimiento abreviado donde la Fiscal\u00eda expuso que el d\u00eda 27 de abril de 2025, a las 14 horas aproximadamente, el imputado Brandon L.V. acompa\u00f1ado de otro sujeto, llegaron hasta el domicilio ubicado en Campo de Deporte en la comuna de Padre Hurtado, donde<\/p>\n<div class=\"read-more-wrapper\"><a class=\"read-more\" href=\"https:\/\/diarioellabrador.cl\/index.php\/2025\/10\/16\/hombre-recibe-sentencia-por-porte-de-arma-de-fuego-y-lesiones-en-contexto-de-violencia-intrafamiliar\/\" title=\"Leer m\u00e1s\"> <span class=\"button \">Leer m\u00e1s<\/span><\/a><\/div>\n","protected":false},"author":2,"featured_media":9926,"comment_status":"open","ping_status":"open","sticky":false,"template":"","format":"standard","meta":{"footnotes":""},"categories":[3],"tags":[],"class_list":["post-9987","post","type-post","status-publish","format-standard","has-post-thumbnail","hentry","category-policial"],"yoast_head":"<!-- This site is optimized with the Yoast SEO plugin v27.5 - https:\/\/yoast.com\/product\/yoast-seo-wordpress\/ -->\n<title>Hombre recibe sentencia por porte de arma de fuego y lesiones en contexto de violencia intrafamiliar - Diario El Labrador<\/title>\n<meta name=\"robots\" content=\"index, follow, max-snippet:-1, max-image-preview:large, max-video-preview:-1\" \/>\n<link rel=\"canonical\" href=\"https:\/\/diarioellabrador.cl\/index.php\/2025\/10\/16\/hombre-recibe-sentencia-por-porte-de-arma-de-fuego-y-lesiones-en-contexto-de-violencia-intrafamiliar\/\" \/>\n<meta property=\"og:locale\" content=\"es_ES\" \/>\n<meta property=\"og:type\" content=\"article\" \/>\n<meta property=\"og:title\" content=\"Hombre recibe sentencia por porte de arma de fuego y lesiones en contexto de violencia intrafamiliar - Diario El Labrador\" \/>\n<meta property=\"og:description\" content=\"En el Juzgado de Garant\u00eda de Talagante se realiz\u00f3 la audiencia de procedimiento abreviado donde la Fiscal\u00eda expuso que el d\u00eda 27 de abril de 2025, a las 14 horas aproximadamente, el imputado Brandon L.V. acompa\u00f1ado de otro sujeto, llegaron hasta el domicilio ubicado en Campo de Deporte en la comuna de Padre Hurtado, donde Leer m\u00e1s\" \/>\n<meta property=\"og:url\" content=\"https:\/\/diarioellabrador.cl\/index.php\/2025\/10\/16\/hombre-recibe-sentencia-por-porte-de-arma-de-fuego-y-lesiones-en-contexto-de-violencia-intrafamiliar\/\" \/>\n<meta property=\"og:site_name\" content=\"Diario El Labrador\" \/>\n<meta property=\"article:publisher\" content=\"https:\/\/web.facebook.com\/profile.php?id=61576120840621\" \/>\n<meta property=\"article:published_time\" content=\"2025-10-16T21:47:12+00:00\" \/>\n<meta property=\"article:modified_time\" content=\"2025-10-16T21:47:14+00:00\" \/>\n<meta property=\"og:image\" content=\"https:\/\/diarioellabrador.cl\/wp-content\/uploads\/2025\/10\/Hombre-recibe-sentencia-por-porte-de-arma-de-fuego-y-lesiones-en-contexto-de-violencia-intrafamiliar.jpg\" \/>\n\t<meta property=\"og:image:width\" content=\"800\" \/>\n\t<meta property=\"og:image:height\" content=\"450\" \/>\n\t<meta property=\"og:image:type\" content=\"image\/jpeg\" \/>\n<meta name=\"author\" content=\"Editor\" \/>\n<meta name=\"twitter:card\" content=\"summary_large_image\" \/>\n<meta name=\"twitter:creator\" content=\"@ElLabradorOf\" \/>\n<meta name=\"twitter:site\" content=\"@ElLabradorOf\" \/>\n<meta name=\"twitter:label1\" content=\"Escrito por\" \/>\n\t<meta name=\"twitter:data1\" content=\"Editor\" \/>\n\t<meta name=\"twitter:label2\" content=\"Tiempo de lectura\" \/>\n\t<meta name=\"twitter:data2\" content=\"2 minutos\" \/>\n<script type=\"application\/ld+json\" class=\"yoast-schema-graph\">{\"@context\":\"https:\\\/\\\/schema.org\",\"@graph\":[{\"@type\":\"Article\",\"@id\":\"https:\\\/\\\/diarioellabrador.cl\\\/index.php\\\/2025\\\/10\\\/16\\\/hombre-recibe-sentencia-por-porte-de-arma-de-fuego-y-lesiones-en-contexto-de-violencia-intrafamiliar\\\/#article\",\"isPartOf\":{\"@id\":\"https:\\\/\\\/diarioellabrador.cl\\\/index.php\\\/2025\\\/10\\\/16\\\/hombre-recibe-sentencia-por-porte-de-arma-de-fuego-y-lesiones-en-contexto-de-violencia-intrafamiliar\\\/\"},\"author\":{\"name\":\"Editor\",\"@id\":\"https:\\\/\\\/diarioellabrador.cl\\\/#\\\/schema\\\/person\\\/bc25ff80b4563f9c7f4bd7855df01685\"},\"headline\":\"Hombre recibe sentencia por porte de arma de fuego y lesiones en contexto de violencia intrafamiliar\",\"datePublished\":\"2025-10-16T21:47:12+00:00\",\"dateModified\":\"2025-10-16T21:47:14+00:00\",\"mainEntityOfPage\":{\"@id\":\"https:\\\/\\\/diarioellabrador.cl\\\/index.php\\\/2025\\\/10\\\/16\\\/hombre-recibe-sentencia-por-porte-de-arma-de-fuego-y-lesiones-en-contexto-de-violencia-intrafamiliar\\\/\"},\"wordCount\":289,\"commentCount\":0,\"publisher\":{\"@id\":\"https:\\\/\\\/diarioellabrador.cl\\\/#organization\"},\"image\":{\"@id\":\"https:\\\/\\\/diarioellabrador.cl\\\/index.php\\\/2025\\\/10\\\/16\\\/hombre-recibe-sentencia-por-porte-de-arma-de-fuego-y-lesiones-en-contexto-de-violencia-intrafamiliar\\\/#primaryimage\"},\"thumbnailUrl\":\"https:\\\/\\\/diarioellabrador.cl\\\/wp-content\\\/uploads\\\/2025\\\/10\\\/Hombre-recibe-sentencia-por-porte-de-arma-de-fuego-y-lesiones-en-contexto-de-violencia-intrafamiliar.jpg\",\"articleSection\":[\"Policial\"],\"inLanguage\":\"es\",\"potentialAction\":[{\"@type\":\"CommentAction\",\"name\":\"Comment\",\"target\":[\"https:\\\/\\\/diarioellabrador.cl\\\/index.php\\\/2025\\\/10\\\/16\\\/hombre-recibe-sentencia-por-porte-de-arma-de-fuego-y-lesiones-en-contexto-de-violencia-intrafamiliar\\\/#respond\"]}]},{\"@type\":\"WebPage\",\"@id\":\"https:\\\/\\\/diarioellabrador.cl\\\/index.php\\\/2025\\\/10\\\/16\\\/hombre-recibe-sentencia-por-porte-de-arma-de-fuego-y-lesiones-en-contexto-de-violencia-intrafamiliar\\\/\",\"url\":\"https:\\\/\\\/diarioellabrador.cl\\\/index.php\\\/2025\\\/10\\\/16\\\/hombre-recibe-sentencia-por-porte-de-arma-de-fuego-y-lesiones-en-contexto-de-violencia-intrafamiliar\\\/\",\"name\":\"Hombre recibe sentencia por porte de arma de fuego y lesiones en contexto de violencia intrafamiliar - Diario El Labrador\",\"isPartOf\":{\"@id\":\"https:\\\/\\\/diarioellabrador.cl\\\/#website\"},\"primaryImageOfPage\":{\"@id\":\"https:\\\/\\\/diarioellabrador.cl\\\/index.php\\\/2025\\\/10\\\/16\\\/hombre-recibe-sentencia-por-porte-de-arma-de-fuego-y-lesiones-en-contexto-de-violencia-intrafamiliar\\\/#primaryimage\"},\"image\":{\"@id\":\"https:\\\/\\\/diarioellabrador.cl\\\/index.php\\\/2025\\\/10\\\/16\\\/hombre-recibe-sentencia-por-porte-de-arma-de-fuego-y-lesiones-en-contexto-de-violencia-intrafamiliar\\\/#primaryimage\"},\"thumbnailUrl\":\"https:\\\/\\\/diarioellabrador.cl\\\/wp-content\\\/uploads\\\/2025\\\/10\\\/Hombre-recibe-sentencia-por-porte-de-arma-de-fuego-y-lesiones-en-contexto-de-violencia-intrafamiliar.jpg\",\"datePublished\":\"2025-10-16T21:47:12+00:00\",\"dateModified\":\"2025-10-16T21:47:14+00:00\",\"breadcrumb\":{\"@id\":\"https:\\\/\\\/diarioellabrador.cl\\\/index.php\\\/2025\\\/10\\\/16\\\/hombre-recibe-sentencia-por-porte-de-arma-de-fuego-y-lesiones-en-contexto-de-violencia-intrafamiliar\\\/#breadcrumb\"},\"inLanguage\":\"es\",\"potentialAction\":[{\"@type\":\"ReadAction\",\"target\":[\"https:\\\/\\\/diarioellabrador.cl\\\/index.php\\\/2025\\\/10\\\/16\\\/hombre-recibe-sentencia-por-porte-de-arma-de-fuego-y-lesiones-en-contexto-de-violencia-intrafamiliar\\\/\"]}]},{\"@type\":\"ImageObject\",\"inLanguage\":\"es\",\"@id\":\"https:\\\/\\\/diarioellabrador.cl\\\/index.php\\\/2025\\\/10\\\/16\\\/hombre-recibe-sentencia-por-porte-de-arma-de-fuego-y-lesiones-en-contexto-de-violencia-intrafamiliar\\\/#primaryimage\",\"url\":\"https:\\\/\\\/diarioellabrador.cl\\\/wp-content\\\/uploads\\\/2025\\\/10\\\/Hombre-recibe-sentencia-por-porte-de-arma-de-fuego-y-lesiones-en-contexto-de-violencia-intrafamiliar.jpg\",\"contentUrl\":\"https:\\\/\\\/diarioellabrador.cl\\\/wp-content\\\/uploads\\\/2025\\\/10\\\/Hombre-recibe-sentencia-por-porte-de-arma-de-fuego-y-lesiones-en-contexto-de-violencia-intrafamiliar.jpg\",\"width\":800,\"height\":450},{\"@type\":\"BreadcrumbList\",\"@id\":\"https:\\\/\\\/diarioellabrador.cl\\\/index.php\\\/2025\\\/10\\\/16\\\/hombre-recibe-sentencia-por-porte-de-arma-de-fuego-y-lesiones-en-contexto-de-violencia-intrafamiliar\\\/#breadcrumb\",\"itemListElement\":[{\"@type\":\"ListItem\",\"position\":1,\"name\":\"Portada\",\"item\":\"https:\\\/\\\/diarioellabrador.cl\\\/\"},{\"@type\":\"ListItem\",\"position\":2,\"name\":\"Hombre recibe sentencia por porte de arma de fuego y lesiones en contexto de violencia intrafamiliar\"}]},{\"@type\":\"WebSite\",\"@id\":\"https:\\\/\\\/diarioellabrador.cl\\\/#website\",\"url\":\"https:\\\/\\\/diarioellabrador.cl\\\/\",\"name\":\"Diario El Labrador\",\"description\":\"Haciendo noticia desde 1921\",\"publisher\":{\"@id\":\"https:\\\/\\\/diarioellabrador.cl\\\/#organization\"},\"potentialAction\":[{\"@type\":\"SearchAction\",\"target\":{\"@type\":\"EntryPoint\",\"urlTemplate\":\"https:\\\/\\\/diarioellabrador.cl\\\/?s={search_term_string}\"},\"query-input\":{\"@type\":\"PropertyValueSpecification\",\"valueRequired\":true,\"valueName\":\"search_term_string\"}}],\"inLanguage\":\"es\"},{\"@type\":\"Organization\",\"@id\":\"https:\\\/\\\/diarioellabrador.cl\\\/#organization\",\"name\":\"Diario El Labrador\",\"url\":\"https:\\\/\\\/diarioellabrador.cl\\\/\",\"logo\":{\"@type\":\"ImageObject\",\"inLanguage\":\"es\",\"@id\":\"https:\\\/\\\/diarioellabrador.cl\\\/#\\\/schema\\\/logo\\\/image\\\/\",\"url\":\"https:\\\/\\\/diarioellabrador.cl\\\/wp-content\\\/uploads\\\/2025\\\/02\\\/cropped-Logo-Icono.png\",\"contentUrl\":\"https:\\\/\\\/diarioellabrador.cl\\\/wp-content\\\/uploads\\\/2025\\\/02\\\/cropped-Logo-Icono.png\",\"width\":512,\"height\":512,\"caption\":\"Diario El Labrador\"},\"image\":{\"@id\":\"https:\\\/\\\/diarioellabrador.cl\\\/#\\\/schema\\\/logo\\\/image\\\/\"},\"sameAs\":[\"https:\\\/\\\/web.facebook.com\\\/profile.php?id=61576120840621\",\"https:\\\/\\\/x.com\\\/ElLabradorOf\",\"https:\\\/\\\/www.instagram.com\\\/diarioellabradoroficial\\\/\"]},{\"@type\":\"Person\",\"@id\":\"https:\\\/\\\/diarioellabrador.cl\\\/#\\\/schema\\\/person\\\/bc25ff80b4563f9c7f4bd7855df01685\",\"name\":\"Editor\",\"image\":{\"@type\":\"ImageObject\",\"inLanguage\":\"es\",\"@id\":\"https:\\\/\\\/secure.gravatar.com\\\/avatar\\\/109c326cf2be5c04f048c2c2a2b8b6ef44bf3d8d1d3d4c55d0ac40c4bc994684?s=96&d=mm&r=g\",\"url\":\"https:\\\/\\\/secure.gravatar.com\\\/avatar\\\/109c326cf2be5c04f048c2c2a2b8b6ef44bf3d8d1d3d4c55d0ac40c4bc994684?s=96&d=mm&r=g\",\"contentUrl\":\"https:\\\/\\\/secure.gravatar.com\\\/avatar\\\/109c326cf2be5c04f048c2c2a2b8b6ef44bf3d8d1d3d4c55d0ac40c4bc994684?s=96&d=mm&r=g\",\"caption\":\"Editor\"},\"url\":\"https:\\\/\\\/diarioellabrador.cl\\\/index.php\\\/author\\\/editor\\\/\"}]}<\/script>\n<!-- \/ Yoast SEO plugin. -->","yoast_head_json":{"title":"Hombre recibe sentencia por porte de arma de fuego y lesiones en contexto de violencia intrafamiliar - Diario El Labrador","robots":{"index":"index","follow":"follow","max-snippet":"max-snippet:-1","max-image-preview":"max-image-preview:large","max-video-preview":"max-video-preview:-1"},"canonical":"https:\/\/diarioellabrador.cl\/index.php\/2025\/10\/16\/hombre-recibe-sentencia-por-porte-de-arma-de-fuego-y-lesiones-en-contexto-de-violencia-intrafamiliar\/","og_locale":"es_ES","og_type":"article","og_title":"Hombre recibe sentencia por porte de arma de fuego y lesiones en contexto de violencia intrafamiliar - Diario El Labrador","og_description":"En el Juzgado de Garant\u00eda de Talagante se realiz\u00f3 la audiencia de procedimiento abreviado donde la Fiscal\u00eda expuso que el d\u00eda 27 de abril de 2025, a las 14 horas aproximadamente, el imputado Brandon L.V. acompa\u00f1ado de otro sujeto, llegaron hasta el domicilio ubicado en Campo de Deporte en la comuna de Padre Hurtado, donde Leer m\u00e1s","og_url":"https:\/\/diarioellabrador.cl\/index.php\/2025\/10\/16\/hombre-recibe-sentencia-por-porte-de-arma-de-fuego-y-lesiones-en-contexto-de-violencia-intrafamiliar\/","og_site_name":"Diario El Labrador","article_publisher":"https:\/\/web.facebook.com\/profile.php?id=61576120840621","article_published_time":"2025-10-16T21:47:12+00:00","article_modified_time":"2025-10-16T21:47:14+00:00","og_image":[{"width":800,"height":450,"url":"https:\/\/diarioellabrador.cl\/wp-content\/uploads\/2025\/10\/Hombre-recibe-sentencia-por-porte-de-arma-de-fuego-y-lesiones-en-contexto-de-violencia-intrafamiliar.jpg","type":"image\/jpeg"}],"author":"Editor","twitter_card":"summary_large_image","twitter_creator":"@ElLabradorOf","twitter_site":"@ElLabradorOf","twitter_misc":{"Escrito por":"Editor","Tiempo de lectura":"2 minutos"},"schema":{"@context":"https:\/\/schema.org","@graph":[{"@type":"Article","@id":"https:\/\/diarioellabrador.cl\/index.php\/2025\/10\/16\/hombre-recibe-sentencia-por-porte-de-arma-de-fuego-y-lesiones-en-contexto-de-violencia-intrafamiliar\/#article","isPartOf":{"@id":"https:\/\/diarioellabrador.cl\/index.php\/2025\/10\/16\/hombre-recibe-sentencia-por-porte-de-arma-de-fuego-y-lesiones-en-contexto-de-violencia-intrafamiliar\/"},"author":{"name":"Editor","@id":"https:\/\/diarioellabrador.cl\/#\/schema\/person\/bc25ff80b4563f9c7f4bd7855df01685"},"headline":"Hombre recibe sentencia por porte de arma de fuego y lesiones en contexto de violencia intrafamiliar","datePublished":"2025-10-16T21:47:12+00:00","dateModified":"2025-10-16T21:47:14+00:00","mainEntityOfPage":{"@id":"https:\/\/diarioellabrador.cl\/index.php\/2025\/10\/16\/hombre-recibe-sentencia-por-porte-de-arma-de-fuego-y-lesiones-en-contexto-de-violencia-intrafamiliar\/"},"wordCount":289,"commentCount":0,"publisher":{"@id":"https:\/\/diarioellabrador.cl\/#organization"},"image":{"@id":"https:\/\/diarioellabrador.cl\/index.php\/2025\/10\/16\/hombre-recibe-sentencia-por-porte-de-arma-de-fuego-y-lesiones-en-contexto-de-violencia-intrafamiliar\/#primaryimage"},"thumbnailUrl":"https:\/\/diarioellabrador.cl\/wp-content\/uploads\/2025\/10\/Hombre-recibe-sentencia-por-porte-de-arma-de-fuego-y-lesiones-en-contexto-de-violencia-intrafamiliar.jpg","articleSection":["Policial"],"inLanguage":"es","potentialAction":[{"@type":"CommentAction","name":"Comment","target":["https:\/\/diarioellabrador.cl\/index.php\/2025\/10\/16\/hombre-recibe-sentencia-por-porte-de-arma-de-fuego-y-lesiones-en-contexto-de-violencia-intrafamiliar\/#respond"]}]},{"@type":"WebPage","@id":"https:\/\/diarioellabrador.cl\/index.php\/2025\/10\/16\/hombre-recibe-sentencia-por-porte-de-arma-de-fuego-y-lesiones-en-contexto-de-violencia-intrafamiliar\/","url":"https:\/\/diarioellabrador.cl\/index.php\/2025\/10\/16\/hombre-recibe-sentencia-por-porte-de-arma-de-fuego-y-lesiones-en-contexto-de-violencia-intrafamiliar\/","name":"Hombre recibe sentencia por porte de arma de fuego y lesiones en contexto de violencia intrafamiliar - Diario El Labrador","isPartOf":{"@id":"https:\/\/diarioellabrador.cl\/#website"},"primaryImageOfPage":{"@id":"https:\/\/diarioellabrador.cl\/index.php\/2025\/10\/16\/hombre-recibe-sentencia-por-porte-de-arma-de-fuego-y-lesiones-en-contexto-de-violencia-intrafamiliar\/#primaryimage"},"image":{"@id":"https:\/\/diarioellabrador.cl\/index.php\/2025\/10\/16\/hombre-recibe-sentencia-por-porte-de-arma-de-fuego-y-lesiones-en-contexto-de-violencia-intrafamiliar\/#primaryimage"},"thumbnailUrl":"https:\/\/diarioellabrador.cl\/wp-content\/uploads\/2025\/10\/Hombre-recibe-sentencia-por-porte-de-arma-de-fuego-y-lesiones-en-contexto-de-violencia-intrafamiliar.jpg","datePublished":"2025-10-16T21:47:12+00:00","dateModified":"2025-10-16T21:47:14+00:00","breadcrumb":{"@id":"https:\/\/diarioellabrador.cl\/index.php\/2025\/10\/16\/hombre-recibe-sentencia-por-porte-de-arma-de-fuego-y-lesiones-en-contexto-de-violencia-intrafamiliar\/#breadcrumb"},"inLanguage":"es","potentialAction":[{"@type":"ReadAction","target":["https:\/\/diarioellabrador.cl\/index.php\/2025\/10\/16\/hombre-recibe-sentencia-por-porte-de-arma-de-fuego-y-lesiones-en-contexto-de-violencia-intrafamiliar\/"]}]},{"@type":"ImageObject","inLanguage":"es","@id":"https:\/\/diarioellabrador.cl\/index.php\/2025\/10\/16\/hombre-recibe-sentencia-por-porte-de-arma-de-fuego-y-lesiones-en-contexto-de-violencia-intrafamiliar\/#primaryimage","url":"https:\/\/diarioellabrador.cl\/wp-content\/uploads\/2025\/10\/Hombre-recibe-sentencia-por-porte-de-arma-de-fuego-y-lesiones-en-contexto-de-violencia-intrafamiliar.jpg","contentUrl":"https:\/\/diarioellabrador.cl\/wp-content\/uploads\/2025\/10\/Hombre-recibe-sentencia-por-porte-de-arma-de-fuego-y-lesiones-en-contexto-de-violencia-intrafamiliar.jpg","width":800,"height":450},{"@type":"BreadcrumbList","@id":"https:\/\/diarioellabrador.cl\/index.php\/2025\/10\/16\/hombre-recibe-sentencia-por-porte-de-arma-de-fuego-y-lesiones-en-contexto-de-violencia-intrafamiliar\/#breadcrumb","itemListElement":[{"@type":"ListItem","position":1,"name":"Portada","item":"https:\/\/diarioellabrador.cl\/"},{"@type":"ListItem","position":2,"name":"Hombre recibe sentencia por porte de arma de fuego y lesiones en contexto de violencia intrafamiliar"}]},{"@type":"WebSite","@id":"https:\/\/diarioellabrador.cl\/#website","url":"https:\/\/diarioellabrador.cl\/","name":"Diario El Labrador","description":"Haciendo noticia desde 1921","publisher":{"@id":"https:\/\/diarioellabrador.cl\/#organization"},"potentialAction":[{"@type":"SearchAction","target":{"@type":"EntryPoint","urlTemplate":"https:\/\/diarioellabrador.cl\/?s={search_term_string}"},"query-input":{"@type":"PropertyValueSpecification","valueRequired":true,"valueName":"search_term_string"}}],"inLanguage":"es"},{"@type":"Organization","@id":"https:\/\/diarioellabrador.cl\/#organization","name":"Diario El Labrador","url":"https:\/\/diarioellabrador.cl\/","logo":{"@type":"ImageObject","inLanguage":"es","@id":"https:\/\/diarioellabrador.cl\/#\/schema\/logo\/image\/","url":"https:\/\/diarioellabrador.cl\/wp-content\/uploads\/2025\/02\/cropped-Logo-Icono.png","contentUrl":"https:\/\/diarioellabrador.cl\/wp-content\/uploads\/2025\/02\/cropped-Logo-Icono.png","width":512,"height":512,"caption":"Diario El Labrador"},"image":{"@id":"https:\/\/diarioellabrador.cl\/#\/schema\/logo\/image\/"},"sameAs":["https:\/\/web.facebook.com\/profile.php?id=61576120840621","https:\/\/x.com\/ElLabradorOf","https:\/\/www.instagram.com\/diarioellabradoroficial\/"]},{"@type":"Person","@id":"https:\/\/diarioellabrador.cl\/#\/schema\/person\/bc25ff80b4563f9c7f4bd7855df01685","name":"Editor","image":{"@type":"ImageObject","inLanguage":"es","@id":"https:\/\/secure.gravatar.com\/avatar\/109c326cf2be5c04f048c2c2a2b8b6ef44bf3d8d1d3d4c55d0ac40c4bc994684?s=96&d=mm&r=g","url":"https:\/\/secure.gravatar.com\/avatar\/109c326cf2be5c04f048c2c2a2b8b6ef44bf3d8d1d3d4c55d0ac40c4bc994684?s=96&d=mm&r=g","contentUrl":"https:\/\/secure.gravatar.com\/avatar\/109c326cf2be5c04f048c2c2a2b8b6ef44bf3d8d1d3d4c55d0ac40c4bc994684?s=96&d=mm&r=g","caption":"Editor"},"url":"https:\/\/diarioellabrador.cl\/index.php\/author\/editor\/"}]}},"_links":{"self":[{"href":"https:\/\/diarioellabrador.cl\/index.php\/wp-json\/wp\/v2\/posts\/9987","targetHints":{"allow":["GET"]}}],"collection":[{"href":"https:\/\/diarioellabrador.cl\/index.php\/wp-json\/wp\/v2\/posts"}],"about":[{"href":"https:\/\/diarioellabrador.cl\/index.php\/wp-json\/wp\/v2\/types\/post"}],"author":[{"embeddable":true,"href":"https:\/\/diarioellabrador.cl\/index.php\/wp-json\/wp\/v2\/users\/2"}],"replies":[{"embeddable":true,"href":"https:\/\/diarioellabrador.cl\/index.php\/wp-json\/wp\/v2\/comments?post=9987"}],"version-history":[{"count":1,"href":"https:\/\/diarioellabrador.cl\/index.php\/wp-json\/wp\/v2\/posts\/9987\/revisions"}],"predecessor-version":[{"id":9988,"href":"https:\/\/diarioellabrador.cl\/index.php\/wp-json\/wp\/v2\/posts\/9987\/revisions\/9988"}],"wp:featuredmedia":[{"embeddable":true,"href":"https:\/\/diarioellabrador.cl\/index.php\/wp-json\/wp\/v2\/media\/9926"}],"wp:attachment":[{"href":"https:\/\/diarioellabrador.cl\/index.php\/wp-json\/wp\/v2\/media?parent=9987"}],"wp:term":[{"taxonomy":"category","embeddable":true,"href":"https:\/\/diarioellabrador.cl\/index.php\/wp-json\/wp\/v2\/categories?post=9987"},{"taxonomy":"post_tag","embeddable":true,"href":"https:\/\/diarioellabrador.cl\/index.php\/wp-json\/wp\/v2\/tags?post=9987"}],"curies":[{"name":"wp","href":"https:\/\/api.w.org\/{rel}","templated":true}]}}