{"id":9985,"date":"2025-10-16T17:46:23","date_gmt":"2025-10-16T21:46:23","guid":{"rendered":"https:\/\/diarioellabrador.cl\/?p=9985"},"modified":"2025-10-16T17:46:25","modified_gmt":"2025-10-16T21:46:25","slug":"sorprenden-a-sujetos-cuando-robaban-3-000-pollitos-desde-una-granja-avicola","status":"publish","type":"post","link":"https:\/\/diarioellabrador.cl\/index.php\/2025\/10\/16\/sorprenden-a-sujetos-cuando-robaban-3-000-pollitos-desde-una-granja-avicola\/","title":{"rendered":"Sorprenden a sujetos cuando robaban 3.000 pollitos desde una granja av\u00edcola"},"content":{"rendered":"\n<p>El d\u00eda mi\u00e9rcoles 15 de octubre de 2025, alrededor de las 23.45 horas, el jefe de seguridad que presta servicios de vigilancia a la Agr\u00edcola Arizt\u00eda, mientras cumpl\u00eda sus funciones en la granja Baracaldo, ubicado en la comuna de Mar\u00eda Pinto, y al pasar por uno de los sectores procede a descender cercano a un canal existente en dicho sector, para acto seguido, escuchar piar a pollitos.<\/p>\n\n\n\n<p>Al intentar acercarse m\u00e1s hacia estos para confirmar sus sospechas, se encuentra de forma sorpresiva con un grupo indeterminado de sujetos, quienes, amparados por la oscuridad de la noche, proceden a huir a pie, de inmediato solicita la cooperaci\u00f3n, llamando a su vez a personal policial.<\/p>\n\n\n\n<p>Una vez que personal de Carabineros llega al lugar procedieron a recorrer la granja, logrando la detenci\u00f3n de un hombre identificado como A.S.A. quien se encontraba oculto al interior de una zanja. De forma paralela, constataron da\u00f1os, particularmente en las mallas laterales de los galpones.<\/p>\n\n\n\n<p>En cuanto al perjuicio efectuado por los antisociales, se sustrajo la cantidad de 3.000 pollitos y 25 bandejas; perjuicios que fueron avaluados en la suma de tres millones de pesos.<\/p>\n","protected":false},"excerpt":{"rendered":"<p>El d\u00eda mi\u00e9rcoles 15 de octubre de 2025, alrededor de las 23.45 horas, el jefe de seguridad que presta servicios de vigilancia a la Agr\u00edcola Arizt\u00eda, mientras cumpl\u00eda sus funciones en la granja Baracaldo, ubicado en la comuna de Mar\u00eda Pinto, y al pasar por uno de los sectores procede a descender cercano a un<\/p>\n<div class=\"read-more-wrapper\"><a class=\"read-more\" href=\"https:\/\/diarioellabrador.cl\/index.php\/2025\/10\/16\/sorprenden-a-sujetos-cuando-robaban-3-000-pollitos-desde-una-granja-avicola\/\" title=\"Leer m\u00e1s\"> <span class=\"button \">Leer m\u00e1s<\/span><\/a><\/div>\n","protected":false},"author":2,"featured_media":9929,"comment_status":"open","ping_status":"open","sticky":false,"template":"","format":"standard","meta":{"footnotes":""},"categories":[3],"tags":[],"class_list":["post-9985","post","type-post","status-publish","format-standard","has-post-thumbnail","hentry","category-policial"],"yoast_head":"<!-- This site is optimized with the Yoast SEO plugin v27.5 - https:\/\/yoast.com\/product\/yoast-seo-wordpress\/ -->\n<title>Sorprenden a sujetos cuando robaban 3.000 pollitos desde una granja av\u00edcola - Diario El Labrador<\/title>\n<meta name=\"robots\" content=\"index, follow, max-snippet:-1, max-image-preview:large, max-video-preview:-1\" \/>\n<link rel=\"canonical\" href=\"https:\/\/diarioellabrador.cl\/index.php\/2025\/10\/16\/sorprenden-a-sujetos-cuando-robaban-3-000-pollitos-desde-una-granja-avicola\/\" \/>\n<meta property=\"og:locale\" content=\"es_ES\" \/>\n<meta property=\"og:type\" content=\"article\" \/>\n<meta property=\"og:title\" content=\"Sorprenden a sujetos cuando robaban 3.000 pollitos desde una granja av\u00edcola - Diario El Labrador\" \/>\n<meta property=\"og:description\" content=\"El d\u00eda mi\u00e9rcoles 15 de octubre de 2025, alrededor de las 23.45 horas, el jefe de seguridad que presta servicios de vigilancia a la Agr\u00edcola Arizt\u00eda, mientras cumpl\u00eda sus funciones en la granja Baracaldo, ubicado en la comuna de Mar\u00eda Pinto, y al pasar por uno de los sectores procede a descender cercano a un Leer m\u00e1s\" \/>\n<meta property=\"og:url\" content=\"https:\/\/diarioellabrador.cl\/index.php\/2025\/10\/16\/sorprenden-a-sujetos-cuando-robaban-3-000-pollitos-desde-una-granja-avicola\/\" \/>\n<meta property=\"og:site_name\" content=\"Diario El Labrador\" \/>\n<meta property=\"article:publisher\" content=\"https:\/\/web.facebook.com\/profile.php?id=61576120840621\" \/>\n<meta property=\"article:published_time\" content=\"2025-10-16T21:46:23+00:00\" \/>\n<meta property=\"article:modified_time\" content=\"2025-10-16T21:46:25+00:00\" \/>\n<meta property=\"og:image\" content=\"https:\/\/diarioellabrador.cl\/wp-content\/uploads\/2025\/10\/Sorprenden-a-sujetos-cuando-robaban-3.000-pollitos-desde-una-granja-avicola.png\" \/>\n\t<meta property=\"og:image:width\" content=\"712\" \/>\n\t<meta property=\"og:image:height\" content=\"351\" \/>\n\t<meta property=\"og:image:type\" content=\"image\/png\" \/>\n<meta name=\"author\" content=\"Editor\" \/>\n<meta name=\"twitter:card\" content=\"summary_large_image\" \/>\n<meta name=\"twitter:creator\" content=\"@ElLabradorOf\" \/>\n<meta name=\"twitter:site\" content=\"@ElLabradorOf\" \/>\n<meta name=\"twitter:label1\" content=\"Escrito por\" \/>\n\t<meta name=\"twitter:data1\" content=\"Editor\" \/>\n\t<meta name=\"twitter:label2\" content=\"Tiempo de lectura\" \/>\n\t<meta name=\"twitter:data2\" content=\"2 minutos\" \/>\n<script type=\"application\/ld+json\" class=\"yoast-schema-graph\">{\"@context\":\"https:\\\/\\\/schema.org\",\"@graph\":[{\"@type\":\"Article\",\"@id\":\"https:\\\/\\\/diarioellabrador.cl\\\/index.php\\\/2025\\\/10\\\/16\\\/sorprenden-a-sujetos-cuando-robaban-3-000-pollitos-desde-una-granja-avicola\\\/#article\",\"isPartOf\":{\"@id\":\"https:\\\/\\\/diarioellabrador.cl\\\/index.php\\\/2025\\\/10\\\/16\\\/sorprenden-a-sujetos-cuando-robaban-3-000-pollitos-desde-una-granja-avicola\\\/\"},\"author\":{\"name\":\"Editor\",\"@id\":\"https:\\\/\\\/diarioellabrador.cl\\\/#\\\/schema\\\/person\\\/bc25ff80b4563f9c7f4bd7855df01685\"},\"headline\":\"Sorprenden a sujetos cuando robaban 3.000 pollitos desde una granja av\u00edcola\",\"datePublished\":\"2025-10-16T21:46:23+00:00\",\"dateModified\":\"2025-10-16T21:46:25+00:00\",\"mainEntityOfPage\":{\"@id\":\"https:\\\/\\\/diarioellabrador.cl\\\/index.php\\\/2025\\\/10\\\/16\\\/sorprenden-a-sujetos-cuando-robaban-3-000-pollitos-desde-una-granja-avicola\\\/\"},\"wordCount\":206,\"commentCount\":0,\"publisher\":{\"@id\":\"https:\\\/\\\/diarioellabrador.cl\\\/#organization\"},\"image\":{\"@id\":\"https:\\\/\\\/diarioellabrador.cl\\\/index.php\\\/2025\\\/10\\\/16\\\/sorprenden-a-sujetos-cuando-robaban-3-000-pollitos-desde-una-granja-avicola\\\/#primaryimage\"},\"thumbnailUrl\":\"https:\\\/\\\/diarioellabrador.cl\\\/wp-content\\\/uploads\\\/2025\\\/10\\\/Sorprenden-a-sujetos-cuando-robaban-3.000-pollitos-desde-una-granja-avicola.png\",\"articleSection\":[\"Policial\"],\"inLanguage\":\"es\",\"potentialAction\":[{\"@type\":\"CommentAction\",\"name\":\"Comment\",\"target\":[\"https:\\\/\\\/diarioellabrador.cl\\\/index.php\\\/2025\\\/10\\\/16\\\/sorprenden-a-sujetos-cuando-robaban-3-000-pollitos-desde-una-granja-avicola\\\/#respond\"]}]},{\"@type\":\"WebPage\",\"@id\":\"https:\\\/\\\/diarioellabrador.cl\\\/index.php\\\/2025\\\/10\\\/16\\\/sorprenden-a-sujetos-cuando-robaban-3-000-pollitos-desde-una-granja-avicola\\\/\",\"url\":\"https:\\\/\\\/diarioellabrador.cl\\\/index.php\\\/2025\\\/10\\\/16\\\/sorprenden-a-sujetos-cuando-robaban-3-000-pollitos-desde-una-granja-avicola\\\/\",\"name\":\"Sorprenden a sujetos cuando robaban 3.000 pollitos desde una granja av\u00edcola - Diario El Labrador\",\"isPartOf\":{\"@id\":\"https:\\\/\\\/diarioellabrador.cl\\\/#website\"},\"primaryImageOfPage\":{\"@id\":\"https:\\\/\\\/diarioellabrador.cl\\\/index.php\\\/2025\\\/10\\\/16\\\/sorprenden-a-sujetos-cuando-robaban-3-000-pollitos-desde-una-granja-avicola\\\/#primaryimage\"},\"image\":{\"@id\":\"https:\\\/\\\/diarioellabrador.cl\\\/index.php\\\/2025\\\/10\\\/16\\\/sorprenden-a-sujetos-cuando-robaban-3-000-pollitos-desde-una-granja-avicola\\\/#primaryimage\"},\"thumbnailUrl\":\"https:\\\/\\\/diarioellabrador.cl\\\/wp-content\\\/uploads\\\/2025\\\/10\\\/Sorprenden-a-sujetos-cuando-robaban-3.000-pollitos-desde-una-granja-avicola.png\",\"datePublished\":\"2025-10-16T21:46:23+00:00\",\"dateModified\":\"2025-10-16T21:46:25+00:00\",\"breadcrumb\":{\"@id\":\"https:\\\/\\\/diarioellabrador.cl\\\/index.php\\\/2025\\\/10\\\/16\\\/sorprenden-a-sujetos-cuando-robaban-3-000-pollitos-desde-una-granja-avicola\\\/#breadcrumb\"},\"inLanguage\":\"es\",\"potentialAction\":[{\"@type\":\"ReadAction\",\"target\":[\"https:\\\/\\\/diarioellabrador.cl\\\/index.php\\\/2025\\\/10\\\/16\\\/sorprenden-a-sujetos-cuando-robaban-3-000-pollitos-desde-una-granja-avicola\\\/\"]}]},{\"@type\":\"ImageObject\",\"inLanguage\":\"es\",\"@id\":\"https:\\\/\\\/diarioellabrador.cl\\\/index.php\\\/2025\\\/10\\\/16\\\/sorprenden-a-sujetos-cuando-robaban-3-000-pollitos-desde-una-granja-avicola\\\/#primaryimage\",\"url\":\"https:\\\/\\\/diarioellabrador.cl\\\/wp-content\\\/uploads\\\/2025\\\/10\\\/Sorprenden-a-sujetos-cuando-robaban-3.000-pollitos-desde-una-granja-avicola.png\",\"contentUrl\":\"https:\\\/\\\/diarioellabrador.cl\\\/wp-content\\\/uploads\\\/2025\\\/10\\\/Sorprenden-a-sujetos-cuando-robaban-3.000-pollitos-desde-una-granja-avicola.png\",\"width\":712,\"height\":351},{\"@type\":\"BreadcrumbList\",\"@id\":\"https:\\\/\\\/diarioellabrador.cl\\\/index.php\\\/2025\\\/10\\\/16\\\/sorprenden-a-sujetos-cuando-robaban-3-000-pollitos-desde-una-granja-avicola\\\/#breadcrumb\",\"itemListElement\":[{\"@type\":\"ListItem\",\"position\":1,\"name\":\"Portada\",\"item\":\"https:\\\/\\\/diarioellabrador.cl\\\/\"},{\"@type\":\"ListItem\",\"position\":2,\"name\":\"Sorprenden a sujetos cuando robaban 3.000 pollitos desde una granja av\u00edcola\"}]},{\"@type\":\"WebSite\",\"@id\":\"https:\\\/\\\/diarioellabrador.cl\\\/#website\",\"url\":\"https:\\\/\\\/diarioellabrador.cl\\\/\",\"name\":\"Diario El Labrador\",\"description\":\"Haciendo noticia desde 1921\",\"publisher\":{\"@id\":\"https:\\\/\\\/diarioellabrador.cl\\\/#organization\"},\"potentialAction\":[{\"@type\":\"SearchAction\",\"target\":{\"@type\":\"EntryPoint\",\"urlTemplate\":\"https:\\\/\\\/diarioellabrador.cl\\\/?s={search_term_string}\"},\"query-input\":{\"@type\":\"PropertyValueSpecification\",\"valueRequired\":true,\"valueName\":\"search_term_string\"}}],\"inLanguage\":\"es\"},{\"@type\":\"Organization\",\"@id\":\"https:\\\/\\\/diarioellabrador.cl\\\/#organization\",\"name\":\"Diario El Labrador\",\"url\":\"https:\\\/\\\/diarioellabrador.cl\\\/\",\"logo\":{\"@type\":\"ImageObject\",\"inLanguage\":\"es\",\"@id\":\"https:\\\/\\\/diarioellabrador.cl\\\/#\\\/schema\\\/logo\\\/image\\\/\",\"url\":\"https:\\\/\\\/diarioellabrador.cl\\\/wp-content\\\/uploads\\\/2025\\\/02\\\/cropped-Logo-Icono.png\",\"contentUrl\":\"https:\\\/\\\/diarioellabrador.cl\\\/wp-content\\\/uploads\\\/2025\\\/02\\\/cropped-Logo-Icono.png\",\"width\":512,\"height\":512,\"caption\":\"Diario El Labrador\"},\"image\":{\"@id\":\"https:\\\/\\\/diarioellabrador.cl\\\/#\\\/schema\\\/logo\\\/image\\\/\"},\"sameAs\":[\"https:\\\/\\\/web.facebook.com\\\/profile.php?id=61576120840621\",\"https:\\\/\\\/x.com\\\/ElLabradorOf\",\"https:\\\/\\\/www.instagram.com\\\/diarioellabradoroficial\\\/\"]},{\"@type\":\"Person\",\"@id\":\"https:\\\/\\\/diarioellabrador.cl\\\/#\\\/schema\\\/person\\\/bc25ff80b4563f9c7f4bd7855df01685\",\"name\":\"Editor\",\"image\":{\"@type\":\"ImageObject\",\"inLanguage\":\"es\",\"@id\":\"https:\\\/\\\/secure.gravatar.com\\\/avatar\\\/109c326cf2be5c04f048c2c2a2b8b6ef44bf3d8d1d3d4c55d0ac40c4bc994684?s=96&d=mm&r=g\",\"url\":\"https:\\\/\\\/secure.gravatar.com\\\/avatar\\\/109c326cf2be5c04f048c2c2a2b8b6ef44bf3d8d1d3d4c55d0ac40c4bc994684?s=96&d=mm&r=g\",\"contentUrl\":\"https:\\\/\\\/secure.gravatar.com\\\/avatar\\\/109c326cf2be5c04f048c2c2a2b8b6ef44bf3d8d1d3d4c55d0ac40c4bc994684?s=96&d=mm&r=g\",\"caption\":\"Editor\"},\"url\":\"https:\\\/\\\/diarioellabrador.cl\\\/index.php\\\/author\\\/editor\\\/\"}]}<\/script>\n<!-- \/ Yoast SEO plugin. -->","yoast_head_json":{"title":"Sorprenden a sujetos cuando robaban 3.000 pollitos desde una granja av\u00edcola - Diario El Labrador","robots":{"index":"index","follow":"follow","max-snippet":"max-snippet:-1","max-image-preview":"max-image-preview:large","max-video-preview":"max-video-preview:-1"},"canonical":"https:\/\/diarioellabrador.cl\/index.php\/2025\/10\/16\/sorprenden-a-sujetos-cuando-robaban-3-000-pollitos-desde-una-granja-avicola\/","og_locale":"es_ES","og_type":"article","og_title":"Sorprenden a sujetos cuando robaban 3.000 pollitos desde una granja av\u00edcola - Diario El Labrador","og_description":"El d\u00eda mi\u00e9rcoles 15 de octubre de 2025, alrededor de las 23.45 horas, el jefe de seguridad que presta servicios de vigilancia a la Agr\u00edcola Arizt\u00eda, mientras cumpl\u00eda sus funciones en la granja Baracaldo, ubicado en la comuna de Mar\u00eda Pinto, y al pasar por uno de los sectores procede a descender cercano a un Leer m\u00e1s","og_url":"https:\/\/diarioellabrador.cl\/index.php\/2025\/10\/16\/sorprenden-a-sujetos-cuando-robaban-3-000-pollitos-desde-una-granja-avicola\/","og_site_name":"Diario El Labrador","article_publisher":"https:\/\/web.facebook.com\/profile.php?id=61576120840621","article_published_time":"2025-10-16T21:46:23+00:00","article_modified_time":"2025-10-16T21:46:25+00:00","og_image":[{"width":712,"height":351,"url":"https:\/\/diarioellabrador.cl\/wp-content\/uploads\/2025\/10\/Sorprenden-a-sujetos-cuando-robaban-3.000-pollitos-desde-una-granja-avicola.png","type":"image\/png"}],"author":"Editor","twitter_card":"summary_large_image","twitter_creator":"@ElLabradorOf","twitter_site":"@ElLabradorOf","twitter_misc":{"Escrito por":"Editor","Tiempo de lectura":"2 minutos"},"schema":{"@context":"https:\/\/schema.org","@graph":[{"@type":"Article","@id":"https:\/\/diarioellabrador.cl\/index.php\/2025\/10\/16\/sorprenden-a-sujetos-cuando-robaban-3-000-pollitos-desde-una-granja-avicola\/#article","isPartOf":{"@id":"https:\/\/diarioellabrador.cl\/index.php\/2025\/10\/16\/sorprenden-a-sujetos-cuando-robaban-3-000-pollitos-desde-una-granja-avicola\/"},"author":{"name":"Editor","@id":"https:\/\/diarioellabrador.cl\/#\/schema\/person\/bc25ff80b4563f9c7f4bd7855df01685"},"headline":"Sorprenden a sujetos cuando robaban 3.000 pollitos desde una granja av\u00edcola","datePublished":"2025-10-16T21:46:23+00:00","dateModified":"2025-10-16T21:46:25+00:00","mainEntityOfPage":{"@id":"https:\/\/diarioellabrador.cl\/index.php\/2025\/10\/16\/sorprenden-a-sujetos-cuando-robaban-3-000-pollitos-desde-una-granja-avicola\/"},"wordCount":206,"commentCount":0,"publisher":{"@id":"https:\/\/diarioellabrador.cl\/#organization"},"image":{"@id":"https:\/\/diarioellabrador.cl\/index.php\/2025\/10\/16\/sorprenden-a-sujetos-cuando-robaban-3-000-pollitos-desde-una-granja-avicola\/#primaryimage"},"thumbnailUrl":"https:\/\/diarioellabrador.cl\/wp-content\/uploads\/2025\/10\/Sorprenden-a-sujetos-cuando-robaban-3.000-pollitos-desde-una-granja-avicola.png","articleSection":["Policial"],"inLanguage":"es","potentialAction":[{"@type":"CommentAction","name":"Comment","target":["https:\/\/diarioellabrador.cl\/index.php\/2025\/10\/16\/sorprenden-a-sujetos-cuando-robaban-3-000-pollitos-desde-una-granja-avicola\/#respond"]}]},{"@type":"WebPage","@id":"https:\/\/diarioellabrador.cl\/index.php\/2025\/10\/16\/sorprenden-a-sujetos-cuando-robaban-3-000-pollitos-desde-una-granja-avicola\/","url":"https:\/\/diarioellabrador.cl\/index.php\/2025\/10\/16\/sorprenden-a-sujetos-cuando-robaban-3-000-pollitos-desde-una-granja-avicola\/","name":"Sorprenden a sujetos cuando robaban 3.000 pollitos desde una granja av\u00edcola - Diario El Labrador","isPartOf":{"@id":"https:\/\/diarioellabrador.cl\/#website"},"primaryImageOfPage":{"@id":"https:\/\/diarioellabrador.cl\/index.php\/2025\/10\/16\/sorprenden-a-sujetos-cuando-robaban-3-000-pollitos-desde-una-granja-avicola\/#primaryimage"},"image":{"@id":"https:\/\/diarioellabrador.cl\/index.php\/2025\/10\/16\/sorprenden-a-sujetos-cuando-robaban-3-000-pollitos-desde-una-granja-avicola\/#primaryimage"},"thumbnailUrl":"https:\/\/diarioellabrador.cl\/wp-content\/uploads\/2025\/10\/Sorprenden-a-sujetos-cuando-robaban-3.000-pollitos-desde-una-granja-avicola.png","datePublished":"2025-10-16T21:46:23+00:00","dateModified":"2025-10-16T21:46:25+00:00","breadcrumb":{"@id":"https:\/\/diarioellabrador.cl\/index.php\/2025\/10\/16\/sorprenden-a-sujetos-cuando-robaban-3-000-pollitos-desde-una-granja-avicola\/#breadcrumb"},"inLanguage":"es","potentialAction":[{"@type":"ReadAction","target":["https:\/\/diarioellabrador.cl\/index.php\/2025\/10\/16\/sorprenden-a-sujetos-cuando-robaban-3-000-pollitos-desde-una-granja-avicola\/"]}]},{"@type":"ImageObject","inLanguage":"es","@id":"https:\/\/diarioellabrador.cl\/index.php\/2025\/10\/16\/sorprenden-a-sujetos-cuando-robaban-3-000-pollitos-desde-una-granja-avicola\/#primaryimage","url":"https:\/\/diarioellabrador.cl\/wp-content\/uploads\/2025\/10\/Sorprenden-a-sujetos-cuando-robaban-3.000-pollitos-desde-una-granja-avicola.png","contentUrl":"https:\/\/diarioellabrador.cl\/wp-content\/uploads\/2025\/10\/Sorprenden-a-sujetos-cuando-robaban-3.000-pollitos-desde-una-granja-avicola.png","width":712,"height":351},{"@type":"BreadcrumbList","@id":"https:\/\/diarioellabrador.cl\/index.php\/2025\/10\/16\/sorprenden-a-sujetos-cuando-robaban-3-000-pollitos-desde-una-granja-avicola\/#breadcrumb","itemListElement":[{"@type":"ListItem","position":1,"name":"Portada","item":"https:\/\/diarioellabrador.cl\/"},{"@type":"ListItem","position":2,"name":"Sorprenden a sujetos cuando robaban 3.000 pollitos desde una granja av\u00edcola"}]},{"@type":"WebSite","@id":"https:\/\/diarioellabrador.cl\/#website","url":"https:\/\/diarioellabrador.cl\/","name":"Diario El Labrador","description":"Haciendo noticia desde 1921","publisher":{"@id":"https:\/\/diarioellabrador.cl\/#organization"},"potentialAction":[{"@type":"SearchAction","target":{"@type":"EntryPoint","urlTemplate":"https:\/\/diarioellabrador.cl\/?s={search_term_string}"},"query-input":{"@type":"PropertyValueSpecification","valueRequired":true,"valueName":"search_term_string"}}],"inLanguage":"es"},{"@type":"Organization","@id":"https:\/\/diarioellabrador.cl\/#organization","name":"Diario El Labrador","url":"https:\/\/diarioellabrador.cl\/","logo":{"@type":"ImageObject","inLanguage":"es","@id":"https:\/\/diarioellabrador.cl\/#\/schema\/logo\/image\/","url":"https:\/\/diarioellabrador.cl\/wp-content\/uploads\/2025\/02\/cropped-Logo-Icono.png","contentUrl":"https:\/\/diarioellabrador.cl\/wp-content\/uploads\/2025\/02\/cropped-Logo-Icono.png","width":512,"height":512,"caption":"Diario El Labrador"},"image":{"@id":"https:\/\/diarioellabrador.cl\/#\/schema\/logo\/image\/"},"sameAs":["https:\/\/web.facebook.com\/profile.php?id=61576120840621","https:\/\/x.com\/ElLabradorOf","https:\/\/www.instagram.com\/diarioellabradoroficial\/"]},{"@type":"Person","@id":"https:\/\/diarioellabrador.cl\/#\/schema\/person\/bc25ff80b4563f9c7f4bd7855df01685","name":"Editor","image":{"@type":"ImageObject","inLanguage":"es","@id":"https:\/\/secure.gravatar.com\/avatar\/109c326cf2be5c04f048c2c2a2b8b6ef44bf3d8d1d3d4c55d0ac40c4bc994684?s=96&d=mm&r=g","url":"https:\/\/secure.gravatar.com\/avatar\/109c326cf2be5c04f048c2c2a2b8b6ef44bf3d8d1d3d4c55d0ac40c4bc994684?s=96&d=mm&r=g","contentUrl":"https:\/\/secure.gravatar.com\/avatar\/109c326cf2be5c04f048c2c2a2b8b6ef44bf3d8d1d3d4c55d0ac40c4bc994684?s=96&d=mm&r=g","caption":"Editor"},"url":"https:\/\/diarioellabrador.cl\/index.php\/author\/editor\/"}]}},"_links":{"self":[{"href":"https:\/\/diarioellabrador.cl\/index.php\/wp-json\/wp\/v2\/posts\/9985","targetHints":{"allow":["GET"]}}],"collection":[{"href":"https:\/\/diarioellabrador.cl\/index.php\/wp-json\/wp\/v2\/posts"}],"about":[{"href":"https:\/\/diarioellabrador.cl\/index.php\/wp-json\/wp\/v2\/types\/post"}],"author":[{"embeddable":true,"href":"https:\/\/diarioellabrador.cl\/index.php\/wp-json\/wp\/v2\/users\/2"}],"replies":[{"embeddable":true,"href":"https:\/\/diarioellabrador.cl\/index.php\/wp-json\/wp\/v2\/comments?post=9985"}],"version-history":[{"count":1,"href":"https:\/\/diarioellabrador.cl\/index.php\/wp-json\/wp\/v2\/posts\/9985\/revisions"}],"predecessor-version":[{"id":9986,"href":"https:\/\/diarioellabrador.cl\/index.php\/wp-json\/wp\/v2\/posts\/9985\/revisions\/9986"}],"wp:featuredmedia":[{"embeddable":true,"href":"https:\/\/diarioellabrador.cl\/index.php\/wp-json\/wp\/v2\/media\/9929"}],"wp:attachment":[{"href":"https:\/\/diarioellabrador.cl\/index.php\/wp-json\/wp\/v2\/media?parent=9985"}],"wp:term":[{"taxonomy":"category","embeddable":true,"href":"https:\/\/diarioellabrador.cl\/index.php\/wp-json\/wp\/v2\/categories?post=9985"},{"taxonomy":"post_tag","embeddable":true,"href":"https:\/\/diarioellabrador.cl\/index.php\/wp-json\/wp\/v2\/tags?post=9985"}],"curies":[{"name":"wp","href":"https:\/\/api.w.org\/{rel}","templated":true}]}}