{"id":9977,"date":"2025-10-16T17:39:53","date_gmt":"2025-10-16T21:39:53","guid":{"rendered":"https:\/\/diarioellabrador.cl\/?p=9977"},"modified":"2025-10-16T17:39:54","modified_gmt":"2025-10-16T21:39:54","slug":"expo-mundo-rural-2025-cuando-es-el-imperdible-evento-gratuito-con-degustaciones-de-productos-y-actividades-para-toda-la-familia","status":"publish","type":"post","link":"https:\/\/diarioellabrador.cl\/index.php\/2025\/10\/16\/expo-mundo-rural-2025-cuando-es-el-imperdible-evento-gratuito-con-degustaciones-de-productos-y-actividades-para-toda-la-familia\/","title":{"rendered":"Expo Mundo Rural 2025: Cu\u00e1ndo es el imperdible evento gratuito con degustaciones de productos y actividades para\u00a0toda\u00a0la\u00a0familia"},"content":{"rendered":"\n<p><strong><em>M\u00e1s de 130 expositores, provenientes desde el altiplano hasta la Patagonia ofrecer\u00e1n sus productos en el Parque Estadio Nacional.<\/em><\/strong><\/p>\n\n\n\n<p>\u00bfCon ganas de conocer m\u00e1s de Chile, sus tradiciones y sabores? Entre el 23 y el 26 de octubre, m\u00e1s de 130 expositores, provenientes desde el altiplano hasta la Patagonia, que ofrecer\u00e1n sus productos en el Parque Estadio Nacional en la <a href=\"https:\/\/ticketplus.cl\/events\/25-expo-mundo-rural-indap\">Expo Mundo Rural 2025<\/a>.<\/p>\n\n\n\n<p>Este evento, con el lema \u201c<strong>La fiesta del campo en la ciudad<\/strong>\u201d, se realizar\u00e1 por primera vez en el Parque Estadio Nacional de Santiago. Por otro lado, debemos destacar que contar\u00e1 con sabores \u00fanicos, en torno a actividades gastron\u00f3micas, culturales y art\u00edsticas. Esto en un espacio pensado para que las familias lo conviertan en su panorama de fin de semana.<\/p>\n\n\n\n<p>Debemos se\u00f1alar que entre las exposiciones podr\u00e1s dibujar de productos como salsas, quesos, l\u00e1cteos, mermeladas, condimentos, cereales, mieles e, incluso, cosm\u00e9ticos. Adem\u00e1s de admirar los trabajos de artesanos que este a\u00f1o estar\u00e1n agrupados en un pabell\u00f3n especial para resaltar lo que <strong>hacen con textiles, madera, greda, fibras vegetales, cuero y orfebrer\u00eda.<\/strong><\/p>\n\n\n\n<p>La oferta de posibilidades para degustar tambi\u00e9n cuenta licores, cervezas, vino, sidra, chicha y pisco. Los cuales son elaborados de forma \u00fanica en nuestro pa\u00eds, recogiendo antiguas recetas o innovando con nuevas t\u00e9cnicas.<\/p>\n\n\n\n<h2 class=\"wp-block-heading\">\u00bfCu\u00e1les ser\u00e1n los productos especiales y ganadores de premios?<\/h2>\n\n\n\n<p>Quienes lleguen hasta el Parque Estadio Nacional podr\u00e1n degustar <strong>desde charqui de llama y alpaca de Visviri y or\u00e9gano de Putre hasta hongos morcella deshidratados de Ays\u00e9n<\/strong>. Ademas de mermeladas de calafate y ruibarbo de Magallanes.<\/p>\n\n\n\n<p>Por otro lado, tambi\u00e9n habr\u00e1 licores y conservas de nueces verdes de Nancagua, vinagres de maqui y de manzana de Puerto Saavedra, kimchi y kombucha de Panguipulli o snacks de papas nativas de Ancud.<\/p>\n\n\n\n<p>Entre los expositores destacados estar\u00e1n Fundo El Mirador, de Alto del Carmen, que obtuvo con su Do\u00f1a Isabella 45\u00b0 la medalla Gran Oro y el premio al Mejor Pisco de Peque\u00f1o Productor en el \u00faltimo concurso Catad\u2019Or Spirits Awards.<\/p>\n\n\n\n<p>Tambi\u00e9n estar\u00e1 Caprinos Villaseca, de Ovalle, que gan\u00f3 la Copa Am\u00e9rica del Queso 2024 con el queso azul de cabra Anqas, o la Vi\u00f1a Perucich, de Villa Alegre. El cual recibi\u00f3 el trofeo al Mejor Vino Ancestral 2024 en el Catad\u2019Or Wine Awards por su Reserva Cabernet Sauvignon 2017.<\/p>\n\n\n\n<p>La entrada a la 25\u00b0 versi\u00f3n de la Expo Mundo Rural es liberada. Las personas pueden descargarla directamente en Ticketplus.cl. La popular feria del mundo rural, abrir\u00e1 sus puertas de 13 a 20 horas el jueves 23, y de 10 a 20 horas viernes, s\u00e1bado y domingo.<\/p>\n","protected":false},"excerpt":{"rendered":"<p>M\u00e1s de 130 expositores, provenientes desde el altiplano hasta la Patagonia ofrecer\u00e1n sus productos en el Parque Estadio Nacional. \u00bfCon ganas de conocer m\u00e1s de Chile, sus tradiciones y sabores? Entre el 23 y el 26 de octubre, m\u00e1s de 130 expositores, provenientes desde el altiplano hasta la Patagonia, que ofrecer\u00e1n sus productos en el<\/p>\n<div class=\"read-more-wrapper\"><a class=\"read-more\" href=\"https:\/\/diarioellabrador.cl\/index.php\/2025\/10\/16\/expo-mundo-rural-2025-cuando-es-el-imperdible-evento-gratuito-con-degustaciones-de-productos-y-actividades-para-toda-la-familia\/\" title=\"Leer m\u00e1s\"> <span class=\"button \">Leer m\u00e1s<\/span><\/a><\/div>\n","protected":false},"author":2,"featured_media":9936,"comment_status":"open","ping_status":"open","sticky":false,"template":"","format":"standard","meta":{"footnotes":""},"categories":[1],"tags":[],"class_list":["post-9977","post","type-post","status-publish","format-standard","has-post-thumbnail","hentry","category-cronica"],"yoast_head":"<!-- This site is optimized with the Yoast SEO plugin v27.5 - https:\/\/yoast.com\/product\/yoast-seo-wordpress\/ -->\n<title>Expo Mundo Rural 2025: Cu\u00e1ndo es el imperdible evento gratuito con degustaciones de productos y actividades para\u00a0toda\u00a0la\u00a0familia - Diario El Labrador<\/title>\n<meta name=\"robots\" content=\"index, follow, max-snippet:-1, max-image-preview:large, max-video-preview:-1\" \/>\n<link rel=\"canonical\" href=\"https:\/\/diarioellabrador.cl\/index.php\/2025\/10\/16\/expo-mundo-rural-2025-cuando-es-el-imperdible-evento-gratuito-con-degustaciones-de-productos-y-actividades-para-toda-la-familia\/\" \/>\n<meta property=\"og:locale\" content=\"es_ES\" \/>\n<meta property=\"og:type\" content=\"article\" \/>\n<meta property=\"og:title\" content=\"Expo Mundo Rural 2025: Cu\u00e1ndo es el imperdible evento gratuito con degustaciones de productos y actividades para\u00a0toda\u00a0la\u00a0familia - Diario El Labrador\" \/>\n<meta property=\"og:description\" content=\"M\u00e1s de 130 expositores, provenientes desde el altiplano hasta la Patagonia ofrecer\u00e1n sus productos en el Parque Estadio Nacional. \u00bfCon ganas de conocer m\u00e1s de Chile, sus tradiciones y sabores? Entre el 23 y el 26 de octubre, m\u00e1s de 130 expositores, provenientes desde el altiplano hasta la Patagonia, que ofrecer\u00e1n sus productos en el Leer m\u00e1s\" \/>\n<meta property=\"og:url\" content=\"https:\/\/diarioellabrador.cl\/index.php\/2025\/10\/16\/expo-mundo-rural-2025-cuando-es-el-imperdible-evento-gratuito-con-degustaciones-de-productos-y-actividades-para-toda-la-familia\/\" \/>\n<meta property=\"og:site_name\" content=\"Diario El Labrador\" \/>\n<meta property=\"article:publisher\" content=\"https:\/\/web.facebook.com\/profile.php?id=61576120840621\" \/>\n<meta property=\"article:published_time\" content=\"2025-10-16T21:39:53+00:00\" \/>\n<meta property=\"article:modified_time\" content=\"2025-10-16T21:39:54+00:00\" \/>\n<meta property=\"og:image\" content=\"https:\/\/diarioellabrador.cl\/wp-content\/uploads\/2025\/10\/Expo-Mundo-Rural-2025-Cuando-es-el-imperdible-evento-gratuito-con-degustaciones-de-productos-y-actividades-para-toda-la-familia.jpg\" \/>\n\t<meta property=\"og:image:width\" content=\"760\" \/>\n\t<meta property=\"og:image:height\" content=\"570\" \/>\n\t<meta property=\"og:image:type\" content=\"image\/jpeg\" \/>\n<meta name=\"author\" content=\"Editor\" \/>\n<meta name=\"twitter:card\" content=\"summary_large_image\" \/>\n<meta name=\"twitter:creator\" content=\"@ElLabradorOf\" \/>\n<meta name=\"twitter:site\" content=\"@ElLabradorOf\" \/>\n<meta name=\"twitter:label1\" content=\"Escrito por\" \/>\n\t<meta name=\"twitter:data1\" content=\"Editor\" \/>\n\t<meta name=\"twitter:label2\" content=\"Tiempo de lectura\" \/>\n\t<meta name=\"twitter:data2\" content=\"2 minutos\" \/>\n<script type=\"application\/ld+json\" class=\"yoast-schema-graph\">{\"@context\":\"https:\\\/\\\/schema.org\",\"@graph\":[{\"@type\":\"Article\",\"@id\":\"https:\\\/\\\/diarioellabrador.cl\\\/index.php\\\/2025\\\/10\\\/16\\\/expo-mundo-rural-2025-cuando-es-el-imperdible-evento-gratuito-con-degustaciones-de-productos-y-actividades-para-toda-la-familia\\\/#article\",\"isPartOf\":{\"@id\":\"https:\\\/\\\/diarioellabrador.cl\\\/index.php\\\/2025\\\/10\\\/16\\\/expo-mundo-rural-2025-cuando-es-el-imperdible-evento-gratuito-con-degustaciones-de-productos-y-actividades-para-toda-la-familia\\\/\"},\"author\":{\"name\":\"Editor\",\"@id\":\"https:\\\/\\\/diarioellabrador.cl\\\/#\\\/schema\\\/person\\\/bc25ff80b4563f9c7f4bd7855df01685\"},\"headline\":\"Expo Mundo Rural 2025: Cu\u00e1ndo es el imperdible evento gratuito con degustaciones de productos y actividades para\u00a0toda\u00a0la\u00a0familia\",\"datePublished\":\"2025-10-16T21:39:53+00:00\",\"dateModified\":\"2025-10-16T21:39:54+00:00\",\"mainEntityOfPage\":{\"@id\":\"https:\\\/\\\/diarioellabrador.cl\\\/index.php\\\/2025\\\/10\\\/16\\\/expo-mundo-rural-2025-cuando-es-el-imperdible-evento-gratuito-con-degustaciones-de-productos-y-actividades-para-toda-la-familia\\\/\"},\"wordCount\":463,\"commentCount\":0,\"publisher\":{\"@id\":\"https:\\\/\\\/diarioellabrador.cl\\\/#organization\"},\"image\":{\"@id\":\"https:\\\/\\\/diarioellabrador.cl\\\/index.php\\\/2025\\\/10\\\/16\\\/expo-mundo-rural-2025-cuando-es-el-imperdible-evento-gratuito-con-degustaciones-de-productos-y-actividades-para-toda-la-familia\\\/#primaryimage\"},\"thumbnailUrl\":\"https:\\\/\\\/diarioellabrador.cl\\\/wp-content\\\/uploads\\\/2025\\\/10\\\/Expo-Mundo-Rural-2025-Cuando-es-el-imperdible-evento-gratuito-con-degustaciones-de-productos-y-actividades-para-toda-la-familia.jpg\",\"articleSection\":[\"Cr\u00f3nica\"],\"inLanguage\":\"es\",\"potentialAction\":[{\"@type\":\"CommentAction\",\"name\":\"Comment\",\"target\":[\"https:\\\/\\\/diarioellabrador.cl\\\/index.php\\\/2025\\\/10\\\/16\\\/expo-mundo-rural-2025-cuando-es-el-imperdible-evento-gratuito-con-degustaciones-de-productos-y-actividades-para-toda-la-familia\\\/#respond\"]}]},{\"@type\":\"WebPage\",\"@id\":\"https:\\\/\\\/diarioellabrador.cl\\\/index.php\\\/2025\\\/10\\\/16\\\/expo-mundo-rural-2025-cuando-es-el-imperdible-evento-gratuito-con-degustaciones-de-productos-y-actividades-para-toda-la-familia\\\/\",\"url\":\"https:\\\/\\\/diarioellabrador.cl\\\/index.php\\\/2025\\\/10\\\/16\\\/expo-mundo-rural-2025-cuando-es-el-imperdible-evento-gratuito-con-degustaciones-de-productos-y-actividades-para-toda-la-familia\\\/\",\"name\":\"Expo Mundo Rural 2025: Cu\u00e1ndo es el imperdible evento gratuito con degustaciones de productos y actividades para\u00a0toda\u00a0la\u00a0familia - Diario El Labrador\",\"isPartOf\":{\"@id\":\"https:\\\/\\\/diarioellabrador.cl\\\/#website\"},\"primaryImageOfPage\":{\"@id\":\"https:\\\/\\\/diarioellabrador.cl\\\/index.php\\\/2025\\\/10\\\/16\\\/expo-mundo-rural-2025-cuando-es-el-imperdible-evento-gratuito-con-degustaciones-de-productos-y-actividades-para-toda-la-familia\\\/#primaryimage\"},\"image\":{\"@id\":\"https:\\\/\\\/diarioellabrador.cl\\\/index.php\\\/2025\\\/10\\\/16\\\/expo-mundo-rural-2025-cuando-es-el-imperdible-evento-gratuito-con-degustaciones-de-productos-y-actividades-para-toda-la-familia\\\/#primaryimage\"},\"thumbnailUrl\":\"https:\\\/\\\/diarioellabrador.cl\\\/wp-content\\\/uploads\\\/2025\\\/10\\\/Expo-Mundo-Rural-2025-Cuando-es-el-imperdible-evento-gratuito-con-degustaciones-de-productos-y-actividades-para-toda-la-familia.jpg\",\"datePublished\":\"2025-10-16T21:39:53+00:00\",\"dateModified\":\"2025-10-16T21:39:54+00:00\",\"breadcrumb\":{\"@id\":\"https:\\\/\\\/diarioellabrador.cl\\\/index.php\\\/2025\\\/10\\\/16\\\/expo-mundo-rural-2025-cuando-es-el-imperdible-evento-gratuito-con-degustaciones-de-productos-y-actividades-para-toda-la-familia\\\/#breadcrumb\"},\"inLanguage\":\"es\",\"potentialAction\":[{\"@type\":\"ReadAction\",\"target\":[\"https:\\\/\\\/diarioellabrador.cl\\\/index.php\\\/2025\\\/10\\\/16\\\/expo-mundo-rural-2025-cuando-es-el-imperdible-evento-gratuito-con-degustaciones-de-productos-y-actividades-para-toda-la-familia\\\/\"]}]},{\"@type\":\"ImageObject\",\"inLanguage\":\"es\",\"@id\":\"https:\\\/\\\/diarioellabrador.cl\\\/index.php\\\/2025\\\/10\\\/16\\\/expo-mundo-rural-2025-cuando-es-el-imperdible-evento-gratuito-con-degustaciones-de-productos-y-actividades-para-toda-la-familia\\\/#primaryimage\",\"url\":\"https:\\\/\\\/diarioellabrador.cl\\\/wp-content\\\/uploads\\\/2025\\\/10\\\/Expo-Mundo-Rural-2025-Cuando-es-el-imperdible-evento-gratuito-con-degustaciones-de-productos-y-actividades-para-toda-la-familia.jpg\",\"contentUrl\":\"https:\\\/\\\/diarioellabrador.cl\\\/wp-content\\\/uploads\\\/2025\\\/10\\\/Expo-Mundo-Rural-2025-Cuando-es-el-imperdible-evento-gratuito-con-degustaciones-de-productos-y-actividades-para-toda-la-familia.jpg\",\"width\":760,\"height\":570},{\"@type\":\"BreadcrumbList\",\"@id\":\"https:\\\/\\\/diarioellabrador.cl\\\/index.php\\\/2025\\\/10\\\/16\\\/expo-mundo-rural-2025-cuando-es-el-imperdible-evento-gratuito-con-degustaciones-de-productos-y-actividades-para-toda-la-familia\\\/#breadcrumb\",\"itemListElement\":[{\"@type\":\"ListItem\",\"position\":1,\"name\":\"Portada\",\"item\":\"https:\\\/\\\/diarioellabrador.cl\\\/\"},{\"@type\":\"ListItem\",\"position\":2,\"name\":\"Expo Mundo Rural 2025: Cu\u00e1ndo es el imperdible evento gratuito con degustaciones de productos y actividades para\u00a0toda\u00a0la\u00a0familia\"}]},{\"@type\":\"WebSite\",\"@id\":\"https:\\\/\\\/diarioellabrador.cl\\\/#website\",\"url\":\"https:\\\/\\\/diarioellabrador.cl\\\/\",\"name\":\"Diario El Labrador\",\"description\":\"Haciendo noticia desde 1921\",\"publisher\":{\"@id\":\"https:\\\/\\\/diarioellabrador.cl\\\/#organization\"},\"potentialAction\":[{\"@type\":\"SearchAction\",\"target\":{\"@type\":\"EntryPoint\",\"urlTemplate\":\"https:\\\/\\\/diarioellabrador.cl\\\/?s={search_term_string}\"},\"query-input\":{\"@type\":\"PropertyValueSpecification\",\"valueRequired\":true,\"valueName\":\"search_term_string\"}}],\"inLanguage\":\"es\"},{\"@type\":\"Organization\",\"@id\":\"https:\\\/\\\/diarioellabrador.cl\\\/#organization\",\"name\":\"Diario El Labrador\",\"url\":\"https:\\\/\\\/diarioellabrador.cl\\\/\",\"logo\":{\"@type\":\"ImageObject\",\"inLanguage\":\"es\",\"@id\":\"https:\\\/\\\/diarioellabrador.cl\\\/#\\\/schema\\\/logo\\\/image\\\/\",\"url\":\"https:\\\/\\\/diarioellabrador.cl\\\/wp-content\\\/uploads\\\/2025\\\/02\\\/cropped-Logo-Icono.png\",\"contentUrl\":\"https:\\\/\\\/diarioellabrador.cl\\\/wp-content\\\/uploads\\\/2025\\\/02\\\/cropped-Logo-Icono.png\",\"width\":512,\"height\":512,\"caption\":\"Diario El Labrador\"},\"image\":{\"@id\":\"https:\\\/\\\/diarioellabrador.cl\\\/#\\\/schema\\\/logo\\\/image\\\/\"},\"sameAs\":[\"https:\\\/\\\/web.facebook.com\\\/profile.php?id=61576120840621\",\"https:\\\/\\\/x.com\\\/ElLabradorOf\",\"https:\\\/\\\/www.instagram.com\\\/diarioellabradoroficial\\\/\"]},{\"@type\":\"Person\",\"@id\":\"https:\\\/\\\/diarioellabrador.cl\\\/#\\\/schema\\\/person\\\/bc25ff80b4563f9c7f4bd7855df01685\",\"name\":\"Editor\",\"image\":{\"@type\":\"ImageObject\",\"inLanguage\":\"es\",\"@id\":\"https:\\\/\\\/secure.gravatar.com\\\/avatar\\\/109c326cf2be5c04f048c2c2a2b8b6ef44bf3d8d1d3d4c55d0ac40c4bc994684?s=96&d=mm&r=g\",\"url\":\"https:\\\/\\\/secure.gravatar.com\\\/avatar\\\/109c326cf2be5c04f048c2c2a2b8b6ef44bf3d8d1d3d4c55d0ac40c4bc994684?s=96&d=mm&r=g\",\"contentUrl\":\"https:\\\/\\\/secure.gravatar.com\\\/avatar\\\/109c326cf2be5c04f048c2c2a2b8b6ef44bf3d8d1d3d4c55d0ac40c4bc994684?s=96&d=mm&r=g\",\"caption\":\"Editor\"},\"url\":\"https:\\\/\\\/diarioellabrador.cl\\\/index.php\\\/author\\\/editor\\\/\"}]}<\/script>\n<!-- \/ Yoast SEO plugin. -->","yoast_head_json":{"title":"Expo Mundo Rural 2025: Cu\u00e1ndo es el imperdible evento gratuito con degustaciones de productos y actividades para\u00a0toda\u00a0la\u00a0familia - Diario El Labrador","robots":{"index":"index","follow":"follow","max-snippet":"max-snippet:-1","max-image-preview":"max-image-preview:large","max-video-preview":"max-video-preview:-1"},"canonical":"https:\/\/diarioellabrador.cl\/index.php\/2025\/10\/16\/expo-mundo-rural-2025-cuando-es-el-imperdible-evento-gratuito-con-degustaciones-de-productos-y-actividades-para-toda-la-familia\/","og_locale":"es_ES","og_type":"article","og_title":"Expo Mundo Rural 2025: Cu\u00e1ndo es el imperdible evento gratuito con degustaciones de productos y actividades para\u00a0toda\u00a0la\u00a0familia - Diario El Labrador","og_description":"M\u00e1s de 130 expositores, provenientes desde el altiplano hasta la Patagonia ofrecer\u00e1n sus productos en el Parque Estadio Nacional. \u00bfCon ganas de conocer m\u00e1s de Chile, sus tradiciones y sabores? Entre el 23 y el 26 de octubre, m\u00e1s de 130 expositores, provenientes desde el altiplano hasta la Patagonia, que ofrecer\u00e1n sus productos en el Leer m\u00e1s","og_url":"https:\/\/diarioellabrador.cl\/index.php\/2025\/10\/16\/expo-mundo-rural-2025-cuando-es-el-imperdible-evento-gratuito-con-degustaciones-de-productos-y-actividades-para-toda-la-familia\/","og_site_name":"Diario El Labrador","article_publisher":"https:\/\/web.facebook.com\/profile.php?id=61576120840621","article_published_time":"2025-10-16T21:39:53+00:00","article_modified_time":"2025-10-16T21:39:54+00:00","og_image":[{"width":760,"height":570,"url":"https:\/\/diarioellabrador.cl\/wp-content\/uploads\/2025\/10\/Expo-Mundo-Rural-2025-Cuando-es-el-imperdible-evento-gratuito-con-degustaciones-de-productos-y-actividades-para-toda-la-familia.jpg","type":"image\/jpeg"}],"author":"Editor","twitter_card":"summary_large_image","twitter_creator":"@ElLabradorOf","twitter_site":"@ElLabradorOf","twitter_misc":{"Escrito por":"Editor","Tiempo de lectura":"2 minutos"},"schema":{"@context":"https:\/\/schema.org","@graph":[{"@type":"Article","@id":"https:\/\/diarioellabrador.cl\/index.php\/2025\/10\/16\/expo-mundo-rural-2025-cuando-es-el-imperdible-evento-gratuito-con-degustaciones-de-productos-y-actividades-para-toda-la-familia\/#article","isPartOf":{"@id":"https:\/\/diarioellabrador.cl\/index.php\/2025\/10\/16\/expo-mundo-rural-2025-cuando-es-el-imperdible-evento-gratuito-con-degustaciones-de-productos-y-actividades-para-toda-la-familia\/"},"author":{"name":"Editor","@id":"https:\/\/diarioellabrador.cl\/#\/schema\/person\/bc25ff80b4563f9c7f4bd7855df01685"},"headline":"Expo Mundo Rural 2025: Cu\u00e1ndo es el imperdible evento gratuito con degustaciones de productos y actividades para\u00a0toda\u00a0la\u00a0familia","datePublished":"2025-10-16T21:39:53+00:00","dateModified":"2025-10-16T21:39:54+00:00","mainEntityOfPage":{"@id":"https:\/\/diarioellabrador.cl\/index.php\/2025\/10\/16\/expo-mundo-rural-2025-cuando-es-el-imperdible-evento-gratuito-con-degustaciones-de-productos-y-actividades-para-toda-la-familia\/"},"wordCount":463,"commentCount":0,"publisher":{"@id":"https:\/\/diarioellabrador.cl\/#organization"},"image":{"@id":"https:\/\/diarioellabrador.cl\/index.php\/2025\/10\/16\/expo-mundo-rural-2025-cuando-es-el-imperdible-evento-gratuito-con-degustaciones-de-productos-y-actividades-para-toda-la-familia\/#primaryimage"},"thumbnailUrl":"https:\/\/diarioellabrador.cl\/wp-content\/uploads\/2025\/10\/Expo-Mundo-Rural-2025-Cuando-es-el-imperdible-evento-gratuito-con-degustaciones-de-productos-y-actividades-para-toda-la-familia.jpg","articleSection":["Cr\u00f3nica"],"inLanguage":"es","potentialAction":[{"@type":"CommentAction","name":"Comment","target":["https:\/\/diarioellabrador.cl\/index.php\/2025\/10\/16\/expo-mundo-rural-2025-cuando-es-el-imperdible-evento-gratuito-con-degustaciones-de-productos-y-actividades-para-toda-la-familia\/#respond"]}]},{"@type":"WebPage","@id":"https:\/\/diarioellabrador.cl\/index.php\/2025\/10\/16\/expo-mundo-rural-2025-cuando-es-el-imperdible-evento-gratuito-con-degustaciones-de-productos-y-actividades-para-toda-la-familia\/","url":"https:\/\/diarioellabrador.cl\/index.php\/2025\/10\/16\/expo-mundo-rural-2025-cuando-es-el-imperdible-evento-gratuito-con-degustaciones-de-productos-y-actividades-para-toda-la-familia\/","name":"Expo Mundo Rural 2025: Cu\u00e1ndo es el imperdible evento gratuito con degustaciones de productos y actividades para\u00a0toda\u00a0la\u00a0familia - Diario El Labrador","isPartOf":{"@id":"https:\/\/diarioellabrador.cl\/#website"},"primaryImageOfPage":{"@id":"https:\/\/diarioellabrador.cl\/index.php\/2025\/10\/16\/expo-mundo-rural-2025-cuando-es-el-imperdible-evento-gratuito-con-degustaciones-de-productos-y-actividades-para-toda-la-familia\/#primaryimage"},"image":{"@id":"https:\/\/diarioellabrador.cl\/index.php\/2025\/10\/16\/expo-mundo-rural-2025-cuando-es-el-imperdible-evento-gratuito-con-degustaciones-de-productos-y-actividades-para-toda-la-familia\/#primaryimage"},"thumbnailUrl":"https:\/\/diarioellabrador.cl\/wp-content\/uploads\/2025\/10\/Expo-Mundo-Rural-2025-Cuando-es-el-imperdible-evento-gratuito-con-degustaciones-de-productos-y-actividades-para-toda-la-familia.jpg","datePublished":"2025-10-16T21:39:53+00:00","dateModified":"2025-10-16T21:39:54+00:00","breadcrumb":{"@id":"https:\/\/diarioellabrador.cl\/index.php\/2025\/10\/16\/expo-mundo-rural-2025-cuando-es-el-imperdible-evento-gratuito-con-degustaciones-de-productos-y-actividades-para-toda-la-familia\/#breadcrumb"},"inLanguage":"es","potentialAction":[{"@type":"ReadAction","target":["https:\/\/diarioellabrador.cl\/index.php\/2025\/10\/16\/expo-mundo-rural-2025-cuando-es-el-imperdible-evento-gratuito-con-degustaciones-de-productos-y-actividades-para-toda-la-familia\/"]}]},{"@type":"ImageObject","inLanguage":"es","@id":"https:\/\/diarioellabrador.cl\/index.php\/2025\/10\/16\/expo-mundo-rural-2025-cuando-es-el-imperdible-evento-gratuito-con-degustaciones-de-productos-y-actividades-para-toda-la-familia\/#primaryimage","url":"https:\/\/diarioellabrador.cl\/wp-content\/uploads\/2025\/10\/Expo-Mundo-Rural-2025-Cuando-es-el-imperdible-evento-gratuito-con-degustaciones-de-productos-y-actividades-para-toda-la-familia.jpg","contentUrl":"https:\/\/diarioellabrador.cl\/wp-content\/uploads\/2025\/10\/Expo-Mundo-Rural-2025-Cuando-es-el-imperdible-evento-gratuito-con-degustaciones-de-productos-y-actividades-para-toda-la-familia.jpg","width":760,"height":570},{"@type":"BreadcrumbList","@id":"https:\/\/diarioellabrador.cl\/index.php\/2025\/10\/16\/expo-mundo-rural-2025-cuando-es-el-imperdible-evento-gratuito-con-degustaciones-de-productos-y-actividades-para-toda-la-familia\/#breadcrumb","itemListElement":[{"@type":"ListItem","position":1,"name":"Portada","item":"https:\/\/diarioellabrador.cl\/"},{"@type":"ListItem","position":2,"name":"Expo Mundo Rural 2025: Cu\u00e1ndo es el imperdible evento gratuito con degustaciones de productos y actividades para\u00a0toda\u00a0la\u00a0familia"}]},{"@type":"WebSite","@id":"https:\/\/diarioellabrador.cl\/#website","url":"https:\/\/diarioellabrador.cl\/","name":"Diario El Labrador","description":"Haciendo noticia desde 1921","publisher":{"@id":"https:\/\/diarioellabrador.cl\/#organization"},"potentialAction":[{"@type":"SearchAction","target":{"@type":"EntryPoint","urlTemplate":"https:\/\/diarioellabrador.cl\/?s={search_term_string}"},"query-input":{"@type":"PropertyValueSpecification","valueRequired":true,"valueName":"search_term_string"}}],"inLanguage":"es"},{"@type":"Organization","@id":"https:\/\/diarioellabrador.cl\/#organization","name":"Diario El Labrador","url":"https:\/\/diarioellabrador.cl\/","logo":{"@type":"ImageObject","inLanguage":"es","@id":"https:\/\/diarioellabrador.cl\/#\/schema\/logo\/image\/","url":"https:\/\/diarioellabrador.cl\/wp-content\/uploads\/2025\/02\/cropped-Logo-Icono.png","contentUrl":"https:\/\/diarioellabrador.cl\/wp-content\/uploads\/2025\/02\/cropped-Logo-Icono.png","width":512,"height":512,"caption":"Diario El Labrador"},"image":{"@id":"https:\/\/diarioellabrador.cl\/#\/schema\/logo\/image\/"},"sameAs":["https:\/\/web.facebook.com\/profile.php?id=61576120840621","https:\/\/x.com\/ElLabradorOf","https:\/\/www.instagram.com\/diarioellabradoroficial\/"]},{"@type":"Person","@id":"https:\/\/diarioellabrador.cl\/#\/schema\/person\/bc25ff80b4563f9c7f4bd7855df01685","name":"Editor","image":{"@type":"ImageObject","inLanguage":"es","@id":"https:\/\/secure.gravatar.com\/avatar\/109c326cf2be5c04f048c2c2a2b8b6ef44bf3d8d1d3d4c55d0ac40c4bc994684?s=96&d=mm&r=g","url":"https:\/\/secure.gravatar.com\/avatar\/109c326cf2be5c04f048c2c2a2b8b6ef44bf3d8d1d3d4c55d0ac40c4bc994684?s=96&d=mm&r=g","contentUrl":"https:\/\/secure.gravatar.com\/avatar\/109c326cf2be5c04f048c2c2a2b8b6ef44bf3d8d1d3d4c55d0ac40c4bc994684?s=96&d=mm&r=g","caption":"Editor"},"url":"https:\/\/diarioellabrador.cl\/index.php\/author\/editor\/"}]}},"_links":{"self":[{"href":"https:\/\/diarioellabrador.cl\/index.php\/wp-json\/wp\/v2\/posts\/9977","targetHints":{"allow":["GET"]}}],"collection":[{"href":"https:\/\/diarioellabrador.cl\/index.php\/wp-json\/wp\/v2\/posts"}],"about":[{"href":"https:\/\/diarioellabrador.cl\/index.php\/wp-json\/wp\/v2\/types\/post"}],"author":[{"embeddable":true,"href":"https:\/\/diarioellabrador.cl\/index.php\/wp-json\/wp\/v2\/users\/2"}],"replies":[{"embeddable":true,"href":"https:\/\/diarioellabrador.cl\/index.php\/wp-json\/wp\/v2\/comments?post=9977"}],"version-history":[{"count":1,"href":"https:\/\/diarioellabrador.cl\/index.php\/wp-json\/wp\/v2\/posts\/9977\/revisions"}],"predecessor-version":[{"id":9978,"href":"https:\/\/diarioellabrador.cl\/index.php\/wp-json\/wp\/v2\/posts\/9977\/revisions\/9978"}],"wp:featuredmedia":[{"embeddable":true,"href":"https:\/\/diarioellabrador.cl\/index.php\/wp-json\/wp\/v2\/media\/9936"}],"wp:attachment":[{"href":"https:\/\/diarioellabrador.cl\/index.php\/wp-json\/wp\/v2\/media?parent=9977"}],"wp:term":[{"taxonomy":"category","embeddable":true,"href":"https:\/\/diarioellabrador.cl\/index.php\/wp-json\/wp\/v2\/categories?post=9977"},{"taxonomy":"post_tag","embeddable":true,"href":"https:\/\/diarioellabrador.cl\/index.php\/wp-json\/wp\/v2\/tags?post=9977"}],"curies":[{"name":"wp","href":"https:\/\/api.w.org\/{rel}","templated":true}]}}