{"id":9975,"date":"2025-10-16T17:39:27","date_gmt":"2025-10-16T21:39:27","guid":{"rendered":"https:\/\/diarioellabrador.cl\/?p=9975"},"modified":"2025-10-16T17:39:28","modified_gmt":"2025-10-16T21:39:28","slug":"fieles-a-comprar-pan-cada-chileno-come-90-kg-anuales-y-queso-lidera-entre-acompanamientos-preferidos","status":"publish","type":"post","link":"https:\/\/diarioellabrador.cl\/index.php\/2025\/10\/16\/fieles-a-comprar-pan-cada-chileno-come-90-kg-anuales-y-queso-lidera-entre-acompanamientos-preferidos\/","title":{"rendered":"Fieles a comprar pan: Cada chileno come 90 kg anuales y queso lidera entre acompa\u00f1amientos preferidos"},"content":{"rendered":"\n<p>Por segundo a\u00f1o consecutivo, Walmart Chile difundi\u00f3 un an\u00e1lisis sobre el consumo de <strong>pan<\/strong> en nuestro pa\u00eds, detectando que cada chileno come 90 kilos anuales y destina al menos $28 mil en comprar este producto.<\/p>\n\n\n\n<p>El queso, junto con la mantequilla y el manjar, figuraron entre los acompa\u00f1amientos preferidos.<\/p>\n\n\n\n<h2 class=\"wp-block-heading\">\u00bfHallulla o marraqueta?<\/h2>\n\n\n\n<p>Carolina Pommiez, gerente comercial divisional Panader\u00eda de <a href=\"https:\/\/www.walmartchile.cl\/\" target=\"_blank\" rel=\"noreferrer noopener\">Walmart Chile,<\/a> coment\u00f3 que los datos de la radiograf\u00eda mostraron que <strong>la hallulla y la marraqueta son los favoritos en la mesa de los chilenos.<\/strong><\/p>\n\n\n\n<p>En tendencias, la <strong>ciabatta<\/strong> sigue aumentando sus adherentes cada a\u00f1o y -durante 2025- ascienden al 13% de las preferencias de compra.<\/p>\n\n\n\n<p>Sin embargo, se suma una nueva competencia de la mano del <strong>pan Kornspitz<\/strong>, el cual est\u00e1 compuesto de masa madre, granos triturados de trigo y centeno, es rico en prote\u00edna y fibra; y bajo en sodio e \u00edndice glic\u00e9mico.<\/p>\n\n\n\n<p>\u201cEl pan chileno es una parte esencial de las comidas diarias, ya que 8 de cada 10 personas lo utilizan en el desayuno y la once\u201d, se precis\u00f3.<\/p>\n\n\n\n<h2 class=\"wp-block-heading\">\u00bfQueso, huevo, manjar o jam\u00f3n?<\/h2>\n\n\n\n<p>Otra arista de esta radiograf\u00eda fue analizar las tendencias de consumo de aquellos productos que se utilizan para acompa\u00f1ar el pan.<\/p>\n\n\n\n<p>El <strong>queso, mantequilla y manjar<\/strong> lideraron la lista.<\/p>\n\n\n\n<p>Por \u00faltimo, la frecuencia de compra tambi\u00e9n resalta la importancia de este alimento en la dieta nacional, ya que, seg\u00fan las cifras de la compa\u00f1\u00eda, las personas visitan los supermercados entre 6 y 7 veces al mes para adquirirlo, y hasta 10 veces si consideran tanto la compra granel como el envasado.<\/p>\n\n\n\n<p>\u201cEsto, demuestra la necesidad de los chilenos por abastecerse de este producto b\u00e1sico\u201d, dijeron desde Walmart Chile.<\/p>\n","protected":false},"excerpt":{"rendered":"<p>Por segundo a\u00f1o consecutivo, Walmart Chile difundi\u00f3 un an\u00e1lisis sobre el consumo de pan en nuestro pa\u00eds, detectando que cada chileno come 90 kilos anuales y destina al menos $28 mil en comprar este producto. El queso, junto con la mantequilla y el manjar, figuraron entre los acompa\u00f1amientos preferidos. \u00bfHallulla o marraqueta? Carolina Pommiez, gerente<\/p>\n<div class=\"read-more-wrapper\"><a class=\"read-more\" href=\"https:\/\/diarioellabrador.cl\/index.php\/2025\/10\/16\/fieles-a-comprar-pan-cada-chileno-come-90-kg-anuales-y-queso-lidera-entre-acompanamientos-preferidos\/\" title=\"Leer m\u00e1s\"> <span class=\"button \">Leer m\u00e1s<\/span><\/a><\/div>\n","protected":false},"author":2,"featured_media":9937,"comment_status":"open","ping_status":"open","sticky":false,"template":"","format":"standard","meta":{"footnotes":""},"categories":[1],"tags":[],"class_list":["post-9975","post","type-post","status-publish","format-standard","has-post-thumbnail","hentry","category-cronica"],"yoast_head":"<!-- This site is optimized with the Yoast SEO plugin v27.5 - https:\/\/yoast.com\/product\/yoast-seo-wordpress\/ -->\n<title>Fieles a comprar pan: Cada chileno come 90 kg anuales y queso lidera entre acompa\u00f1amientos preferidos - Diario El Labrador<\/title>\n<meta name=\"robots\" content=\"index, follow, max-snippet:-1, max-image-preview:large, max-video-preview:-1\" \/>\n<link rel=\"canonical\" href=\"https:\/\/diarioellabrador.cl\/index.php\/2025\/10\/16\/fieles-a-comprar-pan-cada-chileno-come-90-kg-anuales-y-queso-lidera-entre-acompanamientos-preferidos\/\" \/>\n<meta property=\"og:locale\" content=\"es_ES\" \/>\n<meta property=\"og:type\" content=\"article\" \/>\n<meta property=\"og:title\" content=\"Fieles a comprar pan: Cada chileno come 90 kg anuales y queso lidera entre acompa\u00f1amientos preferidos - Diario El Labrador\" \/>\n<meta property=\"og:description\" content=\"Por segundo a\u00f1o consecutivo, Walmart Chile difundi\u00f3 un an\u00e1lisis sobre el consumo de pan en nuestro pa\u00eds, detectando que cada chileno come 90 kilos anuales y destina al menos $28 mil en comprar este producto. El queso, junto con la mantequilla y el manjar, figuraron entre los acompa\u00f1amientos preferidos. \u00bfHallulla o marraqueta? Carolina Pommiez, gerente Leer m\u00e1s\" \/>\n<meta property=\"og:url\" content=\"https:\/\/diarioellabrador.cl\/index.php\/2025\/10\/16\/fieles-a-comprar-pan-cada-chileno-come-90-kg-anuales-y-queso-lidera-entre-acompanamientos-preferidos\/\" \/>\n<meta property=\"og:site_name\" content=\"Diario El Labrador\" \/>\n<meta property=\"article:publisher\" content=\"https:\/\/web.facebook.com\/profile.php?id=61576120840621\" \/>\n<meta property=\"article:published_time\" content=\"2025-10-16T21:39:27+00:00\" \/>\n<meta property=\"article:modified_time\" content=\"2025-10-16T21:39:28+00:00\" \/>\n<meta property=\"og:image\" content=\"https:\/\/diarioellabrador.cl\/wp-content\/uploads\/2025\/10\/Fieles-a-comprar-pan.jpg\" \/>\n\t<meta property=\"og:image:width\" content=\"900\" \/>\n\t<meta property=\"og:image:height\" content=\"600\" \/>\n\t<meta property=\"og:image:type\" content=\"image\/jpeg\" \/>\n<meta name=\"author\" content=\"Editor\" \/>\n<meta name=\"twitter:card\" content=\"summary_large_image\" \/>\n<meta name=\"twitter:creator\" content=\"@ElLabradorOf\" \/>\n<meta name=\"twitter:site\" content=\"@ElLabradorOf\" \/>\n<meta name=\"twitter:label1\" content=\"Escrito por\" \/>\n\t<meta name=\"twitter:data1\" content=\"Editor\" \/>\n\t<meta name=\"twitter:label2\" content=\"Tiempo de lectura\" \/>\n\t<meta name=\"twitter:data2\" content=\"2 minutos\" \/>\n<script type=\"application\/ld+json\" class=\"yoast-schema-graph\">{\"@context\":\"https:\\\/\\\/schema.org\",\"@graph\":[{\"@type\":\"Article\",\"@id\":\"https:\\\/\\\/diarioellabrador.cl\\\/index.php\\\/2025\\\/10\\\/16\\\/fieles-a-comprar-pan-cada-chileno-come-90-kg-anuales-y-queso-lidera-entre-acompanamientos-preferidos\\\/#article\",\"isPartOf\":{\"@id\":\"https:\\\/\\\/diarioellabrador.cl\\\/index.php\\\/2025\\\/10\\\/16\\\/fieles-a-comprar-pan-cada-chileno-come-90-kg-anuales-y-queso-lidera-entre-acompanamientos-preferidos\\\/\"},\"author\":{\"name\":\"Editor\",\"@id\":\"https:\\\/\\\/diarioellabrador.cl\\\/#\\\/schema\\\/person\\\/bc25ff80b4563f9c7f4bd7855df01685\"},\"headline\":\"Fieles a comprar pan: Cada chileno come 90 kg anuales y queso lidera entre acompa\u00f1amientos preferidos\",\"datePublished\":\"2025-10-16T21:39:27+00:00\",\"dateModified\":\"2025-10-16T21:39:28+00:00\",\"mainEntityOfPage\":{\"@id\":\"https:\\\/\\\/diarioellabrador.cl\\\/index.php\\\/2025\\\/10\\\/16\\\/fieles-a-comprar-pan-cada-chileno-come-90-kg-anuales-y-queso-lidera-entre-acompanamientos-preferidos\\\/\"},\"wordCount\":299,\"commentCount\":0,\"publisher\":{\"@id\":\"https:\\\/\\\/diarioellabrador.cl\\\/#organization\"},\"image\":{\"@id\":\"https:\\\/\\\/diarioellabrador.cl\\\/index.php\\\/2025\\\/10\\\/16\\\/fieles-a-comprar-pan-cada-chileno-come-90-kg-anuales-y-queso-lidera-entre-acompanamientos-preferidos\\\/#primaryimage\"},\"thumbnailUrl\":\"https:\\\/\\\/diarioellabrador.cl\\\/wp-content\\\/uploads\\\/2025\\\/10\\\/Fieles-a-comprar-pan.jpg\",\"articleSection\":[\"Cr\u00f3nica\"],\"inLanguage\":\"es\",\"potentialAction\":[{\"@type\":\"CommentAction\",\"name\":\"Comment\",\"target\":[\"https:\\\/\\\/diarioellabrador.cl\\\/index.php\\\/2025\\\/10\\\/16\\\/fieles-a-comprar-pan-cada-chileno-come-90-kg-anuales-y-queso-lidera-entre-acompanamientos-preferidos\\\/#respond\"]}]},{\"@type\":\"WebPage\",\"@id\":\"https:\\\/\\\/diarioellabrador.cl\\\/index.php\\\/2025\\\/10\\\/16\\\/fieles-a-comprar-pan-cada-chileno-come-90-kg-anuales-y-queso-lidera-entre-acompanamientos-preferidos\\\/\",\"url\":\"https:\\\/\\\/diarioellabrador.cl\\\/index.php\\\/2025\\\/10\\\/16\\\/fieles-a-comprar-pan-cada-chileno-come-90-kg-anuales-y-queso-lidera-entre-acompanamientos-preferidos\\\/\",\"name\":\"Fieles a comprar pan: Cada chileno come 90 kg anuales y queso lidera entre acompa\u00f1amientos preferidos - Diario El Labrador\",\"isPartOf\":{\"@id\":\"https:\\\/\\\/diarioellabrador.cl\\\/#website\"},\"primaryImageOfPage\":{\"@id\":\"https:\\\/\\\/diarioellabrador.cl\\\/index.php\\\/2025\\\/10\\\/16\\\/fieles-a-comprar-pan-cada-chileno-come-90-kg-anuales-y-queso-lidera-entre-acompanamientos-preferidos\\\/#primaryimage\"},\"image\":{\"@id\":\"https:\\\/\\\/diarioellabrador.cl\\\/index.php\\\/2025\\\/10\\\/16\\\/fieles-a-comprar-pan-cada-chileno-come-90-kg-anuales-y-queso-lidera-entre-acompanamientos-preferidos\\\/#primaryimage\"},\"thumbnailUrl\":\"https:\\\/\\\/diarioellabrador.cl\\\/wp-content\\\/uploads\\\/2025\\\/10\\\/Fieles-a-comprar-pan.jpg\",\"datePublished\":\"2025-10-16T21:39:27+00:00\",\"dateModified\":\"2025-10-16T21:39:28+00:00\",\"breadcrumb\":{\"@id\":\"https:\\\/\\\/diarioellabrador.cl\\\/index.php\\\/2025\\\/10\\\/16\\\/fieles-a-comprar-pan-cada-chileno-come-90-kg-anuales-y-queso-lidera-entre-acompanamientos-preferidos\\\/#breadcrumb\"},\"inLanguage\":\"es\",\"potentialAction\":[{\"@type\":\"ReadAction\",\"target\":[\"https:\\\/\\\/diarioellabrador.cl\\\/index.php\\\/2025\\\/10\\\/16\\\/fieles-a-comprar-pan-cada-chileno-come-90-kg-anuales-y-queso-lidera-entre-acompanamientos-preferidos\\\/\"]}]},{\"@type\":\"ImageObject\",\"inLanguage\":\"es\",\"@id\":\"https:\\\/\\\/diarioellabrador.cl\\\/index.php\\\/2025\\\/10\\\/16\\\/fieles-a-comprar-pan-cada-chileno-come-90-kg-anuales-y-queso-lidera-entre-acompanamientos-preferidos\\\/#primaryimage\",\"url\":\"https:\\\/\\\/diarioellabrador.cl\\\/wp-content\\\/uploads\\\/2025\\\/10\\\/Fieles-a-comprar-pan.jpg\",\"contentUrl\":\"https:\\\/\\\/diarioellabrador.cl\\\/wp-content\\\/uploads\\\/2025\\\/10\\\/Fieles-a-comprar-pan.jpg\",\"width\":900,\"height\":600},{\"@type\":\"BreadcrumbList\",\"@id\":\"https:\\\/\\\/diarioellabrador.cl\\\/index.php\\\/2025\\\/10\\\/16\\\/fieles-a-comprar-pan-cada-chileno-come-90-kg-anuales-y-queso-lidera-entre-acompanamientos-preferidos\\\/#breadcrumb\",\"itemListElement\":[{\"@type\":\"ListItem\",\"position\":1,\"name\":\"Portada\",\"item\":\"https:\\\/\\\/diarioellabrador.cl\\\/\"},{\"@type\":\"ListItem\",\"position\":2,\"name\":\"Fieles a comprar pan: Cada chileno come 90 kg anuales y queso lidera entre acompa\u00f1amientos preferidos\"}]},{\"@type\":\"WebSite\",\"@id\":\"https:\\\/\\\/diarioellabrador.cl\\\/#website\",\"url\":\"https:\\\/\\\/diarioellabrador.cl\\\/\",\"name\":\"Diario El Labrador\",\"description\":\"Haciendo noticia desde 1921\",\"publisher\":{\"@id\":\"https:\\\/\\\/diarioellabrador.cl\\\/#organization\"},\"potentialAction\":[{\"@type\":\"SearchAction\",\"target\":{\"@type\":\"EntryPoint\",\"urlTemplate\":\"https:\\\/\\\/diarioellabrador.cl\\\/?s={search_term_string}\"},\"query-input\":{\"@type\":\"PropertyValueSpecification\",\"valueRequired\":true,\"valueName\":\"search_term_string\"}}],\"inLanguage\":\"es\"},{\"@type\":\"Organization\",\"@id\":\"https:\\\/\\\/diarioellabrador.cl\\\/#organization\",\"name\":\"Diario El Labrador\",\"url\":\"https:\\\/\\\/diarioellabrador.cl\\\/\",\"logo\":{\"@type\":\"ImageObject\",\"inLanguage\":\"es\",\"@id\":\"https:\\\/\\\/diarioellabrador.cl\\\/#\\\/schema\\\/logo\\\/image\\\/\",\"url\":\"https:\\\/\\\/diarioellabrador.cl\\\/wp-content\\\/uploads\\\/2025\\\/02\\\/cropped-Logo-Icono.png\",\"contentUrl\":\"https:\\\/\\\/diarioellabrador.cl\\\/wp-content\\\/uploads\\\/2025\\\/02\\\/cropped-Logo-Icono.png\",\"width\":512,\"height\":512,\"caption\":\"Diario El Labrador\"},\"image\":{\"@id\":\"https:\\\/\\\/diarioellabrador.cl\\\/#\\\/schema\\\/logo\\\/image\\\/\"},\"sameAs\":[\"https:\\\/\\\/web.facebook.com\\\/profile.php?id=61576120840621\",\"https:\\\/\\\/x.com\\\/ElLabradorOf\",\"https:\\\/\\\/www.instagram.com\\\/diarioellabradoroficial\\\/\"]},{\"@type\":\"Person\",\"@id\":\"https:\\\/\\\/diarioellabrador.cl\\\/#\\\/schema\\\/person\\\/bc25ff80b4563f9c7f4bd7855df01685\",\"name\":\"Editor\",\"image\":{\"@type\":\"ImageObject\",\"inLanguage\":\"es\",\"@id\":\"https:\\\/\\\/secure.gravatar.com\\\/avatar\\\/109c326cf2be5c04f048c2c2a2b8b6ef44bf3d8d1d3d4c55d0ac40c4bc994684?s=96&d=mm&r=g\",\"url\":\"https:\\\/\\\/secure.gravatar.com\\\/avatar\\\/109c326cf2be5c04f048c2c2a2b8b6ef44bf3d8d1d3d4c55d0ac40c4bc994684?s=96&d=mm&r=g\",\"contentUrl\":\"https:\\\/\\\/secure.gravatar.com\\\/avatar\\\/109c326cf2be5c04f048c2c2a2b8b6ef44bf3d8d1d3d4c55d0ac40c4bc994684?s=96&d=mm&r=g\",\"caption\":\"Editor\"},\"url\":\"https:\\\/\\\/diarioellabrador.cl\\\/index.php\\\/author\\\/editor\\\/\"}]}<\/script>\n<!-- \/ Yoast SEO plugin. -->","yoast_head_json":{"title":"Fieles a comprar pan: Cada chileno come 90 kg anuales y queso lidera entre acompa\u00f1amientos preferidos - Diario El Labrador","robots":{"index":"index","follow":"follow","max-snippet":"max-snippet:-1","max-image-preview":"max-image-preview:large","max-video-preview":"max-video-preview:-1"},"canonical":"https:\/\/diarioellabrador.cl\/index.php\/2025\/10\/16\/fieles-a-comprar-pan-cada-chileno-come-90-kg-anuales-y-queso-lidera-entre-acompanamientos-preferidos\/","og_locale":"es_ES","og_type":"article","og_title":"Fieles a comprar pan: Cada chileno come 90 kg anuales y queso lidera entre acompa\u00f1amientos preferidos - Diario El Labrador","og_description":"Por segundo a\u00f1o consecutivo, Walmart Chile difundi\u00f3 un an\u00e1lisis sobre el consumo de pan en nuestro pa\u00eds, detectando que cada chileno come 90 kilos anuales y destina al menos $28 mil en comprar este producto. El queso, junto con la mantequilla y el manjar, figuraron entre los acompa\u00f1amientos preferidos. \u00bfHallulla o marraqueta? Carolina Pommiez, gerente Leer m\u00e1s","og_url":"https:\/\/diarioellabrador.cl\/index.php\/2025\/10\/16\/fieles-a-comprar-pan-cada-chileno-come-90-kg-anuales-y-queso-lidera-entre-acompanamientos-preferidos\/","og_site_name":"Diario El Labrador","article_publisher":"https:\/\/web.facebook.com\/profile.php?id=61576120840621","article_published_time":"2025-10-16T21:39:27+00:00","article_modified_time":"2025-10-16T21:39:28+00:00","og_image":[{"width":900,"height":600,"url":"https:\/\/diarioellabrador.cl\/wp-content\/uploads\/2025\/10\/Fieles-a-comprar-pan.jpg","type":"image\/jpeg"}],"author":"Editor","twitter_card":"summary_large_image","twitter_creator":"@ElLabradorOf","twitter_site":"@ElLabradorOf","twitter_misc":{"Escrito por":"Editor","Tiempo de lectura":"2 minutos"},"schema":{"@context":"https:\/\/schema.org","@graph":[{"@type":"Article","@id":"https:\/\/diarioellabrador.cl\/index.php\/2025\/10\/16\/fieles-a-comprar-pan-cada-chileno-come-90-kg-anuales-y-queso-lidera-entre-acompanamientos-preferidos\/#article","isPartOf":{"@id":"https:\/\/diarioellabrador.cl\/index.php\/2025\/10\/16\/fieles-a-comprar-pan-cada-chileno-come-90-kg-anuales-y-queso-lidera-entre-acompanamientos-preferidos\/"},"author":{"name":"Editor","@id":"https:\/\/diarioellabrador.cl\/#\/schema\/person\/bc25ff80b4563f9c7f4bd7855df01685"},"headline":"Fieles a comprar pan: Cada chileno come 90 kg anuales y queso lidera entre acompa\u00f1amientos preferidos","datePublished":"2025-10-16T21:39:27+00:00","dateModified":"2025-10-16T21:39:28+00:00","mainEntityOfPage":{"@id":"https:\/\/diarioellabrador.cl\/index.php\/2025\/10\/16\/fieles-a-comprar-pan-cada-chileno-come-90-kg-anuales-y-queso-lidera-entre-acompanamientos-preferidos\/"},"wordCount":299,"commentCount":0,"publisher":{"@id":"https:\/\/diarioellabrador.cl\/#organization"},"image":{"@id":"https:\/\/diarioellabrador.cl\/index.php\/2025\/10\/16\/fieles-a-comprar-pan-cada-chileno-come-90-kg-anuales-y-queso-lidera-entre-acompanamientos-preferidos\/#primaryimage"},"thumbnailUrl":"https:\/\/diarioellabrador.cl\/wp-content\/uploads\/2025\/10\/Fieles-a-comprar-pan.jpg","articleSection":["Cr\u00f3nica"],"inLanguage":"es","potentialAction":[{"@type":"CommentAction","name":"Comment","target":["https:\/\/diarioellabrador.cl\/index.php\/2025\/10\/16\/fieles-a-comprar-pan-cada-chileno-come-90-kg-anuales-y-queso-lidera-entre-acompanamientos-preferidos\/#respond"]}]},{"@type":"WebPage","@id":"https:\/\/diarioellabrador.cl\/index.php\/2025\/10\/16\/fieles-a-comprar-pan-cada-chileno-come-90-kg-anuales-y-queso-lidera-entre-acompanamientos-preferidos\/","url":"https:\/\/diarioellabrador.cl\/index.php\/2025\/10\/16\/fieles-a-comprar-pan-cada-chileno-come-90-kg-anuales-y-queso-lidera-entre-acompanamientos-preferidos\/","name":"Fieles a comprar pan: Cada chileno come 90 kg anuales y queso lidera entre acompa\u00f1amientos preferidos - Diario El Labrador","isPartOf":{"@id":"https:\/\/diarioellabrador.cl\/#website"},"primaryImageOfPage":{"@id":"https:\/\/diarioellabrador.cl\/index.php\/2025\/10\/16\/fieles-a-comprar-pan-cada-chileno-come-90-kg-anuales-y-queso-lidera-entre-acompanamientos-preferidos\/#primaryimage"},"image":{"@id":"https:\/\/diarioellabrador.cl\/index.php\/2025\/10\/16\/fieles-a-comprar-pan-cada-chileno-come-90-kg-anuales-y-queso-lidera-entre-acompanamientos-preferidos\/#primaryimage"},"thumbnailUrl":"https:\/\/diarioellabrador.cl\/wp-content\/uploads\/2025\/10\/Fieles-a-comprar-pan.jpg","datePublished":"2025-10-16T21:39:27+00:00","dateModified":"2025-10-16T21:39:28+00:00","breadcrumb":{"@id":"https:\/\/diarioellabrador.cl\/index.php\/2025\/10\/16\/fieles-a-comprar-pan-cada-chileno-come-90-kg-anuales-y-queso-lidera-entre-acompanamientos-preferidos\/#breadcrumb"},"inLanguage":"es","potentialAction":[{"@type":"ReadAction","target":["https:\/\/diarioellabrador.cl\/index.php\/2025\/10\/16\/fieles-a-comprar-pan-cada-chileno-come-90-kg-anuales-y-queso-lidera-entre-acompanamientos-preferidos\/"]}]},{"@type":"ImageObject","inLanguage":"es","@id":"https:\/\/diarioellabrador.cl\/index.php\/2025\/10\/16\/fieles-a-comprar-pan-cada-chileno-come-90-kg-anuales-y-queso-lidera-entre-acompanamientos-preferidos\/#primaryimage","url":"https:\/\/diarioellabrador.cl\/wp-content\/uploads\/2025\/10\/Fieles-a-comprar-pan.jpg","contentUrl":"https:\/\/diarioellabrador.cl\/wp-content\/uploads\/2025\/10\/Fieles-a-comprar-pan.jpg","width":900,"height":600},{"@type":"BreadcrumbList","@id":"https:\/\/diarioellabrador.cl\/index.php\/2025\/10\/16\/fieles-a-comprar-pan-cada-chileno-come-90-kg-anuales-y-queso-lidera-entre-acompanamientos-preferidos\/#breadcrumb","itemListElement":[{"@type":"ListItem","position":1,"name":"Portada","item":"https:\/\/diarioellabrador.cl\/"},{"@type":"ListItem","position":2,"name":"Fieles a comprar pan: Cada chileno come 90 kg anuales y queso lidera entre acompa\u00f1amientos preferidos"}]},{"@type":"WebSite","@id":"https:\/\/diarioellabrador.cl\/#website","url":"https:\/\/diarioellabrador.cl\/","name":"Diario El Labrador","description":"Haciendo noticia desde 1921","publisher":{"@id":"https:\/\/diarioellabrador.cl\/#organization"},"potentialAction":[{"@type":"SearchAction","target":{"@type":"EntryPoint","urlTemplate":"https:\/\/diarioellabrador.cl\/?s={search_term_string}"},"query-input":{"@type":"PropertyValueSpecification","valueRequired":true,"valueName":"search_term_string"}}],"inLanguage":"es"},{"@type":"Organization","@id":"https:\/\/diarioellabrador.cl\/#organization","name":"Diario El Labrador","url":"https:\/\/diarioellabrador.cl\/","logo":{"@type":"ImageObject","inLanguage":"es","@id":"https:\/\/diarioellabrador.cl\/#\/schema\/logo\/image\/","url":"https:\/\/diarioellabrador.cl\/wp-content\/uploads\/2025\/02\/cropped-Logo-Icono.png","contentUrl":"https:\/\/diarioellabrador.cl\/wp-content\/uploads\/2025\/02\/cropped-Logo-Icono.png","width":512,"height":512,"caption":"Diario El Labrador"},"image":{"@id":"https:\/\/diarioellabrador.cl\/#\/schema\/logo\/image\/"},"sameAs":["https:\/\/web.facebook.com\/profile.php?id=61576120840621","https:\/\/x.com\/ElLabradorOf","https:\/\/www.instagram.com\/diarioellabradoroficial\/"]},{"@type":"Person","@id":"https:\/\/diarioellabrador.cl\/#\/schema\/person\/bc25ff80b4563f9c7f4bd7855df01685","name":"Editor","image":{"@type":"ImageObject","inLanguage":"es","@id":"https:\/\/secure.gravatar.com\/avatar\/109c326cf2be5c04f048c2c2a2b8b6ef44bf3d8d1d3d4c55d0ac40c4bc994684?s=96&d=mm&r=g","url":"https:\/\/secure.gravatar.com\/avatar\/109c326cf2be5c04f048c2c2a2b8b6ef44bf3d8d1d3d4c55d0ac40c4bc994684?s=96&d=mm&r=g","contentUrl":"https:\/\/secure.gravatar.com\/avatar\/109c326cf2be5c04f048c2c2a2b8b6ef44bf3d8d1d3d4c55d0ac40c4bc994684?s=96&d=mm&r=g","caption":"Editor"},"url":"https:\/\/diarioellabrador.cl\/index.php\/author\/editor\/"}]}},"_links":{"self":[{"href":"https:\/\/diarioellabrador.cl\/index.php\/wp-json\/wp\/v2\/posts\/9975","targetHints":{"allow":["GET"]}}],"collection":[{"href":"https:\/\/diarioellabrador.cl\/index.php\/wp-json\/wp\/v2\/posts"}],"about":[{"href":"https:\/\/diarioellabrador.cl\/index.php\/wp-json\/wp\/v2\/types\/post"}],"author":[{"embeddable":true,"href":"https:\/\/diarioellabrador.cl\/index.php\/wp-json\/wp\/v2\/users\/2"}],"replies":[{"embeddable":true,"href":"https:\/\/diarioellabrador.cl\/index.php\/wp-json\/wp\/v2\/comments?post=9975"}],"version-history":[{"count":1,"href":"https:\/\/diarioellabrador.cl\/index.php\/wp-json\/wp\/v2\/posts\/9975\/revisions"}],"predecessor-version":[{"id":9976,"href":"https:\/\/diarioellabrador.cl\/index.php\/wp-json\/wp\/v2\/posts\/9975\/revisions\/9976"}],"wp:featuredmedia":[{"embeddable":true,"href":"https:\/\/diarioellabrador.cl\/index.php\/wp-json\/wp\/v2\/media\/9937"}],"wp:attachment":[{"href":"https:\/\/diarioellabrador.cl\/index.php\/wp-json\/wp\/v2\/media?parent=9975"}],"wp:term":[{"taxonomy":"category","embeddable":true,"href":"https:\/\/diarioellabrador.cl\/index.php\/wp-json\/wp\/v2\/categories?post=9975"},{"taxonomy":"post_tag","embeddable":true,"href":"https:\/\/diarioellabrador.cl\/index.php\/wp-json\/wp\/v2\/tags?post=9975"}],"curies":[{"name":"wp","href":"https:\/\/api.w.org\/{rel}","templated":true}]}}