{"id":9973,"date":"2025-10-16T17:39:02","date_gmt":"2025-10-16T21:39:02","guid":{"rendered":"https:\/\/diarioellabrador.cl\/?p=9973"},"modified":"2025-10-16T17:39:03","modified_gmt":"2025-10-16T21:39:03","slug":"jaime-coloma-presenta-sus-propuestas-en-materia-de-seguridad-para-el-distrito-14","status":"publish","type":"post","link":"https:\/\/diarioellabrador.cl\/index.php\/2025\/10\/16\/jaime-coloma-presenta-sus-propuestas-en-materia-de-seguridad-para-el-distrito-14\/","title":{"rendered":"Jaime Coloma presenta sus propuestas en materia de seguridad para el Distrito 14"},"content":{"rendered":"\n<p>El candidato a diputado del Distrito 14, Jaime Coloma, dio a conocer parte de su programa centrado en fortalecer la seguridad ciudadana, una de las principales preocupaciones de los vecinos de la zona.<\/p>\n\n\n\n<p>Coloma se\u00f1al\u00f3 que es urgente reforzar la presencia policial en las calles, proponiendo la incorporaci\u00f3n de m\u00e1s de 10.000 nuevos carabineros en los sectores m\u00e1s vulnerables, junto con el uso de tecnolog\u00eda de vigilancia, como c\u00e1maras, p\u00f3rticos y drones, \u201cpara cuidar a las familias y disuadir la acci\u00f3n delictual\u201d.<\/p>\n\n\n\n<p>Destac\u00f3 la importancia del trabajo conjunto entre vecinos, impulsando la organizaci\u00f3n comunitaria como herramienta para prevenir delitos y fortalecer la denuncia ciudadana.<\/p>\n\n\n\n<p>En cuanto al sistema penitenciario, Coloma fue enf\u00e1tico en que las c\u00e1rceles deben ser estrictas, sin beneficios ni privilegios para delincuentes peligrosos. Adem\u00e1s, llam\u00f3 a una <strong>j<\/strong>usticia sin excusas, donde Fiscal\u00eda y Tribunales act\u00faen con mayor firmeza y rapidez frente al delito.<\/p>\n\n\n\n<p>El candidato a diputado propuso reforzar la Defensor\u00eda de las V\u00edctimas, garantizando apoyo legal, acompa\u00f1amiento psicol\u00f3gico y protecci\u00f3n efectiva a quienes han sufrido hechos de violencia o robo.<\/p>\n\n\n\n<p>Finalmente, plante\u00f3 la creaci\u00f3n de un n\u00famero \u00fanico de emergencia nacional, que unifique los servicios de Carabineros, Bomberos, ambulancias y asistencia municipal.<\/p>\n\n\n\n<p>\u201cUn solo n\u00famero para Carabineros, Bomberos, Ambulancias y n\u00fameros municipales: r\u00e1pido, claro y sin confusi\u00f3n\u201d, enfatiz\u00f3 Coloma.<\/p>\n","protected":false},"excerpt":{"rendered":"<p>El candidato a diputado del Distrito 14, Jaime Coloma, dio a conocer parte de su programa centrado en fortalecer la seguridad ciudadana, una de las principales preocupaciones de los vecinos de la zona. Coloma se\u00f1al\u00f3 que es urgente reforzar la presencia policial en las calles, proponiendo la incorporaci\u00f3n de m\u00e1s de 10.000 nuevos carabineros en<\/p>\n<div class=\"read-more-wrapper\"><a class=\"read-more\" href=\"https:\/\/diarioellabrador.cl\/index.php\/2025\/10\/16\/jaime-coloma-presenta-sus-propuestas-en-materia-de-seguridad-para-el-distrito-14\/\" title=\"Leer m\u00e1s\"> <span class=\"button \">Leer m\u00e1s<\/span><\/a><\/div>\n","protected":false},"author":2,"featured_media":9944,"comment_status":"open","ping_status":"open","sticky":false,"template":"","format":"standard","meta":{"footnotes":""},"categories":[1],"tags":[],"class_list":["post-9973","post","type-post","status-publish","format-standard","has-post-thumbnail","hentry","category-cronica"],"yoast_head":"<!-- This site is optimized with the Yoast SEO plugin v27.5 - https:\/\/yoast.com\/product\/yoast-seo-wordpress\/ -->\n<title>Jaime Coloma presenta sus propuestas en materia de seguridad para el Distrito 14 - Diario El Labrador<\/title>\n<meta name=\"robots\" content=\"index, follow, max-snippet:-1, max-image-preview:large, max-video-preview:-1\" \/>\n<link rel=\"canonical\" href=\"https:\/\/diarioellabrador.cl\/index.php\/2025\/10\/16\/jaime-coloma-presenta-sus-propuestas-en-materia-de-seguridad-para-el-distrito-14\/\" \/>\n<meta property=\"og:locale\" content=\"es_ES\" \/>\n<meta property=\"og:type\" content=\"article\" \/>\n<meta property=\"og:title\" content=\"Jaime Coloma presenta sus propuestas en materia de seguridad para el Distrito 14 - Diario El Labrador\" \/>\n<meta property=\"og:description\" content=\"El candidato a diputado del Distrito 14, Jaime Coloma, dio a conocer parte de su programa centrado en fortalecer la seguridad ciudadana, una de las principales preocupaciones de los vecinos de la zona. Coloma se\u00f1al\u00f3 que es urgente reforzar la presencia policial en las calles, proponiendo la incorporaci\u00f3n de m\u00e1s de 10.000 nuevos carabineros en Leer m\u00e1s\" \/>\n<meta property=\"og:url\" content=\"https:\/\/diarioellabrador.cl\/index.php\/2025\/10\/16\/jaime-coloma-presenta-sus-propuestas-en-materia-de-seguridad-para-el-distrito-14\/\" \/>\n<meta property=\"og:site_name\" content=\"Diario El Labrador\" \/>\n<meta property=\"article:publisher\" content=\"https:\/\/web.facebook.com\/profile.php?id=61576120840621\" \/>\n<meta property=\"article:published_time\" content=\"2025-10-16T21:39:02+00:00\" \/>\n<meta property=\"article:modified_time\" content=\"2025-10-16T21:39:03+00:00\" \/>\n<meta property=\"og:image\" content=\"https:\/\/diarioellabrador.cl\/wp-content\/uploads\/2025\/10\/Jaime-Coloma-presenta-sus-propuestas-en-materia-de-seguridad-para-el-Distrito-14.jpg\" \/>\n\t<meta property=\"og:image:width\" content=\"1290\" \/>\n\t<meta property=\"og:image:height\" content=\"1590\" \/>\n\t<meta property=\"og:image:type\" content=\"image\/jpeg\" \/>\n<meta name=\"author\" content=\"Editor\" \/>\n<meta name=\"twitter:card\" content=\"summary_large_image\" \/>\n<meta name=\"twitter:creator\" content=\"@ElLabradorOf\" \/>\n<meta name=\"twitter:site\" content=\"@ElLabradorOf\" \/>\n<meta name=\"twitter:label1\" content=\"Escrito por\" \/>\n\t<meta name=\"twitter:data1\" content=\"Editor\" \/>\n\t<meta name=\"twitter:label2\" content=\"Tiempo de lectura\" \/>\n\t<meta name=\"twitter:data2\" content=\"2 minutos\" \/>\n<script type=\"application\/ld+json\" class=\"yoast-schema-graph\">{\"@context\":\"https:\\\/\\\/schema.org\",\"@graph\":[{\"@type\":\"Article\",\"@id\":\"https:\\\/\\\/diarioellabrador.cl\\\/index.php\\\/2025\\\/10\\\/16\\\/jaime-coloma-presenta-sus-propuestas-en-materia-de-seguridad-para-el-distrito-14\\\/#article\",\"isPartOf\":{\"@id\":\"https:\\\/\\\/diarioellabrador.cl\\\/index.php\\\/2025\\\/10\\\/16\\\/jaime-coloma-presenta-sus-propuestas-en-materia-de-seguridad-para-el-distrito-14\\\/\"},\"author\":{\"name\":\"Editor\",\"@id\":\"https:\\\/\\\/diarioellabrador.cl\\\/#\\\/schema\\\/person\\\/bc25ff80b4563f9c7f4bd7855df01685\"},\"headline\":\"Jaime Coloma presenta sus propuestas en materia de seguridad para el Distrito 14\",\"datePublished\":\"2025-10-16T21:39:02+00:00\",\"dateModified\":\"2025-10-16T21:39:03+00:00\",\"mainEntityOfPage\":{\"@id\":\"https:\\\/\\\/diarioellabrador.cl\\\/index.php\\\/2025\\\/10\\\/16\\\/jaime-coloma-presenta-sus-propuestas-en-materia-de-seguridad-para-el-distrito-14\\\/\"},\"wordCount\":248,\"commentCount\":0,\"publisher\":{\"@id\":\"https:\\\/\\\/diarioellabrador.cl\\\/#organization\"},\"image\":{\"@id\":\"https:\\\/\\\/diarioellabrador.cl\\\/index.php\\\/2025\\\/10\\\/16\\\/jaime-coloma-presenta-sus-propuestas-en-materia-de-seguridad-para-el-distrito-14\\\/#primaryimage\"},\"thumbnailUrl\":\"https:\\\/\\\/diarioellabrador.cl\\\/wp-content\\\/uploads\\\/2025\\\/10\\\/Jaime-Coloma-presenta-sus-propuestas-en-materia-de-seguridad-para-el-Distrito-14.jpg\",\"articleSection\":[\"Cr\u00f3nica\"],\"inLanguage\":\"es\",\"potentialAction\":[{\"@type\":\"CommentAction\",\"name\":\"Comment\",\"target\":[\"https:\\\/\\\/diarioellabrador.cl\\\/index.php\\\/2025\\\/10\\\/16\\\/jaime-coloma-presenta-sus-propuestas-en-materia-de-seguridad-para-el-distrito-14\\\/#respond\"]}]},{\"@type\":\"WebPage\",\"@id\":\"https:\\\/\\\/diarioellabrador.cl\\\/index.php\\\/2025\\\/10\\\/16\\\/jaime-coloma-presenta-sus-propuestas-en-materia-de-seguridad-para-el-distrito-14\\\/\",\"url\":\"https:\\\/\\\/diarioellabrador.cl\\\/index.php\\\/2025\\\/10\\\/16\\\/jaime-coloma-presenta-sus-propuestas-en-materia-de-seguridad-para-el-distrito-14\\\/\",\"name\":\"Jaime Coloma presenta sus propuestas en materia de seguridad para el Distrito 14 - Diario El Labrador\",\"isPartOf\":{\"@id\":\"https:\\\/\\\/diarioellabrador.cl\\\/#website\"},\"primaryImageOfPage\":{\"@id\":\"https:\\\/\\\/diarioellabrador.cl\\\/index.php\\\/2025\\\/10\\\/16\\\/jaime-coloma-presenta-sus-propuestas-en-materia-de-seguridad-para-el-distrito-14\\\/#primaryimage\"},\"image\":{\"@id\":\"https:\\\/\\\/diarioellabrador.cl\\\/index.php\\\/2025\\\/10\\\/16\\\/jaime-coloma-presenta-sus-propuestas-en-materia-de-seguridad-para-el-distrito-14\\\/#primaryimage\"},\"thumbnailUrl\":\"https:\\\/\\\/diarioellabrador.cl\\\/wp-content\\\/uploads\\\/2025\\\/10\\\/Jaime-Coloma-presenta-sus-propuestas-en-materia-de-seguridad-para-el-Distrito-14.jpg\",\"datePublished\":\"2025-10-16T21:39:02+00:00\",\"dateModified\":\"2025-10-16T21:39:03+00:00\",\"breadcrumb\":{\"@id\":\"https:\\\/\\\/diarioellabrador.cl\\\/index.php\\\/2025\\\/10\\\/16\\\/jaime-coloma-presenta-sus-propuestas-en-materia-de-seguridad-para-el-distrito-14\\\/#breadcrumb\"},\"inLanguage\":\"es\",\"potentialAction\":[{\"@type\":\"ReadAction\",\"target\":[\"https:\\\/\\\/diarioellabrador.cl\\\/index.php\\\/2025\\\/10\\\/16\\\/jaime-coloma-presenta-sus-propuestas-en-materia-de-seguridad-para-el-distrito-14\\\/\"]}]},{\"@type\":\"ImageObject\",\"inLanguage\":\"es\",\"@id\":\"https:\\\/\\\/diarioellabrador.cl\\\/index.php\\\/2025\\\/10\\\/16\\\/jaime-coloma-presenta-sus-propuestas-en-materia-de-seguridad-para-el-distrito-14\\\/#primaryimage\",\"url\":\"https:\\\/\\\/diarioellabrador.cl\\\/wp-content\\\/uploads\\\/2025\\\/10\\\/Jaime-Coloma-presenta-sus-propuestas-en-materia-de-seguridad-para-el-Distrito-14.jpg\",\"contentUrl\":\"https:\\\/\\\/diarioellabrador.cl\\\/wp-content\\\/uploads\\\/2025\\\/10\\\/Jaime-Coloma-presenta-sus-propuestas-en-materia-de-seguridad-para-el-Distrito-14.jpg\",\"width\":1290,\"height\":1590,\"caption\":\"Screenshot\"},{\"@type\":\"BreadcrumbList\",\"@id\":\"https:\\\/\\\/diarioellabrador.cl\\\/index.php\\\/2025\\\/10\\\/16\\\/jaime-coloma-presenta-sus-propuestas-en-materia-de-seguridad-para-el-distrito-14\\\/#breadcrumb\",\"itemListElement\":[{\"@type\":\"ListItem\",\"position\":1,\"name\":\"Portada\",\"item\":\"https:\\\/\\\/diarioellabrador.cl\\\/\"},{\"@type\":\"ListItem\",\"position\":2,\"name\":\"Jaime Coloma presenta sus propuestas en materia de seguridad para el Distrito 14\"}]},{\"@type\":\"WebSite\",\"@id\":\"https:\\\/\\\/diarioellabrador.cl\\\/#website\",\"url\":\"https:\\\/\\\/diarioellabrador.cl\\\/\",\"name\":\"Diario El Labrador\",\"description\":\"Haciendo noticia desde 1921\",\"publisher\":{\"@id\":\"https:\\\/\\\/diarioellabrador.cl\\\/#organization\"},\"potentialAction\":[{\"@type\":\"SearchAction\",\"target\":{\"@type\":\"EntryPoint\",\"urlTemplate\":\"https:\\\/\\\/diarioellabrador.cl\\\/?s={search_term_string}\"},\"query-input\":{\"@type\":\"PropertyValueSpecification\",\"valueRequired\":true,\"valueName\":\"search_term_string\"}}],\"inLanguage\":\"es\"},{\"@type\":\"Organization\",\"@id\":\"https:\\\/\\\/diarioellabrador.cl\\\/#organization\",\"name\":\"Diario El Labrador\",\"url\":\"https:\\\/\\\/diarioellabrador.cl\\\/\",\"logo\":{\"@type\":\"ImageObject\",\"inLanguage\":\"es\",\"@id\":\"https:\\\/\\\/diarioellabrador.cl\\\/#\\\/schema\\\/logo\\\/image\\\/\",\"url\":\"https:\\\/\\\/diarioellabrador.cl\\\/wp-content\\\/uploads\\\/2025\\\/02\\\/cropped-Logo-Icono.png\",\"contentUrl\":\"https:\\\/\\\/diarioellabrador.cl\\\/wp-content\\\/uploads\\\/2025\\\/02\\\/cropped-Logo-Icono.png\",\"width\":512,\"height\":512,\"caption\":\"Diario El Labrador\"},\"image\":{\"@id\":\"https:\\\/\\\/diarioellabrador.cl\\\/#\\\/schema\\\/logo\\\/image\\\/\"},\"sameAs\":[\"https:\\\/\\\/web.facebook.com\\\/profile.php?id=61576120840621\",\"https:\\\/\\\/x.com\\\/ElLabradorOf\",\"https:\\\/\\\/www.instagram.com\\\/diarioellabradoroficial\\\/\"]},{\"@type\":\"Person\",\"@id\":\"https:\\\/\\\/diarioellabrador.cl\\\/#\\\/schema\\\/person\\\/bc25ff80b4563f9c7f4bd7855df01685\",\"name\":\"Editor\",\"image\":{\"@type\":\"ImageObject\",\"inLanguage\":\"es\",\"@id\":\"https:\\\/\\\/secure.gravatar.com\\\/avatar\\\/109c326cf2be5c04f048c2c2a2b8b6ef44bf3d8d1d3d4c55d0ac40c4bc994684?s=96&d=mm&r=g\",\"url\":\"https:\\\/\\\/secure.gravatar.com\\\/avatar\\\/109c326cf2be5c04f048c2c2a2b8b6ef44bf3d8d1d3d4c55d0ac40c4bc994684?s=96&d=mm&r=g\",\"contentUrl\":\"https:\\\/\\\/secure.gravatar.com\\\/avatar\\\/109c326cf2be5c04f048c2c2a2b8b6ef44bf3d8d1d3d4c55d0ac40c4bc994684?s=96&d=mm&r=g\",\"caption\":\"Editor\"},\"url\":\"https:\\\/\\\/diarioellabrador.cl\\\/index.php\\\/author\\\/editor\\\/\"}]}<\/script>\n<!-- \/ Yoast SEO plugin. -->","yoast_head_json":{"title":"Jaime Coloma presenta sus propuestas en materia de seguridad para el Distrito 14 - Diario El Labrador","robots":{"index":"index","follow":"follow","max-snippet":"max-snippet:-1","max-image-preview":"max-image-preview:large","max-video-preview":"max-video-preview:-1"},"canonical":"https:\/\/diarioellabrador.cl\/index.php\/2025\/10\/16\/jaime-coloma-presenta-sus-propuestas-en-materia-de-seguridad-para-el-distrito-14\/","og_locale":"es_ES","og_type":"article","og_title":"Jaime Coloma presenta sus propuestas en materia de seguridad para el Distrito 14 - Diario El Labrador","og_description":"El candidato a diputado del Distrito 14, Jaime Coloma, dio a conocer parte de su programa centrado en fortalecer la seguridad ciudadana, una de las principales preocupaciones de los vecinos de la zona. Coloma se\u00f1al\u00f3 que es urgente reforzar la presencia policial en las calles, proponiendo la incorporaci\u00f3n de m\u00e1s de 10.000 nuevos carabineros en Leer m\u00e1s","og_url":"https:\/\/diarioellabrador.cl\/index.php\/2025\/10\/16\/jaime-coloma-presenta-sus-propuestas-en-materia-de-seguridad-para-el-distrito-14\/","og_site_name":"Diario El Labrador","article_publisher":"https:\/\/web.facebook.com\/profile.php?id=61576120840621","article_published_time":"2025-10-16T21:39:02+00:00","article_modified_time":"2025-10-16T21:39:03+00:00","og_image":[{"width":1290,"height":1590,"url":"https:\/\/diarioellabrador.cl\/wp-content\/uploads\/2025\/10\/Jaime-Coloma-presenta-sus-propuestas-en-materia-de-seguridad-para-el-Distrito-14.jpg","type":"image\/jpeg"}],"author":"Editor","twitter_card":"summary_large_image","twitter_creator":"@ElLabradorOf","twitter_site":"@ElLabradorOf","twitter_misc":{"Escrito por":"Editor","Tiempo de lectura":"2 minutos"},"schema":{"@context":"https:\/\/schema.org","@graph":[{"@type":"Article","@id":"https:\/\/diarioellabrador.cl\/index.php\/2025\/10\/16\/jaime-coloma-presenta-sus-propuestas-en-materia-de-seguridad-para-el-distrito-14\/#article","isPartOf":{"@id":"https:\/\/diarioellabrador.cl\/index.php\/2025\/10\/16\/jaime-coloma-presenta-sus-propuestas-en-materia-de-seguridad-para-el-distrito-14\/"},"author":{"name":"Editor","@id":"https:\/\/diarioellabrador.cl\/#\/schema\/person\/bc25ff80b4563f9c7f4bd7855df01685"},"headline":"Jaime Coloma presenta sus propuestas en materia de seguridad para el Distrito 14","datePublished":"2025-10-16T21:39:02+00:00","dateModified":"2025-10-16T21:39:03+00:00","mainEntityOfPage":{"@id":"https:\/\/diarioellabrador.cl\/index.php\/2025\/10\/16\/jaime-coloma-presenta-sus-propuestas-en-materia-de-seguridad-para-el-distrito-14\/"},"wordCount":248,"commentCount":0,"publisher":{"@id":"https:\/\/diarioellabrador.cl\/#organization"},"image":{"@id":"https:\/\/diarioellabrador.cl\/index.php\/2025\/10\/16\/jaime-coloma-presenta-sus-propuestas-en-materia-de-seguridad-para-el-distrito-14\/#primaryimage"},"thumbnailUrl":"https:\/\/diarioellabrador.cl\/wp-content\/uploads\/2025\/10\/Jaime-Coloma-presenta-sus-propuestas-en-materia-de-seguridad-para-el-Distrito-14.jpg","articleSection":["Cr\u00f3nica"],"inLanguage":"es","potentialAction":[{"@type":"CommentAction","name":"Comment","target":["https:\/\/diarioellabrador.cl\/index.php\/2025\/10\/16\/jaime-coloma-presenta-sus-propuestas-en-materia-de-seguridad-para-el-distrito-14\/#respond"]}]},{"@type":"WebPage","@id":"https:\/\/diarioellabrador.cl\/index.php\/2025\/10\/16\/jaime-coloma-presenta-sus-propuestas-en-materia-de-seguridad-para-el-distrito-14\/","url":"https:\/\/diarioellabrador.cl\/index.php\/2025\/10\/16\/jaime-coloma-presenta-sus-propuestas-en-materia-de-seguridad-para-el-distrito-14\/","name":"Jaime Coloma presenta sus propuestas en materia de seguridad para el Distrito 14 - Diario El Labrador","isPartOf":{"@id":"https:\/\/diarioellabrador.cl\/#website"},"primaryImageOfPage":{"@id":"https:\/\/diarioellabrador.cl\/index.php\/2025\/10\/16\/jaime-coloma-presenta-sus-propuestas-en-materia-de-seguridad-para-el-distrito-14\/#primaryimage"},"image":{"@id":"https:\/\/diarioellabrador.cl\/index.php\/2025\/10\/16\/jaime-coloma-presenta-sus-propuestas-en-materia-de-seguridad-para-el-distrito-14\/#primaryimage"},"thumbnailUrl":"https:\/\/diarioellabrador.cl\/wp-content\/uploads\/2025\/10\/Jaime-Coloma-presenta-sus-propuestas-en-materia-de-seguridad-para-el-Distrito-14.jpg","datePublished":"2025-10-16T21:39:02+00:00","dateModified":"2025-10-16T21:39:03+00:00","breadcrumb":{"@id":"https:\/\/diarioellabrador.cl\/index.php\/2025\/10\/16\/jaime-coloma-presenta-sus-propuestas-en-materia-de-seguridad-para-el-distrito-14\/#breadcrumb"},"inLanguage":"es","potentialAction":[{"@type":"ReadAction","target":["https:\/\/diarioellabrador.cl\/index.php\/2025\/10\/16\/jaime-coloma-presenta-sus-propuestas-en-materia-de-seguridad-para-el-distrito-14\/"]}]},{"@type":"ImageObject","inLanguage":"es","@id":"https:\/\/diarioellabrador.cl\/index.php\/2025\/10\/16\/jaime-coloma-presenta-sus-propuestas-en-materia-de-seguridad-para-el-distrito-14\/#primaryimage","url":"https:\/\/diarioellabrador.cl\/wp-content\/uploads\/2025\/10\/Jaime-Coloma-presenta-sus-propuestas-en-materia-de-seguridad-para-el-Distrito-14.jpg","contentUrl":"https:\/\/diarioellabrador.cl\/wp-content\/uploads\/2025\/10\/Jaime-Coloma-presenta-sus-propuestas-en-materia-de-seguridad-para-el-Distrito-14.jpg","width":1290,"height":1590,"caption":"Screenshot"},{"@type":"BreadcrumbList","@id":"https:\/\/diarioellabrador.cl\/index.php\/2025\/10\/16\/jaime-coloma-presenta-sus-propuestas-en-materia-de-seguridad-para-el-distrito-14\/#breadcrumb","itemListElement":[{"@type":"ListItem","position":1,"name":"Portada","item":"https:\/\/diarioellabrador.cl\/"},{"@type":"ListItem","position":2,"name":"Jaime Coloma presenta sus propuestas en materia de seguridad para el Distrito 14"}]},{"@type":"WebSite","@id":"https:\/\/diarioellabrador.cl\/#website","url":"https:\/\/diarioellabrador.cl\/","name":"Diario El Labrador","description":"Haciendo noticia desde 1921","publisher":{"@id":"https:\/\/diarioellabrador.cl\/#organization"},"potentialAction":[{"@type":"SearchAction","target":{"@type":"EntryPoint","urlTemplate":"https:\/\/diarioellabrador.cl\/?s={search_term_string}"},"query-input":{"@type":"PropertyValueSpecification","valueRequired":true,"valueName":"search_term_string"}}],"inLanguage":"es"},{"@type":"Organization","@id":"https:\/\/diarioellabrador.cl\/#organization","name":"Diario El Labrador","url":"https:\/\/diarioellabrador.cl\/","logo":{"@type":"ImageObject","inLanguage":"es","@id":"https:\/\/diarioellabrador.cl\/#\/schema\/logo\/image\/","url":"https:\/\/diarioellabrador.cl\/wp-content\/uploads\/2025\/02\/cropped-Logo-Icono.png","contentUrl":"https:\/\/diarioellabrador.cl\/wp-content\/uploads\/2025\/02\/cropped-Logo-Icono.png","width":512,"height":512,"caption":"Diario El Labrador"},"image":{"@id":"https:\/\/diarioellabrador.cl\/#\/schema\/logo\/image\/"},"sameAs":["https:\/\/web.facebook.com\/profile.php?id=61576120840621","https:\/\/x.com\/ElLabradorOf","https:\/\/www.instagram.com\/diarioellabradoroficial\/"]},{"@type":"Person","@id":"https:\/\/diarioellabrador.cl\/#\/schema\/person\/bc25ff80b4563f9c7f4bd7855df01685","name":"Editor","image":{"@type":"ImageObject","inLanguage":"es","@id":"https:\/\/secure.gravatar.com\/avatar\/109c326cf2be5c04f048c2c2a2b8b6ef44bf3d8d1d3d4c55d0ac40c4bc994684?s=96&d=mm&r=g","url":"https:\/\/secure.gravatar.com\/avatar\/109c326cf2be5c04f048c2c2a2b8b6ef44bf3d8d1d3d4c55d0ac40c4bc994684?s=96&d=mm&r=g","contentUrl":"https:\/\/secure.gravatar.com\/avatar\/109c326cf2be5c04f048c2c2a2b8b6ef44bf3d8d1d3d4c55d0ac40c4bc994684?s=96&d=mm&r=g","caption":"Editor"},"url":"https:\/\/diarioellabrador.cl\/index.php\/author\/editor\/"}]}},"_links":{"self":[{"href":"https:\/\/diarioellabrador.cl\/index.php\/wp-json\/wp\/v2\/posts\/9973","targetHints":{"allow":["GET"]}}],"collection":[{"href":"https:\/\/diarioellabrador.cl\/index.php\/wp-json\/wp\/v2\/posts"}],"about":[{"href":"https:\/\/diarioellabrador.cl\/index.php\/wp-json\/wp\/v2\/types\/post"}],"author":[{"embeddable":true,"href":"https:\/\/diarioellabrador.cl\/index.php\/wp-json\/wp\/v2\/users\/2"}],"replies":[{"embeddable":true,"href":"https:\/\/diarioellabrador.cl\/index.php\/wp-json\/wp\/v2\/comments?post=9973"}],"version-history":[{"count":1,"href":"https:\/\/diarioellabrador.cl\/index.php\/wp-json\/wp\/v2\/posts\/9973\/revisions"}],"predecessor-version":[{"id":9974,"href":"https:\/\/diarioellabrador.cl\/index.php\/wp-json\/wp\/v2\/posts\/9973\/revisions\/9974"}],"wp:featuredmedia":[{"embeddable":true,"href":"https:\/\/diarioellabrador.cl\/index.php\/wp-json\/wp\/v2\/media\/9944"}],"wp:attachment":[{"href":"https:\/\/diarioellabrador.cl\/index.php\/wp-json\/wp\/v2\/media?parent=9973"}],"wp:term":[{"taxonomy":"category","embeddable":true,"href":"https:\/\/diarioellabrador.cl\/index.php\/wp-json\/wp\/v2\/categories?post=9973"},{"taxonomy":"post_tag","embeddable":true,"href":"https:\/\/diarioellabrador.cl\/index.php\/wp-json\/wp\/v2\/tags?post=9973"}],"curies":[{"name":"wp","href":"https:\/\/api.w.org\/{rel}","templated":true}]}}