{"id":9971,"date":"2025-10-16T17:33:10","date_gmt":"2025-10-16T21:33:10","guid":{"rendered":"https:\/\/diarioellabrador.cl\/?p=9971"},"modified":"2025-10-16T17:33:11","modified_gmt":"2025-10-16T21:33:11","slug":"infante-y-ordonez-festejaron-en-chocalan-y-alcanzaron-el-requisito","status":"publish","type":"post","link":"https:\/\/diarioellabrador.cl\/index.php\/2025\/10\/16\/infante-y-ordonez-festejaron-en-chocalan-y-alcanzaron-el-requisito\/","title":{"rendered":"Infante y Ord\u00f3\u00f1ez festejaron en Chocal\u00e1n y alcanzaron el requisito"},"content":{"rendered":"\n<p><strong>Autor: <\/strong><a href=\"https:\/\/www.caballoyrodeo.cl\/portal_rodeo\/site\/artic\/20240223\/pags\/20240223201413.html\">Alejandro Alegr\u00eda Torres<\/a><\/p>\n\n\n\n<p><strong>Francisco Infante <\/strong>y <strong>Jos\u00e9 Mauricio Ord\u00f3\u00f1ez<\/strong> festejaron este fin de semana en el <strong>Rodeo Provincial en 3 Series <\/strong>que organiz\u00f3 el <strong>Club Melipilla Sur <\/strong>de la <strong>Asociaci\u00f3n Melipilla <\/strong>en la <strong>Medialuna de Chocal\u00e1n<\/strong> y alcanzaron el siempre anhelado requisito.<\/p>\n\n\n\n<p>Infante y Ord\u00f3\u00f1ez fueron campeones gracias a que montando a <strong>El Barranco Puc\u00f3n Risue\u00f1a <\/strong>y <strong>Santa Maite Do\u00f1a Pili <\/strong>lograron un total de 32 puntos buenos.<\/p>\n\n\n\n<p>Ord\u00f3\u00f1ez coment\u00f3 a <strong>Caballoyrodeo.cl<\/strong> el triunfo obtenido: \u00abEstoy feliz, es el tercer rodeo en que sal\u00edamos con don Francisco, estoy contento por el resultado y porque los caballos est\u00e1n respondiendo m\u00e1s o menos lo que uno necesita. As\u00ed que estoy feliz por eso\u00bb.<\/p>\n\n\n\n<p>\u00abEsta collera qued\u00f3 con nueve puntos y requisito, porque ten\u00edamos un punto y sumamos ocho. Ahora estamos cerca de completar, en la mitad por lo menos\u00bb, agreg\u00f3.<\/p>\n\n\n\n<p>Respecto al rodeo, coment\u00f3: \u00abEstuvo en general bueno. El ganado del champion fue bastante bueno, en las series no estuvo malo tampoco\u00bb.<\/p>\n\n\n\n<p>El jinete adelant\u00f3 los pasos a seguir del corral: \u00abEste fin de semana vamos a Villarrica a correr un Interasociaciones. Vamos a probar para all\u00e1 y ver c\u00f3mo nos va\u00bb.<\/p>\n\n\n\n<p>Por \u00faltimo, sobre su participaci\u00f3n corriendo con Infante, se\u00f1al\u00f3: \u00abHace cuatro meses que estamos con don Francisco, cuando me dio la posibilidad de que lo acompa\u00f1ara a correr. He estado feliz con el hombre porque es un patr\u00f3n competitivo, bueno para correr y hay que hacerle empe\u00f1o para ponerse en su nivel. Tiene harto caballo buena clase y otros que se est\u00e1n mejorando un poco, as\u00ed que la idea es armar tres colleras buenas para llegar a los Clasificatorios\u00bb.<\/p>\n\n\n\n<p>El segundo lugar lo obtuvieron <strong>Guillermo V\u00e1squez <\/strong>y <strong>Nicol\u00e1s Arroyo <\/strong>en <strong>Colonia Las Lumbreras <\/strong>y <strong>Santa Isabel Ojalatero T.E. <\/strong>con 27 de los buenos.<\/p>\n\n\n\n<p>Terceros quedaron <strong>Andr\u00e9s Joannon <\/strong>y <strong>Mario Morales <\/strong>en <strong>Don Sanda Remendao <\/strong>y <strong>La Fantas\u00eda Fundador <\/strong>con 25 de los grandes. Con esto la collera complet\u00f3 para el clasificatorio nortino.<\/p>\n\n\n\n<p>Tambi\u00e9n corrieron el cuarto animal el Criadero Carampangue T. con Manuel Barros y Johnny Aravena en Temporero e Ingrata con 23 puntos; Sebasti\u00e1n Albornoz y Jos\u00e9 Sebasti\u00e1n Abarca en Peleco Albacea y Santa Elba Infula con 22; Francisco Hidalgo y Nicol\u00e1s Ar\u00e9valo en Los Tacos de Rumai Sarmiento y La Trilla Fabuloso con 20, y en Chiqueihua Pintaza con Do\u00f1a Dominga Don Cata Picarona con 16.<\/p>\n","protected":false},"excerpt":{"rendered":"<p>Autor: Alejandro Alegr\u00eda Torres Francisco Infante y Jos\u00e9 Mauricio Ord\u00f3\u00f1ez festejaron este fin de semana en el Rodeo Provincial en 3 Series que organiz\u00f3 el Club Melipilla Sur de la Asociaci\u00f3n Melipilla en la Medialuna de Chocal\u00e1n y alcanzaron el siempre anhelado requisito. Infante y Ord\u00f3\u00f1ez fueron campeones gracias a que montando a El Barranco<\/p>\n<div class=\"read-more-wrapper\"><a class=\"read-more\" href=\"https:\/\/diarioellabrador.cl\/index.php\/2025\/10\/16\/infante-y-ordonez-festejaron-en-chocalan-y-alcanzaron-el-requisito\/\" title=\"Leer m\u00e1s\"> <span class=\"button \">Leer m\u00e1s<\/span><\/a><\/div>\n","protected":false},"author":2,"featured_media":9948,"comment_status":"open","ping_status":"open","sticky":false,"template":"","format":"standard","meta":{"footnotes":""},"categories":[5],"tags":[],"class_list":["post-9971","post","type-post","status-publish","format-standard","has-post-thumbnail","hentry","category-rodeo"],"yoast_head":"<!-- This site is optimized with the Yoast SEO plugin v27.5 - https:\/\/yoast.com\/product\/yoast-seo-wordpress\/ -->\n<title>Infante y Ord\u00f3\u00f1ez festejaron en Chocal\u00e1n y alcanzaron el requisito - Diario El Labrador<\/title>\n<meta name=\"robots\" content=\"index, follow, max-snippet:-1, max-image-preview:large, max-video-preview:-1\" \/>\n<link rel=\"canonical\" href=\"https:\/\/diarioellabrador.cl\/index.php\/2025\/10\/16\/infante-y-ordonez-festejaron-en-chocalan-y-alcanzaron-el-requisito\/\" \/>\n<meta property=\"og:locale\" content=\"es_ES\" \/>\n<meta property=\"og:type\" content=\"article\" \/>\n<meta property=\"og:title\" content=\"Infante y Ord\u00f3\u00f1ez festejaron en Chocal\u00e1n y alcanzaron el requisito - Diario El Labrador\" \/>\n<meta property=\"og:description\" content=\"Autor: Alejandro Alegr\u00eda Torres Francisco Infante y Jos\u00e9 Mauricio Ord\u00f3\u00f1ez festejaron este fin de semana en el Rodeo Provincial en 3 Series que organiz\u00f3 el Club Melipilla Sur de la Asociaci\u00f3n Melipilla en la Medialuna de Chocal\u00e1n y alcanzaron el siempre anhelado requisito. Infante y Ord\u00f3\u00f1ez fueron campeones gracias a que montando a El Barranco Leer m\u00e1s\" \/>\n<meta property=\"og:url\" content=\"https:\/\/diarioellabrador.cl\/index.php\/2025\/10\/16\/infante-y-ordonez-festejaron-en-chocalan-y-alcanzaron-el-requisito\/\" \/>\n<meta property=\"og:site_name\" content=\"Diario El Labrador\" \/>\n<meta property=\"article:publisher\" content=\"https:\/\/web.facebook.com\/profile.php?id=61576120840621\" \/>\n<meta property=\"article:published_time\" content=\"2025-10-16T21:33:10+00:00\" \/>\n<meta property=\"article:modified_time\" content=\"2025-10-16T21:33:11+00:00\" \/>\n<meta property=\"og:image\" content=\"https:\/\/diarioellabrador.cl\/wp-content\/uploads\/2025\/10\/Infante-y-Ordonez-festejaron-en-Chocalan-y-alcanzaron-el-requisito.jpg\" \/>\n\t<meta property=\"og:image:width\" content=\"750\" \/>\n\t<meta property=\"og:image:height\" content=\"389\" \/>\n\t<meta property=\"og:image:type\" content=\"image\/jpeg\" \/>\n<meta name=\"author\" content=\"Editor\" \/>\n<meta name=\"twitter:card\" content=\"summary_large_image\" \/>\n<meta name=\"twitter:creator\" content=\"@ElLabradorOf\" \/>\n<meta name=\"twitter:site\" content=\"@ElLabradorOf\" \/>\n<meta name=\"twitter:label1\" content=\"Escrito por\" \/>\n\t<meta name=\"twitter:data1\" content=\"Editor\" \/>\n\t<meta name=\"twitter:label2\" content=\"Tiempo de lectura\" \/>\n\t<meta name=\"twitter:data2\" content=\"2 minutos\" \/>\n<script type=\"application\/ld+json\" class=\"yoast-schema-graph\">{\"@context\":\"https:\\\/\\\/schema.org\",\"@graph\":[{\"@type\":\"Article\",\"@id\":\"https:\\\/\\\/diarioellabrador.cl\\\/index.php\\\/2025\\\/10\\\/16\\\/infante-y-ordonez-festejaron-en-chocalan-y-alcanzaron-el-requisito\\\/#article\",\"isPartOf\":{\"@id\":\"https:\\\/\\\/diarioellabrador.cl\\\/index.php\\\/2025\\\/10\\\/16\\\/infante-y-ordonez-festejaron-en-chocalan-y-alcanzaron-el-requisito\\\/\"},\"author\":{\"name\":\"Editor\",\"@id\":\"https:\\\/\\\/diarioellabrador.cl\\\/#\\\/schema\\\/person\\\/bc25ff80b4563f9c7f4bd7855df01685\"},\"headline\":\"Infante y Ord\u00f3\u00f1ez festejaron en Chocal\u00e1n y alcanzaron el requisito\",\"datePublished\":\"2025-10-16T21:33:10+00:00\",\"dateModified\":\"2025-10-16T21:33:11+00:00\",\"mainEntityOfPage\":{\"@id\":\"https:\\\/\\\/diarioellabrador.cl\\\/index.php\\\/2025\\\/10\\\/16\\\/infante-y-ordonez-festejaron-en-chocalan-y-alcanzaron-el-requisito\\\/\"},\"wordCount\":425,\"commentCount\":0,\"publisher\":{\"@id\":\"https:\\\/\\\/diarioellabrador.cl\\\/#organization\"},\"image\":{\"@id\":\"https:\\\/\\\/diarioellabrador.cl\\\/index.php\\\/2025\\\/10\\\/16\\\/infante-y-ordonez-festejaron-en-chocalan-y-alcanzaron-el-requisito\\\/#primaryimage\"},\"thumbnailUrl\":\"https:\\\/\\\/diarioellabrador.cl\\\/wp-content\\\/uploads\\\/2025\\\/10\\\/Infante-y-Ordonez-festejaron-en-Chocalan-y-alcanzaron-el-requisito.jpg\",\"articleSection\":[\"Rodeo\"],\"inLanguage\":\"es\",\"potentialAction\":[{\"@type\":\"CommentAction\",\"name\":\"Comment\",\"target\":[\"https:\\\/\\\/diarioellabrador.cl\\\/index.php\\\/2025\\\/10\\\/16\\\/infante-y-ordonez-festejaron-en-chocalan-y-alcanzaron-el-requisito\\\/#respond\"]}]},{\"@type\":\"WebPage\",\"@id\":\"https:\\\/\\\/diarioellabrador.cl\\\/index.php\\\/2025\\\/10\\\/16\\\/infante-y-ordonez-festejaron-en-chocalan-y-alcanzaron-el-requisito\\\/\",\"url\":\"https:\\\/\\\/diarioellabrador.cl\\\/index.php\\\/2025\\\/10\\\/16\\\/infante-y-ordonez-festejaron-en-chocalan-y-alcanzaron-el-requisito\\\/\",\"name\":\"Infante y Ord\u00f3\u00f1ez festejaron en Chocal\u00e1n y alcanzaron el requisito - Diario El Labrador\",\"isPartOf\":{\"@id\":\"https:\\\/\\\/diarioellabrador.cl\\\/#website\"},\"primaryImageOfPage\":{\"@id\":\"https:\\\/\\\/diarioellabrador.cl\\\/index.php\\\/2025\\\/10\\\/16\\\/infante-y-ordonez-festejaron-en-chocalan-y-alcanzaron-el-requisito\\\/#primaryimage\"},\"image\":{\"@id\":\"https:\\\/\\\/diarioellabrador.cl\\\/index.php\\\/2025\\\/10\\\/16\\\/infante-y-ordonez-festejaron-en-chocalan-y-alcanzaron-el-requisito\\\/#primaryimage\"},\"thumbnailUrl\":\"https:\\\/\\\/diarioellabrador.cl\\\/wp-content\\\/uploads\\\/2025\\\/10\\\/Infante-y-Ordonez-festejaron-en-Chocalan-y-alcanzaron-el-requisito.jpg\",\"datePublished\":\"2025-10-16T21:33:10+00:00\",\"dateModified\":\"2025-10-16T21:33:11+00:00\",\"breadcrumb\":{\"@id\":\"https:\\\/\\\/diarioellabrador.cl\\\/index.php\\\/2025\\\/10\\\/16\\\/infante-y-ordonez-festejaron-en-chocalan-y-alcanzaron-el-requisito\\\/#breadcrumb\"},\"inLanguage\":\"es\",\"potentialAction\":[{\"@type\":\"ReadAction\",\"target\":[\"https:\\\/\\\/diarioellabrador.cl\\\/index.php\\\/2025\\\/10\\\/16\\\/infante-y-ordonez-festejaron-en-chocalan-y-alcanzaron-el-requisito\\\/\"]}]},{\"@type\":\"ImageObject\",\"inLanguage\":\"es\",\"@id\":\"https:\\\/\\\/diarioellabrador.cl\\\/index.php\\\/2025\\\/10\\\/16\\\/infante-y-ordonez-festejaron-en-chocalan-y-alcanzaron-el-requisito\\\/#primaryimage\",\"url\":\"https:\\\/\\\/diarioellabrador.cl\\\/wp-content\\\/uploads\\\/2025\\\/10\\\/Infante-y-Ordonez-festejaron-en-Chocalan-y-alcanzaron-el-requisito.jpg\",\"contentUrl\":\"https:\\\/\\\/diarioellabrador.cl\\\/wp-content\\\/uploads\\\/2025\\\/10\\\/Infante-y-Ordonez-festejaron-en-Chocalan-y-alcanzaron-el-requisito.jpg\",\"width\":750,\"height\":389},{\"@type\":\"BreadcrumbList\",\"@id\":\"https:\\\/\\\/diarioellabrador.cl\\\/index.php\\\/2025\\\/10\\\/16\\\/infante-y-ordonez-festejaron-en-chocalan-y-alcanzaron-el-requisito\\\/#breadcrumb\",\"itemListElement\":[{\"@type\":\"ListItem\",\"position\":1,\"name\":\"Portada\",\"item\":\"https:\\\/\\\/diarioellabrador.cl\\\/\"},{\"@type\":\"ListItem\",\"position\":2,\"name\":\"Infante y Ord\u00f3\u00f1ez festejaron en Chocal\u00e1n y alcanzaron el requisito\"}]},{\"@type\":\"WebSite\",\"@id\":\"https:\\\/\\\/diarioellabrador.cl\\\/#website\",\"url\":\"https:\\\/\\\/diarioellabrador.cl\\\/\",\"name\":\"Diario El Labrador\",\"description\":\"Haciendo noticia desde 1921\",\"publisher\":{\"@id\":\"https:\\\/\\\/diarioellabrador.cl\\\/#organization\"},\"potentialAction\":[{\"@type\":\"SearchAction\",\"target\":{\"@type\":\"EntryPoint\",\"urlTemplate\":\"https:\\\/\\\/diarioellabrador.cl\\\/?s={search_term_string}\"},\"query-input\":{\"@type\":\"PropertyValueSpecification\",\"valueRequired\":true,\"valueName\":\"search_term_string\"}}],\"inLanguage\":\"es\"},{\"@type\":\"Organization\",\"@id\":\"https:\\\/\\\/diarioellabrador.cl\\\/#organization\",\"name\":\"Diario El Labrador\",\"url\":\"https:\\\/\\\/diarioellabrador.cl\\\/\",\"logo\":{\"@type\":\"ImageObject\",\"inLanguage\":\"es\",\"@id\":\"https:\\\/\\\/diarioellabrador.cl\\\/#\\\/schema\\\/logo\\\/image\\\/\",\"url\":\"https:\\\/\\\/diarioellabrador.cl\\\/wp-content\\\/uploads\\\/2025\\\/02\\\/cropped-Logo-Icono.png\",\"contentUrl\":\"https:\\\/\\\/diarioellabrador.cl\\\/wp-content\\\/uploads\\\/2025\\\/02\\\/cropped-Logo-Icono.png\",\"width\":512,\"height\":512,\"caption\":\"Diario El Labrador\"},\"image\":{\"@id\":\"https:\\\/\\\/diarioellabrador.cl\\\/#\\\/schema\\\/logo\\\/image\\\/\"},\"sameAs\":[\"https:\\\/\\\/web.facebook.com\\\/profile.php?id=61576120840621\",\"https:\\\/\\\/x.com\\\/ElLabradorOf\",\"https:\\\/\\\/www.instagram.com\\\/diarioellabradoroficial\\\/\"]},{\"@type\":\"Person\",\"@id\":\"https:\\\/\\\/diarioellabrador.cl\\\/#\\\/schema\\\/person\\\/bc25ff80b4563f9c7f4bd7855df01685\",\"name\":\"Editor\",\"image\":{\"@type\":\"ImageObject\",\"inLanguage\":\"es\",\"@id\":\"https:\\\/\\\/secure.gravatar.com\\\/avatar\\\/109c326cf2be5c04f048c2c2a2b8b6ef44bf3d8d1d3d4c55d0ac40c4bc994684?s=96&d=mm&r=g\",\"url\":\"https:\\\/\\\/secure.gravatar.com\\\/avatar\\\/109c326cf2be5c04f048c2c2a2b8b6ef44bf3d8d1d3d4c55d0ac40c4bc994684?s=96&d=mm&r=g\",\"contentUrl\":\"https:\\\/\\\/secure.gravatar.com\\\/avatar\\\/109c326cf2be5c04f048c2c2a2b8b6ef44bf3d8d1d3d4c55d0ac40c4bc994684?s=96&d=mm&r=g\",\"caption\":\"Editor\"},\"url\":\"https:\\\/\\\/diarioellabrador.cl\\\/index.php\\\/author\\\/editor\\\/\"}]}<\/script>\n<!-- \/ Yoast SEO plugin. -->","yoast_head_json":{"title":"Infante y Ord\u00f3\u00f1ez festejaron en Chocal\u00e1n y alcanzaron el requisito - Diario El Labrador","robots":{"index":"index","follow":"follow","max-snippet":"max-snippet:-1","max-image-preview":"max-image-preview:large","max-video-preview":"max-video-preview:-1"},"canonical":"https:\/\/diarioellabrador.cl\/index.php\/2025\/10\/16\/infante-y-ordonez-festejaron-en-chocalan-y-alcanzaron-el-requisito\/","og_locale":"es_ES","og_type":"article","og_title":"Infante y Ord\u00f3\u00f1ez festejaron en Chocal\u00e1n y alcanzaron el requisito - Diario El Labrador","og_description":"Autor: Alejandro Alegr\u00eda Torres Francisco Infante y Jos\u00e9 Mauricio Ord\u00f3\u00f1ez festejaron este fin de semana en el Rodeo Provincial en 3 Series que organiz\u00f3 el Club Melipilla Sur de la Asociaci\u00f3n Melipilla en la Medialuna de Chocal\u00e1n y alcanzaron el siempre anhelado requisito. Infante y Ord\u00f3\u00f1ez fueron campeones gracias a que montando a El Barranco Leer m\u00e1s","og_url":"https:\/\/diarioellabrador.cl\/index.php\/2025\/10\/16\/infante-y-ordonez-festejaron-en-chocalan-y-alcanzaron-el-requisito\/","og_site_name":"Diario El Labrador","article_publisher":"https:\/\/web.facebook.com\/profile.php?id=61576120840621","article_published_time":"2025-10-16T21:33:10+00:00","article_modified_time":"2025-10-16T21:33:11+00:00","og_image":[{"width":750,"height":389,"url":"https:\/\/diarioellabrador.cl\/wp-content\/uploads\/2025\/10\/Infante-y-Ordonez-festejaron-en-Chocalan-y-alcanzaron-el-requisito.jpg","type":"image\/jpeg"}],"author":"Editor","twitter_card":"summary_large_image","twitter_creator":"@ElLabradorOf","twitter_site":"@ElLabradorOf","twitter_misc":{"Escrito por":"Editor","Tiempo de lectura":"2 minutos"},"schema":{"@context":"https:\/\/schema.org","@graph":[{"@type":"Article","@id":"https:\/\/diarioellabrador.cl\/index.php\/2025\/10\/16\/infante-y-ordonez-festejaron-en-chocalan-y-alcanzaron-el-requisito\/#article","isPartOf":{"@id":"https:\/\/diarioellabrador.cl\/index.php\/2025\/10\/16\/infante-y-ordonez-festejaron-en-chocalan-y-alcanzaron-el-requisito\/"},"author":{"name":"Editor","@id":"https:\/\/diarioellabrador.cl\/#\/schema\/person\/bc25ff80b4563f9c7f4bd7855df01685"},"headline":"Infante y Ord\u00f3\u00f1ez festejaron en Chocal\u00e1n y alcanzaron el requisito","datePublished":"2025-10-16T21:33:10+00:00","dateModified":"2025-10-16T21:33:11+00:00","mainEntityOfPage":{"@id":"https:\/\/diarioellabrador.cl\/index.php\/2025\/10\/16\/infante-y-ordonez-festejaron-en-chocalan-y-alcanzaron-el-requisito\/"},"wordCount":425,"commentCount":0,"publisher":{"@id":"https:\/\/diarioellabrador.cl\/#organization"},"image":{"@id":"https:\/\/diarioellabrador.cl\/index.php\/2025\/10\/16\/infante-y-ordonez-festejaron-en-chocalan-y-alcanzaron-el-requisito\/#primaryimage"},"thumbnailUrl":"https:\/\/diarioellabrador.cl\/wp-content\/uploads\/2025\/10\/Infante-y-Ordonez-festejaron-en-Chocalan-y-alcanzaron-el-requisito.jpg","articleSection":["Rodeo"],"inLanguage":"es","potentialAction":[{"@type":"CommentAction","name":"Comment","target":["https:\/\/diarioellabrador.cl\/index.php\/2025\/10\/16\/infante-y-ordonez-festejaron-en-chocalan-y-alcanzaron-el-requisito\/#respond"]}]},{"@type":"WebPage","@id":"https:\/\/diarioellabrador.cl\/index.php\/2025\/10\/16\/infante-y-ordonez-festejaron-en-chocalan-y-alcanzaron-el-requisito\/","url":"https:\/\/diarioellabrador.cl\/index.php\/2025\/10\/16\/infante-y-ordonez-festejaron-en-chocalan-y-alcanzaron-el-requisito\/","name":"Infante y Ord\u00f3\u00f1ez festejaron en Chocal\u00e1n y alcanzaron el requisito - Diario El Labrador","isPartOf":{"@id":"https:\/\/diarioellabrador.cl\/#website"},"primaryImageOfPage":{"@id":"https:\/\/diarioellabrador.cl\/index.php\/2025\/10\/16\/infante-y-ordonez-festejaron-en-chocalan-y-alcanzaron-el-requisito\/#primaryimage"},"image":{"@id":"https:\/\/diarioellabrador.cl\/index.php\/2025\/10\/16\/infante-y-ordonez-festejaron-en-chocalan-y-alcanzaron-el-requisito\/#primaryimage"},"thumbnailUrl":"https:\/\/diarioellabrador.cl\/wp-content\/uploads\/2025\/10\/Infante-y-Ordonez-festejaron-en-Chocalan-y-alcanzaron-el-requisito.jpg","datePublished":"2025-10-16T21:33:10+00:00","dateModified":"2025-10-16T21:33:11+00:00","breadcrumb":{"@id":"https:\/\/diarioellabrador.cl\/index.php\/2025\/10\/16\/infante-y-ordonez-festejaron-en-chocalan-y-alcanzaron-el-requisito\/#breadcrumb"},"inLanguage":"es","potentialAction":[{"@type":"ReadAction","target":["https:\/\/diarioellabrador.cl\/index.php\/2025\/10\/16\/infante-y-ordonez-festejaron-en-chocalan-y-alcanzaron-el-requisito\/"]}]},{"@type":"ImageObject","inLanguage":"es","@id":"https:\/\/diarioellabrador.cl\/index.php\/2025\/10\/16\/infante-y-ordonez-festejaron-en-chocalan-y-alcanzaron-el-requisito\/#primaryimage","url":"https:\/\/diarioellabrador.cl\/wp-content\/uploads\/2025\/10\/Infante-y-Ordonez-festejaron-en-Chocalan-y-alcanzaron-el-requisito.jpg","contentUrl":"https:\/\/diarioellabrador.cl\/wp-content\/uploads\/2025\/10\/Infante-y-Ordonez-festejaron-en-Chocalan-y-alcanzaron-el-requisito.jpg","width":750,"height":389},{"@type":"BreadcrumbList","@id":"https:\/\/diarioellabrador.cl\/index.php\/2025\/10\/16\/infante-y-ordonez-festejaron-en-chocalan-y-alcanzaron-el-requisito\/#breadcrumb","itemListElement":[{"@type":"ListItem","position":1,"name":"Portada","item":"https:\/\/diarioellabrador.cl\/"},{"@type":"ListItem","position":2,"name":"Infante y Ord\u00f3\u00f1ez festejaron en Chocal\u00e1n y alcanzaron el requisito"}]},{"@type":"WebSite","@id":"https:\/\/diarioellabrador.cl\/#website","url":"https:\/\/diarioellabrador.cl\/","name":"Diario El Labrador","description":"Haciendo noticia desde 1921","publisher":{"@id":"https:\/\/diarioellabrador.cl\/#organization"},"potentialAction":[{"@type":"SearchAction","target":{"@type":"EntryPoint","urlTemplate":"https:\/\/diarioellabrador.cl\/?s={search_term_string}"},"query-input":{"@type":"PropertyValueSpecification","valueRequired":true,"valueName":"search_term_string"}}],"inLanguage":"es"},{"@type":"Organization","@id":"https:\/\/diarioellabrador.cl\/#organization","name":"Diario El Labrador","url":"https:\/\/diarioellabrador.cl\/","logo":{"@type":"ImageObject","inLanguage":"es","@id":"https:\/\/diarioellabrador.cl\/#\/schema\/logo\/image\/","url":"https:\/\/diarioellabrador.cl\/wp-content\/uploads\/2025\/02\/cropped-Logo-Icono.png","contentUrl":"https:\/\/diarioellabrador.cl\/wp-content\/uploads\/2025\/02\/cropped-Logo-Icono.png","width":512,"height":512,"caption":"Diario El Labrador"},"image":{"@id":"https:\/\/diarioellabrador.cl\/#\/schema\/logo\/image\/"},"sameAs":["https:\/\/web.facebook.com\/profile.php?id=61576120840621","https:\/\/x.com\/ElLabradorOf","https:\/\/www.instagram.com\/diarioellabradoroficial\/"]},{"@type":"Person","@id":"https:\/\/diarioellabrador.cl\/#\/schema\/person\/bc25ff80b4563f9c7f4bd7855df01685","name":"Editor","image":{"@type":"ImageObject","inLanguage":"es","@id":"https:\/\/secure.gravatar.com\/avatar\/109c326cf2be5c04f048c2c2a2b8b6ef44bf3d8d1d3d4c55d0ac40c4bc994684?s=96&d=mm&r=g","url":"https:\/\/secure.gravatar.com\/avatar\/109c326cf2be5c04f048c2c2a2b8b6ef44bf3d8d1d3d4c55d0ac40c4bc994684?s=96&d=mm&r=g","contentUrl":"https:\/\/secure.gravatar.com\/avatar\/109c326cf2be5c04f048c2c2a2b8b6ef44bf3d8d1d3d4c55d0ac40c4bc994684?s=96&d=mm&r=g","caption":"Editor"},"url":"https:\/\/diarioellabrador.cl\/index.php\/author\/editor\/"}]}},"_links":{"self":[{"href":"https:\/\/diarioellabrador.cl\/index.php\/wp-json\/wp\/v2\/posts\/9971","targetHints":{"allow":["GET"]}}],"collection":[{"href":"https:\/\/diarioellabrador.cl\/index.php\/wp-json\/wp\/v2\/posts"}],"about":[{"href":"https:\/\/diarioellabrador.cl\/index.php\/wp-json\/wp\/v2\/types\/post"}],"author":[{"embeddable":true,"href":"https:\/\/diarioellabrador.cl\/index.php\/wp-json\/wp\/v2\/users\/2"}],"replies":[{"embeddable":true,"href":"https:\/\/diarioellabrador.cl\/index.php\/wp-json\/wp\/v2\/comments?post=9971"}],"version-history":[{"count":1,"href":"https:\/\/diarioellabrador.cl\/index.php\/wp-json\/wp\/v2\/posts\/9971\/revisions"}],"predecessor-version":[{"id":9972,"href":"https:\/\/diarioellabrador.cl\/index.php\/wp-json\/wp\/v2\/posts\/9971\/revisions\/9972"}],"wp:featuredmedia":[{"embeddable":true,"href":"https:\/\/diarioellabrador.cl\/index.php\/wp-json\/wp\/v2\/media\/9948"}],"wp:attachment":[{"href":"https:\/\/diarioellabrador.cl\/index.php\/wp-json\/wp\/v2\/media?parent=9971"}],"wp:term":[{"taxonomy":"category","embeddable":true,"href":"https:\/\/diarioellabrador.cl\/index.php\/wp-json\/wp\/v2\/categories?post=9971"},{"taxonomy":"post_tag","embeddable":true,"href":"https:\/\/diarioellabrador.cl\/index.php\/wp-json\/wp\/v2\/tags?post=9971"}],"curies":[{"name":"wp","href":"https:\/\/api.w.org\/{rel}","templated":true}]}}