{"id":9969,"date":"2025-10-16T17:32:30","date_gmt":"2025-10-16T21:32:30","guid":{"rendered":"https:\/\/diarioellabrador.cl\/?p=9969"},"modified":"2025-10-16T17:32:32","modified_gmt":"2025-10-16T21:32:32","slug":"criadores-de-cardenal-caro-inauguraron-corral-de-aparta-en-la-expogama","status":"publish","type":"post","link":"https:\/\/diarioellabrador.cl\/index.php\/2025\/10\/16\/criadores-de-cardenal-caro-inauguraron-corral-de-aparta-en-la-expogama\/","title":{"rendered":"Criadores de Cardenal Caro inauguraron corral de aparta en la ExpoGama"},"content":{"rendered":"\n<p><strong>Autor: <\/strong><a href=\"https:\/\/www.caballoyrodeo.cl\/portal_rodeo\/site\/artic\/20240205\/pags\/20240205103254.html\">H\u00e9ctor Parraguirre Jara<\/a><\/p>\n\n\n\n<p><strong>La Asociaci\u00f3n de Criadores de Caballos Raza Chilena de Cardenal Caro<\/strong> inaugur\u00f3 un <strong>corral de aparta<\/strong> en el recinto de la Medialuna de Marchig\u00fce, en otra de sus actividades dentro de la <strong>ExpoGama 2025.<\/strong><\/p>\n\n\n\n<p>El domingo 12 de octubre se hizo una muestra de <strong>Aparta de Ganado<\/strong> con cuatro equipos que terminaron en el siguiente orden:<\/p>\n\n\n\n<p><strong>1.- Los Maca Beos<\/strong>, capitaneado por <strong>Ra\u00fal Gonz\u00e1lez<\/strong>;<\/p>\n\n\n\n<p><strong>2.-<\/strong> <strong>Criadero Don Oco<\/strong>, liderado por <strong>Vicente Palma<\/strong>;<\/p>\n\n\n\n<p><strong>3.- Criadero Los Tres Jorges<\/strong>, encabezado por <strong>Delf\u00edn Guajardo<\/strong>; y<\/p>\n\n\n\n<p><strong>4.- Criadero Pilastras de Alcones<\/strong>, capitaneado por <strong>Pablo Carre\u00f1o<\/strong>.<\/p>\n\n\n\n<p><strong>Eduardo Burmester<\/strong>, presidente de la Asociaci\u00f3n de Criadores de Cardenal Caro, coment\u00f3 que \u00abfue una muestra nom\u00e1s para que la gente supiera de qu\u00e9 se trataba y result\u00f3 bastante bien, la gente se motiv\u00f3 bastante, se hizo una explicaci\u00f3n de en qu\u00e9 consiste la aparta de ganado, tuvimos cuatro equipos participantes y al p\u00fablico le gust\u00f3 mucho\u00bb.<\/p>\n\n\n\n<p>\u00abMuchas personas no conoc\u00edan la prueba y quedaron bastante motivados, como para que hagamos una fecha m\u00e1s grande, con m\u00e1s ganado y m\u00e1s participantes. Hicimos la inauguraci\u00f3n con el alcalde (<strong>Sebasti\u00e1n Flores<\/strong>) y el concejo municipal, estuvo bien bonito\u00bb, continu\u00f3.<\/p>\n\n\n\n<p>\u00abLo principal es que la gente sepa que el Caballo Chileno no es solamente rodeo, hay otras pruebas funcionales que puede hacer, como la aparta de ganado, la rienda, el barrilete. Quedamos bastante conformes con el esfuerzo que hicimos y estamos muy contentos, porque creo que somos el primer corral de aparta en esta regi\u00f3n, as\u00ed que quedamos bien posicionados para empezar a hacer actividades\u00bb, agreg\u00f3.<\/p>\n\n\n\n<p>Con esta inauguraci\u00f3n, se complet\u00f3 un muy buen fin de semana para la Asociaci\u00f3n, que comenz\u00f3 el s\u00e1bado 11 con la <a href=\"https:\/\/www.caballoyrodeo.cl\/portal_rodeo\/site\/artic\/20251013\/pags\/20251013120236.html\"><strong>Exposici\u00f3n de Caballos Raza Chilena<\/strong><\/a><strong>.<\/strong><\/p>\n\n\n\n<p>\u00abTuvimos un fin de semana redondito, porque la exposici\u00f3n fue muy buena, con 66 caballos, muchos de muy buen nivel. Marchig\u00fce se caracteriza por tener mucha afluencia de p\u00fablico, adem\u00e1s estaba la Expogama, pero, en comparaci\u00f3n a otros a\u00f1os, ten\u00edamos el picadero lleno y cuando juramos los Grandes Premios, la gente no se fue, porque a veces hay gente que va a ver un ratito y se va, pero ahora la gente se qued\u00f3 y estuvo bien entretenida la cosa\u00bb, expres\u00f3 Burmester.<\/p>\n\n\n\n<p>\u00abQuedamos bastante satisfechos con el esfuerzo que hicimos, inauguramos el corral y creo que hicimos una muy buena exposici\u00f3n\u00bb, cerr\u00f3.<\/p>\n","protected":false},"excerpt":{"rendered":"<p>Autor: H\u00e9ctor Parraguirre Jara La Asociaci\u00f3n de Criadores de Caballos Raza Chilena de Cardenal Caro inaugur\u00f3 un corral de aparta en el recinto de la Medialuna de Marchig\u00fce, en otra de sus actividades dentro de la ExpoGama 2025. El domingo 12 de octubre se hizo una muestra de Aparta de Ganado con cuatro equipos que<\/p>\n<div class=\"read-more-wrapper\"><a class=\"read-more\" href=\"https:\/\/diarioellabrador.cl\/index.php\/2025\/10\/16\/criadores-de-cardenal-caro-inauguraron-corral-de-aparta-en-la-expogama\/\" title=\"Leer m\u00e1s\"> <span class=\"button \">Leer m\u00e1s<\/span><\/a><\/div>\n","protected":false},"author":2,"featured_media":9947,"comment_status":"open","ping_status":"open","sticky":false,"template":"","format":"standard","meta":{"footnotes":""},"categories":[5],"tags":[],"class_list":["post-9969","post","type-post","status-publish","format-standard","has-post-thumbnail","hentry","category-rodeo"],"yoast_head":"<!-- This site is optimized with the Yoast SEO plugin v27.5 - https:\/\/yoast.com\/product\/yoast-seo-wordpress\/ -->\n<title>Criadores de Cardenal Caro inauguraron corral de aparta en la ExpoGama - Diario El Labrador<\/title>\n<meta name=\"robots\" content=\"index, follow, max-snippet:-1, max-image-preview:large, max-video-preview:-1\" \/>\n<link rel=\"canonical\" href=\"https:\/\/diarioellabrador.cl\/index.php\/2025\/10\/16\/criadores-de-cardenal-caro-inauguraron-corral-de-aparta-en-la-expogama\/\" \/>\n<meta property=\"og:locale\" content=\"es_ES\" \/>\n<meta property=\"og:type\" content=\"article\" \/>\n<meta property=\"og:title\" content=\"Criadores de Cardenal Caro inauguraron corral de aparta en la ExpoGama - Diario El Labrador\" \/>\n<meta property=\"og:description\" content=\"Autor: H\u00e9ctor Parraguirre Jara La Asociaci\u00f3n de Criadores de Caballos Raza Chilena de Cardenal Caro inaugur\u00f3 un corral de aparta en el recinto de la Medialuna de Marchig\u00fce, en otra de sus actividades dentro de la ExpoGama 2025. El domingo 12 de octubre se hizo una muestra de Aparta de Ganado con cuatro equipos que Leer m\u00e1s\" \/>\n<meta property=\"og:url\" content=\"https:\/\/diarioellabrador.cl\/index.php\/2025\/10\/16\/criadores-de-cardenal-caro-inauguraron-corral-de-aparta-en-la-expogama\/\" \/>\n<meta property=\"og:site_name\" content=\"Diario El Labrador\" \/>\n<meta property=\"article:publisher\" content=\"https:\/\/web.facebook.com\/profile.php?id=61576120840621\" \/>\n<meta property=\"article:published_time\" content=\"2025-10-16T21:32:30+00:00\" \/>\n<meta property=\"article:modified_time\" content=\"2025-10-16T21:32:32+00:00\" \/>\n<meta property=\"og:image\" content=\"https:\/\/diarioellabrador.cl\/wp-content\/uploads\/2025\/10\/Criadores-de-Cardenal-Caro-inauguraron-corral-de-aparta-en-la-ExpoGama.jpg\" \/>\n\t<meta property=\"og:image:width\" content=\"750\" \/>\n\t<meta property=\"og:image:height\" content=\"389\" \/>\n\t<meta property=\"og:image:type\" content=\"image\/jpeg\" \/>\n<meta name=\"author\" content=\"Editor\" \/>\n<meta name=\"twitter:card\" content=\"summary_large_image\" \/>\n<meta name=\"twitter:creator\" content=\"@ElLabradorOf\" \/>\n<meta name=\"twitter:site\" content=\"@ElLabradorOf\" \/>\n<meta name=\"twitter:label1\" content=\"Escrito por\" \/>\n\t<meta name=\"twitter:data1\" content=\"Editor\" \/>\n\t<meta name=\"twitter:label2\" content=\"Tiempo de lectura\" \/>\n\t<meta name=\"twitter:data2\" content=\"2 minutos\" \/>\n<script type=\"application\/ld+json\" class=\"yoast-schema-graph\">{\"@context\":\"https:\\\/\\\/schema.org\",\"@graph\":[{\"@type\":\"Article\",\"@id\":\"https:\\\/\\\/diarioellabrador.cl\\\/index.php\\\/2025\\\/10\\\/16\\\/criadores-de-cardenal-caro-inauguraron-corral-de-aparta-en-la-expogama\\\/#article\",\"isPartOf\":{\"@id\":\"https:\\\/\\\/diarioellabrador.cl\\\/index.php\\\/2025\\\/10\\\/16\\\/criadores-de-cardenal-caro-inauguraron-corral-de-aparta-en-la-expogama\\\/\"},\"author\":{\"name\":\"Editor\",\"@id\":\"https:\\\/\\\/diarioellabrador.cl\\\/#\\\/schema\\\/person\\\/bc25ff80b4563f9c7f4bd7855df01685\"},\"headline\":\"Criadores de Cardenal Caro inauguraron corral de aparta en la ExpoGama\",\"datePublished\":\"2025-10-16T21:32:30+00:00\",\"dateModified\":\"2025-10-16T21:32:32+00:00\",\"mainEntityOfPage\":{\"@id\":\"https:\\\/\\\/diarioellabrador.cl\\\/index.php\\\/2025\\\/10\\\/16\\\/criadores-de-cardenal-caro-inauguraron-corral-de-aparta-en-la-expogama\\\/\"},\"wordCount\":423,\"commentCount\":0,\"publisher\":{\"@id\":\"https:\\\/\\\/diarioellabrador.cl\\\/#organization\"},\"image\":{\"@id\":\"https:\\\/\\\/diarioellabrador.cl\\\/index.php\\\/2025\\\/10\\\/16\\\/criadores-de-cardenal-caro-inauguraron-corral-de-aparta-en-la-expogama\\\/#primaryimage\"},\"thumbnailUrl\":\"https:\\\/\\\/diarioellabrador.cl\\\/wp-content\\\/uploads\\\/2025\\\/10\\\/Criadores-de-Cardenal-Caro-inauguraron-corral-de-aparta-en-la-ExpoGama.jpg\",\"articleSection\":[\"Rodeo\"],\"inLanguage\":\"es\",\"potentialAction\":[{\"@type\":\"CommentAction\",\"name\":\"Comment\",\"target\":[\"https:\\\/\\\/diarioellabrador.cl\\\/index.php\\\/2025\\\/10\\\/16\\\/criadores-de-cardenal-caro-inauguraron-corral-de-aparta-en-la-expogama\\\/#respond\"]}]},{\"@type\":\"WebPage\",\"@id\":\"https:\\\/\\\/diarioellabrador.cl\\\/index.php\\\/2025\\\/10\\\/16\\\/criadores-de-cardenal-caro-inauguraron-corral-de-aparta-en-la-expogama\\\/\",\"url\":\"https:\\\/\\\/diarioellabrador.cl\\\/index.php\\\/2025\\\/10\\\/16\\\/criadores-de-cardenal-caro-inauguraron-corral-de-aparta-en-la-expogama\\\/\",\"name\":\"Criadores de Cardenal Caro inauguraron corral de aparta en la ExpoGama - Diario El Labrador\",\"isPartOf\":{\"@id\":\"https:\\\/\\\/diarioellabrador.cl\\\/#website\"},\"primaryImageOfPage\":{\"@id\":\"https:\\\/\\\/diarioellabrador.cl\\\/index.php\\\/2025\\\/10\\\/16\\\/criadores-de-cardenal-caro-inauguraron-corral-de-aparta-en-la-expogama\\\/#primaryimage\"},\"image\":{\"@id\":\"https:\\\/\\\/diarioellabrador.cl\\\/index.php\\\/2025\\\/10\\\/16\\\/criadores-de-cardenal-caro-inauguraron-corral-de-aparta-en-la-expogama\\\/#primaryimage\"},\"thumbnailUrl\":\"https:\\\/\\\/diarioellabrador.cl\\\/wp-content\\\/uploads\\\/2025\\\/10\\\/Criadores-de-Cardenal-Caro-inauguraron-corral-de-aparta-en-la-ExpoGama.jpg\",\"datePublished\":\"2025-10-16T21:32:30+00:00\",\"dateModified\":\"2025-10-16T21:32:32+00:00\",\"breadcrumb\":{\"@id\":\"https:\\\/\\\/diarioellabrador.cl\\\/index.php\\\/2025\\\/10\\\/16\\\/criadores-de-cardenal-caro-inauguraron-corral-de-aparta-en-la-expogama\\\/#breadcrumb\"},\"inLanguage\":\"es\",\"potentialAction\":[{\"@type\":\"ReadAction\",\"target\":[\"https:\\\/\\\/diarioellabrador.cl\\\/index.php\\\/2025\\\/10\\\/16\\\/criadores-de-cardenal-caro-inauguraron-corral-de-aparta-en-la-expogama\\\/\"]}]},{\"@type\":\"ImageObject\",\"inLanguage\":\"es\",\"@id\":\"https:\\\/\\\/diarioellabrador.cl\\\/index.php\\\/2025\\\/10\\\/16\\\/criadores-de-cardenal-caro-inauguraron-corral-de-aparta-en-la-expogama\\\/#primaryimage\",\"url\":\"https:\\\/\\\/diarioellabrador.cl\\\/wp-content\\\/uploads\\\/2025\\\/10\\\/Criadores-de-Cardenal-Caro-inauguraron-corral-de-aparta-en-la-ExpoGama.jpg\",\"contentUrl\":\"https:\\\/\\\/diarioellabrador.cl\\\/wp-content\\\/uploads\\\/2025\\\/10\\\/Criadores-de-Cardenal-Caro-inauguraron-corral-de-aparta-en-la-ExpoGama.jpg\",\"width\":750,\"height\":389},{\"@type\":\"BreadcrumbList\",\"@id\":\"https:\\\/\\\/diarioellabrador.cl\\\/index.php\\\/2025\\\/10\\\/16\\\/criadores-de-cardenal-caro-inauguraron-corral-de-aparta-en-la-expogama\\\/#breadcrumb\",\"itemListElement\":[{\"@type\":\"ListItem\",\"position\":1,\"name\":\"Portada\",\"item\":\"https:\\\/\\\/diarioellabrador.cl\\\/\"},{\"@type\":\"ListItem\",\"position\":2,\"name\":\"Criadores de Cardenal Caro inauguraron corral de aparta en la ExpoGama\"}]},{\"@type\":\"WebSite\",\"@id\":\"https:\\\/\\\/diarioellabrador.cl\\\/#website\",\"url\":\"https:\\\/\\\/diarioellabrador.cl\\\/\",\"name\":\"Diario El Labrador\",\"description\":\"Haciendo noticia desde 1921\",\"publisher\":{\"@id\":\"https:\\\/\\\/diarioellabrador.cl\\\/#organization\"},\"potentialAction\":[{\"@type\":\"SearchAction\",\"target\":{\"@type\":\"EntryPoint\",\"urlTemplate\":\"https:\\\/\\\/diarioellabrador.cl\\\/?s={search_term_string}\"},\"query-input\":{\"@type\":\"PropertyValueSpecification\",\"valueRequired\":true,\"valueName\":\"search_term_string\"}}],\"inLanguage\":\"es\"},{\"@type\":\"Organization\",\"@id\":\"https:\\\/\\\/diarioellabrador.cl\\\/#organization\",\"name\":\"Diario El Labrador\",\"url\":\"https:\\\/\\\/diarioellabrador.cl\\\/\",\"logo\":{\"@type\":\"ImageObject\",\"inLanguage\":\"es\",\"@id\":\"https:\\\/\\\/diarioellabrador.cl\\\/#\\\/schema\\\/logo\\\/image\\\/\",\"url\":\"https:\\\/\\\/diarioellabrador.cl\\\/wp-content\\\/uploads\\\/2025\\\/02\\\/cropped-Logo-Icono.png\",\"contentUrl\":\"https:\\\/\\\/diarioellabrador.cl\\\/wp-content\\\/uploads\\\/2025\\\/02\\\/cropped-Logo-Icono.png\",\"width\":512,\"height\":512,\"caption\":\"Diario El Labrador\"},\"image\":{\"@id\":\"https:\\\/\\\/diarioellabrador.cl\\\/#\\\/schema\\\/logo\\\/image\\\/\"},\"sameAs\":[\"https:\\\/\\\/web.facebook.com\\\/profile.php?id=61576120840621\",\"https:\\\/\\\/x.com\\\/ElLabradorOf\",\"https:\\\/\\\/www.instagram.com\\\/diarioellabradoroficial\\\/\"]},{\"@type\":\"Person\",\"@id\":\"https:\\\/\\\/diarioellabrador.cl\\\/#\\\/schema\\\/person\\\/bc25ff80b4563f9c7f4bd7855df01685\",\"name\":\"Editor\",\"image\":{\"@type\":\"ImageObject\",\"inLanguage\":\"es\",\"@id\":\"https:\\\/\\\/secure.gravatar.com\\\/avatar\\\/109c326cf2be5c04f048c2c2a2b8b6ef44bf3d8d1d3d4c55d0ac40c4bc994684?s=96&d=mm&r=g\",\"url\":\"https:\\\/\\\/secure.gravatar.com\\\/avatar\\\/109c326cf2be5c04f048c2c2a2b8b6ef44bf3d8d1d3d4c55d0ac40c4bc994684?s=96&d=mm&r=g\",\"contentUrl\":\"https:\\\/\\\/secure.gravatar.com\\\/avatar\\\/109c326cf2be5c04f048c2c2a2b8b6ef44bf3d8d1d3d4c55d0ac40c4bc994684?s=96&d=mm&r=g\",\"caption\":\"Editor\"},\"url\":\"https:\\\/\\\/diarioellabrador.cl\\\/index.php\\\/author\\\/editor\\\/\"}]}<\/script>\n<!-- \/ Yoast SEO plugin. -->","yoast_head_json":{"title":"Criadores de Cardenal Caro inauguraron corral de aparta en la ExpoGama - Diario El Labrador","robots":{"index":"index","follow":"follow","max-snippet":"max-snippet:-1","max-image-preview":"max-image-preview:large","max-video-preview":"max-video-preview:-1"},"canonical":"https:\/\/diarioellabrador.cl\/index.php\/2025\/10\/16\/criadores-de-cardenal-caro-inauguraron-corral-de-aparta-en-la-expogama\/","og_locale":"es_ES","og_type":"article","og_title":"Criadores de Cardenal Caro inauguraron corral de aparta en la ExpoGama - Diario El Labrador","og_description":"Autor: H\u00e9ctor Parraguirre Jara La Asociaci\u00f3n de Criadores de Caballos Raza Chilena de Cardenal Caro inaugur\u00f3 un corral de aparta en el recinto de la Medialuna de Marchig\u00fce, en otra de sus actividades dentro de la ExpoGama 2025. El domingo 12 de octubre se hizo una muestra de Aparta de Ganado con cuatro equipos que Leer m\u00e1s","og_url":"https:\/\/diarioellabrador.cl\/index.php\/2025\/10\/16\/criadores-de-cardenal-caro-inauguraron-corral-de-aparta-en-la-expogama\/","og_site_name":"Diario El Labrador","article_publisher":"https:\/\/web.facebook.com\/profile.php?id=61576120840621","article_published_time":"2025-10-16T21:32:30+00:00","article_modified_time":"2025-10-16T21:32:32+00:00","og_image":[{"width":750,"height":389,"url":"https:\/\/diarioellabrador.cl\/wp-content\/uploads\/2025\/10\/Criadores-de-Cardenal-Caro-inauguraron-corral-de-aparta-en-la-ExpoGama.jpg","type":"image\/jpeg"}],"author":"Editor","twitter_card":"summary_large_image","twitter_creator":"@ElLabradorOf","twitter_site":"@ElLabradorOf","twitter_misc":{"Escrito por":"Editor","Tiempo de lectura":"2 minutos"},"schema":{"@context":"https:\/\/schema.org","@graph":[{"@type":"Article","@id":"https:\/\/diarioellabrador.cl\/index.php\/2025\/10\/16\/criadores-de-cardenal-caro-inauguraron-corral-de-aparta-en-la-expogama\/#article","isPartOf":{"@id":"https:\/\/diarioellabrador.cl\/index.php\/2025\/10\/16\/criadores-de-cardenal-caro-inauguraron-corral-de-aparta-en-la-expogama\/"},"author":{"name":"Editor","@id":"https:\/\/diarioellabrador.cl\/#\/schema\/person\/bc25ff80b4563f9c7f4bd7855df01685"},"headline":"Criadores de Cardenal Caro inauguraron corral de aparta en la ExpoGama","datePublished":"2025-10-16T21:32:30+00:00","dateModified":"2025-10-16T21:32:32+00:00","mainEntityOfPage":{"@id":"https:\/\/diarioellabrador.cl\/index.php\/2025\/10\/16\/criadores-de-cardenal-caro-inauguraron-corral-de-aparta-en-la-expogama\/"},"wordCount":423,"commentCount":0,"publisher":{"@id":"https:\/\/diarioellabrador.cl\/#organization"},"image":{"@id":"https:\/\/diarioellabrador.cl\/index.php\/2025\/10\/16\/criadores-de-cardenal-caro-inauguraron-corral-de-aparta-en-la-expogama\/#primaryimage"},"thumbnailUrl":"https:\/\/diarioellabrador.cl\/wp-content\/uploads\/2025\/10\/Criadores-de-Cardenal-Caro-inauguraron-corral-de-aparta-en-la-ExpoGama.jpg","articleSection":["Rodeo"],"inLanguage":"es","potentialAction":[{"@type":"CommentAction","name":"Comment","target":["https:\/\/diarioellabrador.cl\/index.php\/2025\/10\/16\/criadores-de-cardenal-caro-inauguraron-corral-de-aparta-en-la-expogama\/#respond"]}]},{"@type":"WebPage","@id":"https:\/\/diarioellabrador.cl\/index.php\/2025\/10\/16\/criadores-de-cardenal-caro-inauguraron-corral-de-aparta-en-la-expogama\/","url":"https:\/\/diarioellabrador.cl\/index.php\/2025\/10\/16\/criadores-de-cardenal-caro-inauguraron-corral-de-aparta-en-la-expogama\/","name":"Criadores de Cardenal Caro inauguraron corral de aparta en la ExpoGama - Diario El Labrador","isPartOf":{"@id":"https:\/\/diarioellabrador.cl\/#website"},"primaryImageOfPage":{"@id":"https:\/\/diarioellabrador.cl\/index.php\/2025\/10\/16\/criadores-de-cardenal-caro-inauguraron-corral-de-aparta-en-la-expogama\/#primaryimage"},"image":{"@id":"https:\/\/diarioellabrador.cl\/index.php\/2025\/10\/16\/criadores-de-cardenal-caro-inauguraron-corral-de-aparta-en-la-expogama\/#primaryimage"},"thumbnailUrl":"https:\/\/diarioellabrador.cl\/wp-content\/uploads\/2025\/10\/Criadores-de-Cardenal-Caro-inauguraron-corral-de-aparta-en-la-ExpoGama.jpg","datePublished":"2025-10-16T21:32:30+00:00","dateModified":"2025-10-16T21:32:32+00:00","breadcrumb":{"@id":"https:\/\/diarioellabrador.cl\/index.php\/2025\/10\/16\/criadores-de-cardenal-caro-inauguraron-corral-de-aparta-en-la-expogama\/#breadcrumb"},"inLanguage":"es","potentialAction":[{"@type":"ReadAction","target":["https:\/\/diarioellabrador.cl\/index.php\/2025\/10\/16\/criadores-de-cardenal-caro-inauguraron-corral-de-aparta-en-la-expogama\/"]}]},{"@type":"ImageObject","inLanguage":"es","@id":"https:\/\/diarioellabrador.cl\/index.php\/2025\/10\/16\/criadores-de-cardenal-caro-inauguraron-corral-de-aparta-en-la-expogama\/#primaryimage","url":"https:\/\/diarioellabrador.cl\/wp-content\/uploads\/2025\/10\/Criadores-de-Cardenal-Caro-inauguraron-corral-de-aparta-en-la-ExpoGama.jpg","contentUrl":"https:\/\/diarioellabrador.cl\/wp-content\/uploads\/2025\/10\/Criadores-de-Cardenal-Caro-inauguraron-corral-de-aparta-en-la-ExpoGama.jpg","width":750,"height":389},{"@type":"BreadcrumbList","@id":"https:\/\/diarioellabrador.cl\/index.php\/2025\/10\/16\/criadores-de-cardenal-caro-inauguraron-corral-de-aparta-en-la-expogama\/#breadcrumb","itemListElement":[{"@type":"ListItem","position":1,"name":"Portada","item":"https:\/\/diarioellabrador.cl\/"},{"@type":"ListItem","position":2,"name":"Criadores de Cardenal Caro inauguraron corral de aparta en la ExpoGama"}]},{"@type":"WebSite","@id":"https:\/\/diarioellabrador.cl\/#website","url":"https:\/\/diarioellabrador.cl\/","name":"Diario El Labrador","description":"Haciendo noticia desde 1921","publisher":{"@id":"https:\/\/diarioellabrador.cl\/#organization"},"potentialAction":[{"@type":"SearchAction","target":{"@type":"EntryPoint","urlTemplate":"https:\/\/diarioellabrador.cl\/?s={search_term_string}"},"query-input":{"@type":"PropertyValueSpecification","valueRequired":true,"valueName":"search_term_string"}}],"inLanguage":"es"},{"@type":"Organization","@id":"https:\/\/diarioellabrador.cl\/#organization","name":"Diario El Labrador","url":"https:\/\/diarioellabrador.cl\/","logo":{"@type":"ImageObject","inLanguage":"es","@id":"https:\/\/diarioellabrador.cl\/#\/schema\/logo\/image\/","url":"https:\/\/diarioellabrador.cl\/wp-content\/uploads\/2025\/02\/cropped-Logo-Icono.png","contentUrl":"https:\/\/diarioellabrador.cl\/wp-content\/uploads\/2025\/02\/cropped-Logo-Icono.png","width":512,"height":512,"caption":"Diario El Labrador"},"image":{"@id":"https:\/\/diarioellabrador.cl\/#\/schema\/logo\/image\/"},"sameAs":["https:\/\/web.facebook.com\/profile.php?id=61576120840621","https:\/\/x.com\/ElLabradorOf","https:\/\/www.instagram.com\/diarioellabradoroficial\/"]},{"@type":"Person","@id":"https:\/\/diarioellabrador.cl\/#\/schema\/person\/bc25ff80b4563f9c7f4bd7855df01685","name":"Editor","image":{"@type":"ImageObject","inLanguage":"es","@id":"https:\/\/secure.gravatar.com\/avatar\/109c326cf2be5c04f048c2c2a2b8b6ef44bf3d8d1d3d4c55d0ac40c4bc994684?s=96&d=mm&r=g","url":"https:\/\/secure.gravatar.com\/avatar\/109c326cf2be5c04f048c2c2a2b8b6ef44bf3d8d1d3d4c55d0ac40c4bc994684?s=96&d=mm&r=g","contentUrl":"https:\/\/secure.gravatar.com\/avatar\/109c326cf2be5c04f048c2c2a2b8b6ef44bf3d8d1d3d4c55d0ac40c4bc994684?s=96&d=mm&r=g","caption":"Editor"},"url":"https:\/\/diarioellabrador.cl\/index.php\/author\/editor\/"}]}},"_links":{"self":[{"href":"https:\/\/diarioellabrador.cl\/index.php\/wp-json\/wp\/v2\/posts\/9969","targetHints":{"allow":["GET"]}}],"collection":[{"href":"https:\/\/diarioellabrador.cl\/index.php\/wp-json\/wp\/v2\/posts"}],"about":[{"href":"https:\/\/diarioellabrador.cl\/index.php\/wp-json\/wp\/v2\/types\/post"}],"author":[{"embeddable":true,"href":"https:\/\/diarioellabrador.cl\/index.php\/wp-json\/wp\/v2\/users\/2"}],"replies":[{"embeddable":true,"href":"https:\/\/diarioellabrador.cl\/index.php\/wp-json\/wp\/v2\/comments?post=9969"}],"version-history":[{"count":1,"href":"https:\/\/diarioellabrador.cl\/index.php\/wp-json\/wp\/v2\/posts\/9969\/revisions"}],"predecessor-version":[{"id":9970,"href":"https:\/\/diarioellabrador.cl\/index.php\/wp-json\/wp\/v2\/posts\/9969\/revisions\/9970"}],"wp:featuredmedia":[{"embeddable":true,"href":"https:\/\/diarioellabrador.cl\/index.php\/wp-json\/wp\/v2\/media\/9947"}],"wp:attachment":[{"href":"https:\/\/diarioellabrador.cl\/index.php\/wp-json\/wp\/v2\/media?parent=9969"}],"wp:term":[{"taxonomy":"category","embeddable":true,"href":"https:\/\/diarioellabrador.cl\/index.php\/wp-json\/wp\/v2\/categories?post=9969"},{"taxonomy":"post_tag","embeddable":true,"href":"https:\/\/diarioellabrador.cl\/index.php\/wp-json\/wp\/v2\/tags?post=9969"}],"curies":[{"name":"wp","href":"https:\/\/api.w.org\/{rel}","templated":true}]}}