{"id":9967,"date":"2025-10-16T17:31:19","date_gmt":"2025-10-16T21:31:19","guid":{"rendered":"https:\/\/diarioellabrador.cl\/?p=9967"},"modified":"2025-10-16T17:31:20","modified_gmt":"2025-10-16T21:31:20","slug":"quezada-y-bustamante-se-impusieron-en-el-estreno-de-la-medialuna-los-acacios-de-paine","status":"publish","type":"post","link":"https:\/\/diarioellabrador.cl\/index.php\/2025\/10\/16\/quezada-y-bustamante-se-impusieron-en-el-estreno-de-la-medialuna-los-acacios-de-paine\/","title":{"rendered":"Quezada y Bustamante se impusieron en el estreno de la Medialuna Los Acacios de Paine"},"content":{"rendered":"\n<p><strong>Autor: <\/strong><a href=\"https:\/\/www.caballoyrodeo.cl\/portal_rodeo\/site\/artic\/20240223\/pags\/20240223201413.html\">Alejandro Alegr\u00eda Torres<\/a><\/p>\n\n\n\n<p><strong><em>Informaci\u00f3n: Jorge &#8216;Flash&#8217; Reyes<\/em><\/strong><\/p>\n\n\n\n<p><strong>Jos\u00e9 Francisco Quezada<\/strong> y <strong>Fernando Bustamante<\/strong> fueron los grandes vencedores del <strong>Rodeo Provincial Especial de Un D\u00eda<\/strong> que organiz\u00f3 el <strong>Club Pe\u00f1alol\u00e9n Norte<\/strong> de la <strong>Asociaci\u00f3n Santiago Oriente<\/strong>, evento se corri\u00f3 el s\u00e1bado y en el que se inaugur\u00f3 oficialmente la <strong>Medialuna Los Acacios de Paine<\/strong> de propiedad de <strong>Luis Ortega.<\/strong><\/p>\n\n\n\n<p>Quezada y Bustamante fueron campeones montando a las yeguas <strong>Los Tacos de Rumai Qu\u00ednela<\/strong> y <strong>Pe\u00f1as Verdes Ma\u00f1anera<\/strong> con 35 puntos buenos, sumando el siempre apreciado requisito.<\/p>\n\n\n\n<p>Bustamante se refiri\u00f3 al nuevo recinto, diciendo: \u00abEsta es una gentileza de uno de los socios de nuestra asociaci\u00f3n, don Luis Ortega, quien gentilmente facilit\u00f3 sus instalaciones para hacer una cooperaci\u00f3n con la Asociaci\u00f3n Santiago Oriente a largo plazo. La medialuna, a nivel nacional, es muy buena. El picadero es espectacular, el recinto en general es muy bueno y felicito a Luis por su generosidad\u00bb.<\/p>\n\n\n\n<p>Mientras que del triunfo, expres\u00f3: \u00abEl rodeo de un d\u00eda tiene estas cosas, es todo muy r\u00e1pido. Premiamos al \u00faltimo con el d\u00e9cimo lugar de la segunda serie, pero as\u00ed es el rodeo, corrimos con el uno y afortunadamente pudimos ganar. Nos queda harto todav\u00eda y nos gusta correr harto, as\u00ed que vamos bien\u00bb.<\/p>\n\n\n\n<p>Por su parte, \u00abPepe\u00bb Quezada dijo: \u00abEstoy feliz porque armamos una collerita de yeguas bien agradable, bien simp\u00e1tica y pareja, que es lo que cuesta. Estamos con hartas ganas con esta collera, la Ma\u00f1anera y la Qu\u00ednela, porque quedamos con requisito y nueve puntos. Adem\u00e1s, tenemos una mixta con 12 puntos y requisito\u00bb.<\/p>\n\n\n\n<p>El segundo lugar lo obtuvo el <strong>Criadero Do\u00f1a Tuca <\/strong>con <strong>Eduardo Salas <\/strong>y <strong>Emiliano Ruiz Montilla <\/strong>en <strong>Quintrala <\/strong>y <strong>Angel Malo <\/strong>con 27 de los grandes.<\/p>\n\n\n\n<p>Terceros quedaron <strong>Alfredo D\u00edaz <\/strong>y <strong>Cristi\u00e1n Ogalde <\/strong>en <strong>El Pe\u00f1asco de Santa Sylvia Tabar\u00e9 <\/strong>y <strong>San Luis Porfiao <\/strong>con 26 de los buenos.<\/p>\n\n\n\n<p>Tambi\u00e9n corrieron el cuarto animal Pablo Pino y Roberto Marambio en El Pe\u00f1asco de Santa Sylvia Nahu\u00e9n y Quinta de los Olmos Chalao con 25 puntos; Eduardo Salas y Felipe Flores en Cuicaco B Roto Huaso y El Carmen de Nilahue Camarero con 23; y el Criadero Batalla de Chacabuco con Brayan Mart\u00ednez con Arturo Ram\u00edrez en Distinguida y Daga con 16.<\/p>\n\n\n\n<p>El <strong>Sello de Raza <\/strong>lo obtuvo <strong>El Pe\u00f1asco de Santa Sylvia Nahu\u00e9n<\/strong>, montado por <strong>Pablo Pino.<\/strong><\/p>\n","protected":false},"excerpt":{"rendered":"<p>Autor: Alejandro Alegr\u00eda Torres Informaci\u00f3n: Jorge &#8216;Flash&#8217; Reyes Jos\u00e9 Francisco Quezada y Fernando Bustamante fueron los grandes vencedores del Rodeo Provincial Especial de Un D\u00eda que organiz\u00f3 el Club Pe\u00f1alol\u00e9n Norte de la Asociaci\u00f3n Santiago Oriente, evento se corri\u00f3 el s\u00e1bado y en el que se inaugur\u00f3 oficialmente la Medialuna Los Acacios de Paine de<\/p>\n<div class=\"read-more-wrapper\"><a class=\"read-more\" href=\"https:\/\/diarioellabrador.cl\/index.php\/2025\/10\/16\/quezada-y-bustamante-se-impusieron-en-el-estreno-de-la-medialuna-los-acacios-de-paine\/\" title=\"Leer m\u00e1s\"> <span class=\"button \">Leer m\u00e1s<\/span><\/a><\/div>\n","protected":false},"author":2,"featured_media":9949,"comment_status":"open","ping_status":"open","sticky":false,"template":"","format":"standard","meta":{"footnotes":""},"categories":[5],"tags":[],"class_list":["post-9967","post","type-post","status-publish","format-standard","has-post-thumbnail","hentry","category-rodeo"],"yoast_head":"<!-- This site is optimized with the Yoast SEO plugin v27.5 - https:\/\/yoast.com\/product\/yoast-seo-wordpress\/ -->\n<title>Quezada y Bustamante se impusieron en el estreno de la Medialuna Los Acacios de Paine - Diario El Labrador<\/title>\n<meta name=\"robots\" content=\"index, follow, max-snippet:-1, max-image-preview:large, max-video-preview:-1\" \/>\n<link rel=\"canonical\" href=\"https:\/\/diarioellabrador.cl\/index.php\/2025\/10\/16\/quezada-y-bustamante-se-impusieron-en-el-estreno-de-la-medialuna-los-acacios-de-paine\/\" \/>\n<meta property=\"og:locale\" content=\"es_ES\" \/>\n<meta property=\"og:type\" content=\"article\" \/>\n<meta property=\"og:title\" content=\"Quezada y Bustamante se impusieron en el estreno de la Medialuna Los Acacios de Paine - Diario El Labrador\" \/>\n<meta property=\"og:description\" content=\"Autor: Alejandro Alegr\u00eda Torres Informaci\u00f3n: Jorge &#8216;Flash&#8217; Reyes Jos\u00e9 Francisco Quezada y Fernando Bustamante fueron los grandes vencedores del Rodeo Provincial Especial de Un D\u00eda que organiz\u00f3 el Club Pe\u00f1alol\u00e9n Norte de la Asociaci\u00f3n Santiago Oriente, evento se corri\u00f3 el s\u00e1bado y en el que se inaugur\u00f3 oficialmente la Medialuna Los Acacios de Paine de Leer m\u00e1s\" \/>\n<meta property=\"og:url\" content=\"https:\/\/diarioellabrador.cl\/index.php\/2025\/10\/16\/quezada-y-bustamante-se-impusieron-en-el-estreno-de-la-medialuna-los-acacios-de-paine\/\" \/>\n<meta property=\"og:site_name\" content=\"Diario El Labrador\" \/>\n<meta property=\"article:publisher\" content=\"https:\/\/web.facebook.com\/profile.php?id=61576120840621\" \/>\n<meta property=\"article:published_time\" content=\"2025-10-16T21:31:19+00:00\" \/>\n<meta property=\"article:modified_time\" content=\"2025-10-16T21:31:20+00:00\" \/>\n<meta property=\"og:image\" content=\"https:\/\/diarioellabrador.cl\/wp-content\/uploads\/2025\/10\/Quezada-y-Bustamante-se-impusieron-en-el-estreno-de-la-Medialuna-Los-Acacios-de-Paine.jpg\" \/>\n\t<meta property=\"og:image:width\" content=\"750\" \/>\n\t<meta property=\"og:image:height\" content=\"389\" \/>\n\t<meta property=\"og:image:type\" content=\"image\/jpeg\" \/>\n<meta name=\"author\" content=\"Editor\" \/>\n<meta name=\"twitter:card\" content=\"summary_large_image\" \/>\n<meta name=\"twitter:creator\" content=\"@ElLabradorOf\" \/>\n<meta name=\"twitter:site\" content=\"@ElLabradorOf\" \/>\n<meta name=\"twitter:label1\" content=\"Escrito por\" \/>\n\t<meta name=\"twitter:data1\" content=\"Editor\" \/>\n\t<meta name=\"twitter:label2\" content=\"Tiempo de lectura\" \/>\n\t<meta name=\"twitter:data2\" content=\"2 minutos\" \/>\n<script type=\"application\/ld+json\" class=\"yoast-schema-graph\">{\"@context\":\"https:\\\/\\\/schema.org\",\"@graph\":[{\"@type\":\"Article\",\"@id\":\"https:\\\/\\\/diarioellabrador.cl\\\/index.php\\\/2025\\\/10\\\/16\\\/quezada-y-bustamante-se-impusieron-en-el-estreno-de-la-medialuna-los-acacios-de-paine\\\/#article\",\"isPartOf\":{\"@id\":\"https:\\\/\\\/diarioellabrador.cl\\\/index.php\\\/2025\\\/10\\\/16\\\/quezada-y-bustamante-se-impusieron-en-el-estreno-de-la-medialuna-los-acacios-de-paine\\\/\"},\"author\":{\"name\":\"Editor\",\"@id\":\"https:\\\/\\\/diarioellabrador.cl\\\/#\\\/schema\\\/person\\\/bc25ff80b4563f9c7f4bd7855df01685\"},\"headline\":\"Quezada y Bustamante se impusieron en el estreno de la Medialuna Los Acacios de Paine\",\"datePublished\":\"2025-10-16T21:31:19+00:00\",\"dateModified\":\"2025-10-16T21:31:20+00:00\",\"mainEntityOfPage\":{\"@id\":\"https:\\\/\\\/diarioellabrador.cl\\\/index.php\\\/2025\\\/10\\\/16\\\/quezada-y-bustamante-se-impusieron-en-el-estreno-de-la-medialuna-los-acacios-de-paine\\\/\"},\"wordCount\":425,\"commentCount\":0,\"publisher\":{\"@id\":\"https:\\\/\\\/diarioellabrador.cl\\\/#organization\"},\"image\":{\"@id\":\"https:\\\/\\\/diarioellabrador.cl\\\/index.php\\\/2025\\\/10\\\/16\\\/quezada-y-bustamante-se-impusieron-en-el-estreno-de-la-medialuna-los-acacios-de-paine\\\/#primaryimage\"},\"thumbnailUrl\":\"https:\\\/\\\/diarioellabrador.cl\\\/wp-content\\\/uploads\\\/2025\\\/10\\\/Quezada-y-Bustamante-se-impusieron-en-el-estreno-de-la-Medialuna-Los-Acacios-de-Paine.jpg\",\"articleSection\":[\"Rodeo\"],\"inLanguage\":\"es\",\"potentialAction\":[{\"@type\":\"CommentAction\",\"name\":\"Comment\",\"target\":[\"https:\\\/\\\/diarioellabrador.cl\\\/index.php\\\/2025\\\/10\\\/16\\\/quezada-y-bustamante-se-impusieron-en-el-estreno-de-la-medialuna-los-acacios-de-paine\\\/#respond\"]}]},{\"@type\":\"WebPage\",\"@id\":\"https:\\\/\\\/diarioellabrador.cl\\\/index.php\\\/2025\\\/10\\\/16\\\/quezada-y-bustamante-se-impusieron-en-el-estreno-de-la-medialuna-los-acacios-de-paine\\\/\",\"url\":\"https:\\\/\\\/diarioellabrador.cl\\\/index.php\\\/2025\\\/10\\\/16\\\/quezada-y-bustamante-se-impusieron-en-el-estreno-de-la-medialuna-los-acacios-de-paine\\\/\",\"name\":\"Quezada y Bustamante se impusieron en el estreno de la Medialuna Los Acacios de Paine - Diario El Labrador\",\"isPartOf\":{\"@id\":\"https:\\\/\\\/diarioellabrador.cl\\\/#website\"},\"primaryImageOfPage\":{\"@id\":\"https:\\\/\\\/diarioellabrador.cl\\\/index.php\\\/2025\\\/10\\\/16\\\/quezada-y-bustamante-se-impusieron-en-el-estreno-de-la-medialuna-los-acacios-de-paine\\\/#primaryimage\"},\"image\":{\"@id\":\"https:\\\/\\\/diarioellabrador.cl\\\/index.php\\\/2025\\\/10\\\/16\\\/quezada-y-bustamante-se-impusieron-en-el-estreno-de-la-medialuna-los-acacios-de-paine\\\/#primaryimage\"},\"thumbnailUrl\":\"https:\\\/\\\/diarioellabrador.cl\\\/wp-content\\\/uploads\\\/2025\\\/10\\\/Quezada-y-Bustamante-se-impusieron-en-el-estreno-de-la-Medialuna-Los-Acacios-de-Paine.jpg\",\"datePublished\":\"2025-10-16T21:31:19+00:00\",\"dateModified\":\"2025-10-16T21:31:20+00:00\",\"breadcrumb\":{\"@id\":\"https:\\\/\\\/diarioellabrador.cl\\\/index.php\\\/2025\\\/10\\\/16\\\/quezada-y-bustamante-se-impusieron-en-el-estreno-de-la-medialuna-los-acacios-de-paine\\\/#breadcrumb\"},\"inLanguage\":\"es\",\"potentialAction\":[{\"@type\":\"ReadAction\",\"target\":[\"https:\\\/\\\/diarioellabrador.cl\\\/index.php\\\/2025\\\/10\\\/16\\\/quezada-y-bustamante-se-impusieron-en-el-estreno-de-la-medialuna-los-acacios-de-paine\\\/\"]}]},{\"@type\":\"ImageObject\",\"inLanguage\":\"es\",\"@id\":\"https:\\\/\\\/diarioellabrador.cl\\\/index.php\\\/2025\\\/10\\\/16\\\/quezada-y-bustamante-se-impusieron-en-el-estreno-de-la-medialuna-los-acacios-de-paine\\\/#primaryimage\",\"url\":\"https:\\\/\\\/diarioellabrador.cl\\\/wp-content\\\/uploads\\\/2025\\\/10\\\/Quezada-y-Bustamante-se-impusieron-en-el-estreno-de-la-Medialuna-Los-Acacios-de-Paine.jpg\",\"contentUrl\":\"https:\\\/\\\/diarioellabrador.cl\\\/wp-content\\\/uploads\\\/2025\\\/10\\\/Quezada-y-Bustamante-se-impusieron-en-el-estreno-de-la-Medialuna-Los-Acacios-de-Paine.jpg\",\"width\":750,\"height\":389},{\"@type\":\"BreadcrumbList\",\"@id\":\"https:\\\/\\\/diarioellabrador.cl\\\/index.php\\\/2025\\\/10\\\/16\\\/quezada-y-bustamante-se-impusieron-en-el-estreno-de-la-medialuna-los-acacios-de-paine\\\/#breadcrumb\",\"itemListElement\":[{\"@type\":\"ListItem\",\"position\":1,\"name\":\"Portada\",\"item\":\"https:\\\/\\\/diarioellabrador.cl\\\/\"},{\"@type\":\"ListItem\",\"position\":2,\"name\":\"Quezada y Bustamante se impusieron en el estreno de la Medialuna Los Acacios de Paine\"}]},{\"@type\":\"WebSite\",\"@id\":\"https:\\\/\\\/diarioellabrador.cl\\\/#website\",\"url\":\"https:\\\/\\\/diarioellabrador.cl\\\/\",\"name\":\"Diario El Labrador\",\"description\":\"Haciendo noticia desde 1921\",\"publisher\":{\"@id\":\"https:\\\/\\\/diarioellabrador.cl\\\/#organization\"},\"potentialAction\":[{\"@type\":\"SearchAction\",\"target\":{\"@type\":\"EntryPoint\",\"urlTemplate\":\"https:\\\/\\\/diarioellabrador.cl\\\/?s={search_term_string}\"},\"query-input\":{\"@type\":\"PropertyValueSpecification\",\"valueRequired\":true,\"valueName\":\"search_term_string\"}}],\"inLanguage\":\"es\"},{\"@type\":\"Organization\",\"@id\":\"https:\\\/\\\/diarioellabrador.cl\\\/#organization\",\"name\":\"Diario El Labrador\",\"url\":\"https:\\\/\\\/diarioellabrador.cl\\\/\",\"logo\":{\"@type\":\"ImageObject\",\"inLanguage\":\"es\",\"@id\":\"https:\\\/\\\/diarioellabrador.cl\\\/#\\\/schema\\\/logo\\\/image\\\/\",\"url\":\"https:\\\/\\\/diarioellabrador.cl\\\/wp-content\\\/uploads\\\/2025\\\/02\\\/cropped-Logo-Icono.png\",\"contentUrl\":\"https:\\\/\\\/diarioellabrador.cl\\\/wp-content\\\/uploads\\\/2025\\\/02\\\/cropped-Logo-Icono.png\",\"width\":512,\"height\":512,\"caption\":\"Diario El Labrador\"},\"image\":{\"@id\":\"https:\\\/\\\/diarioellabrador.cl\\\/#\\\/schema\\\/logo\\\/image\\\/\"},\"sameAs\":[\"https:\\\/\\\/web.facebook.com\\\/profile.php?id=61576120840621\",\"https:\\\/\\\/x.com\\\/ElLabradorOf\",\"https:\\\/\\\/www.instagram.com\\\/diarioellabradoroficial\\\/\"]},{\"@type\":\"Person\",\"@id\":\"https:\\\/\\\/diarioellabrador.cl\\\/#\\\/schema\\\/person\\\/bc25ff80b4563f9c7f4bd7855df01685\",\"name\":\"Editor\",\"image\":{\"@type\":\"ImageObject\",\"inLanguage\":\"es\",\"@id\":\"https:\\\/\\\/secure.gravatar.com\\\/avatar\\\/109c326cf2be5c04f048c2c2a2b8b6ef44bf3d8d1d3d4c55d0ac40c4bc994684?s=96&d=mm&r=g\",\"url\":\"https:\\\/\\\/secure.gravatar.com\\\/avatar\\\/109c326cf2be5c04f048c2c2a2b8b6ef44bf3d8d1d3d4c55d0ac40c4bc994684?s=96&d=mm&r=g\",\"contentUrl\":\"https:\\\/\\\/secure.gravatar.com\\\/avatar\\\/109c326cf2be5c04f048c2c2a2b8b6ef44bf3d8d1d3d4c55d0ac40c4bc994684?s=96&d=mm&r=g\",\"caption\":\"Editor\"},\"url\":\"https:\\\/\\\/diarioellabrador.cl\\\/index.php\\\/author\\\/editor\\\/\"}]}<\/script>\n<!-- \/ Yoast SEO plugin. -->","yoast_head_json":{"title":"Quezada y Bustamante se impusieron en el estreno de la Medialuna Los Acacios de Paine - Diario El Labrador","robots":{"index":"index","follow":"follow","max-snippet":"max-snippet:-1","max-image-preview":"max-image-preview:large","max-video-preview":"max-video-preview:-1"},"canonical":"https:\/\/diarioellabrador.cl\/index.php\/2025\/10\/16\/quezada-y-bustamante-se-impusieron-en-el-estreno-de-la-medialuna-los-acacios-de-paine\/","og_locale":"es_ES","og_type":"article","og_title":"Quezada y Bustamante se impusieron en el estreno de la Medialuna Los Acacios de Paine - Diario El Labrador","og_description":"Autor: Alejandro Alegr\u00eda Torres Informaci\u00f3n: Jorge &#8216;Flash&#8217; Reyes Jos\u00e9 Francisco Quezada y Fernando Bustamante fueron los grandes vencedores del Rodeo Provincial Especial de Un D\u00eda que organiz\u00f3 el Club Pe\u00f1alol\u00e9n Norte de la Asociaci\u00f3n Santiago Oriente, evento se corri\u00f3 el s\u00e1bado y en el que se inaugur\u00f3 oficialmente la Medialuna Los Acacios de Paine de Leer m\u00e1s","og_url":"https:\/\/diarioellabrador.cl\/index.php\/2025\/10\/16\/quezada-y-bustamante-se-impusieron-en-el-estreno-de-la-medialuna-los-acacios-de-paine\/","og_site_name":"Diario El Labrador","article_publisher":"https:\/\/web.facebook.com\/profile.php?id=61576120840621","article_published_time":"2025-10-16T21:31:19+00:00","article_modified_time":"2025-10-16T21:31:20+00:00","og_image":[{"width":750,"height":389,"url":"https:\/\/diarioellabrador.cl\/wp-content\/uploads\/2025\/10\/Quezada-y-Bustamante-se-impusieron-en-el-estreno-de-la-Medialuna-Los-Acacios-de-Paine.jpg","type":"image\/jpeg"}],"author":"Editor","twitter_card":"summary_large_image","twitter_creator":"@ElLabradorOf","twitter_site":"@ElLabradorOf","twitter_misc":{"Escrito por":"Editor","Tiempo de lectura":"2 minutos"},"schema":{"@context":"https:\/\/schema.org","@graph":[{"@type":"Article","@id":"https:\/\/diarioellabrador.cl\/index.php\/2025\/10\/16\/quezada-y-bustamante-se-impusieron-en-el-estreno-de-la-medialuna-los-acacios-de-paine\/#article","isPartOf":{"@id":"https:\/\/diarioellabrador.cl\/index.php\/2025\/10\/16\/quezada-y-bustamante-se-impusieron-en-el-estreno-de-la-medialuna-los-acacios-de-paine\/"},"author":{"name":"Editor","@id":"https:\/\/diarioellabrador.cl\/#\/schema\/person\/bc25ff80b4563f9c7f4bd7855df01685"},"headline":"Quezada y Bustamante se impusieron en el estreno de la Medialuna Los Acacios de Paine","datePublished":"2025-10-16T21:31:19+00:00","dateModified":"2025-10-16T21:31:20+00:00","mainEntityOfPage":{"@id":"https:\/\/diarioellabrador.cl\/index.php\/2025\/10\/16\/quezada-y-bustamante-se-impusieron-en-el-estreno-de-la-medialuna-los-acacios-de-paine\/"},"wordCount":425,"commentCount":0,"publisher":{"@id":"https:\/\/diarioellabrador.cl\/#organization"},"image":{"@id":"https:\/\/diarioellabrador.cl\/index.php\/2025\/10\/16\/quezada-y-bustamante-se-impusieron-en-el-estreno-de-la-medialuna-los-acacios-de-paine\/#primaryimage"},"thumbnailUrl":"https:\/\/diarioellabrador.cl\/wp-content\/uploads\/2025\/10\/Quezada-y-Bustamante-se-impusieron-en-el-estreno-de-la-Medialuna-Los-Acacios-de-Paine.jpg","articleSection":["Rodeo"],"inLanguage":"es","potentialAction":[{"@type":"CommentAction","name":"Comment","target":["https:\/\/diarioellabrador.cl\/index.php\/2025\/10\/16\/quezada-y-bustamante-se-impusieron-en-el-estreno-de-la-medialuna-los-acacios-de-paine\/#respond"]}]},{"@type":"WebPage","@id":"https:\/\/diarioellabrador.cl\/index.php\/2025\/10\/16\/quezada-y-bustamante-se-impusieron-en-el-estreno-de-la-medialuna-los-acacios-de-paine\/","url":"https:\/\/diarioellabrador.cl\/index.php\/2025\/10\/16\/quezada-y-bustamante-se-impusieron-en-el-estreno-de-la-medialuna-los-acacios-de-paine\/","name":"Quezada y Bustamante se impusieron en el estreno de la Medialuna Los Acacios de Paine - Diario El Labrador","isPartOf":{"@id":"https:\/\/diarioellabrador.cl\/#website"},"primaryImageOfPage":{"@id":"https:\/\/diarioellabrador.cl\/index.php\/2025\/10\/16\/quezada-y-bustamante-se-impusieron-en-el-estreno-de-la-medialuna-los-acacios-de-paine\/#primaryimage"},"image":{"@id":"https:\/\/diarioellabrador.cl\/index.php\/2025\/10\/16\/quezada-y-bustamante-se-impusieron-en-el-estreno-de-la-medialuna-los-acacios-de-paine\/#primaryimage"},"thumbnailUrl":"https:\/\/diarioellabrador.cl\/wp-content\/uploads\/2025\/10\/Quezada-y-Bustamante-se-impusieron-en-el-estreno-de-la-Medialuna-Los-Acacios-de-Paine.jpg","datePublished":"2025-10-16T21:31:19+00:00","dateModified":"2025-10-16T21:31:20+00:00","breadcrumb":{"@id":"https:\/\/diarioellabrador.cl\/index.php\/2025\/10\/16\/quezada-y-bustamante-se-impusieron-en-el-estreno-de-la-medialuna-los-acacios-de-paine\/#breadcrumb"},"inLanguage":"es","potentialAction":[{"@type":"ReadAction","target":["https:\/\/diarioellabrador.cl\/index.php\/2025\/10\/16\/quezada-y-bustamante-se-impusieron-en-el-estreno-de-la-medialuna-los-acacios-de-paine\/"]}]},{"@type":"ImageObject","inLanguage":"es","@id":"https:\/\/diarioellabrador.cl\/index.php\/2025\/10\/16\/quezada-y-bustamante-se-impusieron-en-el-estreno-de-la-medialuna-los-acacios-de-paine\/#primaryimage","url":"https:\/\/diarioellabrador.cl\/wp-content\/uploads\/2025\/10\/Quezada-y-Bustamante-se-impusieron-en-el-estreno-de-la-Medialuna-Los-Acacios-de-Paine.jpg","contentUrl":"https:\/\/diarioellabrador.cl\/wp-content\/uploads\/2025\/10\/Quezada-y-Bustamante-se-impusieron-en-el-estreno-de-la-Medialuna-Los-Acacios-de-Paine.jpg","width":750,"height":389},{"@type":"BreadcrumbList","@id":"https:\/\/diarioellabrador.cl\/index.php\/2025\/10\/16\/quezada-y-bustamante-se-impusieron-en-el-estreno-de-la-medialuna-los-acacios-de-paine\/#breadcrumb","itemListElement":[{"@type":"ListItem","position":1,"name":"Portada","item":"https:\/\/diarioellabrador.cl\/"},{"@type":"ListItem","position":2,"name":"Quezada y Bustamante se impusieron en el estreno de la Medialuna Los Acacios de Paine"}]},{"@type":"WebSite","@id":"https:\/\/diarioellabrador.cl\/#website","url":"https:\/\/diarioellabrador.cl\/","name":"Diario El Labrador","description":"Haciendo noticia desde 1921","publisher":{"@id":"https:\/\/diarioellabrador.cl\/#organization"},"potentialAction":[{"@type":"SearchAction","target":{"@type":"EntryPoint","urlTemplate":"https:\/\/diarioellabrador.cl\/?s={search_term_string}"},"query-input":{"@type":"PropertyValueSpecification","valueRequired":true,"valueName":"search_term_string"}}],"inLanguage":"es"},{"@type":"Organization","@id":"https:\/\/diarioellabrador.cl\/#organization","name":"Diario El Labrador","url":"https:\/\/diarioellabrador.cl\/","logo":{"@type":"ImageObject","inLanguage":"es","@id":"https:\/\/diarioellabrador.cl\/#\/schema\/logo\/image\/","url":"https:\/\/diarioellabrador.cl\/wp-content\/uploads\/2025\/02\/cropped-Logo-Icono.png","contentUrl":"https:\/\/diarioellabrador.cl\/wp-content\/uploads\/2025\/02\/cropped-Logo-Icono.png","width":512,"height":512,"caption":"Diario El Labrador"},"image":{"@id":"https:\/\/diarioellabrador.cl\/#\/schema\/logo\/image\/"},"sameAs":["https:\/\/web.facebook.com\/profile.php?id=61576120840621","https:\/\/x.com\/ElLabradorOf","https:\/\/www.instagram.com\/diarioellabradoroficial\/"]},{"@type":"Person","@id":"https:\/\/diarioellabrador.cl\/#\/schema\/person\/bc25ff80b4563f9c7f4bd7855df01685","name":"Editor","image":{"@type":"ImageObject","inLanguage":"es","@id":"https:\/\/secure.gravatar.com\/avatar\/109c326cf2be5c04f048c2c2a2b8b6ef44bf3d8d1d3d4c55d0ac40c4bc994684?s=96&d=mm&r=g","url":"https:\/\/secure.gravatar.com\/avatar\/109c326cf2be5c04f048c2c2a2b8b6ef44bf3d8d1d3d4c55d0ac40c4bc994684?s=96&d=mm&r=g","contentUrl":"https:\/\/secure.gravatar.com\/avatar\/109c326cf2be5c04f048c2c2a2b8b6ef44bf3d8d1d3d4c55d0ac40c4bc994684?s=96&d=mm&r=g","caption":"Editor"},"url":"https:\/\/diarioellabrador.cl\/index.php\/author\/editor\/"}]}},"_links":{"self":[{"href":"https:\/\/diarioellabrador.cl\/index.php\/wp-json\/wp\/v2\/posts\/9967","targetHints":{"allow":["GET"]}}],"collection":[{"href":"https:\/\/diarioellabrador.cl\/index.php\/wp-json\/wp\/v2\/posts"}],"about":[{"href":"https:\/\/diarioellabrador.cl\/index.php\/wp-json\/wp\/v2\/types\/post"}],"author":[{"embeddable":true,"href":"https:\/\/diarioellabrador.cl\/index.php\/wp-json\/wp\/v2\/users\/2"}],"replies":[{"embeddable":true,"href":"https:\/\/diarioellabrador.cl\/index.php\/wp-json\/wp\/v2\/comments?post=9967"}],"version-history":[{"count":1,"href":"https:\/\/diarioellabrador.cl\/index.php\/wp-json\/wp\/v2\/posts\/9967\/revisions"}],"predecessor-version":[{"id":9968,"href":"https:\/\/diarioellabrador.cl\/index.php\/wp-json\/wp\/v2\/posts\/9967\/revisions\/9968"}],"wp:featuredmedia":[{"embeddable":true,"href":"https:\/\/diarioellabrador.cl\/index.php\/wp-json\/wp\/v2\/media\/9949"}],"wp:attachment":[{"href":"https:\/\/diarioellabrador.cl\/index.php\/wp-json\/wp\/v2\/media?parent=9967"}],"wp:term":[{"taxonomy":"category","embeddable":true,"href":"https:\/\/diarioellabrador.cl\/index.php\/wp-json\/wp\/v2\/categories?post=9967"},{"taxonomy":"post_tag","embeddable":true,"href":"https:\/\/diarioellabrador.cl\/index.php\/wp-json\/wp\/v2\/tags?post=9967"}],"curies":[{"name":"wp","href":"https:\/\/api.w.org\/{rel}","templated":true}]}}