{"id":9893,"date":"2025-10-14T17:27:02","date_gmt":"2025-10-14T21:27:02","guid":{"rendered":"https:\/\/diarioellabrador.cl\/?p=9893"},"modified":"2025-10-14T17:27:03","modified_gmt":"2025-10-14T21:27:03","slug":"septimo-giving-day-uandes-busca-que-jovenes-con-talento-no-se-queden-sin-estudiar-por-falta-de-recursos","status":"publish","type":"post","link":"https:\/\/diarioellabrador.cl\/index.php\/2025\/10\/14\/septimo-giving-day-uandes-busca-que-jovenes-con-talento-no-se-queden-sin-estudiar-por-falta-de-recursos\/","title":{"rendered":"S\u00e9ptimo Giving Day Uandes busca que j\u00f3venes con talento no se queden sin estudiar por falta de recursos"},"content":{"rendered":"\n<ul class=\"wp-block-list\">\n<li>El <strong>jueves 16 de octubre<\/strong>, la Universidad de los Andes impulsar\u00e1 <strong>24 horas de solidaridad<\/strong>, para conseguir <strong>fondos para becas<\/strong> de alumnos con necesidades econ\u00f3micas.<\/li>\n<\/ul>\n\n\n\n<ul class=\"wp-block-list\">\n<li>La campa\u00f1a contar\u00e1 con reconocidos rostros de la filantrop\u00eda nacional como <strong>Mario Kreutzbeger (Don Francisco); Mar\u00eda Luisa Godoy, periodista y conductora de televisi\u00f3n; Rosario Bravo, fundadora de Corporaci\u00f3n Ser; Marisol Said de la Fundaci\u00f3n CENPAR y Santiago Ib\u00e1\u00f1ez, de la Fundaci\u00f3n Oftalmol\u00f3gica Los Andes.<\/strong><\/li>\n<\/ul>\n\n\n\n<p>El Giving Day es un proyecto implementado por muchas universidades alrededor del mundo, con el prop\u00f3sito de recaudar fondos para diversas causas. En 2019, la <a href=\"https:\/\/www.uandes.cl\/\"><strong>Universidad de los Andes<\/strong><\/a> (Uandes) quiso tomar parte activa de esta iniciativa, y replicarla en nuestro pa\u00eds con el fin de conseguir fondos que, en esa primera versi\u00f3n, se destinaron a becas para alumnos con buen rendimiento acad\u00e9mico, pero que no cuentan con los recursos necesarios para estudiar.<\/p>\n\n\n\n<p>Este a\u00f1o se llevar\u00e1 a cabo la s\u00e9ptima versi\u00f3n de esta campa\u00f1a, el <strong>jueves 16 de octubre<\/strong>, en busca del mismo objetivo, esta vez con una meta de <strong>83 becas de mantenci\u00f3n<\/strong>, que financian transporte, alimentaci\u00f3n y fotocopias durante un a\u00f1o; y <strong>83 becas de matr\u00edcula<\/strong>, lo que significa una recaudaci\u00f3n de <strong>$200 millones<\/strong>. El <strong>Giving Day Uandes 2025<\/strong> contar\u00e1 con diversas actividades que buscan fomentar la cultura filantr\u00f3pica en la comunidad universitaria, y que todos sus integrantes se unan y formen parte de esta causa y se conviertan en aportantes por un d\u00eda.<\/p>\n\n\n\n<p>Este a\u00f1o participar\u00e1n reconocidos expositores nacionales de la filantrop\u00eda como <strong>Mario Kreutzbeger<\/strong> -Don Francisco-, creador en Chile de la Telet\u00f3n; <strong>Mar\u00eda Luisa Godoy<\/strong>, periodista, conductora de televisi\u00f3n y egresada Uandes; <strong>Rosario Bravo<\/strong>, enfermera, egresada Uandes y fundadora de Corporaci\u00f3n Ser; <strong>Marisol Said<\/strong>, directora Ejecutiva de Cenpar; y <strong>Santiago Ib\u00e1\u00f1ez<\/strong>, oftalm\u00f3logo y fundador de la Fundaci\u00f3n Oftalmol\u00f3gica Los Andes, en el <strong>conversatorio <em>La<\/em><\/strong><em> <strong>Importancia de Dar<\/strong>, <\/em>que se llevar\u00e1 a cabo a las 11:00 horas en el Aula Magna del edificio Biblioteca de la Universidad de los Andes.<\/p>\n\n\n\n<p>M\u00e1s tarde, a las 19:30 horas, en el mismo Aula Magna, se realizar\u00e1 un concierto solidario que busca motivar a todos con la m\u00fasica de la banda inglesa Coldplay a cargo de <strong>la banda tributo Clocks<\/strong>. Los m\u00fasicos chilenos ser\u00e1n los encargados de cerrar el evento y esperar junto a los asistentes el c\u00f3mputo final. <a href=\"https:\/\/www.uandes.cl\/eventos\/concierto-giving-day-uandes-2025\/\">Venta de entradas y m\u00e1s informaci\u00f3n aqu\u00ed.<\/a><\/p>\n\n\n\n<p>\u201cDurante <strong>24 horas de solidaridad<\/strong>, todos est\u00e1n invitados a aportar a esta causa por medio de <a href=\"https:\/\/givingdayuandes.donando.cl\/\">donaciones<\/a> y as\u00ed alcanzar la meta, que busca entregar m\u00e1s y mejores oportunidades para que muchos futuros profesionales puedan estudiar y formarse en la Universidad de los Andes\u201d, comenta Juan Ignacio Morand\u00e9, director de Avance Institucional de la casa de estudios. &nbsp;<\/p>\n","protected":false},"excerpt":{"rendered":"<p>El Giving Day es un proyecto implementado por muchas universidades alrededor del mundo, con el prop\u00f3sito de recaudar fondos para diversas causas. En 2019, la Universidad de los Andes (Uandes) quiso tomar parte activa de esta iniciativa, y replicarla en nuestro pa\u00eds con el fin de conseguir fondos que, en esa primera versi\u00f3n, se destinaron<\/p>\n<div class=\"read-more-wrapper\"><a class=\"read-more\" href=\"https:\/\/diarioellabrador.cl\/index.php\/2025\/10\/14\/septimo-giving-day-uandes-busca-que-jovenes-con-talento-no-se-queden-sin-estudiar-por-falta-de-recursos\/\" title=\"Leer m\u00e1s\"> <span class=\"button \">Leer m\u00e1s<\/span><\/a><\/div>\n","protected":false},"author":2,"featured_media":9859,"comment_status":"open","ping_status":"open","sticky":false,"template":"","format":"standard","meta":{"footnotes":""},"categories":[1],"tags":[],"class_list":["post-9893","post","type-post","status-publish","format-standard","has-post-thumbnail","hentry","category-cronica"],"yoast_head":"<!-- This site is optimized with the Yoast SEO plugin v27.5 - https:\/\/yoast.com\/product\/yoast-seo-wordpress\/ -->\n<title>S\u00e9ptimo Giving Day Uandes busca que j\u00f3venes con talento no se queden sin estudiar por falta de recursos - Diario El Labrador<\/title>\n<meta name=\"robots\" content=\"index, follow, max-snippet:-1, max-image-preview:large, max-video-preview:-1\" \/>\n<link rel=\"canonical\" href=\"https:\/\/diarioellabrador.cl\/index.php\/2025\/10\/14\/septimo-giving-day-uandes-busca-que-jovenes-con-talento-no-se-queden-sin-estudiar-por-falta-de-recursos\/\" \/>\n<meta property=\"og:locale\" content=\"es_ES\" \/>\n<meta property=\"og:type\" content=\"article\" \/>\n<meta property=\"og:title\" content=\"S\u00e9ptimo Giving Day Uandes busca que j\u00f3venes con talento no se queden sin estudiar por falta de recursos - Diario El Labrador\" \/>\n<meta property=\"og:description\" content=\"El Giving Day es un proyecto implementado por muchas universidades alrededor del mundo, con el prop\u00f3sito de recaudar fondos para diversas causas. En 2019, la Universidad de los Andes (Uandes) quiso tomar parte activa de esta iniciativa, y replicarla en nuestro pa\u00eds con el fin de conseguir fondos que, en esa primera versi\u00f3n, se destinaron Leer m\u00e1s\" \/>\n<meta property=\"og:url\" content=\"https:\/\/diarioellabrador.cl\/index.php\/2025\/10\/14\/septimo-giving-day-uandes-busca-que-jovenes-con-talento-no-se-queden-sin-estudiar-por-falta-de-recursos\/\" \/>\n<meta property=\"og:site_name\" content=\"Diario El Labrador\" \/>\n<meta property=\"article:publisher\" content=\"https:\/\/web.facebook.com\/profile.php?id=61576120840621\" \/>\n<meta property=\"article:published_time\" content=\"2025-10-14T21:27:02+00:00\" \/>\n<meta property=\"article:modified_time\" content=\"2025-10-14T21:27:03+00:00\" \/>\n<meta property=\"og:image\" content=\"https:\/\/diarioellabrador.cl\/wp-content\/uploads\/2025\/10\/Comunicado-Giving-Day-2025-scaled.jpg\" \/>\n\t<meta property=\"og:image:width\" content=\"2560\" \/>\n\t<meta property=\"og:image:height\" content=\"1707\" \/>\n\t<meta property=\"og:image:type\" content=\"image\/jpeg\" \/>\n<meta name=\"author\" content=\"Editor\" \/>\n<meta name=\"twitter:card\" content=\"summary_large_image\" \/>\n<meta name=\"twitter:creator\" content=\"@ElLabradorOf\" \/>\n<meta name=\"twitter:site\" content=\"@ElLabradorOf\" \/>\n<meta name=\"twitter:label1\" content=\"Escrito por\" \/>\n\t<meta name=\"twitter:data1\" content=\"Editor\" \/>\n\t<meta name=\"twitter:label2\" content=\"Tiempo de lectura\" \/>\n\t<meta name=\"twitter:data2\" content=\"3 minutos\" \/>\n<script type=\"application\/ld+json\" class=\"yoast-schema-graph\">{\"@context\":\"https:\\\/\\\/schema.org\",\"@graph\":[{\"@type\":\"Article\",\"@id\":\"https:\\\/\\\/diarioellabrador.cl\\\/index.php\\\/2025\\\/10\\\/14\\\/septimo-giving-day-uandes-busca-que-jovenes-con-talento-no-se-queden-sin-estudiar-por-falta-de-recursos\\\/#article\",\"isPartOf\":{\"@id\":\"https:\\\/\\\/diarioellabrador.cl\\\/index.php\\\/2025\\\/10\\\/14\\\/septimo-giving-day-uandes-busca-que-jovenes-con-talento-no-se-queden-sin-estudiar-por-falta-de-recursos\\\/\"},\"author\":{\"name\":\"Editor\",\"@id\":\"https:\\\/\\\/diarioellabrador.cl\\\/#\\\/schema\\\/person\\\/bc25ff80b4563f9c7f4bd7855df01685\"},\"headline\":\"S\u00e9ptimo Giving Day Uandes busca que j\u00f3venes con talento no se queden sin estudiar por falta de recursos\",\"datePublished\":\"2025-10-14T21:27:02+00:00\",\"dateModified\":\"2025-10-14T21:27:03+00:00\",\"mainEntityOfPage\":{\"@id\":\"https:\\\/\\\/diarioellabrador.cl\\\/index.php\\\/2025\\\/10\\\/14\\\/septimo-giving-day-uandes-busca-que-jovenes-con-talento-no-se-queden-sin-estudiar-por-falta-de-recursos\\\/\"},\"wordCount\":497,\"commentCount\":0,\"publisher\":{\"@id\":\"https:\\\/\\\/diarioellabrador.cl\\\/#organization\"},\"image\":{\"@id\":\"https:\\\/\\\/diarioellabrador.cl\\\/index.php\\\/2025\\\/10\\\/14\\\/septimo-giving-day-uandes-busca-que-jovenes-con-talento-no-se-queden-sin-estudiar-por-falta-de-recursos\\\/#primaryimage\"},\"thumbnailUrl\":\"https:\\\/\\\/diarioellabrador.cl\\\/wp-content\\\/uploads\\\/2025\\\/10\\\/Comunicado-Giving-Day-2025-scaled.jpg\",\"articleSection\":[\"Cr\u00f3nica\"],\"inLanguage\":\"es\",\"potentialAction\":[{\"@type\":\"CommentAction\",\"name\":\"Comment\",\"target\":[\"https:\\\/\\\/diarioellabrador.cl\\\/index.php\\\/2025\\\/10\\\/14\\\/septimo-giving-day-uandes-busca-que-jovenes-con-talento-no-se-queden-sin-estudiar-por-falta-de-recursos\\\/#respond\"]}]},{\"@type\":\"WebPage\",\"@id\":\"https:\\\/\\\/diarioellabrador.cl\\\/index.php\\\/2025\\\/10\\\/14\\\/septimo-giving-day-uandes-busca-que-jovenes-con-talento-no-se-queden-sin-estudiar-por-falta-de-recursos\\\/\",\"url\":\"https:\\\/\\\/diarioellabrador.cl\\\/index.php\\\/2025\\\/10\\\/14\\\/septimo-giving-day-uandes-busca-que-jovenes-con-talento-no-se-queden-sin-estudiar-por-falta-de-recursos\\\/\",\"name\":\"S\u00e9ptimo Giving Day Uandes busca que j\u00f3venes con talento no se queden sin estudiar por falta de recursos - Diario El Labrador\",\"isPartOf\":{\"@id\":\"https:\\\/\\\/diarioellabrador.cl\\\/#website\"},\"primaryImageOfPage\":{\"@id\":\"https:\\\/\\\/diarioellabrador.cl\\\/index.php\\\/2025\\\/10\\\/14\\\/septimo-giving-day-uandes-busca-que-jovenes-con-talento-no-se-queden-sin-estudiar-por-falta-de-recursos\\\/#primaryimage\"},\"image\":{\"@id\":\"https:\\\/\\\/diarioellabrador.cl\\\/index.php\\\/2025\\\/10\\\/14\\\/septimo-giving-day-uandes-busca-que-jovenes-con-talento-no-se-queden-sin-estudiar-por-falta-de-recursos\\\/#primaryimage\"},\"thumbnailUrl\":\"https:\\\/\\\/diarioellabrador.cl\\\/wp-content\\\/uploads\\\/2025\\\/10\\\/Comunicado-Giving-Day-2025-scaled.jpg\",\"datePublished\":\"2025-10-14T21:27:02+00:00\",\"dateModified\":\"2025-10-14T21:27:03+00:00\",\"breadcrumb\":{\"@id\":\"https:\\\/\\\/diarioellabrador.cl\\\/index.php\\\/2025\\\/10\\\/14\\\/septimo-giving-day-uandes-busca-que-jovenes-con-talento-no-se-queden-sin-estudiar-por-falta-de-recursos\\\/#breadcrumb\"},\"inLanguage\":\"es\",\"potentialAction\":[{\"@type\":\"ReadAction\",\"target\":[\"https:\\\/\\\/diarioellabrador.cl\\\/index.php\\\/2025\\\/10\\\/14\\\/septimo-giving-day-uandes-busca-que-jovenes-con-talento-no-se-queden-sin-estudiar-por-falta-de-recursos\\\/\"]}]},{\"@type\":\"ImageObject\",\"inLanguage\":\"es\",\"@id\":\"https:\\\/\\\/diarioellabrador.cl\\\/index.php\\\/2025\\\/10\\\/14\\\/septimo-giving-day-uandes-busca-que-jovenes-con-talento-no-se-queden-sin-estudiar-por-falta-de-recursos\\\/#primaryimage\",\"url\":\"https:\\\/\\\/diarioellabrador.cl\\\/wp-content\\\/uploads\\\/2025\\\/10\\\/Comunicado-Giving-Day-2025-scaled.jpg\",\"contentUrl\":\"https:\\\/\\\/diarioellabrador.cl\\\/wp-content\\\/uploads\\\/2025\\\/10\\\/Comunicado-Giving-Day-2025-scaled.jpg\",\"width\":2560,\"height\":1707},{\"@type\":\"BreadcrumbList\",\"@id\":\"https:\\\/\\\/diarioellabrador.cl\\\/index.php\\\/2025\\\/10\\\/14\\\/septimo-giving-day-uandes-busca-que-jovenes-con-talento-no-se-queden-sin-estudiar-por-falta-de-recursos\\\/#breadcrumb\",\"itemListElement\":[{\"@type\":\"ListItem\",\"position\":1,\"name\":\"Portada\",\"item\":\"https:\\\/\\\/diarioellabrador.cl\\\/\"},{\"@type\":\"ListItem\",\"position\":2,\"name\":\"S\u00e9ptimo Giving Day Uandes busca que j\u00f3venes con talento no se queden sin estudiar por falta de recursos\"}]},{\"@type\":\"WebSite\",\"@id\":\"https:\\\/\\\/diarioellabrador.cl\\\/#website\",\"url\":\"https:\\\/\\\/diarioellabrador.cl\\\/\",\"name\":\"Diario El Labrador\",\"description\":\"Haciendo noticia desde 1921\",\"publisher\":{\"@id\":\"https:\\\/\\\/diarioellabrador.cl\\\/#organization\"},\"potentialAction\":[{\"@type\":\"SearchAction\",\"target\":{\"@type\":\"EntryPoint\",\"urlTemplate\":\"https:\\\/\\\/diarioellabrador.cl\\\/?s={search_term_string}\"},\"query-input\":{\"@type\":\"PropertyValueSpecification\",\"valueRequired\":true,\"valueName\":\"search_term_string\"}}],\"inLanguage\":\"es\"},{\"@type\":\"Organization\",\"@id\":\"https:\\\/\\\/diarioellabrador.cl\\\/#organization\",\"name\":\"Diario El Labrador\",\"url\":\"https:\\\/\\\/diarioellabrador.cl\\\/\",\"logo\":{\"@type\":\"ImageObject\",\"inLanguage\":\"es\",\"@id\":\"https:\\\/\\\/diarioellabrador.cl\\\/#\\\/schema\\\/logo\\\/image\\\/\",\"url\":\"https:\\\/\\\/diarioellabrador.cl\\\/wp-content\\\/uploads\\\/2025\\\/02\\\/cropped-Logo-Icono.png\",\"contentUrl\":\"https:\\\/\\\/diarioellabrador.cl\\\/wp-content\\\/uploads\\\/2025\\\/02\\\/cropped-Logo-Icono.png\",\"width\":512,\"height\":512,\"caption\":\"Diario El Labrador\"},\"image\":{\"@id\":\"https:\\\/\\\/diarioellabrador.cl\\\/#\\\/schema\\\/logo\\\/image\\\/\"},\"sameAs\":[\"https:\\\/\\\/web.facebook.com\\\/profile.php?id=61576120840621\",\"https:\\\/\\\/x.com\\\/ElLabradorOf\",\"https:\\\/\\\/www.instagram.com\\\/diarioellabradoroficial\\\/\"]},{\"@type\":\"Person\",\"@id\":\"https:\\\/\\\/diarioellabrador.cl\\\/#\\\/schema\\\/person\\\/bc25ff80b4563f9c7f4bd7855df01685\",\"name\":\"Editor\",\"image\":{\"@type\":\"ImageObject\",\"inLanguage\":\"es\",\"@id\":\"https:\\\/\\\/secure.gravatar.com\\\/avatar\\\/109c326cf2be5c04f048c2c2a2b8b6ef44bf3d8d1d3d4c55d0ac40c4bc994684?s=96&d=mm&r=g\",\"url\":\"https:\\\/\\\/secure.gravatar.com\\\/avatar\\\/109c326cf2be5c04f048c2c2a2b8b6ef44bf3d8d1d3d4c55d0ac40c4bc994684?s=96&d=mm&r=g\",\"contentUrl\":\"https:\\\/\\\/secure.gravatar.com\\\/avatar\\\/109c326cf2be5c04f048c2c2a2b8b6ef44bf3d8d1d3d4c55d0ac40c4bc994684?s=96&d=mm&r=g\",\"caption\":\"Editor\"},\"url\":\"https:\\\/\\\/diarioellabrador.cl\\\/index.php\\\/author\\\/editor\\\/\"}]}<\/script>\n<!-- \/ Yoast SEO plugin. -->","yoast_head_json":{"title":"S\u00e9ptimo Giving Day Uandes busca que j\u00f3venes con talento no se queden sin estudiar por falta de recursos - Diario El Labrador","robots":{"index":"index","follow":"follow","max-snippet":"max-snippet:-1","max-image-preview":"max-image-preview:large","max-video-preview":"max-video-preview:-1"},"canonical":"https:\/\/diarioellabrador.cl\/index.php\/2025\/10\/14\/septimo-giving-day-uandes-busca-que-jovenes-con-talento-no-se-queden-sin-estudiar-por-falta-de-recursos\/","og_locale":"es_ES","og_type":"article","og_title":"S\u00e9ptimo Giving Day Uandes busca que j\u00f3venes con talento no se queden sin estudiar por falta de recursos - Diario El Labrador","og_description":"El Giving Day es un proyecto implementado por muchas universidades alrededor del mundo, con el prop\u00f3sito de recaudar fondos para diversas causas. En 2019, la Universidad de los Andes (Uandes) quiso tomar parte activa de esta iniciativa, y replicarla en nuestro pa\u00eds con el fin de conseguir fondos que, en esa primera versi\u00f3n, se destinaron Leer m\u00e1s","og_url":"https:\/\/diarioellabrador.cl\/index.php\/2025\/10\/14\/septimo-giving-day-uandes-busca-que-jovenes-con-talento-no-se-queden-sin-estudiar-por-falta-de-recursos\/","og_site_name":"Diario El Labrador","article_publisher":"https:\/\/web.facebook.com\/profile.php?id=61576120840621","article_published_time":"2025-10-14T21:27:02+00:00","article_modified_time":"2025-10-14T21:27:03+00:00","og_image":[{"width":2560,"height":1707,"url":"https:\/\/diarioellabrador.cl\/wp-content\/uploads\/2025\/10\/Comunicado-Giving-Day-2025-scaled.jpg","type":"image\/jpeg"}],"author":"Editor","twitter_card":"summary_large_image","twitter_creator":"@ElLabradorOf","twitter_site":"@ElLabradorOf","twitter_misc":{"Escrito por":"Editor","Tiempo de lectura":"3 minutos"},"schema":{"@context":"https:\/\/schema.org","@graph":[{"@type":"Article","@id":"https:\/\/diarioellabrador.cl\/index.php\/2025\/10\/14\/septimo-giving-day-uandes-busca-que-jovenes-con-talento-no-se-queden-sin-estudiar-por-falta-de-recursos\/#article","isPartOf":{"@id":"https:\/\/diarioellabrador.cl\/index.php\/2025\/10\/14\/septimo-giving-day-uandes-busca-que-jovenes-con-talento-no-se-queden-sin-estudiar-por-falta-de-recursos\/"},"author":{"name":"Editor","@id":"https:\/\/diarioellabrador.cl\/#\/schema\/person\/bc25ff80b4563f9c7f4bd7855df01685"},"headline":"S\u00e9ptimo Giving Day Uandes busca que j\u00f3venes con talento no se queden sin estudiar por falta de recursos","datePublished":"2025-10-14T21:27:02+00:00","dateModified":"2025-10-14T21:27:03+00:00","mainEntityOfPage":{"@id":"https:\/\/diarioellabrador.cl\/index.php\/2025\/10\/14\/septimo-giving-day-uandes-busca-que-jovenes-con-talento-no-se-queden-sin-estudiar-por-falta-de-recursos\/"},"wordCount":497,"commentCount":0,"publisher":{"@id":"https:\/\/diarioellabrador.cl\/#organization"},"image":{"@id":"https:\/\/diarioellabrador.cl\/index.php\/2025\/10\/14\/septimo-giving-day-uandes-busca-que-jovenes-con-talento-no-se-queden-sin-estudiar-por-falta-de-recursos\/#primaryimage"},"thumbnailUrl":"https:\/\/diarioellabrador.cl\/wp-content\/uploads\/2025\/10\/Comunicado-Giving-Day-2025-scaled.jpg","articleSection":["Cr\u00f3nica"],"inLanguage":"es","potentialAction":[{"@type":"CommentAction","name":"Comment","target":["https:\/\/diarioellabrador.cl\/index.php\/2025\/10\/14\/septimo-giving-day-uandes-busca-que-jovenes-con-talento-no-se-queden-sin-estudiar-por-falta-de-recursos\/#respond"]}]},{"@type":"WebPage","@id":"https:\/\/diarioellabrador.cl\/index.php\/2025\/10\/14\/septimo-giving-day-uandes-busca-que-jovenes-con-talento-no-se-queden-sin-estudiar-por-falta-de-recursos\/","url":"https:\/\/diarioellabrador.cl\/index.php\/2025\/10\/14\/septimo-giving-day-uandes-busca-que-jovenes-con-talento-no-se-queden-sin-estudiar-por-falta-de-recursos\/","name":"S\u00e9ptimo Giving Day Uandes busca que j\u00f3venes con talento no se queden sin estudiar por falta de recursos - Diario El Labrador","isPartOf":{"@id":"https:\/\/diarioellabrador.cl\/#website"},"primaryImageOfPage":{"@id":"https:\/\/diarioellabrador.cl\/index.php\/2025\/10\/14\/septimo-giving-day-uandes-busca-que-jovenes-con-talento-no-se-queden-sin-estudiar-por-falta-de-recursos\/#primaryimage"},"image":{"@id":"https:\/\/diarioellabrador.cl\/index.php\/2025\/10\/14\/septimo-giving-day-uandes-busca-que-jovenes-con-talento-no-se-queden-sin-estudiar-por-falta-de-recursos\/#primaryimage"},"thumbnailUrl":"https:\/\/diarioellabrador.cl\/wp-content\/uploads\/2025\/10\/Comunicado-Giving-Day-2025-scaled.jpg","datePublished":"2025-10-14T21:27:02+00:00","dateModified":"2025-10-14T21:27:03+00:00","breadcrumb":{"@id":"https:\/\/diarioellabrador.cl\/index.php\/2025\/10\/14\/septimo-giving-day-uandes-busca-que-jovenes-con-talento-no-se-queden-sin-estudiar-por-falta-de-recursos\/#breadcrumb"},"inLanguage":"es","potentialAction":[{"@type":"ReadAction","target":["https:\/\/diarioellabrador.cl\/index.php\/2025\/10\/14\/septimo-giving-day-uandes-busca-que-jovenes-con-talento-no-se-queden-sin-estudiar-por-falta-de-recursos\/"]}]},{"@type":"ImageObject","inLanguage":"es","@id":"https:\/\/diarioellabrador.cl\/index.php\/2025\/10\/14\/septimo-giving-day-uandes-busca-que-jovenes-con-talento-no-se-queden-sin-estudiar-por-falta-de-recursos\/#primaryimage","url":"https:\/\/diarioellabrador.cl\/wp-content\/uploads\/2025\/10\/Comunicado-Giving-Day-2025-scaled.jpg","contentUrl":"https:\/\/diarioellabrador.cl\/wp-content\/uploads\/2025\/10\/Comunicado-Giving-Day-2025-scaled.jpg","width":2560,"height":1707},{"@type":"BreadcrumbList","@id":"https:\/\/diarioellabrador.cl\/index.php\/2025\/10\/14\/septimo-giving-day-uandes-busca-que-jovenes-con-talento-no-se-queden-sin-estudiar-por-falta-de-recursos\/#breadcrumb","itemListElement":[{"@type":"ListItem","position":1,"name":"Portada","item":"https:\/\/diarioellabrador.cl\/"},{"@type":"ListItem","position":2,"name":"S\u00e9ptimo Giving Day Uandes busca que j\u00f3venes con talento no se queden sin estudiar por falta de recursos"}]},{"@type":"WebSite","@id":"https:\/\/diarioellabrador.cl\/#website","url":"https:\/\/diarioellabrador.cl\/","name":"Diario El Labrador","description":"Haciendo noticia desde 1921","publisher":{"@id":"https:\/\/diarioellabrador.cl\/#organization"},"potentialAction":[{"@type":"SearchAction","target":{"@type":"EntryPoint","urlTemplate":"https:\/\/diarioellabrador.cl\/?s={search_term_string}"},"query-input":{"@type":"PropertyValueSpecification","valueRequired":true,"valueName":"search_term_string"}}],"inLanguage":"es"},{"@type":"Organization","@id":"https:\/\/diarioellabrador.cl\/#organization","name":"Diario El Labrador","url":"https:\/\/diarioellabrador.cl\/","logo":{"@type":"ImageObject","inLanguage":"es","@id":"https:\/\/diarioellabrador.cl\/#\/schema\/logo\/image\/","url":"https:\/\/diarioellabrador.cl\/wp-content\/uploads\/2025\/02\/cropped-Logo-Icono.png","contentUrl":"https:\/\/diarioellabrador.cl\/wp-content\/uploads\/2025\/02\/cropped-Logo-Icono.png","width":512,"height":512,"caption":"Diario El Labrador"},"image":{"@id":"https:\/\/diarioellabrador.cl\/#\/schema\/logo\/image\/"},"sameAs":["https:\/\/web.facebook.com\/profile.php?id=61576120840621","https:\/\/x.com\/ElLabradorOf","https:\/\/www.instagram.com\/diarioellabradoroficial\/"]},{"@type":"Person","@id":"https:\/\/diarioellabrador.cl\/#\/schema\/person\/bc25ff80b4563f9c7f4bd7855df01685","name":"Editor","image":{"@type":"ImageObject","inLanguage":"es","@id":"https:\/\/secure.gravatar.com\/avatar\/109c326cf2be5c04f048c2c2a2b8b6ef44bf3d8d1d3d4c55d0ac40c4bc994684?s=96&d=mm&r=g","url":"https:\/\/secure.gravatar.com\/avatar\/109c326cf2be5c04f048c2c2a2b8b6ef44bf3d8d1d3d4c55d0ac40c4bc994684?s=96&d=mm&r=g","contentUrl":"https:\/\/secure.gravatar.com\/avatar\/109c326cf2be5c04f048c2c2a2b8b6ef44bf3d8d1d3d4c55d0ac40c4bc994684?s=96&d=mm&r=g","caption":"Editor"},"url":"https:\/\/diarioellabrador.cl\/index.php\/author\/editor\/"}]}},"_links":{"self":[{"href":"https:\/\/diarioellabrador.cl\/index.php\/wp-json\/wp\/v2\/posts\/9893","targetHints":{"allow":["GET"]}}],"collection":[{"href":"https:\/\/diarioellabrador.cl\/index.php\/wp-json\/wp\/v2\/posts"}],"about":[{"href":"https:\/\/diarioellabrador.cl\/index.php\/wp-json\/wp\/v2\/types\/post"}],"author":[{"embeddable":true,"href":"https:\/\/diarioellabrador.cl\/index.php\/wp-json\/wp\/v2\/users\/2"}],"replies":[{"embeddable":true,"href":"https:\/\/diarioellabrador.cl\/index.php\/wp-json\/wp\/v2\/comments?post=9893"}],"version-history":[{"count":1,"href":"https:\/\/diarioellabrador.cl\/index.php\/wp-json\/wp\/v2\/posts\/9893\/revisions"}],"predecessor-version":[{"id":9894,"href":"https:\/\/diarioellabrador.cl\/index.php\/wp-json\/wp\/v2\/posts\/9893\/revisions\/9894"}],"wp:featuredmedia":[{"embeddable":true,"href":"https:\/\/diarioellabrador.cl\/index.php\/wp-json\/wp\/v2\/media\/9859"}],"wp:attachment":[{"href":"https:\/\/diarioellabrador.cl\/index.php\/wp-json\/wp\/v2\/media?parent=9893"}],"wp:term":[{"taxonomy":"category","embeddable":true,"href":"https:\/\/diarioellabrador.cl\/index.php\/wp-json\/wp\/v2\/categories?post=9893"},{"taxonomy":"post_tag","embeddable":true,"href":"https:\/\/diarioellabrador.cl\/index.php\/wp-json\/wp\/v2\/tags?post=9893"}],"curies":[{"name":"wp","href":"https:\/\/api.w.org\/{rel}","templated":true}]}}