{"id":9805,"date":"2025-10-13T17:21:13","date_gmt":"2025-10-13T21:21:13","guid":{"rendered":"https:\/\/diarioellabrador.cl\/?p=9805"},"modified":"2025-10-13T17:21:14","modified_gmt":"2025-10-13T21:21:14","slug":"79-anos-el-camino-desde-la-asociacion-de-criadores-de-caballares-hasta-la-actual-federacion-de-criadores","status":"publish","type":"post","link":"https:\/\/diarioellabrador.cl\/index.php\/2025\/10\/13\/79-anos-el-camino-desde-la-asociacion-de-criadores-de-caballares-hasta-la-actual-federacion-de-criadores\/","title":{"rendered":"\u00a179 a\u00f1os! El camino desde la Asociaci\u00f3n de Criadores de Caballares hasta la actual Federaci\u00f3n de Criadores"},"content":{"rendered":"\n<p><strong>Autor: <\/strong><a href=\"https:\/\/www.caballoyrodeo.cl\/portal_rodeo\/site\/tax\/port\/all\/taxport____1.html\">Caballoyrodeo.cl<\/a><\/p>\n\n\n\n<p>Este viernes 10 de octubre la <strong>Federaci\u00f3n Criadores de Caballos Raza Chilena cumple 79 a\u00f1os<\/strong> y lo hace en un gran momento, con presencia de Arica a Magallanes, con importantes proyecciones nacionales e internacionales para el Caballo Chileno y consolidada en este largo camino que comenz\u00f3 con el nacimiento de la <strong>Asociaci\u00f3n de Criadores de Caballares<\/strong> en un d\u00eda como hoy de 1946.<\/p>\n\n\n\n<p>La crianza viene desde mucho antes, de la \u00e9poca colonial, pero encontr\u00f3 un respaldo institucional con la fundaci\u00f3n de la <strong>Sociedad Nacional de Agricultura (SNA) el 18 de mayo de 1838<\/strong>. Ah\u00ed los criadores tuvieron un espacio que los llev\u00f3, en conjunto con la SNA, a crear un <strong>Registro Geneal\u00f3gico del Caballo Chileno<\/strong>, que se concret\u00f3 <strong>en octubre de 1893<\/strong>, con la inscripci\u00f3n del primer producto: <strong>el potro Bronce de don Diego Vial Guzm\u00e1n.<\/strong><\/p>\n\n\n\n<p>Luego de eso, gracias a las comunicaciones y los medios de transporte, la crianza de los caballos chilenos y el deporte del rodeo se desarrollaron masivamente en el pa\u00eds, lo que incentiv\u00f3 a los Criadores de Caballos Chilenos, primero a constituirse en Asociaci\u00f3n, como una Secci\u00f3n de la SNA, lo que ocurri\u00f3 el 14 de agosto de 1944 bajo la presidencia de <strong>Alberto Echenique Dom\u00ednguez<\/strong> y con un Directorio integrado por <strong>Miguel Letelier Esp\u00ednola, Ricardo de la Fuente Chaparro, Pedro Juan Espinoza del Valle, Guillermo Aguirre Ureta, Manuel Castillo Gonz\u00e1lez, Hern\u00e1n Braun Page, Daniel Osorio y Jorge Stolzembach<\/strong>.<\/p>\n\n\n\n<p>Dos a\u00f1os m\u00e1s tarde, el crecimiento de las actividades los inst\u00f3 a fundar una instituci\u00f3n independiente de la SNA, y as\u00ed naci\u00f3 la Asociaci\u00f3n de Criadores de Caballares el 10 de octubre de 1946, con un Directorio que presidi\u00f3 <strong>Alberto Echenique<\/strong> y que conformaron los representantes de los m\u00e1s connotados criaderos del pa\u00eds, los se\u00f1ores <strong>Guillermo Aguirre Ureta, Manuel Castillo Gonz\u00e1lez, Oscar Mujica, Edmundo Moller Bordeau, Jos\u00e9 Tagle Ruiz, Fernando Hurtado Echenique, Alberto Correa Montt y Ernesto Cuevas Lizama<\/strong>.<\/p>\n\n\n\n<p>La presidencia de Echenique dur\u00f3 hasta 1950 y luego de \u00e9l ocuparon el cargo: <strong>Guillermo Aguirre Ureta<\/strong> (1950-1954), <strong>Juan Luis Urrutia Prieto<\/strong> (1954-1960), <strong>Fernando Hurtado Echenique<\/strong> (1960-1968), <strong>Gonzalo P\u00e9rez Llona<\/strong> (1968-1973), <strong>Alberto Araya G\u00f3mez<\/strong> (1973-1977), <strong>Arturo Correa Sota<\/strong> (197-1987) y <strong>Pascual Barburizza Raic<\/strong> (1987-1988).<\/p>\n\n\n\n<p>Como la Asociaci\u00f3n de Criadores de Caballares estuvo fuertemente vinculada al rodeo, organizando y fomentando este deporte, uno de sus grandes hitos fue dar origen a la <strong>Federaci\u00f3n del Rodeo Chileno<\/strong>, la cual naci\u00f3 el 22 de mayo de 1961.<\/p>\n\n\n\n<h3 class=\"wp-block-heading\"><strong>La transformaci\u00f3n a Federaci\u00f3n de Criadores<\/strong><\/h3>\n\n\n\n<p>El crecimiento del rodeo en el pa\u00eds y su poderoso atractivo para los amantes del Caballo Chileno, hizo que disminuyera el inter\u00e9s por las actividades propias de la Asociaci\u00f3n de Criadores, ya que lo que m\u00e1s importaba era los resultados en los rodeos.<\/p>\n\n\n\n<p>En vista de eso, un grupo de criadores, compuesto por <strong>Agust\u00edn Edwards Eastman, Luis Iv\u00e1n Mu\u00f1oz Rojas, Gonzalo Vial Vial, Samuel Parot G\u00f3mez y Benjam\u00edn Garc\u00eda-Huidobro Matte<\/strong>, se reunieron para darle un impulso a la hist\u00f3rica Asociaci\u00f3n de Criadores y transformarla en una Federaci\u00f3n, constituida por Asociaciones representativas de todo el territorio nacional, para tener una mejor integraci\u00f3n y un trabajo conjunto de todos los Criadores de Caballos Chilenos.<\/p>\n\n\n\n<p>As\u00ed a inicios de la d\u00e9cada del &#8217;90 la Asociaci\u00f3n de Criadores pas\u00f3 a llamarse <strong>Federaci\u00f3n de Criadores de Caballos Chilenos<\/strong>, presidida por <strong>Agust\u00edn Edwards Eastman<\/strong>. Adem\u00e1s de los dirigentes ya mencionados, se fueron sumando grandes y entusiastas criadores como Alberto Schwalm Bielefeld, Jos\u00e9 Manuel Pozo Merino, Hern\u00e1n Cruz Castillo, Jorge Lasserre Lafontaine, Ram\u00f3n Cardemil Moraga, Leonardo Garc\u00eda Sabugal, Ricardo Ib\u00e1\u00f1ez Letelier, Luis Valent\u00edn Ferrada Valenzuela, entre otros.<\/p>\n\n\n\n<p>Don Agust\u00edn fue presidente hasta 2013 y despu\u00e9s de \u00e9l asumieron Luis Iv\u00e1n Mu\u00f1oz Rojas (2013-2020), Alfredo Moreno Echeverr\u00eda (2020- 2021), Marco Antonio Barbosa Gellona (subrogante, 2021), Ignacio Rius Garc\u00eda (2021-2024) y Roberto Standen P\u00e9rez, actual timonel de la instituci\u00f3n desde 2024.<\/p>\n\n\n\n<p><strong>Los logros de la hoy Federaci\u00f3n Criadores de Caballos Raza Chilena son numerosos, por ejemplo:<\/strong><\/p>\n\n\n\n<p>&#8211; La obligaci\u00f3n de hacer ADN a todos los caballos de raza chilena, en conjunto con los Entes Registradores SNA, SOFO, SAGO, OGAMA y ASOGAMA, y el posterior establecimiento del Chip en el cuello en reemplazo de la marca al fuego.<\/p>\n\n\n\n<p>&#8211; Convenios con el Ej\u00e9rcito de Chile para dictar charlas de capacitaci\u00f3n a nuestras bases.<\/p>\n\n\n\n<p>&#8211; Viaje a Espa\u00f1a para participar en los actos de celebraci\u00f3n de los 500 a\u00f1os del Descubrimiento de Am\u00e9rica., con 29 Caballos Chilenos, sus jinetes y los cultores m\u00e1s representativos de la artesan\u00eda chilena.<\/p>\n\n\n\n<p>&#8211; La Semana de la Chilenidad, gran evento de las tradiciones en conjunto con las Municipalidades de Las Condes, Vitacura y La Reina, actualmente en al Parque Padre Hurtado.<\/p>\n\n\n\n<p>&#8211; Incorporaci\u00f3n de asociaciones de criadores desde Arica a Magallanes en Chile y fuera de nuestro territorio en Brasil y Cuyo (Argentina).<\/p>\n\n\n\n<p>&#8211; Exposiciones de Caballos Raza Chilena en todo el pa\u00eds, las que culminan cada a\u00f1o en una Gran Final Nacional de Exposiciones.<\/p>\n\n\n\n<p>&#8211; Charlas y cursos para jurados, incorporando nuevos integrantes al Cuerpo de Jurados, incluida la primera mujer jurado: Teresa Cabezas.<\/p>\n\n\n\n<p>&#8211; D\u00edas de Campo de las Asociaciones donde se imparten charlas t\u00e9cnicas, de morfolog\u00eda y de funcionalidad racial.<\/p>\n\n\n\n<p>&#8211; Caballo Chileno declarado Monumento Natural Nacional e inscrito como raza caballar en FAO.<\/p>\n\n\n\n<p>&#8211; Creaci\u00f3n, en conjunto con la Federaci\u00f3n de Rodeo, del Portal <a href=\"https:\/\/www.caballoyrodeo.cl\/\">www.CaballoyRodeo.cl<\/a>.<\/p>\n\n\n\n<p>&#8211; Rodeos para Criadores y su Final Nacional, en conjunto con la Federaci\u00f3n de Rodeo.<\/p>\n\n\n\n<p>&#8211; Promoci\u00f3n de los rodeos Escolares, Padre e Hijo, Femeninos, posteriormente regulados y organizados por la Federaci\u00f3n del Rodeo en forma oficial.<\/p>\n\n\n\n<p>&#8211; Consejo Superior itinerante, organizado por diferentes Asociaciones del pa\u00eds criador, incluso fuera de Chile como el de Tunuy\u00e1n, Mendoza.<\/p>\n\n\n\n<p>&#8211; Impulso a las cabalgatas, escuadras ecuestres y pruebas funcionales: Barrilete, Rienda Sin Fronteras y Aparta de Ganado.<\/p>\n\n\n\n<p>&#8211; Comodato con la Municipalidad de Las Condes para tener la Sede Institucional en el Parque Santa Rosa de Las Condes, donde adem\u00e1s se fund\u00f3 el hoy Museo de la Chilenidad \u00abBenjam\u00edn Mackenna Besa\u00bb.<\/p>\n\n\n\n<p>&#8211; Creaci\u00f3n, en conjunto con la Federaci\u00f3n del Rodeo, de la App Caballo Chileno.<\/p>\n\n\n\n<p>&#8211; Publicaci\u00f3n de un Manual de Bienestar Animal y libros de diferentes tem\u00e1ticas.<\/p>\n\n\n\n<p>&#8211; Viajes de delegaciones de criadores a importantes eventos y ferias internacionales como Expo Rural de Palermo (Argentina), Freno de Oro y Expointer (Brasil), Expo Oto\u00f1o (Uruguay), Fieracavalli en Verona (Italia), Sal\u00f3n Internacional del Caballo de Pura Raza Espa\u00f1ola en Cevilla (Espa\u00f1a) y Jornadas Nacionales del Caballo Bereberer (Marruecos).&nbsp;<\/p>\n\n\n\n<p>&#8211; En conjunto con SOFO, filiaci\u00f3n de Caballos Chilenos en Argentina, Alemania y pr\u00f3ximamente en Brasil y otros pa\u00edses.<\/p>\n\n\n\n<p>&#8211; Hist\u00f3rico encuentro de 120 mujeres en el Criadero Santa Ana en Cabrero.<\/p>\n\n\n\n<p>&nbsp;A todos estos hitos, entre muchos otros, se sumar\u00e1 en 2026 la <strong>Feria del Caballo Chileno Santiago 2026<\/strong>, en el marco de los 80 a\u00f1os de la Federaci\u00f3n de Criadores.<\/p>\n","protected":false},"excerpt":{"rendered":"<p>Autor: Caballoyrodeo.cl Este viernes 10 de octubre la Federaci\u00f3n Criadores de Caballos Raza Chilena cumple 79 a\u00f1os y lo hace en un gran momento, con presencia de Arica a Magallanes, con importantes proyecciones nacionales e internacionales para el Caballo Chileno y consolidada en este largo camino que comenz\u00f3 con el nacimiento de la Asociaci\u00f3n de<\/p>\n<div class=\"read-more-wrapper\"><a class=\"read-more\" href=\"https:\/\/diarioellabrador.cl\/index.php\/2025\/10\/13\/79-anos-el-camino-desde-la-asociacion-de-criadores-de-caballares-hasta-la-actual-federacion-de-criadores\/\" title=\"Leer m\u00e1s\"> <span class=\"button \">Leer m\u00e1s<\/span><\/a><\/div>\n","protected":false},"author":2,"featured_media":9791,"comment_status":"open","ping_status":"open","sticky":false,"template":"","format":"standard","meta":{"footnotes":""},"categories":[5],"tags":[],"class_list":["post-9805","post","type-post","status-publish","format-standard","has-post-thumbnail","hentry","category-rodeo"],"yoast_head":"<!-- This site is optimized with the Yoast SEO plugin v27.5 - https:\/\/yoast.com\/product\/yoast-seo-wordpress\/ -->\n<title>\u00a179 a\u00f1os! El camino desde la Asociaci\u00f3n de Criadores de Caballares hasta la actual Federaci\u00f3n de Criadores - Diario El Labrador<\/title>\n<meta name=\"robots\" content=\"index, follow, max-snippet:-1, max-image-preview:large, max-video-preview:-1\" \/>\n<link rel=\"canonical\" href=\"https:\/\/diarioellabrador.cl\/index.php\/2025\/10\/13\/79-anos-el-camino-desde-la-asociacion-de-criadores-de-caballares-hasta-la-actual-federacion-de-criadores\/\" \/>\n<meta property=\"og:locale\" content=\"es_ES\" \/>\n<meta property=\"og:type\" content=\"article\" \/>\n<meta property=\"og:title\" content=\"\u00a179 a\u00f1os! El camino desde la Asociaci\u00f3n de Criadores de Caballares hasta la actual Federaci\u00f3n de Criadores - Diario El Labrador\" \/>\n<meta property=\"og:description\" content=\"Autor: Caballoyrodeo.cl Este viernes 10 de octubre la Federaci\u00f3n Criadores de Caballos Raza Chilena cumple 79 a\u00f1os y lo hace en un gran momento, con presencia de Arica a Magallanes, con importantes proyecciones nacionales e internacionales para el Caballo Chileno y consolidada en este largo camino que comenz\u00f3 con el nacimiento de la Asociaci\u00f3n de Leer m\u00e1s\" \/>\n<meta property=\"og:url\" content=\"https:\/\/diarioellabrador.cl\/index.php\/2025\/10\/13\/79-anos-el-camino-desde-la-asociacion-de-criadores-de-caballares-hasta-la-actual-federacion-de-criadores\/\" \/>\n<meta property=\"og:site_name\" content=\"Diario El Labrador\" \/>\n<meta property=\"article:publisher\" content=\"https:\/\/web.facebook.com\/profile.php?id=61576120840621\" \/>\n<meta property=\"article:published_time\" content=\"2025-10-13T21:21:13+00:00\" \/>\n<meta property=\"article:modified_time\" content=\"2025-10-13T21:21:14+00:00\" \/>\n<meta property=\"og:image\" content=\"https:\/\/diarioellabrador.cl\/wp-content\/uploads\/2025\/10\/79-anos-El-camino-desde-la-Asociacion-de-Criadores-de-Caballares-hasta-la-actual-Federacion-de-Criadores.jpg\" \/>\n\t<meta property=\"og:image:width\" content=\"750\" \/>\n\t<meta property=\"og:image:height\" content=\"389\" \/>\n\t<meta property=\"og:image:type\" content=\"image\/jpeg\" \/>\n<meta name=\"author\" content=\"Editor\" \/>\n<meta name=\"twitter:card\" content=\"summary_large_image\" \/>\n<meta name=\"twitter:creator\" content=\"@ElLabradorOf\" \/>\n<meta name=\"twitter:site\" content=\"@ElLabradorOf\" \/>\n<meta name=\"twitter:label1\" content=\"Escrito por\" \/>\n\t<meta name=\"twitter:data1\" content=\"Editor\" \/>\n\t<meta name=\"twitter:label2\" content=\"Tiempo de lectura\" \/>\n\t<meta name=\"twitter:data2\" content=\"6 minutos\" \/>\n<script type=\"application\/ld+json\" class=\"yoast-schema-graph\">{\"@context\":\"https:\\\/\\\/schema.org\",\"@graph\":[{\"@type\":\"Article\",\"@id\":\"https:\\\/\\\/diarioellabrador.cl\\\/index.php\\\/2025\\\/10\\\/13\\\/79-anos-el-camino-desde-la-asociacion-de-criadores-de-caballares-hasta-la-actual-federacion-de-criadores\\\/#article\",\"isPartOf\":{\"@id\":\"https:\\\/\\\/diarioellabrador.cl\\\/index.php\\\/2025\\\/10\\\/13\\\/79-anos-el-camino-desde-la-asociacion-de-criadores-de-caballares-hasta-la-actual-federacion-de-criadores\\\/\"},\"author\":{\"name\":\"Editor\",\"@id\":\"https:\\\/\\\/diarioellabrador.cl\\\/#\\\/schema\\\/person\\\/bc25ff80b4563f9c7f4bd7855df01685\"},\"headline\":\"\u00a179 a\u00f1os! El camino desde la Asociaci\u00f3n de Criadores de Caballares hasta la actual Federaci\u00f3n de Criadores\",\"datePublished\":\"2025-10-13T21:21:13+00:00\",\"dateModified\":\"2025-10-13T21:21:14+00:00\",\"mainEntityOfPage\":{\"@id\":\"https:\\\/\\\/diarioellabrador.cl\\\/index.php\\\/2025\\\/10\\\/13\\\/79-anos-el-camino-desde-la-asociacion-de-criadores-de-caballares-hasta-la-actual-federacion-de-criadores\\\/\"},\"wordCount\":1217,\"commentCount\":0,\"publisher\":{\"@id\":\"https:\\\/\\\/diarioellabrador.cl\\\/#organization\"},\"image\":{\"@id\":\"https:\\\/\\\/diarioellabrador.cl\\\/index.php\\\/2025\\\/10\\\/13\\\/79-anos-el-camino-desde-la-asociacion-de-criadores-de-caballares-hasta-la-actual-federacion-de-criadores\\\/#primaryimage\"},\"thumbnailUrl\":\"https:\\\/\\\/diarioellabrador.cl\\\/wp-content\\\/uploads\\\/2025\\\/10\\\/79-anos-El-camino-desde-la-Asociacion-de-Criadores-de-Caballares-hasta-la-actual-Federacion-de-Criadores.jpg\",\"articleSection\":[\"Rodeo\"],\"inLanguage\":\"es\",\"potentialAction\":[{\"@type\":\"CommentAction\",\"name\":\"Comment\",\"target\":[\"https:\\\/\\\/diarioellabrador.cl\\\/index.php\\\/2025\\\/10\\\/13\\\/79-anos-el-camino-desde-la-asociacion-de-criadores-de-caballares-hasta-la-actual-federacion-de-criadores\\\/#respond\"]}]},{\"@type\":\"WebPage\",\"@id\":\"https:\\\/\\\/diarioellabrador.cl\\\/index.php\\\/2025\\\/10\\\/13\\\/79-anos-el-camino-desde-la-asociacion-de-criadores-de-caballares-hasta-la-actual-federacion-de-criadores\\\/\",\"url\":\"https:\\\/\\\/diarioellabrador.cl\\\/index.php\\\/2025\\\/10\\\/13\\\/79-anos-el-camino-desde-la-asociacion-de-criadores-de-caballares-hasta-la-actual-federacion-de-criadores\\\/\",\"name\":\"\u00a179 a\u00f1os! El camino desde la Asociaci\u00f3n de Criadores de Caballares hasta la actual Federaci\u00f3n de Criadores - Diario El Labrador\",\"isPartOf\":{\"@id\":\"https:\\\/\\\/diarioellabrador.cl\\\/#website\"},\"primaryImageOfPage\":{\"@id\":\"https:\\\/\\\/diarioellabrador.cl\\\/index.php\\\/2025\\\/10\\\/13\\\/79-anos-el-camino-desde-la-asociacion-de-criadores-de-caballares-hasta-la-actual-federacion-de-criadores\\\/#primaryimage\"},\"image\":{\"@id\":\"https:\\\/\\\/diarioellabrador.cl\\\/index.php\\\/2025\\\/10\\\/13\\\/79-anos-el-camino-desde-la-asociacion-de-criadores-de-caballares-hasta-la-actual-federacion-de-criadores\\\/#primaryimage\"},\"thumbnailUrl\":\"https:\\\/\\\/diarioellabrador.cl\\\/wp-content\\\/uploads\\\/2025\\\/10\\\/79-anos-El-camino-desde-la-Asociacion-de-Criadores-de-Caballares-hasta-la-actual-Federacion-de-Criadores.jpg\",\"datePublished\":\"2025-10-13T21:21:13+00:00\",\"dateModified\":\"2025-10-13T21:21:14+00:00\",\"breadcrumb\":{\"@id\":\"https:\\\/\\\/diarioellabrador.cl\\\/index.php\\\/2025\\\/10\\\/13\\\/79-anos-el-camino-desde-la-asociacion-de-criadores-de-caballares-hasta-la-actual-federacion-de-criadores\\\/#breadcrumb\"},\"inLanguage\":\"es\",\"potentialAction\":[{\"@type\":\"ReadAction\",\"target\":[\"https:\\\/\\\/diarioellabrador.cl\\\/index.php\\\/2025\\\/10\\\/13\\\/79-anos-el-camino-desde-la-asociacion-de-criadores-de-caballares-hasta-la-actual-federacion-de-criadores\\\/\"]}]},{\"@type\":\"ImageObject\",\"inLanguage\":\"es\",\"@id\":\"https:\\\/\\\/diarioellabrador.cl\\\/index.php\\\/2025\\\/10\\\/13\\\/79-anos-el-camino-desde-la-asociacion-de-criadores-de-caballares-hasta-la-actual-federacion-de-criadores\\\/#primaryimage\",\"url\":\"https:\\\/\\\/diarioellabrador.cl\\\/wp-content\\\/uploads\\\/2025\\\/10\\\/79-anos-El-camino-desde-la-Asociacion-de-Criadores-de-Caballares-hasta-la-actual-Federacion-de-Criadores.jpg\",\"contentUrl\":\"https:\\\/\\\/diarioellabrador.cl\\\/wp-content\\\/uploads\\\/2025\\\/10\\\/79-anos-El-camino-desde-la-Asociacion-de-Criadores-de-Caballares-hasta-la-actual-Federacion-de-Criadores.jpg\",\"width\":750,\"height\":389},{\"@type\":\"BreadcrumbList\",\"@id\":\"https:\\\/\\\/diarioellabrador.cl\\\/index.php\\\/2025\\\/10\\\/13\\\/79-anos-el-camino-desde-la-asociacion-de-criadores-de-caballares-hasta-la-actual-federacion-de-criadores\\\/#breadcrumb\",\"itemListElement\":[{\"@type\":\"ListItem\",\"position\":1,\"name\":\"Portada\",\"item\":\"https:\\\/\\\/diarioellabrador.cl\\\/\"},{\"@type\":\"ListItem\",\"position\":2,\"name\":\"\u00a179 a\u00f1os! El camino desde la Asociaci\u00f3n de Criadores de Caballares hasta la actual Federaci\u00f3n de Criadores\"}]},{\"@type\":\"WebSite\",\"@id\":\"https:\\\/\\\/diarioellabrador.cl\\\/#website\",\"url\":\"https:\\\/\\\/diarioellabrador.cl\\\/\",\"name\":\"Diario El Labrador\",\"description\":\"Haciendo noticia desde 1921\",\"publisher\":{\"@id\":\"https:\\\/\\\/diarioellabrador.cl\\\/#organization\"},\"potentialAction\":[{\"@type\":\"SearchAction\",\"target\":{\"@type\":\"EntryPoint\",\"urlTemplate\":\"https:\\\/\\\/diarioellabrador.cl\\\/?s={search_term_string}\"},\"query-input\":{\"@type\":\"PropertyValueSpecification\",\"valueRequired\":true,\"valueName\":\"search_term_string\"}}],\"inLanguage\":\"es\"},{\"@type\":\"Organization\",\"@id\":\"https:\\\/\\\/diarioellabrador.cl\\\/#organization\",\"name\":\"Diario El Labrador\",\"url\":\"https:\\\/\\\/diarioellabrador.cl\\\/\",\"logo\":{\"@type\":\"ImageObject\",\"inLanguage\":\"es\",\"@id\":\"https:\\\/\\\/diarioellabrador.cl\\\/#\\\/schema\\\/logo\\\/image\\\/\",\"url\":\"https:\\\/\\\/diarioellabrador.cl\\\/wp-content\\\/uploads\\\/2025\\\/02\\\/cropped-Logo-Icono.png\",\"contentUrl\":\"https:\\\/\\\/diarioellabrador.cl\\\/wp-content\\\/uploads\\\/2025\\\/02\\\/cropped-Logo-Icono.png\",\"width\":512,\"height\":512,\"caption\":\"Diario El Labrador\"},\"image\":{\"@id\":\"https:\\\/\\\/diarioellabrador.cl\\\/#\\\/schema\\\/logo\\\/image\\\/\"},\"sameAs\":[\"https:\\\/\\\/web.facebook.com\\\/profile.php?id=61576120840621\",\"https:\\\/\\\/x.com\\\/ElLabradorOf\",\"https:\\\/\\\/www.instagram.com\\\/diarioellabradoroficial\\\/\"]},{\"@type\":\"Person\",\"@id\":\"https:\\\/\\\/diarioellabrador.cl\\\/#\\\/schema\\\/person\\\/bc25ff80b4563f9c7f4bd7855df01685\",\"name\":\"Editor\",\"image\":{\"@type\":\"ImageObject\",\"inLanguage\":\"es\",\"@id\":\"https:\\\/\\\/secure.gravatar.com\\\/avatar\\\/109c326cf2be5c04f048c2c2a2b8b6ef44bf3d8d1d3d4c55d0ac40c4bc994684?s=96&d=mm&r=g\",\"url\":\"https:\\\/\\\/secure.gravatar.com\\\/avatar\\\/109c326cf2be5c04f048c2c2a2b8b6ef44bf3d8d1d3d4c55d0ac40c4bc994684?s=96&d=mm&r=g\",\"contentUrl\":\"https:\\\/\\\/secure.gravatar.com\\\/avatar\\\/109c326cf2be5c04f048c2c2a2b8b6ef44bf3d8d1d3d4c55d0ac40c4bc994684?s=96&d=mm&r=g\",\"caption\":\"Editor\"},\"url\":\"https:\\\/\\\/diarioellabrador.cl\\\/index.php\\\/author\\\/editor\\\/\"}]}<\/script>\n<!-- \/ Yoast SEO plugin. -->","yoast_head_json":{"title":"\u00a179 a\u00f1os! El camino desde la Asociaci\u00f3n de Criadores de Caballares hasta la actual Federaci\u00f3n de Criadores - Diario El Labrador","robots":{"index":"index","follow":"follow","max-snippet":"max-snippet:-1","max-image-preview":"max-image-preview:large","max-video-preview":"max-video-preview:-1"},"canonical":"https:\/\/diarioellabrador.cl\/index.php\/2025\/10\/13\/79-anos-el-camino-desde-la-asociacion-de-criadores-de-caballares-hasta-la-actual-federacion-de-criadores\/","og_locale":"es_ES","og_type":"article","og_title":"\u00a179 a\u00f1os! El camino desde la Asociaci\u00f3n de Criadores de Caballares hasta la actual Federaci\u00f3n de Criadores - Diario El Labrador","og_description":"Autor: Caballoyrodeo.cl Este viernes 10 de octubre la Federaci\u00f3n Criadores de Caballos Raza Chilena cumple 79 a\u00f1os y lo hace en un gran momento, con presencia de Arica a Magallanes, con importantes proyecciones nacionales e internacionales para el Caballo Chileno y consolidada en este largo camino que comenz\u00f3 con el nacimiento de la Asociaci\u00f3n de Leer m\u00e1s","og_url":"https:\/\/diarioellabrador.cl\/index.php\/2025\/10\/13\/79-anos-el-camino-desde-la-asociacion-de-criadores-de-caballares-hasta-la-actual-federacion-de-criadores\/","og_site_name":"Diario El Labrador","article_publisher":"https:\/\/web.facebook.com\/profile.php?id=61576120840621","article_published_time":"2025-10-13T21:21:13+00:00","article_modified_time":"2025-10-13T21:21:14+00:00","og_image":[{"width":750,"height":389,"url":"https:\/\/diarioellabrador.cl\/wp-content\/uploads\/2025\/10\/79-anos-El-camino-desde-la-Asociacion-de-Criadores-de-Caballares-hasta-la-actual-Federacion-de-Criadores.jpg","type":"image\/jpeg"}],"author":"Editor","twitter_card":"summary_large_image","twitter_creator":"@ElLabradorOf","twitter_site":"@ElLabradorOf","twitter_misc":{"Escrito por":"Editor","Tiempo de lectura":"6 minutos"},"schema":{"@context":"https:\/\/schema.org","@graph":[{"@type":"Article","@id":"https:\/\/diarioellabrador.cl\/index.php\/2025\/10\/13\/79-anos-el-camino-desde-la-asociacion-de-criadores-de-caballares-hasta-la-actual-federacion-de-criadores\/#article","isPartOf":{"@id":"https:\/\/diarioellabrador.cl\/index.php\/2025\/10\/13\/79-anos-el-camino-desde-la-asociacion-de-criadores-de-caballares-hasta-la-actual-federacion-de-criadores\/"},"author":{"name":"Editor","@id":"https:\/\/diarioellabrador.cl\/#\/schema\/person\/bc25ff80b4563f9c7f4bd7855df01685"},"headline":"\u00a179 a\u00f1os! El camino desde la Asociaci\u00f3n de Criadores de Caballares hasta la actual Federaci\u00f3n de Criadores","datePublished":"2025-10-13T21:21:13+00:00","dateModified":"2025-10-13T21:21:14+00:00","mainEntityOfPage":{"@id":"https:\/\/diarioellabrador.cl\/index.php\/2025\/10\/13\/79-anos-el-camino-desde-la-asociacion-de-criadores-de-caballares-hasta-la-actual-federacion-de-criadores\/"},"wordCount":1217,"commentCount":0,"publisher":{"@id":"https:\/\/diarioellabrador.cl\/#organization"},"image":{"@id":"https:\/\/diarioellabrador.cl\/index.php\/2025\/10\/13\/79-anos-el-camino-desde-la-asociacion-de-criadores-de-caballares-hasta-la-actual-federacion-de-criadores\/#primaryimage"},"thumbnailUrl":"https:\/\/diarioellabrador.cl\/wp-content\/uploads\/2025\/10\/79-anos-El-camino-desde-la-Asociacion-de-Criadores-de-Caballares-hasta-la-actual-Federacion-de-Criadores.jpg","articleSection":["Rodeo"],"inLanguage":"es","potentialAction":[{"@type":"CommentAction","name":"Comment","target":["https:\/\/diarioellabrador.cl\/index.php\/2025\/10\/13\/79-anos-el-camino-desde-la-asociacion-de-criadores-de-caballares-hasta-la-actual-federacion-de-criadores\/#respond"]}]},{"@type":"WebPage","@id":"https:\/\/diarioellabrador.cl\/index.php\/2025\/10\/13\/79-anos-el-camino-desde-la-asociacion-de-criadores-de-caballares-hasta-la-actual-federacion-de-criadores\/","url":"https:\/\/diarioellabrador.cl\/index.php\/2025\/10\/13\/79-anos-el-camino-desde-la-asociacion-de-criadores-de-caballares-hasta-la-actual-federacion-de-criadores\/","name":"\u00a179 a\u00f1os! El camino desde la Asociaci\u00f3n de Criadores de Caballares hasta la actual Federaci\u00f3n de Criadores - Diario El Labrador","isPartOf":{"@id":"https:\/\/diarioellabrador.cl\/#website"},"primaryImageOfPage":{"@id":"https:\/\/diarioellabrador.cl\/index.php\/2025\/10\/13\/79-anos-el-camino-desde-la-asociacion-de-criadores-de-caballares-hasta-la-actual-federacion-de-criadores\/#primaryimage"},"image":{"@id":"https:\/\/diarioellabrador.cl\/index.php\/2025\/10\/13\/79-anos-el-camino-desde-la-asociacion-de-criadores-de-caballares-hasta-la-actual-federacion-de-criadores\/#primaryimage"},"thumbnailUrl":"https:\/\/diarioellabrador.cl\/wp-content\/uploads\/2025\/10\/79-anos-El-camino-desde-la-Asociacion-de-Criadores-de-Caballares-hasta-la-actual-Federacion-de-Criadores.jpg","datePublished":"2025-10-13T21:21:13+00:00","dateModified":"2025-10-13T21:21:14+00:00","breadcrumb":{"@id":"https:\/\/diarioellabrador.cl\/index.php\/2025\/10\/13\/79-anos-el-camino-desde-la-asociacion-de-criadores-de-caballares-hasta-la-actual-federacion-de-criadores\/#breadcrumb"},"inLanguage":"es","potentialAction":[{"@type":"ReadAction","target":["https:\/\/diarioellabrador.cl\/index.php\/2025\/10\/13\/79-anos-el-camino-desde-la-asociacion-de-criadores-de-caballares-hasta-la-actual-federacion-de-criadores\/"]}]},{"@type":"ImageObject","inLanguage":"es","@id":"https:\/\/diarioellabrador.cl\/index.php\/2025\/10\/13\/79-anos-el-camino-desde-la-asociacion-de-criadores-de-caballares-hasta-la-actual-federacion-de-criadores\/#primaryimage","url":"https:\/\/diarioellabrador.cl\/wp-content\/uploads\/2025\/10\/79-anos-El-camino-desde-la-Asociacion-de-Criadores-de-Caballares-hasta-la-actual-Federacion-de-Criadores.jpg","contentUrl":"https:\/\/diarioellabrador.cl\/wp-content\/uploads\/2025\/10\/79-anos-El-camino-desde-la-Asociacion-de-Criadores-de-Caballares-hasta-la-actual-Federacion-de-Criadores.jpg","width":750,"height":389},{"@type":"BreadcrumbList","@id":"https:\/\/diarioellabrador.cl\/index.php\/2025\/10\/13\/79-anos-el-camino-desde-la-asociacion-de-criadores-de-caballares-hasta-la-actual-federacion-de-criadores\/#breadcrumb","itemListElement":[{"@type":"ListItem","position":1,"name":"Portada","item":"https:\/\/diarioellabrador.cl\/"},{"@type":"ListItem","position":2,"name":"\u00a179 a\u00f1os! El camino desde la Asociaci\u00f3n de Criadores de Caballares hasta la actual Federaci\u00f3n de Criadores"}]},{"@type":"WebSite","@id":"https:\/\/diarioellabrador.cl\/#website","url":"https:\/\/diarioellabrador.cl\/","name":"Diario El Labrador","description":"Haciendo noticia desde 1921","publisher":{"@id":"https:\/\/diarioellabrador.cl\/#organization"},"potentialAction":[{"@type":"SearchAction","target":{"@type":"EntryPoint","urlTemplate":"https:\/\/diarioellabrador.cl\/?s={search_term_string}"},"query-input":{"@type":"PropertyValueSpecification","valueRequired":true,"valueName":"search_term_string"}}],"inLanguage":"es"},{"@type":"Organization","@id":"https:\/\/diarioellabrador.cl\/#organization","name":"Diario El Labrador","url":"https:\/\/diarioellabrador.cl\/","logo":{"@type":"ImageObject","inLanguage":"es","@id":"https:\/\/diarioellabrador.cl\/#\/schema\/logo\/image\/","url":"https:\/\/diarioellabrador.cl\/wp-content\/uploads\/2025\/02\/cropped-Logo-Icono.png","contentUrl":"https:\/\/diarioellabrador.cl\/wp-content\/uploads\/2025\/02\/cropped-Logo-Icono.png","width":512,"height":512,"caption":"Diario El Labrador"},"image":{"@id":"https:\/\/diarioellabrador.cl\/#\/schema\/logo\/image\/"},"sameAs":["https:\/\/web.facebook.com\/profile.php?id=61576120840621","https:\/\/x.com\/ElLabradorOf","https:\/\/www.instagram.com\/diarioellabradoroficial\/"]},{"@type":"Person","@id":"https:\/\/diarioellabrador.cl\/#\/schema\/person\/bc25ff80b4563f9c7f4bd7855df01685","name":"Editor","image":{"@type":"ImageObject","inLanguage":"es","@id":"https:\/\/secure.gravatar.com\/avatar\/109c326cf2be5c04f048c2c2a2b8b6ef44bf3d8d1d3d4c55d0ac40c4bc994684?s=96&d=mm&r=g","url":"https:\/\/secure.gravatar.com\/avatar\/109c326cf2be5c04f048c2c2a2b8b6ef44bf3d8d1d3d4c55d0ac40c4bc994684?s=96&d=mm&r=g","contentUrl":"https:\/\/secure.gravatar.com\/avatar\/109c326cf2be5c04f048c2c2a2b8b6ef44bf3d8d1d3d4c55d0ac40c4bc994684?s=96&d=mm&r=g","caption":"Editor"},"url":"https:\/\/diarioellabrador.cl\/index.php\/author\/editor\/"}]}},"_links":{"self":[{"href":"https:\/\/diarioellabrador.cl\/index.php\/wp-json\/wp\/v2\/posts\/9805","targetHints":{"allow":["GET"]}}],"collection":[{"href":"https:\/\/diarioellabrador.cl\/index.php\/wp-json\/wp\/v2\/posts"}],"about":[{"href":"https:\/\/diarioellabrador.cl\/index.php\/wp-json\/wp\/v2\/types\/post"}],"author":[{"embeddable":true,"href":"https:\/\/diarioellabrador.cl\/index.php\/wp-json\/wp\/v2\/users\/2"}],"replies":[{"embeddable":true,"href":"https:\/\/diarioellabrador.cl\/index.php\/wp-json\/wp\/v2\/comments?post=9805"}],"version-history":[{"count":1,"href":"https:\/\/diarioellabrador.cl\/index.php\/wp-json\/wp\/v2\/posts\/9805\/revisions"}],"predecessor-version":[{"id":9806,"href":"https:\/\/diarioellabrador.cl\/index.php\/wp-json\/wp\/v2\/posts\/9805\/revisions\/9806"}],"wp:featuredmedia":[{"embeddable":true,"href":"https:\/\/diarioellabrador.cl\/index.php\/wp-json\/wp\/v2\/media\/9791"}],"wp:attachment":[{"href":"https:\/\/diarioellabrador.cl\/index.php\/wp-json\/wp\/v2\/media?parent=9805"}],"wp:term":[{"taxonomy":"category","embeddable":true,"href":"https:\/\/diarioellabrador.cl\/index.php\/wp-json\/wp\/v2\/categories?post=9805"},{"taxonomy":"post_tag","embeddable":true,"href":"https:\/\/diarioellabrador.cl\/index.php\/wp-json\/wp\/v2\/tags?post=9805"}],"curies":[{"name":"wp","href":"https:\/\/api.w.org\/{rel}","templated":true}]}}