{"id":9461,"date":"2025-10-06T17:47:13","date_gmt":"2025-10-06T21:47:13","guid":{"rendered":"https:\/\/diarioellabrador.cl\/?p=9461"},"modified":"2025-10-06T17:47:14","modified_gmt":"2025-10-06T21:47:14","slug":"caos-en-las-licencias-de-conducir-se-hacen-reformas-al-lote-critica-la-achm","status":"publish","type":"post","link":"https:\/\/diarioellabrador.cl\/index.php\/2025\/10\/06\/caos-en-las-licencias-de-conducir-se-hacen-reformas-al-lote-critica-la-achm\/","title":{"rendered":"Caos en las licencias de conducir: \u00abSe hacen reformas al lote\u00bb, critica la AChM"},"content":{"rendered":"\n<p><strong><em>Gustavo Alessandri, presidente de las municipalidades, dijo a Cooperativa que la digitalizaci\u00f3n del documento m\u00e1s el rezago post pandemia causaron \u00abuna tormenta perfecta\u00bb.<\/em><\/strong><\/p>\n\n\n\n<p><strong><em>Acus\u00f3 falta de capacitaci\u00f3n a los funcionarios, desigualdad de recursos entre las alcald\u00edas y un sistema electr\u00f3nico deficiente.<\/em><\/strong><\/p>\n\n\n\n<p>El <strong>presidente de la Asociaci\u00f3n Chilena de Municipalidades (AChM), Gustavo Alessandri,<\/strong> critic\u00f3 en <strong>Cooperativa<\/strong> que<a href=\"https:\/\/www.cooperativa.cl\/noticias\/pais\/transportes\/automovilistas\/licencia-de-conducir-digital-comienza-a-regir-en-santiago-como\/2025-09-01\/122322.html\"> la <\/a><a href=\"https:\/\/www.cooperativa.cl\/noticias\/pais\/transportes\/automovilistas\/licencia-de-conducir-digital-comienza-a-regir-en-santiago-como\/2025-09-01\/122322.html\"><strong>digitalizaci\u00f3n de las licencias de conducir<\/strong><\/a><strong>,<\/strong> sumado al rezago post pandemia, han causado \u00abuna tormenta perfecta\u00bb al interior de los municipios.<\/p>\n\n\n\n<p>El tambi\u00e9n alcalde de Zapallar precis\u00f3 que el caos el problema se encuentra en que \u00abdespu\u00e9s de la pandemia, se renovaron autom\u00e1ticamente o se dio un nuevo plazo para la licencia de conducir, <strong>no se ha terminado esa fecha<\/strong>\u00ab.<\/p>\n\n\n\n<p>\u00abAdem\u00e1s, nos cambian el procedimiento para sacar la licencia de conducir de manera digital, pero no se da el apoyo econ\u00f3mico, no se da el perfeccionamiento a los funcionarios. Entonces,<strong> es la tormenta perfecta<\/strong>\u00ab, agreg\u00f3.<\/p>\n\n\n\n<p>En ese sentido, acus\u00f3 falta de<strong> capacitaci\u00f3n de los funcionarios, desigualdad de recursos entre las alcald\u00edas y un sistema electr\u00f3nico deficiente.<\/strong><\/p>\n\n\n\n<p>\u00abLo que nosotros decimos desde las municipalidades es que no se pueden hacer reformas si no existe una planificaci\u00f3n, y eso trae tiempo, un trabajo mancomunado entre las municipalidades y el Ministerio P\u00fablico, trae recursos y adem\u00e1s tenemos que entender la realidad del pa\u00eds. Pero <strong>aqu\u00ed se hacen reformas al lote y no le preguntan a quienes tenemos que ejercerlas, que somos los municipios<\/strong>\u00ab, asever\u00f3.<\/p>\n\n\n\n<p><strong>Alessandri reconoci\u00f3 que la reforma es buena<\/strong>: \u00abTodos queremos que sea m\u00e1s seguro para cada una de las personas y prestar un mejor servicio\u00bb. Sin embargo, enfatiz\u00f3 en que la implementaci\u00f3n debe ser<strong> \u00abcon una direcci\u00f3n, una plataforma adecuada, con un Registro civil que no se caiga, como nos pasa permanentemente\u00bb<\/strong>.<\/p>\n\n\n\n<p>Con ello, tambi\u00e9n detall\u00f3 que se necesitan mayores recursos y \u00abprobar en ciertas comunas, ver c\u00f3mo se aplica, subsanar los errores para mejorarlas en otras comunas e ir sumando las cosas positivas, mejorando las negativas y reconociendo que influye la realidad territorial tambi\u00e9n, porque<strong> no todos los municipios tenemos la misma realidad<\/strong>\u00ab.<\/p>\n\n\n\n<p>El jefe comunal enumer\u00f3 las soluciones que espera:<strong> mayor apoyo t\u00e9cnico y financiero a los municipios,<\/strong> correcci\u00f3n del sistema digital, mayor capacitaci\u00f3n a los funcionarios, el plan de transici\u00f3n gradual, campa\u00f1a de informaci\u00f3n y un<strong>a \u00abmesa de trabajo permanente entre el Gobierno, la Comisi\u00f3n Nacional de Seguridad de Tr\u00e1nsito (Conaset) y los municipios\u00bb<\/strong>.<\/p>\n","protected":false},"excerpt":{"rendered":"<p>Gustavo Alessandri, presidente de las municipalidades, dijo a Cooperativa que la digitalizaci\u00f3n del documento m\u00e1s el rezago post pandemia causaron \u00abuna tormenta perfecta\u00bb. Acus\u00f3 falta de capacitaci\u00f3n a los funcionarios, desigualdad de recursos entre las alcald\u00edas y un sistema electr\u00f3nico deficiente. El presidente de la Asociaci\u00f3n Chilena de Municipalidades (AChM), Gustavo Alessandri, critic\u00f3 en Cooperativa<\/p>\n<div class=\"read-more-wrapper\"><a class=\"read-more\" href=\"https:\/\/diarioellabrador.cl\/index.php\/2025\/10\/06\/caos-en-las-licencias-de-conducir-se-hacen-reformas-al-lote-critica-la-achm\/\" title=\"Leer m\u00e1s\"> <span class=\"button \">Leer m\u00e1s<\/span><\/a><\/div>\n","protected":false},"author":2,"featured_media":9422,"comment_status":"open","ping_status":"open","sticky":false,"template":"","format":"standard","meta":{"footnotes":""},"categories":[1],"tags":[],"class_list":["post-9461","post","type-post","status-publish","format-standard","has-post-thumbnail","hentry","category-cronica"],"yoast_head":"<!-- This site is optimized with the Yoast SEO plugin v27.5 - https:\/\/yoast.com\/product\/yoast-seo-wordpress\/ -->\n<title>Caos en las licencias de conducir: &quot;Se hacen reformas al lote&quot;, critica la AChM - Diario El Labrador<\/title>\n<meta name=\"robots\" content=\"index, follow, max-snippet:-1, max-image-preview:large, max-video-preview:-1\" \/>\n<link rel=\"canonical\" href=\"https:\/\/diarioellabrador.cl\/index.php\/2025\/10\/06\/caos-en-las-licencias-de-conducir-se-hacen-reformas-al-lote-critica-la-achm\/\" \/>\n<meta property=\"og:locale\" content=\"es_ES\" \/>\n<meta property=\"og:type\" content=\"article\" \/>\n<meta property=\"og:title\" content=\"Caos en las licencias de conducir: &quot;Se hacen reformas al lote&quot;, critica la AChM - Diario El Labrador\" \/>\n<meta property=\"og:description\" content=\"Gustavo Alessandri, presidente de las municipalidades, dijo a Cooperativa que la digitalizaci\u00f3n del documento m\u00e1s el rezago post pandemia causaron \u00abuna tormenta perfecta\u00bb. Acus\u00f3 falta de capacitaci\u00f3n a los funcionarios, desigualdad de recursos entre las alcald\u00edas y un sistema electr\u00f3nico deficiente. El presidente de la Asociaci\u00f3n Chilena de Municipalidades (AChM), Gustavo Alessandri, critic\u00f3 en Cooperativa Leer m\u00e1s\" \/>\n<meta property=\"og:url\" content=\"https:\/\/diarioellabrador.cl\/index.php\/2025\/10\/06\/caos-en-las-licencias-de-conducir-se-hacen-reformas-al-lote-critica-la-achm\/\" \/>\n<meta property=\"og:site_name\" content=\"Diario El Labrador\" \/>\n<meta property=\"article:publisher\" content=\"https:\/\/web.facebook.com\/profile.php?id=61576120840621\" \/>\n<meta property=\"article:published_time\" content=\"2025-10-06T21:47:13+00:00\" \/>\n<meta property=\"article:modified_time\" content=\"2025-10-06T21:47:14+00:00\" \/>\n<meta property=\"og:image\" content=\"https:\/\/diarioellabrador.cl\/wp-content\/uploads\/2025\/10\/Caos-en-las-licencias-de-conducir-Se-hacen-reformas-al-lote-critica-la-AChM.jpg\" \/>\n\t<meta property=\"og:image:width\" content=\"900\" \/>\n\t<meta property=\"og:image:height\" content=\"510\" \/>\n\t<meta property=\"og:image:type\" content=\"image\/jpeg\" \/>\n<meta name=\"author\" content=\"Editor\" \/>\n<meta name=\"twitter:card\" content=\"summary_large_image\" \/>\n<meta name=\"twitter:creator\" content=\"@ElLabradorOf\" \/>\n<meta name=\"twitter:site\" content=\"@ElLabradorOf\" \/>\n<meta name=\"twitter:label1\" content=\"Escrito por\" \/>\n\t<meta name=\"twitter:data1\" content=\"Editor\" \/>\n\t<meta name=\"twitter:label2\" content=\"Tiempo de lectura\" \/>\n\t<meta name=\"twitter:data2\" content=\"2 minutos\" \/>\n<script type=\"application\/ld+json\" class=\"yoast-schema-graph\">{\"@context\":\"https:\\\/\\\/schema.org\",\"@graph\":[{\"@type\":\"Article\",\"@id\":\"https:\\\/\\\/diarioellabrador.cl\\\/index.php\\\/2025\\\/10\\\/06\\\/caos-en-las-licencias-de-conducir-se-hacen-reformas-al-lote-critica-la-achm\\\/#article\",\"isPartOf\":{\"@id\":\"https:\\\/\\\/diarioellabrador.cl\\\/index.php\\\/2025\\\/10\\\/06\\\/caos-en-las-licencias-de-conducir-se-hacen-reformas-al-lote-critica-la-achm\\\/\"},\"author\":{\"name\":\"Editor\",\"@id\":\"https:\\\/\\\/diarioellabrador.cl\\\/#\\\/schema\\\/person\\\/bc25ff80b4563f9c7f4bd7855df01685\"},\"headline\":\"Caos en las licencias de conducir: \u00abSe hacen reformas al lote\u00bb, critica la AChM\",\"datePublished\":\"2025-10-06T21:47:13+00:00\",\"dateModified\":\"2025-10-06T21:47:14+00:00\",\"mainEntityOfPage\":{\"@id\":\"https:\\\/\\\/diarioellabrador.cl\\\/index.php\\\/2025\\\/10\\\/06\\\/caos-en-las-licencias-de-conducir-se-hacen-reformas-al-lote-critica-la-achm\\\/\"},\"wordCount\":441,\"commentCount\":0,\"publisher\":{\"@id\":\"https:\\\/\\\/diarioellabrador.cl\\\/#organization\"},\"image\":{\"@id\":\"https:\\\/\\\/diarioellabrador.cl\\\/index.php\\\/2025\\\/10\\\/06\\\/caos-en-las-licencias-de-conducir-se-hacen-reformas-al-lote-critica-la-achm\\\/#primaryimage\"},\"thumbnailUrl\":\"https:\\\/\\\/diarioellabrador.cl\\\/wp-content\\\/uploads\\\/2025\\\/10\\\/Caos-en-las-licencias-de-conducir-Se-hacen-reformas-al-lote-critica-la-AChM.jpg\",\"articleSection\":[\"Cr\u00f3nica\"],\"inLanguage\":\"es\",\"potentialAction\":[{\"@type\":\"CommentAction\",\"name\":\"Comment\",\"target\":[\"https:\\\/\\\/diarioellabrador.cl\\\/index.php\\\/2025\\\/10\\\/06\\\/caos-en-las-licencias-de-conducir-se-hacen-reformas-al-lote-critica-la-achm\\\/#respond\"]}]},{\"@type\":\"WebPage\",\"@id\":\"https:\\\/\\\/diarioellabrador.cl\\\/index.php\\\/2025\\\/10\\\/06\\\/caos-en-las-licencias-de-conducir-se-hacen-reformas-al-lote-critica-la-achm\\\/\",\"url\":\"https:\\\/\\\/diarioellabrador.cl\\\/index.php\\\/2025\\\/10\\\/06\\\/caos-en-las-licencias-de-conducir-se-hacen-reformas-al-lote-critica-la-achm\\\/\",\"name\":\"Caos en las licencias de conducir: \\\"Se hacen reformas al lote\\\", critica la AChM - Diario El Labrador\",\"isPartOf\":{\"@id\":\"https:\\\/\\\/diarioellabrador.cl\\\/#website\"},\"primaryImageOfPage\":{\"@id\":\"https:\\\/\\\/diarioellabrador.cl\\\/index.php\\\/2025\\\/10\\\/06\\\/caos-en-las-licencias-de-conducir-se-hacen-reformas-al-lote-critica-la-achm\\\/#primaryimage\"},\"image\":{\"@id\":\"https:\\\/\\\/diarioellabrador.cl\\\/index.php\\\/2025\\\/10\\\/06\\\/caos-en-las-licencias-de-conducir-se-hacen-reformas-al-lote-critica-la-achm\\\/#primaryimage\"},\"thumbnailUrl\":\"https:\\\/\\\/diarioellabrador.cl\\\/wp-content\\\/uploads\\\/2025\\\/10\\\/Caos-en-las-licencias-de-conducir-Se-hacen-reformas-al-lote-critica-la-AChM.jpg\",\"datePublished\":\"2025-10-06T21:47:13+00:00\",\"dateModified\":\"2025-10-06T21:47:14+00:00\",\"breadcrumb\":{\"@id\":\"https:\\\/\\\/diarioellabrador.cl\\\/index.php\\\/2025\\\/10\\\/06\\\/caos-en-las-licencias-de-conducir-se-hacen-reformas-al-lote-critica-la-achm\\\/#breadcrumb\"},\"inLanguage\":\"es\",\"potentialAction\":[{\"@type\":\"ReadAction\",\"target\":[\"https:\\\/\\\/diarioellabrador.cl\\\/index.php\\\/2025\\\/10\\\/06\\\/caos-en-las-licencias-de-conducir-se-hacen-reformas-al-lote-critica-la-achm\\\/\"]}]},{\"@type\":\"ImageObject\",\"inLanguage\":\"es\",\"@id\":\"https:\\\/\\\/diarioellabrador.cl\\\/index.php\\\/2025\\\/10\\\/06\\\/caos-en-las-licencias-de-conducir-se-hacen-reformas-al-lote-critica-la-achm\\\/#primaryimage\",\"url\":\"https:\\\/\\\/diarioellabrador.cl\\\/wp-content\\\/uploads\\\/2025\\\/10\\\/Caos-en-las-licencias-de-conducir-Se-hacen-reformas-al-lote-critica-la-AChM.jpg\",\"contentUrl\":\"https:\\\/\\\/diarioellabrador.cl\\\/wp-content\\\/uploads\\\/2025\\\/10\\\/Caos-en-las-licencias-de-conducir-Se-hacen-reformas-al-lote-critica-la-AChM.jpg\",\"width\":900,\"height\":510},{\"@type\":\"BreadcrumbList\",\"@id\":\"https:\\\/\\\/diarioellabrador.cl\\\/index.php\\\/2025\\\/10\\\/06\\\/caos-en-las-licencias-de-conducir-se-hacen-reformas-al-lote-critica-la-achm\\\/#breadcrumb\",\"itemListElement\":[{\"@type\":\"ListItem\",\"position\":1,\"name\":\"Portada\",\"item\":\"https:\\\/\\\/diarioellabrador.cl\\\/\"},{\"@type\":\"ListItem\",\"position\":2,\"name\":\"Caos en las licencias de conducir: \u00abSe hacen reformas al lote\u00bb, critica la AChM\"}]},{\"@type\":\"WebSite\",\"@id\":\"https:\\\/\\\/diarioellabrador.cl\\\/#website\",\"url\":\"https:\\\/\\\/diarioellabrador.cl\\\/\",\"name\":\"Diario El Labrador\",\"description\":\"Haciendo noticia desde 1921\",\"publisher\":{\"@id\":\"https:\\\/\\\/diarioellabrador.cl\\\/#organization\"},\"potentialAction\":[{\"@type\":\"SearchAction\",\"target\":{\"@type\":\"EntryPoint\",\"urlTemplate\":\"https:\\\/\\\/diarioellabrador.cl\\\/?s={search_term_string}\"},\"query-input\":{\"@type\":\"PropertyValueSpecification\",\"valueRequired\":true,\"valueName\":\"search_term_string\"}}],\"inLanguage\":\"es\"},{\"@type\":\"Organization\",\"@id\":\"https:\\\/\\\/diarioellabrador.cl\\\/#organization\",\"name\":\"Diario El Labrador\",\"url\":\"https:\\\/\\\/diarioellabrador.cl\\\/\",\"logo\":{\"@type\":\"ImageObject\",\"inLanguage\":\"es\",\"@id\":\"https:\\\/\\\/diarioellabrador.cl\\\/#\\\/schema\\\/logo\\\/image\\\/\",\"url\":\"https:\\\/\\\/diarioellabrador.cl\\\/wp-content\\\/uploads\\\/2025\\\/02\\\/cropped-Logo-Icono.png\",\"contentUrl\":\"https:\\\/\\\/diarioellabrador.cl\\\/wp-content\\\/uploads\\\/2025\\\/02\\\/cropped-Logo-Icono.png\",\"width\":512,\"height\":512,\"caption\":\"Diario El Labrador\"},\"image\":{\"@id\":\"https:\\\/\\\/diarioellabrador.cl\\\/#\\\/schema\\\/logo\\\/image\\\/\"},\"sameAs\":[\"https:\\\/\\\/web.facebook.com\\\/profile.php?id=61576120840621\",\"https:\\\/\\\/x.com\\\/ElLabradorOf\",\"https:\\\/\\\/www.instagram.com\\\/diarioellabradoroficial\\\/\"]},{\"@type\":\"Person\",\"@id\":\"https:\\\/\\\/diarioellabrador.cl\\\/#\\\/schema\\\/person\\\/bc25ff80b4563f9c7f4bd7855df01685\",\"name\":\"Editor\",\"image\":{\"@type\":\"ImageObject\",\"inLanguage\":\"es\",\"@id\":\"https:\\\/\\\/secure.gravatar.com\\\/avatar\\\/109c326cf2be5c04f048c2c2a2b8b6ef44bf3d8d1d3d4c55d0ac40c4bc994684?s=96&d=mm&r=g\",\"url\":\"https:\\\/\\\/secure.gravatar.com\\\/avatar\\\/109c326cf2be5c04f048c2c2a2b8b6ef44bf3d8d1d3d4c55d0ac40c4bc994684?s=96&d=mm&r=g\",\"contentUrl\":\"https:\\\/\\\/secure.gravatar.com\\\/avatar\\\/109c326cf2be5c04f048c2c2a2b8b6ef44bf3d8d1d3d4c55d0ac40c4bc994684?s=96&d=mm&r=g\",\"caption\":\"Editor\"},\"url\":\"https:\\\/\\\/diarioellabrador.cl\\\/index.php\\\/author\\\/editor\\\/\"}]}<\/script>\n<!-- \/ Yoast SEO plugin. -->","yoast_head_json":{"title":"Caos en las licencias de conducir: \"Se hacen reformas al lote\", critica la AChM - Diario El Labrador","robots":{"index":"index","follow":"follow","max-snippet":"max-snippet:-1","max-image-preview":"max-image-preview:large","max-video-preview":"max-video-preview:-1"},"canonical":"https:\/\/diarioellabrador.cl\/index.php\/2025\/10\/06\/caos-en-las-licencias-de-conducir-se-hacen-reformas-al-lote-critica-la-achm\/","og_locale":"es_ES","og_type":"article","og_title":"Caos en las licencias de conducir: \"Se hacen reformas al lote\", critica la AChM - Diario El Labrador","og_description":"Gustavo Alessandri, presidente de las municipalidades, dijo a Cooperativa que la digitalizaci\u00f3n del documento m\u00e1s el rezago post pandemia causaron \u00abuna tormenta perfecta\u00bb. Acus\u00f3 falta de capacitaci\u00f3n a los funcionarios, desigualdad de recursos entre las alcald\u00edas y un sistema electr\u00f3nico deficiente. El presidente de la Asociaci\u00f3n Chilena de Municipalidades (AChM), Gustavo Alessandri, critic\u00f3 en Cooperativa Leer m\u00e1s","og_url":"https:\/\/diarioellabrador.cl\/index.php\/2025\/10\/06\/caos-en-las-licencias-de-conducir-se-hacen-reformas-al-lote-critica-la-achm\/","og_site_name":"Diario El Labrador","article_publisher":"https:\/\/web.facebook.com\/profile.php?id=61576120840621","article_published_time":"2025-10-06T21:47:13+00:00","article_modified_time":"2025-10-06T21:47:14+00:00","og_image":[{"width":900,"height":510,"url":"https:\/\/diarioellabrador.cl\/wp-content\/uploads\/2025\/10\/Caos-en-las-licencias-de-conducir-Se-hacen-reformas-al-lote-critica-la-AChM.jpg","type":"image\/jpeg"}],"author":"Editor","twitter_card":"summary_large_image","twitter_creator":"@ElLabradorOf","twitter_site":"@ElLabradorOf","twitter_misc":{"Escrito por":"Editor","Tiempo de lectura":"2 minutos"},"schema":{"@context":"https:\/\/schema.org","@graph":[{"@type":"Article","@id":"https:\/\/diarioellabrador.cl\/index.php\/2025\/10\/06\/caos-en-las-licencias-de-conducir-se-hacen-reformas-al-lote-critica-la-achm\/#article","isPartOf":{"@id":"https:\/\/diarioellabrador.cl\/index.php\/2025\/10\/06\/caos-en-las-licencias-de-conducir-se-hacen-reformas-al-lote-critica-la-achm\/"},"author":{"name":"Editor","@id":"https:\/\/diarioellabrador.cl\/#\/schema\/person\/bc25ff80b4563f9c7f4bd7855df01685"},"headline":"Caos en las licencias de conducir: \u00abSe hacen reformas al lote\u00bb, critica la AChM","datePublished":"2025-10-06T21:47:13+00:00","dateModified":"2025-10-06T21:47:14+00:00","mainEntityOfPage":{"@id":"https:\/\/diarioellabrador.cl\/index.php\/2025\/10\/06\/caos-en-las-licencias-de-conducir-se-hacen-reformas-al-lote-critica-la-achm\/"},"wordCount":441,"commentCount":0,"publisher":{"@id":"https:\/\/diarioellabrador.cl\/#organization"},"image":{"@id":"https:\/\/diarioellabrador.cl\/index.php\/2025\/10\/06\/caos-en-las-licencias-de-conducir-se-hacen-reformas-al-lote-critica-la-achm\/#primaryimage"},"thumbnailUrl":"https:\/\/diarioellabrador.cl\/wp-content\/uploads\/2025\/10\/Caos-en-las-licencias-de-conducir-Se-hacen-reformas-al-lote-critica-la-AChM.jpg","articleSection":["Cr\u00f3nica"],"inLanguage":"es","potentialAction":[{"@type":"CommentAction","name":"Comment","target":["https:\/\/diarioellabrador.cl\/index.php\/2025\/10\/06\/caos-en-las-licencias-de-conducir-se-hacen-reformas-al-lote-critica-la-achm\/#respond"]}]},{"@type":"WebPage","@id":"https:\/\/diarioellabrador.cl\/index.php\/2025\/10\/06\/caos-en-las-licencias-de-conducir-se-hacen-reformas-al-lote-critica-la-achm\/","url":"https:\/\/diarioellabrador.cl\/index.php\/2025\/10\/06\/caos-en-las-licencias-de-conducir-se-hacen-reformas-al-lote-critica-la-achm\/","name":"Caos en las licencias de conducir: \"Se hacen reformas al lote\", critica la AChM - Diario El Labrador","isPartOf":{"@id":"https:\/\/diarioellabrador.cl\/#website"},"primaryImageOfPage":{"@id":"https:\/\/diarioellabrador.cl\/index.php\/2025\/10\/06\/caos-en-las-licencias-de-conducir-se-hacen-reformas-al-lote-critica-la-achm\/#primaryimage"},"image":{"@id":"https:\/\/diarioellabrador.cl\/index.php\/2025\/10\/06\/caos-en-las-licencias-de-conducir-se-hacen-reformas-al-lote-critica-la-achm\/#primaryimage"},"thumbnailUrl":"https:\/\/diarioellabrador.cl\/wp-content\/uploads\/2025\/10\/Caos-en-las-licencias-de-conducir-Se-hacen-reformas-al-lote-critica-la-AChM.jpg","datePublished":"2025-10-06T21:47:13+00:00","dateModified":"2025-10-06T21:47:14+00:00","breadcrumb":{"@id":"https:\/\/diarioellabrador.cl\/index.php\/2025\/10\/06\/caos-en-las-licencias-de-conducir-se-hacen-reformas-al-lote-critica-la-achm\/#breadcrumb"},"inLanguage":"es","potentialAction":[{"@type":"ReadAction","target":["https:\/\/diarioellabrador.cl\/index.php\/2025\/10\/06\/caos-en-las-licencias-de-conducir-se-hacen-reformas-al-lote-critica-la-achm\/"]}]},{"@type":"ImageObject","inLanguage":"es","@id":"https:\/\/diarioellabrador.cl\/index.php\/2025\/10\/06\/caos-en-las-licencias-de-conducir-se-hacen-reformas-al-lote-critica-la-achm\/#primaryimage","url":"https:\/\/diarioellabrador.cl\/wp-content\/uploads\/2025\/10\/Caos-en-las-licencias-de-conducir-Se-hacen-reformas-al-lote-critica-la-AChM.jpg","contentUrl":"https:\/\/diarioellabrador.cl\/wp-content\/uploads\/2025\/10\/Caos-en-las-licencias-de-conducir-Se-hacen-reformas-al-lote-critica-la-AChM.jpg","width":900,"height":510},{"@type":"BreadcrumbList","@id":"https:\/\/diarioellabrador.cl\/index.php\/2025\/10\/06\/caos-en-las-licencias-de-conducir-se-hacen-reformas-al-lote-critica-la-achm\/#breadcrumb","itemListElement":[{"@type":"ListItem","position":1,"name":"Portada","item":"https:\/\/diarioellabrador.cl\/"},{"@type":"ListItem","position":2,"name":"Caos en las licencias de conducir: \u00abSe hacen reformas al lote\u00bb, critica la AChM"}]},{"@type":"WebSite","@id":"https:\/\/diarioellabrador.cl\/#website","url":"https:\/\/diarioellabrador.cl\/","name":"Diario El Labrador","description":"Haciendo noticia desde 1921","publisher":{"@id":"https:\/\/diarioellabrador.cl\/#organization"},"potentialAction":[{"@type":"SearchAction","target":{"@type":"EntryPoint","urlTemplate":"https:\/\/diarioellabrador.cl\/?s={search_term_string}"},"query-input":{"@type":"PropertyValueSpecification","valueRequired":true,"valueName":"search_term_string"}}],"inLanguage":"es"},{"@type":"Organization","@id":"https:\/\/diarioellabrador.cl\/#organization","name":"Diario El Labrador","url":"https:\/\/diarioellabrador.cl\/","logo":{"@type":"ImageObject","inLanguage":"es","@id":"https:\/\/diarioellabrador.cl\/#\/schema\/logo\/image\/","url":"https:\/\/diarioellabrador.cl\/wp-content\/uploads\/2025\/02\/cropped-Logo-Icono.png","contentUrl":"https:\/\/diarioellabrador.cl\/wp-content\/uploads\/2025\/02\/cropped-Logo-Icono.png","width":512,"height":512,"caption":"Diario El Labrador"},"image":{"@id":"https:\/\/diarioellabrador.cl\/#\/schema\/logo\/image\/"},"sameAs":["https:\/\/web.facebook.com\/profile.php?id=61576120840621","https:\/\/x.com\/ElLabradorOf","https:\/\/www.instagram.com\/diarioellabradoroficial\/"]},{"@type":"Person","@id":"https:\/\/diarioellabrador.cl\/#\/schema\/person\/bc25ff80b4563f9c7f4bd7855df01685","name":"Editor","image":{"@type":"ImageObject","inLanguage":"es","@id":"https:\/\/secure.gravatar.com\/avatar\/109c326cf2be5c04f048c2c2a2b8b6ef44bf3d8d1d3d4c55d0ac40c4bc994684?s=96&d=mm&r=g","url":"https:\/\/secure.gravatar.com\/avatar\/109c326cf2be5c04f048c2c2a2b8b6ef44bf3d8d1d3d4c55d0ac40c4bc994684?s=96&d=mm&r=g","contentUrl":"https:\/\/secure.gravatar.com\/avatar\/109c326cf2be5c04f048c2c2a2b8b6ef44bf3d8d1d3d4c55d0ac40c4bc994684?s=96&d=mm&r=g","caption":"Editor"},"url":"https:\/\/diarioellabrador.cl\/index.php\/author\/editor\/"}]}},"_links":{"self":[{"href":"https:\/\/diarioellabrador.cl\/index.php\/wp-json\/wp\/v2\/posts\/9461","targetHints":{"allow":["GET"]}}],"collection":[{"href":"https:\/\/diarioellabrador.cl\/index.php\/wp-json\/wp\/v2\/posts"}],"about":[{"href":"https:\/\/diarioellabrador.cl\/index.php\/wp-json\/wp\/v2\/types\/post"}],"author":[{"embeddable":true,"href":"https:\/\/diarioellabrador.cl\/index.php\/wp-json\/wp\/v2\/users\/2"}],"replies":[{"embeddable":true,"href":"https:\/\/diarioellabrador.cl\/index.php\/wp-json\/wp\/v2\/comments?post=9461"}],"version-history":[{"count":1,"href":"https:\/\/diarioellabrador.cl\/index.php\/wp-json\/wp\/v2\/posts\/9461\/revisions"}],"predecessor-version":[{"id":9462,"href":"https:\/\/diarioellabrador.cl\/index.php\/wp-json\/wp\/v2\/posts\/9461\/revisions\/9462"}],"wp:featuredmedia":[{"embeddable":true,"href":"https:\/\/diarioellabrador.cl\/index.php\/wp-json\/wp\/v2\/media\/9422"}],"wp:attachment":[{"href":"https:\/\/diarioellabrador.cl\/index.php\/wp-json\/wp\/v2\/media?parent=9461"}],"wp:term":[{"taxonomy":"category","embeddable":true,"href":"https:\/\/diarioellabrador.cl\/index.php\/wp-json\/wp\/v2\/categories?post=9461"},{"taxonomy":"post_tag","embeddable":true,"href":"https:\/\/diarioellabrador.cl\/index.php\/wp-json\/wp\/v2\/tags?post=9461"}],"curies":[{"name":"wp","href":"https:\/\/api.w.org\/{rel}","templated":true}]}}