{"id":8688,"date":"2025-09-15T17:22:52","date_gmt":"2025-09-15T21:22:52","guid":{"rendered":"https:\/\/diarioellabrador.cl\/?p=8688"},"modified":"2025-09-15T17:22:53","modified_gmt":"2025-09-15T21:22:53","slug":"prevencion-del-suicidio-minsal-lanza-guia-para-fortalecer-vinculos-y-combatir-el-aislamiento","status":"publish","type":"post","link":"https:\/\/diarioellabrador.cl\/index.php\/2025\/09\/15\/prevencion-del-suicidio-minsal-lanza-guia-para-fortalecer-vinculos-y-combatir-el-aislamiento\/","title":{"rendered":"Prevenci\u00f3n del suicidio: Minsal lanza gu\u00eda para fortalecer v\u00ednculos y combatir el aislamiento"},"content":{"rendered":"\n<p><strong><em>La gu\u00eda incluye recomendaciones para buscar ayuda profesional y medidas de contenci\u00f3n emocional en situaciones de crisis.<\/em><\/strong><\/p>\n\n\n\n<p>El <strong>Ministerio de Salud (Minsal)<\/strong> ha presentado una nueva gu\u00eda destinada a la <strong>prevenci\u00f3n del suicidio<\/strong>, enfoc\u00e1ndose en la importancia de la conexi\u00f3n social como factor protector frente a conductas suicidas.<\/p>\n\n\n\n<p>La gu\u00eda subraya que el <strong>aislamiento social<\/strong> es un factor de riesgo significativo y promueve estrategias para fortalecer los lazos comunitarios.<\/p>\n\n\n\n<p>Seg\u00fan el Minsal, la <strong>conexi\u00f3n social act\u00faa como un factor protector<\/strong> frente al suicidio, mientras que el aislamiento social aumenta el riesgo de conductas suicidas.<\/p>\n\n\n\n<p><strong><em>Recomendaciones clave<\/em><\/strong><\/p>\n\n\n\n<p>Entre las recomendaciones m\u00e1s destacadas, el Minsal insta a:<\/p>\n\n\n\n<ul class=\"wp-block-list\">\n<li><strong>Fortalecer las redes de apoyo<\/strong>: Promover la participaci\u00f3n en actividades comunitarias y mantener contacto regular con familiares y amigos.<\/li>\n\n\n\n<li><strong>Buscar ayuda profesional<\/strong>: En caso de experimentar pensamientos suicidas o crisis emocionales, se recomienda acudir a profesionales de la salud mental.<\/li>\n\n\n\n<li><strong>Evitar el uso exclusivo de plataformas de inteligencia artificial para apoyo emocional<\/strong>: El Minsal advierte sobre los riesgos de depender \u00fanicamente de servicios de IA sin la supervisi\u00f3n de profesionales capacitados.<\/li>\n<\/ul>\n\n\n\n<p>La gu\u00eda est\u00e1 disponible en el <a href=\"https:\/\/www.gob.cl\/ministerios\/ministerio-de-salud\/\" target=\"_blank\" rel=\"noreferrer noopener\"><strong>sitio web del Minsal<\/strong><\/a>. Adem\u00e1s, el Minsal ha habilitado la l\u00ednea telef\u00f3nica <strong>600 360 7777<\/strong> para brindar orientaci\u00f3n y apoyo en casos de crisis.<\/p>\n\n\n\n<p>Se espera que estas acciones contribuyan a <strong>reducir las tasas de suicidio en el pa\u00eds<\/strong> y a crear una sociedad m\u00e1s solidaria y consciente de la importancia del bienestar emocional.<\/p>\n","protected":false},"excerpt":{"rendered":"<p>La gu\u00eda incluye recomendaciones para buscar ayuda profesional y medidas de contenci\u00f3n emocional en situaciones de crisis. El Ministerio de Salud (Minsal) ha presentado una nueva gu\u00eda destinada a la prevenci\u00f3n del suicidio, enfoc\u00e1ndose en la importancia de la conexi\u00f3n social como factor protector frente a conductas suicidas. La gu\u00eda subraya que el aislamiento social<\/p>\n<div class=\"read-more-wrapper\"><a class=\"read-more\" href=\"https:\/\/diarioellabrador.cl\/index.php\/2025\/09\/15\/prevencion-del-suicidio-minsal-lanza-guia-para-fortalecer-vinculos-y-combatir-el-aislamiento\/\" title=\"Leer m\u00e1s\"> <span class=\"button \">Leer m\u00e1s<\/span><\/a><\/div>\n","protected":false},"author":2,"featured_media":8650,"comment_status":"open","ping_status":"open","sticky":false,"template":"","format":"standard","meta":{"footnotes":""},"categories":[1],"tags":[],"class_list":["post-8688","post","type-post","status-publish","format-standard","has-post-thumbnail","hentry","category-cronica"],"yoast_head":"<!-- This site is optimized with the Yoast SEO plugin v27.5 - https:\/\/yoast.com\/product\/yoast-seo-wordpress\/ -->\n<title>Prevenci\u00f3n del suicidio: Minsal lanza gu\u00eda para fortalecer v\u00ednculos y combatir el aislamiento - Diario El Labrador<\/title>\n<meta name=\"robots\" content=\"index, follow, max-snippet:-1, max-image-preview:large, max-video-preview:-1\" \/>\n<link rel=\"canonical\" href=\"https:\/\/diarioellabrador.cl\/index.php\/2025\/09\/15\/prevencion-del-suicidio-minsal-lanza-guia-para-fortalecer-vinculos-y-combatir-el-aislamiento\/\" \/>\n<meta property=\"og:locale\" content=\"es_ES\" \/>\n<meta property=\"og:type\" content=\"article\" \/>\n<meta property=\"og:title\" content=\"Prevenci\u00f3n del suicidio: Minsal lanza gu\u00eda para fortalecer v\u00ednculos y combatir el aislamiento - Diario El Labrador\" \/>\n<meta property=\"og:description\" content=\"La gu\u00eda incluye recomendaciones para buscar ayuda profesional y medidas de contenci\u00f3n emocional en situaciones de crisis. El Ministerio de Salud (Minsal) ha presentado una nueva gu\u00eda destinada a la prevenci\u00f3n del suicidio, enfoc\u00e1ndose en la importancia de la conexi\u00f3n social como factor protector frente a conductas suicidas. La gu\u00eda subraya que el aislamiento social Leer m\u00e1s\" \/>\n<meta property=\"og:url\" content=\"https:\/\/diarioellabrador.cl\/index.php\/2025\/09\/15\/prevencion-del-suicidio-minsal-lanza-guia-para-fortalecer-vinculos-y-combatir-el-aislamiento\/\" \/>\n<meta property=\"og:site_name\" content=\"Diario El Labrador\" \/>\n<meta property=\"article:publisher\" content=\"https:\/\/web.facebook.com\/profile.php?id=61576120840621\" \/>\n<meta property=\"article:published_time\" content=\"2025-09-15T21:22:52+00:00\" \/>\n<meta property=\"article:modified_time\" content=\"2025-09-15T21:22:53+00:00\" \/>\n<meta property=\"og:image\" content=\"https:\/\/diarioellabrador.cl\/wp-content\/uploads\/2025\/09\/Prevencion-del-suicidio-Minsal-lanza-guia-para-fortalecer-vinculos-y-combatir-el-aislamiento.webp\" \/>\n\t<meta property=\"og:image:width\" content=\"1000\" \/>\n\t<meta property=\"og:image:height\" content=\"667\" \/>\n\t<meta property=\"og:image:type\" content=\"image\/webp\" \/>\n<meta name=\"author\" content=\"Editor\" \/>\n<meta name=\"twitter:card\" content=\"summary_large_image\" \/>\n<meta name=\"twitter:creator\" content=\"@ElLabradorOf\" \/>\n<meta name=\"twitter:site\" content=\"@ElLabradorOf\" \/>\n<meta name=\"twitter:label1\" content=\"Escrito por\" \/>\n\t<meta name=\"twitter:data1\" content=\"Editor\" \/>\n\t<meta name=\"twitter:label2\" content=\"Tiempo de lectura\" \/>\n\t<meta name=\"twitter:data2\" content=\"2 minutos\" \/>\n<script type=\"application\/ld+json\" class=\"yoast-schema-graph\">{\"@context\":\"https:\\\/\\\/schema.org\",\"@graph\":[{\"@type\":\"Article\",\"@id\":\"https:\\\/\\\/diarioellabrador.cl\\\/index.php\\\/2025\\\/09\\\/15\\\/prevencion-del-suicidio-minsal-lanza-guia-para-fortalecer-vinculos-y-combatir-el-aislamiento\\\/#article\",\"isPartOf\":{\"@id\":\"https:\\\/\\\/diarioellabrador.cl\\\/index.php\\\/2025\\\/09\\\/15\\\/prevencion-del-suicidio-minsal-lanza-guia-para-fortalecer-vinculos-y-combatir-el-aislamiento\\\/\"},\"author\":{\"name\":\"Editor\",\"@id\":\"https:\\\/\\\/diarioellabrador.cl\\\/#\\\/schema\\\/person\\\/bc25ff80b4563f9c7f4bd7855df01685\"},\"headline\":\"Prevenci\u00f3n del suicidio: Minsal lanza gu\u00eda para fortalecer v\u00ednculos y combatir el aislamiento\",\"datePublished\":\"2025-09-15T21:22:52+00:00\",\"dateModified\":\"2025-09-15T21:22:53+00:00\",\"mainEntityOfPage\":{\"@id\":\"https:\\\/\\\/diarioellabrador.cl\\\/index.php\\\/2025\\\/09\\\/15\\\/prevencion-del-suicidio-minsal-lanza-guia-para-fortalecer-vinculos-y-combatir-el-aislamiento\\\/\"},\"wordCount\":269,\"commentCount\":0,\"publisher\":{\"@id\":\"https:\\\/\\\/diarioellabrador.cl\\\/#organization\"},\"image\":{\"@id\":\"https:\\\/\\\/diarioellabrador.cl\\\/index.php\\\/2025\\\/09\\\/15\\\/prevencion-del-suicidio-minsal-lanza-guia-para-fortalecer-vinculos-y-combatir-el-aislamiento\\\/#primaryimage\"},\"thumbnailUrl\":\"https:\\\/\\\/diarioellabrador.cl\\\/wp-content\\\/uploads\\\/2025\\\/09\\\/Prevencion-del-suicidio-Minsal-lanza-guia-para-fortalecer-vinculos-y-combatir-el-aislamiento.webp\",\"articleSection\":[\"Cr\u00f3nica\"],\"inLanguage\":\"es\",\"potentialAction\":[{\"@type\":\"CommentAction\",\"name\":\"Comment\",\"target\":[\"https:\\\/\\\/diarioellabrador.cl\\\/index.php\\\/2025\\\/09\\\/15\\\/prevencion-del-suicidio-minsal-lanza-guia-para-fortalecer-vinculos-y-combatir-el-aislamiento\\\/#respond\"]}]},{\"@type\":\"WebPage\",\"@id\":\"https:\\\/\\\/diarioellabrador.cl\\\/index.php\\\/2025\\\/09\\\/15\\\/prevencion-del-suicidio-minsal-lanza-guia-para-fortalecer-vinculos-y-combatir-el-aislamiento\\\/\",\"url\":\"https:\\\/\\\/diarioellabrador.cl\\\/index.php\\\/2025\\\/09\\\/15\\\/prevencion-del-suicidio-minsal-lanza-guia-para-fortalecer-vinculos-y-combatir-el-aislamiento\\\/\",\"name\":\"Prevenci\u00f3n del suicidio: Minsal lanza gu\u00eda para fortalecer v\u00ednculos y combatir el aislamiento - Diario El Labrador\",\"isPartOf\":{\"@id\":\"https:\\\/\\\/diarioellabrador.cl\\\/#website\"},\"primaryImageOfPage\":{\"@id\":\"https:\\\/\\\/diarioellabrador.cl\\\/index.php\\\/2025\\\/09\\\/15\\\/prevencion-del-suicidio-minsal-lanza-guia-para-fortalecer-vinculos-y-combatir-el-aislamiento\\\/#primaryimage\"},\"image\":{\"@id\":\"https:\\\/\\\/diarioellabrador.cl\\\/index.php\\\/2025\\\/09\\\/15\\\/prevencion-del-suicidio-minsal-lanza-guia-para-fortalecer-vinculos-y-combatir-el-aislamiento\\\/#primaryimage\"},\"thumbnailUrl\":\"https:\\\/\\\/diarioellabrador.cl\\\/wp-content\\\/uploads\\\/2025\\\/09\\\/Prevencion-del-suicidio-Minsal-lanza-guia-para-fortalecer-vinculos-y-combatir-el-aislamiento.webp\",\"datePublished\":\"2025-09-15T21:22:52+00:00\",\"dateModified\":\"2025-09-15T21:22:53+00:00\",\"breadcrumb\":{\"@id\":\"https:\\\/\\\/diarioellabrador.cl\\\/index.php\\\/2025\\\/09\\\/15\\\/prevencion-del-suicidio-minsal-lanza-guia-para-fortalecer-vinculos-y-combatir-el-aislamiento\\\/#breadcrumb\"},\"inLanguage\":\"es\",\"potentialAction\":[{\"@type\":\"ReadAction\",\"target\":[\"https:\\\/\\\/diarioellabrador.cl\\\/index.php\\\/2025\\\/09\\\/15\\\/prevencion-del-suicidio-minsal-lanza-guia-para-fortalecer-vinculos-y-combatir-el-aislamiento\\\/\"]}]},{\"@type\":\"ImageObject\",\"inLanguage\":\"es\",\"@id\":\"https:\\\/\\\/diarioellabrador.cl\\\/index.php\\\/2025\\\/09\\\/15\\\/prevencion-del-suicidio-minsal-lanza-guia-para-fortalecer-vinculos-y-combatir-el-aislamiento\\\/#primaryimage\",\"url\":\"https:\\\/\\\/diarioellabrador.cl\\\/wp-content\\\/uploads\\\/2025\\\/09\\\/Prevencion-del-suicidio-Minsal-lanza-guia-para-fortalecer-vinculos-y-combatir-el-aislamiento.webp\",\"contentUrl\":\"https:\\\/\\\/diarioellabrador.cl\\\/wp-content\\\/uploads\\\/2025\\\/09\\\/Prevencion-del-suicidio-Minsal-lanza-guia-para-fortalecer-vinculos-y-combatir-el-aislamiento.webp\",\"width\":1000,\"height\":667},{\"@type\":\"BreadcrumbList\",\"@id\":\"https:\\\/\\\/diarioellabrador.cl\\\/index.php\\\/2025\\\/09\\\/15\\\/prevencion-del-suicidio-minsal-lanza-guia-para-fortalecer-vinculos-y-combatir-el-aislamiento\\\/#breadcrumb\",\"itemListElement\":[{\"@type\":\"ListItem\",\"position\":1,\"name\":\"Portada\",\"item\":\"https:\\\/\\\/diarioellabrador.cl\\\/\"},{\"@type\":\"ListItem\",\"position\":2,\"name\":\"Prevenci\u00f3n del suicidio: Minsal lanza gu\u00eda para fortalecer v\u00ednculos y combatir el aislamiento\"}]},{\"@type\":\"WebSite\",\"@id\":\"https:\\\/\\\/diarioellabrador.cl\\\/#website\",\"url\":\"https:\\\/\\\/diarioellabrador.cl\\\/\",\"name\":\"Diario El Labrador\",\"description\":\"Haciendo noticia desde 1921\",\"publisher\":{\"@id\":\"https:\\\/\\\/diarioellabrador.cl\\\/#organization\"},\"potentialAction\":[{\"@type\":\"SearchAction\",\"target\":{\"@type\":\"EntryPoint\",\"urlTemplate\":\"https:\\\/\\\/diarioellabrador.cl\\\/?s={search_term_string}\"},\"query-input\":{\"@type\":\"PropertyValueSpecification\",\"valueRequired\":true,\"valueName\":\"search_term_string\"}}],\"inLanguage\":\"es\"},{\"@type\":\"Organization\",\"@id\":\"https:\\\/\\\/diarioellabrador.cl\\\/#organization\",\"name\":\"Diario El Labrador\",\"url\":\"https:\\\/\\\/diarioellabrador.cl\\\/\",\"logo\":{\"@type\":\"ImageObject\",\"inLanguage\":\"es\",\"@id\":\"https:\\\/\\\/diarioellabrador.cl\\\/#\\\/schema\\\/logo\\\/image\\\/\",\"url\":\"https:\\\/\\\/diarioellabrador.cl\\\/wp-content\\\/uploads\\\/2025\\\/02\\\/cropped-Logo-Icono.png\",\"contentUrl\":\"https:\\\/\\\/diarioellabrador.cl\\\/wp-content\\\/uploads\\\/2025\\\/02\\\/cropped-Logo-Icono.png\",\"width\":512,\"height\":512,\"caption\":\"Diario El Labrador\"},\"image\":{\"@id\":\"https:\\\/\\\/diarioellabrador.cl\\\/#\\\/schema\\\/logo\\\/image\\\/\"},\"sameAs\":[\"https:\\\/\\\/web.facebook.com\\\/profile.php?id=61576120840621\",\"https:\\\/\\\/x.com\\\/ElLabradorOf\",\"https:\\\/\\\/www.instagram.com\\\/diarioellabradoroficial\\\/\"]},{\"@type\":\"Person\",\"@id\":\"https:\\\/\\\/diarioellabrador.cl\\\/#\\\/schema\\\/person\\\/bc25ff80b4563f9c7f4bd7855df01685\",\"name\":\"Editor\",\"image\":{\"@type\":\"ImageObject\",\"inLanguage\":\"es\",\"@id\":\"https:\\\/\\\/secure.gravatar.com\\\/avatar\\\/109c326cf2be5c04f048c2c2a2b8b6ef44bf3d8d1d3d4c55d0ac40c4bc994684?s=96&d=mm&r=g\",\"url\":\"https:\\\/\\\/secure.gravatar.com\\\/avatar\\\/109c326cf2be5c04f048c2c2a2b8b6ef44bf3d8d1d3d4c55d0ac40c4bc994684?s=96&d=mm&r=g\",\"contentUrl\":\"https:\\\/\\\/secure.gravatar.com\\\/avatar\\\/109c326cf2be5c04f048c2c2a2b8b6ef44bf3d8d1d3d4c55d0ac40c4bc994684?s=96&d=mm&r=g\",\"caption\":\"Editor\"},\"url\":\"https:\\\/\\\/diarioellabrador.cl\\\/index.php\\\/author\\\/editor\\\/\"}]}<\/script>\n<!-- \/ Yoast SEO plugin. -->","yoast_head_json":{"title":"Prevenci\u00f3n del suicidio: Minsal lanza gu\u00eda para fortalecer v\u00ednculos y combatir el aislamiento - Diario El Labrador","robots":{"index":"index","follow":"follow","max-snippet":"max-snippet:-1","max-image-preview":"max-image-preview:large","max-video-preview":"max-video-preview:-1"},"canonical":"https:\/\/diarioellabrador.cl\/index.php\/2025\/09\/15\/prevencion-del-suicidio-minsal-lanza-guia-para-fortalecer-vinculos-y-combatir-el-aislamiento\/","og_locale":"es_ES","og_type":"article","og_title":"Prevenci\u00f3n del suicidio: Minsal lanza gu\u00eda para fortalecer v\u00ednculos y combatir el aislamiento - Diario El Labrador","og_description":"La gu\u00eda incluye recomendaciones para buscar ayuda profesional y medidas de contenci\u00f3n emocional en situaciones de crisis. El Ministerio de Salud (Minsal) ha presentado una nueva gu\u00eda destinada a la prevenci\u00f3n del suicidio, enfoc\u00e1ndose en la importancia de la conexi\u00f3n social como factor protector frente a conductas suicidas. La gu\u00eda subraya que el aislamiento social Leer m\u00e1s","og_url":"https:\/\/diarioellabrador.cl\/index.php\/2025\/09\/15\/prevencion-del-suicidio-minsal-lanza-guia-para-fortalecer-vinculos-y-combatir-el-aislamiento\/","og_site_name":"Diario El Labrador","article_publisher":"https:\/\/web.facebook.com\/profile.php?id=61576120840621","article_published_time":"2025-09-15T21:22:52+00:00","article_modified_time":"2025-09-15T21:22:53+00:00","og_image":[{"width":1000,"height":667,"url":"https:\/\/diarioellabrador.cl\/wp-content\/uploads\/2025\/09\/Prevencion-del-suicidio-Minsal-lanza-guia-para-fortalecer-vinculos-y-combatir-el-aislamiento.webp","type":"image\/webp"}],"author":"Editor","twitter_card":"summary_large_image","twitter_creator":"@ElLabradorOf","twitter_site":"@ElLabradorOf","twitter_misc":{"Escrito por":"Editor","Tiempo de lectura":"2 minutos"},"schema":{"@context":"https:\/\/schema.org","@graph":[{"@type":"Article","@id":"https:\/\/diarioellabrador.cl\/index.php\/2025\/09\/15\/prevencion-del-suicidio-minsal-lanza-guia-para-fortalecer-vinculos-y-combatir-el-aislamiento\/#article","isPartOf":{"@id":"https:\/\/diarioellabrador.cl\/index.php\/2025\/09\/15\/prevencion-del-suicidio-minsal-lanza-guia-para-fortalecer-vinculos-y-combatir-el-aislamiento\/"},"author":{"name":"Editor","@id":"https:\/\/diarioellabrador.cl\/#\/schema\/person\/bc25ff80b4563f9c7f4bd7855df01685"},"headline":"Prevenci\u00f3n del suicidio: Minsal lanza gu\u00eda para fortalecer v\u00ednculos y combatir el aislamiento","datePublished":"2025-09-15T21:22:52+00:00","dateModified":"2025-09-15T21:22:53+00:00","mainEntityOfPage":{"@id":"https:\/\/diarioellabrador.cl\/index.php\/2025\/09\/15\/prevencion-del-suicidio-minsal-lanza-guia-para-fortalecer-vinculos-y-combatir-el-aislamiento\/"},"wordCount":269,"commentCount":0,"publisher":{"@id":"https:\/\/diarioellabrador.cl\/#organization"},"image":{"@id":"https:\/\/diarioellabrador.cl\/index.php\/2025\/09\/15\/prevencion-del-suicidio-minsal-lanza-guia-para-fortalecer-vinculos-y-combatir-el-aislamiento\/#primaryimage"},"thumbnailUrl":"https:\/\/diarioellabrador.cl\/wp-content\/uploads\/2025\/09\/Prevencion-del-suicidio-Minsal-lanza-guia-para-fortalecer-vinculos-y-combatir-el-aislamiento.webp","articleSection":["Cr\u00f3nica"],"inLanguage":"es","potentialAction":[{"@type":"CommentAction","name":"Comment","target":["https:\/\/diarioellabrador.cl\/index.php\/2025\/09\/15\/prevencion-del-suicidio-minsal-lanza-guia-para-fortalecer-vinculos-y-combatir-el-aislamiento\/#respond"]}]},{"@type":"WebPage","@id":"https:\/\/diarioellabrador.cl\/index.php\/2025\/09\/15\/prevencion-del-suicidio-minsal-lanza-guia-para-fortalecer-vinculos-y-combatir-el-aislamiento\/","url":"https:\/\/diarioellabrador.cl\/index.php\/2025\/09\/15\/prevencion-del-suicidio-minsal-lanza-guia-para-fortalecer-vinculos-y-combatir-el-aislamiento\/","name":"Prevenci\u00f3n del suicidio: Minsal lanza gu\u00eda para fortalecer v\u00ednculos y combatir el aislamiento - Diario El Labrador","isPartOf":{"@id":"https:\/\/diarioellabrador.cl\/#website"},"primaryImageOfPage":{"@id":"https:\/\/diarioellabrador.cl\/index.php\/2025\/09\/15\/prevencion-del-suicidio-minsal-lanza-guia-para-fortalecer-vinculos-y-combatir-el-aislamiento\/#primaryimage"},"image":{"@id":"https:\/\/diarioellabrador.cl\/index.php\/2025\/09\/15\/prevencion-del-suicidio-minsal-lanza-guia-para-fortalecer-vinculos-y-combatir-el-aislamiento\/#primaryimage"},"thumbnailUrl":"https:\/\/diarioellabrador.cl\/wp-content\/uploads\/2025\/09\/Prevencion-del-suicidio-Minsal-lanza-guia-para-fortalecer-vinculos-y-combatir-el-aislamiento.webp","datePublished":"2025-09-15T21:22:52+00:00","dateModified":"2025-09-15T21:22:53+00:00","breadcrumb":{"@id":"https:\/\/diarioellabrador.cl\/index.php\/2025\/09\/15\/prevencion-del-suicidio-minsal-lanza-guia-para-fortalecer-vinculos-y-combatir-el-aislamiento\/#breadcrumb"},"inLanguage":"es","potentialAction":[{"@type":"ReadAction","target":["https:\/\/diarioellabrador.cl\/index.php\/2025\/09\/15\/prevencion-del-suicidio-minsal-lanza-guia-para-fortalecer-vinculos-y-combatir-el-aislamiento\/"]}]},{"@type":"ImageObject","inLanguage":"es","@id":"https:\/\/diarioellabrador.cl\/index.php\/2025\/09\/15\/prevencion-del-suicidio-minsal-lanza-guia-para-fortalecer-vinculos-y-combatir-el-aislamiento\/#primaryimage","url":"https:\/\/diarioellabrador.cl\/wp-content\/uploads\/2025\/09\/Prevencion-del-suicidio-Minsal-lanza-guia-para-fortalecer-vinculos-y-combatir-el-aislamiento.webp","contentUrl":"https:\/\/diarioellabrador.cl\/wp-content\/uploads\/2025\/09\/Prevencion-del-suicidio-Minsal-lanza-guia-para-fortalecer-vinculos-y-combatir-el-aislamiento.webp","width":1000,"height":667},{"@type":"BreadcrumbList","@id":"https:\/\/diarioellabrador.cl\/index.php\/2025\/09\/15\/prevencion-del-suicidio-minsal-lanza-guia-para-fortalecer-vinculos-y-combatir-el-aislamiento\/#breadcrumb","itemListElement":[{"@type":"ListItem","position":1,"name":"Portada","item":"https:\/\/diarioellabrador.cl\/"},{"@type":"ListItem","position":2,"name":"Prevenci\u00f3n del suicidio: Minsal lanza gu\u00eda para fortalecer v\u00ednculos y combatir el aislamiento"}]},{"@type":"WebSite","@id":"https:\/\/diarioellabrador.cl\/#website","url":"https:\/\/diarioellabrador.cl\/","name":"Diario El Labrador","description":"Haciendo noticia desde 1921","publisher":{"@id":"https:\/\/diarioellabrador.cl\/#organization"},"potentialAction":[{"@type":"SearchAction","target":{"@type":"EntryPoint","urlTemplate":"https:\/\/diarioellabrador.cl\/?s={search_term_string}"},"query-input":{"@type":"PropertyValueSpecification","valueRequired":true,"valueName":"search_term_string"}}],"inLanguage":"es"},{"@type":"Organization","@id":"https:\/\/diarioellabrador.cl\/#organization","name":"Diario El Labrador","url":"https:\/\/diarioellabrador.cl\/","logo":{"@type":"ImageObject","inLanguage":"es","@id":"https:\/\/diarioellabrador.cl\/#\/schema\/logo\/image\/","url":"https:\/\/diarioellabrador.cl\/wp-content\/uploads\/2025\/02\/cropped-Logo-Icono.png","contentUrl":"https:\/\/diarioellabrador.cl\/wp-content\/uploads\/2025\/02\/cropped-Logo-Icono.png","width":512,"height":512,"caption":"Diario El Labrador"},"image":{"@id":"https:\/\/diarioellabrador.cl\/#\/schema\/logo\/image\/"},"sameAs":["https:\/\/web.facebook.com\/profile.php?id=61576120840621","https:\/\/x.com\/ElLabradorOf","https:\/\/www.instagram.com\/diarioellabradoroficial\/"]},{"@type":"Person","@id":"https:\/\/diarioellabrador.cl\/#\/schema\/person\/bc25ff80b4563f9c7f4bd7855df01685","name":"Editor","image":{"@type":"ImageObject","inLanguage":"es","@id":"https:\/\/secure.gravatar.com\/avatar\/109c326cf2be5c04f048c2c2a2b8b6ef44bf3d8d1d3d4c55d0ac40c4bc994684?s=96&d=mm&r=g","url":"https:\/\/secure.gravatar.com\/avatar\/109c326cf2be5c04f048c2c2a2b8b6ef44bf3d8d1d3d4c55d0ac40c4bc994684?s=96&d=mm&r=g","contentUrl":"https:\/\/secure.gravatar.com\/avatar\/109c326cf2be5c04f048c2c2a2b8b6ef44bf3d8d1d3d4c55d0ac40c4bc994684?s=96&d=mm&r=g","caption":"Editor"},"url":"https:\/\/diarioellabrador.cl\/index.php\/author\/editor\/"}]}},"_links":{"self":[{"href":"https:\/\/diarioellabrador.cl\/index.php\/wp-json\/wp\/v2\/posts\/8688","targetHints":{"allow":["GET"]}}],"collection":[{"href":"https:\/\/diarioellabrador.cl\/index.php\/wp-json\/wp\/v2\/posts"}],"about":[{"href":"https:\/\/diarioellabrador.cl\/index.php\/wp-json\/wp\/v2\/types\/post"}],"author":[{"embeddable":true,"href":"https:\/\/diarioellabrador.cl\/index.php\/wp-json\/wp\/v2\/users\/2"}],"replies":[{"embeddable":true,"href":"https:\/\/diarioellabrador.cl\/index.php\/wp-json\/wp\/v2\/comments?post=8688"}],"version-history":[{"count":1,"href":"https:\/\/diarioellabrador.cl\/index.php\/wp-json\/wp\/v2\/posts\/8688\/revisions"}],"predecessor-version":[{"id":8689,"href":"https:\/\/diarioellabrador.cl\/index.php\/wp-json\/wp\/v2\/posts\/8688\/revisions\/8689"}],"wp:featuredmedia":[{"embeddable":true,"href":"https:\/\/diarioellabrador.cl\/index.php\/wp-json\/wp\/v2\/media\/8650"}],"wp:attachment":[{"href":"https:\/\/diarioellabrador.cl\/index.php\/wp-json\/wp\/v2\/media?parent=8688"}],"wp:term":[{"taxonomy":"category","embeddable":true,"href":"https:\/\/diarioellabrador.cl\/index.php\/wp-json\/wp\/v2\/categories?post=8688"},{"taxonomy":"post_tag","embeddable":true,"href":"https:\/\/diarioellabrador.cl\/index.php\/wp-json\/wp\/v2\/tags?post=8688"}],"curies":[{"name":"wp","href":"https:\/\/api.w.org\/{rel}","templated":true}]}}