{"id":8591,"date":"2025-09-13T17:09:14","date_gmt":"2025-09-13T21:09:14","guid":{"rendered":"https:\/\/diarioellabrador.cl\/?p=8591"},"modified":"2025-09-13T17:09:15","modified_gmt":"2025-09-13T21:09:15","slug":"maria-ignacia-montt-marca-debut-chile-en-mundial-de-atletismo-fue-octava-en-su-heat-de-los-100-metros","status":"publish","type":"post","link":"https:\/\/diarioellabrador.cl\/index.php\/2025\/09\/13\/maria-ignacia-montt-marca-debut-chile-en-mundial-de-atletismo-fue-octava-en-su-heat-de-los-100-metros\/","title":{"rendered":"Mar\u00eda Ignacia Montt marca debut Chile en Mundial de Atletismo: fue octava en su heat de los 100 metros"},"content":{"rendered":"\n<p><strong>Mar\u00eda Ignacia Montt<\/strong>, destacada velocista nacional, marc\u00f3 este s\u00e1bado el debut de Chile en el<strong> Mundial de Atletismo<\/strong> de Tokio.<\/p>\n\n\n\n<p>La \u2018Ina\u2019, que hizo su debut en la cita planetaria, particip\u00f3 de la prueba de 100 metros en suelo nip\u00f3n.<\/p>\n\n\n\n<p><strong>Montt registr\u00f3 11,68 segundos <\/strong>en su heat, rematando en la octava posici\u00f3n de su grupo y 50\u00b0 de la general (de un total de 60).<\/p>\n\n\n\n<p>La chilena tuvo el honor de compartir pista con una leyenda de la disciplina, la jamaiquina <strong>Shelly-Ann Fraser-Pryce.<\/strong><\/p>\n\n\n\n<p>Fraser-Pryce termin\u00f3 segunda en la serie con 11,09, acabando detr\u00e1s de Marie-Jos\u00e9e Ta Lou-Smith de Costa de Marfil (11,05). Ahora, Mar\u00eda Ignacia Montt ya piensa en la posta 4\u00d7100 donde volver\u00e1 a saltar a la pista<\/p>\n","protected":false},"excerpt":{"rendered":"<p>Mar\u00eda Ignacia Montt, destacada velocista nacional, marc\u00f3 este s\u00e1bado el debut de Chile en el Mundial de Atletismo de Tokio. La \u2018Ina\u2019, que hizo su debut en la cita planetaria, particip\u00f3 de la prueba de 100 metros en suelo nip\u00f3n. Montt registr\u00f3 11,68 segundos en su heat, rematando en la octava posici\u00f3n de su grupo<\/p>\n<div class=\"read-more-wrapper\"><a class=\"read-more\" href=\"https:\/\/diarioellabrador.cl\/index.php\/2025\/09\/13\/maria-ignacia-montt-marca-debut-chile-en-mundial-de-atletismo-fue-octava-en-su-heat-de-los-100-metros\/\" title=\"Leer m\u00e1s\"> <span class=\"button \">Leer m\u00e1s<\/span><\/a><\/div>\n","protected":false},"author":2,"featured_media":8581,"comment_status":"open","ping_status":"open","sticky":false,"template":"","format":"standard","meta":{"footnotes":""},"categories":[4],"tags":[],"class_list":["post-8591","post","type-post","status-publish","format-standard","has-post-thumbnail","hentry","category-deportes"],"yoast_head":"<!-- This site is optimized with the Yoast SEO plugin v27.5 - https:\/\/yoast.com\/product\/yoast-seo-wordpress\/ -->\n<title>Mar\u00eda Ignacia Montt marca debut Chile en Mundial de Atletismo: fue octava en su heat de los 100 metros - Diario El Labrador<\/title>\n<meta name=\"robots\" content=\"index, follow, max-snippet:-1, max-image-preview:large, max-video-preview:-1\" \/>\n<link rel=\"canonical\" href=\"https:\/\/diarioellabrador.cl\/index.php\/2025\/09\/13\/maria-ignacia-montt-marca-debut-chile-en-mundial-de-atletismo-fue-octava-en-su-heat-de-los-100-metros\/\" \/>\n<meta property=\"og:locale\" content=\"es_ES\" \/>\n<meta property=\"og:type\" content=\"article\" \/>\n<meta property=\"og:title\" content=\"Mar\u00eda Ignacia Montt marca debut Chile en Mundial de Atletismo: fue octava en su heat de los 100 metros - Diario El Labrador\" \/>\n<meta property=\"og:description\" content=\"Mar\u00eda Ignacia Montt, destacada velocista nacional, marc\u00f3 este s\u00e1bado el debut de Chile en el Mundial de Atletismo de Tokio. La \u2018Ina\u2019, que hizo su debut en la cita planetaria, particip\u00f3 de la prueba de 100 metros en suelo nip\u00f3n. Montt registr\u00f3 11,68 segundos en su heat, rematando en la octava posici\u00f3n de su grupo Leer m\u00e1s\" \/>\n<meta property=\"og:url\" content=\"https:\/\/diarioellabrador.cl\/index.php\/2025\/09\/13\/maria-ignacia-montt-marca-debut-chile-en-mundial-de-atletismo-fue-octava-en-su-heat-de-los-100-metros\/\" \/>\n<meta property=\"og:site_name\" content=\"Diario El Labrador\" \/>\n<meta property=\"article:publisher\" content=\"https:\/\/web.facebook.com\/profile.php?id=61576120840621\" \/>\n<meta property=\"article:published_time\" content=\"2025-09-13T21:09:14+00:00\" \/>\n<meta property=\"article:modified_time\" content=\"2025-09-13T21:09:15+00:00\" \/>\n<meta property=\"og:image\" content=\"https:\/\/diarioellabrador.cl\/wp-content\/uploads\/2025\/09\/Maria-Ignacia-Montt-marca-debut-Chile-en-Mundial-de-Atletismo-fue-octava-en-su-heat-de-los-100-metros.jpg\" \/>\n\t<meta property=\"og:image:width\" content=\"1638\" \/>\n\t<meta property=\"og:image:height\" content=\"2048\" \/>\n\t<meta property=\"og:image:type\" content=\"image\/jpeg\" \/>\n<meta name=\"author\" content=\"Editor\" \/>\n<meta name=\"twitter:card\" content=\"summary_large_image\" \/>\n<meta name=\"twitter:creator\" content=\"@ElLabradorOf\" \/>\n<meta name=\"twitter:site\" content=\"@ElLabradorOf\" \/>\n<meta name=\"twitter:label1\" content=\"Escrito por\" \/>\n\t<meta name=\"twitter:data1\" content=\"Editor\" \/>\n\t<meta name=\"twitter:label2\" content=\"Tiempo de lectura\" \/>\n\t<meta name=\"twitter:data2\" content=\"1 minuto\" \/>\n<script type=\"application\/ld+json\" class=\"yoast-schema-graph\">{\"@context\":\"https:\\\/\\\/schema.org\",\"@graph\":[{\"@type\":\"Article\",\"@id\":\"https:\\\/\\\/diarioellabrador.cl\\\/index.php\\\/2025\\\/09\\\/13\\\/maria-ignacia-montt-marca-debut-chile-en-mundial-de-atletismo-fue-octava-en-su-heat-de-los-100-metros\\\/#article\",\"isPartOf\":{\"@id\":\"https:\\\/\\\/diarioellabrador.cl\\\/index.php\\\/2025\\\/09\\\/13\\\/maria-ignacia-montt-marca-debut-chile-en-mundial-de-atletismo-fue-octava-en-su-heat-de-los-100-metros\\\/\"},\"author\":{\"name\":\"Editor\",\"@id\":\"https:\\\/\\\/diarioellabrador.cl\\\/#\\\/schema\\\/person\\\/bc25ff80b4563f9c7f4bd7855df01685\"},\"headline\":\"Mar\u00eda Ignacia Montt marca debut Chile en Mundial de Atletismo: fue octava en su heat de los 100 metros\",\"datePublished\":\"2025-09-13T21:09:14+00:00\",\"dateModified\":\"2025-09-13T21:09:15+00:00\",\"mainEntityOfPage\":{\"@id\":\"https:\\\/\\\/diarioellabrador.cl\\\/index.php\\\/2025\\\/09\\\/13\\\/maria-ignacia-montt-marca-debut-chile-en-mundial-de-atletismo-fue-octava-en-su-heat-de-los-100-metros\\\/\"},\"wordCount\":138,\"commentCount\":0,\"publisher\":{\"@id\":\"https:\\\/\\\/diarioellabrador.cl\\\/#organization\"},\"image\":{\"@id\":\"https:\\\/\\\/diarioellabrador.cl\\\/index.php\\\/2025\\\/09\\\/13\\\/maria-ignacia-montt-marca-debut-chile-en-mundial-de-atletismo-fue-octava-en-su-heat-de-los-100-metros\\\/#primaryimage\"},\"thumbnailUrl\":\"https:\\\/\\\/diarioellabrador.cl\\\/wp-content\\\/uploads\\\/2025\\\/09\\\/Maria-Ignacia-Montt-marca-debut-Chile-en-Mundial-de-Atletismo-fue-octava-en-su-heat-de-los-100-metros.jpg\",\"articleSection\":[\"Deportes\"],\"inLanguage\":\"es\",\"potentialAction\":[{\"@type\":\"CommentAction\",\"name\":\"Comment\",\"target\":[\"https:\\\/\\\/diarioellabrador.cl\\\/index.php\\\/2025\\\/09\\\/13\\\/maria-ignacia-montt-marca-debut-chile-en-mundial-de-atletismo-fue-octava-en-su-heat-de-los-100-metros\\\/#respond\"]}]},{\"@type\":\"WebPage\",\"@id\":\"https:\\\/\\\/diarioellabrador.cl\\\/index.php\\\/2025\\\/09\\\/13\\\/maria-ignacia-montt-marca-debut-chile-en-mundial-de-atletismo-fue-octava-en-su-heat-de-los-100-metros\\\/\",\"url\":\"https:\\\/\\\/diarioellabrador.cl\\\/index.php\\\/2025\\\/09\\\/13\\\/maria-ignacia-montt-marca-debut-chile-en-mundial-de-atletismo-fue-octava-en-su-heat-de-los-100-metros\\\/\",\"name\":\"Mar\u00eda Ignacia Montt marca debut Chile en Mundial de Atletismo: fue octava en su heat de los 100 metros - Diario El Labrador\",\"isPartOf\":{\"@id\":\"https:\\\/\\\/diarioellabrador.cl\\\/#website\"},\"primaryImageOfPage\":{\"@id\":\"https:\\\/\\\/diarioellabrador.cl\\\/index.php\\\/2025\\\/09\\\/13\\\/maria-ignacia-montt-marca-debut-chile-en-mundial-de-atletismo-fue-octava-en-su-heat-de-los-100-metros\\\/#primaryimage\"},\"image\":{\"@id\":\"https:\\\/\\\/diarioellabrador.cl\\\/index.php\\\/2025\\\/09\\\/13\\\/maria-ignacia-montt-marca-debut-chile-en-mundial-de-atletismo-fue-octava-en-su-heat-de-los-100-metros\\\/#primaryimage\"},\"thumbnailUrl\":\"https:\\\/\\\/diarioellabrador.cl\\\/wp-content\\\/uploads\\\/2025\\\/09\\\/Maria-Ignacia-Montt-marca-debut-Chile-en-Mundial-de-Atletismo-fue-octava-en-su-heat-de-los-100-metros.jpg\",\"datePublished\":\"2025-09-13T21:09:14+00:00\",\"dateModified\":\"2025-09-13T21:09:15+00:00\",\"breadcrumb\":{\"@id\":\"https:\\\/\\\/diarioellabrador.cl\\\/index.php\\\/2025\\\/09\\\/13\\\/maria-ignacia-montt-marca-debut-chile-en-mundial-de-atletismo-fue-octava-en-su-heat-de-los-100-metros\\\/#breadcrumb\"},\"inLanguage\":\"es\",\"potentialAction\":[{\"@type\":\"ReadAction\",\"target\":[\"https:\\\/\\\/diarioellabrador.cl\\\/index.php\\\/2025\\\/09\\\/13\\\/maria-ignacia-montt-marca-debut-chile-en-mundial-de-atletismo-fue-octava-en-su-heat-de-los-100-metros\\\/\"]}]},{\"@type\":\"ImageObject\",\"inLanguage\":\"es\",\"@id\":\"https:\\\/\\\/diarioellabrador.cl\\\/index.php\\\/2025\\\/09\\\/13\\\/maria-ignacia-montt-marca-debut-chile-en-mundial-de-atletismo-fue-octava-en-su-heat-de-los-100-metros\\\/#primaryimage\",\"url\":\"https:\\\/\\\/diarioellabrador.cl\\\/wp-content\\\/uploads\\\/2025\\\/09\\\/Maria-Ignacia-Montt-marca-debut-Chile-en-Mundial-de-Atletismo-fue-octava-en-su-heat-de-los-100-metros.jpg\",\"contentUrl\":\"https:\\\/\\\/diarioellabrador.cl\\\/wp-content\\\/uploads\\\/2025\\\/09\\\/Maria-Ignacia-Montt-marca-debut-Chile-en-Mundial-de-Atletismo-fue-octava-en-su-heat-de-los-100-metros.jpg\",\"width\":1638,\"height\":2048},{\"@type\":\"BreadcrumbList\",\"@id\":\"https:\\\/\\\/diarioellabrador.cl\\\/index.php\\\/2025\\\/09\\\/13\\\/maria-ignacia-montt-marca-debut-chile-en-mundial-de-atletismo-fue-octava-en-su-heat-de-los-100-metros\\\/#breadcrumb\",\"itemListElement\":[{\"@type\":\"ListItem\",\"position\":1,\"name\":\"Portada\",\"item\":\"https:\\\/\\\/diarioellabrador.cl\\\/\"},{\"@type\":\"ListItem\",\"position\":2,\"name\":\"Mar\u00eda Ignacia Montt marca debut Chile en Mundial de Atletismo: fue octava en su heat de los 100 metros\"}]},{\"@type\":\"WebSite\",\"@id\":\"https:\\\/\\\/diarioellabrador.cl\\\/#website\",\"url\":\"https:\\\/\\\/diarioellabrador.cl\\\/\",\"name\":\"Diario El Labrador\",\"description\":\"Haciendo noticia desde 1921\",\"publisher\":{\"@id\":\"https:\\\/\\\/diarioellabrador.cl\\\/#organization\"},\"potentialAction\":[{\"@type\":\"SearchAction\",\"target\":{\"@type\":\"EntryPoint\",\"urlTemplate\":\"https:\\\/\\\/diarioellabrador.cl\\\/?s={search_term_string}\"},\"query-input\":{\"@type\":\"PropertyValueSpecification\",\"valueRequired\":true,\"valueName\":\"search_term_string\"}}],\"inLanguage\":\"es\"},{\"@type\":\"Organization\",\"@id\":\"https:\\\/\\\/diarioellabrador.cl\\\/#organization\",\"name\":\"Diario El Labrador\",\"url\":\"https:\\\/\\\/diarioellabrador.cl\\\/\",\"logo\":{\"@type\":\"ImageObject\",\"inLanguage\":\"es\",\"@id\":\"https:\\\/\\\/diarioellabrador.cl\\\/#\\\/schema\\\/logo\\\/image\\\/\",\"url\":\"https:\\\/\\\/diarioellabrador.cl\\\/wp-content\\\/uploads\\\/2025\\\/02\\\/cropped-Logo-Icono.png\",\"contentUrl\":\"https:\\\/\\\/diarioellabrador.cl\\\/wp-content\\\/uploads\\\/2025\\\/02\\\/cropped-Logo-Icono.png\",\"width\":512,\"height\":512,\"caption\":\"Diario El Labrador\"},\"image\":{\"@id\":\"https:\\\/\\\/diarioellabrador.cl\\\/#\\\/schema\\\/logo\\\/image\\\/\"},\"sameAs\":[\"https:\\\/\\\/web.facebook.com\\\/profile.php?id=61576120840621\",\"https:\\\/\\\/x.com\\\/ElLabradorOf\",\"https:\\\/\\\/www.instagram.com\\\/diarioellabradoroficial\\\/\"]},{\"@type\":\"Person\",\"@id\":\"https:\\\/\\\/diarioellabrador.cl\\\/#\\\/schema\\\/person\\\/bc25ff80b4563f9c7f4bd7855df01685\",\"name\":\"Editor\",\"image\":{\"@type\":\"ImageObject\",\"inLanguage\":\"es\",\"@id\":\"https:\\\/\\\/secure.gravatar.com\\\/avatar\\\/109c326cf2be5c04f048c2c2a2b8b6ef44bf3d8d1d3d4c55d0ac40c4bc994684?s=96&d=mm&r=g\",\"url\":\"https:\\\/\\\/secure.gravatar.com\\\/avatar\\\/109c326cf2be5c04f048c2c2a2b8b6ef44bf3d8d1d3d4c55d0ac40c4bc994684?s=96&d=mm&r=g\",\"contentUrl\":\"https:\\\/\\\/secure.gravatar.com\\\/avatar\\\/109c326cf2be5c04f048c2c2a2b8b6ef44bf3d8d1d3d4c55d0ac40c4bc994684?s=96&d=mm&r=g\",\"caption\":\"Editor\"},\"url\":\"https:\\\/\\\/diarioellabrador.cl\\\/index.php\\\/author\\\/editor\\\/\"}]}<\/script>\n<!-- \/ Yoast SEO plugin. -->","yoast_head_json":{"title":"Mar\u00eda Ignacia Montt marca debut Chile en Mundial de Atletismo: fue octava en su heat de los 100 metros - Diario El Labrador","robots":{"index":"index","follow":"follow","max-snippet":"max-snippet:-1","max-image-preview":"max-image-preview:large","max-video-preview":"max-video-preview:-1"},"canonical":"https:\/\/diarioellabrador.cl\/index.php\/2025\/09\/13\/maria-ignacia-montt-marca-debut-chile-en-mundial-de-atletismo-fue-octava-en-su-heat-de-los-100-metros\/","og_locale":"es_ES","og_type":"article","og_title":"Mar\u00eda Ignacia Montt marca debut Chile en Mundial de Atletismo: fue octava en su heat de los 100 metros - Diario El Labrador","og_description":"Mar\u00eda Ignacia Montt, destacada velocista nacional, marc\u00f3 este s\u00e1bado el debut de Chile en el Mundial de Atletismo de Tokio. La \u2018Ina\u2019, que hizo su debut en la cita planetaria, particip\u00f3 de la prueba de 100 metros en suelo nip\u00f3n. Montt registr\u00f3 11,68 segundos en su heat, rematando en la octava posici\u00f3n de su grupo Leer m\u00e1s","og_url":"https:\/\/diarioellabrador.cl\/index.php\/2025\/09\/13\/maria-ignacia-montt-marca-debut-chile-en-mundial-de-atletismo-fue-octava-en-su-heat-de-los-100-metros\/","og_site_name":"Diario El Labrador","article_publisher":"https:\/\/web.facebook.com\/profile.php?id=61576120840621","article_published_time":"2025-09-13T21:09:14+00:00","article_modified_time":"2025-09-13T21:09:15+00:00","og_image":[{"width":1638,"height":2048,"url":"https:\/\/diarioellabrador.cl\/wp-content\/uploads\/2025\/09\/Maria-Ignacia-Montt-marca-debut-Chile-en-Mundial-de-Atletismo-fue-octava-en-su-heat-de-los-100-metros.jpg","type":"image\/jpeg"}],"author":"Editor","twitter_card":"summary_large_image","twitter_creator":"@ElLabradorOf","twitter_site":"@ElLabradorOf","twitter_misc":{"Escrito por":"Editor","Tiempo de lectura":"1 minuto"},"schema":{"@context":"https:\/\/schema.org","@graph":[{"@type":"Article","@id":"https:\/\/diarioellabrador.cl\/index.php\/2025\/09\/13\/maria-ignacia-montt-marca-debut-chile-en-mundial-de-atletismo-fue-octava-en-su-heat-de-los-100-metros\/#article","isPartOf":{"@id":"https:\/\/diarioellabrador.cl\/index.php\/2025\/09\/13\/maria-ignacia-montt-marca-debut-chile-en-mundial-de-atletismo-fue-octava-en-su-heat-de-los-100-metros\/"},"author":{"name":"Editor","@id":"https:\/\/diarioellabrador.cl\/#\/schema\/person\/bc25ff80b4563f9c7f4bd7855df01685"},"headline":"Mar\u00eda Ignacia Montt marca debut Chile en Mundial de Atletismo: fue octava en su heat de los 100 metros","datePublished":"2025-09-13T21:09:14+00:00","dateModified":"2025-09-13T21:09:15+00:00","mainEntityOfPage":{"@id":"https:\/\/diarioellabrador.cl\/index.php\/2025\/09\/13\/maria-ignacia-montt-marca-debut-chile-en-mundial-de-atletismo-fue-octava-en-su-heat-de-los-100-metros\/"},"wordCount":138,"commentCount":0,"publisher":{"@id":"https:\/\/diarioellabrador.cl\/#organization"},"image":{"@id":"https:\/\/diarioellabrador.cl\/index.php\/2025\/09\/13\/maria-ignacia-montt-marca-debut-chile-en-mundial-de-atletismo-fue-octava-en-su-heat-de-los-100-metros\/#primaryimage"},"thumbnailUrl":"https:\/\/diarioellabrador.cl\/wp-content\/uploads\/2025\/09\/Maria-Ignacia-Montt-marca-debut-Chile-en-Mundial-de-Atletismo-fue-octava-en-su-heat-de-los-100-metros.jpg","articleSection":["Deportes"],"inLanguage":"es","potentialAction":[{"@type":"CommentAction","name":"Comment","target":["https:\/\/diarioellabrador.cl\/index.php\/2025\/09\/13\/maria-ignacia-montt-marca-debut-chile-en-mundial-de-atletismo-fue-octava-en-su-heat-de-los-100-metros\/#respond"]}]},{"@type":"WebPage","@id":"https:\/\/diarioellabrador.cl\/index.php\/2025\/09\/13\/maria-ignacia-montt-marca-debut-chile-en-mundial-de-atletismo-fue-octava-en-su-heat-de-los-100-metros\/","url":"https:\/\/diarioellabrador.cl\/index.php\/2025\/09\/13\/maria-ignacia-montt-marca-debut-chile-en-mundial-de-atletismo-fue-octava-en-su-heat-de-los-100-metros\/","name":"Mar\u00eda Ignacia Montt marca debut Chile en Mundial de Atletismo: fue octava en su heat de los 100 metros - Diario El Labrador","isPartOf":{"@id":"https:\/\/diarioellabrador.cl\/#website"},"primaryImageOfPage":{"@id":"https:\/\/diarioellabrador.cl\/index.php\/2025\/09\/13\/maria-ignacia-montt-marca-debut-chile-en-mundial-de-atletismo-fue-octava-en-su-heat-de-los-100-metros\/#primaryimage"},"image":{"@id":"https:\/\/diarioellabrador.cl\/index.php\/2025\/09\/13\/maria-ignacia-montt-marca-debut-chile-en-mundial-de-atletismo-fue-octava-en-su-heat-de-los-100-metros\/#primaryimage"},"thumbnailUrl":"https:\/\/diarioellabrador.cl\/wp-content\/uploads\/2025\/09\/Maria-Ignacia-Montt-marca-debut-Chile-en-Mundial-de-Atletismo-fue-octava-en-su-heat-de-los-100-metros.jpg","datePublished":"2025-09-13T21:09:14+00:00","dateModified":"2025-09-13T21:09:15+00:00","breadcrumb":{"@id":"https:\/\/diarioellabrador.cl\/index.php\/2025\/09\/13\/maria-ignacia-montt-marca-debut-chile-en-mundial-de-atletismo-fue-octava-en-su-heat-de-los-100-metros\/#breadcrumb"},"inLanguage":"es","potentialAction":[{"@type":"ReadAction","target":["https:\/\/diarioellabrador.cl\/index.php\/2025\/09\/13\/maria-ignacia-montt-marca-debut-chile-en-mundial-de-atletismo-fue-octava-en-su-heat-de-los-100-metros\/"]}]},{"@type":"ImageObject","inLanguage":"es","@id":"https:\/\/diarioellabrador.cl\/index.php\/2025\/09\/13\/maria-ignacia-montt-marca-debut-chile-en-mundial-de-atletismo-fue-octava-en-su-heat-de-los-100-metros\/#primaryimage","url":"https:\/\/diarioellabrador.cl\/wp-content\/uploads\/2025\/09\/Maria-Ignacia-Montt-marca-debut-Chile-en-Mundial-de-Atletismo-fue-octava-en-su-heat-de-los-100-metros.jpg","contentUrl":"https:\/\/diarioellabrador.cl\/wp-content\/uploads\/2025\/09\/Maria-Ignacia-Montt-marca-debut-Chile-en-Mundial-de-Atletismo-fue-octava-en-su-heat-de-los-100-metros.jpg","width":1638,"height":2048},{"@type":"BreadcrumbList","@id":"https:\/\/diarioellabrador.cl\/index.php\/2025\/09\/13\/maria-ignacia-montt-marca-debut-chile-en-mundial-de-atletismo-fue-octava-en-su-heat-de-los-100-metros\/#breadcrumb","itemListElement":[{"@type":"ListItem","position":1,"name":"Portada","item":"https:\/\/diarioellabrador.cl\/"},{"@type":"ListItem","position":2,"name":"Mar\u00eda Ignacia Montt marca debut Chile en Mundial de Atletismo: fue octava en su heat de los 100 metros"}]},{"@type":"WebSite","@id":"https:\/\/diarioellabrador.cl\/#website","url":"https:\/\/diarioellabrador.cl\/","name":"Diario El Labrador","description":"Haciendo noticia desde 1921","publisher":{"@id":"https:\/\/diarioellabrador.cl\/#organization"},"potentialAction":[{"@type":"SearchAction","target":{"@type":"EntryPoint","urlTemplate":"https:\/\/diarioellabrador.cl\/?s={search_term_string}"},"query-input":{"@type":"PropertyValueSpecification","valueRequired":true,"valueName":"search_term_string"}}],"inLanguage":"es"},{"@type":"Organization","@id":"https:\/\/diarioellabrador.cl\/#organization","name":"Diario El Labrador","url":"https:\/\/diarioellabrador.cl\/","logo":{"@type":"ImageObject","inLanguage":"es","@id":"https:\/\/diarioellabrador.cl\/#\/schema\/logo\/image\/","url":"https:\/\/diarioellabrador.cl\/wp-content\/uploads\/2025\/02\/cropped-Logo-Icono.png","contentUrl":"https:\/\/diarioellabrador.cl\/wp-content\/uploads\/2025\/02\/cropped-Logo-Icono.png","width":512,"height":512,"caption":"Diario El Labrador"},"image":{"@id":"https:\/\/diarioellabrador.cl\/#\/schema\/logo\/image\/"},"sameAs":["https:\/\/web.facebook.com\/profile.php?id=61576120840621","https:\/\/x.com\/ElLabradorOf","https:\/\/www.instagram.com\/diarioellabradoroficial\/"]},{"@type":"Person","@id":"https:\/\/diarioellabrador.cl\/#\/schema\/person\/bc25ff80b4563f9c7f4bd7855df01685","name":"Editor","image":{"@type":"ImageObject","inLanguage":"es","@id":"https:\/\/secure.gravatar.com\/avatar\/109c326cf2be5c04f048c2c2a2b8b6ef44bf3d8d1d3d4c55d0ac40c4bc994684?s=96&d=mm&r=g","url":"https:\/\/secure.gravatar.com\/avatar\/109c326cf2be5c04f048c2c2a2b8b6ef44bf3d8d1d3d4c55d0ac40c4bc994684?s=96&d=mm&r=g","contentUrl":"https:\/\/secure.gravatar.com\/avatar\/109c326cf2be5c04f048c2c2a2b8b6ef44bf3d8d1d3d4c55d0ac40c4bc994684?s=96&d=mm&r=g","caption":"Editor"},"url":"https:\/\/diarioellabrador.cl\/index.php\/author\/editor\/"}]}},"_links":{"self":[{"href":"https:\/\/diarioellabrador.cl\/index.php\/wp-json\/wp\/v2\/posts\/8591","targetHints":{"allow":["GET"]}}],"collection":[{"href":"https:\/\/diarioellabrador.cl\/index.php\/wp-json\/wp\/v2\/posts"}],"about":[{"href":"https:\/\/diarioellabrador.cl\/index.php\/wp-json\/wp\/v2\/types\/post"}],"author":[{"embeddable":true,"href":"https:\/\/diarioellabrador.cl\/index.php\/wp-json\/wp\/v2\/users\/2"}],"replies":[{"embeddable":true,"href":"https:\/\/diarioellabrador.cl\/index.php\/wp-json\/wp\/v2\/comments?post=8591"}],"version-history":[{"count":1,"href":"https:\/\/diarioellabrador.cl\/index.php\/wp-json\/wp\/v2\/posts\/8591\/revisions"}],"predecessor-version":[{"id":8592,"href":"https:\/\/diarioellabrador.cl\/index.php\/wp-json\/wp\/v2\/posts\/8591\/revisions\/8592"}],"wp:featuredmedia":[{"embeddable":true,"href":"https:\/\/diarioellabrador.cl\/index.php\/wp-json\/wp\/v2\/media\/8581"}],"wp:attachment":[{"href":"https:\/\/diarioellabrador.cl\/index.php\/wp-json\/wp\/v2\/media?parent=8591"}],"wp:term":[{"taxonomy":"category","embeddable":true,"href":"https:\/\/diarioellabrador.cl\/index.php\/wp-json\/wp\/v2\/categories?post=8591"},{"taxonomy":"post_tag","embeddable":true,"href":"https:\/\/diarioellabrador.cl\/index.php\/wp-json\/wp\/v2\/tags?post=8591"}],"curies":[{"name":"wp","href":"https:\/\/api.w.org\/{rel}","templated":true}]}}