{"id":8458,"date":"2025-09-09T17:49:18","date_gmt":"2025-09-09T21:49:18","guid":{"rendered":"https:\/\/diarioellabrador.cl\/?p=8458"},"modified":"2025-09-09T17:49:19","modified_gmt":"2025-09-09T21:49:19","slug":"apertura-del-nuevo-hospital-de-melipilla-se-realizara-el-ultimo-trimestre-de-este-ano","status":"publish","type":"post","link":"https:\/\/diarioellabrador.cl\/index.php\/2025\/09\/09\/apertura-del-nuevo-hospital-de-melipilla-se-realizara-el-ultimo-trimestre-de-este-ano\/","title":{"rendered":"Apertura del nuevo hospital de Melipilla se realizar\u00e1 el \u00faltimo trimestre de este a\u00f1o"},"content":{"rendered":"\n<p>La directora del Servicio de Salud Occidente, Dra. Daniella Greibe, junto al director del hospital San Jos\u00e9 de Melipilla, Dr. \u00d3scar Vargas, se reunieron con equipos del Ministerio de Salud del Ministerio de Desarrollo con el objetivo de continuar avanzando en la pronta apertura del nuevo establecimiento.<\/p>\n\n\n\n<p>Las autoridades de Salud Occidente informaron sobre el estado actual de la obra, cuya apertura se realizar\u00e1 el \u00faltimo trimestre de este a\u00f1o.<\/p>\n\n\n\n<p><br>Finalmente, los equipos realizaron un recorrido por el nuevo Hospital, que otorgar\u00e1 cobertura de salud a toda la Provincia de Melipilla, incluyendo las comunas de Alhu\u00e9, San Pedro, Mar\u00eda Pinto y Curacav\u00ed, beneficiando a una poblaci\u00f3n de m\u00e1s de 133 mil personas.<\/p>\n","protected":false},"excerpt":{"rendered":"<p>La directora del Servicio de Salud Occidente, Dra. Daniella Greibe, junto al director del hospital San Jos\u00e9 de Melipilla, Dr. \u00d3scar Vargas, se reunieron con equipos del Ministerio de Salud del Ministerio de Desarrollo con el objetivo de continuar avanzando en la pronta apertura del nuevo establecimiento. Las autoridades de Salud Occidente informaron sobre el<\/p>\n<div class=\"read-more-wrapper\"><a class=\"read-more\" href=\"https:\/\/diarioellabrador.cl\/index.php\/2025\/09\/09\/apertura-del-nuevo-hospital-de-melipilla-se-realizara-el-ultimo-trimestre-de-este-ano\/\" title=\"Leer m\u00e1s\"> <span class=\"button \">Leer m\u00e1s<\/span><\/a><\/div>\n","protected":false},"author":2,"featured_media":8416,"comment_status":"open","ping_status":"open","sticky":false,"template":"","format":"standard","meta":{"footnotes":""},"categories":[1],"tags":[],"class_list":["post-8458","post","type-post","status-publish","format-standard","has-post-thumbnail","hentry","category-cronica"],"yoast_head":"<!-- This site is optimized with the Yoast SEO plugin v27.5 - https:\/\/yoast.com\/product\/yoast-seo-wordpress\/ -->\n<title>Apertura del nuevo hospital de Melipilla se realizar\u00e1 el \u00faltimo trimestre de este a\u00f1o - Diario El Labrador<\/title>\n<meta name=\"robots\" content=\"index, follow, max-snippet:-1, max-image-preview:large, max-video-preview:-1\" \/>\n<link rel=\"canonical\" href=\"https:\/\/diarioellabrador.cl\/index.php\/2025\/09\/09\/apertura-del-nuevo-hospital-de-melipilla-se-realizara-el-ultimo-trimestre-de-este-ano\/\" \/>\n<meta property=\"og:locale\" content=\"es_ES\" \/>\n<meta property=\"og:type\" content=\"article\" \/>\n<meta property=\"og:title\" content=\"Apertura del nuevo hospital de Melipilla se realizar\u00e1 el \u00faltimo trimestre de este a\u00f1o - Diario El Labrador\" \/>\n<meta property=\"og:description\" content=\"La directora del Servicio de Salud Occidente, Dra. Daniella Greibe, junto al director del hospital San Jos\u00e9 de Melipilla, Dr. \u00d3scar Vargas, se reunieron con equipos del Ministerio de Salud del Ministerio de Desarrollo con el objetivo de continuar avanzando en la pronta apertura del nuevo establecimiento. Las autoridades de Salud Occidente informaron sobre el Leer m\u00e1s\" \/>\n<meta property=\"og:url\" content=\"https:\/\/diarioellabrador.cl\/index.php\/2025\/09\/09\/apertura-del-nuevo-hospital-de-melipilla-se-realizara-el-ultimo-trimestre-de-este-ano\/\" \/>\n<meta property=\"og:site_name\" content=\"Diario El Labrador\" \/>\n<meta property=\"article:publisher\" content=\"https:\/\/web.facebook.com\/profile.php?id=61576120840621\" \/>\n<meta property=\"article:published_time\" content=\"2025-09-09T21:49:18+00:00\" \/>\n<meta property=\"article:modified_time\" content=\"2025-09-09T21:49:19+00:00\" \/>\n<meta property=\"og:image\" content=\"https:\/\/diarioellabrador.cl\/wp-content\/uploads\/2025\/09\/Apertura-del-nuevo-hospital-de-Melipilla-se-realizara-el-ultimo-trimestre-de-este-ano.jpeg\" \/>\n\t<meta property=\"og:image:width\" content=\"1440\" \/>\n\t<meta property=\"og:image:height\" content=\"1020\" \/>\n\t<meta property=\"og:image:type\" content=\"image\/jpeg\" \/>\n<meta name=\"author\" content=\"Editor\" \/>\n<meta name=\"twitter:card\" content=\"summary_large_image\" \/>\n<meta name=\"twitter:creator\" content=\"@ElLabradorOf\" \/>\n<meta name=\"twitter:site\" content=\"@ElLabradorOf\" \/>\n<meta name=\"twitter:label1\" content=\"Escrito por\" \/>\n\t<meta name=\"twitter:data1\" content=\"Editor\" \/>\n\t<meta name=\"twitter:label2\" content=\"Tiempo de lectura\" \/>\n\t<meta name=\"twitter:data2\" content=\"1 minuto\" \/>\n<script type=\"application\/ld+json\" class=\"yoast-schema-graph\">{\"@context\":\"https:\\\/\\\/schema.org\",\"@graph\":[{\"@type\":\"Article\",\"@id\":\"https:\\\/\\\/diarioellabrador.cl\\\/index.php\\\/2025\\\/09\\\/09\\\/apertura-del-nuevo-hospital-de-melipilla-se-realizara-el-ultimo-trimestre-de-este-ano\\\/#article\",\"isPartOf\":{\"@id\":\"https:\\\/\\\/diarioellabrador.cl\\\/index.php\\\/2025\\\/09\\\/09\\\/apertura-del-nuevo-hospital-de-melipilla-se-realizara-el-ultimo-trimestre-de-este-ano\\\/\"},\"author\":{\"name\":\"Editor\",\"@id\":\"https:\\\/\\\/diarioellabrador.cl\\\/#\\\/schema\\\/person\\\/bc25ff80b4563f9c7f4bd7855df01685\"},\"headline\":\"Apertura del nuevo hospital de Melipilla se realizar\u00e1 el \u00faltimo trimestre de este a\u00f1o\",\"datePublished\":\"2025-09-09T21:49:18+00:00\",\"dateModified\":\"2025-09-09T21:49:19+00:00\",\"mainEntityOfPage\":{\"@id\":\"https:\\\/\\\/diarioellabrador.cl\\\/index.php\\\/2025\\\/09\\\/09\\\/apertura-del-nuevo-hospital-de-melipilla-se-realizara-el-ultimo-trimestre-de-este-ano\\\/\"},\"wordCount\":130,\"commentCount\":0,\"publisher\":{\"@id\":\"https:\\\/\\\/diarioellabrador.cl\\\/#organization\"},\"image\":{\"@id\":\"https:\\\/\\\/diarioellabrador.cl\\\/index.php\\\/2025\\\/09\\\/09\\\/apertura-del-nuevo-hospital-de-melipilla-se-realizara-el-ultimo-trimestre-de-este-ano\\\/#primaryimage\"},\"thumbnailUrl\":\"https:\\\/\\\/diarioellabrador.cl\\\/wp-content\\\/uploads\\\/2025\\\/09\\\/Apertura-del-nuevo-hospital-de-Melipilla-se-realizara-el-ultimo-trimestre-de-este-ano.jpeg\",\"articleSection\":[\"Cr\u00f3nica\"],\"inLanguage\":\"es\",\"potentialAction\":[{\"@type\":\"CommentAction\",\"name\":\"Comment\",\"target\":[\"https:\\\/\\\/diarioellabrador.cl\\\/index.php\\\/2025\\\/09\\\/09\\\/apertura-del-nuevo-hospital-de-melipilla-se-realizara-el-ultimo-trimestre-de-este-ano\\\/#respond\"]}]},{\"@type\":\"WebPage\",\"@id\":\"https:\\\/\\\/diarioellabrador.cl\\\/index.php\\\/2025\\\/09\\\/09\\\/apertura-del-nuevo-hospital-de-melipilla-se-realizara-el-ultimo-trimestre-de-este-ano\\\/\",\"url\":\"https:\\\/\\\/diarioellabrador.cl\\\/index.php\\\/2025\\\/09\\\/09\\\/apertura-del-nuevo-hospital-de-melipilla-se-realizara-el-ultimo-trimestre-de-este-ano\\\/\",\"name\":\"Apertura del nuevo hospital de Melipilla se realizar\u00e1 el \u00faltimo trimestre de este a\u00f1o - Diario El Labrador\",\"isPartOf\":{\"@id\":\"https:\\\/\\\/diarioellabrador.cl\\\/#website\"},\"primaryImageOfPage\":{\"@id\":\"https:\\\/\\\/diarioellabrador.cl\\\/index.php\\\/2025\\\/09\\\/09\\\/apertura-del-nuevo-hospital-de-melipilla-se-realizara-el-ultimo-trimestre-de-este-ano\\\/#primaryimage\"},\"image\":{\"@id\":\"https:\\\/\\\/diarioellabrador.cl\\\/index.php\\\/2025\\\/09\\\/09\\\/apertura-del-nuevo-hospital-de-melipilla-se-realizara-el-ultimo-trimestre-de-este-ano\\\/#primaryimage\"},\"thumbnailUrl\":\"https:\\\/\\\/diarioellabrador.cl\\\/wp-content\\\/uploads\\\/2025\\\/09\\\/Apertura-del-nuevo-hospital-de-Melipilla-se-realizara-el-ultimo-trimestre-de-este-ano.jpeg\",\"datePublished\":\"2025-09-09T21:49:18+00:00\",\"dateModified\":\"2025-09-09T21:49:19+00:00\",\"breadcrumb\":{\"@id\":\"https:\\\/\\\/diarioellabrador.cl\\\/index.php\\\/2025\\\/09\\\/09\\\/apertura-del-nuevo-hospital-de-melipilla-se-realizara-el-ultimo-trimestre-de-este-ano\\\/#breadcrumb\"},\"inLanguage\":\"es\",\"potentialAction\":[{\"@type\":\"ReadAction\",\"target\":[\"https:\\\/\\\/diarioellabrador.cl\\\/index.php\\\/2025\\\/09\\\/09\\\/apertura-del-nuevo-hospital-de-melipilla-se-realizara-el-ultimo-trimestre-de-este-ano\\\/\"]}]},{\"@type\":\"ImageObject\",\"inLanguage\":\"es\",\"@id\":\"https:\\\/\\\/diarioellabrador.cl\\\/index.php\\\/2025\\\/09\\\/09\\\/apertura-del-nuevo-hospital-de-melipilla-se-realizara-el-ultimo-trimestre-de-este-ano\\\/#primaryimage\",\"url\":\"https:\\\/\\\/diarioellabrador.cl\\\/wp-content\\\/uploads\\\/2025\\\/09\\\/Apertura-del-nuevo-hospital-de-Melipilla-se-realizara-el-ultimo-trimestre-de-este-ano.jpeg\",\"contentUrl\":\"https:\\\/\\\/diarioellabrador.cl\\\/wp-content\\\/uploads\\\/2025\\\/09\\\/Apertura-del-nuevo-hospital-de-Melipilla-se-realizara-el-ultimo-trimestre-de-este-ano.jpeg\",\"width\":1440,\"height\":1020},{\"@type\":\"BreadcrumbList\",\"@id\":\"https:\\\/\\\/diarioellabrador.cl\\\/index.php\\\/2025\\\/09\\\/09\\\/apertura-del-nuevo-hospital-de-melipilla-se-realizara-el-ultimo-trimestre-de-este-ano\\\/#breadcrumb\",\"itemListElement\":[{\"@type\":\"ListItem\",\"position\":1,\"name\":\"Portada\",\"item\":\"https:\\\/\\\/diarioellabrador.cl\\\/\"},{\"@type\":\"ListItem\",\"position\":2,\"name\":\"Apertura del nuevo hospital de Melipilla se realizar\u00e1 el \u00faltimo trimestre de este a\u00f1o\"}]},{\"@type\":\"WebSite\",\"@id\":\"https:\\\/\\\/diarioellabrador.cl\\\/#website\",\"url\":\"https:\\\/\\\/diarioellabrador.cl\\\/\",\"name\":\"Diario El Labrador\",\"description\":\"Haciendo noticia desde 1921\",\"publisher\":{\"@id\":\"https:\\\/\\\/diarioellabrador.cl\\\/#organization\"},\"potentialAction\":[{\"@type\":\"SearchAction\",\"target\":{\"@type\":\"EntryPoint\",\"urlTemplate\":\"https:\\\/\\\/diarioellabrador.cl\\\/?s={search_term_string}\"},\"query-input\":{\"@type\":\"PropertyValueSpecification\",\"valueRequired\":true,\"valueName\":\"search_term_string\"}}],\"inLanguage\":\"es\"},{\"@type\":\"Organization\",\"@id\":\"https:\\\/\\\/diarioellabrador.cl\\\/#organization\",\"name\":\"Diario El Labrador\",\"url\":\"https:\\\/\\\/diarioellabrador.cl\\\/\",\"logo\":{\"@type\":\"ImageObject\",\"inLanguage\":\"es\",\"@id\":\"https:\\\/\\\/diarioellabrador.cl\\\/#\\\/schema\\\/logo\\\/image\\\/\",\"url\":\"https:\\\/\\\/diarioellabrador.cl\\\/wp-content\\\/uploads\\\/2025\\\/02\\\/cropped-Logo-Icono.png\",\"contentUrl\":\"https:\\\/\\\/diarioellabrador.cl\\\/wp-content\\\/uploads\\\/2025\\\/02\\\/cropped-Logo-Icono.png\",\"width\":512,\"height\":512,\"caption\":\"Diario El Labrador\"},\"image\":{\"@id\":\"https:\\\/\\\/diarioellabrador.cl\\\/#\\\/schema\\\/logo\\\/image\\\/\"},\"sameAs\":[\"https:\\\/\\\/web.facebook.com\\\/profile.php?id=61576120840621\",\"https:\\\/\\\/x.com\\\/ElLabradorOf\",\"https:\\\/\\\/www.instagram.com\\\/diarioellabradoroficial\\\/\"]},{\"@type\":\"Person\",\"@id\":\"https:\\\/\\\/diarioellabrador.cl\\\/#\\\/schema\\\/person\\\/bc25ff80b4563f9c7f4bd7855df01685\",\"name\":\"Editor\",\"image\":{\"@type\":\"ImageObject\",\"inLanguage\":\"es\",\"@id\":\"https:\\\/\\\/secure.gravatar.com\\\/avatar\\\/109c326cf2be5c04f048c2c2a2b8b6ef44bf3d8d1d3d4c55d0ac40c4bc994684?s=96&d=mm&r=g\",\"url\":\"https:\\\/\\\/secure.gravatar.com\\\/avatar\\\/109c326cf2be5c04f048c2c2a2b8b6ef44bf3d8d1d3d4c55d0ac40c4bc994684?s=96&d=mm&r=g\",\"contentUrl\":\"https:\\\/\\\/secure.gravatar.com\\\/avatar\\\/109c326cf2be5c04f048c2c2a2b8b6ef44bf3d8d1d3d4c55d0ac40c4bc994684?s=96&d=mm&r=g\",\"caption\":\"Editor\"},\"url\":\"https:\\\/\\\/diarioellabrador.cl\\\/index.php\\\/author\\\/editor\\\/\"}]}<\/script>\n<!-- \/ Yoast SEO plugin. -->","yoast_head_json":{"title":"Apertura del nuevo hospital de Melipilla se realizar\u00e1 el \u00faltimo trimestre de este a\u00f1o - Diario El Labrador","robots":{"index":"index","follow":"follow","max-snippet":"max-snippet:-1","max-image-preview":"max-image-preview:large","max-video-preview":"max-video-preview:-1"},"canonical":"https:\/\/diarioellabrador.cl\/index.php\/2025\/09\/09\/apertura-del-nuevo-hospital-de-melipilla-se-realizara-el-ultimo-trimestre-de-este-ano\/","og_locale":"es_ES","og_type":"article","og_title":"Apertura del nuevo hospital de Melipilla se realizar\u00e1 el \u00faltimo trimestre de este a\u00f1o - Diario El Labrador","og_description":"La directora del Servicio de Salud Occidente, Dra. Daniella Greibe, junto al director del hospital San Jos\u00e9 de Melipilla, Dr. \u00d3scar Vargas, se reunieron con equipos del Ministerio de Salud del Ministerio de Desarrollo con el objetivo de continuar avanzando en la pronta apertura del nuevo establecimiento. Las autoridades de Salud Occidente informaron sobre el Leer m\u00e1s","og_url":"https:\/\/diarioellabrador.cl\/index.php\/2025\/09\/09\/apertura-del-nuevo-hospital-de-melipilla-se-realizara-el-ultimo-trimestre-de-este-ano\/","og_site_name":"Diario El Labrador","article_publisher":"https:\/\/web.facebook.com\/profile.php?id=61576120840621","article_published_time":"2025-09-09T21:49:18+00:00","article_modified_time":"2025-09-09T21:49:19+00:00","og_image":[{"width":1440,"height":1020,"url":"https:\/\/diarioellabrador.cl\/wp-content\/uploads\/2025\/09\/Apertura-del-nuevo-hospital-de-Melipilla-se-realizara-el-ultimo-trimestre-de-este-ano.jpeg","type":"image\/jpeg"}],"author":"Editor","twitter_card":"summary_large_image","twitter_creator":"@ElLabradorOf","twitter_site":"@ElLabradorOf","twitter_misc":{"Escrito por":"Editor","Tiempo de lectura":"1 minuto"},"schema":{"@context":"https:\/\/schema.org","@graph":[{"@type":"Article","@id":"https:\/\/diarioellabrador.cl\/index.php\/2025\/09\/09\/apertura-del-nuevo-hospital-de-melipilla-se-realizara-el-ultimo-trimestre-de-este-ano\/#article","isPartOf":{"@id":"https:\/\/diarioellabrador.cl\/index.php\/2025\/09\/09\/apertura-del-nuevo-hospital-de-melipilla-se-realizara-el-ultimo-trimestre-de-este-ano\/"},"author":{"name":"Editor","@id":"https:\/\/diarioellabrador.cl\/#\/schema\/person\/bc25ff80b4563f9c7f4bd7855df01685"},"headline":"Apertura del nuevo hospital de Melipilla se realizar\u00e1 el \u00faltimo trimestre de este a\u00f1o","datePublished":"2025-09-09T21:49:18+00:00","dateModified":"2025-09-09T21:49:19+00:00","mainEntityOfPage":{"@id":"https:\/\/diarioellabrador.cl\/index.php\/2025\/09\/09\/apertura-del-nuevo-hospital-de-melipilla-se-realizara-el-ultimo-trimestre-de-este-ano\/"},"wordCount":130,"commentCount":0,"publisher":{"@id":"https:\/\/diarioellabrador.cl\/#organization"},"image":{"@id":"https:\/\/diarioellabrador.cl\/index.php\/2025\/09\/09\/apertura-del-nuevo-hospital-de-melipilla-se-realizara-el-ultimo-trimestre-de-este-ano\/#primaryimage"},"thumbnailUrl":"https:\/\/diarioellabrador.cl\/wp-content\/uploads\/2025\/09\/Apertura-del-nuevo-hospital-de-Melipilla-se-realizara-el-ultimo-trimestre-de-este-ano.jpeg","articleSection":["Cr\u00f3nica"],"inLanguage":"es","potentialAction":[{"@type":"CommentAction","name":"Comment","target":["https:\/\/diarioellabrador.cl\/index.php\/2025\/09\/09\/apertura-del-nuevo-hospital-de-melipilla-se-realizara-el-ultimo-trimestre-de-este-ano\/#respond"]}]},{"@type":"WebPage","@id":"https:\/\/diarioellabrador.cl\/index.php\/2025\/09\/09\/apertura-del-nuevo-hospital-de-melipilla-se-realizara-el-ultimo-trimestre-de-este-ano\/","url":"https:\/\/diarioellabrador.cl\/index.php\/2025\/09\/09\/apertura-del-nuevo-hospital-de-melipilla-se-realizara-el-ultimo-trimestre-de-este-ano\/","name":"Apertura del nuevo hospital de Melipilla se realizar\u00e1 el \u00faltimo trimestre de este a\u00f1o - Diario El Labrador","isPartOf":{"@id":"https:\/\/diarioellabrador.cl\/#website"},"primaryImageOfPage":{"@id":"https:\/\/diarioellabrador.cl\/index.php\/2025\/09\/09\/apertura-del-nuevo-hospital-de-melipilla-se-realizara-el-ultimo-trimestre-de-este-ano\/#primaryimage"},"image":{"@id":"https:\/\/diarioellabrador.cl\/index.php\/2025\/09\/09\/apertura-del-nuevo-hospital-de-melipilla-se-realizara-el-ultimo-trimestre-de-este-ano\/#primaryimage"},"thumbnailUrl":"https:\/\/diarioellabrador.cl\/wp-content\/uploads\/2025\/09\/Apertura-del-nuevo-hospital-de-Melipilla-se-realizara-el-ultimo-trimestre-de-este-ano.jpeg","datePublished":"2025-09-09T21:49:18+00:00","dateModified":"2025-09-09T21:49:19+00:00","breadcrumb":{"@id":"https:\/\/diarioellabrador.cl\/index.php\/2025\/09\/09\/apertura-del-nuevo-hospital-de-melipilla-se-realizara-el-ultimo-trimestre-de-este-ano\/#breadcrumb"},"inLanguage":"es","potentialAction":[{"@type":"ReadAction","target":["https:\/\/diarioellabrador.cl\/index.php\/2025\/09\/09\/apertura-del-nuevo-hospital-de-melipilla-se-realizara-el-ultimo-trimestre-de-este-ano\/"]}]},{"@type":"ImageObject","inLanguage":"es","@id":"https:\/\/diarioellabrador.cl\/index.php\/2025\/09\/09\/apertura-del-nuevo-hospital-de-melipilla-se-realizara-el-ultimo-trimestre-de-este-ano\/#primaryimage","url":"https:\/\/diarioellabrador.cl\/wp-content\/uploads\/2025\/09\/Apertura-del-nuevo-hospital-de-Melipilla-se-realizara-el-ultimo-trimestre-de-este-ano.jpeg","contentUrl":"https:\/\/diarioellabrador.cl\/wp-content\/uploads\/2025\/09\/Apertura-del-nuevo-hospital-de-Melipilla-se-realizara-el-ultimo-trimestre-de-este-ano.jpeg","width":1440,"height":1020},{"@type":"BreadcrumbList","@id":"https:\/\/diarioellabrador.cl\/index.php\/2025\/09\/09\/apertura-del-nuevo-hospital-de-melipilla-se-realizara-el-ultimo-trimestre-de-este-ano\/#breadcrumb","itemListElement":[{"@type":"ListItem","position":1,"name":"Portada","item":"https:\/\/diarioellabrador.cl\/"},{"@type":"ListItem","position":2,"name":"Apertura del nuevo hospital de Melipilla se realizar\u00e1 el \u00faltimo trimestre de este a\u00f1o"}]},{"@type":"WebSite","@id":"https:\/\/diarioellabrador.cl\/#website","url":"https:\/\/diarioellabrador.cl\/","name":"Diario El Labrador","description":"Haciendo noticia desde 1921","publisher":{"@id":"https:\/\/diarioellabrador.cl\/#organization"},"potentialAction":[{"@type":"SearchAction","target":{"@type":"EntryPoint","urlTemplate":"https:\/\/diarioellabrador.cl\/?s={search_term_string}"},"query-input":{"@type":"PropertyValueSpecification","valueRequired":true,"valueName":"search_term_string"}}],"inLanguage":"es"},{"@type":"Organization","@id":"https:\/\/diarioellabrador.cl\/#organization","name":"Diario El Labrador","url":"https:\/\/diarioellabrador.cl\/","logo":{"@type":"ImageObject","inLanguage":"es","@id":"https:\/\/diarioellabrador.cl\/#\/schema\/logo\/image\/","url":"https:\/\/diarioellabrador.cl\/wp-content\/uploads\/2025\/02\/cropped-Logo-Icono.png","contentUrl":"https:\/\/diarioellabrador.cl\/wp-content\/uploads\/2025\/02\/cropped-Logo-Icono.png","width":512,"height":512,"caption":"Diario El Labrador"},"image":{"@id":"https:\/\/diarioellabrador.cl\/#\/schema\/logo\/image\/"},"sameAs":["https:\/\/web.facebook.com\/profile.php?id=61576120840621","https:\/\/x.com\/ElLabradorOf","https:\/\/www.instagram.com\/diarioellabradoroficial\/"]},{"@type":"Person","@id":"https:\/\/diarioellabrador.cl\/#\/schema\/person\/bc25ff80b4563f9c7f4bd7855df01685","name":"Editor","image":{"@type":"ImageObject","inLanguage":"es","@id":"https:\/\/secure.gravatar.com\/avatar\/109c326cf2be5c04f048c2c2a2b8b6ef44bf3d8d1d3d4c55d0ac40c4bc994684?s=96&d=mm&r=g","url":"https:\/\/secure.gravatar.com\/avatar\/109c326cf2be5c04f048c2c2a2b8b6ef44bf3d8d1d3d4c55d0ac40c4bc994684?s=96&d=mm&r=g","contentUrl":"https:\/\/secure.gravatar.com\/avatar\/109c326cf2be5c04f048c2c2a2b8b6ef44bf3d8d1d3d4c55d0ac40c4bc994684?s=96&d=mm&r=g","caption":"Editor"},"url":"https:\/\/diarioellabrador.cl\/index.php\/author\/editor\/"}]}},"_links":{"self":[{"href":"https:\/\/diarioellabrador.cl\/index.php\/wp-json\/wp\/v2\/posts\/8458","targetHints":{"allow":["GET"]}}],"collection":[{"href":"https:\/\/diarioellabrador.cl\/index.php\/wp-json\/wp\/v2\/posts"}],"about":[{"href":"https:\/\/diarioellabrador.cl\/index.php\/wp-json\/wp\/v2\/types\/post"}],"author":[{"embeddable":true,"href":"https:\/\/diarioellabrador.cl\/index.php\/wp-json\/wp\/v2\/users\/2"}],"replies":[{"embeddable":true,"href":"https:\/\/diarioellabrador.cl\/index.php\/wp-json\/wp\/v2\/comments?post=8458"}],"version-history":[{"count":1,"href":"https:\/\/diarioellabrador.cl\/index.php\/wp-json\/wp\/v2\/posts\/8458\/revisions"}],"predecessor-version":[{"id":8459,"href":"https:\/\/diarioellabrador.cl\/index.php\/wp-json\/wp\/v2\/posts\/8458\/revisions\/8459"}],"wp:featuredmedia":[{"embeddable":true,"href":"https:\/\/diarioellabrador.cl\/index.php\/wp-json\/wp\/v2\/media\/8416"}],"wp:attachment":[{"href":"https:\/\/diarioellabrador.cl\/index.php\/wp-json\/wp\/v2\/media?parent=8458"}],"wp:term":[{"taxonomy":"category","embeddable":true,"href":"https:\/\/diarioellabrador.cl\/index.php\/wp-json\/wp\/v2\/categories?post=8458"},{"taxonomy":"post_tag","embeddable":true,"href":"https:\/\/diarioellabrador.cl\/index.php\/wp-json\/wp\/v2\/tags?post=8458"}],"curies":[{"name":"wp","href":"https:\/\/api.w.org\/{rel}","templated":true}]}}