{"id":8430,"date":"2025-09-09T17:40:00","date_gmt":"2025-09-09T21:40:00","guid":{"rendered":"https:\/\/diarioellabrador.cl\/?p=8430"},"modified":"2025-09-09T17:40:01","modified_gmt":"2025-09-09T21:40:01","slug":"la-opinion-de-la-delegacion-presente-en-el-freno-de-oro-impresiona-el-carino-por-el-caballo-chileno","status":"publish","type":"post","link":"https:\/\/diarioellabrador.cl\/index.php\/2025\/09\/09\/la-opinion-de-la-delegacion-presente-en-el-freno-de-oro-impresiona-el-carino-por-el-caballo-chileno\/","title":{"rendered":"La opini\u00f3n de la delegaci\u00f3n presente en el Freno de Oro: Impresiona el cari\u00f1o por el caballo chileno"},"content":{"rendered":"\n<p><strong>Autor: <\/strong><a href=\"https:\/\/www.caballoyrodeo.cl\/portal_rodeo\/site\/tax\/port\/all\/taxport____1.html\">Caballoyrodeo.cl<\/a><\/p>\n\n\n\n<p>La delegaci\u00f3n nacional que asisti\u00f3 al <strong>Freno de Oro y Expointer 2025<\/strong> estuvo integrada por dirigentes y criadores, que entregaron su opini\u00f3n sobre el evento y lo realizado por la <strong>Federaci\u00f3n Criadores de Caballos Raza Chilena.<\/strong><\/p>\n\n\n\n<p><strong>Mateo Rodr\u00edguez<\/strong>, secretario general de la instituci\u00f3n, hizo un balance de la visita.<\/p>\n\n\n\n<p>\u00abComo siempre hay varios objetivos, uno de ellos es que m\u00e1s gente conozca lo que se hace ac\u00e1, la importancia del Caballo Chileno en Sudam\u00e9rica y tambi\u00e9n las reuniones que tuvimos con los distintos pa\u00edses de la FICCC, creo que fue una gran oportunidad para nosotros conversar con ellos y estar ad portas de partir con una agenda de trabajo con una mirada hacia el futuro\u00bb, se\u00f1al\u00f3.<\/p>\n\n\n\n<p>\u00abVenimos hace m\u00e1s de tres a\u00f1os trabajando, por lo tanto, ya hab\u00eda bastantes temas conversados antes de esta reuni\u00f3n que fue oficial. El ambiente es bueno, el caballo chileno es muy respetado y tambi\u00e9n los chilenos somos muy queridos ac\u00e1 y a nivel sudamericano\u00bb, agreg\u00f3.<\/p>\n\n\n\n<p>Con respecto al grupo de chilenos y su interacci\u00f3n con criadores locales, apunt\u00f3 que \u00abes muy enriquecedor, saber de sangres chilenas que han llegado ac\u00e1, c\u00f3mo se han desarrollado, la importancia que han tenido, y los que no han venido antes se sorprenden de c\u00f3mo valoran a nuestro caballo\u00bb.<\/p>\n\n\n\n<p>Precisamente, este \u00faltimo aspecto fue valorado por la directora <strong>Carola Luengo<\/strong>, quien viaj\u00f3 junto a su padre, <strong>Francisco Luengo<\/strong>.<\/p>\n\n\n\n<p>\u00abEstamos acompa\u00f1ando y apoyando la labor que hace ac\u00e1 An\u00edbal Torres, como presidente de la Asociaci\u00f3n de Criadores de Caballos Raza Chilena de Brasil y tambi\u00e9n a nuestro presidente y secretario. Es muy interesante la importancia del caballo chileno ac\u00e1, c\u00f3mo lo aprecian, c\u00f3mo lo quieren y tambi\u00e9n es una instancia para ir aprendiendo e intercambiando ideas\u00bb, expres\u00f3.<\/p>\n\n\n\n<p>Tambi\u00e9n lo resalt\u00f3 el director <strong>Alvaro Gatica<\/strong>: \u00abEs tremendo, un evento impresionante. Es primera vez que vengo y me llam\u00f3 mucho la atenci\u00f3n el amor de los brasile\u00f1os al caballo chileno, lo conocen mucho y lo \u00fanico que quieren es traer caballos chilenos para ac\u00e1. Valoramos lo que tienen ellos como evento, c\u00f3mo gozan de las tradiciones, y ojal\u00e1 el d\u00eda de ma\u00f1ana podamos tener algo similar\u00bb.<\/p>\n\n\n\n<p>El director <strong>Rodrigo Mu\u00f1oz<\/strong> coment\u00f3 que \u00abes un evento muy grande, hay mucho movimiento en torno a la feria, hay mucha maquinaria, mucho ganado, nosotros obviamente nos centramos en el caballo y en la competencia del Freno de Oro, con caballos muy buenos, preciosos, y una competencia muy linda, con una infraestructura muy buena. Por ah\u00ed hay que ir buscando, porque las cosas buenas hay que copiarlas\u00bb.<\/p>\n\n\n\n<p>Tambi\u00e9n fue parte de esta delegaci\u00f3n el presidente de la Asociaci\u00f3n de Criadores de Caballos Raza Chilena de Curic\u00f3, <strong>Jes\u00fas Pons<\/strong>, quien hace unos 20 a\u00f1os atr\u00e1s estuvo en el Freno de Oro, junto a grandes criadores y dirigentes como Italo Zunino, Ricardo Walker y C\u00e9sar N\u00fa\u00f1ez, entre otros.<\/p>\n\n\n\n<p>\u00abEsto crece a\u00f1o a a\u00f1o por lo que he podido ver, es un tremendo espect\u00e1culo, est\u00e1 cada d\u00eda m\u00e1s grande. Y en cuanto al trabajo de la Federaci\u00f3n, creo que hubo muy buena disposici\u00f3n, al parecer las cosas est\u00e1n avanzando y hay bastante inter\u00e9s en seguir conversando\u00bb, manifest\u00f3.<\/p>\n\n\n\n<p>El criador <strong>Gustavo P\u00e9rez<\/strong>, del <strong>Criadero La Pretensi\u00f3n<\/strong>, estuvo junto a su hijo <strong>Gustavo<\/strong>, quien dijo que \u00abes una experiencia maravillosa, vine con mi padre, no hab\u00edamos viajado nunca juntos y me trajo ac\u00e1 a conocer esta incre\u00edble feria con el Moni (Pons), que es un gran amigo de la familia y est\u00e1 corriendo los caballos del criadero. Es bueno aprender de los brasile\u00f1os y de este gran evento que tienen aqu\u00ed\u00bb.<\/p>\n","protected":false},"excerpt":{"rendered":"<p>Autor: Caballoyrodeo.cl La delegaci\u00f3n nacional que asisti\u00f3 al Freno de Oro y Expointer 2025 estuvo integrada por dirigentes y criadores, que entregaron su opini\u00f3n sobre el evento y lo realizado por la Federaci\u00f3n Criadores de Caballos Raza Chilena. Mateo Rodr\u00edguez, secretario general de la instituci\u00f3n, hizo un balance de la visita. \u00abComo siempre hay varios<\/p>\n<div class=\"read-more-wrapper\"><a class=\"read-more\" href=\"https:\/\/diarioellabrador.cl\/index.php\/2025\/09\/09\/la-opinion-de-la-delegacion-presente-en-el-freno-de-oro-impresiona-el-carino-por-el-caballo-chileno\/\" title=\"Leer m\u00e1s\"> <span class=\"button \">Leer m\u00e1s<\/span><\/a><\/div>\n","protected":false},"author":2,"featured_media":8419,"comment_status":"open","ping_status":"open","sticky":false,"template":"","format":"standard","meta":{"footnotes":""},"categories":[5],"tags":[],"class_list":["post-8430","post","type-post","status-publish","format-standard","has-post-thumbnail","hentry","category-rodeo"],"yoast_head":"<!-- This site is optimized with the Yoast SEO plugin v27.4 - https:\/\/yoast.com\/product\/yoast-seo-wordpress\/ -->\n<title>La opini\u00f3n de la delegaci\u00f3n presente en el Freno de Oro: Impresiona el cari\u00f1o por el caballo chileno - Diario El Labrador<\/title>\n<meta name=\"robots\" content=\"index, follow, max-snippet:-1, max-image-preview:large, max-video-preview:-1\" \/>\n<link rel=\"canonical\" href=\"https:\/\/diarioellabrador.cl\/index.php\/2025\/09\/09\/la-opinion-de-la-delegacion-presente-en-el-freno-de-oro-impresiona-el-carino-por-el-caballo-chileno\/\" \/>\n<meta property=\"og:locale\" content=\"es_ES\" \/>\n<meta property=\"og:type\" content=\"article\" \/>\n<meta property=\"og:title\" content=\"La opini\u00f3n de la delegaci\u00f3n presente en el Freno de Oro: Impresiona el cari\u00f1o por el caballo chileno - Diario El Labrador\" \/>\n<meta property=\"og:description\" content=\"Autor: Caballoyrodeo.cl La delegaci\u00f3n nacional que asisti\u00f3 al Freno de Oro y Expointer 2025 estuvo integrada por dirigentes y criadores, que entregaron su opini\u00f3n sobre el evento y lo realizado por la Federaci\u00f3n Criadores de Caballos Raza Chilena. Mateo Rodr\u00edguez, secretario general de la instituci\u00f3n, hizo un balance de la visita. \u00abComo siempre hay varios Leer m\u00e1s\" \/>\n<meta property=\"og:url\" content=\"https:\/\/diarioellabrador.cl\/index.php\/2025\/09\/09\/la-opinion-de-la-delegacion-presente-en-el-freno-de-oro-impresiona-el-carino-por-el-caballo-chileno\/\" \/>\n<meta property=\"og:site_name\" content=\"Diario El Labrador\" \/>\n<meta property=\"article:publisher\" content=\"https:\/\/web.facebook.com\/profile.php?id=61576120840621\" \/>\n<meta property=\"article:published_time\" content=\"2025-09-09T21:40:00+00:00\" \/>\n<meta property=\"article:modified_time\" content=\"2025-09-09T21:40:01+00:00\" \/>\n<meta property=\"og:image\" content=\"https:\/\/diarioellabrador.cl\/wp-content\/uploads\/2025\/09\/La-opinion-de-la-delegacion-presente-en-el-Freno-de-Oro-Impresiona-el-carino-por-el-caballo-chileno.jpg\" \/>\n\t<meta property=\"og:image:width\" content=\"750\" \/>\n\t<meta property=\"og:image:height\" content=\"389\" \/>\n\t<meta property=\"og:image:type\" content=\"image\/jpeg\" \/>\n<meta name=\"author\" content=\"Editor\" \/>\n<meta name=\"twitter:card\" content=\"summary_large_image\" \/>\n<meta name=\"twitter:creator\" content=\"@ElLabradorOf\" \/>\n<meta name=\"twitter:site\" content=\"@ElLabradorOf\" \/>\n<meta name=\"twitter:label1\" content=\"Escrito por\" \/>\n\t<meta name=\"twitter:data1\" content=\"Editor\" \/>\n\t<meta name=\"twitter:label2\" content=\"Tiempo de lectura\" \/>\n\t<meta name=\"twitter:data2\" content=\"3 minutos\" \/>\n<script type=\"application\/ld+json\" class=\"yoast-schema-graph\">{\"@context\":\"https:\\\/\\\/schema.org\",\"@graph\":[{\"@type\":\"Article\",\"@id\":\"https:\\\/\\\/diarioellabrador.cl\\\/index.php\\\/2025\\\/09\\\/09\\\/la-opinion-de-la-delegacion-presente-en-el-freno-de-oro-impresiona-el-carino-por-el-caballo-chileno\\\/#article\",\"isPartOf\":{\"@id\":\"https:\\\/\\\/diarioellabrador.cl\\\/index.php\\\/2025\\\/09\\\/09\\\/la-opinion-de-la-delegacion-presente-en-el-freno-de-oro-impresiona-el-carino-por-el-caballo-chileno\\\/\"},\"author\":{\"name\":\"Editor\",\"@id\":\"https:\\\/\\\/diarioellabrador.cl\\\/#\\\/schema\\\/person\\\/bc25ff80b4563f9c7f4bd7855df01685\"},\"headline\":\"La opini\u00f3n de la delegaci\u00f3n presente en el Freno de Oro: Impresiona el cari\u00f1o por el caballo chileno\",\"datePublished\":\"2025-09-09T21:40:00+00:00\",\"dateModified\":\"2025-09-09T21:40:01+00:00\",\"mainEntityOfPage\":{\"@id\":\"https:\\\/\\\/diarioellabrador.cl\\\/index.php\\\/2025\\\/09\\\/09\\\/la-opinion-de-la-delegacion-presente-en-el-freno-de-oro-impresiona-el-carino-por-el-caballo-chileno\\\/\"},\"wordCount\":666,\"commentCount\":0,\"publisher\":{\"@id\":\"https:\\\/\\\/diarioellabrador.cl\\\/#organization\"},\"image\":{\"@id\":\"https:\\\/\\\/diarioellabrador.cl\\\/index.php\\\/2025\\\/09\\\/09\\\/la-opinion-de-la-delegacion-presente-en-el-freno-de-oro-impresiona-el-carino-por-el-caballo-chileno\\\/#primaryimage\"},\"thumbnailUrl\":\"https:\\\/\\\/diarioellabrador.cl\\\/wp-content\\\/uploads\\\/2025\\\/09\\\/La-opinion-de-la-delegacion-presente-en-el-Freno-de-Oro-Impresiona-el-carino-por-el-caballo-chileno.jpg\",\"articleSection\":[\"Rodeo\"],\"inLanguage\":\"es\",\"potentialAction\":[{\"@type\":\"CommentAction\",\"name\":\"Comment\",\"target\":[\"https:\\\/\\\/diarioellabrador.cl\\\/index.php\\\/2025\\\/09\\\/09\\\/la-opinion-de-la-delegacion-presente-en-el-freno-de-oro-impresiona-el-carino-por-el-caballo-chileno\\\/#respond\"]}]},{\"@type\":\"WebPage\",\"@id\":\"https:\\\/\\\/diarioellabrador.cl\\\/index.php\\\/2025\\\/09\\\/09\\\/la-opinion-de-la-delegacion-presente-en-el-freno-de-oro-impresiona-el-carino-por-el-caballo-chileno\\\/\",\"url\":\"https:\\\/\\\/diarioellabrador.cl\\\/index.php\\\/2025\\\/09\\\/09\\\/la-opinion-de-la-delegacion-presente-en-el-freno-de-oro-impresiona-el-carino-por-el-caballo-chileno\\\/\",\"name\":\"La opini\u00f3n de la delegaci\u00f3n presente en el Freno de Oro: Impresiona el cari\u00f1o por el caballo chileno - Diario El Labrador\",\"isPartOf\":{\"@id\":\"https:\\\/\\\/diarioellabrador.cl\\\/#website\"},\"primaryImageOfPage\":{\"@id\":\"https:\\\/\\\/diarioellabrador.cl\\\/index.php\\\/2025\\\/09\\\/09\\\/la-opinion-de-la-delegacion-presente-en-el-freno-de-oro-impresiona-el-carino-por-el-caballo-chileno\\\/#primaryimage\"},\"image\":{\"@id\":\"https:\\\/\\\/diarioellabrador.cl\\\/index.php\\\/2025\\\/09\\\/09\\\/la-opinion-de-la-delegacion-presente-en-el-freno-de-oro-impresiona-el-carino-por-el-caballo-chileno\\\/#primaryimage\"},\"thumbnailUrl\":\"https:\\\/\\\/diarioellabrador.cl\\\/wp-content\\\/uploads\\\/2025\\\/09\\\/La-opinion-de-la-delegacion-presente-en-el-Freno-de-Oro-Impresiona-el-carino-por-el-caballo-chileno.jpg\",\"datePublished\":\"2025-09-09T21:40:00+00:00\",\"dateModified\":\"2025-09-09T21:40:01+00:00\",\"breadcrumb\":{\"@id\":\"https:\\\/\\\/diarioellabrador.cl\\\/index.php\\\/2025\\\/09\\\/09\\\/la-opinion-de-la-delegacion-presente-en-el-freno-de-oro-impresiona-el-carino-por-el-caballo-chileno\\\/#breadcrumb\"},\"inLanguage\":\"es\",\"potentialAction\":[{\"@type\":\"ReadAction\",\"target\":[\"https:\\\/\\\/diarioellabrador.cl\\\/index.php\\\/2025\\\/09\\\/09\\\/la-opinion-de-la-delegacion-presente-en-el-freno-de-oro-impresiona-el-carino-por-el-caballo-chileno\\\/\"]}]},{\"@type\":\"ImageObject\",\"inLanguage\":\"es\",\"@id\":\"https:\\\/\\\/diarioellabrador.cl\\\/index.php\\\/2025\\\/09\\\/09\\\/la-opinion-de-la-delegacion-presente-en-el-freno-de-oro-impresiona-el-carino-por-el-caballo-chileno\\\/#primaryimage\",\"url\":\"https:\\\/\\\/diarioellabrador.cl\\\/wp-content\\\/uploads\\\/2025\\\/09\\\/La-opinion-de-la-delegacion-presente-en-el-Freno-de-Oro-Impresiona-el-carino-por-el-caballo-chileno.jpg\",\"contentUrl\":\"https:\\\/\\\/diarioellabrador.cl\\\/wp-content\\\/uploads\\\/2025\\\/09\\\/La-opinion-de-la-delegacion-presente-en-el-Freno-de-Oro-Impresiona-el-carino-por-el-caballo-chileno.jpg\",\"width\":750,\"height\":389},{\"@type\":\"BreadcrumbList\",\"@id\":\"https:\\\/\\\/diarioellabrador.cl\\\/index.php\\\/2025\\\/09\\\/09\\\/la-opinion-de-la-delegacion-presente-en-el-freno-de-oro-impresiona-el-carino-por-el-caballo-chileno\\\/#breadcrumb\",\"itemListElement\":[{\"@type\":\"ListItem\",\"position\":1,\"name\":\"Portada\",\"item\":\"https:\\\/\\\/diarioellabrador.cl\\\/\"},{\"@type\":\"ListItem\",\"position\":2,\"name\":\"La opini\u00f3n de la delegaci\u00f3n presente en el Freno de Oro: Impresiona el cari\u00f1o por el caballo chileno\"}]},{\"@type\":\"WebSite\",\"@id\":\"https:\\\/\\\/diarioellabrador.cl\\\/#website\",\"url\":\"https:\\\/\\\/diarioellabrador.cl\\\/\",\"name\":\"Diario El Labrador\",\"description\":\"Haciendo noticia desde 1921\",\"publisher\":{\"@id\":\"https:\\\/\\\/diarioellabrador.cl\\\/#organization\"},\"potentialAction\":[{\"@type\":\"SearchAction\",\"target\":{\"@type\":\"EntryPoint\",\"urlTemplate\":\"https:\\\/\\\/diarioellabrador.cl\\\/?s={search_term_string}\"},\"query-input\":{\"@type\":\"PropertyValueSpecification\",\"valueRequired\":true,\"valueName\":\"search_term_string\"}}],\"inLanguage\":\"es\"},{\"@type\":\"Organization\",\"@id\":\"https:\\\/\\\/diarioellabrador.cl\\\/#organization\",\"name\":\"Diario El Labrador\",\"url\":\"https:\\\/\\\/diarioellabrador.cl\\\/\",\"logo\":{\"@type\":\"ImageObject\",\"inLanguage\":\"es\",\"@id\":\"https:\\\/\\\/diarioellabrador.cl\\\/#\\\/schema\\\/logo\\\/image\\\/\",\"url\":\"https:\\\/\\\/diarioellabrador.cl\\\/wp-content\\\/uploads\\\/2025\\\/02\\\/cropped-Logo-Icono.png\",\"contentUrl\":\"https:\\\/\\\/diarioellabrador.cl\\\/wp-content\\\/uploads\\\/2025\\\/02\\\/cropped-Logo-Icono.png\",\"width\":512,\"height\":512,\"caption\":\"Diario El Labrador\"},\"image\":{\"@id\":\"https:\\\/\\\/diarioellabrador.cl\\\/#\\\/schema\\\/logo\\\/image\\\/\"},\"sameAs\":[\"https:\\\/\\\/web.facebook.com\\\/profile.php?id=61576120840621\",\"https:\\\/\\\/x.com\\\/ElLabradorOf\",\"https:\\\/\\\/www.instagram.com\\\/diarioellabradoroficial\\\/\"]},{\"@type\":\"Person\",\"@id\":\"https:\\\/\\\/diarioellabrador.cl\\\/#\\\/schema\\\/person\\\/bc25ff80b4563f9c7f4bd7855df01685\",\"name\":\"Editor\",\"image\":{\"@type\":\"ImageObject\",\"inLanguage\":\"es\",\"@id\":\"https:\\\/\\\/secure.gravatar.com\\\/avatar\\\/109c326cf2be5c04f048c2c2a2b8b6ef44bf3d8d1d3d4c55d0ac40c4bc994684?s=96&d=mm&r=g\",\"url\":\"https:\\\/\\\/secure.gravatar.com\\\/avatar\\\/109c326cf2be5c04f048c2c2a2b8b6ef44bf3d8d1d3d4c55d0ac40c4bc994684?s=96&d=mm&r=g\",\"contentUrl\":\"https:\\\/\\\/secure.gravatar.com\\\/avatar\\\/109c326cf2be5c04f048c2c2a2b8b6ef44bf3d8d1d3d4c55d0ac40c4bc994684?s=96&d=mm&r=g\",\"caption\":\"Editor\"},\"url\":\"https:\\\/\\\/diarioellabrador.cl\\\/index.php\\\/author\\\/editor\\\/\"}]}<\/script>\n<!-- \/ Yoast SEO plugin. -->","yoast_head_json":{"title":"La opini\u00f3n de la delegaci\u00f3n presente en el Freno de Oro: Impresiona el cari\u00f1o por el caballo chileno - Diario El Labrador","robots":{"index":"index","follow":"follow","max-snippet":"max-snippet:-1","max-image-preview":"max-image-preview:large","max-video-preview":"max-video-preview:-1"},"canonical":"https:\/\/diarioellabrador.cl\/index.php\/2025\/09\/09\/la-opinion-de-la-delegacion-presente-en-el-freno-de-oro-impresiona-el-carino-por-el-caballo-chileno\/","og_locale":"es_ES","og_type":"article","og_title":"La opini\u00f3n de la delegaci\u00f3n presente en el Freno de Oro: Impresiona el cari\u00f1o por el caballo chileno - Diario El Labrador","og_description":"Autor: Caballoyrodeo.cl La delegaci\u00f3n nacional que asisti\u00f3 al Freno de Oro y Expointer 2025 estuvo integrada por dirigentes y criadores, que entregaron su opini\u00f3n sobre el evento y lo realizado por la Federaci\u00f3n Criadores de Caballos Raza Chilena. Mateo Rodr\u00edguez, secretario general de la instituci\u00f3n, hizo un balance de la visita. \u00abComo siempre hay varios Leer m\u00e1s","og_url":"https:\/\/diarioellabrador.cl\/index.php\/2025\/09\/09\/la-opinion-de-la-delegacion-presente-en-el-freno-de-oro-impresiona-el-carino-por-el-caballo-chileno\/","og_site_name":"Diario El Labrador","article_publisher":"https:\/\/web.facebook.com\/profile.php?id=61576120840621","article_published_time":"2025-09-09T21:40:00+00:00","article_modified_time":"2025-09-09T21:40:01+00:00","og_image":[{"width":750,"height":389,"url":"https:\/\/diarioellabrador.cl\/wp-content\/uploads\/2025\/09\/La-opinion-de-la-delegacion-presente-en-el-Freno-de-Oro-Impresiona-el-carino-por-el-caballo-chileno.jpg","type":"image\/jpeg"}],"author":"Editor","twitter_card":"summary_large_image","twitter_creator":"@ElLabradorOf","twitter_site":"@ElLabradorOf","twitter_misc":{"Escrito por":"Editor","Tiempo de lectura":"3 minutos"},"schema":{"@context":"https:\/\/schema.org","@graph":[{"@type":"Article","@id":"https:\/\/diarioellabrador.cl\/index.php\/2025\/09\/09\/la-opinion-de-la-delegacion-presente-en-el-freno-de-oro-impresiona-el-carino-por-el-caballo-chileno\/#article","isPartOf":{"@id":"https:\/\/diarioellabrador.cl\/index.php\/2025\/09\/09\/la-opinion-de-la-delegacion-presente-en-el-freno-de-oro-impresiona-el-carino-por-el-caballo-chileno\/"},"author":{"name":"Editor","@id":"https:\/\/diarioellabrador.cl\/#\/schema\/person\/bc25ff80b4563f9c7f4bd7855df01685"},"headline":"La opini\u00f3n de la delegaci\u00f3n presente en el Freno de Oro: Impresiona el cari\u00f1o por el caballo chileno","datePublished":"2025-09-09T21:40:00+00:00","dateModified":"2025-09-09T21:40:01+00:00","mainEntityOfPage":{"@id":"https:\/\/diarioellabrador.cl\/index.php\/2025\/09\/09\/la-opinion-de-la-delegacion-presente-en-el-freno-de-oro-impresiona-el-carino-por-el-caballo-chileno\/"},"wordCount":666,"commentCount":0,"publisher":{"@id":"https:\/\/diarioellabrador.cl\/#organization"},"image":{"@id":"https:\/\/diarioellabrador.cl\/index.php\/2025\/09\/09\/la-opinion-de-la-delegacion-presente-en-el-freno-de-oro-impresiona-el-carino-por-el-caballo-chileno\/#primaryimage"},"thumbnailUrl":"https:\/\/diarioellabrador.cl\/wp-content\/uploads\/2025\/09\/La-opinion-de-la-delegacion-presente-en-el-Freno-de-Oro-Impresiona-el-carino-por-el-caballo-chileno.jpg","articleSection":["Rodeo"],"inLanguage":"es","potentialAction":[{"@type":"CommentAction","name":"Comment","target":["https:\/\/diarioellabrador.cl\/index.php\/2025\/09\/09\/la-opinion-de-la-delegacion-presente-en-el-freno-de-oro-impresiona-el-carino-por-el-caballo-chileno\/#respond"]}]},{"@type":"WebPage","@id":"https:\/\/diarioellabrador.cl\/index.php\/2025\/09\/09\/la-opinion-de-la-delegacion-presente-en-el-freno-de-oro-impresiona-el-carino-por-el-caballo-chileno\/","url":"https:\/\/diarioellabrador.cl\/index.php\/2025\/09\/09\/la-opinion-de-la-delegacion-presente-en-el-freno-de-oro-impresiona-el-carino-por-el-caballo-chileno\/","name":"La opini\u00f3n de la delegaci\u00f3n presente en el Freno de Oro: Impresiona el cari\u00f1o por el caballo chileno - Diario El Labrador","isPartOf":{"@id":"https:\/\/diarioellabrador.cl\/#website"},"primaryImageOfPage":{"@id":"https:\/\/diarioellabrador.cl\/index.php\/2025\/09\/09\/la-opinion-de-la-delegacion-presente-en-el-freno-de-oro-impresiona-el-carino-por-el-caballo-chileno\/#primaryimage"},"image":{"@id":"https:\/\/diarioellabrador.cl\/index.php\/2025\/09\/09\/la-opinion-de-la-delegacion-presente-en-el-freno-de-oro-impresiona-el-carino-por-el-caballo-chileno\/#primaryimage"},"thumbnailUrl":"https:\/\/diarioellabrador.cl\/wp-content\/uploads\/2025\/09\/La-opinion-de-la-delegacion-presente-en-el-Freno-de-Oro-Impresiona-el-carino-por-el-caballo-chileno.jpg","datePublished":"2025-09-09T21:40:00+00:00","dateModified":"2025-09-09T21:40:01+00:00","breadcrumb":{"@id":"https:\/\/diarioellabrador.cl\/index.php\/2025\/09\/09\/la-opinion-de-la-delegacion-presente-en-el-freno-de-oro-impresiona-el-carino-por-el-caballo-chileno\/#breadcrumb"},"inLanguage":"es","potentialAction":[{"@type":"ReadAction","target":["https:\/\/diarioellabrador.cl\/index.php\/2025\/09\/09\/la-opinion-de-la-delegacion-presente-en-el-freno-de-oro-impresiona-el-carino-por-el-caballo-chileno\/"]}]},{"@type":"ImageObject","inLanguage":"es","@id":"https:\/\/diarioellabrador.cl\/index.php\/2025\/09\/09\/la-opinion-de-la-delegacion-presente-en-el-freno-de-oro-impresiona-el-carino-por-el-caballo-chileno\/#primaryimage","url":"https:\/\/diarioellabrador.cl\/wp-content\/uploads\/2025\/09\/La-opinion-de-la-delegacion-presente-en-el-Freno-de-Oro-Impresiona-el-carino-por-el-caballo-chileno.jpg","contentUrl":"https:\/\/diarioellabrador.cl\/wp-content\/uploads\/2025\/09\/La-opinion-de-la-delegacion-presente-en-el-Freno-de-Oro-Impresiona-el-carino-por-el-caballo-chileno.jpg","width":750,"height":389},{"@type":"BreadcrumbList","@id":"https:\/\/diarioellabrador.cl\/index.php\/2025\/09\/09\/la-opinion-de-la-delegacion-presente-en-el-freno-de-oro-impresiona-el-carino-por-el-caballo-chileno\/#breadcrumb","itemListElement":[{"@type":"ListItem","position":1,"name":"Portada","item":"https:\/\/diarioellabrador.cl\/"},{"@type":"ListItem","position":2,"name":"La opini\u00f3n de la delegaci\u00f3n presente en el Freno de Oro: Impresiona el cari\u00f1o por el caballo chileno"}]},{"@type":"WebSite","@id":"https:\/\/diarioellabrador.cl\/#website","url":"https:\/\/diarioellabrador.cl\/","name":"Diario El Labrador","description":"Haciendo noticia desde 1921","publisher":{"@id":"https:\/\/diarioellabrador.cl\/#organization"},"potentialAction":[{"@type":"SearchAction","target":{"@type":"EntryPoint","urlTemplate":"https:\/\/diarioellabrador.cl\/?s={search_term_string}"},"query-input":{"@type":"PropertyValueSpecification","valueRequired":true,"valueName":"search_term_string"}}],"inLanguage":"es"},{"@type":"Organization","@id":"https:\/\/diarioellabrador.cl\/#organization","name":"Diario El Labrador","url":"https:\/\/diarioellabrador.cl\/","logo":{"@type":"ImageObject","inLanguage":"es","@id":"https:\/\/diarioellabrador.cl\/#\/schema\/logo\/image\/","url":"https:\/\/diarioellabrador.cl\/wp-content\/uploads\/2025\/02\/cropped-Logo-Icono.png","contentUrl":"https:\/\/diarioellabrador.cl\/wp-content\/uploads\/2025\/02\/cropped-Logo-Icono.png","width":512,"height":512,"caption":"Diario El Labrador"},"image":{"@id":"https:\/\/diarioellabrador.cl\/#\/schema\/logo\/image\/"},"sameAs":["https:\/\/web.facebook.com\/profile.php?id=61576120840621","https:\/\/x.com\/ElLabradorOf","https:\/\/www.instagram.com\/diarioellabradoroficial\/"]},{"@type":"Person","@id":"https:\/\/diarioellabrador.cl\/#\/schema\/person\/bc25ff80b4563f9c7f4bd7855df01685","name":"Editor","image":{"@type":"ImageObject","inLanguage":"es","@id":"https:\/\/secure.gravatar.com\/avatar\/109c326cf2be5c04f048c2c2a2b8b6ef44bf3d8d1d3d4c55d0ac40c4bc994684?s=96&d=mm&r=g","url":"https:\/\/secure.gravatar.com\/avatar\/109c326cf2be5c04f048c2c2a2b8b6ef44bf3d8d1d3d4c55d0ac40c4bc994684?s=96&d=mm&r=g","contentUrl":"https:\/\/secure.gravatar.com\/avatar\/109c326cf2be5c04f048c2c2a2b8b6ef44bf3d8d1d3d4c55d0ac40c4bc994684?s=96&d=mm&r=g","caption":"Editor"},"url":"https:\/\/diarioellabrador.cl\/index.php\/author\/editor\/"}]}},"_links":{"self":[{"href":"https:\/\/diarioellabrador.cl\/index.php\/wp-json\/wp\/v2\/posts\/8430","targetHints":{"allow":["GET"]}}],"collection":[{"href":"https:\/\/diarioellabrador.cl\/index.php\/wp-json\/wp\/v2\/posts"}],"about":[{"href":"https:\/\/diarioellabrador.cl\/index.php\/wp-json\/wp\/v2\/types\/post"}],"author":[{"embeddable":true,"href":"https:\/\/diarioellabrador.cl\/index.php\/wp-json\/wp\/v2\/users\/2"}],"replies":[{"embeddable":true,"href":"https:\/\/diarioellabrador.cl\/index.php\/wp-json\/wp\/v2\/comments?post=8430"}],"version-history":[{"count":1,"href":"https:\/\/diarioellabrador.cl\/index.php\/wp-json\/wp\/v2\/posts\/8430\/revisions"}],"predecessor-version":[{"id":8431,"href":"https:\/\/diarioellabrador.cl\/index.php\/wp-json\/wp\/v2\/posts\/8430\/revisions\/8431"}],"wp:featuredmedia":[{"embeddable":true,"href":"https:\/\/diarioellabrador.cl\/index.php\/wp-json\/wp\/v2\/media\/8419"}],"wp:attachment":[{"href":"https:\/\/diarioellabrador.cl\/index.php\/wp-json\/wp\/v2\/media?parent=8430"}],"wp:term":[{"taxonomy":"category","embeddable":true,"href":"https:\/\/diarioellabrador.cl\/index.php\/wp-json\/wp\/v2\/categories?post=8430"},{"taxonomy":"post_tag","embeddable":true,"href":"https:\/\/diarioellabrador.cl\/index.php\/wp-json\/wp\/v2\/tags?post=8430"}],"curies":[{"name":"wp","href":"https:\/\/api.w.org\/{rel}","templated":true}]}}