{"id":8428,"date":"2025-09-09T17:39:27","date_gmt":"2025-09-09T21:39:27","guid":{"rendered":"https:\/\/diarioellabrador.cl\/?p=8428"},"modified":"2025-09-09T17:39:29","modified_gmt":"2025-09-09T21:39:29","slug":"alexis-sanchez-repasa-con-ironia-a-lamine-yamal-durante-presentacion-oficial-en-el-sevilla-fc","status":"publish","type":"post","link":"https:\/\/diarioellabrador.cl\/index.php\/2025\/09\/09\/alexis-sanchez-repasa-con-ironia-a-lamine-yamal-durante-presentacion-oficial-en-el-sevilla-fc\/","title":{"rendered":"Alexis S\u00e1nchez repasa con iron\u00eda a Lamine Yamal durante presentaci\u00f3n oficial en el Sevilla FC"},"content":{"rendered":"\n<p>El <strong>Sevilla FC<\/strong> present\u00f3 oficialmente este martes al delantero chileno <strong>Alexis S\u00e1nchez<\/strong>, quien vuelve a LaLiga con la ilusi\u00f3n intacta y con una versi\u00f3n m\u00e1s experimentada de s\u00ed mismo.<\/p>\n\n\n\n<p>En su primera conferencia de prensa, el nuevo \u201910\u2019 blanquirrojo abord\u00f3 diversos temas, desde su llegada al club andaluz hasta su reacci\u00f3n ante un curioso comentario de la \u2018joya\u2019 del FC Barcelona.<\/p>\n\n\n\n<p>Uno de los momentos m\u00e1s llamativos de la jornada se produjo cuando le preguntaron por las declaraciones de <strong>Lamine Yamal<\/strong>, quien confes\u00f3 que le gusta el \u00faltimo d\u00eda del mercado de fichajes porque \u201c<strong>suelen darse movimientos raros, como el de Alexis al Sevilla<\/strong>\u201d.<\/p>\n\n\n\n<p>Fiel a su estilo, el \u2018Ni\u00f1o Maravilla\u2019 respondi\u00f3 con iron\u00eda y una sonrisa: \u201c\u00bfSabe que soy bueno para el f\u00fatbol, no?\u201d.<\/p>\n\n\n\n<p>Sin tom\u00e1rselo a mal, el goleador hist\u00f3rico de La Roja interpret\u00f3 las palabras de Yamal como <strong>un reconocimiento impl\u00edcito a su trayectoria<\/strong>.<\/p>\n\n\n\n<p>\u201c<strong>Creo que lo dijo porque jugu\u00e9 en el Barcelona, pero me pone contento lo que dijo. Me encanta enfrentar a equipos grandes y a jugadores fuertes<\/strong>\u201d, asever\u00f3.<\/p>\n\n\n\n<h2 class=\"wp-block-heading\">Un nuevo cap\u00edtulo en Europa con madurez y liderazgo<\/h2>\n\n\n\n<p>El regreso de Alexis a Espa\u00f1a no es el de un jugador m\u00e1s. Llega con una mochila cargada de experiencia y el objetivo de ser referente, tanto dentro como fuera del campo. As\u00ed lo dej\u00f3 claro durante su intervenci\u00f3n.<\/p>\n\n\n\n<p>\u201cSevilla se encontrar\u00e1 con un Alexis <strong>m\u00e1s maduro<\/strong>, que decide los tiempos. Cuando estaba en el Barcelona corr\u00eda de aqu\u00ed para all\u00e1, no entend\u00eda tanto el f\u00fatbol, pero ten\u00eda otros jugadores, otro ambiente. Ahora estoy m\u00e1s maduro y <strong>esa madurez quiero que se refleje en los m\u00e1s j\u00f3venes del plantel<\/strong>\u201d, expres\u00f3.<\/p>\n\n\n\n<p>Convencido de que puede seguir rindiendo al m\u00e1s alto nivel, el tocopillano de 36 a\u00f1os enfatiz\u00f3 su compromiso con la preparaci\u00f3n f\u00edsica.<\/p>\n\n\n\n<p>\u201cMe estoy preparando bastante bien <strong>para estar como un chico de 20 a\u00f1os f\u00edsicamente<\/strong>, esa es mi mentalidad. La edad es un n\u00famero y tengo que demostrarlo\u201d, apunt\u00f3.<\/p>\n\n\n\n<p>En un ambiente marcado por su incorporaci\u00f3n al eterno rival del Betis, Alexis tambi\u00e9n fue consultado por su compatriota <strong>Manuel Pellegrini<\/strong>, entrenador del conjunto verdiblanco.<\/p>\n\n\n\n<p>\u201c<strong>Pellegrini es un se\u00f1or del f\u00fatbol. Tuve la oportunidad de hablar con \u00e9l cuando fue a un entrenamiento de la selecci\u00f3n chilena. Tiene todo mi respeto<\/strong>\u201d, se\u00f1al\u00f3.<\/p>\n\n\n\n<p>Por \u00faltimo, el ex Udinese tambi\u00e9n tuvo palabras para quienes cuestionan su rendimiento f\u00edsico debido a la edad. El chileno remarc\u00f3 que la experiencia puede ser una ventaja en el alto rendimiento.<\/p>\n\n\n\n<p>\u201cCada vez que pasa el tiempo, m\u00e1s f\u00e1cil veo el f\u00fatbol. Para m\u00ed, la edad no es un problema. La experiencia y el profesionalismo te pueden hacer llegar muy lejos. Hay jugadores que tienen cierta edad y corren m\u00e1s que un chico de 20 a\u00f1os\u201d, cerr\u00f3.<\/p>\n","protected":false},"excerpt":{"rendered":"<p>El Sevilla FC present\u00f3 oficialmente este martes al delantero chileno Alexis S\u00e1nchez, quien vuelve a LaLiga con la ilusi\u00f3n intacta y con una versi\u00f3n m\u00e1s experimentada de s\u00ed mismo. En su primera conferencia de prensa, el nuevo \u201910\u2019 blanquirrojo abord\u00f3 diversos temas, desde su llegada al club andaluz hasta su reacci\u00f3n ante un curioso comentario<\/p>\n<div class=\"read-more-wrapper\"><a class=\"read-more\" href=\"https:\/\/diarioellabrador.cl\/index.php\/2025\/09\/09\/alexis-sanchez-repasa-con-ironia-a-lamine-yamal-durante-presentacion-oficial-en-el-sevilla-fc\/\" title=\"Leer m\u00e1s\"> <span class=\"button \">Leer m\u00e1s<\/span><\/a><\/div>\n","protected":false},"author":2,"featured_media":8420,"comment_status":"open","ping_status":"open","sticky":false,"template":"","format":"standard","meta":{"footnotes":""},"categories":[4],"tags":[],"class_list":["post-8428","post","type-post","status-publish","format-standard","has-post-thumbnail","hentry","category-deportes"],"yoast_head":"<!-- This site is optimized with the Yoast SEO plugin v27.4 - https:\/\/yoast.com\/product\/yoast-seo-wordpress\/ -->\n<title>Alexis S\u00e1nchez repasa con iron\u00eda a Lamine Yamal durante presentaci\u00f3n oficial en el Sevilla FC - Diario El Labrador<\/title>\n<meta name=\"robots\" content=\"index, follow, max-snippet:-1, max-image-preview:large, max-video-preview:-1\" \/>\n<link rel=\"canonical\" href=\"https:\/\/diarioellabrador.cl\/index.php\/2025\/09\/09\/alexis-sanchez-repasa-con-ironia-a-lamine-yamal-durante-presentacion-oficial-en-el-sevilla-fc\/\" \/>\n<meta property=\"og:locale\" content=\"es_ES\" \/>\n<meta property=\"og:type\" content=\"article\" \/>\n<meta property=\"og:title\" content=\"Alexis S\u00e1nchez repasa con iron\u00eda a Lamine Yamal durante presentaci\u00f3n oficial en el Sevilla FC - Diario El Labrador\" \/>\n<meta property=\"og:description\" content=\"El Sevilla FC present\u00f3 oficialmente este martes al delantero chileno Alexis S\u00e1nchez, quien vuelve a LaLiga con la ilusi\u00f3n intacta y con una versi\u00f3n m\u00e1s experimentada de s\u00ed mismo. En su primera conferencia de prensa, el nuevo \u201910\u2019 blanquirrojo abord\u00f3 diversos temas, desde su llegada al club andaluz hasta su reacci\u00f3n ante un curioso comentario Leer m\u00e1s\" \/>\n<meta property=\"og:url\" content=\"https:\/\/diarioellabrador.cl\/index.php\/2025\/09\/09\/alexis-sanchez-repasa-con-ironia-a-lamine-yamal-durante-presentacion-oficial-en-el-sevilla-fc\/\" \/>\n<meta property=\"og:site_name\" content=\"Diario El Labrador\" \/>\n<meta property=\"article:publisher\" content=\"https:\/\/web.facebook.com\/profile.php?id=61576120840621\" \/>\n<meta property=\"article:published_time\" content=\"2025-09-09T21:39:27+00:00\" \/>\n<meta property=\"article:modified_time\" content=\"2025-09-09T21:39:29+00:00\" \/>\n<meta property=\"og:image\" content=\"https:\/\/diarioellabrador.cl\/wp-content\/uploads\/2025\/09\/Alexis-Sanchez-repasa-con-ironia-a-Lamine-Yamal-durante-presentacion-oficial-en-el-Sevilla-FC.jpg\" \/>\n\t<meta property=\"og:image:width\" content=\"1200\" \/>\n\t<meta property=\"og:image:height\" content=\"675\" \/>\n\t<meta property=\"og:image:type\" content=\"image\/jpeg\" \/>\n<meta name=\"author\" content=\"Editor\" \/>\n<meta name=\"twitter:card\" content=\"summary_large_image\" \/>\n<meta name=\"twitter:creator\" content=\"@ElLabradorOf\" \/>\n<meta name=\"twitter:site\" content=\"@ElLabradorOf\" \/>\n<meta name=\"twitter:label1\" content=\"Escrito por\" \/>\n\t<meta name=\"twitter:data1\" content=\"Editor\" \/>\n\t<meta name=\"twitter:label2\" content=\"Tiempo de lectura\" \/>\n\t<meta name=\"twitter:data2\" content=\"3 minutos\" \/>\n<script type=\"application\/ld+json\" class=\"yoast-schema-graph\">{\"@context\":\"https:\\\/\\\/schema.org\",\"@graph\":[{\"@type\":\"Article\",\"@id\":\"https:\\\/\\\/diarioellabrador.cl\\\/index.php\\\/2025\\\/09\\\/09\\\/alexis-sanchez-repasa-con-ironia-a-lamine-yamal-durante-presentacion-oficial-en-el-sevilla-fc\\\/#article\",\"isPartOf\":{\"@id\":\"https:\\\/\\\/diarioellabrador.cl\\\/index.php\\\/2025\\\/09\\\/09\\\/alexis-sanchez-repasa-con-ironia-a-lamine-yamal-durante-presentacion-oficial-en-el-sevilla-fc\\\/\"},\"author\":{\"name\":\"Editor\",\"@id\":\"https:\\\/\\\/diarioellabrador.cl\\\/#\\\/schema\\\/person\\\/bc25ff80b4563f9c7f4bd7855df01685\"},\"headline\":\"Alexis S\u00e1nchez repasa con iron\u00eda a Lamine Yamal durante presentaci\u00f3n oficial en el Sevilla FC\",\"datePublished\":\"2025-09-09T21:39:27+00:00\",\"dateModified\":\"2025-09-09T21:39:29+00:00\",\"mainEntityOfPage\":{\"@id\":\"https:\\\/\\\/diarioellabrador.cl\\\/index.php\\\/2025\\\/09\\\/09\\\/alexis-sanchez-repasa-con-ironia-a-lamine-yamal-durante-presentacion-oficial-en-el-sevilla-fc\\\/\"},\"wordCount\":512,\"commentCount\":0,\"publisher\":{\"@id\":\"https:\\\/\\\/diarioellabrador.cl\\\/#organization\"},\"image\":{\"@id\":\"https:\\\/\\\/diarioellabrador.cl\\\/index.php\\\/2025\\\/09\\\/09\\\/alexis-sanchez-repasa-con-ironia-a-lamine-yamal-durante-presentacion-oficial-en-el-sevilla-fc\\\/#primaryimage\"},\"thumbnailUrl\":\"https:\\\/\\\/diarioellabrador.cl\\\/wp-content\\\/uploads\\\/2025\\\/09\\\/Alexis-Sanchez-repasa-con-ironia-a-Lamine-Yamal-durante-presentacion-oficial-en-el-Sevilla-FC.jpg\",\"articleSection\":[\"Deportes\"],\"inLanguage\":\"es\",\"potentialAction\":[{\"@type\":\"CommentAction\",\"name\":\"Comment\",\"target\":[\"https:\\\/\\\/diarioellabrador.cl\\\/index.php\\\/2025\\\/09\\\/09\\\/alexis-sanchez-repasa-con-ironia-a-lamine-yamal-durante-presentacion-oficial-en-el-sevilla-fc\\\/#respond\"]}]},{\"@type\":\"WebPage\",\"@id\":\"https:\\\/\\\/diarioellabrador.cl\\\/index.php\\\/2025\\\/09\\\/09\\\/alexis-sanchez-repasa-con-ironia-a-lamine-yamal-durante-presentacion-oficial-en-el-sevilla-fc\\\/\",\"url\":\"https:\\\/\\\/diarioellabrador.cl\\\/index.php\\\/2025\\\/09\\\/09\\\/alexis-sanchez-repasa-con-ironia-a-lamine-yamal-durante-presentacion-oficial-en-el-sevilla-fc\\\/\",\"name\":\"Alexis S\u00e1nchez repasa con iron\u00eda a Lamine Yamal durante presentaci\u00f3n oficial en el Sevilla FC - Diario El Labrador\",\"isPartOf\":{\"@id\":\"https:\\\/\\\/diarioellabrador.cl\\\/#website\"},\"primaryImageOfPage\":{\"@id\":\"https:\\\/\\\/diarioellabrador.cl\\\/index.php\\\/2025\\\/09\\\/09\\\/alexis-sanchez-repasa-con-ironia-a-lamine-yamal-durante-presentacion-oficial-en-el-sevilla-fc\\\/#primaryimage\"},\"image\":{\"@id\":\"https:\\\/\\\/diarioellabrador.cl\\\/index.php\\\/2025\\\/09\\\/09\\\/alexis-sanchez-repasa-con-ironia-a-lamine-yamal-durante-presentacion-oficial-en-el-sevilla-fc\\\/#primaryimage\"},\"thumbnailUrl\":\"https:\\\/\\\/diarioellabrador.cl\\\/wp-content\\\/uploads\\\/2025\\\/09\\\/Alexis-Sanchez-repasa-con-ironia-a-Lamine-Yamal-durante-presentacion-oficial-en-el-Sevilla-FC.jpg\",\"datePublished\":\"2025-09-09T21:39:27+00:00\",\"dateModified\":\"2025-09-09T21:39:29+00:00\",\"breadcrumb\":{\"@id\":\"https:\\\/\\\/diarioellabrador.cl\\\/index.php\\\/2025\\\/09\\\/09\\\/alexis-sanchez-repasa-con-ironia-a-lamine-yamal-durante-presentacion-oficial-en-el-sevilla-fc\\\/#breadcrumb\"},\"inLanguage\":\"es\",\"potentialAction\":[{\"@type\":\"ReadAction\",\"target\":[\"https:\\\/\\\/diarioellabrador.cl\\\/index.php\\\/2025\\\/09\\\/09\\\/alexis-sanchez-repasa-con-ironia-a-lamine-yamal-durante-presentacion-oficial-en-el-sevilla-fc\\\/\"]}]},{\"@type\":\"ImageObject\",\"inLanguage\":\"es\",\"@id\":\"https:\\\/\\\/diarioellabrador.cl\\\/index.php\\\/2025\\\/09\\\/09\\\/alexis-sanchez-repasa-con-ironia-a-lamine-yamal-durante-presentacion-oficial-en-el-sevilla-fc\\\/#primaryimage\",\"url\":\"https:\\\/\\\/diarioellabrador.cl\\\/wp-content\\\/uploads\\\/2025\\\/09\\\/Alexis-Sanchez-repasa-con-ironia-a-Lamine-Yamal-durante-presentacion-oficial-en-el-Sevilla-FC.jpg\",\"contentUrl\":\"https:\\\/\\\/diarioellabrador.cl\\\/wp-content\\\/uploads\\\/2025\\\/09\\\/Alexis-Sanchez-repasa-con-ironia-a-Lamine-Yamal-durante-presentacion-oficial-en-el-Sevilla-FC.jpg\",\"width\":1200,\"height\":675},{\"@type\":\"BreadcrumbList\",\"@id\":\"https:\\\/\\\/diarioellabrador.cl\\\/index.php\\\/2025\\\/09\\\/09\\\/alexis-sanchez-repasa-con-ironia-a-lamine-yamal-durante-presentacion-oficial-en-el-sevilla-fc\\\/#breadcrumb\",\"itemListElement\":[{\"@type\":\"ListItem\",\"position\":1,\"name\":\"Portada\",\"item\":\"https:\\\/\\\/diarioellabrador.cl\\\/\"},{\"@type\":\"ListItem\",\"position\":2,\"name\":\"Alexis S\u00e1nchez repasa con iron\u00eda a Lamine Yamal durante presentaci\u00f3n oficial en el Sevilla FC\"}]},{\"@type\":\"WebSite\",\"@id\":\"https:\\\/\\\/diarioellabrador.cl\\\/#website\",\"url\":\"https:\\\/\\\/diarioellabrador.cl\\\/\",\"name\":\"Diario El Labrador\",\"description\":\"Haciendo noticia desde 1921\",\"publisher\":{\"@id\":\"https:\\\/\\\/diarioellabrador.cl\\\/#organization\"},\"potentialAction\":[{\"@type\":\"SearchAction\",\"target\":{\"@type\":\"EntryPoint\",\"urlTemplate\":\"https:\\\/\\\/diarioellabrador.cl\\\/?s={search_term_string}\"},\"query-input\":{\"@type\":\"PropertyValueSpecification\",\"valueRequired\":true,\"valueName\":\"search_term_string\"}}],\"inLanguage\":\"es\"},{\"@type\":\"Organization\",\"@id\":\"https:\\\/\\\/diarioellabrador.cl\\\/#organization\",\"name\":\"Diario El Labrador\",\"url\":\"https:\\\/\\\/diarioellabrador.cl\\\/\",\"logo\":{\"@type\":\"ImageObject\",\"inLanguage\":\"es\",\"@id\":\"https:\\\/\\\/diarioellabrador.cl\\\/#\\\/schema\\\/logo\\\/image\\\/\",\"url\":\"https:\\\/\\\/diarioellabrador.cl\\\/wp-content\\\/uploads\\\/2025\\\/02\\\/cropped-Logo-Icono.png\",\"contentUrl\":\"https:\\\/\\\/diarioellabrador.cl\\\/wp-content\\\/uploads\\\/2025\\\/02\\\/cropped-Logo-Icono.png\",\"width\":512,\"height\":512,\"caption\":\"Diario El Labrador\"},\"image\":{\"@id\":\"https:\\\/\\\/diarioellabrador.cl\\\/#\\\/schema\\\/logo\\\/image\\\/\"},\"sameAs\":[\"https:\\\/\\\/web.facebook.com\\\/profile.php?id=61576120840621\",\"https:\\\/\\\/x.com\\\/ElLabradorOf\",\"https:\\\/\\\/www.instagram.com\\\/diarioellabradoroficial\\\/\"]},{\"@type\":\"Person\",\"@id\":\"https:\\\/\\\/diarioellabrador.cl\\\/#\\\/schema\\\/person\\\/bc25ff80b4563f9c7f4bd7855df01685\",\"name\":\"Editor\",\"image\":{\"@type\":\"ImageObject\",\"inLanguage\":\"es\",\"@id\":\"https:\\\/\\\/secure.gravatar.com\\\/avatar\\\/109c326cf2be5c04f048c2c2a2b8b6ef44bf3d8d1d3d4c55d0ac40c4bc994684?s=96&d=mm&r=g\",\"url\":\"https:\\\/\\\/secure.gravatar.com\\\/avatar\\\/109c326cf2be5c04f048c2c2a2b8b6ef44bf3d8d1d3d4c55d0ac40c4bc994684?s=96&d=mm&r=g\",\"contentUrl\":\"https:\\\/\\\/secure.gravatar.com\\\/avatar\\\/109c326cf2be5c04f048c2c2a2b8b6ef44bf3d8d1d3d4c55d0ac40c4bc994684?s=96&d=mm&r=g\",\"caption\":\"Editor\"},\"url\":\"https:\\\/\\\/diarioellabrador.cl\\\/index.php\\\/author\\\/editor\\\/\"}]}<\/script>\n<!-- \/ Yoast SEO plugin. -->","yoast_head_json":{"title":"Alexis S\u00e1nchez repasa con iron\u00eda a Lamine Yamal durante presentaci\u00f3n oficial en el Sevilla FC - Diario El Labrador","robots":{"index":"index","follow":"follow","max-snippet":"max-snippet:-1","max-image-preview":"max-image-preview:large","max-video-preview":"max-video-preview:-1"},"canonical":"https:\/\/diarioellabrador.cl\/index.php\/2025\/09\/09\/alexis-sanchez-repasa-con-ironia-a-lamine-yamal-durante-presentacion-oficial-en-el-sevilla-fc\/","og_locale":"es_ES","og_type":"article","og_title":"Alexis S\u00e1nchez repasa con iron\u00eda a Lamine Yamal durante presentaci\u00f3n oficial en el Sevilla FC - Diario El Labrador","og_description":"El Sevilla FC present\u00f3 oficialmente este martes al delantero chileno Alexis S\u00e1nchez, quien vuelve a LaLiga con la ilusi\u00f3n intacta y con una versi\u00f3n m\u00e1s experimentada de s\u00ed mismo. En su primera conferencia de prensa, el nuevo \u201910\u2019 blanquirrojo abord\u00f3 diversos temas, desde su llegada al club andaluz hasta su reacci\u00f3n ante un curioso comentario Leer m\u00e1s","og_url":"https:\/\/diarioellabrador.cl\/index.php\/2025\/09\/09\/alexis-sanchez-repasa-con-ironia-a-lamine-yamal-durante-presentacion-oficial-en-el-sevilla-fc\/","og_site_name":"Diario El Labrador","article_publisher":"https:\/\/web.facebook.com\/profile.php?id=61576120840621","article_published_time":"2025-09-09T21:39:27+00:00","article_modified_time":"2025-09-09T21:39:29+00:00","og_image":[{"width":1200,"height":675,"url":"https:\/\/diarioellabrador.cl\/wp-content\/uploads\/2025\/09\/Alexis-Sanchez-repasa-con-ironia-a-Lamine-Yamal-durante-presentacion-oficial-en-el-Sevilla-FC.jpg","type":"image\/jpeg"}],"author":"Editor","twitter_card":"summary_large_image","twitter_creator":"@ElLabradorOf","twitter_site":"@ElLabradorOf","twitter_misc":{"Escrito por":"Editor","Tiempo de lectura":"3 minutos"},"schema":{"@context":"https:\/\/schema.org","@graph":[{"@type":"Article","@id":"https:\/\/diarioellabrador.cl\/index.php\/2025\/09\/09\/alexis-sanchez-repasa-con-ironia-a-lamine-yamal-durante-presentacion-oficial-en-el-sevilla-fc\/#article","isPartOf":{"@id":"https:\/\/diarioellabrador.cl\/index.php\/2025\/09\/09\/alexis-sanchez-repasa-con-ironia-a-lamine-yamal-durante-presentacion-oficial-en-el-sevilla-fc\/"},"author":{"name":"Editor","@id":"https:\/\/diarioellabrador.cl\/#\/schema\/person\/bc25ff80b4563f9c7f4bd7855df01685"},"headline":"Alexis S\u00e1nchez repasa con iron\u00eda a Lamine Yamal durante presentaci\u00f3n oficial en el Sevilla FC","datePublished":"2025-09-09T21:39:27+00:00","dateModified":"2025-09-09T21:39:29+00:00","mainEntityOfPage":{"@id":"https:\/\/diarioellabrador.cl\/index.php\/2025\/09\/09\/alexis-sanchez-repasa-con-ironia-a-lamine-yamal-durante-presentacion-oficial-en-el-sevilla-fc\/"},"wordCount":512,"commentCount":0,"publisher":{"@id":"https:\/\/diarioellabrador.cl\/#organization"},"image":{"@id":"https:\/\/diarioellabrador.cl\/index.php\/2025\/09\/09\/alexis-sanchez-repasa-con-ironia-a-lamine-yamal-durante-presentacion-oficial-en-el-sevilla-fc\/#primaryimage"},"thumbnailUrl":"https:\/\/diarioellabrador.cl\/wp-content\/uploads\/2025\/09\/Alexis-Sanchez-repasa-con-ironia-a-Lamine-Yamal-durante-presentacion-oficial-en-el-Sevilla-FC.jpg","articleSection":["Deportes"],"inLanguage":"es","potentialAction":[{"@type":"CommentAction","name":"Comment","target":["https:\/\/diarioellabrador.cl\/index.php\/2025\/09\/09\/alexis-sanchez-repasa-con-ironia-a-lamine-yamal-durante-presentacion-oficial-en-el-sevilla-fc\/#respond"]}]},{"@type":"WebPage","@id":"https:\/\/diarioellabrador.cl\/index.php\/2025\/09\/09\/alexis-sanchez-repasa-con-ironia-a-lamine-yamal-durante-presentacion-oficial-en-el-sevilla-fc\/","url":"https:\/\/diarioellabrador.cl\/index.php\/2025\/09\/09\/alexis-sanchez-repasa-con-ironia-a-lamine-yamal-durante-presentacion-oficial-en-el-sevilla-fc\/","name":"Alexis S\u00e1nchez repasa con iron\u00eda a Lamine Yamal durante presentaci\u00f3n oficial en el Sevilla FC - Diario El Labrador","isPartOf":{"@id":"https:\/\/diarioellabrador.cl\/#website"},"primaryImageOfPage":{"@id":"https:\/\/diarioellabrador.cl\/index.php\/2025\/09\/09\/alexis-sanchez-repasa-con-ironia-a-lamine-yamal-durante-presentacion-oficial-en-el-sevilla-fc\/#primaryimage"},"image":{"@id":"https:\/\/diarioellabrador.cl\/index.php\/2025\/09\/09\/alexis-sanchez-repasa-con-ironia-a-lamine-yamal-durante-presentacion-oficial-en-el-sevilla-fc\/#primaryimage"},"thumbnailUrl":"https:\/\/diarioellabrador.cl\/wp-content\/uploads\/2025\/09\/Alexis-Sanchez-repasa-con-ironia-a-Lamine-Yamal-durante-presentacion-oficial-en-el-Sevilla-FC.jpg","datePublished":"2025-09-09T21:39:27+00:00","dateModified":"2025-09-09T21:39:29+00:00","breadcrumb":{"@id":"https:\/\/diarioellabrador.cl\/index.php\/2025\/09\/09\/alexis-sanchez-repasa-con-ironia-a-lamine-yamal-durante-presentacion-oficial-en-el-sevilla-fc\/#breadcrumb"},"inLanguage":"es","potentialAction":[{"@type":"ReadAction","target":["https:\/\/diarioellabrador.cl\/index.php\/2025\/09\/09\/alexis-sanchez-repasa-con-ironia-a-lamine-yamal-durante-presentacion-oficial-en-el-sevilla-fc\/"]}]},{"@type":"ImageObject","inLanguage":"es","@id":"https:\/\/diarioellabrador.cl\/index.php\/2025\/09\/09\/alexis-sanchez-repasa-con-ironia-a-lamine-yamal-durante-presentacion-oficial-en-el-sevilla-fc\/#primaryimage","url":"https:\/\/diarioellabrador.cl\/wp-content\/uploads\/2025\/09\/Alexis-Sanchez-repasa-con-ironia-a-Lamine-Yamal-durante-presentacion-oficial-en-el-Sevilla-FC.jpg","contentUrl":"https:\/\/diarioellabrador.cl\/wp-content\/uploads\/2025\/09\/Alexis-Sanchez-repasa-con-ironia-a-Lamine-Yamal-durante-presentacion-oficial-en-el-Sevilla-FC.jpg","width":1200,"height":675},{"@type":"BreadcrumbList","@id":"https:\/\/diarioellabrador.cl\/index.php\/2025\/09\/09\/alexis-sanchez-repasa-con-ironia-a-lamine-yamal-durante-presentacion-oficial-en-el-sevilla-fc\/#breadcrumb","itemListElement":[{"@type":"ListItem","position":1,"name":"Portada","item":"https:\/\/diarioellabrador.cl\/"},{"@type":"ListItem","position":2,"name":"Alexis S\u00e1nchez repasa con iron\u00eda a Lamine Yamal durante presentaci\u00f3n oficial en el Sevilla FC"}]},{"@type":"WebSite","@id":"https:\/\/diarioellabrador.cl\/#website","url":"https:\/\/diarioellabrador.cl\/","name":"Diario El Labrador","description":"Haciendo noticia desde 1921","publisher":{"@id":"https:\/\/diarioellabrador.cl\/#organization"},"potentialAction":[{"@type":"SearchAction","target":{"@type":"EntryPoint","urlTemplate":"https:\/\/diarioellabrador.cl\/?s={search_term_string}"},"query-input":{"@type":"PropertyValueSpecification","valueRequired":true,"valueName":"search_term_string"}}],"inLanguage":"es"},{"@type":"Organization","@id":"https:\/\/diarioellabrador.cl\/#organization","name":"Diario El Labrador","url":"https:\/\/diarioellabrador.cl\/","logo":{"@type":"ImageObject","inLanguage":"es","@id":"https:\/\/diarioellabrador.cl\/#\/schema\/logo\/image\/","url":"https:\/\/diarioellabrador.cl\/wp-content\/uploads\/2025\/02\/cropped-Logo-Icono.png","contentUrl":"https:\/\/diarioellabrador.cl\/wp-content\/uploads\/2025\/02\/cropped-Logo-Icono.png","width":512,"height":512,"caption":"Diario El Labrador"},"image":{"@id":"https:\/\/diarioellabrador.cl\/#\/schema\/logo\/image\/"},"sameAs":["https:\/\/web.facebook.com\/profile.php?id=61576120840621","https:\/\/x.com\/ElLabradorOf","https:\/\/www.instagram.com\/diarioellabradoroficial\/"]},{"@type":"Person","@id":"https:\/\/diarioellabrador.cl\/#\/schema\/person\/bc25ff80b4563f9c7f4bd7855df01685","name":"Editor","image":{"@type":"ImageObject","inLanguage":"es","@id":"https:\/\/secure.gravatar.com\/avatar\/109c326cf2be5c04f048c2c2a2b8b6ef44bf3d8d1d3d4c55d0ac40c4bc994684?s=96&d=mm&r=g","url":"https:\/\/secure.gravatar.com\/avatar\/109c326cf2be5c04f048c2c2a2b8b6ef44bf3d8d1d3d4c55d0ac40c4bc994684?s=96&d=mm&r=g","contentUrl":"https:\/\/secure.gravatar.com\/avatar\/109c326cf2be5c04f048c2c2a2b8b6ef44bf3d8d1d3d4c55d0ac40c4bc994684?s=96&d=mm&r=g","caption":"Editor"},"url":"https:\/\/diarioellabrador.cl\/index.php\/author\/editor\/"}]}},"_links":{"self":[{"href":"https:\/\/diarioellabrador.cl\/index.php\/wp-json\/wp\/v2\/posts\/8428","targetHints":{"allow":["GET"]}}],"collection":[{"href":"https:\/\/diarioellabrador.cl\/index.php\/wp-json\/wp\/v2\/posts"}],"about":[{"href":"https:\/\/diarioellabrador.cl\/index.php\/wp-json\/wp\/v2\/types\/post"}],"author":[{"embeddable":true,"href":"https:\/\/diarioellabrador.cl\/index.php\/wp-json\/wp\/v2\/users\/2"}],"replies":[{"embeddable":true,"href":"https:\/\/diarioellabrador.cl\/index.php\/wp-json\/wp\/v2\/comments?post=8428"}],"version-history":[{"count":1,"href":"https:\/\/diarioellabrador.cl\/index.php\/wp-json\/wp\/v2\/posts\/8428\/revisions"}],"predecessor-version":[{"id":8429,"href":"https:\/\/diarioellabrador.cl\/index.php\/wp-json\/wp\/v2\/posts\/8428\/revisions\/8429"}],"wp:featuredmedia":[{"embeddable":true,"href":"https:\/\/diarioellabrador.cl\/index.php\/wp-json\/wp\/v2\/media\/8420"}],"wp:attachment":[{"href":"https:\/\/diarioellabrador.cl\/index.php\/wp-json\/wp\/v2\/media?parent=8428"}],"wp:term":[{"taxonomy":"category","embeddable":true,"href":"https:\/\/diarioellabrador.cl\/index.php\/wp-json\/wp\/v2\/categories?post=8428"},{"taxonomy":"post_tag","embeddable":true,"href":"https:\/\/diarioellabrador.cl\/index.php\/wp-json\/wp\/v2\/tags?post=8428"}],"curies":[{"name":"wp","href":"https:\/\/api.w.org\/{rel}","templated":true}]}}