{"id":8278,"date":"2025-09-06T16:47:21","date_gmt":"2025-09-06T20:47:21","guid":{"rendered":"https:\/\/diarioellabrador.cl\/?p=8278"},"modified":"2025-09-06T16:47:22","modified_gmt":"2025-09-06T20:47:22","slug":"deportes-melipilla-busca-apoyo-para-asegurar-su-continuidad-en-el-futbol-profesional","status":"publish","type":"post","link":"https:\/\/diarioellabrador.cl\/index.php\/2025\/09\/06\/deportes-melipilla-busca-apoyo-para-asegurar-su-continuidad-en-el-futbol-profesional\/","title":{"rendered":"Deportes Melipilla busca apoyo para asegurar su continuidad en el f\u00fatbol profesional"},"content":{"rendered":"\n<p>Tras la resoluci\u00f3n desfavorable del TAS y en medio de una compleja situaci\u00f3n econ\u00f3mica, Deportes Melipilla reafirm\u00f3 su compromiso con la comunidad y extendi\u00f3 un llamado a hinchas y empresarios locales para sostener la instituci\u00f3n y proyectar su futuro en el f\u00fatbol profesional.<\/p>\n\n\n\n<p>Deportes Melipilla vive d\u00edas clave en lo institucional. El club reconoci\u00f3 que atraviesa un <strong>serio riesgo de continuidad por problemas econ\u00f3micos<\/strong>, situaci\u00f3n que se suma a los cambios en la direcci\u00f3n t\u00e9cnica y a la reciente resoluci\u00f3n en contra emitida por el Tribunal de Arbitraje Deportivo (TAS).<\/p>\n\n\n\n<p>Frente a este escenario, la actual administraci\u00f3n manifest\u00f3 su disposici\u00f3n a <strong>facilitar una transici\u00f3n ordenada<\/strong> en la conducci\u00f3n del club, entregando la administraci\u00f3n y propiedad a quienes tengan la capacidad y la visi\u00f3n para proyectar el futuro de la instituci\u00f3n con profesionalismo y optimismo.<\/p>\n\n\n\n<p>En ese sentido, se extendi\u00f3 una <strong>invitaci\u00f3n a personas con liderazgo y vocaci\u00f3n de servicio<\/strong>, as\u00ed como a los empresarios de Melipilla, a integrarse y aportar activamente para sostener al club, recalcando que <strong>cada apoyo es vital para su continuidad<\/strong>.<\/p>\n\n\n\n<p>El comunicado tambi\u00e9n destac\u00f3 la actualidad deportiva: el primer equipo suma <strong>ocho triunfos consecutivos<\/strong>, mientras que la categor\u00eda <strong>Sub-20 se mantiene invicta y puntera en su grupo<\/strong>, demostrando el esfuerzo y compromiso de jugadoras, jugadores y cuerpo t\u00e9cnico.<\/p>\n\n\n\n<p>Finalmente, la instituci\u00f3n reafirm\u00f3 su convicci\u00f3n de que, con el apoyo de la comunidad, <strong>Melipilla seguir\u00e1 luchando por llevar su nombre a lo m\u00e1s alto<\/strong> y construir un club m\u00e1s fuerte de cara al futuro.<\/p>\n","protected":false},"excerpt":{"rendered":"<p>Tras la resoluci\u00f3n desfavorable del TAS y en medio de una compleja situaci\u00f3n econ\u00f3mica, Deportes Melipilla reafirm\u00f3 su compromiso con la comunidad y extendi\u00f3 un llamado a hinchas y empresarios locales para sostener la instituci\u00f3n y proyectar su futuro en el f\u00fatbol profesional. Deportes Melipilla vive d\u00edas clave en lo institucional. El club reconoci\u00f3 que<\/p>\n<div class=\"read-more-wrapper\"><a class=\"read-more\" href=\"https:\/\/diarioellabrador.cl\/index.php\/2025\/09\/06\/deportes-melipilla-busca-apoyo-para-asegurar-su-continuidad-en-el-futbol-profesional\/\" title=\"Leer m\u00e1s\"> <span class=\"button \">Leer m\u00e1s<\/span><\/a><\/div>\n","protected":false},"author":2,"featured_media":8247,"comment_status":"open","ping_status":"open","sticky":false,"template":"","format":"standard","meta":{"footnotes":""},"categories":[4,14],"tags":[],"class_list":["post-8278","post","type-post","status-publish","format-standard","has-post-thumbnail","hentry","category-deportes","category-destacados"],"yoast_head":"<!-- This site is optimized with the Yoast SEO plugin v27.5 - https:\/\/yoast.com\/product\/yoast-seo-wordpress\/ -->\n<title>Deportes Melipilla busca apoyo para asegurar su continuidad en el f\u00fatbol profesional - Diario El Labrador<\/title>\n<meta name=\"robots\" content=\"index, follow, max-snippet:-1, max-image-preview:large, max-video-preview:-1\" \/>\n<link rel=\"canonical\" href=\"https:\/\/diarioellabrador.cl\/index.php\/2025\/09\/06\/deportes-melipilla-busca-apoyo-para-asegurar-su-continuidad-en-el-futbol-profesional\/\" \/>\n<meta property=\"og:locale\" content=\"es_ES\" \/>\n<meta property=\"og:type\" content=\"article\" \/>\n<meta property=\"og:title\" content=\"Deportes Melipilla busca apoyo para asegurar su continuidad en el f\u00fatbol profesional - Diario El Labrador\" \/>\n<meta property=\"og:description\" content=\"Tras la resoluci\u00f3n desfavorable del TAS y en medio de una compleja situaci\u00f3n econ\u00f3mica, Deportes Melipilla reafirm\u00f3 su compromiso con la comunidad y extendi\u00f3 un llamado a hinchas y empresarios locales para sostener la instituci\u00f3n y proyectar su futuro en el f\u00fatbol profesional. Deportes Melipilla vive d\u00edas clave en lo institucional. El club reconoci\u00f3 que Leer m\u00e1s\" \/>\n<meta property=\"og:url\" content=\"https:\/\/diarioellabrador.cl\/index.php\/2025\/09\/06\/deportes-melipilla-busca-apoyo-para-asegurar-su-continuidad-en-el-futbol-profesional\/\" \/>\n<meta property=\"og:site_name\" content=\"Diario El Labrador\" \/>\n<meta property=\"article:publisher\" content=\"https:\/\/web.facebook.com\/profile.php?id=61576120840621\" \/>\n<meta property=\"article:published_time\" content=\"2025-09-06T20:47:21+00:00\" \/>\n<meta property=\"article:modified_time\" content=\"2025-09-06T20:47:22+00:00\" \/>\n<meta property=\"og:image\" content=\"https:\/\/diarioellabrador.cl\/wp-content\/uploads\/2025\/09\/Deportes-Melipilla-busca-apoyo-para-asegurar-su-continuidad-en-el-futbol-profesional.jpg\" \/>\n\t<meta property=\"og:image:width\" content=\"1440\" \/>\n\t<meta property=\"og:image:height\" content=\"1246\" \/>\n\t<meta property=\"og:image:type\" content=\"image\/jpeg\" \/>\n<meta name=\"author\" content=\"Editor\" \/>\n<meta name=\"twitter:card\" content=\"summary_large_image\" \/>\n<meta name=\"twitter:creator\" content=\"@ElLabradorOf\" \/>\n<meta name=\"twitter:site\" content=\"@ElLabradorOf\" \/>\n<meta name=\"twitter:label1\" content=\"Escrito por\" \/>\n\t<meta name=\"twitter:data1\" content=\"Editor\" \/>\n\t<meta name=\"twitter:label2\" content=\"Tiempo de lectura\" \/>\n\t<meta name=\"twitter:data2\" content=\"2 minutos\" \/>\n<script type=\"application\/ld+json\" class=\"yoast-schema-graph\">{\"@context\":\"https:\\\/\\\/schema.org\",\"@graph\":[{\"@type\":\"Article\",\"@id\":\"https:\\\/\\\/diarioellabrador.cl\\\/index.php\\\/2025\\\/09\\\/06\\\/deportes-melipilla-busca-apoyo-para-asegurar-su-continuidad-en-el-futbol-profesional\\\/#article\",\"isPartOf\":{\"@id\":\"https:\\\/\\\/diarioellabrador.cl\\\/index.php\\\/2025\\\/09\\\/06\\\/deportes-melipilla-busca-apoyo-para-asegurar-su-continuidad-en-el-futbol-profesional\\\/\"},\"author\":{\"name\":\"Editor\",\"@id\":\"https:\\\/\\\/diarioellabrador.cl\\\/#\\\/schema\\\/person\\\/bc25ff80b4563f9c7f4bd7855df01685\"},\"headline\":\"Deportes Melipilla busca apoyo para asegurar su continuidad en el f\u00fatbol profesional\",\"datePublished\":\"2025-09-06T20:47:21+00:00\",\"dateModified\":\"2025-09-06T20:47:22+00:00\",\"mainEntityOfPage\":{\"@id\":\"https:\\\/\\\/diarioellabrador.cl\\\/index.php\\\/2025\\\/09\\\/06\\\/deportes-melipilla-busca-apoyo-para-asegurar-su-continuidad-en-el-futbol-profesional\\\/\"},\"wordCount\":287,\"commentCount\":0,\"publisher\":{\"@id\":\"https:\\\/\\\/diarioellabrador.cl\\\/#organization\"},\"image\":{\"@id\":\"https:\\\/\\\/diarioellabrador.cl\\\/index.php\\\/2025\\\/09\\\/06\\\/deportes-melipilla-busca-apoyo-para-asegurar-su-continuidad-en-el-futbol-profesional\\\/#primaryimage\"},\"thumbnailUrl\":\"https:\\\/\\\/diarioellabrador.cl\\\/wp-content\\\/uploads\\\/2025\\\/09\\\/Deportes-Melipilla-busca-apoyo-para-asegurar-su-continuidad-en-el-futbol-profesional.jpg\",\"articleSection\":[\"Deportes\",\"Destacados\"],\"inLanguage\":\"es\",\"potentialAction\":[{\"@type\":\"CommentAction\",\"name\":\"Comment\",\"target\":[\"https:\\\/\\\/diarioellabrador.cl\\\/index.php\\\/2025\\\/09\\\/06\\\/deportes-melipilla-busca-apoyo-para-asegurar-su-continuidad-en-el-futbol-profesional\\\/#respond\"]}]},{\"@type\":\"WebPage\",\"@id\":\"https:\\\/\\\/diarioellabrador.cl\\\/index.php\\\/2025\\\/09\\\/06\\\/deportes-melipilla-busca-apoyo-para-asegurar-su-continuidad-en-el-futbol-profesional\\\/\",\"url\":\"https:\\\/\\\/diarioellabrador.cl\\\/index.php\\\/2025\\\/09\\\/06\\\/deportes-melipilla-busca-apoyo-para-asegurar-su-continuidad-en-el-futbol-profesional\\\/\",\"name\":\"Deportes Melipilla busca apoyo para asegurar su continuidad en el f\u00fatbol profesional - Diario El Labrador\",\"isPartOf\":{\"@id\":\"https:\\\/\\\/diarioellabrador.cl\\\/#website\"},\"primaryImageOfPage\":{\"@id\":\"https:\\\/\\\/diarioellabrador.cl\\\/index.php\\\/2025\\\/09\\\/06\\\/deportes-melipilla-busca-apoyo-para-asegurar-su-continuidad-en-el-futbol-profesional\\\/#primaryimage\"},\"image\":{\"@id\":\"https:\\\/\\\/diarioellabrador.cl\\\/index.php\\\/2025\\\/09\\\/06\\\/deportes-melipilla-busca-apoyo-para-asegurar-su-continuidad-en-el-futbol-profesional\\\/#primaryimage\"},\"thumbnailUrl\":\"https:\\\/\\\/diarioellabrador.cl\\\/wp-content\\\/uploads\\\/2025\\\/09\\\/Deportes-Melipilla-busca-apoyo-para-asegurar-su-continuidad-en-el-futbol-profesional.jpg\",\"datePublished\":\"2025-09-06T20:47:21+00:00\",\"dateModified\":\"2025-09-06T20:47:22+00:00\",\"breadcrumb\":{\"@id\":\"https:\\\/\\\/diarioellabrador.cl\\\/index.php\\\/2025\\\/09\\\/06\\\/deportes-melipilla-busca-apoyo-para-asegurar-su-continuidad-en-el-futbol-profesional\\\/#breadcrumb\"},\"inLanguage\":\"es\",\"potentialAction\":[{\"@type\":\"ReadAction\",\"target\":[\"https:\\\/\\\/diarioellabrador.cl\\\/index.php\\\/2025\\\/09\\\/06\\\/deportes-melipilla-busca-apoyo-para-asegurar-su-continuidad-en-el-futbol-profesional\\\/\"]}]},{\"@type\":\"ImageObject\",\"inLanguage\":\"es\",\"@id\":\"https:\\\/\\\/diarioellabrador.cl\\\/index.php\\\/2025\\\/09\\\/06\\\/deportes-melipilla-busca-apoyo-para-asegurar-su-continuidad-en-el-futbol-profesional\\\/#primaryimage\",\"url\":\"https:\\\/\\\/diarioellabrador.cl\\\/wp-content\\\/uploads\\\/2025\\\/09\\\/Deportes-Melipilla-busca-apoyo-para-asegurar-su-continuidad-en-el-futbol-profesional.jpg\",\"contentUrl\":\"https:\\\/\\\/diarioellabrador.cl\\\/wp-content\\\/uploads\\\/2025\\\/09\\\/Deportes-Melipilla-busca-apoyo-para-asegurar-su-continuidad-en-el-futbol-profesional.jpg\",\"width\":1440,\"height\":1246},{\"@type\":\"BreadcrumbList\",\"@id\":\"https:\\\/\\\/diarioellabrador.cl\\\/index.php\\\/2025\\\/09\\\/06\\\/deportes-melipilla-busca-apoyo-para-asegurar-su-continuidad-en-el-futbol-profesional\\\/#breadcrumb\",\"itemListElement\":[{\"@type\":\"ListItem\",\"position\":1,\"name\":\"Portada\",\"item\":\"https:\\\/\\\/diarioellabrador.cl\\\/\"},{\"@type\":\"ListItem\",\"position\":2,\"name\":\"Deportes Melipilla busca apoyo para asegurar su continuidad en el f\u00fatbol profesional\"}]},{\"@type\":\"WebSite\",\"@id\":\"https:\\\/\\\/diarioellabrador.cl\\\/#website\",\"url\":\"https:\\\/\\\/diarioellabrador.cl\\\/\",\"name\":\"Diario El Labrador\",\"description\":\"Haciendo noticia desde 1921\",\"publisher\":{\"@id\":\"https:\\\/\\\/diarioellabrador.cl\\\/#organization\"},\"potentialAction\":[{\"@type\":\"SearchAction\",\"target\":{\"@type\":\"EntryPoint\",\"urlTemplate\":\"https:\\\/\\\/diarioellabrador.cl\\\/?s={search_term_string}\"},\"query-input\":{\"@type\":\"PropertyValueSpecification\",\"valueRequired\":true,\"valueName\":\"search_term_string\"}}],\"inLanguage\":\"es\"},{\"@type\":\"Organization\",\"@id\":\"https:\\\/\\\/diarioellabrador.cl\\\/#organization\",\"name\":\"Diario El Labrador\",\"url\":\"https:\\\/\\\/diarioellabrador.cl\\\/\",\"logo\":{\"@type\":\"ImageObject\",\"inLanguage\":\"es\",\"@id\":\"https:\\\/\\\/diarioellabrador.cl\\\/#\\\/schema\\\/logo\\\/image\\\/\",\"url\":\"https:\\\/\\\/diarioellabrador.cl\\\/wp-content\\\/uploads\\\/2025\\\/02\\\/cropped-Logo-Icono.png\",\"contentUrl\":\"https:\\\/\\\/diarioellabrador.cl\\\/wp-content\\\/uploads\\\/2025\\\/02\\\/cropped-Logo-Icono.png\",\"width\":512,\"height\":512,\"caption\":\"Diario El Labrador\"},\"image\":{\"@id\":\"https:\\\/\\\/diarioellabrador.cl\\\/#\\\/schema\\\/logo\\\/image\\\/\"},\"sameAs\":[\"https:\\\/\\\/web.facebook.com\\\/profile.php?id=61576120840621\",\"https:\\\/\\\/x.com\\\/ElLabradorOf\",\"https:\\\/\\\/www.instagram.com\\\/diarioellabradoroficial\\\/\"]},{\"@type\":\"Person\",\"@id\":\"https:\\\/\\\/diarioellabrador.cl\\\/#\\\/schema\\\/person\\\/bc25ff80b4563f9c7f4bd7855df01685\",\"name\":\"Editor\",\"image\":{\"@type\":\"ImageObject\",\"inLanguage\":\"es\",\"@id\":\"https:\\\/\\\/secure.gravatar.com\\\/avatar\\\/109c326cf2be5c04f048c2c2a2b8b6ef44bf3d8d1d3d4c55d0ac40c4bc994684?s=96&d=mm&r=g\",\"url\":\"https:\\\/\\\/secure.gravatar.com\\\/avatar\\\/109c326cf2be5c04f048c2c2a2b8b6ef44bf3d8d1d3d4c55d0ac40c4bc994684?s=96&d=mm&r=g\",\"contentUrl\":\"https:\\\/\\\/secure.gravatar.com\\\/avatar\\\/109c326cf2be5c04f048c2c2a2b8b6ef44bf3d8d1d3d4c55d0ac40c4bc994684?s=96&d=mm&r=g\",\"caption\":\"Editor\"},\"url\":\"https:\\\/\\\/diarioellabrador.cl\\\/index.php\\\/author\\\/editor\\\/\"}]}<\/script>\n<!-- \/ Yoast SEO plugin. -->","yoast_head_json":{"title":"Deportes Melipilla busca apoyo para asegurar su continuidad en el f\u00fatbol profesional - Diario El Labrador","robots":{"index":"index","follow":"follow","max-snippet":"max-snippet:-1","max-image-preview":"max-image-preview:large","max-video-preview":"max-video-preview:-1"},"canonical":"https:\/\/diarioellabrador.cl\/index.php\/2025\/09\/06\/deportes-melipilla-busca-apoyo-para-asegurar-su-continuidad-en-el-futbol-profesional\/","og_locale":"es_ES","og_type":"article","og_title":"Deportes Melipilla busca apoyo para asegurar su continuidad en el f\u00fatbol profesional - Diario El Labrador","og_description":"Tras la resoluci\u00f3n desfavorable del TAS y en medio de una compleja situaci\u00f3n econ\u00f3mica, Deportes Melipilla reafirm\u00f3 su compromiso con la comunidad y extendi\u00f3 un llamado a hinchas y empresarios locales para sostener la instituci\u00f3n y proyectar su futuro en el f\u00fatbol profesional. Deportes Melipilla vive d\u00edas clave en lo institucional. El club reconoci\u00f3 que Leer m\u00e1s","og_url":"https:\/\/diarioellabrador.cl\/index.php\/2025\/09\/06\/deportes-melipilla-busca-apoyo-para-asegurar-su-continuidad-en-el-futbol-profesional\/","og_site_name":"Diario El Labrador","article_publisher":"https:\/\/web.facebook.com\/profile.php?id=61576120840621","article_published_time":"2025-09-06T20:47:21+00:00","article_modified_time":"2025-09-06T20:47:22+00:00","og_image":[{"width":1440,"height":1246,"url":"https:\/\/diarioellabrador.cl\/wp-content\/uploads\/2025\/09\/Deportes-Melipilla-busca-apoyo-para-asegurar-su-continuidad-en-el-futbol-profesional.jpg","type":"image\/jpeg"}],"author":"Editor","twitter_card":"summary_large_image","twitter_creator":"@ElLabradorOf","twitter_site":"@ElLabradorOf","twitter_misc":{"Escrito por":"Editor","Tiempo de lectura":"2 minutos"},"schema":{"@context":"https:\/\/schema.org","@graph":[{"@type":"Article","@id":"https:\/\/diarioellabrador.cl\/index.php\/2025\/09\/06\/deportes-melipilla-busca-apoyo-para-asegurar-su-continuidad-en-el-futbol-profesional\/#article","isPartOf":{"@id":"https:\/\/diarioellabrador.cl\/index.php\/2025\/09\/06\/deportes-melipilla-busca-apoyo-para-asegurar-su-continuidad-en-el-futbol-profesional\/"},"author":{"name":"Editor","@id":"https:\/\/diarioellabrador.cl\/#\/schema\/person\/bc25ff80b4563f9c7f4bd7855df01685"},"headline":"Deportes Melipilla busca apoyo para asegurar su continuidad en el f\u00fatbol profesional","datePublished":"2025-09-06T20:47:21+00:00","dateModified":"2025-09-06T20:47:22+00:00","mainEntityOfPage":{"@id":"https:\/\/diarioellabrador.cl\/index.php\/2025\/09\/06\/deportes-melipilla-busca-apoyo-para-asegurar-su-continuidad-en-el-futbol-profesional\/"},"wordCount":287,"commentCount":0,"publisher":{"@id":"https:\/\/diarioellabrador.cl\/#organization"},"image":{"@id":"https:\/\/diarioellabrador.cl\/index.php\/2025\/09\/06\/deportes-melipilla-busca-apoyo-para-asegurar-su-continuidad-en-el-futbol-profesional\/#primaryimage"},"thumbnailUrl":"https:\/\/diarioellabrador.cl\/wp-content\/uploads\/2025\/09\/Deportes-Melipilla-busca-apoyo-para-asegurar-su-continuidad-en-el-futbol-profesional.jpg","articleSection":["Deportes","Destacados"],"inLanguage":"es","potentialAction":[{"@type":"CommentAction","name":"Comment","target":["https:\/\/diarioellabrador.cl\/index.php\/2025\/09\/06\/deportes-melipilla-busca-apoyo-para-asegurar-su-continuidad-en-el-futbol-profesional\/#respond"]}]},{"@type":"WebPage","@id":"https:\/\/diarioellabrador.cl\/index.php\/2025\/09\/06\/deportes-melipilla-busca-apoyo-para-asegurar-su-continuidad-en-el-futbol-profesional\/","url":"https:\/\/diarioellabrador.cl\/index.php\/2025\/09\/06\/deportes-melipilla-busca-apoyo-para-asegurar-su-continuidad-en-el-futbol-profesional\/","name":"Deportes Melipilla busca apoyo para asegurar su continuidad en el f\u00fatbol profesional - Diario El Labrador","isPartOf":{"@id":"https:\/\/diarioellabrador.cl\/#website"},"primaryImageOfPage":{"@id":"https:\/\/diarioellabrador.cl\/index.php\/2025\/09\/06\/deportes-melipilla-busca-apoyo-para-asegurar-su-continuidad-en-el-futbol-profesional\/#primaryimage"},"image":{"@id":"https:\/\/diarioellabrador.cl\/index.php\/2025\/09\/06\/deportes-melipilla-busca-apoyo-para-asegurar-su-continuidad-en-el-futbol-profesional\/#primaryimage"},"thumbnailUrl":"https:\/\/diarioellabrador.cl\/wp-content\/uploads\/2025\/09\/Deportes-Melipilla-busca-apoyo-para-asegurar-su-continuidad-en-el-futbol-profesional.jpg","datePublished":"2025-09-06T20:47:21+00:00","dateModified":"2025-09-06T20:47:22+00:00","breadcrumb":{"@id":"https:\/\/diarioellabrador.cl\/index.php\/2025\/09\/06\/deportes-melipilla-busca-apoyo-para-asegurar-su-continuidad-en-el-futbol-profesional\/#breadcrumb"},"inLanguage":"es","potentialAction":[{"@type":"ReadAction","target":["https:\/\/diarioellabrador.cl\/index.php\/2025\/09\/06\/deportes-melipilla-busca-apoyo-para-asegurar-su-continuidad-en-el-futbol-profesional\/"]}]},{"@type":"ImageObject","inLanguage":"es","@id":"https:\/\/diarioellabrador.cl\/index.php\/2025\/09\/06\/deportes-melipilla-busca-apoyo-para-asegurar-su-continuidad-en-el-futbol-profesional\/#primaryimage","url":"https:\/\/diarioellabrador.cl\/wp-content\/uploads\/2025\/09\/Deportes-Melipilla-busca-apoyo-para-asegurar-su-continuidad-en-el-futbol-profesional.jpg","contentUrl":"https:\/\/diarioellabrador.cl\/wp-content\/uploads\/2025\/09\/Deportes-Melipilla-busca-apoyo-para-asegurar-su-continuidad-en-el-futbol-profesional.jpg","width":1440,"height":1246},{"@type":"BreadcrumbList","@id":"https:\/\/diarioellabrador.cl\/index.php\/2025\/09\/06\/deportes-melipilla-busca-apoyo-para-asegurar-su-continuidad-en-el-futbol-profesional\/#breadcrumb","itemListElement":[{"@type":"ListItem","position":1,"name":"Portada","item":"https:\/\/diarioellabrador.cl\/"},{"@type":"ListItem","position":2,"name":"Deportes Melipilla busca apoyo para asegurar su continuidad en el f\u00fatbol profesional"}]},{"@type":"WebSite","@id":"https:\/\/diarioellabrador.cl\/#website","url":"https:\/\/diarioellabrador.cl\/","name":"Diario El Labrador","description":"Haciendo noticia desde 1921","publisher":{"@id":"https:\/\/diarioellabrador.cl\/#organization"},"potentialAction":[{"@type":"SearchAction","target":{"@type":"EntryPoint","urlTemplate":"https:\/\/diarioellabrador.cl\/?s={search_term_string}"},"query-input":{"@type":"PropertyValueSpecification","valueRequired":true,"valueName":"search_term_string"}}],"inLanguage":"es"},{"@type":"Organization","@id":"https:\/\/diarioellabrador.cl\/#organization","name":"Diario El Labrador","url":"https:\/\/diarioellabrador.cl\/","logo":{"@type":"ImageObject","inLanguage":"es","@id":"https:\/\/diarioellabrador.cl\/#\/schema\/logo\/image\/","url":"https:\/\/diarioellabrador.cl\/wp-content\/uploads\/2025\/02\/cropped-Logo-Icono.png","contentUrl":"https:\/\/diarioellabrador.cl\/wp-content\/uploads\/2025\/02\/cropped-Logo-Icono.png","width":512,"height":512,"caption":"Diario El Labrador"},"image":{"@id":"https:\/\/diarioellabrador.cl\/#\/schema\/logo\/image\/"},"sameAs":["https:\/\/web.facebook.com\/profile.php?id=61576120840621","https:\/\/x.com\/ElLabradorOf","https:\/\/www.instagram.com\/diarioellabradoroficial\/"]},{"@type":"Person","@id":"https:\/\/diarioellabrador.cl\/#\/schema\/person\/bc25ff80b4563f9c7f4bd7855df01685","name":"Editor","image":{"@type":"ImageObject","inLanguage":"es","@id":"https:\/\/secure.gravatar.com\/avatar\/109c326cf2be5c04f048c2c2a2b8b6ef44bf3d8d1d3d4c55d0ac40c4bc994684?s=96&d=mm&r=g","url":"https:\/\/secure.gravatar.com\/avatar\/109c326cf2be5c04f048c2c2a2b8b6ef44bf3d8d1d3d4c55d0ac40c4bc994684?s=96&d=mm&r=g","contentUrl":"https:\/\/secure.gravatar.com\/avatar\/109c326cf2be5c04f048c2c2a2b8b6ef44bf3d8d1d3d4c55d0ac40c4bc994684?s=96&d=mm&r=g","caption":"Editor"},"url":"https:\/\/diarioellabrador.cl\/index.php\/author\/editor\/"}]}},"_links":{"self":[{"href":"https:\/\/diarioellabrador.cl\/index.php\/wp-json\/wp\/v2\/posts\/8278","targetHints":{"allow":["GET"]}}],"collection":[{"href":"https:\/\/diarioellabrador.cl\/index.php\/wp-json\/wp\/v2\/posts"}],"about":[{"href":"https:\/\/diarioellabrador.cl\/index.php\/wp-json\/wp\/v2\/types\/post"}],"author":[{"embeddable":true,"href":"https:\/\/diarioellabrador.cl\/index.php\/wp-json\/wp\/v2\/users\/2"}],"replies":[{"embeddable":true,"href":"https:\/\/diarioellabrador.cl\/index.php\/wp-json\/wp\/v2\/comments?post=8278"}],"version-history":[{"count":1,"href":"https:\/\/diarioellabrador.cl\/index.php\/wp-json\/wp\/v2\/posts\/8278\/revisions"}],"predecessor-version":[{"id":8279,"href":"https:\/\/diarioellabrador.cl\/index.php\/wp-json\/wp\/v2\/posts\/8278\/revisions\/8279"}],"wp:featuredmedia":[{"embeddable":true,"href":"https:\/\/diarioellabrador.cl\/index.php\/wp-json\/wp\/v2\/media\/8247"}],"wp:attachment":[{"href":"https:\/\/diarioellabrador.cl\/index.php\/wp-json\/wp\/v2\/media?parent=8278"}],"wp:term":[{"taxonomy":"category","embeddable":true,"href":"https:\/\/diarioellabrador.cl\/index.php\/wp-json\/wp\/v2\/categories?post=8278"},{"taxonomy":"post_tag","embeddable":true,"href":"https:\/\/diarioellabrador.cl\/index.php\/wp-json\/wp\/v2\/tags?post=8278"}],"curies":[{"name":"wp","href":"https:\/\/api.w.org\/{rel}","templated":true}]}}