{"id":7874,"date":"2025-08-28T18:07:00","date_gmt":"2025-08-28T22:07:00","guid":{"rendered":"https:\/\/diarioellabrador.cl\/?p=7874"},"modified":"2025-08-28T17:13:14","modified_gmt":"2025-08-28T21:13:14","slug":"5-anos-y-un-dia-de-carcel-para-ladron-que-fue-sorprendido-robando-en-dos-inmuebles-del-sector-oriente-de-melipilla","status":"publish","type":"post","link":"https:\/\/diarioellabrador.cl\/index.php\/2025\/08\/28\/5-anos-y-un-dia-de-carcel-para-ladron-que-fue-sorprendido-robando-en-dos-inmuebles-del-sector-oriente-de-melipilla\/","title":{"rendered":"5 a\u00f1os y un d\u00eda de c\u00e1rcel para ladr\u00f3n que fue sorprendido robando en dos inmuebles del sector oriente de Melipilla"},"content":{"rendered":"\n<p><strong><em>En el Tribunal de Garant\u00eda de Melipilla se realiz\u00f3 la audiencia de procedimiento abreviado en contra del autor de dos robos.<\/em><\/strong><\/p>\n\n\n\n<p>El primero de ellos ocurri\u00f3 el d\u00eda 12 de mayo de 2023, siendo aproximadamente las 00:10, el acusado Felipe E.S. procedi\u00f3 a ingresar, por medio de escalamiento, al interior del inmueble ubicado en calle Profesora Amparo Pe\u00f1a en la villa Hacienda San Mart\u00edn, de la comuna de Melipilla, donde sustrajo un cilindro de gas de 15 kilos, para posteriormente darse a la fuga con esta especie, montando una bicicleta en la cual se transportaba.<\/p>\n\n\n\n<p>En el segundo hecho, el d\u00eda 16 de junio del a\u00f1o 2023, cerca de las 03:30 horas aproximadamente, el acusado Felipe E.S. ingresa escalando la reja del cierre perimetral, al interior del domicilio ubicado en calle San Luis de la comuna de Melipilla, donde la v\u00edctima se encontraba durmiendo junto a su grupo familiar en el interior de la casa habitaci\u00f3n, el imputado sustrajo para s\u00ed, una bicicleta con un bolso, para luego darse a la fuga.<\/p>\n\n\n\n<p>El magistrado dictamin\u00f3 que se condena a Felipe Espinoza Salas, como autor de dos delitos de robo en lugar habitado, en grado de desarrollo frustrado, a sufrir la pena \u00fanica de cinco a\u00f1os y un d\u00eda de presidio mayor en su grado m\u00ednimo. Que atendido el extracto de filiaci\u00f3n del condenado no se otorgar\u00e1 pena sustitutiva, debiendo cumplir de manera efectiva la condena.<\/p>\n","protected":false},"excerpt":{"rendered":"<p>En el Tribunal de Garant\u00eda de Melipilla se realiz\u00f3 la audiencia de procedimiento abreviado en contra del autor de dos robos. El primero de ellos ocurri\u00f3 el d\u00eda 12 de mayo de 2023, siendo aproximadamente las 00:10, el acusado Felipe E.S. procedi\u00f3 a ingresar, por medio de escalamiento, al interior del inmueble ubicado en calle<\/p>\n<div class=\"read-more-wrapper\"><a class=\"read-more\" href=\"https:\/\/diarioellabrador.cl\/index.php\/2025\/08\/28\/5-anos-y-un-dia-de-carcel-para-ladron-que-fue-sorprendido-robando-en-dos-inmuebles-del-sector-oriente-de-melipilla\/\" title=\"Leer m\u00e1s\"> <span class=\"button \">Leer m\u00e1s<\/span><\/a><\/div>\n","protected":false},"author":2,"featured_media":7865,"comment_status":"open","ping_status":"open","sticky":false,"template":"","format":"standard","meta":{"footnotes":""},"categories":[3],"tags":[],"class_list":["post-7874","post","type-post","status-publish","format-standard","has-post-thumbnail","hentry","category-policial"],"yoast_head":"<!-- This site is optimized with the Yoast SEO plugin v27.5 - https:\/\/yoast.com\/product\/yoast-seo-wordpress\/ -->\n<title>5 a\u00f1os y un d\u00eda de c\u00e1rcel para ladr\u00f3n que fue sorprendido robando en dos inmuebles del sector oriente de Melipilla - Diario El Labrador<\/title>\n<meta name=\"robots\" content=\"index, follow, max-snippet:-1, max-image-preview:large, max-video-preview:-1\" \/>\n<link rel=\"canonical\" href=\"https:\/\/diarioellabrador.cl\/index.php\/2025\/08\/28\/5-anos-y-un-dia-de-carcel-para-ladron-que-fue-sorprendido-robando-en-dos-inmuebles-del-sector-oriente-de-melipilla\/\" \/>\n<meta property=\"og:locale\" content=\"es_ES\" \/>\n<meta property=\"og:type\" content=\"article\" \/>\n<meta property=\"og:title\" content=\"5 a\u00f1os y un d\u00eda de c\u00e1rcel para ladr\u00f3n que fue sorprendido robando en dos inmuebles del sector oriente de Melipilla - Diario El Labrador\" \/>\n<meta property=\"og:description\" content=\"En el Tribunal de Garant\u00eda de Melipilla se realiz\u00f3 la audiencia de procedimiento abreviado en contra del autor de dos robos. El primero de ellos ocurri\u00f3 el d\u00eda 12 de mayo de 2023, siendo aproximadamente las 00:10, el acusado Felipe E.S. procedi\u00f3 a ingresar, por medio de escalamiento, al interior del inmueble ubicado en calle Leer m\u00e1s\" \/>\n<meta property=\"og:url\" content=\"https:\/\/diarioellabrador.cl\/index.php\/2025\/08\/28\/5-anos-y-un-dia-de-carcel-para-ladron-que-fue-sorprendido-robando-en-dos-inmuebles-del-sector-oriente-de-melipilla\/\" \/>\n<meta property=\"og:site_name\" content=\"Diario El Labrador\" \/>\n<meta property=\"article:publisher\" content=\"https:\/\/web.facebook.com\/profile.php?id=61576120840621\" \/>\n<meta property=\"article:published_time\" content=\"2025-08-28T22:07:00+00:00\" \/>\n<meta property=\"og:image\" content=\"https:\/\/diarioellabrador.cl\/wp-content\/uploads\/2025\/08\/5-anos-y-un-dia-de-carcel-para-ladron-que-fue-sorprendido-robando-en-dos-inmuebles-del-sector-oriente-de-Melipilla-scaled.jpg\" \/>\n\t<meta property=\"og:image:width\" content=\"2560\" \/>\n\t<meta property=\"og:image:height\" content=\"1440\" \/>\n\t<meta property=\"og:image:type\" content=\"image\/jpeg\" \/>\n<meta name=\"author\" content=\"Editor\" \/>\n<meta name=\"twitter:card\" content=\"summary_large_image\" \/>\n<meta name=\"twitter:creator\" content=\"@ElLabradorOf\" \/>\n<meta name=\"twitter:site\" content=\"@ElLabradorOf\" \/>\n<meta name=\"twitter:label1\" content=\"Escrito por\" \/>\n\t<meta name=\"twitter:data1\" content=\"Editor\" \/>\n\t<meta name=\"twitter:label2\" content=\"Tiempo de lectura\" \/>\n\t<meta name=\"twitter:data2\" content=\"2 minutos\" \/>\n<script type=\"application\/ld+json\" class=\"yoast-schema-graph\">{\"@context\":\"https:\\\/\\\/schema.org\",\"@graph\":[{\"@type\":\"Article\",\"@id\":\"https:\\\/\\\/diarioellabrador.cl\\\/index.php\\\/2025\\\/08\\\/28\\\/5-anos-y-un-dia-de-carcel-para-ladron-que-fue-sorprendido-robando-en-dos-inmuebles-del-sector-oriente-de-melipilla\\\/#article\",\"isPartOf\":{\"@id\":\"https:\\\/\\\/diarioellabrador.cl\\\/index.php\\\/2025\\\/08\\\/28\\\/5-anos-y-un-dia-de-carcel-para-ladron-que-fue-sorprendido-robando-en-dos-inmuebles-del-sector-oriente-de-melipilla\\\/\"},\"author\":{\"name\":\"Editor\",\"@id\":\"https:\\\/\\\/diarioellabrador.cl\\\/#\\\/schema\\\/person\\\/bc25ff80b4563f9c7f4bd7855df01685\"},\"headline\":\"5 a\u00f1os y un d\u00eda de c\u00e1rcel para ladr\u00f3n que fue sorprendido robando en dos inmuebles del sector oriente de Melipilla\",\"datePublished\":\"2025-08-28T22:07:00+00:00\",\"mainEntityOfPage\":{\"@id\":\"https:\\\/\\\/diarioellabrador.cl\\\/index.php\\\/2025\\\/08\\\/28\\\/5-anos-y-un-dia-de-carcel-para-ladron-que-fue-sorprendido-robando-en-dos-inmuebles-del-sector-oriente-de-melipilla\\\/\"},\"wordCount\":266,\"commentCount\":0,\"publisher\":{\"@id\":\"https:\\\/\\\/diarioellabrador.cl\\\/#organization\"},\"image\":{\"@id\":\"https:\\\/\\\/diarioellabrador.cl\\\/index.php\\\/2025\\\/08\\\/28\\\/5-anos-y-un-dia-de-carcel-para-ladron-que-fue-sorprendido-robando-en-dos-inmuebles-del-sector-oriente-de-melipilla\\\/#primaryimage\"},\"thumbnailUrl\":\"https:\\\/\\\/diarioellabrador.cl\\\/wp-content\\\/uploads\\\/2025\\\/08\\\/5-anos-y-un-dia-de-carcel-para-ladron-que-fue-sorprendido-robando-en-dos-inmuebles-del-sector-oriente-de-Melipilla-scaled.jpg\",\"articleSection\":[\"Policial\"],\"inLanguage\":\"es\",\"potentialAction\":[{\"@type\":\"CommentAction\",\"name\":\"Comment\",\"target\":[\"https:\\\/\\\/diarioellabrador.cl\\\/index.php\\\/2025\\\/08\\\/28\\\/5-anos-y-un-dia-de-carcel-para-ladron-que-fue-sorprendido-robando-en-dos-inmuebles-del-sector-oriente-de-melipilla\\\/#respond\"]}]},{\"@type\":\"WebPage\",\"@id\":\"https:\\\/\\\/diarioellabrador.cl\\\/index.php\\\/2025\\\/08\\\/28\\\/5-anos-y-un-dia-de-carcel-para-ladron-que-fue-sorprendido-robando-en-dos-inmuebles-del-sector-oriente-de-melipilla\\\/\",\"url\":\"https:\\\/\\\/diarioellabrador.cl\\\/index.php\\\/2025\\\/08\\\/28\\\/5-anos-y-un-dia-de-carcel-para-ladron-que-fue-sorprendido-robando-en-dos-inmuebles-del-sector-oriente-de-melipilla\\\/\",\"name\":\"5 a\u00f1os y un d\u00eda de c\u00e1rcel para ladr\u00f3n que fue sorprendido robando en dos inmuebles del sector oriente de Melipilla - Diario El Labrador\",\"isPartOf\":{\"@id\":\"https:\\\/\\\/diarioellabrador.cl\\\/#website\"},\"primaryImageOfPage\":{\"@id\":\"https:\\\/\\\/diarioellabrador.cl\\\/index.php\\\/2025\\\/08\\\/28\\\/5-anos-y-un-dia-de-carcel-para-ladron-que-fue-sorprendido-robando-en-dos-inmuebles-del-sector-oriente-de-melipilla\\\/#primaryimage\"},\"image\":{\"@id\":\"https:\\\/\\\/diarioellabrador.cl\\\/index.php\\\/2025\\\/08\\\/28\\\/5-anos-y-un-dia-de-carcel-para-ladron-que-fue-sorprendido-robando-en-dos-inmuebles-del-sector-oriente-de-melipilla\\\/#primaryimage\"},\"thumbnailUrl\":\"https:\\\/\\\/diarioellabrador.cl\\\/wp-content\\\/uploads\\\/2025\\\/08\\\/5-anos-y-un-dia-de-carcel-para-ladron-que-fue-sorprendido-robando-en-dos-inmuebles-del-sector-oriente-de-Melipilla-scaled.jpg\",\"datePublished\":\"2025-08-28T22:07:00+00:00\",\"breadcrumb\":{\"@id\":\"https:\\\/\\\/diarioellabrador.cl\\\/index.php\\\/2025\\\/08\\\/28\\\/5-anos-y-un-dia-de-carcel-para-ladron-que-fue-sorprendido-robando-en-dos-inmuebles-del-sector-oriente-de-melipilla\\\/#breadcrumb\"},\"inLanguage\":\"es\",\"potentialAction\":[{\"@type\":\"ReadAction\",\"target\":[\"https:\\\/\\\/diarioellabrador.cl\\\/index.php\\\/2025\\\/08\\\/28\\\/5-anos-y-un-dia-de-carcel-para-ladron-que-fue-sorprendido-robando-en-dos-inmuebles-del-sector-oriente-de-melipilla\\\/\"]}]},{\"@type\":\"ImageObject\",\"inLanguage\":\"es\",\"@id\":\"https:\\\/\\\/diarioellabrador.cl\\\/index.php\\\/2025\\\/08\\\/28\\\/5-anos-y-un-dia-de-carcel-para-ladron-que-fue-sorprendido-robando-en-dos-inmuebles-del-sector-oriente-de-melipilla\\\/#primaryimage\",\"url\":\"https:\\\/\\\/diarioellabrador.cl\\\/wp-content\\\/uploads\\\/2025\\\/08\\\/5-anos-y-un-dia-de-carcel-para-ladron-que-fue-sorprendido-robando-en-dos-inmuebles-del-sector-oriente-de-Melipilla-scaled.jpg\",\"contentUrl\":\"https:\\\/\\\/diarioellabrador.cl\\\/wp-content\\\/uploads\\\/2025\\\/08\\\/5-anos-y-un-dia-de-carcel-para-ladron-que-fue-sorprendido-robando-en-dos-inmuebles-del-sector-oriente-de-Melipilla-scaled.jpg\",\"width\":2560,\"height\":1440},{\"@type\":\"BreadcrumbList\",\"@id\":\"https:\\\/\\\/diarioellabrador.cl\\\/index.php\\\/2025\\\/08\\\/28\\\/5-anos-y-un-dia-de-carcel-para-ladron-que-fue-sorprendido-robando-en-dos-inmuebles-del-sector-oriente-de-melipilla\\\/#breadcrumb\",\"itemListElement\":[{\"@type\":\"ListItem\",\"position\":1,\"name\":\"Portada\",\"item\":\"https:\\\/\\\/diarioellabrador.cl\\\/\"},{\"@type\":\"ListItem\",\"position\":2,\"name\":\"5 a\u00f1os y un d\u00eda de c\u00e1rcel para ladr\u00f3n que fue sorprendido robando en dos inmuebles del sector oriente de Melipilla\"}]},{\"@type\":\"WebSite\",\"@id\":\"https:\\\/\\\/diarioellabrador.cl\\\/#website\",\"url\":\"https:\\\/\\\/diarioellabrador.cl\\\/\",\"name\":\"Diario El Labrador\",\"description\":\"Haciendo noticia desde 1921\",\"publisher\":{\"@id\":\"https:\\\/\\\/diarioellabrador.cl\\\/#organization\"},\"potentialAction\":[{\"@type\":\"SearchAction\",\"target\":{\"@type\":\"EntryPoint\",\"urlTemplate\":\"https:\\\/\\\/diarioellabrador.cl\\\/?s={search_term_string}\"},\"query-input\":{\"@type\":\"PropertyValueSpecification\",\"valueRequired\":true,\"valueName\":\"search_term_string\"}}],\"inLanguage\":\"es\"},{\"@type\":\"Organization\",\"@id\":\"https:\\\/\\\/diarioellabrador.cl\\\/#organization\",\"name\":\"Diario El Labrador\",\"url\":\"https:\\\/\\\/diarioellabrador.cl\\\/\",\"logo\":{\"@type\":\"ImageObject\",\"inLanguage\":\"es\",\"@id\":\"https:\\\/\\\/diarioellabrador.cl\\\/#\\\/schema\\\/logo\\\/image\\\/\",\"url\":\"https:\\\/\\\/diarioellabrador.cl\\\/wp-content\\\/uploads\\\/2025\\\/02\\\/cropped-Logo-Icono.png\",\"contentUrl\":\"https:\\\/\\\/diarioellabrador.cl\\\/wp-content\\\/uploads\\\/2025\\\/02\\\/cropped-Logo-Icono.png\",\"width\":512,\"height\":512,\"caption\":\"Diario El Labrador\"},\"image\":{\"@id\":\"https:\\\/\\\/diarioellabrador.cl\\\/#\\\/schema\\\/logo\\\/image\\\/\"},\"sameAs\":[\"https:\\\/\\\/web.facebook.com\\\/profile.php?id=61576120840621\",\"https:\\\/\\\/x.com\\\/ElLabradorOf\",\"https:\\\/\\\/www.instagram.com\\\/diarioellabradoroficial\\\/\"]},{\"@type\":\"Person\",\"@id\":\"https:\\\/\\\/diarioellabrador.cl\\\/#\\\/schema\\\/person\\\/bc25ff80b4563f9c7f4bd7855df01685\",\"name\":\"Editor\",\"image\":{\"@type\":\"ImageObject\",\"inLanguage\":\"es\",\"@id\":\"https:\\\/\\\/secure.gravatar.com\\\/avatar\\\/109c326cf2be5c04f048c2c2a2b8b6ef44bf3d8d1d3d4c55d0ac40c4bc994684?s=96&d=mm&r=g\",\"url\":\"https:\\\/\\\/secure.gravatar.com\\\/avatar\\\/109c326cf2be5c04f048c2c2a2b8b6ef44bf3d8d1d3d4c55d0ac40c4bc994684?s=96&d=mm&r=g\",\"contentUrl\":\"https:\\\/\\\/secure.gravatar.com\\\/avatar\\\/109c326cf2be5c04f048c2c2a2b8b6ef44bf3d8d1d3d4c55d0ac40c4bc994684?s=96&d=mm&r=g\",\"caption\":\"Editor\"},\"url\":\"https:\\\/\\\/diarioellabrador.cl\\\/index.php\\\/author\\\/editor\\\/\"}]}<\/script>\n<!-- \/ Yoast SEO plugin. -->","yoast_head_json":{"title":"5 a\u00f1os y un d\u00eda de c\u00e1rcel para ladr\u00f3n que fue sorprendido robando en dos inmuebles del sector oriente de Melipilla - Diario El Labrador","robots":{"index":"index","follow":"follow","max-snippet":"max-snippet:-1","max-image-preview":"max-image-preview:large","max-video-preview":"max-video-preview:-1"},"canonical":"https:\/\/diarioellabrador.cl\/index.php\/2025\/08\/28\/5-anos-y-un-dia-de-carcel-para-ladron-que-fue-sorprendido-robando-en-dos-inmuebles-del-sector-oriente-de-melipilla\/","og_locale":"es_ES","og_type":"article","og_title":"5 a\u00f1os y un d\u00eda de c\u00e1rcel para ladr\u00f3n que fue sorprendido robando en dos inmuebles del sector oriente de Melipilla - Diario El Labrador","og_description":"En el Tribunal de Garant\u00eda de Melipilla se realiz\u00f3 la audiencia de procedimiento abreviado en contra del autor de dos robos. El primero de ellos ocurri\u00f3 el d\u00eda 12 de mayo de 2023, siendo aproximadamente las 00:10, el acusado Felipe E.S. procedi\u00f3 a ingresar, por medio de escalamiento, al interior del inmueble ubicado en calle Leer m\u00e1s","og_url":"https:\/\/diarioellabrador.cl\/index.php\/2025\/08\/28\/5-anos-y-un-dia-de-carcel-para-ladron-que-fue-sorprendido-robando-en-dos-inmuebles-del-sector-oriente-de-melipilla\/","og_site_name":"Diario El Labrador","article_publisher":"https:\/\/web.facebook.com\/profile.php?id=61576120840621","article_published_time":"2025-08-28T22:07:00+00:00","og_image":[{"width":2560,"height":1440,"url":"https:\/\/diarioellabrador.cl\/wp-content\/uploads\/2025\/08\/5-anos-y-un-dia-de-carcel-para-ladron-que-fue-sorprendido-robando-en-dos-inmuebles-del-sector-oriente-de-Melipilla-scaled.jpg","type":"image\/jpeg"}],"author":"Editor","twitter_card":"summary_large_image","twitter_creator":"@ElLabradorOf","twitter_site":"@ElLabradorOf","twitter_misc":{"Escrito por":"Editor","Tiempo de lectura":"2 minutos"},"schema":{"@context":"https:\/\/schema.org","@graph":[{"@type":"Article","@id":"https:\/\/diarioellabrador.cl\/index.php\/2025\/08\/28\/5-anos-y-un-dia-de-carcel-para-ladron-que-fue-sorprendido-robando-en-dos-inmuebles-del-sector-oriente-de-melipilla\/#article","isPartOf":{"@id":"https:\/\/diarioellabrador.cl\/index.php\/2025\/08\/28\/5-anos-y-un-dia-de-carcel-para-ladron-que-fue-sorprendido-robando-en-dos-inmuebles-del-sector-oriente-de-melipilla\/"},"author":{"name":"Editor","@id":"https:\/\/diarioellabrador.cl\/#\/schema\/person\/bc25ff80b4563f9c7f4bd7855df01685"},"headline":"5 a\u00f1os y un d\u00eda de c\u00e1rcel para ladr\u00f3n que fue sorprendido robando en dos inmuebles del sector oriente de Melipilla","datePublished":"2025-08-28T22:07:00+00:00","mainEntityOfPage":{"@id":"https:\/\/diarioellabrador.cl\/index.php\/2025\/08\/28\/5-anos-y-un-dia-de-carcel-para-ladron-que-fue-sorprendido-robando-en-dos-inmuebles-del-sector-oriente-de-melipilla\/"},"wordCount":266,"commentCount":0,"publisher":{"@id":"https:\/\/diarioellabrador.cl\/#organization"},"image":{"@id":"https:\/\/diarioellabrador.cl\/index.php\/2025\/08\/28\/5-anos-y-un-dia-de-carcel-para-ladron-que-fue-sorprendido-robando-en-dos-inmuebles-del-sector-oriente-de-melipilla\/#primaryimage"},"thumbnailUrl":"https:\/\/diarioellabrador.cl\/wp-content\/uploads\/2025\/08\/5-anos-y-un-dia-de-carcel-para-ladron-que-fue-sorprendido-robando-en-dos-inmuebles-del-sector-oriente-de-Melipilla-scaled.jpg","articleSection":["Policial"],"inLanguage":"es","potentialAction":[{"@type":"CommentAction","name":"Comment","target":["https:\/\/diarioellabrador.cl\/index.php\/2025\/08\/28\/5-anos-y-un-dia-de-carcel-para-ladron-que-fue-sorprendido-robando-en-dos-inmuebles-del-sector-oriente-de-melipilla\/#respond"]}]},{"@type":"WebPage","@id":"https:\/\/diarioellabrador.cl\/index.php\/2025\/08\/28\/5-anos-y-un-dia-de-carcel-para-ladron-que-fue-sorprendido-robando-en-dos-inmuebles-del-sector-oriente-de-melipilla\/","url":"https:\/\/diarioellabrador.cl\/index.php\/2025\/08\/28\/5-anos-y-un-dia-de-carcel-para-ladron-que-fue-sorprendido-robando-en-dos-inmuebles-del-sector-oriente-de-melipilla\/","name":"5 a\u00f1os y un d\u00eda de c\u00e1rcel para ladr\u00f3n que fue sorprendido robando en dos inmuebles del sector oriente de Melipilla - Diario El Labrador","isPartOf":{"@id":"https:\/\/diarioellabrador.cl\/#website"},"primaryImageOfPage":{"@id":"https:\/\/diarioellabrador.cl\/index.php\/2025\/08\/28\/5-anos-y-un-dia-de-carcel-para-ladron-que-fue-sorprendido-robando-en-dos-inmuebles-del-sector-oriente-de-melipilla\/#primaryimage"},"image":{"@id":"https:\/\/diarioellabrador.cl\/index.php\/2025\/08\/28\/5-anos-y-un-dia-de-carcel-para-ladron-que-fue-sorprendido-robando-en-dos-inmuebles-del-sector-oriente-de-melipilla\/#primaryimage"},"thumbnailUrl":"https:\/\/diarioellabrador.cl\/wp-content\/uploads\/2025\/08\/5-anos-y-un-dia-de-carcel-para-ladron-que-fue-sorprendido-robando-en-dos-inmuebles-del-sector-oriente-de-Melipilla-scaled.jpg","datePublished":"2025-08-28T22:07:00+00:00","breadcrumb":{"@id":"https:\/\/diarioellabrador.cl\/index.php\/2025\/08\/28\/5-anos-y-un-dia-de-carcel-para-ladron-que-fue-sorprendido-robando-en-dos-inmuebles-del-sector-oriente-de-melipilla\/#breadcrumb"},"inLanguage":"es","potentialAction":[{"@type":"ReadAction","target":["https:\/\/diarioellabrador.cl\/index.php\/2025\/08\/28\/5-anos-y-un-dia-de-carcel-para-ladron-que-fue-sorprendido-robando-en-dos-inmuebles-del-sector-oriente-de-melipilla\/"]}]},{"@type":"ImageObject","inLanguage":"es","@id":"https:\/\/diarioellabrador.cl\/index.php\/2025\/08\/28\/5-anos-y-un-dia-de-carcel-para-ladron-que-fue-sorprendido-robando-en-dos-inmuebles-del-sector-oriente-de-melipilla\/#primaryimage","url":"https:\/\/diarioellabrador.cl\/wp-content\/uploads\/2025\/08\/5-anos-y-un-dia-de-carcel-para-ladron-que-fue-sorprendido-robando-en-dos-inmuebles-del-sector-oriente-de-Melipilla-scaled.jpg","contentUrl":"https:\/\/diarioellabrador.cl\/wp-content\/uploads\/2025\/08\/5-anos-y-un-dia-de-carcel-para-ladron-que-fue-sorprendido-robando-en-dos-inmuebles-del-sector-oriente-de-Melipilla-scaled.jpg","width":2560,"height":1440},{"@type":"BreadcrumbList","@id":"https:\/\/diarioellabrador.cl\/index.php\/2025\/08\/28\/5-anos-y-un-dia-de-carcel-para-ladron-que-fue-sorprendido-robando-en-dos-inmuebles-del-sector-oriente-de-melipilla\/#breadcrumb","itemListElement":[{"@type":"ListItem","position":1,"name":"Portada","item":"https:\/\/diarioellabrador.cl\/"},{"@type":"ListItem","position":2,"name":"5 a\u00f1os y un d\u00eda de c\u00e1rcel para ladr\u00f3n que fue sorprendido robando en dos inmuebles del sector oriente de Melipilla"}]},{"@type":"WebSite","@id":"https:\/\/diarioellabrador.cl\/#website","url":"https:\/\/diarioellabrador.cl\/","name":"Diario El Labrador","description":"Haciendo noticia desde 1921","publisher":{"@id":"https:\/\/diarioellabrador.cl\/#organization"},"potentialAction":[{"@type":"SearchAction","target":{"@type":"EntryPoint","urlTemplate":"https:\/\/diarioellabrador.cl\/?s={search_term_string}"},"query-input":{"@type":"PropertyValueSpecification","valueRequired":true,"valueName":"search_term_string"}}],"inLanguage":"es"},{"@type":"Organization","@id":"https:\/\/diarioellabrador.cl\/#organization","name":"Diario El Labrador","url":"https:\/\/diarioellabrador.cl\/","logo":{"@type":"ImageObject","inLanguage":"es","@id":"https:\/\/diarioellabrador.cl\/#\/schema\/logo\/image\/","url":"https:\/\/diarioellabrador.cl\/wp-content\/uploads\/2025\/02\/cropped-Logo-Icono.png","contentUrl":"https:\/\/diarioellabrador.cl\/wp-content\/uploads\/2025\/02\/cropped-Logo-Icono.png","width":512,"height":512,"caption":"Diario El Labrador"},"image":{"@id":"https:\/\/diarioellabrador.cl\/#\/schema\/logo\/image\/"},"sameAs":["https:\/\/web.facebook.com\/profile.php?id=61576120840621","https:\/\/x.com\/ElLabradorOf","https:\/\/www.instagram.com\/diarioellabradoroficial\/"]},{"@type":"Person","@id":"https:\/\/diarioellabrador.cl\/#\/schema\/person\/bc25ff80b4563f9c7f4bd7855df01685","name":"Editor","image":{"@type":"ImageObject","inLanguage":"es","@id":"https:\/\/secure.gravatar.com\/avatar\/109c326cf2be5c04f048c2c2a2b8b6ef44bf3d8d1d3d4c55d0ac40c4bc994684?s=96&d=mm&r=g","url":"https:\/\/secure.gravatar.com\/avatar\/109c326cf2be5c04f048c2c2a2b8b6ef44bf3d8d1d3d4c55d0ac40c4bc994684?s=96&d=mm&r=g","contentUrl":"https:\/\/secure.gravatar.com\/avatar\/109c326cf2be5c04f048c2c2a2b8b6ef44bf3d8d1d3d4c55d0ac40c4bc994684?s=96&d=mm&r=g","caption":"Editor"},"url":"https:\/\/diarioellabrador.cl\/index.php\/author\/editor\/"}]}},"_links":{"self":[{"href":"https:\/\/diarioellabrador.cl\/index.php\/wp-json\/wp\/v2\/posts\/7874","targetHints":{"allow":["GET"]}}],"collection":[{"href":"https:\/\/diarioellabrador.cl\/index.php\/wp-json\/wp\/v2\/posts"}],"about":[{"href":"https:\/\/diarioellabrador.cl\/index.php\/wp-json\/wp\/v2\/types\/post"}],"author":[{"embeddable":true,"href":"https:\/\/diarioellabrador.cl\/index.php\/wp-json\/wp\/v2\/users\/2"}],"replies":[{"embeddable":true,"href":"https:\/\/diarioellabrador.cl\/index.php\/wp-json\/wp\/v2\/comments?post=7874"}],"version-history":[{"count":1,"href":"https:\/\/diarioellabrador.cl\/index.php\/wp-json\/wp\/v2\/posts\/7874\/revisions"}],"predecessor-version":[{"id":7875,"href":"https:\/\/diarioellabrador.cl\/index.php\/wp-json\/wp\/v2\/posts\/7874\/revisions\/7875"}],"wp:featuredmedia":[{"embeddable":true,"href":"https:\/\/diarioellabrador.cl\/index.php\/wp-json\/wp\/v2\/media\/7865"}],"wp:attachment":[{"href":"https:\/\/diarioellabrador.cl\/index.php\/wp-json\/wp\/v2\/media?parent=7874"}],"wp:term":[{"taxonomy":"category","embeddable":true,"href":"https:\/\/diarioellabrador.cl\/index.php\/wp-json\/wp\/v2\/categories?post=7874"},{"taxonomy":"post_tag","embeddable":true,"href":"https:\/\/diarioellabrador.cl\/index.php\/wp-json\/wp\/v2\/tags?post=7874"}],"curies":[{"name":"wp","href":"https:\/\/api.w.org\/{rel}","templated":true}]}}