{"id":7848,"date":"2025-08-28T18:06:00","date_gmt":"2025-08-28T22:06:00","guid":{"rendered":"https:\/\/diarioellabrador.cl\/?p=7848"},"modified":"2025-08-28T10:37:55","modified_gmt":"2025-08-28T14:37:55","slug":"delegado-provincial-de-melipilla-invita-a-participar-en-nuevo-gobierno-en-terreno-en-mall-espacio-urbano","status":"publish","type":"post","link":"https:\/\/diarioellabrador.cl\/index.php\/2025\/08\/28\/delegado-provincial-de-melipilla-invita-a-participar-en-nuevo-gobierno-en-terreno-en-mall-espacio-urbano\/","title":{"rendered":"Delegado Provincial de Melipilla invita a participar en nuevo Gobierno en Terreno en Mall Espacio Urbano"},"content":{"rendered":"\n<ul class=\"wp-block-list\">\n<li><strong>La jornada se realizar\u00e1 este viernes 29 de agosto, con atenci\u00f3n de m\u00faltiples servicios p\u00fablicos y privados de 10:00 a 13:00 horas, operativo que continuar\u00e1 en la Plaza de Armas con actividades culturales y recreativas abiertas a toda la comunidad.<\/strong><\/li>\n<\/ul>\n\n\n\n<p>Delegaci\u00f3n Presidencial Provincial de Melipilla contin\u00faa con los despliegues de Gobierno en Terreno, instancias que buscan acercar la oferta p\u00fablica a la ciudadan\u00eda de manera directa y gratuita. En esta ocasi\u00f3n, la actividad se llevar\u00e1 a cabo en el Mall Espacio Urbano de Melipilla, gracias a una alianza p\u00fablico-privada que permitir\u00e1 poner a disposici\u00f3n de la comunidad distintos servicios en un mismo lugar.<\/p>\n\n\n\n<p>As\u00ed lo inform\u00f3 el delegado presidencial provincial de Melipilla, Basti\u00e1n Alarc\u00f3n, quien detall\u00f3 que la jornada se realizar\u00e1 este viernes 29 de agosto, desde las 10:00 a 13:00 horas, despliegue de servicios que continuar\u00e1 en Plaza de Armas de Melipilla desde las 14:00 horas, en que adem\u00e1s se estar\u00e1 presentando la Small Band del Orfe\u00f3n Nacional de Carabineros.<\/p>\n\n\n\n<p>\u201cQueremos invitar a toda la comunidad a participar de nuestro Gobierno en Terreno, esta vez en dependencias de Mall Espacio Urbano de Melipilla, en el segundo piso, desde las 10:00 hasta las 13:00 horas\u201d.<\/p>\n\n\n\n<p>En esta l\u00ednea, preciso que se estar\u00e1 entregando atenci\u00f3n de servicios como Delegaci\u00f3n Presidencial Provincial Asistente Social, SERVIU, Hospital de Melipilla, SERCOTEC, Inspecci\u00f3n del Trabajo, oftalmolog\u00eda, entre otros, con el objetivo de que las personas puedan realizar consultas, tr\u00e1mites y gestiones en un solo espacio, de forma m\u00e1s r\u00e1pida y cercana.<\/p>\n\n\n\n<p>La autoridad provincial destac\u00f3 que tras el despliegue de Gobierno en Terreno, las actividades continuar\u00e1n en Plaza de Armas de Melipilla, a partir de las 14:00 horas, junto al equipo del Modelo de Integraci\u00f3n Carabineros-Comunidad de la 24\u00aa Comisar\u00eda de Carabineros (MICC). \u201cEstaremos trabajando para recuperar espacios p\u00fablicos de la comuna, y desde las 14:00 horas te esperamos en Plaza de Armas de Melipilla con una gran actividad que incluir\u00e1 la Small Band del Orfe\u00f3n Nacional de Carabineros y diversos stands informativos\u201d, manifest\u00f3.<\/p>\n","protected":false},"excerpt":{"rendered":"<p>Delegaci\u00f3n Presidencial Provincial de Melipilla contin\u00faa con los despliegues de Gobierno en Terreno, instancias que buscan acercar la oferta p\u00fablica a la ciudadan\u00eda de manera directa y gratuita. En esta ocasi\u00f3n, la actividad se llevar\u00e1 a cabo en el Mall Espacio Urbano de Melipilla, gracias a una alianza p\u00fablico-privada que permitir\u00e1 poner a disposici\u00f3n de<\/p>\n<div class=\"read-more-wrapper\"><a class=\"read-more\" href=\"https:\/\/diarioellabrador.cl\/index.php\/2025\/08\/28\/delegado-provincial-de-melipilla-invita-a-participar-en-nuevo-gobierno-en-terreno-en-mall-espacio-urbano\/\" title=\"Leer m\u00e1s\"> <span class=\"button \">Leer m\u00e1s<\/span><\/a><\/div>\n","protected":false},"author":2,"featured_media":7849,"comment_status":"open","ping_status":"open","sticky":false,"template":"","format":"standard","meta":{"footnotes":""},"categories":[1],"tags":[],"class_list":["post-7848","post","type-post","status-publish","format-standard","has-post-thumbnail","hentry","category-cronica"],"yoast_head":"<!-- This site is optimized with the Yoast SEO plugin v27.5 - https:\/\/yoast.com\/product\/yoast-seo-wordpress\/ -->\n<title>Delegado Provincial de Melipilla invita a participar en nuevo Gobierno en Terreno en Mall Espacio Urbano - Diario El Labrador<\/title>\n<meta name=\"robots\" content=\"index, follow, max-snippet:-1, max-image-preview:large, max-video-preview:-1\" \/>\n<link rel=\"canonical\" href=\"https:\/\/diarioellabrador.cl\/index.php\/2025\/08\/28\/delegado-provincial-de-melipilla-invita-a-participar-en-nuevo-gobierno-en-terreno-en-mall-espacio-urbano\/\" \/>\n<meta property=\"og:locale\" content=\"es_ES\" \/>\n<meta property=\"og:type\" content=\"article\" \/>\n<meta property=\"og:title\" content=\"Delegado Provincial de Melipilla invita a participar en nuevo Gobierno en Terreno en Mall Espacio Urbano - Diario El Labrador\" \/>\n<meta property=\"og:description\" content=\"Delegaci\u00f3n Presidencial Provincial de Melipilla contin\u00faa con los despliegues de Gobierno en Terreno, instancias que buscan acercar la oferta p\u00fablica a la ciudadan\u00eda de manera directa y gratuita. En esta ocasi\u00f3n, la actividad se llevar\u00e1 a cabo en el Mall Espacio Urbano de Melipilla, gracias a una alianza p\u00fablico-privada que permitir\u00e1 poner a disposici\u00f3n de Leer m\u00e1s\" \/>\n<meta property=\"og:url\" content=\"https:\/\/diarioellabrador.cl\/index.php\/2025\/08\/28\/delegado-provincial-de-melipilla-invita-a-participar-en-nuevo-gobierno-en-terreno-en-mall-espacio-urbano\/\" \/>\n<meta property=\"og:site_name\" content=\"Diario El Labrador\" \/>\n<meta property=\"article:publisher\" content=\"https:\/\/web.facebook.com\/profile.php?id=61576120840621\" \/>\n<meta property=\"article:published_time\" content=\"2025-08-28T22:06:00+00:00\" \/>\n<meta property=\"og:image\" content=\"https:\/\/diarioellabrador.cl\/wp-content\/uploads\/2025\/08\/GET-Espacio-Urbano-28-08-2025.jpeg\" \/>\n\t<meta property=\"og:image:width\" content=\"2047\" \/>\n\t<meta property=\"og:image:height\" content=\"1912\" \/>\n\t<meta property=\"og:image:type\" content=\"image\/jpeg\" \/>\n<meta name=\"author\" content=\"Editor\" \/>\n<meta name=\"twitter:card\" content=\"summary_large_image\" \/>\n<meta name=\"twitter:creator\" content=\"@ElLabradorOf\" \/>\n<meta name=\"twitter:site\" content=\"@ElLabradorOf\" \/>\n<meta name=\"twitter:label1\" content=\"Escrito por\" \/>\n\t<meta name=\"twitter:data1\" content=\"Editor\" \/>\n\t<meta name=\"twitter:label2\" content=\"Tiempo de lectura\" \/>\n\t<meta name=\"twitter:data2\" content=\"2 minutos\" \/>\n<script type=\"application\/ld+json\" class=\"yoast-schema-graph\">{\"@context\":\"https:\\\/\\\/schema.org\",\"@graph\":[{\"@type\":\"Article\",\"@id\":\"https:\\\/\\\/diarioellabrador.cl\\\/index.php\\\/2025\\\/08\\\/28\\\/delegado-provincial-de-melipilla-invita-a-participar-en-nuevo-gobierno-en-terreno-en-mall-espacio-urbano\\\/#article\",\"isPartOf\":{\"@id\":\"https:\\\/\\\/diarioellabrador.cl\\\/index.php\\\/2025\\\/08\\\/28\\\/delegado-provincial-de-melipilla-invita-a-participar-en-nuevo-gobierno-en-terreno-en-mall-espacio-urbano\\\/\"},\"author\":{\"name\":\"Editor\",\"@id\":\"https:\\\/\\\/diarioellabrador.cl\\\/#\\\/schema\\\/person\\\/bc25ff80b4563f9c7f4bd7855df01685\"},\"headline\":\"Delegado Provincial de Melipilla invita a participar en nuevo Gobierno en Terreno en Mall Espacio Urbano\",\"datePublished\":\"2025-08-28T22:06:00+00:00\",\"mainEntityOfPage\":{\"@id\":\"https:\\\/\\\/diarioellabrador.cl\\\/index.php\\\/2025\\\/08\\\/28\\\/delegado-provincial-de-melipilla-invita-a-participar-en-nuevo-gobierno-en-terreno-en-mall-espacio-urbano\\\/\"},\"wordCount\":360,\"commentCount\":0,\"publisher\":{\"@id\":\"https:\\\/\\\/diarioellabrador.cl\\\/#organization\"},\"image\":{\"@id\":\"https:\\\/\\\/diarioellabrador.cl\\\/index.php\\\/2025\\\/08\\\/28\\\/delegado-provincial-de-melipilla-invita-a-participar-en-nuevo-gobierno-en-terreno-en-mall-espacio-urbano\\\/#primaryimage\"},\"thumbnailUrl\":\"https:\\\/\\\/diarioellabrador.cl\\\/wp-content\\\/uploads\\\/2025\\\/08\\\/GET-Espacio-Urbano-28-08-2025.jpeg\",\"articleSection\":[\"Cr\u00f3nica\"],\"inLanguage\":\"es\",\"potentialAction\":[{\"@type\":\"CommentAction\",\"name\":\"Comment\",\"target\":[\"https:\\\/\\\/diarioellabrador.cl\\\/index.php\\\/2025\\\/08\\\/28\\\/delegado-provincial-de-melipilla-invita-a-participar-en-nuevo-gobierno-en-terreno-en-mall-espacio-urbano\\\/#respond\"]}]},{\"@type\":\"WebPage\",\"@id\":\"https:\\\/\\\/diarioellabrador.cl\\\/index.php\\\/2025\\\/08\\\/28\\\/delegado-provincial-de-melipilla-invita-a-participar-en-nuevo-gobierno-en-terreno-en-mall-espacio-urbano\\\/\",\"url\":\"https:\\\/\\\/diarioellabrador.cl\\\/index.php\\\/2025\\\/08\\\/28\\\/delegado-provincial-de-melipilla-invita-a-participar-en-nuevo-gobierno-en-terreno-en-mall-espacio-urbano\\\/\",\"name\":\"Delegado Provincial de Melipilla invita a participar en nuevo Gobierno en Terreno en Mall Espacio Urbano - Diario El Labrador\",\"isPartOf\":{\"@id\":\"https:\\\/\\\/diarioellabrador.cl\\\/#website\"},\"primaryImageOfPage\":{\"@id\":\"https:\\\/\\\/diarioellabrador.cl\\\/index.php\\\/2025\\\/08\\\/28\\\/delegado-provincial-de-melipilla-invita-a-participar-en-nuevo-gobierno-en-terreno-en-mall-espacio-urbano\\\/#primaryimage\"},\"image\":{\"@id\":\"https:\\\/\\\/diarioellabrador.cl\\\/index.php\\\/2025\\\/08\\\/28\\\/delegado-provincial-de-melipilla-invita-a-participar-en-nuevo-gobierno-en-terreno-en-mall-espacio-urbano\\\/#primaryimage\"},\"thumbnailUrl\":\"https:\\\/\\\/diarioellabrador.cl\\\/wp-content\\\/uploads\\\/2025\\\/08\\\/GET-Espacio-Urbano-28-08-2025.jpeg\",\"datePublished\":\"2025-08-28T22:06:00+00:00\",\"breadcrumb\":{\"@id\":\"https:\\\/\\\/diarioellabrador.cl\\\/index.php\\\/2025\\\/08\\\/28\\\/delegado-provincial-de-melipilla-invita-a-participar-en-nuevo-gobierno-en-terreno-en-mall-espacio-urbano\\\/#breadcrumb\"},\"inLanguage\":\"es\",\"potentialAction\":[{\"@type\":\"ReadAction\",\"target\":[\"https:\\\/\\\/diarioellabrador.cl\\\/index.php\\\/2025\\\/08\\\/28\\\/delegado-provincial-de-melipilla-invita-a-participar-en-nuevo-gobierno-en-terreno-en-mall-espacio-urbano\\\/\"]}]},{\"@type\":\"ImageObject\",\"inLanguage\":\"es\",\"@id\":\"https:\\\/\\\/diarioellabrador.cl\\\/index.php\\\/2025\\\/08\\\/28\\\/delegado-provincial-de-melipilla-invita-a-participar-en-nuevo-gobierno-en-terreno-en-mall-espacio-urbano\\\/#primaryimage\",\"url\":\"https:\\\/\\\/diarioellabrador.cl\\\/wp-content\\\/uploads\\\/2025\\\/08\\\/GET-Espacio-Urbano-28-08-2025.jpeg\",\"contentUrl\":\"https:\\\/\\\/diarioellabrador.cl\\\/wp-content\\\/uploads\\\/2025\\\/08\\\/GET-Espacio-Urbano-28-08-2025.jpeg\",\"width\":2047,\"height\":1912},{\"@type\":\"BreadcrumbList\",\"@id\":\"https:\\\/\\\/diarioellabrador.cl\\\/index.php\\\/2025\\\/08\\\/28\\\/delegado-provincial-de-melipilla-invita-a-participar-en-nuevo-gobierno-en-terreno-en-mall-espacio-urbano\\\/#breadcrumb\",\"itemListElement\":[{\"@type\":\"ListItem\",\"position\":1,\"name\":\"Portada\",\"item\":\"https:\\\/\\\/diarioellabrador.cl\\\/\"},{\"@type\":\"ListItem\",\"position\":2,\"name\":\"Delegado Provincial de Melipilla invita a participar en nuevo Gobierno en Terreno en Mall Espacio Urbano\"}]},{\"@type\":\"WebSite\",\"@id\":\"https:\\\/\\\/diarioellabrador.cl\\\/#website\",\"url\":\"https:\\\/\\\/diarioellabrador.cl\\\/\",\"name\":\"Diario El Labrador\",\"description\":\"Haciendo noticia desde 1921\",\"publisher\":{\"@id\":\"https:\\\/\\\/diarioellabrador.cl\\\/#organization\"},\"potentialAction\":[{\"@type\":\"SearchAction\",\"target\":{\"@type\":\"EntryPoint\",\"urlTemplate\":\"https:\\\/\\\/diarioellabrador.cl\\\/?s={search_term_string}\"},\"query-input\":{\"@type\":\"PropertyValueSpecification\",\"valueRequired\":true,\"valueName\":\"search_term_string\"}}],\"inLanguage\":\"es\"},{\"@type\":\"Organization\",\"@id\":\"https:\\\/\\\/diarioellabrador.cl\\\/#organization\",\"name\":\"Diario El Labrador\",\"url\":\"https:\\\/\\\/diarioellabrador.cl\\\/\",\"logo\":{\"@type\":\"ImageObject\",\"inLanguage\":\"es\",\"@id\":\"https:\\\/\\\/diarioellabrador.cl\\\/#\\\/schema\\\/logo\\\/image\\\/\",\"url\":\"https:\\\/\\\/diarioellabrador.cl\\\/wp-content\\\/uploads\\\/2025\\\/02\\\/cropped-Logo-Icono.png\",\"contentUrl\":\"https:\\\/\\\/diarioellabrador.cl\\\/wp-content\\\/uploads\\\/2025\\\/02\\\/cropped-Logo-Icono.png\",\"width\":512,\"height\":512,\"caption\":\"Diario El Labrador\"},\"image\":{\"@id\":\"https:\\\/\\\/diarioellabrador.cl\\\/#\\\/schema\\\/logo\\\/image\\\/\"},\"sameAs\":[\"https:\\\/\\\/web.facebook.com\\\/profile.php?id=61576120840621\",\"https:\\\/\\\/x.com\\\/ElLabradorOf\",\"https:\\\/\\\/www.instagram.com\\\/diarioellabradoroficial\\\/\"]},{\"@type\":\"Person\",\"@id\":\"https:\\\/\\\/diarioellabrador.cl\\\/#\\\/schema\\\/person\\\/bc25ff80b4563f9c7f4bd7855df01685\",\"name\":\"Editor\",\"image\":{\"@type\":\"ImageObject\",\"inLanguage\":\"es\",\"@id\":\"https:\\\/\\\/secure.gravatar.com\\\/avatar\\\/109c326cf2be5c04f048c2c2a2b8b6ef44bf3d8d1d3d4c55d0ac40c4bc994684?s=96&d=mm&r=g\",\"url\":\"https:\\\/\\\/secure.gravatar.com\\\/avatar\\\/109c326cf2be5c04f048c2c2a2b8b6ef44bf3d8d1d3d4c55d0ac40c4bc994684?s=96&d=mm&r=g\",\"contentUrl\":\"https:\\\/\\\/secure.gravatar.com\\\/avatar\\\/109c326cf2be5c04f048c2c2a2b8b6ef44bf3d8d1d3d4c55d0ac40c4bc994684?s=96&d=mm&r=g\",\"caption\":\"Editor\"},\"url\":\"https:\\\/\\\/diarioellabrador.cl\\\/index.php\\\/author\\\/editor\\\/\"}]}<\/script>\n<!-- \/ Yoast SEO plugin. -->","yoast_head_json":{"title":"Delegado Provincial de Melipilla invita a participar en nuevo Gobierno en Terreno en Mall Espacio Urbano - Diario El Labrador","robots":{"index":"index","follow":"follow","max-snippet":"max-snippet:-1","max-image-preview":"max-image-preview:large","max-video-preview":"max-video-preview:-1"},"canonical":"https:\/\/diarioellabrador.cl\/index.php\/2025\/08\/28\/delegado-provincial-de-melipilla-invita-a-participar-en-nuevo-gobierno-en-terreno-en-mall-espacio-urbano\/","og_locale":"es_ES","og_type":"article","og_title":"Delegado Provincial de Melipilla invita a participar en nuevo Gobierno en Terreno en Mall Espacio Urbano - Diario El Labrador","og_description":"Delegaci\u00f3n Presidencial Provincial de Melipilla contin\u00faa con los despliegues de Gobierno en Terreno, instancias que buscan acercar la oferta p\u00fablica a la ciudadan\u00eda de manera directa y gratuita. En esta ocasi\u00f3n, la actividad se llevar\u00e1 a cabo en el Mall Espacio Urbano de Melipilla, gracias a una alianza p\u00fablico-privada que permitir\u00e1 poner a disposici\u00f3n de Leer m\u00e1s","og_url":"https:\/\/diarioellabrador.cl\/index.php\/2025\/08\/28\/delegado-provincial-de-melipilla-invita-a-participar-en-nuevo-gobierno-en-terreno-en-mall-espacio-urbano\/","og_site_name":"Diario El Labrador","article_publisher":"https:\/\/web.facebook.com\/profile.php?id=61576120840621","article_published_time":"2025-08-28T22:06:00+00:00","og_image":[{"width":2047,"height":1912,"url":"https:\/\/diarioellabrador.cl\/wp-content\/uploads\/2025\/08\/GET-Espacio-Urbano-28-08-2025.jpeg","type":"image\/jpeg"}],"author":"Editor","twitter_card":"summary_large_image","twitter_creator":"@ElLabradorOf","twitter_site":"@ElLabradorOf","twitter_misc":{"Escrito por":"Editor","Tiempo de lectura":"2 minutos"},"schema":{"@context":"https:\/\/schema.org","@graph":[{"@type":"Article","@id":"https:\/\/diarioellabrador.cl\/index.php\/2025\/08\/28\/delegado-provincial-de-melipilla-invita-a-participar-en-nuevo-gobierno-en-terreno-en-mall-espacio-urbano\/#article","isPartOf":{"@id":"https:\/\/diarioellabrador.cl\/index.php\/2025\/08\/28\/delegado-provincial-de-melipilla-invita-a-participar-en-nuevo-gobierno-en-terreno-en-mall-espacio-urbano\/"},"author":{"name":"Editor","@id":"https:\/\/diarioellabrador.cl\/#\/schema\/person\/bc25ff80b4563f9c7f4bd7855df01685"},"headline":"Delegado Provincial de Melipilla invita a participar en nuevo Gobierno en Terreno en Mall Espacio Urbano","datePublished":"2025-08-28T22:06:00+00:00","mainEntityOfPage":{"@id":"https:\/\/diarioellabrador.cl\/index.php\/2025\/08\/28\/delegado-provincial-de-melipilla-invita-a-participar-en-nuevo-gobierno-en-terreno-en-mall-espacio-urbano\/"},"wordCount":360,"commentCount":0,"publisher":{"@id":"https:\/\/diarioellabrador.cl\/#organization"},"image":{"@id":"https:\/\/diarioellabrador.cl\/index.php\/2025\/08\/28\/delegado-provincial-de-melipilla-invita-a-participar-en-nuevo-gobierno-en-terreno-en-mall-espacio-urbano\/#primaryimage"},"thumbnailUrl":"https:\/\/diarioellabrador.cl\/wp-content\/uploads\/2025\/08\/GET-Espacio-Urbano-28-08-2025.jpeg","articleSection":["Cr\u00f3nica"],"inLanguage":"es","potentialAction":[{"@type":"CommentAction","name":"Comment","target":["https:\/\/diarioellabrador.cl\/index.php\/2025\/08\/28\/delegado-provincial-de-melipilla-invita-a-participar-en-nuevo-gobierno-en-terreno-en-mall-espacio-urbano\/#respond"]}]},{"@type":"WebPage","@id":"https:\/\/diarioellabrador.cl\/index.php\/2025\/08\/28\/delegado-provincial-de-melipilla-invita-a-participar-en-nuevo-gobierno-en-terreno-en-mall-espacio-urbano\/","url":"https:\/\/diarioellabrador.cl\/index.php\/2025\/08\/28\/delegado-provincial-de-melipilla-invita-a-participar-en-nuevo-gobierno-en-terreno-en-mall-espacio-urbano\/","name":"Delegado Provincial de Melipilla invita a participar en nuevo Gobierno en Terreno en Mall Espacio Urbano - Diario El Labrador","isPartOf":{"@id":"https:\/\/diarioellabrador.cl\/#website"},"primaryImageOfPage":{"@id":"https:\/\/diarioellabrador.cl\/index.php\/2025\/08\/28\/delegado-provincial-de-melipilla-invita-a-participar-en-nuevo-gobierno-en-terreno-en-mall-espacio-urbano\/#primaryimage"},"image":{"@id":"https:\/\/diarioellabrador.cl\/index.php\/2025\/08\/28\/delegado-provincial-de-melipilla-invita-a-participar-en-nuevo-gobierno-en-terreno-en-mall-espacio-urbano\/#primaryimage"},"thumbnailUrl":"https:\/\/diarioellabrador.cl\/wp-content\/uploads\/2025\/08\/GET-Espacio-Urbano-28-08-2025.jpeg","datePublished":"2025-08-28T22:06:00+00:00","breadcrumb":{"@id":"https:\/\/diarioellabrador.cl\/index.php\/2025\/08\/28\/delegado-provincial-de-melipilla-invita-a-participar-en-nuevo-gobierno-en-terreno-en-mall-espacio-urbano\/#breadcrumb"},"inLanguage":"es","potentialAction":[{"@type":"ReadAction","target":["https:\/\/diarioellabrador.cl\/index.php\/2025\/08\/28\/delegado-provincial-de-melipilla-invita-a-participar-en-nuevo-gobierno-en-terreno-en-mall-espacio-urbano\/"]}]},{"@type":"ImageObject","inLanguage":"es","@id":"https:\/\/diarioellabrador.cl\/index.php\/2025\/08\/28\/delegado-provincial-de-melipilla-invita-a-participar-en-nuevo-gobierno-en-terreno-en-mall-espacio-urbano\/#primaryimage","url":"https:\/\/diarioellabrador.cl\/wp-content\/uploads\/2025\/08\/GET-Espacio-Urbano-28-08-2025.jpeg","contentUrl":"https:\/\/diarioellabrador.cl\/wp-content\/uploads\/2025\/08\/GET-Espacio-Urbano-28-08-2025.jpeg","width":2047,"height":1912},{"@type":"BreadcrumbList","@id":"https:\/\/diarioellabrador.cl\/index.php\/2025\/08\/28\/delegado-provincial-de-melipilla-invita-a-participar-en-nuevo-gobierno-en-terreno-en-mall-espacio-urbano\/#breadcrumb","itemListElement":[{"@type":"ListItem","position":1,"name":"Portada","item":"https:\/\/diarioellabrador.cl\/"},{"@type":"ListItem","position":2,"name":"Delegado Provincial de Melipilla invita a participar en nuevo Gobierno en Terreno en Mall Espacio Urbano"}]},{"@type":"WebSite","@id":"https:\/\/diarioellabrador.cl\/#website","url":"https:\/\/diarioellabrador.cl\/","name":"Diario El Labrador","description":"Haciendo noticia desde 1921","publisher":{"@id":"https:\/\/diarioellabrador.cl\/#organization"},"potentialAction":[{"@type":"SearchAction","target":{"@type":"EntryPoint","urlTemplate":"https:\/\/diarioellabrador.cl\/?s={search_term_string}"},"query-input":{"@type":"PropertyValueSpecification","valueRequired":true,"valueName":"search_term_string"}}],"inLanguage":"es"},{"@type":"Organization","@id":"https:\/\/diarioellabrador.cl\/#organization","name":"Diario El Labrador","url":"https:\/\/diarioellabrador.cl\/","logo":{"@type":"ImageObject","inLanguage":"es","@id":"https:\/\/diarioellabrador.cl\/#\/schema\/logo\/image\/","url":"https:\/\/diarioellabrador.cl\/wp-content\/uploads\/2025\/02\/cropped-Logo-Icono.png","contentUrl":"https:\/\/diarioellabrador.cl\/wp-content\/uploads\/2025\/02\/cropped-Logo-Icono.png","width":512,"height":512,"caption":"Diario El Labrador"},"image":{"@id":"https:\/\/diarioellabrador.cl\/#\/schema\/logo\/image\/"},"sameAs":["https:\/\/web.facebook.com\/profile.php?id=61576120840621","https:\/\/x.com\/ElLabradorOf","https:\/\/www.instagram.com\/diarioellabradoroficial\/"]},{"@type":"Person","@id":"https:\/\/diarioellabrador.cl\/#\/schema\/person\/bc25ff80b4563f9c7f4bd7855df01685","name":"Editor","image":{"@type":"ImageObject","inLanguage":"es","@id":"https:\/\/secure.gravatar.com\/avatar\/109c326cf2be5c04f048c2c2a2b8b6ef44bf3d8d1d3d4c55d0ac40c4bc994684?s=96&d=mm&r=g","url":"https:\/\/secure.gravatar.com\/avatar\/109c326cf2be5c04f048c2c2a2b8b6ef44bf3d8d1d3d4c55d0ac40c4bc994684?s=96&d=mm&r=g","contentUrl":"https:\/\/secure.gravatar.com\/avatar\/109c326cf2be5c04f048c2c2a2b8b6ef44bf3d8d1d3d4c55d0ac40c4bc994684?s=96&d=mm&r=g","caption":"Editor"},"url":"https:\/\/diarioellabrador.cl\/index.php\/author\/editor\/"}]}},"_links":{"self":[{"href":"https:\/\/diarioellabrador.cl\/index.php\/wp-json\/wp\/v2\/posts\/7848","targetHints":{"allow":["GET"]}}],"collection":[{"href":"https:\/\/diarioellabrador.cl\/index.php\/wp-json\/wp\/v2\/posts"}],"about":[{"href":"https:\/\/diarioellabrador.cl\/index.php\/wp-json\/wp\/v2\/types\/post"}],"author":[{"embeddable":true,"href":"https:\/\/diarioellabrador.cl\/index.php\/wp-json\/wp\/v2\/users\/2"}],"replies":[{"embeddable":true,"href":"https:\/\/diarioellabrador.cl\/index.php\/wp-json\/wp\/v2\/comments?post=7848"}],"version-history":[{"count":1,"href":"https:\/\/diarioellabrador.cl\/index.php\/wp-json\/wp\/v2\/posts\/7848\/revisions"}],"predecessor-version":[{"id":7850,"href":"https:\/\/diarioellabrador.cl\/index.php\/wp-json\/wp\/v2\/posts\/7848\/revisions\/7850"}],"wp:featuredmedia":[{"embeddable":true,"href":"https:\/\/diarioellabrador.cl\/index.php\/wp-json\/wp\/v2\/media\/7849"}],"wp:attachment":[{"href":"https:\/\/diarioellabrador.cl\/index.php\/wp-json\/wp\/v2\/media?parent=7848"}],"wp:term":[{"taxonomy":"category","embeddable":true,"href":"https:\/\/diarioellabrador.cl\/index.php\/wp-json\/wp\/v2\/categories?post=7848"},{"taxonomy":"post_tag","embeddable":true,"href":"https:\/\/diarioellabrador.cl\/index.php\/wp-json\/wp\/v2\/tags?post=7848"}],"curies":[{"name":"wp","href":"https:\/\/api.w.org\/{rel}","templated":true}]}}