{"id":7834,"date":"2025-08-28T18:01:00","date_gmt":"2025-08-28T22:01:00","guid":{"rendered":"https:\/\/diarioellabrador.cl\/?p=7834"},"modified":"2025-08-28T10:25:56","modified_gmt":"2025-08-28T14:25:56","slug":"tijerales-iniciaran-la-cuenta-regresiva-para-la-xxviii-semana-de-la-chilenidad-que-tendra-grandes-atractivos","status":"publish","type":"post","link":"https:\/\/diarioellabrador.cl\/index.php\/2025\/08\/28\/tijerales-iniciaran-la-cuenta-regresiva-para-la-xxviii-semana-de-la-chilenidad-que-tendra-grandes-atractivos\/","title":{"rendered":"Tijerales iniciar\u00e1n la cuenta regresiva para la XXVIII Semana de la Chilenidad que tendr\u00e1 grandes atractivos"},"content":{"rendered":"\n<p><strong>Autor: <\/strong><a href=\"https:\/\/www.caballoyrodeo.cl\/portal_rodeo\/site\/tax\/port\/all\/taxport____1.html\">Caballoyrodeo.cl<\/a><\/p>\n\n\n\n<p>Este s\u00e1bado 30 de agosto a las 12:00 horas se realizar\u00e1n en el <strong>Parque Padre Hurtado<\/strong> los <strong>Tijerales de la XXVIII Semana de la Chilenidad<\/strong>, acto que sirve para agradecer y compartir con los trabajadores que dan forma al gran evento de las tradiciones, que organiza la <strong>Federaci\u00f3n Criadores de Caballos Raza Chilena<\/strong> junto a las Municipalidades de <strong>Las Condes, Vitacura y La Reina.<\/strong><\/p>\n\n\n\n<p>La tradicional ceremonia a la que asisten las autoridades comunales y directivos de la Federaci\u00f3n de Criadores, iniciar\u00e1 la cuenta regresiva para las actividades a desarrollarse del <strong>17 al 21 de septiembre.<\/strong><\/p>\n\n\n\n<p>En espera del programa completo, la organizaci\u00f3n entreg\u00f3 un adelanto de los atractivos que tendr\u00e1 cada jornada.<\/p>\n\n\n\n<p>El <strong>mi\u00e9rcoles 17<\/strong> habr\u00e1 Exposici\u00f3n de Caballos Chilenos, Cuadro Negro del Ej\u00e9rcito de Chile, Intercambio Cultural de Amazonas, Entremares, comida y artesan\u00eda local, Patio de la Cueca, Perros Ovejeros y Horseball.<\/p>\n\n\n\n<p>El <strong>jueves 18<\/strong> incluir\u00e1 desayunos acampados, Escuela del Arte Ecuestre de Chile, Escuadra Amazonas de la Tradici\u00f3n, Cuadro Negro del Ej\u00e9rcito de Chile, Caballos Peruanos de Paso, Escuadra Palmas de Pe\u00f1aflor, Competencia de Enganches, espect\u00e1culos ecuestres y Perros Ovejeros Magall\u00e1nicos.<\/p>\n\n\n\n<p>Para el <strong>viernes 19<\/strong> est\u00e1n en agenda escuelas ecuestres y juegos campesinos, exhibici\u00f3n PDI, Escuadra Palmas de Pe\u00f1aflor, Perros Ovejeros, Caballos Peruanos y Andaluces, Escuadra Amazonas de la Tradici\u00f3n, Escuadra Ecuestre de Chile, artesan\u00eda y gastronom\u00eda criolla e Intercambio Cultural de Amazonas.<\/p>\n\n\n\n<p>El <strong>s\u00e1bado 20<\/strong> estar\u00e1 el Orfe\u00f3n, Perros Policiales y Cuadro Verde de Carabineros de Chile, Bombo Fica, Escuadra Amazonas de la Tradici\u00f3n, Intercambio Cultural de Amazonas, Escuadra Ecuestre de Chile y Cuadro Negro del Ej\u00e9rcito de Chile.<\/p>\n\n\n\n<p>Y el <strong>domingo 21<\/strong> el evento se cerrar\u00e1 con desayunos acampados, Escuadra Mujjeres de R\u00edo Grande y Amazonas del Viejo Maipo, Escuadra Palmas de Pe\u00f1aflor, Escuadra Corraleras de Chile, Intercambio Cultural de Amazonas, Escuadra Ecuestre de Chile, Pruebas de Campo a lo Amazona, artesan\u00eda y gastronom\u00eda local y Cuadro Negro del Ej\u00e9rcito de Chile.<\/p>\n","protected":false},"excerpt":{"rendered":"<p>Autor: Caballoyrodeo.cl Este s\u00e1bado 30 de agosto a las 12:00 horas se realizar\u00e1n en el Parque Padre Hurtado los Tijerales de la XXVIII Semana de la Chilenidad, acto que sirve para agradecer y compartir con los trabajadores que dan forma al gran evento de las tradiciones, que organiza la Federaci\u00f3n Criadores de Caballos Raza Chilena<\/p>\n<div class=\"read-more-wrapper\"><a class=\"read-more\" href=\"https:\/\/diarioellabrador.cl\/index.php\/2025\/08\/28\/tijerales-iniciaran-la-cuenta-regresiva-para-la-xxviii-semana-de-la-chilenidad-que-tendra-grandes-atractivos\/\" title=\"Leer m\u00e1s\"> <span class=\"button \">Leer m\u00e1s<\/span><\/a><\/div>\n","protected":false},"author":2,"featured_media":7814,"comment_status":"open","ping_status":"open","sticky":false,"template":"","format":"standard","meta":{"footnotes":""},"categories":[5],"tags":[],"class_list":["post-7834","post","type-post","status-publish","format-standard","has-post-thumbnail","hentry","category-rodeo"],"yoast_head":"<!-- This site is optimized with the Yoast SEO plugin v27.5 - https:\/\/yoast.com\/product\/yoast-seo-wordpress\/ -->\n<title>Tijerales iniciar\u00e1n la cuenta regresiva para la XXVIII Semana de la Chilenidad que tendr\u00e1 grandes atractivos - Diario El Labrador<\/title>\n<meta name=\"robots\" content=\"index, follow, max-snippet:-1, max-image-preview:large, max-video-preview:-1\" \/>\n<link rel=\"canonical\" href=\"https:\/\/diarioellabrador.cl\/index.php\/2025\/08\/28\/tijerales-iniciaran-la-cuenta-regresiva-para-la-xxviii-semana-de-la-chilenidad-que-tendra-grandes-atractivos\/\" \/>\n<meta property=\"og:locale\" content=\"es_ES\" \/>\n<meta property=\"og:type\" content=\"article\" \/>\n<meta property=\"og:title\" content=\"Tijerales iniciar\u00e1n la cuenta regresiva para la XXVIII Semana de la Chilenidad que tendr\u00e1 grandes atractivos - Diario El Labrador\" \/>\n<meta property=\"og:description\" content=\"Autor: Caballoyrodeo.cl Este s\u00e1bado 30 de agosto a las 12:00 horas se realizar\u00e1n en el Parque Padre Hurtado los Tijerales de la XXVIII Semana de la Chilenidad, acto que sirve para agradecer y compartir con los trabajadores que dan forma al gran evento de las tradiciones, que organiza la Federaci\u00f3n Criadores de Caballos Raza Chilena Leer m\u00e1s\" \/>\n<meta property=\"og:url\" content=\"https:\/\/diarioellabrador.cl\/index.php\/2025\/08\/28\/tijerales-iniciaran-la-cuenta-regresiva-para-la-xxviii-semana-de-la-chilenidad-que-tendra-grandes-atractivos\/\" \/>\n<meta property=\"og:site_name\" content=\"Diario El Labrador\" \/>\n<meta property=\"article:publisher\" content=\"https:\/\/web.facebook.com\/profile.php?id=61576120840621\" \/>\n<meta property=\"article:published_time\" content=\"2025-08-28T22:01:00+00:00\" \/>\n<meta property=\"og:image\" content=\"https:\/\/diarioellabrador.cl\/wp-content\/uploads\/2025\/08\/Tijerales-iniciaran-la-cuenta-regresiva-para-la-XXVIII-Semana-de-la-Chilenidad-que-tendra-grandes-atractivos.jpg\" \/>\n\t<meta property=\"og:image:width\" content=\"750\" \/>\n\t<meta property=\"og:image:height\" content=\"397\" \/>\n\t<meta property=\"og:image:type\" content=\"image\/jpeg\" \/>\n<meta name=\"author\" content=\"Editor\" \/>\n<meta name=\"twitter:card\" content=\"summary_large_image\" \/>\n<meta name=\"twitter:creator\" content=\"@ElLabradorOf\" \/>\n<meta name=\"twitter:site\" content=\"@ElLabradorOf\" \/>\n<meta name=\"twitter:label1\" content=\"Escrito por\" \/>\n\t<meta name=\"twitter:data1\" content=\"Editor\" \/>\n\t<meta name=\"twitter:label2\" content=\"Tiempo de lectura\" \/>\n\t<meta name=\"twitter:data2\" content=\"2 minutos\" \/>\n<script type=\"application\/ld+json\" class=\"yoast-schema-graph\">{\"@context\":\"https:\\\/\\\/schema.org\",\"@graph\":[{\"@type\":\"Article\",\"@id\":\"https:\\\/\\\/diarioellabrador.cl\\\/index.php\\\/2025\\\/08\\\/28\\\/tijerales-iniciaran-la-cuenta-regresiva-para-la-xxviii-semana-de-la-chilenidad-que-tendra-grandes-atractivos\\\/#article\",\"isPartOf\":{\"@id\":\"https:\\\/\\\/diarioellabrador.cl\\\/index.php\\\/2025\\\/08\\\/28\\\/tijerales-iniciaran-la-cuenta-regresiva-para-la-xxviii-semana-de-la-chilenidad-que-tendra-grandes-atractivos\\\/\"},\"author\":{\"name\":\"Editor\",\"@id\":\"https:\\\/\\\/diarioellabrador.cl\\\/#\\\/schema\\\/person\\\/bc25ff80b4563f9c7f4bd7855df01685\"},\"headline\":\"Tijerales iniciar\u00e1n la cuenta regresiva para la XXVIII Semana de la Chilenidad que tendr\u00e1 grandes atractivos\",\"datePublished\":\"2025-08-28T22:01:00+00:00\",\"mainEntityOfPage\":{\"@id\":\"https:\\\/\\\/diarioellabrador.cl\\\/index.php\\\/2025\\\/08\\\/28\\\/tijerales-iniciaran-la-cuenta-regresiva-para-la-xxviii-semana-de-la-chilenidad-que-tendra-grandes-atractivos\\\/\"},\"wordCount\":357,\"commentCount\":0,\"publisher\":{\"@id\":\"https:\\\/\\\/diarioellabrador.cl\\\/#organization\"},\"image\":{\"@id\":\"https:\\\/\\\/diarioellabrador.cl\\\/index.php\\\/2025\\\/08\\\/28\\\/tijerales-iniciaran-la-cuenta-regresiva-para-la-xxviii-semana-de-la-chilenidad-que-tendra-grandes-atractivos\\\/#primaryimage\"},\"thumbnailUrl\":\"https:\\\/\\\/diarioellabrador.cl\\\/wp-content\\\/uploads\\\/2025\\\/08\\\/Tijerales-iniciaran-la-cuenta-regresiva-para-la-XXVIII-Semana-de-la-Chilenidad-que-tendra-grandes-atractivos.jpg\",\"articleSection\":[\"Rodeo\"],\"inLanguage\":\"es\",\"potentialAction\":[{\"@type\":\"CommentAction\",\"name\":\"Comment\",\"target\":[\"https:\\\/\\\/diarioellabrador.cl\\\/index.php\\\/2025\\\/08\\\/28\\\/tijerales-iniciaran-la-cuenta-regresiva-para-la-xxviii-semana-de-la-chilenidad-que-tendra-grandes-atractivos\\\/#respond\"]}]},{\"@type\":\"WebPage\",\"@id\":\"https:\\\/\\\/diarioellabrador.cl\\\/index.php\\\/2025\\\/08\\\/28\\\/tijerales-iniciaran-la-cuenta-regresiva-para-la-xxviii-semana-de-la-chilenidad-que-tendra-grandes-atractivos\\\/\",\"url\":\"https:\\\/\\\/diarioellabrador.cl\\\/index.php\\\/2025\\\/08\\\/28\\\/tijerales-iniciaran-la-cuenta-regresiva-para-la-xxviii-semana-de-la-chilenidad-que-tendra-grandes-atractivos\\\/\",\"name\":\"Tijerales iniciar\u00e1n la cuenta regresiva para la XXVIII Semana de la Chilenidad que tendr\u00e1 grandes atractivos - Diario El Labrador\",\"isPartOf\":{\"@id\":\"https:\\\/\\\/diarioellabrador.cl\\\/#website\"},\"primaryImageOfPage\":{\"@id\":\"https:\\\/\\\/diarioellabrador.cl\\\/index.php\\\/2025\\\/08\\\/28\\\/tijerales-iniciaran-la-cuenta-regresiva-para-la-xxviii-semana-de-la-chilenidad-que-tendra-grandes-atractivos\\\/#primaryimage\"},\"image\":{\"@id\":\"https:\\\/\\\/diarioellabrador.cl\\\/index.php\\\/2025\\\/08\\\/28\\\/tijerales-iniciaran-la-cuenta-regresiva-para-la-xxviii-semana-de-la-chilenidad-que-tendra-grandes-atractivos\\\/#primaryimage\"},\"thumbnailUrl\":\"https:\\\/\\\/diarioellabrador.cl\\\/wp-content\\\/uploads\\\/2025\\\/08\\\/Tijerales-iniciaran-la-cuenta-regresiva-para-la-XXVIII-Semana-de-la-Chilenidad-que-tendra-grandes-atractivos.jpg\",\"datePublished\":\"2025-08-28T22:01:00+00:00\",\"breadcrumb\":{\"@id\":\"https:\\\/\\\/diarioellabrador.cl\\\/index.php\\\/2025\\\/08\\\/28\\\/tijerales-iniciaran-la-cuenta-regresiva-para-la-xxviii-semana-de-la-chilenidad-que-tendra-grandes-atractivos\\\/#breadcrumb\"},\"inLanguage\":\"es\",\"potentialAction\":[{\"@type\":\"ReadAction\",\"target\":[\"https:\\\/\\\/diarioellabrador.cl\\\/index.php\\\/2025\\\/08\\\/28\\\/tijerales-iniciaran-la-cuenta-regresiva-para-la-xxviii-semana-de-la-chilenidad-que-tendra-grandes-atractivos\\\/\"]}]},{\"@type\":\"ImageObject\",\"inLanguage\":\"es\",\"@id\":\"https:\\\/\\\/diarioellabrador.cl\\\/index.php\\\/2025\\\/08\\\/28\\\/tijerales-iniciaran-la-cuenta-regresiva-para-la-xxviii-semana-de-la-chilenidad-que-tendra-grandes-atractivos\\\/#primaryimage\",\"url\":\"https:\\\/\\\/diarioellabrador.cl\\\/wp-content\\\/uploads\\\/2025\\\/08\\\/Tijerales-iniciaran-la-cuenta-regresiva-para-la-XXVIII-Semana-de-la-Chilenidad-que-tendra-grandes-atractivos.jpg\",\"contentUrl\":\"https:\\\/\\\/diarioellabrador.cl\\\/wp-content\\\/uploads\\\/2025\\\/08\\\/Tijerales-iniciaran-la-cuenta-regresiva-para-la-XXVIII-Semana-de-la-Chilenidad-que-tendra-grandes-atractivos.jpg\",\"width\":750,\"height\":397},{\"@type\":\"BreadcrumbList\",\"@id\":\"https:\\\/\\\/diarioellabrador.cl\\\/index.php\\\/2025\\\/08\\\/28\\\/tijerales-iniciaran-la-cuenta-regresiva-para-la-xxviii-semana-de-la-chilenidad-que-tendra-grandes-atractivos\\\/#breadcrumb\",\"itemListElement\":[{\"@type\":\"ListItem\",\"position\":1,\"name\":\"Portada\",\"item\":\"https:\\\/\\\/diarioellabrador.cl\\\/\"},{\"@type\":\"ListItem\",\"position\":2,\"name\":\"Tijerales iniciar\u00e1n la cuenta regresiva para la XXVIII Semana de la Chilenidad que tendr\u00e1 grandes atractivos\"}]},{\"@type\":\"WebSite\",\"@id\":\"https:\\\/\\\/diarioellabrador.cl\\\/#website\",\"url\":\"https:\\\/\\\/diarioellabrador.cl\\\/\",\"name\":\"Diario El Labrador\",\"description\":\"Haciendo noticia desde 1921\",\"publisher\":{\"@id\":\"https:\\\/\\\/diarioellabrador.cl\\\/#organization\"},\"potentialAction\":[{\"@type\":\"SearchAction\",\"target\":{\"@type\":\"EntryPoint\",\"urlTemplate\":\"https:\\\/\\\/diarioellabrador.cl\\\/?s={search_term_string}\"},\"query-input\":{\"@type\":\"PropertyValueSpecification\",\"valueRequired\":true,\"valueName\":\"search_term_string\"}}],\"inLanguage\":\"es\"},{\"@type\":\"Organization\",\"@id\":\"https:\\\/\\\/diarioellabrador.cl\\\/#organization\",\"name\":\"Diario El Labrador\",\"url\":\"https:\\\/\\\/diarioellabrador.cl\\\/\",\"logo\":{\"@type\":\"ImageObject\",\"inLanguage\":\"es\",\"@id\":\"https:\\\/\\\/diarioellabrador.cl\\\/#\\\/schema\\\/logo\\\/image\\\/\",\"url\":\"https:\\\/\\\/diarioellabrador.cl\\\/wp-content\\\/uploads\\\/2025\\\/02\\\/cropped-Logo-Icono.png\",\"contentUrl\":\"https:\\\/\\\/diarioellabrador.cl\\\/wp-content\\\/uploads\\\/2025\\\/02\\\/cropped-Logo-Icono.png\",\"width\":512,\"height\":512,\"caption\":\"Diario El Labrador\"},\"image\":{\"@id\":\"https:\\\/\\\/diarioellabrador.cl\\\/#\\\/schema\\\/logo\\\/image\\\/\"},\"sameAs\":[\"https:\\\/\\\/web.facebook.com\\\/profile.php?id=61576120840621\",\"https:\\\/\\\/x.com\\\/ElLabradorOf\",\"https:\\\/\\\/www.instagram.com\\\/diarioellabradoroficial\\\/\"]},{\"@type\":\"Person\",\"@id\":\"https:\\\/\\\/diarioellabrador.cl\\\/#\\\/schema\\\/person\\\/bc25ff80b4563f9c7f4bd7855df01685\",\"name\":\"Editor\",\"image\":{\"@type\":\"ImageObject\",\"inLanguage\":\"es\",\"@id\":\"https:\\\/\\\/secure.gravatar.com\\\/avatar\\\/109c326cf2be5c04f048c2c2a2b8b6ef44bf3d8d1d3d4c55d0ac40c4bc994684?s=96&d=mm&r=g\",\"url\":\"https:\\\/\\\/secure.gravatar.com\\\/avatar\\\/109c326cf2be5c04f048c2c2a2b8b6ef44bf3d8d1d3d4c55d0ac40c4bc994684?s=96&d=mm&r=g\",\"contentUrl\":\"https:\\\/\\\/secure.gravatar.com\\\/avatar\\\/109c326cf2be5c04f048c2c2a2b8b6ef44bf3d8d1d3d4c55d0ac40c4bc994684?s=96&d=mm&r=g\",\"caption\":\"Editor\"},\"url\":\"https:\\\/\\\/diarioellabrador.cl\\\/index.php\\\/author\\\/editor\\\/\"}]}<\/script>\n<!-- \/ Yoast SEO plugin. -->","yoast_head_json":{"title":"Tijerales iniciar\u00e1n la cuenta regresiva para la XXVIII Semana de la Chilenidad que tendr\u00e1 grandes atractivos - Diario El Labrador","robots":{"index":"index","follow":"follow","max-snippet":"max-snippet:-1","max-image-preview":"max-image-preview:large","max-video-preview":"max-video-preview:-1"},"canonical":"https:\/\/diarioellabrador.cl\/index.php\/2025\/08\/28\/tijerales-iniciaran-la-cuenta-regresiva-para-la-xxviii-semana-de-la-chilenidad-que-tendra-grandes-atractivos\/","og_locale":"es_ES","og_type":"article","og_title":"Tijerales iniciar\u00e1n la cuenta regresiva para la XXVIII Semana de la Chilenidad que tendr\u00e1 grandes atractivos - Diario El Labrador","og_description":"Autor: Caballoyrodeo.cl Este s\u00e1bado 30 de agosto a las 12:00 horas se realizar\u00e1n en el Parque Padre Hurtado los Tijerales de la XXVIII Semana de la Chilenidad, acto que sirve para agradecer y compartir con los trabajadores que dan forma al gran evento de las tradiciones, que organiza la Federaci\u00f3n Criadores de Caballos Raza Chilena Leer m\u00e1s","og_url":"https:\/\/diarioellabrador.cl\/index.php\/2025\/08\/28\/tijerales-iniciaran-la-cuenta-regresiva-para-la-xxviii-semana-de-la-chilenidad-que-tendra-grandes-atractivos\/","og_site_name":"Diario El Labrador","article_publisher":"https:\/\/web.facebook.com\/profile.php?id=61576120840621","article_published_time":"2025-08-28T22:01:00+00:00","og_image":[{"width":750,"height":397,"url":"https:\/\/diarioellabrador.cl\/wp-content\/uploads\/2025\/08\/Tijerales-iniciaran-la-cuenta-regresiva-para-la-XXVIII-Semana-de-la-Chilenidad-que-tendra-grandes-atractivos.jpg","type":"image\/jpeg"}],"author":"Editor","twitter_card":"summary_large_image","twitter_creator":"@ElLabradorOf","twitter_site":"@ElLabradorOf","twitter_misc":{"Escrito por":"Editor","Tiempo de lectura":"2 minutos"},"schema":{"@context":"https:\/\/schema.org","@graph":[{"@type":"Article","@id":"https:\/\/diarioellabrador.cl\/index.php\/2025\/08\/28\/tijerales-iniciaran-la-cuenta-regresiva-para-la-xxviii-semana-de-la-chilenidad-que-tendra-grandes-atractivos\/#article","isPartOf":{"@id":"https:\/\/diarioellabrador.cl\/index.php\/2025\/08\/28\/tijerales-iniciaran-la-cuenta-regresiva-para-la-xxviii-semana-de-la-chilenidad-que-tendra-grandes-atractivos\/"},"author":{"name":"Editor","@id":"https:\/\/diarioellabrador.cl\/#\/schema\/person\/bc25ff80b4563f9c7f4bd7855df01685"},"headline":"Tijerales iniciar\u00e1n la cuenta regresiva para la XXVIII Semana de la Chilenidad que tendr\u00e1 grandes atractivos","datePublished":"2025-08-28T22:01:00+00:00","mainEntityOfPage":{"@id":"https:\/\/diarioellabrador.cl\/index.php\/2025\/08\/28\/tijerales-iniciaran-la-cuenta-regresiva-para-la-xxviii-semana-de-la-chilenidad-que-tendra-grandes-atractivos\/"},"wordCount":357,"commentCount":0,"publisher":{"@id":"https:\/\/diarioellabrador.cl\/#organization"},"image":{"@id":"https:\/\/diarioellabrador.cl\/index.php\/2025\/08\/28\/tijerales-iniciaran-la-cuenta-regresiva-para-la-xxviii-semana-de-la-chilenidad-que-tendra-grandes-atractivos\/#primaryimage"},"thumbnailUrl":"https:\/\/diarioellabrador.cl\/wp-content\/uploads\/2025\/08\/Tijerales-iniciaran-la-cuenta-regresiva-para-la-XXVIII-Semana-de-la-Chilenidad-que-tendra-grandes-atractivos.jpg","articleSection":["Rodeo"],"inLanguage":"es","potentialAction":[{"@type":"CommentAction","name":"Comment","target":["https:\/\/diarioellabrador.cl\/index.php\/2025\/08\/28\/tijerales-iniciaran-la-cuenta-regresiva-para-la-xxviii-semana-de-la-chilenidad-que-tendra-grandes-atractivos\/#respond"]}]},{"@type":"WebPage","@id":"https:\/\/diarioellabrador.cl\/index.php\/2025\/08\/28\/tijerales-iniciaran-la-cuenta-regresiva-para-la-xxviii-semana-de-la-chilenidad-que-tendra-grandes-atractivos\/","url":"https:\/\/diarioellabrador.cl\/index.php\/2025\/08\/28\/tijerales-iniciaran-la-cuenta-regresiva-para-la-xxviii-semana-de-la-chilenidad-que-tendra-grandes-atractivos\/","name":"Tijerales iniciar\u00e1n la cuenta regresiva para la XXVIII Semana de la Chilenidad que tendr\u00e1 grandes atractivos - Diario El Labrador","isPartOf":{"@id":"https:\/\/diarioellabrador.cl\/#website"},"primaryImageOfPage":{"@id":"https:\/\/diarioellabrador.cl\/index.php\/2025\/08\/28\/tijerales-iniciaran-la-cuenta-regresiva-para-la-xxviii-semana-de-la-chilenidad-que-tendra-grandes-atractivos\/#primaryimage"},"image":{"@id":"https:\/\/diarioellabrador.cl\/index.php\/2025\/08\/28\/tijerales-iniciaran-la-cuenta-regresiva-para-la-xxviii-semana-de-la-chilenidad-que-tendra-grandes-atractivos\/#primaryimage"},"thumbnailUrl":"https:\/\/diarioellabrador.cl\/wp-content\/uploads\/2025\/08\/Tijerales-iniciaran-la-cuenta-regresiva-para-la-XXVIII-Semana-de-la-Chilenidad-que-tendra-grandes-atractivos.jpg","datePublished":"2025-08-28T22:01:00+00:00","breadcrumb":{"@id":"https:\/\/diarioellabrador.cl\/index.php\/2025\/08\/28\/tijerales-iniciaran-la-cuenta-regresiva-para-la-xxviii-semana-de-la-chilenidad-que-tendra-grandes-atractivos\/#breadcrumb"},"inLanguage":"es","potentialAction":[{"@type":"ReadAction","target":["https:\/\/diarioellabrador.cl\/index.php\/2025\/08\/28\/tijerales-iniciaran-la-cuenta-regresiva-para-la-xxviii-semana-de-la-chilenidad-que-tendra-grandes-atractivos\/"]}]},{"@type":"ImageObject","inLanguage":"es","@id":"https:\/\/diarioellabrador.cl\/index.php\/2025\/08\/28\/tijerales-iniciaran-la-cuenta-regresiva-para-la-xxviii-semana-de-la-chilenidad-que-tendra-grandes-atractivos\/#primaryimage","url":"https:\/\/diarioellabrador.cl\/wp-content\/uploads\/2025\/08\/Tijerales-iniciaran-la-cuenta-regresiva-para-la-XXVIII-Semana-de-la-Chilenidad-que-tendra-grandes-atractivos.jpg","contentUrl":"https:\/\/diarioellabrador.cl\/wp-content\/uploads\/2025\/08\/Tijerales-iniciaran-la-cuenta-regresiva-para-la-XXVIII-Semana-de-la-Chilenidad-que-tendra-grandes-atractivos.jpg","width":750,"height":397},{"@type":"BreadcrumbList","@id":"https:\/\/diarioellabrador.cl\/index.php\/2025\/08\/28\/tijerales-iniciaran-la-cuenta-regresiva-para-la-xxviii-semana-de-la-chilenidad-que-tendra-grandes-atractivos\/#breadcrumb","itemListElement":[{"@type":"ListItem","position":1,"name":"Portada","item":"https:\/\/diarioellabrador.cl\/"},{"@type":"ListItem","position":2,"name":"Tijerales iniciar\u00e1n la cuenta regresiva para la XXVIII Semana de la Chilenidad que tendr\u00e1 grandes atractivos"}]},{"@type":"WebSite","@id":"https:\/\/diarioellabrador.cl\/#website","url":"https:\/\/diarioellabrador.cl\/","name":"Diario El Labrador","description":"Haciendo noticia desde 1921","publisher":{"@id":"https:\/\/diarioellabrador.cl\/#organization"},"potentialAction":[{"@type":"SearchAction","target":{"@type":"EntryPoint","urlTemplate":"https:\/\/diarioellabrador.cl\/?s={search_term_string}"},"query-input":{"@type":"PropertyValueSpecification","valueRequired":true,"valueName":"search_term_string"}}],"inLanguage":"es"},{"@type":"Organization","@id":"https:\/\/diarioellabrador.cl\/#organization","name":"Diario El Labrador","url":"https:\/\/diarioellabrador.cl\/","logo":{"@type":"ImageObject","inLanguage":"es","@id":"https:\/\/diarioellabrador.cl\/#\/schema\/logo\/image\/","url":"https:\/\/diarioellabrador.cl\/wp-content\/uploads\/2025\/02\/cropped-Logo-Icono.png","contentUrl":"https:\/\/diarioellabrador.cl\/wp-content\/uploads\/2025\/02\/cropped-Logo-Icono.png","width":512,"height":512,"caption":"Diario El Labrador"},"image":{"@id":"https:\/\/diarioellabrador.cl\/#\/schema\/logo\/image\/"},"sameAs":["https:\/\/web.facebook.com\/profile.php?id=61576120840621","https:\/\/x.com\/ElLabradorOf","https:\/\/www.instagram.com\/diarioellabradoroficial\/"]},{"@type":"Person","@id":"https:\/\/diarioellabrador.cl\/#\/schema\/person\/bc25ff80b4563f9c7f4bd7855df01685","name":"Editor","image":{"@type":"ImageObject","inLanguage":"es","@id":"https:\/\/secure.gravatar.com\/avatar\/109c326cf2be5c04f048c2c2a2b8b6ef44bf3d8d1d3d4c55d0ac40c4bc994684?s=96&d=mm&r=g","url":"https:\/\/secure.gravatar.com\/avatar\/109c326cf2be5c04f048c2c2a2b8b6ef44bf3d8d1d3d4c55d0ac40c4bc994684?s=96&d=mm&r=g","contentUrl":"https:\/\/secure.gravatar.com\/avatar\/109c326cf2be5c04f048c2c2a2b8b6ef44bf3d8d1d3d4c55d0ac40c4bc994684?s=96&d=mm&r=g","caption":"Editor"},"url":"https:\/\/diarioellabrador.cl\/index.php\/author\/editor\/"}]}},"_links":{"self":[{"href":"https:\/\/diarioellabrador.cl\/index.php\/wp-json\/wp\/v2\/posts\/7834","targetHints":{"allow":["GET"]}}],"collection":[{"href":"https:\/\/diarioellabrador.cl\/index.php\/wp-json\/wp\/v2\/posts"}],"about":[{"href":"https:\/\/diarioellabrador.cl\/index.php\/wp-json\/wp\/v2\/types\/post"}],"author":[{"embeddable":true,"href":"https:\/\/diarioellabrador.cl\/index.php\/wp-json\/wp\/v2\/users\/2"}],"replies":[{"embeddable":true,"href":"https:\/\/diarioellabrador.cl\/index.php\/wp-json\/wp\/v2\/comments?post=7834"}],"version-history":[{"count":1,"href":"https:\/\/diarioellabrador.cl\/index.php\/wp-json\/wp\/v2\/posts\/7834\/revisions"}],"predecessor-version":[{"id":7835,"href":"https:\/\/diarioellabrador.cl\/index.php\/wp-json\/wp\/v2\/posts\/7834\/revisions\/7835"}],"wp:featuredmedia":[{"embeddable":true,"href":"https:\/\/diarioellabrador.cl\/index.php\/wp-json\/wp\/v2\/media\/7814"}],"wp:attachment":[{"href":"https:\/\/diarioellabrador.cl\/index.php\/wp-json\/wp\/v2\/media?parent=7834"}],"wp:term":[{"taxonomy":"category","embeddable":true,"href":"https:\/\/diarioellabrador.cl\/index.php\/wp-json\/wp\/v2\/categories?post=7834"},{"taxonomy":"post_tag","embeddable":true,"href":"https:\/\/diarioellabrador.cl\/index.php\/wp-json\/wp\/v2\/tags?post=7834"}],"curies":[{"name":"wp","href":"https:\/\/api.w.org\/{rel}","templated":true}]}}