{"id":7776,"date":"2025-08-26T20:41:03","date_gmt":"2025-08-27T00:41:03","guid":{"rendered":"https:\/\/diarioellabrador.cl\/?p=7776"},"modified":"2025-08-26T20:41:05","modified_gmt":"2025-08-27T00:41:05","slug":"nieve-en-la-region-metropolitana-cuando-donde-y-cuantos-centimetros-podrian-caer-esta-semana","status":"publish","type":"post","link":"https:\/\/diarioellabrador.cl\/index.php\/2025\/08\/26\/nieve-en-la-region-metropolitana-cuando-donde-y-cuantos-centimetros-podrian-caer-esta-semana\/","title":{"rendered":"Nieve en la regi\u00f3n Metropolitana: \u00bfCu\u00e1ndo, d\u00f3nde y cu\u00e1ntos cent\u00edmetros podr\u00edan caer esta semana?"},"content":{"rendered":"\n<p><strong><em>Se podr\u00edan esperar precipitaciones en 13 regiones de Chile. Revisa aqu\u00ed el pron\u00f3stico para los d\u00edas que vienen.<\/em><\/strong><\/p>\n\n\n\n<p>Una de las principales caracter\u00edsticas del clima en la <a href=\"https:\/\/www.adnradio.cl\/tag\/region_metropolitana_santiago\/a\/\">regi\u00f3n Metropolitana<\/a> durante esta semana son las <strong>elevadas temperaturas registradas en los term\u00f3metros<\/strong>.<\/p>\n\n\n\n<p>Eso s\u00ed, la situaci\u00f3n tomar\u00e1 un giro importante hacia el fin de semana. Seg\u00fan <strong>Meteored<\/strong>, una <strong>baja segregada y una circulaci\u00f3n cicl\u00f3nica se mover\u00e1 de sur a norte<\/strong>.<\/p>\n\n\n\n<p>\u201cAportar\u00e1 <strong>inestabilidad suficiente para dejar precipitaciones<\/strong> a lo largo y ancho de muchas regiones\u201d, indic\u00f3 el sitio en uno de sus reportes m\u00e1s recientes.<\/p>\n\n\n\n<p>Si bien el escenario podr\u00eda evolucionar de otra forma, por ahora se esperar\u00edan algunas gotas entre <strong>jueves 28 y viernes 29<\/strong>. Meteor\u00f3logos coinciden en que no ser\u00e1 un monto significativo.<\/p>\n\n\n\n<p>Por otro lado, el portal ya citado habl\u00f3 de probabilidad<strong> precipitaciones s\u00f3lida exclusivamente en el tramo de la cordillera<\/strong>.<\/p>\n\n\n\n<p>Un desglose del sitio web muestra entre<strong> dos y diez mil\u00edmetros de agua entre la regi\u00f3n de Valpara\u00edso y Metropolitana <\/strong>entre viernes-s\u00e1bado.<\/p>\n\n\n\n<p>En tanto, los acumulados de nieve en las zonas altas <strong>se situar\u00e1n entre los cinco y veinte cent\u00edmetros<\/strong>.<\/p>\n\n\n\n<p>Mientras que <strong>algunos recibir\u00e1n algunos mil\u00edmetros m\u00e1s<\/strong>, <strong>otros no ver\u00e1n ni uno<\/strong> y quedar\u00e1n con jornadas fr\u00edas y nubosas\u00bb, precisaron en base a los modelos ECMWF y GFS.<\/p>\n\n\n\n<p>\u201cEl n\u00facleo fr\u00edo dejar\u00e1 un aporte m\u00e1s abundante de precipitaciones s\u00f3lidas en cordillera a su paso\u201c, se concluy\u00f3.<\/p>\n","protected":false},"excerpt":{"rendered":"<p>Se podr\u00edan esperar precipitaciones en 13 regiones de Chile. Revisa aqu\u00ed el pron\u00f3stico para los d\u00edas que vienen. Una de las principales caracter\u00edsticas del clima en la regi\u00f3n Metropolitana durante esta semana son las elevadas temperaturas registradas en los term\u00f3metros. Eso s\u00ed, la situaci\u00f3n tomar\u00e1 un giro importante hacia el fin de semana. Seg\u00fan Meteored,<\/p>\n<div class=\"read-more-wrapper\"><a class=\"read-more\" href=\"https:\/\/diarioellabrador.cl\/index.php\/2025\/08\/26\/nieve-en-la-region-metropolitana-cuando-donde-y-cuantos-centimetros-podrian-caer-esta-semana\/\" title=\"Leer m\u00e1s\"> <span class=\"button \">Leer m\u00e1s<\/span><\/a><\/div>\n","protected":false},"author":2,"featured_media":7734,"comment_status":"open","ping_status":"open","sticky":false,"template":"","format":"standard","meta":{"footnotes":""},"categories":[1],"tags":[],"class_list":["post-7776","post","type-post","status-publish","format-standard","has-post-thumbnail","hentry","category-cronica"],"yoast_head":"<!-- This site is optimized with the Yoast SEO plugin v27.5 - https:\/\/yoast.com\/product\/yoast-seo-wordpress\/ -->\n<title>Nieve en la regi\u00f3n Metropolitana: \u00bfCu\u00e1ndo, d\u00f3nde y cu\u00e1ntos cent\u00edmetros podr\u00edan caer esta semana? - Diario El Labrador<\/title>\n<meta name=\"robots\" content=\"index, follow, max-snippet:-1, max-image-preview:large, max-video-preview:-1\" \/>\n<link rel=\"canonical\" href=\"https:\/\/diarioellabrador.cl\/index.php\/2025\/08\/26\/nieve-en-la-region-metropolitana-cuando-donde-y-cuantos-centimetros-podrian-caer-esta-semana\/\" \/>\n<meta property=\"og:locale\" content=\"es_ES\" \/>\n<meta property=\"og:type\" content=\"article\" \/>\n<meta property=\"og:title\" content=\"Nieve en la regi\u00f3n Metropolitana: \u00bfCu\u00e1ndo, d\u00f3nde y cu\u00e1ntos cent\u00edmetros podr\u00edan caer esta semana? - Diario El Labrador\" \/>\n<meta property=\"og:description\" content=\"Se podr\u00edan esperar precipitaciones en 13 regiones de Chile. Revisa aqu\u00ed el pron\u00f3stico para los d\u00edas que vienen. Una de las principales caracter\u00edsticas del clima en la regi\u00f3n Metropolitana durante esta semana son las elevadas temperaturas registradas en los term\u00f3metros. Eso s\u00ed, la situaci\u00f3n tomar\u00e1 un giro importante hacia el fin de semana. Seg\u00fan Meteored, Leer m\u00e1s\" \/>\n<meta property=\"og:url\" content=\"https:\/\/diarioellabrador.cl\/index.php\/2025\/08\/26\/nieve-en-la-region-metropolitana-cuando-donde-y-cuantos-centimetros-podrian-caer-esta-semana\/\" \/>\n<meta property=\"og:site_name\" content=\"Diario El Labrador\" \/>\n<meta property=\"article:publisher\" content=\"https:\/\/web.facebook.com\/profile.php?id=61576120840621\" \/>\n<meta property=\"article:published_time\" content=\"2025-08-27T00:41:03+00:00\" \/>\n<meta property=\"article:modified_time\" content=\"2025-08-27T00:41:05+00:00\" \/>\n<meta property=\"og:image\" content=\"https:\/\/diarioellabrador.cl\/wp-content\/uploads\/2025\/08\/Nieve-en-la-region-Metropolitana-Cuando-donde-y-cuantos-centimetros-podrian-caer-esta-semana.jpg\" \/>\n\t<meta property=\"og:image:width\" content=\"710\" \/>\n\t<meta property=\"og:image:height\" content=\"399\" \/>\n\t<meta property=\"og:image:type\" content=\"image\/jpeg\" \/>\n<meta name=\"author\" content=\"Editor\" \/>\n<meta name=\"twitter:card\" content=\"summary_large_image\" \/>\n<meta name=\"twitter:creator\" content=\"@ElLabradorOf\" \/>\n<meta name=\"twitter:site\" content=\"@ElLabradorOf\" \/>\n<meta name=\"twitter:label1\" content=\"Escrito por\" \/>\n\t<meta name=\"twitter:data1\" content=\"Editor\" \/>\n\t<meta name=\"twitter:label2\" content=\"Tiempo de lectura\" \/>\n\t<meta name=\"twitter:data2\" content=\"2 minutos\" \/>\n<script type=\"application\/ld+json\" class=\"yoast-schema-graph\">{\"@context\":\"https:\\\/\\\/schema.org\",\"@graph\":[{\"@type\":\"Article\",\"@id\":\"https:\\\/\\\/diarioellabrador.cl\\\/index.php\\\/2025\\\/08\\\/26\\\/nieve-en-la-region-metropolitana-cuando-donde-y-cuantos-centimetros-podrian-caer-esta-semana\\\/#article\",\"isPartOf\":{\"@id\":\"https:\\\/\\\/diarioellabrador.cl\\\/index.php\\\/2025\\\/08\\\/26\\\/nieve-en-la-region-metropolitana-cuando-donde-y-cuantos-centimetros-podrian-caer-esta-semana\\\/\"},\"author\":{\"name\":\"Editor\",\"@id\":\"https:\\\/\\\/diarioellabrador.cl\\\/#\\\/schema\\\/person\\\/bc25ff80b4563f9c7f4bd7855df01685\"},\"headline\":\"Nieve en la regi\u00f3n Metropolitana: \u00bfCu\u00e1ndo, d\u00f3nde y cu\u00e1ntos cent\u00edmetros podr\u00edan caer esta semana?\",\"datePublished\":\"2025-08-27T00:41:03+00:00\",\"dateModified\":\"2025-08-27T00:41:05+00:00\",\"mainEntityOfPage\":{\"@id\":\"https:\\\/\\\/diarioellabrador.cl\\\/index.php\\\/2025\\\/08\\\/26\\\/nieve-en-la-region-metropolitana-cuando-donde-y-cuantos-centimetros-podrian-caer-esta-semana\\\/\"},\"wordCount\":275,\"commentCount\":0,\"publisher\":{\"@id\":\"https:\\\/\\\/diarioellabrador.cl\\\/#organization\"},\"image\":{\"@id\":\"https:\\\/\\\/diarioellabrador.cl\\\/index.php\\\/2025\\\/08\\\/26\\\/nieve-en-la-region-metropolitana-cuando-donde-y-cuantos-centimetros-podrian-caer-esta-semana\\\/#primaryimage\"},\"thumbnailUrl\":\"https:\\\/\\\/diarioellabrador.cl\\\/wp-content\\\/uploads\\\/2025\\\/08\\\/Nieve-en-la-region-Metropolitana-Cuando-donde-y-cuantos-centimetros-podrian-caer-esta-semana.jpg\",\"articleSection\":[\"Cr\u00f3nica\"],\"inLanguage\":\"es\",\"potentialAction\":[{\"@type\":\"CommentAction\",\"name\":\"Comment\",\"target\":[\"https:\\\/\\\/diarioellabrador.cl\\\/index.php\\\/2025\\\/08\\\/26\\\/nieve-en-la-region-metropolitana-cuando-donde-y-cuantos-centimetros-podrian-caer-esta-semana\\\/#respond\"]}]},{\"@type\":\"WebPage\",\"@id\":\"https:\\\/\\\/diarioellabrador.cl\\\/index.php\\\/2025\\\/08\\\/26\\\/nieve-en-la-region-metropolitana-cuando-donde-y-cuantos-centimetros-podrian-caer-esta-semana\\\/\",\"url\":\"https:\\\/\\\/diarioellabrador.cl\\\/index.php\\\/2025\\\/08\\\/26\\\/nieve-en-la-region-metropolitana-cuando-donde-y-cuantos-centimetros-podrian-caer-esta-semana\\\/\",\"name\":\"Nieve en la regi\u00f3n Metropolitana: \u00bfCu\u00e1ndo, d\u00f3nde y cu\u00e1ntos cent\u00edmetros podr\u00edan caer esta semana? - Diario El Labrador\",\"isPartOf\":{\"@id\":\"https:\\\/\\\/diarioellabrador.cl\\\/#website\"},\"primaryImageOfPage\":{\"@id\":\"https:\\\/\\\/diarioellabrador.cl\\\/index.php\\\/2025\\\/08\\\/26\\\/nieve-en-la-region-metropolitana-cuando-donde-y-cuantos-centimetros-podrian-caer-esta-semana\\\/#primaryimage\"},\"image\":{\"@id\":\"https:\\\/\\\/diarioellabrador.cl\\\/index.php\\\/2025\\\/08\\\/26\\\/nieve-en-la-region-metropolitana-cuando-donde-y-cuantos-centimetros-podrian-caer-esta-semana\\\/#primaryimage\"},\"thumbnailUrl\":\"https:\\\/\\\/diarioellabrador.cl\\\/wp-content\\\/uploads\\\/2025\\\/08\\\/Nieve-en-la-region-Metropolitana-Cuando-donde-y-cuantos-centimetros-podrian-caer-esta-semana.jpg\",\"datePublished\":\"2025-08-27T00:41:03+00:00\",\"dateModified\":\"2025-08-27T00:41:05+00:00\",\"breadcrumb\":{\"@id\":\"https:\\\/\\\/diarioellabrador.cl\\\/index.php\\\/2025\\\/08\\\/26\\\/nieve-en-la-region-metropolitana-cuando-donde-y-cuantos-centimetros-podrian-caer-esta-semana\\\/#breadcrumb\"},\"inLanguage\":\"es\",\"potentialAction\":[{\"@type\":\"ReadAction\",\"target\":[\"https:\\\/\\\/diarioellabrador.cl\\\/index.php\\\/2025\\\/08\\\/26\\\/nieve-en-la-region-metropolitana-cuando-donde-y-cuantos-centimetros-podrian-caer-esta-semana\\\/\"]}]},{\"@type\":\"ImageObject\",\"inLanguage\":\"es\",\"@id\":\"https:\\\/\\\/diarioellabrador.cl\\\/index.php\\\/2025\\\/08\\\/26\\\/nieve-en-la-region-metropolitana-cuando-donde-y-cuantos-centimetros-podrian-caer-esta-semana\\\/#primaryimage\",\"url\":\"https:\\\/\\\/diarioellabrador.cl\\\/wp-content\\\/uploads\\\/2025\\\/08\\\/Nieve-en-la-region-Metropolitana-Cuando-donde-y-cuantos-centimetros-podrian-caer-esta-semana.jpg\",\"contentUrl\":\"https:\\\/\\\/diarioellabrador.cl\\\/wp-content\\\/uploads\\\/2025\\\/08\\\/Nieve-en-la-region-Metropolitana-Cuando-donde-y-cuantos-centimetros-podrian-caer-esta-semana.jpg\",\"width\":710,\"height\":399},{\"@type\":\"BreadcrumbList\",\"@id\":\"https:\\\/\\\/diarioellabrador.cl\\\/index.php\\\/2025\\\/08\\\/26\\\/nieve-en-la-region-metropolitana-cuando-donde-y-cuantos-centimetros-podrian-caer-esta-semana\\\/#breadcrumb\",\"itemListElement\":[{\"@type\":\"ListItem\",\"position\":1,\"name\":\"Portada\",\"item\":\"https:\\\/\\\/diarioellabrador.cl\\\/\"},{\"@type\":\"ListItem\",\"position\":2,\"name\":\"Nieve en la regi\u00f3n Metropolitana: \u00bfCu\u00e1ndo, d\u00f3nde y cu\u00e1ntos cent\u00edmetros podr\u00edan caer esta semana?\"}]},{\"@type\":\"WebSite\",\"@id\":\"https:\\\/\\\/diarioellabrador.cl\\\/#website\",\"url\":\"https:\\\/\\\/diarioellabrador.cl\\\/\",\"name\":\"Diario El Labrador\",\"description\":\"Haciendo noticia desde 1921\",\"publisher\":{\"@id\":\"https:\\\/\\\/diarioellabrador.cl\\\/#organization\"},\"potentialAction\":[{\"@type\":\"SearchAction\",\"target\":{\"@type\":\"EntryPoint\",\"urlTemplate\":\"https:\\\/\\\/diarioellabrador.cl\\\/?s={search_term_string}\"},\"query-input\":{\"@type\":\"PropertyValueSpecification\",\"valueRequired\":true,\"valueName\":\"search_term_string\"}}],\"inLanguage\":\"es\"},{\"@type\":\"Organization\",\"@id\":\"https:\\\/\\\/diarioellabrador.cl\\\/#organization\",\"name\":\"Diario El Labrador\",\"url\":\"https:\\\/\\\/diarioellabrador.cl\\\/\",\"logo\":{\"@type\":\"ImageObject\",\"inLanguage\":\"es\",\"@id\":\"https:\\\/\\\/diarioellabrador.cl\\\/#\\\/schema\\\/logo\\\/image\\\/\",\"url\":\"https:\\\/\\\/diarioellabrador.cl\\\/wp-content\\\/uploads\\\/2025\\\/02\\\/cropped-Logo-Icono.png\",\"contentUrl\":\"https:\\\/\\\/diarioellabrador.cl\\\/wp-content\\\/uploads\\\/2025\\\/02\\\/cropped-Logo-Icono.png\",\"width\":512,\"height\":512,\"caption\":\"Diario El Labrador\"},\"image\":{\"@id\":\"https:\\\/\\\/diarioellabrador.cl\\\/#\\\/schema\\\/logo\\\/image\\\/\"},\"sameAs\":[\"https:\\\/\\\/web.facebook.com\\\/profile.php?id=61576120840621\",\"https:\\\/\\\/x.com\\\/ElLabradorOf\",\"https:\\\/\\\/www.instagram.com\\\/diarioellabradoroficial\\\/\"]},{\"@type\":\"Person\",\"@id\":\"https:\\\/\\\/diarioellabrador.cl\\\/#\\\/schema\\\/person\\\/bc25ff80b4563f9c7f4bd7855df01685\",\"name\":\"Editor\",\"image\":{\"@type\":\"ImageObject\",\"inLanguage\":\"es\",\"@id\":\"https:\\\/\\\/secure.gravatar.com\\\/avatar\\\/109c326cf2be5c04f048c2c2a2b8b6ef44bf3d8d1d3d4c55d0ac40c4bc994684?s=96&d=mm&r=g\",\"url\":\"https:\\\/\\\/secure.gravatar.com\\\/avatar\\\/109c326cf2be5c04f048c2c2a2b8b6ef44bf3d8d1d3d4c55d0ac40c4bc994684?s=96&d=mm&r=g\",\"contentUrl\":\"https:\\\/\\\/secure.gravatar.com\\\/avatar\\\/109c326cf2be5c04f048c2c2a2b8b6ef44bf3d8d1d3d4c55d0ac40c4bc994684?s=96&d=mm&r=g\",\"caption\":\"Editor\"},\"url\":\"https:\\\/\\\/diarioellabrador.cl\\\/index.php\\\/author\\\/editor\\\/\"}]}<\/script>\n<!-- \/ Yoast SEO plugin. -->","yoast_head_json":{"title":"Nieve en la regi\u00f3n Metropolitana: \u00bfCu\u00e1ndo, d\u00f3nde y cu\u00e1ntos cent\u00edmetros podr\u00edan caer esta semana? - Diario El Labrador","robots":{"index":"index","follow":"follow","max-snippet":"max-snippet:-1","max-image-preview":"max-image-preview:large","max-video-preview":"max-video-preview:-1"},"canonical":"https:\/\/diarioellabrador.cl\/index.php\/2025\/08\/26\/nieve-en-la-region-metropolitana-cuando-donde-y-cuantos-centimetros-podrian-caer-esta-semana\/","og_locale":"es_ES","og_type":"article","og_title":"Nieve en la regi\u00f3n Metropolitana: \u00bfCu\u00e1ndo, d\u00f3nde y cu\u00e1ntos cent\u00edmetros podr\u00edan caer esta semana? - Diario El Labrador","og_description":"Se podr\u00edan esperar precipitaciones en 13 regiones de Chile. Revisa aqu\u00ed el pron\u00f3stico para los d\u00edas que vienen. Una de las principales caracter\u00edsticas del clima en la regi\u00f3n Metropolitana durante esta semana son las elevadas temperaturas registradas en los term\u00f3metros. Eso s\u00ed, la situaci\u00f3n tomar\u00e1 un giro importante hacia el fin de semana. Seg\u00fan Meteored, Leer m\u00e1s","og_url":"https:\/\/diarioellabrador.cl\/index.php\/2025\/08\/26\/nieve-en-la-region-metropolitana-cuando-donde-y-cuantos-centimetros-podrian-caer-esta-semana\/","og_site_name":"Diario El Labrador","article_publisher":"https:\/\/web.facebook.com\/profile.php?id=61576120840621","article_published_time":"2025-08-27T00:41:03+00:00","article_modified_time":"2025-08-27T00:41:05+00:00","og_image":[{"width":710,"height":399,"url":"https:\/\/diarioellabrador.cl\/wp-content\/uploads\/2025\/08\/Nieve-en-la-region-Metropolitana-Cuando-donde-y-cuantos-centimetros-podrian-caer-esta-semana.jpg","type":"image\/jpeg"}],"author":"Editor","twitter_card":"summary_large_image","twitter_creator":"@ElLabradorOf","twitter_site":"@ElLabradorOf","twitter_misc":{"Escrito por":"Editor","Tiempo de lectura":"2 minutos"},"schema":{"@context":"https:\/\/schema.org","@graph":[{"@type":"Article","@id":"https:\/\/diarioellabrador.cl\/index.php\/2025\/08\/26\/nieve-en-la-region-metropolitana-cuando-donde-y-cuantos-centimetros-podrian-caer-esta-semana\/#article","isPartOf":{"@id":"https:\/\/diarioellabrador.cl\/index.php\/2025\/08\/26\/nieve-en-la-region-metropolitana-cuando-donde-y-cuantos-centimetros-podrian-caer-esta-semana\/"},"author":{"name":"Editor","@id":"https:\/\/diarioellabrador.cl\/#\/schema\/person\/bc25ff80b4563f9c7f4bd7855df01685"},"headline":"Nieve en la regi\u00f3n Metropolitana: \u00bfCu\u00e1ndo, d\u00f3nde y cu\u00e1ntos cent\u00edmetros podr\u00edan caer esta semana?","datePublished":"2025-08-27T00:41:03+00:00","dateModified":"2025-08-27T00:41:05+00:00","mainEntityOfPage":{"@id":"https:\/\/diarioellabrador.cl\/index.php\/2025\/08\/26\/nieve-en-la-region-metropolitana-cuando-donde-y-cuantos-centimetros-podrian-caer-esta-semana\/"},"wordCount":275,"commentCount":0,"publisher":{"@id":"https:\/\/diarioellabrador.cl\/#organization"},"image":{"@id":"https:\/\/diarioellabrador.cl\/index.php\/2025\/08\/26\/nieve-en-la-region-metropolitana-cuando-donde-y-cuantos-centimetros-podrian-caer-esta-semana\/#primaryimage"},"thumbnailUrl":"https:\/\/diarioellabrador.cl\/wp-content\/uploads\/2025\/08\/Nieve-en-la-region-Metropolitana-Cuando-donde-y-cuantos-centimetros-podrian-caer-esta-semana.jpg","articleSection":["Cr\u00f3nica"],"inLanguage":"es","potentialAction":[{"@type":"CommentAction","name":"Comment","target":["https:\/\/diarioellabrador.cl\/index.php\/2025\/08\/26\/nieve-en-la-region-metropolitana-cuando-donde-y-cuantos-centimetros-podrian-caer-esta-semana\/#respond"]}]},{"@type":"WebPage","@id":"https:\/\/diarioellabrador.cl\/index.php\/2025\/08\/26\/nieve-en-la-region-metropolitana-cuando-donde-y-cuantos-centimetros-podrian-caer-esta-semana\/","url":"https:\/\/diarioellabrador.cl\/index.php\/2025\/08\/26\/nieve-en-la-region-metropolitana-cuando-donde-y-cuantos-centimetros-podrian-caer-esta-semana\/","name":"Nieve en la regi\u00f3n Metropolitana: \u00bfCu\u00e1ndo, d\u00f3nde y cu\u00e1ntos cent\u00edmetros podr\u00edan caer esta semana? - Diario El Labrador","isPartOf":{"@id":"https:\/\/diarioellabrador.cl\/#website"},"primaryImageOfPage":{"@id":"https:\/\/diarioellabrador.cl\/index.php\/2025\/08\/26\/nieve-en-la-region-metropolitana-cuando-donde-y-cuantos-centimetros-podrian-caer-esta-semana\/#primaryimage"},"image":{"@id":"https:\/\/diarioellabrador.cl\/index.php\/2025\/08\/26\/nieve-en-la-region-metropolitana-cuando-donde-y-cuantos-centimetros-podrian-caer-esta-semana\/#primaryimage"},"thumbnailUrl":"https:\/\/diarioellabrador.cl\/wp-content\/uploads\/2025\/08\/Nieve-en-la-region-Metropolitana-Cuando-donde-y-cuantos-centimetros-podrian-caer-esta-semana.jpg","datePublished":"2025-08-27T00:41:03+00:00","dateModified":"2025-08-27T00:41:05+00:00","breadcrumb":{"@id":"https:\/\/diarioellabrador.cl\/index.php\/2025\/08\/26\/nieve-en-la-region-metropolitana-cuando-donde-y-cuantos-centimetros-podrian-caer-esta-semana\/#breadcrumb"},"inLanguage":"es","potentialAction":[{"@type":"ReadAction","target":["https:\/\/diarioellabrador.cl\/index.php\/2025\/08\/26\/nieve-en-la-region-metropolitana-cuando-donde-y-cuantos-centimetros-podrian-caer-esta-semana\/"]}]},{"@type":"ImageObject","inLanguage":"es","@id":"https:\/\/diarioellabrador.cl\/index.php\/2025\/08\/26\/nieve-en-la-region-metropolitana-cuando-donde-y-cuantos-centimetros-podrian-caer-esta-semana\/#primaryimage","url":"https:\/\/diarioellabrador.cl\/wp-content\/uploads\/2025\/08\/Nieve-en-la-region-Metropolitana-Cuando-donde-y-cuantos-centimetros-podrian-caer-esta-semana.jpg","contentUrl":"https:\/\/diarioellabrador.cl\/wp-content\/uploads\/2025\/08\/Nieve-en-la-region-Metropolitana-Cuando-donde-y-cuantos-centimetros-podrian-caer-esta-semana.jpg","width":710,"height":399},{"@type":"BreadcrumbList","@id":"https:\/\/diarioellabrador.cl\/index.php\/2025\/08\/26\/nieve-en-la-region-metropolitana-cuando-donde-y-cuantos-centimetros-podrian-caer-esta-semana\/#breadcrumb","itemListElement":[{"@type":"ListItem","position":1,"name":"Portada","item":"https:\/\/diarioellabrador.cl\/"},{"@type":"ListItem","position":2,"name":"Nieve en la regi\u00f3n Metropolitana: \u00bfCu\u00e1ndo, d\u00f3nde y cu\u00e1ntos cent\u00edmetros podr\u00edan caer esta semana?"}]},{"@type":"WebSite","@id":"https:\/\/diarioellabrador.cl\/#website","url":"https:\/\/diarioellabrador.cl\/","name":"Diario El Labrador","description":"Haciendo noticia desde 1921","publisher":{"@id":"https:\/\/diarioellabrador.cl\/#organization"},"potentialAction":[{"@type":"SearchAction","target":{"@type":"EntryPoint","urlTemplate":"https:\/\/diarioellabrador.cl\/?s={search_term_string}"},"query-input":{"@type":"PropertyValueSpecification","valueRequired":true,"valueName":"search_term_string"}}],"inLanguage":"es"},{"@type":"Organization","@id":"https:\/\/diarioellabrador.cl\/#organization","name":"Diario El Labrador","url":"https:\/\/diarioellabrador.cl\/","logo":{"@type":"ImageObject","inLanguage":"es","@id":"https:\/\/diarioellabrador.cl\/#\/schema\/logo\/image\/","url":"https:\/\/diarioellabrador.cl\/wp-content\/uploads\/2025\/02\/cropped-Logo-Icono.png","contentUrl":"https:\/\/diarioellabrador.cl\/wp-content\/uploads\/2025\/02\/cropped-Logo-Icono.png","width":512,"height":512,"caption":"Diario El Labrador"},"image":{"@id":"https:\/\/diarioellabrador.cl\/#\/schema\/logo\/image\/"},"sameAs":["https:\/\/web.facebook.com\/profile.php?id=61576120840621","https:\/\/x.com\/ElLabradorOf","https:\/\/www.instagram.com\/diarioellabradoroficial\/"]},{"@type":"Person","@id":"https:\/\/diarioellabrador.cl\/#\/schema\/person\/bc25ff80b4563f9c7f4bd7855df01685","name":"Editor","image":{"@type":"ImageObject","inLanguage":"es","@id":"https:\/\/secure.gravatar.com\/avatar\/109c326cf2be5c04f048c2c2a2b8b6ef44bf3d8d1d3d4c55d0ac40c4bc994684?s=96&d=mm&r=g","url":"https:\/\/secure.gravatar.com\/avatar\/109c326cf2be5c04f048c2c2a2b8b6ef44bf3d8d1d3d4c55d0ac40c4bc994684?s=96&d=mm&r=g","contentUrl":"https:\/\/secure.gravatar.com\/avatar\/109c326cf2be5c04f048c2c2a2b8b6ef44bf3d8d1d3d4c55d0ac40c4bc994684?s=96&d=mm&r=g","caption":"Editor"},"url":"https:\/\/diarioellabrador.cl\/index.php\/author\/editor\/"}]}},"_links":{"self":[{"href":"https:\/\/diarioellabrador.cl\/index.php\/wp-json\/wp\/v2\/posts\/7776","targetHints":{"allow":["GET"]}}],"collection":[{"href":"https:\/\/diarioellabrador.cl\/index.php\/wp-json\/wp\/v2\/posts"}],"about":[{"href":"https:\/\/diarioellabrador.cl\/index.php\/wp-json\/wp\/v2\/types\/post"}],"author":[{"embeddable":true,"href":"https:\/\/diarioellabrador.cl\/index.php\/wp-json\/wp\/v2\/users\/2"}],"replies":[{"embeddable":true,"href":"https:\/\/diarioellabrador.cl\/index.php\/wp-json\/wp\/v2\/comments?post=7776"}],"version-history":[{"count":1,"href":"https:\/\/diarioellabrador.cl\/index.php\/wp-json\/wp\/v2\/posts\/7776\/revisions"}],"predecessor-version":[{"id":7777,"href":"https:\/\/diarioellabrador.cl\/index.php\/wp-json\/wp\/v2\/posts\/7776\/revisions\/7777"}],"wp:featuredmedia":[{"embeddable":true,"href":"https:\/\/diarioellabrador.cl\/index.php\/wp-json\/wp\/v2\/media\/7734"}],"wp:attachment":[{"href":"https:\/\/diarioellabrador.cl\/index.php\/wp-json\/wp\/v2\/media?parent=7776"}],"wp:term":[{"taxonomy":"category","embeddable":true,"href":"https:\/\/diarioellabrador.cl\/index.php\/wp-json\/wp\/v2\/categories?post=7776"},{"taxonomy":"post_tag","embeddable":true,"href":"https:\/\/diarioellabrador.cl\/index.php\/wp-json\/wp\/v2\/tags?post=7776"}],"curies":[{"name":"wp","href":"https:\/\/api.w.org\/{rel}","templated":true}]}}