{"id":7699,"date":"2025-08-25T18:07:32","date_gmt":"2025-08-25T22:07:32","guid":{"rendered":"https:\/\/diarioellabrador.cl\/?p=7699"},"modified":"2025-08-25T18:07:33","modified_gmt":"2025-08-25T22:07:33","slug":"gobierno-de-santiago-entrega-balance-del-programa-comunidad-contra-el-fuego-y-refuerza-llamado-a-la-prevencion-ante-el-riesgo-de-incendios-forestales-en-la-region-metropolitana","status":"publish","type":"post","link":"https:\/\/diarioellabrador.cl\/index.php\/2025\/08\/25\/gobierno-de-santiago-entrega-balance-del-programa-comunidad-contra-el-fuego-y-refuerza-llamado-a-la-prevencion-ante-el-riesgo-de-incendios-forestales-en-la-region-metropolitana\/","title":{"rendered":"Gobierno de Santiago entrega balance del programa Comunidad Contra el Fuego y refuerza llamado a la prevenci\u00f3n ante el riesgo de incendios forestales en la Regi\u00f3n Metropolitana"},"content":{"rendered":"\n<p>Con un fuerte llamado a la corresponsabilidad ciudadana, el Gobierno de Santiago realiz\u00f3 el cierre del programa Comunidad Contra el Fuego, una iniciativa ejecutada junto a la ONG Corporaci\u00f3n Altos de Cantillana y la Red de Santuarios de la Naturaleza, cuyo objetivo ha sido fortalecer la prevenci\u00f3n de incendios forestales en zonas de interfaz y resguardar los ecosistemas de los 12 Santuarios de la Naturaleza de la Regi\u00f3n Metropolitana, que en conjunto suman m\u00e1s de 78 mil hect\u00e1reas de biodiversidad.<\/p>\n\n\n\n<p>El proyecto surge en un escenario desafiante: solo en el verano pasado (2024-2025) la regi\u00f3n registr\u00f3 761 incendios forestales, con 6.241 hect\u00e1reas afectadas. Pese a que los siniestros aumentaron en un 40% respecto al periodo anterior, la superficie quemada disminuy\u00f3 casi un 30%. Las provincias m\u00e1s impactadas fueron Chacabuco y Melipilla, que concentraron el 85% de la superficie da\u00f1ada.<\/p>\n\n\n\n<p>\u201cHoy en d\u00eda vemos m\u00e1s incendios, pero con menor impacto. Estamos bien preparados para combatir incendios, lo que hay que mejorar ahora es la prevenci\u00f3n, por eso como Gobierno de Santiago implementamos Comunidad Contra el Fuego, que fue un \u00e9xito ya que evitamos incendios en toda la Red de Santuarios de la RM\u201d, explic\u00f3 el Gobernador Orrego respecto al programa.<\/p>\n\n\n\n<p>Ante esta realidad, Comunidad Contra el Fuego apost\u00f3 por la prevenci\u00f3n desde la educaci\u00f3n, logrando instalar capacidades concretas en 13 comunas de la regi\u00f3n. En su primer a\u00f1o de ejecuci\u00f3n, el programa alcanz\u00f3 a m\u00e1s de 5 mil personas, con acciones que incluyeron talleres en escuelas, capacitaciones comunitarias, ferias ciudadanas y campa\u00f1as digitales. Entre los principales resultados destacan:<\/p>\n\n\n\n<ul class=\"wp-block-list\">\n<li>313 personas capacitadas en prevenci\u00f3n y primera respuesta frente a incendios forestales (43% mujeres).<\/li>\n\n\n\n<li>406 escolares de sectores rurales y urbanos sensibilizados en torno al cuidado de la biodiversidad en los Santuarios y el riesgo ante incendios forestales.<\/li>\n\n\n\n<li>12 kits de herramientas forestales entregados a comunidades estrat\u00e9gicas.<\/li>\n\n\n\n<li>M\u00e1s de 1.000 integrantes en la Brigada Digital, red de alerta preventiva activa en comunas como Tiltil, Pirque y Melipilla.<\/li>\n<\/ul>\n\n\n\n<p>\u201cEste programa nos deja aprendizajes muy valiosos: comunidades m\u00e1s organizadas, capacidades instaladas y una red activa de prevenci\u00f3n. El desaf\u00edo ahora es mantener este compromiso, porque la temporada que se inicia traer\u00e1 nuevamente riesgos importantes, y solo con corresponsabilidad podremos enfrentarlos\u201d, se\u00f1al\u00f3 Mauricio Fabry, jefe de la Divisi\u00f3n de Planificaci\u00f3n y Desarrollo Regional.<\/p>\n\n\n\n<p>El trabajo territorial tambi\u00e9n dio frutos concretos: durante el verano del 2024-2025 ninguna hect\u00e1rea dentro de los Santuarios de la Naturaleza de la RM result\u00f3 afectada por incendios forestales. \u201cCada verano vemos c\u00f3mo el fuego amenaza tanto los ecosistemas como la seguridad de las familias. Con Comunidad Contra el Fuego demostramos que la prevenci\u00f3n es posible cuando se activa desde las comunidades. Acciones simples, como mantener cortafuegos o despejar material combustible en el entorno de las viviendas, reducen significativamente el riesgo de propagaci\u00f3n\u201d, destac\u00f3 Fernanda Romero, coordinadora del programa.<\/p>\n\n\n\n<p>Por su parte, la directora regional de CONAF RM, Elke Huss expres\u00f3 que \u201ceste programa de prevenci\u00f3n de incendios forestales en sectores rurales y zonas de interfaz es un aliado para reducir las amenazas, al entregar formaci\u00f3n y metodolog\u00edas, junto con un fuerte \u00e9nfasis en la educaci\u00f3n y la generaci\u00f3n de consciencia ambiental\u201d.<\/p>\n\n\n\n<p>Adem\u00e1s de la acci\u00f3n comunitaria, Comunidad Contra el Fuego impuls\u00f3 espacios de gobernanza y articulaci\u00f3n. Un hito clave fue la tercera sesi\u00f3n de la Mesa Multisectorial, realizada el 10 de julio, donde participaron m\u00e1s de 40 representantes de instituciones p\u00fablicas, privadas y sociales \u2014incluyendo CONAF, Bomberos, municipios, academia y brigadas locales\u2014, con el fin de planificar coordinadamente la temporada 2025-2026.<\/p>\n\n\n\n<p>Con estos avances, Comunidad Contra el Fuego se proyecta como un modelo replicable a nivel nacional, reafirmando que la prevenci\u00f3n efectiva solo es posible con comunidades conscientes, herramientas adecuadas y alianzas s\u00f3lidas entre la ciudadan\u00eda, las instituciones y el Estado.<\/p>\n","protected":false},"excerpt":{"rendered":"<p>Con un fuerte llamado a la corresponsabilidad ciudadana, el Gobierno de Santiago realiz\u00f3 el cierre del programa Comunidad Contra el Fuego, una iniciativa ejecutada junto a la ONG Corporaci\u00f3n Altos de Cantillana y la Red de Santuarios de la Naturaleza, cuyo objetivo ha sido fortalecer la prevenci\u00f3n de incendios forestales en zonas de interfaz y<\/p>\n<div class=\"read-more-wrapper\"><a class=\"read-more\" href=\"https:\/\/diarioellabrador.cl\/index.php\/2025\/08\/25\/gobierno-de-santiago-entrega-balance-del-programa-comunidad-contra-el-fuego-y-refuerza-llamado-a-la-prevencion-ante-el-riesgo-de-incendios-forestales-en-la-region-metropolitana\/\" title=\"Leer m\u00e1s\"> <span class=\"button \">Leer m\u00e1s<\/span><\/a><\/div>\n","protected":false},"author":2,"featured_media":7654,"comment_status":"open","ping_status":"open","sticky":false,"template":"","format":"standard","meta":{"footnotes":""},"categories":[1],"tags":[],"class_list":["post-7699","post","type-post","status-publish","format-standard","has-post-thumbnail","hentry","category-cronica"],"yoast_head":"<!-- This site is optimized with the Yoast SEO plugin v27.5 - https:\/\/yoast.com\/product\/yoast-seo-wordpress\/ -->\n<title>Gobierno de Santiago entrega balance del programa Comunidad Contra el Fuego y refuerza llamado a la prevenci\u00f3n ante el riesgo de incendios forestales en la Regi\u00f3n Metropolitana - Diario El Labrador<\/title>\n<meta name=\"robots\" content=\"index, follow, max-snippet:-1, max-image-preview:large, max-video-preview:-1\" \/>\n<link rel=\"canonical\" href=\"https:\/\/diarioellabrador.cl\/index.php\/2025\/08\/25\/gobierno-de-santiago-entrega-balance-del-programa-comunidad-contra-el-fuego-y-refuerza-llamado-a-la-prevencion-ante-el-riesgo-de-incendios-forestales-en-la-region-metropolitana\/\" \/>\n<meta property=\"og:locale\" content=\"es_ES\" \/>\n<meta property=\"og:type\" content=\"article\" \/>\n<meta property=\"og:title\" content=\"Gobierno de Santiago entrega balance del programa Comunidad Contra el Fuego y refuerza llamado a la prevenci\u00f3n ante el riesgo de incendios forestales en la Regi\u00f3n Metropolitana - Diario El Labrador\" \/>\n<meta property=\"og:description\" content=\"Con un fuerte llamado a la corresponsabilidad ciudadana, el Gobierno de Santiago realiz\u00f3 el cierre del programa Comunidad Contra el Fuego, una iniciativa ejecutada junto a la ONG Corporaci\u00f3n Altos de Cantillana y la Red de Santuarios de la Naturaleza, cuyo objetivo ha sido fortalecer la prevenci\u00f3n de incendios forestales en zonas de interfaz y Leer m\u00e1s\" \/>\n<meta property=\"og:url\" content=\"https:\/\/diarioellabrador.cl\/index.php\/2025\/08\/25\/gobierno-de-santiago-entrega-balance-del-programa-comunidad-contra-el-fuego-y-refuerza-llamado-a-la-prevencion-ante-el-riesgo-de-incendios-forestales-en-la-region-metropolitana\/\" \/>\n<meta property=\"og:site_name\" content=\"Diario El Labrador\" \/>\n<meta property=\"article:publisher\" content=\"https:\/\/web.facebook.com\/profile.php?id=61576120840621\" \/>\n<meta property=\"article:published_time\" content=\"2025-08-25T22:07:32+00:00\" \/>\n<meta property=\"article:modified_time\" content=\"2025-08-25T22:07:33+00:00\" \/>\n<meta property=\"og:image\" content=\"https:\/\/diarioellabrador.cl\/wp-content\/uploads\/2025\/08\/Gobierno-de-Santiago-entrega-balance-del-programa-Comunidad-Contra-el-Fuego-y-refuerza-llamado-a-la-prevencion-ante-el-riesgo-de-incendios-forestales-en-la-Region-Metropolitana-2.jpeg\" \/>\n\t<meta property=\"og:image:width\" content=\"1280\" \/>\n\t<meta property=\"og:image:height\" content=\"844\" \/>\n\t<meta property=\"og:image:type\" content=\"image\/jpeg\" \/>\n<meta name=\"author\" content=\"Editor\" \/>\n<meta name=\"twitter:card\" content=\"summary_large_image\" \/>\n<meta name=\"twitter:creator\" content=\"@ElLabradorOf\" \/>\n<meta name=\"twitter:site\" content=\"@ElLabradorOf\" \/>\n<meta name=\"twitter:label1\" content=\"Escrito por\" \/>\n\t<meta name=\"twitter:data1\" content=\"Editor\" \/>\n\t<meta name=\"twitter:label2\" content=\"Tiempo de lectura\" \/>\n\t<meta name=\"twitter:data2\" content=\"4 minutos\" \/>\n<script type=\"application\/ld+json\" class=\"yoast-schema-graph\">{\"@context\":\"https:\\\/\\\/schema.org\",\"@graph\":[{\"@type\":\"Article\",\"@id\":\"https:\\\/\\\/diarioellabrador.cl\\\/index.php\\\/2025\\\/08\\\/25\\\/gobierno-de-santiago-entrega-balance-del-programa-comunidad-contra-el-fuego-y-refuerza-llamado-a-la-prevencion-ante-el-riesgo-de-incendios-forestales-en-la-region-metropolitana\\\/#article\",\"isPartOf\":{\"@id\":\"https:\\\/\\\/diarioellabrador.cl\\\/index.php\\\/2025\\\/08\\\/25\\\/gobierno-de-santiago-entrega-balance-del-programa-comunidad-contra-el-fuego-y-refuerza-llamado-a-la-prevencion-ante-el-riesgo-de-incendios-forestales-en-la-region-metropolitana\\\/\"},\"author\":{\"name\":\"Editor\",\"@id\":\"https:\\\/\\\/diarioellabrador.cl\\\/#\\\/schema\\\/person\\\/bc25ff80b4563f9c7f4bd7855df01685\"},\"headline\":\"Gobierno de Santiago entrega balance del programa Comunidad Contra el Fuego y refuerza llamado a la prevenci\u00f3n ante el riesgo de incendios forestales en la Regi\u00f3n Metropolitana\",\"datePublished\":\"2025-08-25T22:07:32+00:00\",\"dateModified\":\"2025-08-25T22:07:33+00:00\",\"mainEntityOfPage\":{\"@id\":\"https:\\\/\\\/diarioellabrador.cl\\\/index.php\\\/2025\\\/08\\\/25\\\/gobierno-de-santiago-entrega-balance-del-programa-comunidad-contra-el-fuego-y-refuerza-llamado-a-la-prevencion-ante-el-riesgo-de-incendios-forestales-en-la-region-metropolitana\\\/\"},\"wordCount\":679,\"commentCount\":0,\"publisher\":{\"@id\":\"https:\\\/\\\/diarioellabrador.cl\\\/#organization\"},\"image\":{\"@id\":\"https:\\\/\\\/diarioellabrador.cl\\\/index.php\\\/2025\\\/08\\\/25\\\/gobierno-de-santiago-entrega-balance-del-programa-comunidad-contra-el-fuego-y-refuerza-llamado-a-la-prevencion-ante-el-riesgo-de-incendios-forestales-en-la-region-metropolitana\\\/#primaryimage\"},\"thumbnailUrl\":\"https:\\\/\\\/diarioellabrador.cl\\\/wp-content\\\/uploads\\\/2025\\\/08\\\/Gobierno-de-Santiago-entrega-balance-del-programa-Comunidad-Contra-el-Fuego-y-refuerza-llamado-a-la-prevencion-ante-el-riesgo-de-incendios-forestales-en-la-Region-Metropolitana-2.jpeg\",\"articleSection\":[\"Cr\u00f3nica\"],\"inLanguage\":\"es\",\"potentialAction\":[{\"@type\":\"CommentAction\",\"name\":\"Comment\",\"target\":[\"https:\\\/\\\/diarioellabrador.cl\\\/index.php\\\/2025\\\/08\\\/25\\\/gobierno-de-santiago-entrega-balance-del-programa-comunidad-contra-el-fuego-y-refuerza-llamado-a-la-prevencion-ante-el-riesgo-de-incendios-forestales-en-la-region-metropolitana\\\/#respond\"]}]},{\"@type\":\"WebPage\",\"@id\":\"https:\\\/\\\/diarioellabrador.cl\\\/index.php\\\/2025\\\/08\\\/25\\\/gobierno-de-santiago-entrega-balance-del-programa-comunidad-contra-el-fuego-y-refuerza-llamado-a-la-prevencion-ante-el-riesgo-de-incendios-forestales-en-la-region-metropolitana\\\/\",\"url\":\"https:\\\/\\\/diarioellabrador.cl\\\/index.php\\\/2025\\\/08\\\/25\\\/gobierno-de-santiago-entrega-balance-del-programa-comunidad-contra-el-fuego-y-refuerza-llamado-a-la-prevencion-ante-el-riesgo-de-incendios-forestales-en-la-region-metropolitana\\\/\",\"name\":\"Gobierno de Santiago entrega balance del programa Comunidad Contra el Fuego y refuerza llamado a la prevenci\u00f3n ante el riesgo de incendios forestales en la Regi\u00f3n Metropolitana - Diario El Labrador\",\"isPartOf\":{\"@id\":\"https:\\\/\\\/diarioellabrador.cl\\\/#website\"},\"primaryImageOfPage\":{\"@id\":\"https:\\\/\\\/diarioellabrador.cl\\\/index.php\\\/2025\\\/08\\\/25\\\/gobierno-de-santiago-entrega-balance-del-programa-comunidad-contra-el-fuego-y-refuerza-llamado-a-la-prevencion-ante-el-riesgo-de-incendios-forestales-en-la-region-metropolitana\\\/#primaryimage\"},\"image\":{\"@id\":\"https:\\\/\\\/diarioellabrador.cl\\\/index.php\\\/2025\\\/08\\\/25\\\/gobierno-de-santiago-entrega-balance-del-programa-comunidad-contra-el-fuego-y-refuerza-llamado-a-la-prevencion-ante-el-riesgo-de-incendios-forestales-en-la-region-metropolitana\\\/#primaryimage\"},\"thumbnailUrl\":\"https:\\\/\\\/diarioellabrador.cl\\\/wp-content\\\/uploads\\\/2025\\\/08\\\/Gobierno-de-Santiago-entrega-balance-del-programa-Comunidad-Contra-el-Fuego-y-refuerza-llamado-a-la-prevencion-ante-el-riesgo-de-incendios-forestales-en-la-Region-Metropolitana-2.jpeg\",\"datePublished\":\"2025-08-25T22:07:32+00:00\",\"dateModified\":\"2025-08-25T22:07:33+00:00\",\"breadcrumb\":{\"@id\":\"https:\\\/\\\/diarioellabrador.cl\\\/index.php\\\/2025\\\/08\\\/25\\\/gobierno-de-santiago-entrega-balance-del-programa-comunidad-contra-el-fuego-y-refuerza-llamado-a-la-prevencion-ante-el-riesgo-de-incendios-forestales-en-la-region-metropolitana\\\/#breadcrumb\"},\"inLanguage\":\"es\",\"potentialAction\":[{\"@type\":\"ReadAction\",\"target\":[\"https:\\\/\\\/diarioellabrador.cl\\\/index.php\\\/2025\\\/08\\\/25\\\/gobierno-de-santiago-entrega-balance-del-programa-comunidad-contra-el-fuego-y-refuerza-llamado-a-la-prevencion-ante-el-riesgo-de-incendios-forestales-en-la-region-metropolitana\\\/\"]}]},{\"@type\":\"ImageObject\",\"inLanguage\":\"es\",\"@id\":\"https:\\\/\\\/diarioellabrador.cl\\\/index.php\\\/2025\\\/08\\\/25\\\/gobierno-de-santiago-entrega-balance-del-programa-comunidad-contra-el-fuego-y-refuerza-llamado-a-la-prevencion-ante-el-riesgo-de-incendios-forestales-en-la-region-metropolitana\\\/#primaryimage\",\"url\":\"https:\\\/\\\/diarioellabrador.cl\\\/wp-content\\\/uploads\\\/2025\\\/08\\\/Gobierno-de-Santiago-entrega-balance-del-programa-Comunidad-Contra-el-Fuego-y-refuerza-llamado-a-la-prevencion-ante-el-riesgo-de-incendios-forestales-en-la-Region-Metropolitana-2.jpeg\",\"contentUrl\":\"https:\\\/\\\/diarioellabrador.cl\\\/wp-content\\\/uploads\\\/2025\\\/08\\\/Gobierno-de-Santiago-entrega-balance-del-programa-Comunidad-Contra-el-Fuego-y-refuerza-llamado-a-la-prevencion-ante-el-riesgo-de-incendios-forestales-en-la-Region-Metropolitana-2.jpeg\",\"width\":1280,\"height\":844},{\"@type\":\"BreadcrumbList\",\"@id\":\"https:\\\/\\\/diarioellabrador.cl\\\/index.php\\\/2025\\\/08\\\/25\\\/gobierno-de-santiago-entrega-balance-del-programa-comunidad-contra-el-fuego-y-refuerza-llamado-a-la-prevencion-ante-el-riesgo-de-incendios-forestales-en-la-region-metropolitana\\\/#breadcrumb\",\"itemListElement\":[{\"@type\":\"ListItem\",\"position\":1,\"name\":\"Portada\",\"item\":\"https:\\\/\\\/diarioellabrador.cl\\\/\"},{\"@type\":\"ListItem\",\"position\":2,\"name\":\"Gobierno de Santiago entrega balance del programa Comunidad Contra el Fuego y refuerza llamado a la prevenci\u00f3n ante el riesgo de incendios forestales en la Regi\u00f3n Metropolitana\"}]},{\"@type\":\"WebSite\",\"@id\":\"https:\\\/\\\/diarioellabrador.cl\\\/#website\",\"url\":\"https:\\\/\\\/diarioellabrador.cl\\\/\",\"name\":\"Diario El Labrador\",\"description\":\"Haciendo noticia desde 1921\",\"publisher\":{\"@id\":\"https:\\\/\\\/diarioellabrador.cl\\\/#organization\"},\"potentialAction\":[{\"@type\":\"SearchAction\",\"target\":{\"@type\":\"EntryPoint\",\"urlTemplate\":\"https:\\\/\\\/diarioellabrador.cl\\\/?s={search_term_string}\"},\"query-input\":{\"@type\":\"PropertyValueSpecification\",\"valueRequired\":true,\"valueName\":\"search_term_string\"}}],\"inLanguage\":\"es\"},{\"@type\":\"Organization\",\"@id\":\"https:\\\/\\\/diarioellabrador.cl\\\/#organization\",\"name\":\"Diario El Labrador\",\"url\":\"https:\\\/\\\/diarioellabrador.cl\\\/\",\"logo\":{\"@type\":\"ImageObject\",\"inLanguage\":\"es\",\"@id\":\"https:\\\/\\\/diarioellabrador.cl\\\/#\\\/schema\\\/logo\\\/image\\\/\",\"url\":\"https:\\\/\\\/diarioellabrador.cl\\\/wp-content\\\/uploads\\\/2025\\\/02\\\/cropped-Logo-Icono.png\",\"contentUrl\":\"https:\\\/\\\/diarioellabrador.cl\\\/wp-content\\\/uploads\\\/2025\\\/02\\\/cropped-Logo-Icono.png\",\"width\":512,\"height\":512,\"caption\":\"Diario El Labrador\"},\"image\":{\"@id\":\"https:\\\/\\\/diarioellabrador.cl\\\/#\\\/schema\\\/logo\\\/image\\\/\"},\"sameAs\":[\"https:\\\/\\\/web.facebook.com\\\/profile.php?id=61576120840621\",\"https:\\\/\\\/x.com\\\/ElLabradorOf\",\"https:\\\/\\\/www.instagram.com\\\/diarioellabradoroficial\\\/\"]},{\"@type\":\"Person\",\"@id\":\"https:\\\/\\\/diarioellabrador.cl\\\/#\\\/schema\\\/person\\\/bc25ff80b4563f9c7f4bd7855df01685\",\"name\":\"Editor\",\"image\":{\"@type\":\"ImageObject\",\"inLanguage\":\"es\",\"@id\":\"https:\\\/\\\/secure.gravatar.com\\\/avatar\\\/109c326cf2be5c04f048c2c2a2b8b6ef44bf3d8d1d3d4c55d0ac40c4bc994684?s=96&d=mm&r=g\",\"url\":\"https:\\\/\\\/secure.gravatar.com\\\/avatar\\\/109c326cf2be5c04f048c2c2a2b8b6ef44bf3d8d1d3d4c55d0ac40c4bc994684?s=96&d=mm&r=g\",\"contentUrl\":\"https:\\\/\\\/secure.gravatar.com\\\/avatar\\\/109c326cf2be5c04f048c2c2a2b8b6ef44bf3d8d1d3d4c55d0ac40c4bc994684?s=96&d=mm&r=g\",\"caption\":\"Editor\"},\"url\":\"https:\\\/\\\/diarioellabrador.cl\\\/index.php\\\/author\\\/editor\\\/\"}]}<\/script>\n<!-- \/ Yoast SEO plugin. -->","yoast_head_json":{"title":"Gobierno de Santiago entrega balance del programa Comunidad Contra el Fuego y refuerza llamado a la prevenci\u00f3n ante el riesgo de incendios forestales en la Regi\u00f3n Metropolitana - Diario El Labrador","robots":{"index":"index","follow":"follow","max-snippet":"max-snippet:-1","max-image-preview":"max-image-preview:large","max-video-preview":"max-video-preview:-1"},"canonical":"https:\/\/diarioellabrador.cl\/index.php\/2025\/08\/25\/gobierno-de-santiago-entrega-balance-del-programa-comunidad-contra-el-fuego-y-refuerza-llamado-a-la-prevencion-ante-el-riesgo-de-incendios-forestales-en-la-region-metropolitana\/","og_locale":"es_ES","og_type":"article","og_title":"Gobierno de Santiago entrega balance del programa Comunidad Contra el Fuego y refuerza llamado a la prevenci\u00f3n ante el riesgo de incendios forestales en la Regi\u00f3n Metropolitana - Diario El Labrador","og_description":"Con un fuerte llamado a la corresponsabilidad ciudadana, el Gobierno de Santiago realiz\u00f3 el cierre del programa Comunidad Contra el Fuego, una iniciativa ejecutada junto a la ONG Corporaci\u00f3n Altos de Cantillana y la Red de Santuarios de la Naturaleza, cuyo objetivo ha sido fortalecer la prevenci\u00f3n de incendios forestales en zonas de interfaz y Leer m\u00e1s","og_url":"https:\/\/diarioellabrador.cl\/index.php\/2025\/08\/25\/gobierno-de-santiago-entrega-balance-del-programa-comunidad-contra-el-fuego-y-refuerza-llamado-a-la-prevencion-ante-el-riesgo-de-incendios-forestales-en-la-region-metropolitana\/","og_site_name":"Diario El Labrador","article_publisher":"https:\/\/web.facebook.com\/profile.php?id=61576120840621","article_published_time":"2025-08-25T22:07:32+00:00","article_modified_time":"2025-08-25T22:07:33+00:00","og_image":[{"width":1280,"height":844,"url":"https:\/\/diarioellabrador.cl\/wp-content\/uploads\/2025\/08\/Gobierno-de-Santiago-entrega-balance-del-programa-Comunidad-Contra-el-Fuego-y-refuerza-llamado-a-la-prevencion-ante-el-riesgo-de-incendios-forestales-en-la-Region-Metropolitana-2.jpeg","type":"image\/jpeg"}],"author":"Editor","twitter_card":"summary_large_image","twitter_creator":"@ElLabradorOf","twitter_site":"@ElLabradorOf","twitter_misc":{"Escrito por":"Editor","Tiempo de lectura":"4 minutos"},"schema":{"@context":"https:\/\/schema.org","@graph":[{"@type":"Article","@id":"https:\/\/diarioellabrador.cl\/index.php\/2025\/08\/25\/gobierno-de-santiago-entrega-balance-del-programa-comunidad-contra-el-fuego-y-refuerza-llamado-a-la-prevencion-ante-el-riesgo-de-incendios-forestales-en-la-region-metropolitana\/#article","isPartOf":{"@id":"https:\/\/diarioellabrador.cl\/index.php\/2025\/08\/25\/gobierno-de-santiago-entrega-balance-del-programa-comunidad-contra-el-fuego-y-refuerza-llamado-a-la-prevencion-ante-el-riesgo-de-incendios-forestales-en-la-region-metropolitana\/"},"author":{"name":"Editor","@id":"https:\/\/diarioellabrador.cl\/#\/schema\/person\/bc25ff80b4563f9c7f4bd7855df01685"},"headline":"Gobierno de Santiago entrega balance del programa Comunidad Contra el Fuego y refuerza llamado a la prevenci\u00f3n ante el riesgo de incendios forestales en la Regi\u00f3n Metropolitana","datePublished":"2025-08-25T22:07:32+00:00","dateModified":"2025-08-25T22:07:33+00:00","mainEntityOfPage":{"@id":"https:\/\/diarioellabrador.cl\/index.php\/2025\/08\/25\/gobierno-de-santiago-entrega-balance-del-programa-comunidad-contra-el-fuego-y-refuerza-llamado-a-la-prevencion-ante-el-riesgo-de-incendios-forestales-en-la-region-metropolitana\/"},"wordCount":679,"commentCount":0,"publisher":{"@id":"https:\/\/diarioellabrador.cl\/#organization"},"image":{"@id":"https:\/\/diarioellabrador.cl\/index.php\/2025\/08\/25\/gobierno-de-santiago-entrega-balance-del-programa-comunidad-contra-el-fuego-y-refuerza-llamado-a-la-prevencion-ante-el-riesgo-de-incendios-forestales-en-la-region-metropolitana\/#primaryimage"},"thumbnailUrl":"https:\/\/diarioellabrador.cl\/wp-content\/uploads\/2025\/08\/Gobierno-de-Santiago-entrega-balance-del-programa-Comunidad-Contra-el-Fuego-y-refuerza-llamado-a-la-prevencion-ante-el-riesgo-de-incendios-forestales-en-la-Region-Metropolitana-2.jpeg","articleSection":["Cr\u00f3nica"],"inLanguage":"es","potentialAction":[{"@type":"CommentAction","name":"Comment","target":["https:\/\/diarioellabrador.cl\/index.php\/2025\/08\/25\/gobierno-de-santiago-entrega-balance-del-programa-comunidad-contra-el-fuego-y-refuerza-llamado-a-la-prevencion-ante-el-riesgo-de-incendios-forestales-en-la-region-metropolitana\/#respond"]}]},{"@type":"WebPage","@id":"https:\/\/diarioellabrador.cl\/index.php\/2025\/08\/25\/gobierno-de-santiago-entrega-balance-del-programa-comunidad-contra-el-fuego-y-refuerza-llamado-a-la-prevencion-ante-el-riesgo-de-incendios-forestales-en-la-region-metropolitana\/","url":"https:\/\/diarioellabrador.cl\/index.php\/2025\/08\/25\/gobierno-de-santiago-entrega-balance-del-programa-comunidad-contra-el-fuego-y-refuerza-llamado-a-la-prevencion-ante-el-riesgo-de-incendios-forestales-en-la-region-metropolitana\/","name":"Gobierno de Santiago entrega balance del programa Comunidad Contra el Fuego y refuerza llamado a la prevenci\u00f3n ante el riesgo de incendios forestales en la Regi\u00f3n Metropolitana - Diario El Labrador","isPartOf":{"@id":"https:\/\/diarioellabrador.cl\/#website"},"primaryImageOfPage":{"@id":"https:\/\/diarioellabrador.cl\/index.php\/2025\/08\/25\/gobierno-de-santiago-entrega-balance-del-programa-comunidad-contra-el-fuego-y-refuerza-llamado-a-la-prevencion-ante-el-riesgo-de-incendios-forestales-en-la-region-metropolitana\/#primaryimage"},"image":{"@id":"https:\/\/diarioellabrador.cl\/index.php\/2025\/08\/25\/gobierno-de-santiago-entrega-balance-del-programa-comunidad-contra-el-fuego-y-refuerza-llamado-a-la-prevencion-ante-el-riesgo-de-incendios-forestales-en-la-region-metropolitana\/#primaryimage"},"thumbnailUrl":"https:\/\/diarioellabrador.cl\/wp-content\/uploads\/2025\/08\/Gobierno-de-Santiago-entrega-balance-del-programa-Comunidad-Contra-el-Fuego-y-refuerza-llamado-a-la-prevencion-ante-el-riesgo-de-incendios-forestales-en-la-Region-Metropolitana-2.jpeg","datePublished":"2025-08-25T22:07:32+00:00","dateModified":"2025-08-25T22:07:33+00:00","breadcrumb":{"@id":"https:\/\/diarioellabrador.cl\/index.php\/2025\/08\/25\/gobierno-de-santiago-entrega-balance-del-programa-comunidad-contra-el-fuego-y-refuerza-llamado-a-la-prevencion-ante-el-riesgo-de-incendios-forestales-en-la-region-metropolitana\/#breadcrumb"},"inLanguage":"es","potentialAction":[{"@type":"ReadAction","target":["https:\/\/diarioellabrador.cl\/index.php\/2025\/08\/25\/gobierno-de-santiago-entrega-balance-del-programa-comunidad-contra-el-fuego-y-refuerza-llamado-a-la-prevencion-ante-el-riesgo-de-incendios-forestales-en-la-region-metropolitana\/"]}]},{"@type":"ImageObject","inLanguage":"es","@id":"https:\/\/diarioellabrador.cl\/index.php\/2025\/08\/25\/gobierno-de-santiago-entrega-balance-del-programa-comunidad-contra-el-fuego-y-refuerza-llamado-a-la-prevencion-ante-el-riesgo-de-incendios-forestales-en-la-region-metropolitana\/#primaryimage","url":"https:\/\/diarioellabrador.cl\/wp-content\/uploads\/2025\/08\/Gobierno-de-Santiago-entrega-balance-del-programa-Comunidad-Contra-el-Fuego-y-refuerza-llamado-a-la-prevencion-ante-el-riesgo-de-incendios-forestales-en-la-Region-Metropolitana-2.jpeg","contentUrl":"https:\/\/diarioellabrador.cl\/wp-content\/uploads\/2025\/08\/Gobierno-de-Santiago-entrega-balance-del-programa-Comunidad-Contra-el-Fuego-y-refuerza-llamado-a-la-prevencion-ante-el-riesgo-de-incendios-forestales-en-la-Region-Metropolitana-2.jpeg","width":1280,"height":844},{"@type":"BreadcrumbList","@id":"https:\/\/diarioellabrador.cl\/index.php\/2025\/08\/25\/gobierno-de-santiago-entrega-balance-del-programa-comunidad-contra-el-fuego-y-refuerza-llamado-a-la-prevencion-ante-el-riesgo-de-incendios-forestales-en-la-region-metropolitana\/#breadcrumb","itemListElement":[{"@type":"ListItem","position":1,"name":"Portada","item":"https:\/\/diarioellabrador.cl\/"},{"@type":"ListItem","position":2,"name":"Gobierno de Santiago entrega balance del programa Comunidad Contra el Fuego y refuerza llamado a la prevenci\u00f3n ante el riesgo de incendios forestales en la Regi\u00f3n Metropolitana"}]},{"@type":"WebSite","@id":"https:\/\/diarioellabrador.cl\/#website","url":"https:\/\/diarioellabrador.cl\/","name":"Diario El Labrador","description":"Haciendo noticia desde 1921","publisher":{"@id":"https:\/\/diarioellabrador.cl\/#organization"},"potentialAction":[{"@type":"SearchAction","target":{"@type":"EntryPoint","urlTemplate":"https:\/\/diarioellabrador.cl\/?s={search_term_string}"},"query-input":{"@type":"PropertyValueSpecification","valueRequired":true,"valueName":"search_term_string"}}],"inLanguage":"es"},{"@type":"Organization","@id":"https:\/\/diarioellabrador.cl\/#organization","name":"Diario El Labrador","url":"https:\/\/diarioellabrador.cl\/","logo":{"@type":"ImageObject","inLanguage":"es","@id":"https:\/\/diarioellabrador.cl\/#\/schema\/logo\/image\/","url":"https:\/\/diarioellabrador.cl\/wp-content\/uploads\/2025\/02\/cropped-Logo-Icono.png","contentUrl":"https:\/\/diarioellabrador.cl\/wp-content\/uploads\/2025\/02\/cropped-Logo-Icono.png","width":512,"height":512,"caption":"Diario El Labrador"},"image":{"@id":"https:\/\/diarioellabrador.cl\/#\/schema\/logo\/image\/"},"sameAs":["https:\/\/web.facebook.com\/profile.php?id=61576120840621","https:\/\/x.com\/ElLabradorOf","https:\/\/www.instagram.com\/diarioellabradoroficial\/"]},{"@type":"Person","@id":"https:\/\/diarioellabrador.cl\/#\/schema\/person\/bc25ff80b4563f9c7f4bd7855df01685","name":"Editor","image":{"@type":"ImageObject","inLanguage":"es","@id":"https:\/\/secure.gravatar.com\/avatar\/109c326cf2be5c04f048c2c2a2b8b6ef44bf3d8d1d3d4c55d0ac40c4bc994684?s=96&d=mm&r=g","url":"https:\/\/secure.gravatar.com\/avatar\/109c326cf2be5c04f048c2c2a2b8b6ef44bf3d8d1d3d4c55d0ac40c4bc994684?s=96&d=mm&r=g","contentUrl":"https:\/\/secure.gravatar.com\/avatar\/109c326cf2be5c04f048c2c2a2b8b6ef44bf3d8d1d3d4c55d0ac40c4bc994684?s=96&d=mm&r=g","caption":"Editor"},"url":"https:\/\/diarioellabrador.cl\/index.php\/author\/editor\/"}]}},"_links":{"self":[{"href":"https:\/\/diarioellabrador.cl\/index.php\/wp-json\/wp\/v2\/posts\/7699","targetHints":{"allow":["GET"]}}],"collection":[{"href":"https:\/\/diarioellabrador.cl\/index.php\/wp-json\/wp\/v2\/posts"}],"about":[{"href":"https:\/\/diarioellabrador.cl\/index.php\/wp-json\/wp\/v2\/types\/post"}],"author":[{"embeddable":true,"href":"https:\/\/diarioellabrador.cl\/index.php\/wp-json\/wp\/v2\/users\/2"}],"replies":[{"embeddable":true,"href":"https:\/\/diarioellabrador.cl\/index.php\/wp-json\/wp\/v2\/comments?post=7699"}],"version-history":[{"count":1,"href":"https:\/\/diarioellabrador.cl\/index.php\/wp-json\/wp\/v2\/posts\/7699\/revisions"}],"predecessor-version":[{"id":7700,"href":"https:\/\/diarioellabrador.cl\/index.php\/wp-json\/wp\/v2\/posts\/7699\/revisions\/7700"}],"wp:featuredmedia":[{"embeddable":true,"href":"https:\/\/diarioellabrador.cl\/index.php\/wp-json\/wp\/v2\/media\/7654"}],"wp:attachment":[{"href":"https:\/\/diarioellabrador.cl\/index.php\/wp-json\/wp\/v2\/media?parent=7699"}],"wp:term":[{"taxonomy":"category","embeddable":true,"href":"https:\/\/diarioellabrador.cl\/index.php\/wp-json\/wp\/v2\/categories?post=7699"},{"taxonomy":"post_tag","embeddable":true,"href":"https:\/\/diarioellabrador.cl\/index.php\/wp-json\/wp\/v2\/tags?post=7699"}],"curies":[{"name":"wp","href":"https:\/\/api.w.org\/{rel}","templated":true}]}}