{"id":7600,"date":"2025-08-23T17:53:38","date_gmt":"2025-08-23T21:53:38","guid":{"rendered":"https:\/\/diarioellabrador.cl\/?p=7600"},"modified":"2025-08-23T17:53:39","modified_gmt":"2025-08-23T21:53:39","slug":"federacion-de-criadores-afina-detalles-de-historico-encuentro-con-un-centenar-de-mujeres","status":"publish","type":"post","link":"https:\/\/diarioellabrador.cl\/index.php\/2025\/08\/23\/federacion-de-criadores-afina-detalles-de-historico-encuentro-con-un-centenar-de-mujeres\/","title":{"rendered":"Federaci\u00f3n de Criadores afina detalles de hist\u00f3rico encuentro con un centenar de mujeres"},"content":{"rendered":"\n<p><strong>Autor: <\/strong><a href=\"https:\/\/www.caballoyrodeo.cl\/portal_rodeo\/site\/tax\/port\/all\/taxport____1.html\">Caballoyrodeo.cl<\/a><\/p>\n\n\n\n<p>La casona <strong>Santa Rosa de Apoquindo<\/strong> fue escenario de una nueva reuni\u00f3n de <strong>Directorio de la Federaci\u00f3n Criadores de Caballos Raza Chilena<\/strong>, donde se ultimaron detalles para un evento sin precedentes: <strong>Un encuentro que reunir\u00e1 el 30 de agosto<\/strong> a m\u00e1s de 100 mujeres en las instalaciones del <strong>Criadero Santa Ana, en Cabrero, para abordar el rol femenino en la tradici\u00f3n huasa y tambi\u00e9n, entre otros temas, el atuendo que utilizar\u00e1n y las actividades que se realizar\u00e1n con respecto a las damas.<\/strong><\/p>\n\n\n\n<p>El presidente de la Federaci\u00f3n, <strong>Roberto Standen,<\/strong> destac\u00f3 la importancia de esta hist\u00f3rica jornada, impulsada por la directora Andrea Castagnoli y la Comisi\u00f3n Escuadras y Equitaci\u00f3n Femeninas. \u00ab<strong>Este encuentro busca aunar criterios y estudiar el futuro de la Federaci\u00f3n, <\/strong>especialmente en lo que respecta a las Pruebas Funcionales\u00bb, se\u00f1al\u00f3 el timonel de los Criadores.<\/p>\n\n\n\n<p>\u00abQueremos crear un poco de historia, y creemos que estamos al debe en este aspecto (&#8230;) por primera vez la Federaci\u00f3n va a reunir a todas estas personas para que podamos definir desde la vestimenta y las actividades que va a tener la Federaci\u00f3n con respecto a las damas\u00bb, enfatiz\u00f3.<\/p>\n\n\n\n<p>Castagnoli, en tanto, explic\u00f3 que el llamado ha tenido una gran acogida, con la confirmaci\u00f3n de asistentes <strong>desde Vallenar hasta la Patagonia.<\/strong> \u00abLo <strong>que me tiene m\u00e1s conforme y contenta es la gran motivaci\u00f3n que hay con esto<\/strong>. Las mujeres est\u00e1n estudiando respecto al tema y trabajando en propuestas\u00bb, afirm\u00f3.<\/p>\n\n\n\n<p>El objetivo principal es formar una comisi\u00f3n y comenzar un proceso que permita definir c\u00f3mo interactuar con algo que, hasta ahora, no hab\u00eda sido suficientemente considerado:<strong> El atuendo femenino.<\/strong><\/p>\n\n\n\n<p>\u00abQueremos que las mujeres tomen la decisi\u00f3n de c\u00f3mo abordar cada uno de los temas que nos convocan.<strong> Que sean ellas quienes gu\u00eden este camino que va a ser historia\u00bb<\/strong>, enfatiz\u00f3, por su parte, Roberto Standen.<\/p>\n\n\n\n<p>El encuentro, que se llevar\u00e1 a cabo en el Criaero Santa Ana en Cabrero, incluir\u00e1 un almuerzo de camarader\u00eda y un d\u00eda completo de trabajo<strong>. La idea es que las participantes puedan presentar propuestas y comenzar a trabajar en una conclusi\u00f3n que permita definir un atuendo femenino apropiado para las Pruebas Funcionales.<\/strong><\/p>\n\n\n\n<p>\u00abCreo que nosotras como mujeres tomamos la vestimenta del huaso y la adjudicamos de una forma propia porque no hab\u00eda ning\u00fan precedente hist\u00f3rico del atuendo femenino\u00bb, reflexion\u00f3 Castagnoli. \u00abEs hora de trabajar y hay harto entusiasmo\u00bb.<\/p>\n\n\n\n<p><strong>La Federaci\u00f3n ha invitado a damas influyentes de diversos \u00e1mbitos, incluyendo pol\u00edtica, dise\u00f1o, arte y orfebrer\u00eda, para tener una mirada integral sobre el tema.<\/strong><\/p>\n\n\n\n<p>El tesorero de la Federaci\u00f3n,<strong> Juan Carlos P\u00e9rez,<\/strong> a\u00f1adi\u00f3 que \u00ab<strong>no corresponde que la mujer use el atuendo del huaso. Creo que es necesario hacer un cambio\u00bb.<\/strong><\/p>\n\n\n\n<p>El encuentro promete ser un hito<strong> en la historia de la Federaci\u00f3n de Criadores, marcando un antes y un despu\u00e9s en la participaci\u00f3n femenina y la definici\u00f3n de su rol en la tradici\u00f3n huasa.<\/strong><\/p>\n","protected":false},"excerpt":{"rendered":"<p>Autor: Caballoyrodeo.cl La casona Santa Rosa de Apoquindo fue escenario de una nueva reuni\u00f3n de Directorio de la Federaci\u00f3n Criadores de Caballos Raza Chilena, donde se ultimaron detalles para un evento sin precedentes: Un encuentro que reunir\u00e1 el 30 de agosto a m\u00e1s de 100 mujeres en las instalaciones del Criadero Santa Ana, en Cabrero,<\/p>\n<div class=\"read-more-wrapper\"><a class=\"read-more\" href=\"https:\/\/diarioellabrador.cl\/index.php\/2025\/08\/23\/federacion-de-criadores-afina-detalles-de-historico-encuentro-con-un-centenar-de-mujeres\/\" title=\"Leer m\u00e1s\"> <span class=\"button \">Leer m\u00e1s<\/span><\/a><\/div>\n","protected":false},"author":2,"featured_media":7597,"comment_status":"open","ping_status":"open","sticky":false,"template":"","format":"standard","meta":{"footnotes":""},"categories":[5],"tags":[],"class_list":["post-7600","post","type-post","status-publish","format-standard","has-post-thumbnail","hentry","category-rodeo"],"yoast_head":"<!-- This site is optimized with the Yoast SEO plugin v27.5 - https:\/\/yoast.com\/product\/yoast-seo-wordpress\/ -->\n<title>Federaci\u00f3n de Criadores afina detalles de hist\u00f3rico encuentro con un centenar de mujeres - Diario El Labrador<\/title>\n<meta name=\"robots\" content=\"index, follow, max-snippet:-1, max-image-preview:large, max-video-preview:-1\" \/>\n<link rel=\"canonical\" href=\"https:\/\/diarioellabrador.cl\/index.php\/2025\/08\/23\/federacion-de-criadores-afina-detalles-de-historico-encuentro-con-un-centenar-de-mujeres\/\" \/>\n<meta property=\"og:locale\" content=\"es_ES\" \/>\n<meta property=\"og:type\" content=\"article\" \/>\n<meta property=\"og:title\" content=\"Federaci\u00f3n de Criadores afina detalles de hist\u00f3rico encuentro con un centenar de mujeres - Diario El Labrador\" \/>\n<meta property=\"og:description\" content=\"Autor: Caballoyrodeo.cl La casona Santa Rosa de Apoquindo fue escenario de una nueva reuni\u00f3n de Directorio de la Federaci\u00f3n Criadores de Caballos Raza Chilena, donde se ultimaron detalles para un evento sin precedentes: Un encuentro que reunir\u00e1 el 30 de agosto a m\u00e1s de 100 mujeres en las instalaciones del Criadero Santa Ana, en Cabrero, Leer m\u00e1s\" \/>\n<meta property=\"og:url\" content=\"https:\/\/diarioellabrador.cl\/index.php\/2025\/08\/23\/federacion-de-criadores-afina-detalles-de-historico-encuentro-con-un-centenar-de-mujeres\/\" \/>\n<meta property=\"og:site_name\" content=\"Diario El Labrador\" \/>\n<meta property=\"article:publisher\" content=\"https:\/\/web.facebook.com\/profile.php?id=61576120840621\" \/>\n<meta property=\"article:published_time\" content=\"2025-08-23T21:53:38+00:00\" \/>\n<meta property=\"article:modified_time\" content=\"2025-08-23T21:53:39+00:00\" \/>\n<meta property=\"og:image\" content=\"https:\/\/diarioellabrador.cl\/wp-content\/uploads\/2025\/08\/Federacion-de-Criadores-afina-detalles-de-historico-encuentro-con-un-centenar-de-mujeres.jpg\" \/>\n\t<meta property=\"og:image:width\" content=\"750\" \/>\n\t<meta property=\"og:image:height\" content=\"389\" \/>\n\t<meta property=\"og:image:type\" content=\"image\/jpeg\" \/>\n<meta name=\"author\" content=\"Editor\" \/>\n<meta name=\"twitter:card\" content=\"summary_large_image\" \/>\n<meta name=\"twitter:creator\" content=\"@ElLabradorOf\" \/>\n<meta name=\"twitter:site\" content=\"@ElLabradorOf\" \/>\n<meta name=\"twitter:label1\" content=\"Escrito por\" \/>\n\t<meta name=\"twitter:data1\" content=\"Editor\" \/>\n\t<meta name=\"twitter:label2\" content=\"Tiempo de lectura\" \/>\n\t<meta name=\"twitter:data2\" content=\"3 minutos\" \/>\n<script type=\"application\/ld+json\" class=\"yoast-schema-graph\">{\"@context\":\"https:\\\/\\\/schema.org\",\"@graph\":[{\"@type\":\"Article\",\"@id\":\"https:\\\/\\\/diarioellabrador.cl\\\/index.php\\\/2025\\\/08\\\/23\\\/federacion-de-criadores-afina-detalles-de-historico-encuentro-con-un-centenar-de-mujeres\\\/#article\",\"isPartOf\":{\"@id\":\"https:\\\/\\\/diarioellabrador.cl\\\/index.php\\\/2025\\\/08\\\/23\\\/federacion-de-criadores-afina-detalles-de-historico-encuentro-con-un-centenar-de-mujeres\\\/\"},\"author\":{\"name\":\"Editor\",\"@id\":\"https:\\\/\\\/diarioellabrador.cl\\\/#\\\/schema\\\/person\\\/bc25ff80b4563f9c7f4bd7855df01685\"},\"headline\":\"Federaci\u00f3n de Criadores afina detalles de hist\u00f3rico encuentro con un centenar de mujeres\",\"datePublished\":\"2025-08-23T21:53:38+00:00\",\"dateModified\":\"2025-08-23T21:53:39+00:00\",\"mainEntityOfPage\":{\"@id\":\"https:\\\/\\\/diarioellabrador.cl\\\/index.php\\\/2025\\\/08\\\/23\\\/federacion-de-criadores-afina-detalles-de-historico-encuentro-con-un-centenar-de-mujeres\\\/\"},\"wordCount\":532,\"commentCount\":0,\"publisher\":{\"@id\":\"https:\\\/\\\/diarioellabrador.cl\\\/#organization\"},\"image\":{\"@id\":\"https:\\\/\\\/diarioellabrador.cl\\\/index.php\\\/2025\\\/08\\\/23\\\/federacion-de-criadores-afina-detalles-de-historico-encuentro-con-un-centenar-de-mujeres\\\/#primaryimage\"},\"thumbnailUrl\":\"https:\\\/\\\/diarioellabrador.cl\\\/wp-content\\\/uploads\\\/2025\\\/08\\\/Federacion-de-Criadores-afina-detalles-de-historico-encuentro-con-un-centenar-de-mujeres.jpg\",\"articleSection\":[\"Rodeo\"],\"inLanguage\":\"es\",\"potentialAction\":[{\"@type\":\"CommentAction\",\"name\":\"Comment\",\"target\":[\"https:\\\/\\\/diarioellabrador.cl\\\/index.php\\\/2025\\\/08\\\/23\\\/federacion-de-criadores-afina-detalles-de-historico-encuentro-con-un-centenar-de-mujeres\\\/#respond\"]}]},{\"@type\":\"WebPage\",\"@id\":\"https:\\\/\\\/diarioellabrador.cl\\\/index.php\\\/2025\\\/08\\\/23\\\/federacion-de-criadores-afina-detalles-de-historico-encuentro-con-un-centenar-de-mujeres\\\/\",\"url\":\"https:\\\/\\\/diarioellabrador.cl\\\/index.php\\\/2025\\\/08\\\/23\\\/federacion-de-criadores-afina-detalles-de-historico-encuentro-con-un-centenar-de-mujeres\\\/\",\"name\":\"Federaci\u00f3n de Criadores afina detalles de hist\u00f3rico encuentro con un centenar de mujeres - Diario El Labrador\",\"isPartOf\":{\"@id\":\"https:\\\/\\\/diarioellabrador.cl\\\/#website\"},\"primaryImageOfPage\":{\"@id\":\"https:\\\/\\\/diarioellabrador.cl\\\/index.php\\\/2025\\\/08\\\/23\\\/federacion-de-criadores-afina-detalles-de-historico-encuentro-con-un-centenar-de-mujeres\\\/#primaryimage\"},\"image\":{\"@id\":\"https:\\\/\\\/diarioellabrador.cl\\\/index.php\\\/2025\\\/08\\\/23\\\/federacion-de-criadores-afina-detalles-de-historico-encuentro-con-un-centenar-de-mujeres\\\/#primaryimage\"},\"thumbnailUrl\":\"https:\\\/\\\/diarioellabrador.cl\\\/wp-content\\\/uploads\\\/2025\\\/08\\\/Federacion-de-Criadores-afina-detalles-de-historico-encuentro-con-un-centenar-de-mujeres.jpg\",\"datePublished\":\"2025-08-23T21:53:38+00:00\",\"dateModified\":\"2025-08-23T21:53:39+00:00\",\"breadcrumb\":{\"@id\":\"https:\\\/\\\/diarioellabrador.cl\\\/index.php\\\/2025\\\/08\\\/23\\\/federacion-de-criadores-afina-detalles-de-historico-encuentro-con-un-centenar-de-mujeres\\\/#breadcrumb\"},\"inLanguage\":\"es\",\"potentialAction\":[{\"@type\":\"ReadAction\",\"target\":[\"https:\\\/\\\/diarioellabrador.cl\\\/index.php\\\/2025\\\/08\\\/23\\\/federacion-de-criadores-afina-detalles-de-historico-encuentro-con-un-centenar-de-mujeres\\\/\"]}]},{\"@type\":\"ImageObject\",\"inLanguage\":\"es\",\"@id\":\"https:\\\/\\\/diarioellabrador.cl\\\/index.php\\\/2025\\\/08\\\/23\\\/federacion-de-criadores-afina-detalles-de-historico-encuentro-con-un-centenar-de-mujeres\\\/#primaryimage\",\"url\":\"https:\\\/\\\/diarioellabrador.cl\\\/wp-content\\\/uploads\\\/2025\\\/08\\\/Federacion-de-Criadores-afina-detalles-de-historico-encuentro-con-un-centenar-de-mujeres.jpg\",\"contentUrl\":\"https:\\\/\\\/diarioellabrador.cl\\\/wp-content\\\/uploads\\\/2025\\\/08\\\/Federacion-de-Criadores-afina-detalles-de-historico-encuentro-con-un-centenar-de-mujeres.jpg\",\"width\":750,\"height\":389},{\"@type\":\"BreadcrumbList\",\"@id\":\"https:\\\/\\\/diarioellabrador.cl\\\/index.php\\\/2025\\\/08\\\/23\\\/federacion-de-criadores-afina-detalles-de-historico-encuentro-con-un-centenar-de-mujeres\\\/#breadcrumb\",\"itemListElement\":[{\"@type\":\"ListItem\",\"position\":1,\"name\":\"Portada\",\"item\":\"https:\\\/\\\/diarioellabrador.cl\\\/\"},{\"@type\":\"ListItem\",\"position\":2,\"name\":\"Federaci\u00f3n de Criadores afina detalles de hist\u00f3rico encuentro con un centenar de mujeres\"}]},{\"@type\":\"WebSite\",\"@id\":\"https:\\\/\\\/diarioellabrador.cl\\\/#website\",\"url\":\"https:\\\/\\\/diarioellabrador.cl\\\/\",\"name\":\"Diario El Labrador\",\"description\":\"Haciendo noticia desde 1921\",\"publisher\":{\"@id\":\"https:\\\/\\\/diarioellabrador.cl\\\/#organization\"},\"potentialAction\":[{\"@type\":\"SearchAction\",\"target\":{\"@type\":\"EntryPoint\",\"urlTemplate\":\"https:\\\/\\\/diarioellabrador.cl\\\/?s={search_term_string}\"},\"query-input\":{\"@type\":\"PropertyValueSpecification\",\"valueRequired\":true,\"valueName\":\"search_term_string\"}}],\"inLanguage\":\"es\"},{\"@type\":\"Organization\",\"@id\":\"https:\\\/\\\/diarioellabrador.cl\\\/#organization\",\"name\":\"Diario El Labrador\",\"url\":\"https:\\\/\\\/diarioellabrador.cl\\\/\",\"logo\":{\"@type\":\"ImageObject\",\"inLanguage\":\"es\",\"@id\":\"https:\\\/\\\/diarioellabrador.cl\\\/#\\\/schema\\\/logo\\\/image\\\/\",\"url\":\"https:\\\/\\\/diarioellabrador.cl\\\/wp-content\\\/uploads\\\/2025\\\/02\\\/cropped-Logo-Icono.png\",\"contentUrl\":\"https:\\\/\\\/diarioellabrador.cl\\\/wp-content\\\/uploads\\\/2025\\\/02\\\/cropped-Logo-Icono.png\",\"width\":512,\"height\":512,\"caption\":\"Diario El Labrador\"},\"image\":{\"@id\":\"https:\\\/\\\/diarioellabrador.cl\\\/#\\\/schema\\\/logo\\\/image\\\/\"},\"sameAs\":[\"https:\\\/\\\/web.facebook.com\\\/profile.php?id=61576120840621\",\"https:\\\/\\\/x.com\\\/ElLabradorOf\",\"https:\\\/\\\/www.instagram.com\\\/diarioellabradoroficial\\\/\"]},{\"@type\":\"Person\",\"@id\":\"https:\\\/\\\/diarioellabrador.cl\\\/#\\\/schema\\\/person\\\/bc25ff80b4563f9c7f4bd7855df01685\",\"name\":\"Editor\",\"image\":{\"@type\":\"ImageObject\",\"inLanguage\":\"es\",\"@id\":\"https:\\\/\\\/secure.gravatar.com\\\/avatar\\\/109c326cf2be5c04f048c2c2a2b8b6ef44bf3d8d1d3d4c55d0ac40c4bc994684?s=96&d=mm&r=g\",\"url\":\"https:\\\/\\\/secure.gravatar.com\\\/avatar\\\/109c326cf2be5c04f048c2c2a2b8b6ef44bf3d8d1d3d4c55d0ac40c4bc994684?s=96&d=mm&r=g\",\"contentUrl\":\"https:\\\/\\\/secure.gravatar.com\\\/avatar\\\/109c326cf2be5c04f048c2c2a2b8b6ef44bf3d8d1d3d4c55d0ac40c4bc994684?s=96&d=mm&r=g\",\"caption\":\"Editor\"},\"url\":\"https:\\\/\\\/diarioellabrador.cl\\\/index.php\\\/author\\\/editor\\\/\"}]}<\/script>\n<!-- \/ Yoast SEO plugin. -->","yoast_head_json":{"title":"Federaci\u00f3n de Criadores afina detalles de hist\u00f3rico encuentro con un centenar de mujeres - Diario El Labrador","robots":{"index":"index","follow":"follow","max-snippet":"max-snippet:-1","max-image-preview":"max-image-preview:large","max-video-preview":"max-video-preview:-1"},"canonical":"https:\/\/diarioellabrador.cl\/index.php\/2025\/08\/23\/federacion-de-criadores-afina-detalles-de-historico-encuentro-con-un-centenar-de-mujeres\/","og_locale":"es_ES","og_type":"article","og_title":"Federaci\u00f3n de Criadores afina detalles de hist\u00f3rico encuentro con un centenar de mujeres - Diario El Labrador","og_description":"Autor: Caballoyrodeo.cl La casona Santa Rosa de Apoquindo fue escenario de una nueva reuni\u00f3n de Directorio de la Federaci\u00f3n Criadores de Caballos Raza Chilena, donde se ultimaron detalles para un evento sin precedentes: Un encuentro que reunir\u00e1 el 30 de agosto a m\u00e1s de 100 mujeres en las instalaciones del Criadero Santa Ana, en Cabrero, Leer m\u00e1s","og_url":"https:\/\/diarioellabrador.cl\/index.php\/2025\/08\/23\/federacion-de-criadores-afina-detalles-de-historico-encuentro-con-un-centenar-de-mujeres\/","og_site_name":"Diario El Labrador","article_publisher":"https:\/\/web.facebook.com\/profile.php?id=61576120840621","article_published_time":"2025-08-23T21:53:38+00:00","article_modified_time":"2025-08-23T21:53:39+00:00","og_image":[{"width":750,"height":389,"url":"https:\/\/diarioellabrador.cl\/wp-content\/uploads\/2025\/08\/Federacion-de-Criadores-afina-detalles-de-historico-encuentro-con-un-centenar-de-mujeres.jpg","type":"image\/jpeg"}],"author":"Editor","twitter_card":"summary_large_image","twitter_creator":"@ElLabradorOf","twitter_site":"@ElLabradorOf","twitter_misc":{"Escrito por":"Editor","Tiempo de lectura":"3 minutos"},"schema":{"@context":"https:\/\/schema.org","@graph":[{"@type":"Article","@id":"https:\/\/diarioellabrador.cl\/index.php\/2025\/08\/23\/federacion-de-criadores-afina-detalles-de-historico-encuentro-con-un-centenar-de-mujeres\/#article","isPartOf":{"@id":"https:\/\/diarioellabrador.cl\/index.php\/2025\/08\/23\/federacion-de-criadores-afina-detalles-de-historico-encuentro-con-un-centenar-de-mujeres\/"},"author":{"name":"Editor","@id":"https:\/\/diarioellabrador.cl\/#\/schema\/person\/bc25ff80b4563f9c7f4bd7855df01685"},"headline":"Federaci\u00f3n de Criadores afina detalles de hist\u00f3rico encuentro con un centenar de mujeres","datePublished":"2025-08-23T21:53:38+00:00","dateModified":"2025-08-23T21:53:39+00:00","mainEntityOfPage":{"@id":"https:\/\/diarioellabrador.cl\/index.php\/2025\/08\/23\/federacion-de-criadores-afina-detalles-de-historico-encuentro-con-un-centenar-de-mujeres\/"},"wordCount":532,"commentCount":0,"publisher":{"@id":"https:\/\/diarioellabrador.cl\/#organization"},"image":{"@id":"https:\/\/diarioellabrador.cl\/index.php\/2025\/08\/23\/federacion-de-criadores-afina-detalles-de-historico-encuentro-con-un-centenar-de-mujeres\/#primaryimage"},"thumbnailUrl":"https:\/\/diarioellabrador.cl\/wp-content\/uploads\/2025\/08\/Federacion-de-Criadores-afina-detalles-de-historico-encuentro-con-un-centenar-de-mujeres.jpg","articleSection":["Rodeo"],"inLanguage":"es","potentialAction":[{"@type":"CommentAction","name":"Comment","target":["https:\/\/diarioellabrador.cl\/index.php\/2025\/08\/23\/federacion-de-criadores-afina-detalles-de-historico-encuentro-con-un-centenar-de-mujeres\/#respond"]}]},{"@type":"WebPage","@id":"https:\/\/diarioellabrador.cl\/index.php\/2025\/08\/23\/federacion-de-criadores-afina-detalles-de-historico-encuentro-con-un-centenar-de-mujeres\/","url":"https:\/\/diarioellabrador.cl\/index.php\/2025\/08\/23\/federacion-de-criadores-afina-detalles-de-historico-encuentro-con-un-centenar-de-mujeres\/","name":"Federaci\u00f3n de Criadores afina detalles de hist\u00f3rico encuentro con un centenar de mujeres - Diario El Labrador","isPartOf":{"@id":"https:\/\/diarioellabrador.cl\/#website"},"primaryImageOfPage":{"@id":"https:\/\/diarioellabrador.cl\/index.php\/2025\/08\/23\/federacion-de-criadores-afina-detalles-de-historico-encuentro-con-un-centenar-de-mujeres\/#primaryimage"},"image":{"@id":"https:\/\/diarioellabrador.cl\/index.php\/2025\/08\/23\/federacion-de-criadores-afina-detalles-de-historico-encuentro-con-un-centenar-de-mujeres\/#primaryimage"},"thumbnailUrl":"https:\/\/diarioellabrador.cl\/wp-content\/uploads\/2025\/08\/Federacion-de-Criadores-afina-detalles-de-historico-encuentro-con-un-centenar-de-mujeres.jpg","datePublished":"2025-08-23T21:53:38+00:00","dateModified":"2025-08-23T21:53:39+00:00","breadcrumb":{"@id":"https:\/\/diarioellabrador.cl\/index.php\/2025\/08\/23\/federacion-de-criadores-afina-detalles-de-historico-encuentro-con-un-centenar-de-mujeres\/#breadcrumb"},"inLanguage":"es","potentialAction":[{"@type":"ReadAction","target":["https:\/\/diarioellabrador.cl\/index.php\/2025\/08\/23\/federacion-de-criadores-afina-detalles-de-historico-encuentro-con-un-centenar-de-mujeres\/"]}]},{"@type":"ImageObject","inLanguage":"es","@id":"https:\/\/diarioellabrador.cl\/index.php\/2025\/08\/23\/federacion-de-criadores-afina-detalles-de-historico-encuentro-con-un-centenar-de-mujeres\/#primaryimage","url":"https:\/\/diarioellabrador.cl\/wp-content\/uploads\/2025\/08\/Federacion-de-Criadores-afina-detalles-de-historico-encuentro-con-un-centenar-de-mujeres.jpg","contentUrl":"https:\/\/diarioellabrador.cl\/wp-content\/uploads\/2025\/08\/Federacion-de-Criadores-afina-detalles-de-historico-encuentro-con-un-centenar-de-mujeres.jpg","width":750,"height":389},{"@type":"BreadcrumbList","@id":"https:\/\/diarioellabrador.cl\/index.php\/2025\/08\/23\/federacion-de-criadores-afina-detalles-de-historico-encuentro-con-un-centenar-de-mujeres\/#breadcrumb","itemListElement":[{"@type":"ListItem","position":1,"name":"Portada","item":"https:\/\/diarioellabrador.cl\/"},{"@type":"ListItem","position":2,"name":"Federaci\u00f3n de Criadores afina detalles de hist\u00f3rico encuentro con un centenar de mujeres"}]},{"@type":"WebSite","@id":"https:\/\/diarioellabrador.cl\/#website","url":"https:\/\/diarioellabrador.cl\/","name":"Diario El Labrador","description":"Haciendo noticia desde 1921","publisher":{"@id":"https:\/\/diarioellabrador.cl\/#organization"},"potentialAction":[{"@type":"SearchAction","target":{"@type":"EntryPoint","urlTemplate":"https:\/\/diarioellabrador.cl\/?s={search_term_string}"},"query-input":{"@type":"PropertyValueSpecification","valueRequired":true,"valueName":"search_term_string"}}],"inLanguage":"es"},{"@type":"Organization","@id":"https:\/\/diarioellabrador.cl\/#organization","name":"Diario El Labrador","url":"https:\/\/diarioellabrador.cl\/","logo":{"@type":"ImageObject","inLanguage":"es","@id":"https:\/\/diarioellabrador.cl\/#\/schema\/logo\/image\/","url":"https:\/\/diarioellabrador.cl\/wp-content\/uploads\/2025\/02\/cropped-Logo-Icono.png","contentUrl":"https:\/\/diarioellabrador.cl\/wp-content\/uploads\/2025\/02\/cropped-Logo-Icono.png","width":512,"height":512,"caption":"Diario El Labrador"},"image":{"@id":"https:\/\/diarioellabrador.cl\/#\/schema\/logo\/image\/"},"sameAs":["https:\/\/web.facebook.com\/profile.php?id=61576120840621","https:\/\/x.com\/ElLabradorOf","https:\/\/www.instagram.com\/diarioellabradoroficial\/"]},{"@type":"Person","@id":"https:\/\/diarioellabrador.cl\/#\/schema\/person\/bc25ff80b4563f9c7f4bd7855df01685","name":"Editor","image":{"@type":"ImageObject","inLanguage":"es","@id":"https:\/\/secure.gravatar.com\/avatar\/109c326cf2be5c04f048c2c2a2b8b6ef44bf3d8d1d3d4c55d0ac40c4bc994684?s=96&d=mm&r=g","url":"https:\/\/secure.gravatar.com\/avatar\/109c326cf2be5c04f048c2c2a2b8b6ef44bf3d8d1d3d4c55d0ac40c4bc994684?s=96&d=mm&r=g","contentUrl":"https:\/\/secure.gravatar.com\/avatar\/109c326cf2be5c04f048c2c2a2b8b6ef44bf3d8d1d3d4c55d0ac40c4bc994684?s=96&d=mm&r=g","caption":"Editor"},"url":"https:\/\/diarioellabrador.cl\/index.php\/author\/editor\/"}]}},"_links":{"self":[{"href":"https:\/\/diarioellabrador.cl\/index.php\/wp-json\/wp\/v2\/posts\/7600","targetHints":{"allow":["GET"]}}],"collection":[{"href":"https:\/\/diarioellabrador.cl\/index.php\/wp-json\/wp\/v2\/posts"}],"about":[{"href":"https:\/\/diarioellabrador.cl\/index.php\/wp-json\/wp\/v2\/types\/post"}],"author":[{"embeddable":true,"href":"https:\/\/diarioellabrador.cl\/index.php\/wp-json\/wp\/v2\/users\/2"}],"replies":[{"embeddable":true,"href":"https:\/\/diarioellabrador.cl\/index.php\/wp-json\/wp\/v2\/comments?post=7600"}],"version-history":[{"count":1,"href":"https:\/\/diarioellabrador.cl\/index.php\/wp-json\/wp\/v2\/posts\/7600\/revisions"}],"predecessor-version":[{"id":7601,"href":"https:\/\/diarioellabrador.cl\/index.php\/wp-json\/wp\/v2\/posts\/7600\/revisions\/7601"}],"wp:featuredmedia":[{"embeddable":true,"href":"https:\/\/diarioellabrador.cl\/index.php\/wp-json\/wp\/v2\/media\/7597"}],"wp:attachment":[{"href":"https:\/\/diarioellabrador.cl\/index.php\/wp-json\/wp\/v2\/media?parent=7600"}],"wp:term":[{"taxonomy":"category","embeddable":true,"href":"https:\/\/diarioellabrador.cl\/index.php\/wp-json\/wp\/v2\/categories?post=7600"},{"taxonomy":"post_tag","embeddable":true,"href":"https:\/\/diarioellabrador.cl\/index.php\/wp-json\/wp\/v2\/tags?post=7600"}],"curies":[{"name":"wp","href":"https:\/\/api.w.org\/{rel}","templated":true}]}}