{"id":7340,"date":"2025-08-18T19:18:54","date_gmt":"2025-08-18T23:18:54","guid":{"rendered":"https:\/\/diarioellabrador.cl\/?p=7340"},"modified":"2025-08-18T19:18:55","modified_gmt":"2025-08-18T23:18:55","slug":"un-nuevo-sistema-frontal-traera-intensas-lluvias-a-la-region-metropolitana-hasta-cuando-se-extendera","status":"publish","type":"post","link":"https:\/\/diarioellabrador.cl\/index.php\/2025\/08\/18\/un-nuevo-sistema-frontal-traera-intensas-lluvias-a-la-region-metropolitana-hasta-cuando-se-extendera\/","title":{"rendered":"Un nuevo sistema frontal traer\u00e1 intensas lluvias a la Regi\u00f3n Metropolitana: hasta cu\u00e1ndo se extender\u00e1"},"content":{"rendered":"\n<p><strong>Dejar\u00e1 entre 15 y 25 mm de agua en la RM, con precipitaciones que se intensificar\u00e1n el jueves 21 de agosto y se extender\u00e1n hasta la madrugada del viernes 22.<\/strong><\/p>\n\n\n\n<p>La Regi\u00f3n Metropolitana se prepara para la llegada de un nuevo <a href=\"https:\/\/www.lagaceta.com.ar\/tags\/237032\/sistema-frontal\"><strong>sistema frontal<\/strong><\/a> que dejar\u00e1 lluvias importantes en la capital durante los pr\u00f3ximos d\u00edas, con un registro que podr\u00eda alcanzar entre 15 y 25 mil\u00edmetros de agua.<\/p>\n\n\n\n<h3 class=\"wp-block-heading\">Lluvias m\u00e1s intensas llegar\u00e1n el jueves<\/h3>\n\n\n\n<p>El escenario para el d\u00eda jueves 21 de agosto, Marcone advirti\u00f3 que ese d\u00eda comenzar\u00e1n precipitaciones de mayor intensidad, que se extender\u00e1n hasta la madrugada del viernes 22.<\/p>\n\n\n\n<p>\u201cSe viene un bloque intenso de lluvia, entre las 15.00 horas y m\u00e1s o menos las 2 de la ma\u00f1ana del d\u00eda viernes. Estamos hablando de 12 horas en las que podr\u00edan caer entre 15 y 25 mil\u00edmetros en la capital. Lo que no es menor\u201d, puntualiz\u00f3.<\/p>\n\n\n\n<p>El meteor\u00f3logo tambi\u00e9n adelant\u00f3 que el viernes habr\u00e1 una baja significativa en la temperatura, con una m\u00ednima de 4\u00b0, lo que podr\u00eda dar paso a agua-nieve en sectores altos de la regi\u00f3n.<br>En cuanto a las m\u00e1ximas, el jueves 21 se registrar\u00edan 14\u00b0, mientras que el viernes 22 el term\u00f3metro descender\u00eda hasta los 13\u00b0.<\/p>\n","protected":false},"excerpt":{"rendered":"<p>Dejar\u00e1 entre 15 y 25 mm de agua en la RM, con precipitaciones que se intensificar\u00e1n el jueves 21 de agosto y se extender\u00e1n hasta la madrugada del viernes 22. La Regi\u00f3n Metropolitana se prepara para la llegada de un nuevo sistema frontal que dejar\u00e1 lluvias importantes en la capital durante los pr\u00f3ximos d\u00edas, con<\/p>\n<div class=\"read-more-wrapper\"><a class=\"read-more\" href=\"https:\/\/diarioellabrador.cl\/index.php\/2025\/08\/18\/un-nuevo-sistema-frontal-traera-intensas-lluvias-a-la-region-metropolitana-hasta-cuando-se-extendera\/\" title=\"Leer m\u00e1s\"> <span class=\"button \">Leer m\u00e1s<\/span><\/a><\/div>\n","protected":false},"author":2,"featured_media":7298,"comment_status":"open","ping_status":"open","sticky":false,"template":"","format":"standard","meta":{"footnotes":""},"categories":[1],"tags":[],"class_list":["post-7340","post","type-post","status-publish","format-standard","has-post-thumbnail","hentry","category-cronica"],"yoast_head":"<!-- This site is optimized with the Yoast SEO plugin v27.5 - https:\/\/yoast.com\/product\/yoast-seo-wordpress\/ -->\n<title>Un nuevo sistema frontal traer\u00e1 intensas lluvias a la Regi\u00f3n Metropolitana: hasta cu\u00e1ndo se extender\u00e1 - Diario El Labrador<\/title>\n<meta name=\"robots\" content=\"index, follow, max-snippet:-1, max-image-preview:large, max-video-preview:-1\" \/>\n<link rel=\"canonical\" href=\"https:\/\/diarioellabrador.cl\/index.php\/2025\/08\/18\/un-nuevo-sistema-frontal-traera-intensas-lluvias-a-la-region-metropolitana-hasta-cuando-se-extendera\/\" \/>\n<meta property=\"og:locale\" content=\"es_ES\" \/>\n<meta property=\"og:type\" content=\"article\" \/>\n<meta property=\"og:title\" content=\"Un nuevo sistema frontal traer\u00e1 intensas lluvias a la Regi\u00f3n Metropolitana: hasta cu\u00e1ndo se extender\u00e1 - Diario El Labrador\" \/>\n<meta property=\"og:description\" content=\"Dejar\u00e1 entre 15 y 25 mm de agua en la RM, con precipitaciones que se intensificar\u00e1n el jueves 21 de agosto y se extender\u00e1n hasta la madrugada del viernes 22. La Regi\u00f3n Metropolitana se prepara para la llegada de un nuevo sistema frontal que dejar\u00e1 lluvias importantes en la capital durante los pr\u00f3ximos d\u00edas, con Leer m\u00e1s\" \/>\n<meta property=\"og:url\" content=\"https:\/\/diarioellabrador.cl\/index.php\/2025\/08\/18\/un-nuevo-sistema-frontal-traera-intensas-lluvias-a-la-region-metropolitana-hasta-cuando-se-extendera\/\" \/>\n<meta property=\"og:site_name\" content=\"Diario El Labrador\" \/>\n<meta property=\"article:publisher\" content=\"https:\/\/web.facebook.com\/profile.php?id=61576120840621\" \/>\n<meta property=\"article:published_time\" content=\"2025-08-18T23:18:54+00:00\" \/>\n<meta property=\"article:modified_time\" content=\"2025-08-18T23:18:55+00:00\" \/>\n<meta property=\"og:image\" content=\"https:\/\/diarioellabrador.cl\/wp-content\/uploads\/2025\/08\/Un-nuevo-sistema-frontal-traera-intensas-lluvias-a-la-Region-Metropolitana-hasta-cuando-se-extendera.jpg\" \/>\n\t<meta property=\"og:image:width\" content=\"750\" \/>\n\t<meta property=\"og:image:height\" content=\"400\" \/>\n\t<meta property=\"og:image:type\" content=\"image\/jpeg\" \/>\n<meta name=\"author\" content=\"Editor\" \/>\n<meta name=\"twitter:card\" content=\"summary_large_image\" \/>\n<meta name=\"twitter:creator\" content=\"@ElLabradorOf\" \/>\n<meta name=\"twitter:site\" content=\"@ElLabradorOf\" \/>\n<meta name=\"twitter:label1\" content=\"Escrito por\" \/>\n\t<meta name=\"twitter:data1\" content=\"Editor\" \/>\n\t<meta name=\"twitter:label2\" content=\"Tiempo de lectura\" \/>\n\t<meta name=\"twitter:data2\" content=\"1 minuto\" \/>\n<script type=\"application\/ld+json\" class=\"yoast-schema-graph\">{\"@context\":\"https:\\\/\\\/schema.org\",\"@graph\":[{\"@type\":\"Article\",\"@id\":\"https:\\\/\\\/diarioellabrador.cl\\\/index.php\\\/2025\\\/08\\\/18\\\/un-nuevo-sistema-frontal-traera-intensas-lluvias-a-la-region-metropolitana-hasta-cuando-se-extendera\\\/#article\",\"isPartOf\":{\"@id\":\"https:\\\/\\\/diarioellabrador.cl\\\/index.php\\\/2025\\\/08\\\/18\\\/un-nuevo-sistema-frontal-traera-intensas-lluvias-a-la-region-metropolitana-hasta-cuando-se-extendera\\\/\"},\"author\":{\"name\":\"Editor\",\"@id\":\"https:\\\/\\\/diarioellabrador.cl\\\/#\\\/schema\\\/person\\\/bc25ff80b4563f9c7f4bd7855df01685\"},\"headline\":\"Un nuevo sistema frontal traer\u00e1 intensas lluvias a la Regi\u00f3n Metropolitana: hasta cu\u00e1ndo se extender\u00e1\",\"datePublished\":\"2025-08-18T23:18:54+00:00\",\"dateModified\":\"2025-08-18T23:18:55+00:00\",\"mainEntityOfPage\":{\"@id\":\"https:\\\/\\\/diarioellabrador.cl\\\/index.php\\\/2025\\\/08\\\/18\\\/un-nuevo-sistema-frontal-traera-intensas-lluvias-a-la-region-metropolitana-hasta-cuando-se-extendera\\\/\"},\"wordCount\":228,\"commentCount\":0,\"publisher\":{\"@id\":\"https:\\\/\\\/diarioellabrador.cl\\\/#organization\"},\"image\":{\"@id\":\"https:\\\/\\\/diarioellabrador.cl\\\/index.php\\\/2025\\\/08\\\/18\\\/un-nuevo-sistema-frontal-traera-intensas-lluvias-a-la-region-metropolitana-hasta-cuando-se-extendera\\\/#primaryimage\"},\"thumbnailUrl\":\"https:\\\/\\\/diarioellabrador.cl\\\/wp-content\\\/uploads\\\/2025\\\/08\\\/Un-nuevo-sistema-frontal-traera-intensas-lluvias-a-la-Region-Metropolitana-hasta-cuando-se-extendera.jpg\",\"articleSection\":[\"Cr\u00f3nica\"],\"inLanguage\":\"es\",\"potentialAction\":[{\"@type\":\"CommentAction\",\"name\":\"Comment\",\"target\":[\"https:\\\/\\\/diarioellabrador.cl\\\/index.php\\\/2025\\\/08\\\/18\\\/un-nuevo-sistema-frontal-traera-intensas-lluvias-a-la-region-metropolitana-hasta-cuando-se-extendera\\\/#respond\"]}]},{\"@type\":\"WebPage\",\"@id\":\"https:\\\/\\\/diarioellabrador.cl\\\/index.php\\\/2025\\\/08\\\/18\\\/un-nuevo-sistema-frontal-traera-intensas-lluvias-a-la-region-metropolitana-hasta-cuando-se-extendera\\\/\",\"url\":\"https:\\\/\\\/diarioellabrador.cl\\\/index.php\\\/2025\\\/08\\\/18\\\/un-nuevo-sistema-frontal-traera-intensas-lluvias-a-la-region-metropolitana-hasta-cuando-se-extendera\\\/\",\"name\":\"Un nuevo sistema frontal traer\u00e1 intensas lluvias a la Regi\u00f3n Metropolitana: hasta cu\u00e1ndo se extender\u00e1 - Diario El Labrador\",\"isPartOf\":{\"@id\":\"https:\\\/\\\/diarioellabrador.cl\\\/#website\"},\"primaryImageOfPage\":{\"@id\":\"https:\\\/\\\/diarioellabrador.cl\\\/index.php\\\/2025\\\/08\\\/18\\\/un-nuevo-sistema-frontal-traera-intensas-lluvias-a-la-region-metropolitana-hasta-cuando-se-extendera\\\/#primaryimage\"},\"image\":{\"@id\":\"https:\\\/\\\/diarioellabrador.cl\\\/index.php\\\/2025\\\/08\\\/18\\\/un-nuevo-sistema-frontal-traera-intensas-lluvias-a-la-region-metropolitana-hasta-cuando-se-extendera\\\/#primaryimage\"},\"thumbnailUrl\":\"https:\\\/\\\/diarioellabrador.cl\\\/wp-content\\\/uploads\\\/2025\\\/08\\\/Un-nuevo-sistema-frontal-traera-intensas-lluvias-a-la-Region-Metropolitana-hasta-cuando-se-extendera.jpg\",\"datePublished\":\"2025-08-18T23:18:54+00:00\",\"dateModified\":\"2025-08-18T23:18:55+00:00\",\"breadcrumb\":{\"@id\":\"https:\\\/\\\/diarioellabrador.cl\\\/index.php\\\/2025\\\/08\\\/18\\\/un-nuevo-sistema-frontal-traera-intensas-lluvias-a-la-region-metropolitana-hasta-cuando-se-extendera\\\/#breadcrumb\"},\"inLanguage\":\"es\",\"potentialAction\":[{\"@type\":\"ReadAction\",\"target\":[\"https:\\\/\\\/diarioellabrador.cl\\\/index.php\\\/2025\\\/08\\\/18\\\/un-nuevo-sistema-frontal-traera-intensas-lluvias-a-la-region-metropolitana-hasta-cuando-se-extendera\\\/\"]}]},{\"@type\":\"ImageObject\",\"inLanguage\":\"es\",\"@id\":\"https:\\\/\\\/diarioellabrador.cl\\\/index.php\\\/2025\\\/08\\\/18\\\/un-nuevo-sistema-frontal-traera-intensas-lluvias-a-la-region-metropolitana-hasta-cuando-se-extendera\\\/#primaryimage\",\"url\":\"https:\\\/\\\/diarioellabrador.cl\\\/wp-content\\\/uploads\\\/2025\\\/08\\\/Un-nuevo-sistema-frontal-traera-intensas-lluvias-a-la-Region-Metropolitana-hasta-cuando-se-extendera.jpg\",\"contentUrl\":\"https:\\\/\\\/diarioellabrador.cl\\\/wp-content\\\/uploads\\\/2025\\\/08\\\/Un-nuevo-sistema-frontal-traera-intensas-lluvias-a-la-Region-Metropolitana-hasta-cuando-se-extendera.jpg\",\"width\":750,\"height\":400},{\"@type\":\"BreadcrumbList\",\"@id\":\"https:\\\/\\\/diarioellabrador.cl\\\/index.php\\\/2025\\\/08\\\/18\\\/un-nuevo-sistema-frontal-traera-intensas-lluvias-a-la-region-metropolitana-hasta-cuando-se-extendera\\\/#breadcrumb\",\"itemListElement\":[{\"@type\":\"ListItem\",\"position\":1,\"name\":\"Portada\",\"item\":\"https:\\\/\\\/diarioellabrador.cl\\\/\"},{\"@type\":\"ListItem\",\"position\":2,\"name\":\"Un nuevo sistema frontal traer\u00e1 intensas lluvias a la Regi\u00f3n Metropolitana: hasta cu\u00e1ndo se extender\u00e1\"}]},{\"@type\":\"WebSite\",\"@id\":\"https:\\\/\\\/diarioellabrador.cl\\\/#website\",\"url\":\"https:\\\/\\\/diarioellabrador.cl\\\/\",\"name\":\"Diario El Labrador\",\"description\":\"Haciendo noticia desde 1921\",\"publisher\":{\"@id\":\"https:\\\/\\\/diarioellabrador.cl\\\/#organization\"},\"potentialAction\":[{\"@type\":\"SearchAction\",\"target\":{\"@type\":\"EntryPoint\",\"urlTemplate\":\"https:\\\/\\\/diarioellabrador.cl\\\/?s={search_term_string}\"},\"query-input\":{\"@type\":\"PropertyValueSpecification\",\"valueRequired\":true,\"valueName\":\"search_term_string\"}}],\"inLanguage\":\"es\"},{\"@type\":\"Organization\",\"@id\":\"https:\\\/\\\/diarioellabrador.cl\\\/#organization\",\"name\":\"Diario El Labrador\",\"url\":\"https:\\\/\\\/diarioellabrador.cl\\\/\",\"logo\":{\"@type\":\"ImageObject\",\"inLanguage\":\"es\",\"@id\":\"https:\\\/\\\/diarioellabrador.cl\\\/#\\\/schema\\\/logo\\\/image\\\/\",\"url\":\"https:\\\/\\\/diarioellabrador.cl\\\/wp-content\\\/uploads\\\/2025\\\/02\\\/cropped-Logo-Icono.png\",\"contentUrl\":\"https:\\\/\\\/diarioellabrador.cl\\\/wp-content\\\/uploads\\\/2025\\\/02\\\/cropped-Logo-Icono.png\",\"width\":512,\"height\":512,\"caption\":\"Diario El Labrador\"},\"image\":{\"@id\":\"https:\\\/\\\/diarioellabrador.cl\\\/#\\\/schema\\\/logo\\\/image\\\/\"},\"sameAs\":[\"https:\\\/\\\/web.facebook.com\\\/profile.php?id=61576120840621\",\"https:\\\/\\\/x.com\\\/ElLabradorOf\",\"https:\\\/\\\/www.instagram.com\\\/diarioellabradoroficial\\\/\"]},{\"@type\":\"Person\",\"@id\":\"https:\\\/\\\/diarioellabrador.cl\\\/#\\\/schema\\\/person\\\/bc25ff80b4563f9c7f4bd7855df01685\",\"name\":\"Editor\",\"image\":{\"@type\":\"ImageObject\",\"inLanguage\":\"es\",\"@id\":\"https:\\\/\\\/secure.gravatar.com\\\/avatar\\\/109c326cf2be5c04f048c2c2a2b8b6ef44bf3d8d1d3d4c55d0ac40c4bc994684?s=96&d=mm&r=g\",\"url\":\"https:\\\/\\\/secure.gravatar.com\\\/avatar\\\/109c326cf2be5c04f048c2c2a2b8b6ef44bf3d8d1d3d4c55d0ac40c4bc994684?s=96&d=mm&r=g\",\"contentUrl\":\"https:\\\/\\\/secure.gravatar.com\\\/avatar\\\/109c326cf2be5c04f048c2c2a2b8b6ef44bf3d8d1d3d4c55d0ac40c4bc994684?s=96&d=mm&r=g\",\"caption\":\"Editor\"},\"url\":\"https:\\\/\\\/diarioellabrador.cl\\\/index.php\\\/author\\\/editor\\\/\"}]}<\/script>\n<!-- \/ Yoast SEO plugin. -->","yoast_head_json":{"title":"Un nuevo sistema frontal traer\u00e1 intensas lluvias a la Regi\u00f3n Metropolitana: hasta cu\u00e1ndo se extender\u00e1 - Diario El Labrador","robots":{"index":"index","follow":"follow","max-snippet":"max-snippet:-1","max-image-preview":"max-image-preview:large","max-video-preview":"max-video-preview:-1"},"canonical":"https:\/\/diarioellabrador.cl\/index.php\/2025\/08\/18\/un-nuevo-sistema-frontal-traera-intensas-lluvias-a-la-region-metropolitana-hasta-cuando-se-extendera\/","og_locale":"es_ES","og_type":"article","og_title":"Un nuevo sistema frontal traer\u00e1 intensas lluvias a la Regi\u00f3n Metropolitana: hasta cu\u00e1ndo se extender\u00e1 - Diario El Labrador","og_description":"Dejar\u00e1 entre 15 y 25 mm de agua en la RM, con precipitaciones que se intensificar\u00e1n el jueves 21 de agosto y se extender\u00e1n hasta la madrugada del viernes 22. La Regi\u00f3n Metropolitana se prepara para la llegada de un nuevo sistema frontal que dejar\u00e1 lluvias importantes en la capital durante los pr\u00f3ximos d\u00edas, con Leer m\u00e1s","og_url":"https:\/\/diarioellabrador.cl\/index.php\/2025\/08\/18\/un-nuevo-sistema-frontal-traera-intensas-lluvias-a-la-region-metropolitana-hasta-cuando-se-extendera\/","og_site_name":"Diario El Labrador","article_publisher":"https:\/\/web.facebook.com\/profile.php?id=61576120840621","article_published_time":"2025-08-18T23:18:54+00:00","article_modified_time":"2025-08-18T23:18:55+00:00","og_image":[{"width":750,"height":400,"url":"https:\/\/diarioellabrador.cl\/wp-content\/uploads\/2025\/08\/Un-nuevo-sistema-frontal-traera-intensas-lluvias-a-la-Region-Metropolitana-hasta-cuando-se-extendera.jpg","type":"image\/jpeg"}],"author":"Editor","twitter_card":"summary_large_image","twitter_creator":"@ElLabradorOf","twitter_site":"@ElLabradorOf","twitter_misc":{"Escrito por":"Editor","Tiempo de lectura":"1 minuto"},"schema":{"@context":"https:\/\/schema.org","@graph":[{"@type":"Article","@id":"https:\/\/diarioellabrador.cl\/index.php\/2025\/08\/18\/un-nuevo-sistema-frontal-traera-intensas-lluvias-a-la-region-metropolitana-hasta-cuando-se-extendera\/#article","isPartOf":{"@id":"https:\/\/diarioellabrador.cl\/index.php\/2025\/08\/18\/un-nuevo-sistema-frontal-traera-intensas-lluvias-a-la-region-metropolitana-hasta-cuando-se-extendera\/"},"author":{"name":"Editor","@id":"https:\/\/diarioellabrador.cl\/#\/schema\/person\/bc25ff80b4563f9c7f4bd7855df01685"},"headline":"Un nuevo sistema frontal traer\u00e1 intensas lluvias a la Regi\u00f3n Metropolitana: hasta cu\u00e1ndo se extender\u00e1","datePublished":"2025-08-18T23:18:54+00:00","dateModified":"2025-08-18T23:18:55+00:00","mainEntityOfPage":{"@id":"https:\/\/diarioellabrador.cl\/index.php\/2025\/08\/18\/un-nuevo-sistema-frontal-traera-intensas-lluvias-a-la-region-metropolitana-hasta-cuando-se-extendera\/"},"wordCount":228,"commentCount":0,"publisher":{"@id":"https:\/\/diarioellabrador.cl\/#organization"},"image":{"@id":"https:\/\/diarioellabrador.cl\/index.php\/2025\/08\/18\/un-nuevo-sistema-frontal-traera-intensas-lluvias-a-la-region-metropolitana-hasta-cuando-se-extendera\/#primaryimage"},"thumbnailUrl":"https:\/\/diarioellabrador.cl\/wp-content\/uploads\/2025\/08\/Un-nuevo-sistema-frontal-traera-intensas-lluvias-a-la-Region-Metropolitana-hasta-cuando-se-extendera.jpg","articleSection":["Cr\u00f3nica"],"inLanguage":"es","potentialAction":[{"@type":"CommentAction","name":"Comment","target":["https:\/\/diarioellabrador.cl\/index.php\/2025\/08\/18\/un-nuevo-sistema-frontal-traera-intensas-lluvias-a-la-region-metropolitana-hasta-cuando-se-extendera\/#respond"]}]},{"@type":"WebPage","@id":"https:\/\/diarioellabrador.cl\/index.php\/2025\/08\/18\/un-nuevo-sistema-frontal-traera-intensas-lluvias-a-la-region-metropolitana-hasta-cuando-se-extendera\/","url":"https:\/\/diarioellabrador.cl\/index.php\/2025\/08\/18\/un-nuevo-sistema-frontal-traera-intensas-lluvias-a-la-region-metropolitana-hasta-cuando-se-extendera\/","name":"Un nuevo sistema frontal traer\u00e1 intensas lluvias a la Regi\u00f3n Metropolitana: hasta cu\u00e1ndo se extender\u00e1 - Diario El Labrador","isPartOf":{"@id":"https:\/\/diarioellabrador.cl\/#website"},"primaryImageOfPage":{"@id":"https:\/\/diarioellabrador.cl\/index.php\/2025\/08\/18\/un-nuevo-sistema-frontal-traera-intensas-lluvias-a-la-region-metropolitana-hasta-cuando-se-extendera\/#primaryimage"},"image":{"@id":"https:\/\/diarioellabrador.cl\/index.php\/2025\/08\/18\/un-nuevo-sistema-frontal-traera-intensas-lluvias-a-la-region-metropolitana-hasta-cuando-se-extendera\/#primaryimage"},"thumbnailUrl":"https:\/\/diarioellabrador.cl\/wp-content\/uploads\/2025\/08\/Un-nuevo-sistema-frontal-traera-intensas-lluvias-a-la-Region-Metropolitana-hasta-cuando-se-extendera.jpg","datePublished":"2025-08-18T23:18:54+00:00","dateModified":"2025-08-18T23:18:55+00:00","breadcrumb":{"@id":"https:\/\/diarioellabrador.cl\/index.php\/2025\/08\/18\/un-nuevo-sistema-frontal-traera-intensas-lluvias-a-la-region-metropolitana-hasta-cuando-se-extendera\/#breadcrumb"},"inLanguage":"es","potentialAction":[{"@type":"ReadAction","target":["https:\/\/diarioellabrador.cl\/index.php\/2025\/08\/18\/un-nuevo-sistema-frontal-traera-intensas-lluvias-a-la-region-metropolitana-hasta-cuando-se-extendera\/"]}]},{"@type":"ImageObject","inLanguage":"es","@id":"https:\/\/diarioellabrador.cl\/index.php\/2025\/08\/18\/un-nuevo-sistema-frontal-traera-intensas-lluvias-a-la-region-metropolitana-hasta-cuando-se-extendera\/#primaryimage","url":"https:\/\/diarioellabrador.cl\/wp-content\/uploads\/2025\/08\/Un-nuevo-sistema-frontal-traera-intensas-lluvias-a-la-Region-Metropolitana-hasta-cuando-se-extendera.jpg","contentUrl":"https:\/\/diarioellabrador.cl\/wp-content\/uploads\/2025\/08\/Un-nuevo-sistema-frontal-traera-intensas-lluvias-a-la-Region-Metropolitana-hasta-cuando-se-extendera.jpg","width":750,"height":400},{"@type":"BreadcrumbList","@id":"https:\/\/diarioellabrador.cl\/index.php\/2025\/08\/18\/un-nuevo-sistema-frontal-traera-intensas-lluvias-a-la-region-metropolitana-hasta-cuando-se-extendera\/#breadcrumb","itemListElement":[{"@type":"ListItem","position":1,"name":"Portada","item":"https:\/\/diarioellabrador.cl\/"},{"@type":"ListItem","position":2,"name":"Un nuevo sistema frontal traer\u00e1 intensas lluvias a la Regi\u00f3n Metropolitana: hasta cu\u00e1ndo se extender\u00e1"}]},{"@type":"WebSite","@id":"https:\/\/diarioellabrador.cl\/#website","url":"https:\/\/diarioellabrador.cl\/","name":"Diario El Labrador","description":"Haciendo noticia desde 1921","publisher":{"@id":"https:\/\/diarioellabrador.cl\/#organization"},"potentialAction":[{"@type":"SearchAction","target":{"@type":"EntryPoint","urlTemplate":"https:\/\/diarioellabrador.cl\/?s={search_term_string}"},"query-input":{"@type":"PropertyValueSpecification","valueRequired":true,"valueName":"search_term_string"}}],"inLanguage":"es"},{"@type":"Organization","@id":"https:\/\/diarioellabrador.cl\/#organization","name":"Diario El Labrador","url":"https:\/\/diarioellabrador.cl\/","logo":{"@type":"ImageObject","inLanguage":"es","@id":"https:\/\/diarioellabrador.cl\/#\/schema\/logo\/image\/","url":"https:\/\/diarioellabrador.cl\/wp-content\/uploads\/2025\/02\/cropped-Logo-Icono.png","contentUrl":"https:\/\/diarioellabrador.cl\/wp-content\/uploads\/2025\/02\/cropped-Logo-Icono.png","width":512,"height":512,"caption":"Diario El Labrador"},"image":{"@id":"https:\/\/diarioellabrador.cl\/#\/schema\/logo\/image\/"},"sameAs":["https:\/\/web.facebook.com\/profile.php?id=61576120840621","https:\/\/x.com\/ElLabradorOf","https:\/\/www.instagram.com\/diarioellabradoroficial\/"]},{"@type":"Person","@id":"https:\/\/diarioellabrador.cl\/#\/schema\/person\/bc25ff80b4563f9c7f4bd7855df01685","name":"Editor","image":{"@type":"ImageObject","inLanguage":"es","@id":"https:\/\/secure.gravatar.com\/avatar\/109c326cf2be5c04f048c2c2a2b8b6ef44bf3d8d1d3d4c55d0ac40c4bc994684?s=96&d=mm&r=g","url":"https:\/\/secure.gravatar.com\/avatar\/109c326cf2be5c04f048c2c2a2b8b6ef44bf3d8d1d3d4c55d0ac40c4bc994684?s=96&d=mm&r=g","contentUrl":"https:\/\/secure.gravatar.com\/avatar\/109c326cf2be5c04f048c2c2a2b8b6ef44bf3d8d1d3d4c55d0ac40c4bc994684?s=96&d=mm&r=g","caption":"Editor"},"url":"https:\/\/diarioellabrador.cl\/index.php\/author\/editor\/"}]}},"_links":{"self":[{"href":"https:\/\/diarioellabrador.cl\/index.php\/wp-json\/wp\/v2\/posts\/7340","targetHints":{"allow":["GET"]}}],"collection":[{"href":"https:\/\/diarioellabrador.cl\/index.php\/wp-json\/wp\/v2\/posts"}],"about":[{"href":"https:\/\/diarioellabrador.cl\/index.php\/wp-json\/wp\/v2\/types\/post"}],"author":[{"embeddable":true,"href":"https:\/\/diarioellabrador.cl\/index.php\/wp-json\/wp\/v2\/users\/2"}],"replies":[{"embeddable":true,"href":"https:\/\/diarioellabrador.cl\/index.php\/wp-json\/wp\/v2\/comments?post=7340"}],"version-history":[{"count":1,"href":"https:\/\/diarioellabrador.cl\/index.php\/wp-json\/wp\/v2\/posts\/7340\/revisions"}],"predecessor-version":[{"id":7341,"href":"https:\/\/diarioellabrador.cl\/index.php\/wp-json\/wp\/v2\/posts\/7340\/revisions\/7341"}],"wp:featuredmedia":[{"embeddable":true,"href":"https:\/\/diarioellabrador.cl\/index.php\/wp-json\/wp\/v2\/media\/7298"}],"wp:attachment":[{"href":"https:\/\/diarioellabrador.cl\/index.php\/wp-json\/wp\/v2\/media?parent=7340"}],"wp:term":[{"taxonomy":"category","embeddable":true,"href":"https:\/\/diarioellabrador.cl\/index.php\/wp-json\/wp\/v2\/categories?post=7340"},{"taxonomy":"post_tag","embeddable":true,"href":"https:\/\/diarioellabrador.cl\/index.php\/wp-json\/wp\/v2\/tags?post=7340"}],"curies":[{"name":"wp","href":"https:\/\/api.w.org\/{rel}","templated":true}]}}