{"id":7338,"date":"2025-08-18T19:18:28","date_gmt":"2025-08-18T23:18:28","guid":{"rendered":"https:\/\/diarioellabrador.cl\/?p=7338"},"modified":"2025-08-18T21:42:47","modified_gmt":"2025-08-19T01:42:47","slug":"delegado-presidencial-provincial-de-melipilla-sostuvo-reunion-protocolar-con-subdirector-nacional-de-injuv","status":"publish","type":"post","link":"https:\/\/diarioellabrador.cl\/index.php\/2025\/08\/18\/delegado-presidencial-provincial-de-melipilla-sostuvo-reunion-protocolar-con-subdirector-nacional-de-injuv\/","title":{"rendered":"Delegado Presidencial Provincial de Melipilla sostuvo reuni\u00f3n protocolar con Subdirector Nacional de INJUV"},"content":{"rendered":"\n<ul class=\"wp-block-list\">\n<li><strong>Durante la instancia se dio a conocer los programas que impulsa INJUV en materia de bienestar y salud mental en beneficio de las juventudes.<\/strong><\/li>\n<\/ul>\n\n\n\n<p>El Delegado Presidencial Provincial de Melipilla, Basti\u00e1n Alarc\u00f3n, sostuvo una fruct\u00edfera reuni\u00f3n protocolar con el Subdirector Nacional del Instituto Nacional de la Juventud (INJUV), Nicol\u00e1s Valdenegro, instancia en la que se abordaron los programas y l\u00edneas de acci\u00f3n que impulsa el organismo en beneficio de las juventudes del pa\u00eds.<\/p>\n\n\n\n<p>La autoridad provincial, Basti\u00e1n Alarc\u00f3n, valor\u00f3 la visita y reafirm\u00f3 la disposici\u00f3n de trabajar de manera conjunta con el prop\u00f3sito de fortalecer la llegada de estos programas a las comunidades.<\/p>\n\n\n\n<p>\u201cPudimos hablar varios temas de la provincia, principalmente la oferta de prestaciones que tiene INJUV para nuestros j\u00f3venes. Es relevante mencionar el programa Hablemos de todo, el cual puede buscarse a trav\u00e9s de <a href=\"https:\/\/hablemosdetodo.injuv.gob.cl\/\">https:\/\/hablemosdetodo.injuv.gob.cl\/<\/a>, donde se puede adquirir atenci\u00f3n inmediata con psic\u00f3logos y psic\u00f3logas de forma an\u00f3nima y gratuita, para j\u00f3venes que requieren atenci\u00f3n en salud mental, para quienes tienen pensamientos negativos y que requieren apoyo psicosocial\u201d, indic\u00f3 la autoridad.<\/p>\n\n\n\n<p>Por su parte, el Subdirector Nacional de INJUV, Nicol\u00e1s Valdenegro, detall\u00f3 que fue una visita \u201cpara entregar un saludo protocolar, dando a conocer nuestros programas que tenemos como Instituto Nacional de la Juventud en beneficio de las juventudes, como el \u201cHablemos de Todo\u201d, que promueve el bienestar y autocuidado. Pero por sobre todo, abordamos temas atendiendo las problem\u00e1ticas de salud mental que tienen las juventudes, y c\u00f3mo desde el Estado de Chile, a trav\u00e9s del mandato del Presidente Gabriel Boric, estamos desarrollando distintas actividades, no s\u00f3lo en la provincia, sino que tambi\u00e9n a lo largo de todo el territorio nacional\u201d, concluy\u00f3.<\/p>\n","protected":false},"excerpt":{"rendered":"<p>El Delegado Presidencial Provincial de Melipilla, Basti\u00e1n Alarc\u00f3n, sostuvo una fruct\u00edfera reuni\u00f3n protocolar con el Subdirector Nacional del Instituto Nacional de la Juventud (INJUV), Nicol\u00e1s Valdenegro, instancia en la que se abordaron los programas y l\u00edneas de acci\u00f3n que impulsa el organismo en beneficio de las juventudes del pa\u00eds. La autoridad provincial, Basti\u00e1n Alarc\u00f3n, valor\u00f3<\/p>\n<div class=\"read-more-wrapper\"><a class=\"read-more\" href=\"https:\/\/diarioellabrador.cl\/index.php\/2025\/08\/18\/delegado-presidencial-provincial-de-melipilla-sostuvo-reunion-protocolar-con-subdirector-nacional-de-injuv\/\" title=\"Leer m\u00e1s\"> <span class=\"button \">Leer m\u00e1s<\/span><\/a><\/div>\n","protected":false},"author":2,"featured_media":7297,"comment_status":"open","ping_status":"open","sticky":false,"template":"","format":"standard","meta":{"footnotes":""},"categories":[1],"tags":[],"class_list":["post-7338","post","type-post","status-publish","format-standard","has-post-thumbnail","hentry","category-cronica"],"yoast_head":"<!-- This site is optimized with the Yoast SEO plugin v27.5 - https:\/\/yoast.com\/product\/yoast-seo-wordpress\/ -->\n<title>Delegado Presidencial Provincial de Melipilla sostuvo reuni\u00f3n protocolar con Subdirector Nacional de INJUV - Diario El Labrador<\/title>\n<meta name=\"robots\" content=\"index, follow, max-snippet:-1, max-image-preview:large, max-video-preview:-1\" \/>\n<link rel=\"canonical\" href=\"https:\/\/diarioellabrador.cl\/index.php\/2025\/08\/18\/delegado-presidencial-provincial-de-melipilla-sostuvo-reunion-protocolar-con-subdirector-nacional-de-injuv\/\" \/>\n<meta property=\"og:locale\" content=\"es_ES\" \/>\n<meta property=\"og:type\" content=\"article\" \/>\n<meta property=\"og:title\" content=\"Delegado Presidencial Provincial de Melipilla sostuvo reuni\u00f3n protocolar con Subdirector Nacional de INJUV - Diario El Labrador\" \/>\n<meta property=\"og:description\" content=\"El Delegado Presidencial Provincial de Melipilla, Basti\u00e1n Alarc\u00f3n, sostuvo una fruct\u00edfera reuni\u00f3n protocolar con el Subdirector Nacional del Instituto Nacional de la Juventud (INJUV), Nicol\u00e1s Valdenegro, instancia en la que se abordaron los programas y l\u00edneas de acci\u00f3n que impulsa el organismo en beneficio de las juventudes del pa\u00eds. La autoridad provincial, Basti\u00e1n Alarc\u00f3n, valor\u00f3 Leer m\u00e1s\" \/>\n<meta property=\"og:url\" content=\"https:\/\/diarioellabrador.cl\/index.php\/2025\/08\/18\/delegado-presidencial-provincial-de-melipilla-sostuvo-reunion-protocolar-con-subdirector-nacional-de-injuv\/\" \/>\n<meta property=\"og:site_name\" content=\"Diario El Labrador\" \/>\n<meta property=\"article:publisher\" content=\"https:\/\/web.facebook.com\/profile.php?id=61576120840621\" \/>\n<meta property=\"article:published_time\" content=\"2025-08-18T23:18:28+00:00\" \/>\n<meta property=\"article:modified_time\" content=\"2025-08-19T01:42:47+00:00\" \/>\n<meta property=\"og:image\" content=\"https:\/\/diarioellabrador.cl\/wp-content\/uploads\/2025\/08\/Reunion-Protocolar-INJUV-e1755567724148.jpeg\" \/>\n\t<meta property=\"og:image:width\" content=\"1167\" \/>\n\t<meta property=\"og:image:height\" content=\"825\" \/>\n\t<meta property=\"og:image:type\" content=\"image\/jpeg\" \/>\n<meta name=\"author\" content=\"Editor\" \/>\n<meta name=\"twitter:card\" content=\"summary_large_image\" \/>\n<meta name=\"twitter:creator\" content=\"@ElLabradorOf\" \/>\n<meta name=\"twitter:site\" content=\"@ElLabradorOf\" \/>\n<meta name=\"twitter:label1\" content=\"Escrito por\" \/>\n\t<meta name=\"twitter:data1\" content=\"Editor\" \/>\n\t<meta name=\"twitter:label2\" content=\"Tiempo de lectura\" \/>\n\t<meta name=\"twitter:data2\" content=\"2 minutos\" \/>\n<script type=\"application\/ld+json\" class=\"yoast-schema-graph\">{\"@context\":\"https:\\\/\\\/schema.org\",\"@graph\":[{\"@type\":\"Article\",\"@id\":\"https:\\\/\\\/diarioellabrador.cl\\\/index.php\\\/2025\\\/08\\\/18\\\/delegado-presidencial-provincial-de-melipilla-sostuvo-reunion-protocolar-con-subdirector-nacional-de-injuv\\\/#article\",\"isPartOf\":{\"@id\":\"https:\\\/\\\/diarioellabrador.cl\\\/index.php\\\/2025\\\/08\\\/18\\\/delegado-presidencial-provincial-de-melipilla-sostuvo-reunion-protocolar-con-subdirector-nacional-de-injuv\\\/\"},\"author\":{\"name\":\"Editor\",\"@id\":\"https:\\\/\\\/diarioellabrador.cl\\\/#\\\/schema\\\/person\\\/bc25ff80b4563f9c7f4bd7855df01685\"},\"headline\":\"Delegado Presidencial Provincial de Melipilla sostuvo reuni\u00f3n protocolar con Subdirector Nacional de INJUV\",\"datePublished\":\"2025-08-18T23:18:28+00:00\",\"dateModified\":\"2025-08-19T01:42:47+00:00\",\"mainEntityOfPage\":{\"@id\":\"https:\\\/\\\/diarioellabrador.cl\\\/index.php\\\/2025\\\/08\\\/18\\\/delegado-presidencial-provincial-de-melipilla-sostuvo-reunion-protocolar-con-subdirector-nacional-de-injuv\\\/\"},\"wordCount\":318,\"commentCount\":0,\"publisher\":{\"@id\":\"https:\\\/\\\/diarioellabrador.cl\\\/#organization\"},\"image\":{\"@id\":\"https:\\\/\\\/diarioellabrador.cl\\\/index.php\\\/2025\\\/08\\\/18\\\/delegado-presidencial-provincial-de-melipilla-sostuvo-reunion-protocolar-con-subdirector-nacional-de-injuv\\\/#primaryimage\"},\"thumbnailUrl\":\"https:\\\/\\\/diarioellabrador.cl\\\/wp-content\\\/uploads\\\/2025\\\/08\\\/Reunion-Protocolar-INJUV-e1755567724148.jpeg\",\"articleSection\":[\"Cr\u00f3nica\"],\"inLanguage\":\"es\",\"potentialAction\":[{\"@type\":\"CommentAction\",\"name\":\"Comment\",\"target\":[\"https:\\\/\\\/diarioellabrador.cl\\\/index.php\\\/2025\\\/08\\\/18\\\/delegado-presidencial-provincial-de-melipilla-sostuvo-reunion-protocolar-con-subdirector-nacional-de-injuv\\\/#respond\"]}]},{\"@type\":\"WebPage\",\"@id\":\"https:\\\/\\\/diarioellabrador.cl\\\/index.php\\\/2025\\\/08\\\/18\\\/delegado-presidencial-provincial-de-melipilla-sostuvo-reunion-protocolar-con-subdirector-nacional-de-injuv\\\/\",\"url\":\"https:\\\/\\\/diarioellabrador.cl\\\/index.php\\\/2025\\\/08\\\/18\\\/delegado-presidencial-provincial-de-melipilla-sostuvo-reunion-protocolar-con-subdirector-nacional-de-injuv\\\/\",\"name\":\"Delegado Presidencial Provincial de Melipilla sostuvo reuni\u00f3n protocolar con Subdirector Nacional de INJUV - Diario El Labrador\",\"isPartOf\":{\"@id\":\"https:\\\/\\\/diarioellabrador.cl\\\/#website\"},\"primaryImageOfPage\":{\"@id\":\"https:\\\/\\\/diarioellabrador.cl\\\/index.php\\\/2025\\\/08\\\/18\\\/delegado-presidencial-provincial-de-melipilla-sostuvo-reunion-protocolar-con-subdirector-nacional-de-injuv\\\/#primaryimage\"},\"image\":{\"@id\":\"https:\\\/\\\/diarioellabrador.cl\\\/index.php\\\/2025\\\/08\\\/18\\\/delegado-presidencial-provincial-de-melipilla-sostuvo-reunion-protocolar-con-subdirector-nacional-de-injuv\\\/#primaryimage\"},\"thumbnailUrl\":\"https:\\\/\\\/diarioellabrador.cl\\\/wp-content\\\/uploads\\\/2025\\\/08\\\/Reunion-Protocolar-INJUV-e1755567724148.jpeg\",\"datePublished\":\"2025-08-18T23:18:28+00:00\",\"dateModified\":\"2025-08-19T01:42:47+00:00\",\"breadcrumb\":{\"@id\":\"https:\\\/\\\/diarioellabrador.cl\\\/index.php\\\/2025\\\/08\\\/18\\\/delegado-presidencial-provincial-de-melipilla-sostuvo-reunion-protocolar-con-subdirector-nacional-de-injuv\\\/#breadcrumb\"},\"inLanguage\":\"es\",\"potentialAction\":[{\"@type\":\"ReadAction\",\"target\":[\"https:\\\/\\\/diarioellabrador.cl\\\/index.php\\\/2025\\\/08\\\/18\\\/delegado-presidencial-provincial-de-melipilla-sostuvo-reunion-protocolar-con-subdirector-nacional-de-injuv\\\/\"]}]},{\"@type\":\"ImageObject\",\"inLanguage\":\"es\",\"@id\":\"https:\\\/\\\/diarioellabrador.cl\\\/index.php\\\/2025\\\/08\\\/18\\\/delegado-presidencial-provincial-de-melipilla-sostuvo-reunion-protocolar-con-subdirector-nacional-de-injuv\\\/#primaryimage\",\"url\":\"https:\\\/\\\/diarioellabrador.cl\\\/wp-content\\\/uploads\\\/2025\\\/08\\\/Reunion-Protocolar-INJUV-e1755567724148.jpeg\",\"contentUrl\":\"https:\\\/\\\/diarioellabrador.cl\\\/wp-content\\\/uploads\\\/2025\\\/08\\\/Reunion-Protocolar-INJUV-e1755567724148.jpeg\",\"width\":1167,\"height\":825},{\"@type\":\"BreadcrumbList\",\"@id\":\"https:\\\/\\\/diarioellabrador.cl\\\/index.php\\\/2025\\\/08\\\/18\\\/delegado-presidencial-provincial-de-melipilla-sostuvo-reunion-protocolar-con-subdirector-nacional-de-injuv\\\/#breadcrumb\",\"itemListElement\":[{\"@type\":\"ListItem\",\"position\":1,\"name\":\"Portada\",\"item\":\"https:\\\/\\\/diarioellabrador.cl\\\/\"},{\"@type\":\"ListItem\",\"position\":2,\"name\":\"Delegado Presidencial Provincial de Melipilla sostuvo reuni\u00f3n protocolar con Subdirector Nacional de INJUV\"}]},{\"@type\":\"WebSite\",\"@id\":\"https:\\\/\\\/diarioellabrador.cl\\\/#website\",\"url\":\"https:\\\/\\\/diarioellabrador.cl\\\/\",\"name\":\"Diario El Labrador\",\"description\":\"Haciendo noticia desde 1921\",\"publisher\":{\"@id\":\"https:\\\/\\\/diarioellabrador.cl\\\/#organization\"},\"potentialAction\":[{\"@type\":\"SearchAction\",\"target\":{\"@type\":\"EntryPoint\",\"urlTemplate\":\"https:\\\/\\\/diarioellabrador.cl\\\/?s={search_term_string}\"},\"query-input\":{\"@type\":\"PropertyValueSpecification\",\"valueRequired\":true,\"valueName\":\"search_term_string\"}}],\"inLanguage\":\"es\"},{\"@type\":\"Organization\",\"@id\":\"https:\\\/\\\/diarioellabrador.cl\\\/#organization\",\"name\":\"Diario El Labrador\",\"url\":\"https:\\\/\\\/diarioellabrador.cl\\\/\",\"logo\":{\"@type\":\"ImageObject\",\"inLanguage\":\"es\",\"@id\":\"https:\\\/\\\/diarioellabrador.cl\\\/#\\\/schema\\\/logo\\\/image\\\/\",\"url\":\"https:\\\/\\\/diarioellabrador.cl\\\/wp-content\\\/uploads\\\/2025\\\/02\\\/cropped-Logo-Icono.png\",\"contentUrl\":\"https:\\\/\\\/diarioellabrador.cl\\\/wp-content\\\/uploads\\\/2025\\\/02\\\/cropped-Logo-Icono.png\",\"width\":512,\"height\":512,\"caption\":\"Diario El Labrador\"},\"image\":{\"@id\":\"https:\\\/\\\/diarioellabrador.cl\\\/#\\\/schema\\\/logo\\\/image\\\/\"},\"sameAs\":[\"https:\\\/\\\/web.facebook.com\\\/profile.php?id=61576120840621\",\"https:\\\/\\\/x.com\\\/ElLabradorOf\",\"https:\\\/\\\/www.instagram.com\\\/diarioellabradoroficial\\\/\"]},{\"@type\":\"Person\",\"@id\":\"https:\\\/\\\/diarioellabrador.cl\\\/#\\\/schema\\\/person\\\/bc25ff80b4563f9c7f4bd7855df01685\",\"name\":\"Editor\",\"image\":{\"@type\":\"ImageObject\",\"inLanguage\":\"es\",\"@id\":\"https:\\\/\\\/secure.gravatar.com\\\/avatar\\\/109c326cf2be5c04f048c2c2a2b8b6ef44bf3d8d1d3d4c55d0ac40c4bc994684?s=96&d=mm&r=g\",\"url\":\"https:\\\/\\\/secure.gravatar.com\\\/avatar\\\/109c326cf2be5c04f048c2c2a2b8b6ef44bf3d8d1d3d4c55d0ac40c4bc994684?s=96&d=mm&r=g\",\"contentUrl\":\"https:\\\/\\\/secure.gravatar.com\\\/avatar\\\/109c326cf2be5c04f048c2c2a2b8b6ef44bf3d8d1d3d4c55d0ac40c4bc994684?s=96&d=mm&r=g\",\"caption\":\"Editor\"},\"url\":\"https:\\\/\\\/diarioellabrador.cl\\\/index.php\\\/author\\\/editor\\\/\"}]}<\/script>\n<!-- \/ Yoast SEO plugin. -->","yoast_head_json":{"title":"Delegado Presidencial Provincial de Melipilla sostuvo reuni\u00f3n protocolar con Subdirector Nacional de INJUV - Diario El Labrador","robots":{"index":"index","follow":"follow","max-snippet":"max-snippet:-1","max-image-preview":"max-image-preview:large","max-video-preview":"max-video-preview:-1"},"canonical":"https:\/\/diarioellabrador.cl\/index.php\/2025\/08\/18\/delegado-presidencial-provincial-de-melipilla-sostuvo-reunion-protocolar-con-subdirector-nacional-de-injuv\/","og_locale":"es_ES","og_type":"article","og_title":"Delegado Presidencial Provincial de Melipilla sostuvo reuni\u00f3n protocolar con Subdirector Nacional de INJUV - Diario El Labrador","og_description":"El Delegado Presidencial Provincial de Melipilla, Basti\u00e1n Alarc\u00f3n, sostuvo una fruct\u00edfera reuni\u00f3n protocolar con el Subdirector Nacional del Instituto Nacional de la Juventud (INJUV), Nicol\u00e1s Valdenegro, instancia en la que se abordaron los programas y l\u00edneas de acci\u00f3n que impulsa el organismo en beneficio de las juventudes del pa\u00eds. La autoridad provincial, Basti\u00e1n Alarc\u00f3n, valor\u00f3 Leer m\u00e1s","og_url":"https:\/\/diarioellabrador.cl\/index.php\/2025\/08\/18\/delegado-presidencial-provincial-de-melipilla-sostuvo-reunion-protocolar-con-subdirector-nacional-de-injuv\/","og_site_name":"Diario El Labrador","article_publisher":"https:\/\/web.facebook.com\/profile.php?id=61576120840621","article_published_time":"2025-08-18T23:18:28+00:00","article_modified_time":"2025-08-19T01:42:47+00:00","og_image":[{"width":1167,"height":825,"url":"https:\/\/diarioellabrador.cl\/wp-content\/uploads\/2025\/08\/Reunion-Protocolar-INJUV-e1755567724148.jpeg","type":"image\/jpeg"}],"author":"Editor","twitter_card":"summary_large_image","twitter_creator":"@ElLabradorOf","twitter_site":"@ElLabradorOf","twitter_misc":{"Escrito por":"Editor","Tiempo de lectura":"2 minutos"},"schema":{"@context":"https:\/\/schema.org","@graph":[{"@type":"Article","@id":"https:\/\/diarioellabrador.cl\/index.php\/2025\/08\/18\/delegado-presidencial-provincial-de-melipilla-sostuvo-reunion-protocolar-con-subdirector-nacional-de-injuv\/#article","isPartOf":{"@id":"https:\/\/diarioellabrador.cl\/index.php\/2025\/08\/18\/delegado-presidencial-provincial-de-melipilla-sostuvo-reunion-protocolar-con-subdirector-nacional-de-injuv\/"},"author":{"name":"Editor","@id":"https:\/\/diarioellabrador.cl\/#\/schema\/person\/bc25ff80b4563f9c7f4bd7855df01685"},"headline":"Delegado Presidencial Provincial de Melipilla sostuvo reuni\u00f3n protocolar con Subdirector Nacional de INJUV","datePublished":"2025-08-18T23:18:28+00:00","dateModified":"2025-08-19T01:42:47+00:00","mainEntityOfPage":{"@id":"https:\/\/diarioellabrador.cl\/index.php\/2025\/08\/18\/delegado-presidencial-provincial-de-melipilla-sostuvo-reunion-protocolar-con-subdirector-nacional-de-injuv\/"},"wordCount":318,"commentCount":0,"publisher":{"@id":"https:\/\/diarioellabrador.cl\/#organization"},"image":{"@id":"https:\/\/diarioellabrador.cl\/index.php\/2025\/08\/18\/delegado-presidencial-provincial-de-melipilla-sostuvo-reunion-protocolar-con-subdirector-nacional-de-injuv\/#primaryimage"},"thumbnailUrl":"https:\/\/diarioellabrador.cl\/wp-content\/uploads\/2025\/08\/Reunion-Protocolar-INJUV-e1755567724148.jpeg","articleSection":["Cr\u00f3nica"],"inLanguage":"es","potentialAction":[{"@type":"CommentAction","name":"Comment","target":["https:\/\/diarioellabrador.cl\/index.php\/2025\/08\/18\/delegado-presidencial-provincial-de-melipilla-sostuvo-reunion-protocolar-con-subdirector-nacional-de-injuv\/#respond"]}]},{"@type":"WebPage","@id":"https:\/\/diarioellabrador.cl\/index.php\/2025\/08\/18\/delegado-presidencial-provincial-de-melipilla-sostuvo-reunion-protocolar-con-subdirector-nacional-de-injuv\/","url":"https:\/\/diarioellabrador.cl\/index.php\/2025\/08\/18\/delegado-presidencial-provincial-de-melipilla-sostuvo-reunion-protocolar-con-subdirector-nacional-de-injuv\/","name":"Delegado Presidencial Provincial de Melipilla sostuvo reuni\u00f3n protocolar con Subdirector Nacional de INJUV - Diario El Labrador","isPartOf":{"@id":"https:\/\/diarioellabrador.cl\/#website"},"primaryImageOfPage":{"@id":"https:\/\/diarioellabrador.cl\/index.php\/2025\/08\/18\/delegado-presidencial-provincial-de-melipilla-sostuvo-reunion-protocolar-con-subdirector-nacional-de-injuv\/#primaryimage"},"image":{"@id":"https:\/\/diarioellabrador.cl\/index.php\/2025\/08\/18\/delegado-presidencial-provincial-de-melipilla-sostuvo-reunion-protocolar-con-subdirector-nacional-de-injuv\/#primaryimage"},"thumbnailUrl":"https:\/\/diarioellabrador.cl\/wp-content\/uploads\/2025\/08\/Reunion-Protocolar-INJUV-e1755567724148.jpeg","datePublished":"2025-08-18T23:18:28+00:00","dateModified":"2025-08-19T01:42:47+00:00","breadcrumb":{"@id":"https:\/\/diarioellabrador.cl\/index.php\/2025\/08\/18\/delegado-presidencial-provincial-de-melipilla-sostuvo-reunion-protocolar-con-subdirector-nacional-de-injuv\/#breadcrumb"},"inLanguage":"es","potentialAction":[{"@type":"ReadAction","target":["https:\/\/diarioellabrador.cl\/index.php\/2025\/08\/18\/delegado-presidencial-provincial-de-melipilla-sostuvo-reunion-protocolar-con-subdirector-nacional-de-injuv\/"]}]},{"@type":"ImageObject","inLanguage":"es","@id":"https:\/\/diarioellabrador.cl\/index.php\/2025\/08\/18\/delegado-presidencial-provincial-de-melipilla-sostuvo-reunion-protocolar-con-subdirector-nacional-de-injuv\/#primaryimage","url":"https:\/\/diarioellabrador.cl\/wp-content\/uploads\/2025\/08\/Reunion-Protocolar-INJUV-e1755567724148.jpeg","contentUrl":"https:\/\/diarioellabrador.cl\/wp-content\/uploads\/2025\/08\/Reunion-Protocolar-INJUV-e1755567724148.jpeg","width":1167,"height":825},{"@type":"BreadcrumbList","@id":"https:\/\/diarioellabrador.cl\/index.php\/2025\/08\/18\/delegado-presidencial-provincial-de-melipilla-sostuvo-reunion-protocolar-con-subdirector-nacional-de-injuv\/#breadcrumb","itemListElement":[{"@type":"ListItem","position":1,"name":"Portada","item":"https:\/\/diarioellabrador.cl\/"},{"@type":"ListItem","position":2,"name":"Delegado Presidencial Provincial de Melipilla sostuvo reuni\u00f3n protocolar con Subdirector Nacional de INJUV"}]},{"@type":"WebSite","@id":"https:\/\/diarioellabrador.cl\/#website","url":"https:\/\/diarioellabrador.cl\/","name":"Diario El Labrador","description":"Haciendo noticia desde 1921","publisher":{"@id":"https:\/\/diarioellabrador.cl\/#organization"},"potentialAction":[{"@type":"SearchAction","target":{"@type":"EntryPoint","urlTemplate":"https:\/\/diarioellabrador.cl\/?s={search_term_string}"},"query-input":{"@type":"PropertyValueSpecification","valueRequired":true,"valueName":"search_term_string"}}],"inLanguage":"es"},{"@type":"Organization","@id":"https:\/\/diarioellabrador.cl\/#organization","name":"Diario El Labrador","url":"https:\/\/diarioellabrador.cl\/","logo":{"@type":"ImageObject","inLanguage":"es","@id":"https:\/\/diarioellabrador.cl\/#\/schema\/logo\/image\/","url":"https:\/\/diarioellabrador.cl\/wp-content\/uploads\/2025\/02\/cropped-Logo-Icono.png","contentUrl":"https:\/\/diarioellabrador.cl\/wp-content\/uploads\/2025\/02\/cropped-Logo-Icono.png","width":512,"height":512,"caption":"Diario El Labrador"},"image":{"@id":"https:\/\/diarioellabrador.cl\/#\/schema\/logo\/image\/"},"sameAs":["https:\/\/web.facebook.com\/profile.php?id=61576120840621","https:\/\/x.com\/ElLabradorOf","https:\/\/www.instagram.com\/diarioellabradoroficial\/"]},{"@type":"Person","@id":"https:\/\/diarioellabrador.cl\/#\/schema\/person\/bc25ff80b4563f9c7f4bd7855df01685","name":"Editor","image":{"@type":"ImageObject","inLanguage":"es","@id":"https:\/\/secure.gravatar.com\/avatar\/109c326cf2be5c04f048c2c2a2b8b6ef44bf3d8d1d3d4c55d0ac40c4bc994684?s=96&d=mm&r=g","url":"https:\/\/secure.gravatar.com\/avatar\/109c326cf2be5c04f048c2c2a2b8b6ef44bf3d8d1d3d4c55d0ac40c4bc994684?s=96&d=mm&r=g","contentUrl":"https:\/\/secure.gravatar.com\/avatar\/109c326cf2be5c04f048c2c2a2b8b6ef44bf3d8d1d3d4c55d0ac40c4bc994684?s=96&d=mm&r=g","caption":"Editor"},"url":"https:\/\/diarioellabrador.cl\/index.php\/author\/editor\/"}]}},"_links":{"self":[{"href":"https:\/\/diarioellabrador.cl\/index.php\/wp-json\/wp\/v2\/posts\/7338","targetHints":{"allow":["GET"]}}],"collection":[{"href":"https:\/\/diarioellabrador.cl\/index.php\/wp-json\/wp\/v2\/posts"}],"about":[{"href":"https:\/\/diarioellabrador.cl\/index.php\/wp-json\/wp\/v2\/types\/post"}],"author":[{"embeddable":true,"href":"https:\/\/diarioellabrador.cl\/index.php\/wp-json\/wp\/v2\/users\/2"}],"replies":[{"embeddable":true,"href":"https:\/\/diarioellabrador.cl\/index.php\/wp-json\/wp\/v2\/comments?post=7338"}],"version-history":[{"count":1,"href":"https:\/\/diarioellabrador.cl\/index.php\/wp-json\/wp\/v2\/posts\/7338\/revisions"}],"predecessor-version":[{"id":7339,"href":"https:\/\/diarioellabrador.cl\/index.php\/wp-json\/wp\/v2\/posts\/7338\/revisions\/7339"}],"wp:featuredmedia":[{"embeddable":true,"href":"https:\/\/diarioellabrador.cl\/index.php\/wp-json\/wp\/v2\/media\/7297"}],"wp:attachment":[{"href":"https:\/\/diarioellabrador.cl\/index.php\/wp-json\/wp\/v2\/media?parent=7338"}],"wp:term":[{"taxonomy":"category","embeddable":true,"href":"https:\/\/diarioellabrador.cl\/index.php\/wp-json\/wp\/v2\/categories?post=7338"},{"taxonomy":"post_tag","embeddable":true,"href":"https:\/\/diarioellabrador.cl\/index.php\/wp-json\/wp\/v2\/tags?post=7338"}],"curies":[{"name":"wp","href":"https:\/\/api.w.org\/{rel}","templated":true}]}}