{"id":7326,"date":"2025-08-18T19:15:16","date_gmt":"2025-08-18T23:15:16","guid":{"rendered":"https:\/\/diarioellabrador.cl\/?p=7326"},"modified":"2025-08-18T19:15:16","modified_gmt":"2025-08-18T23:15:16","slug":"desde-que-edad-se-recibe-el-bono-por-anos-cotizados-y-cuanto-dinero-extra-entrega","status":"publish","type":"post","link":"https:\/\/diarioellabrador.cl\/index.php\/2025\/08\/18\/desde-que-edad-se-recibe-el-bono-por-anos-cotizados-y-cuanto-dinero-extra-entrega\/","title":{"rendered":"Desde qu\u00e9 edad se recibe el Bono por A\u00f1os Cotizados y cu\u00e1nto dinero extra entrega"},"content":{"rendered":"\n<p><strong>El pago comenzar\u00e1 a aplicarse en enero de 2026 e incrementar\u00e1 directamente el monto de la pensi\u00f3n mensual.<\/strong><\/p>\n\n\n\n<p>Un <strong>nuevo beneficio<\/strong> se suma a la <strong>Reforma de Pensiones<\/strong> y promete mejorar el ingreso mensual de los futuros jubilados este 2025.<\/p>\n\n\n\n<p>Se trata del <strong>Bono por A\u00f1os Cotizados<\/strong>, un aporte extra que se entregar\u00e1 a quienes cumplan con ciertos requisitos de cotizaci\u00f3n en su vida laboral.<\/p>\n\n\n\n<p>Lo m\u00e1s llamativo es que este dinero <strong>no requiere postulaci\u00f3n<\/strong>, ya que ser\u00e1 asignado de manera autom\u00e1tica por las AFP y compa\u00f1\u00edas de seguros a los pensionados que califiquen.<\/p>\n\n\n\n<h2 class=\"wp-block-heading\">\u00bfQui\u00e9nes pueden acceder al bono?<\/h2>\n\n\n\n<p>El pago est\u00e1 dirigido a hombres y mujeres que se pensionen en Chile y que hayan acumulado un m\u00ednimo de cotizaciones:<\/p>\n\n\n\n<ul class=\"wp-block-list\">\n<li><strong>Mujeres<\/strong>: al menos 120 meses (10 a\u00f1os) de aportes.<\/li>\n\n\n\n<li><strong>Hombres<\/strong>: al menos 240 meses (20 a\u00f1os) de aportes.<\/li>\n<\/ul>\n\n\n\n<p>Adem\u00e1s, es necesario tener la edad legal de jubilaci\u00f3n: <strong>65 a\u00f1os<\/strong>.<\/p>\n\n\n\n<p><strong>\u00bfCu\u00e1nto dinero entrega y desde cu\u00e1ndo se paga?<\/strong><\/p>\n\n\n\n<p>El beneficio consiste en un <strong>pago de 0,1 UF mensual por cada 12 meses cotizados<\/strong>, con un tope m\u00e1ximo de 2,5 UF al mes (equivalente a 25 a\u00f1os de aportes).<\/p>\n\n\n\n<p>Esto significa que, dependiendo de la cantidad de a\u00f1os cotizados, un pensionado podr\u00eda recibir <strong>m\u00e1s de $92 mil extra mensuales <\/strong>sobre su pensi\u00f3n base.<\/p>\n\n\n\n<p>El Bono por A\u00f1os Cotizados comenzar\u00e1 a entregarse <strong>a partir de enero de 2026<\/strong>.<\/p>\n\n\n\n<ul class=\"wp-block-list\">\n<li><strong>Quienes ya est\u00e9n pensionados y cumplan con los requisitos recibir\u00e1n el pago desde esa fecha.<\/strong><\/li>\n\n\n\n<li><strong>Quienes se pensionen despu\u00e9s, recibir\u00e1n el beneficio junto con su primera pensi\u00f3n.<\/strong><\/li>\n<\/ul>\n","protected":false},"excerpt":{"rendered":"<p>El pago comenzar\u00e1 a aplicarse en enero de 2026 e incrementar\u00e1 directamente el monto de la pensi\u00f3n mensual. Un nuevo beneficio se suma a la Reforma de Pensiones y promete mejorar el ingreso mensual de los futuros jubilados este 2025. Se trata del Bono por A\u00f1os Cotizados, un aporte extra que se entregar\u00e1 a quienes<\/p>\n<div class=\"read-more-wrapper\"><a class=\"read-more\" href=\"https:\/\/diarioellabrador.cl\/index.php\/2025\/08\/18\/desde-que-edad-se-recibe-el-bono-por-anos-cotizados-y-cuanto-dinero-extra-entrega\/\" title=\"Leer m\u00e1s\"> <span class=\"button \">Leer m\u00e1s<\/span><\/a><\/div>\n","protected":false},"author":2,"featured_media":7302,"comment_status":"open","ping_status":"open","sticky":false,"template":"","format":"standard","meta":{"footnotes":""},"categories":[1],"tags":[],"class_list":["post-7326","post","type-post","status-publish","format-standard","has-post-thumbnail","hentry","category-cronica"],"yoast_head":"<!-- This site is optimized with the Yoast SEO plugin v27.5 - https:\/\/yoast.com\/product\/yoast-seo-wordpress\/ -->\n<title>Desde qu\u00e9 edad se recibe el Bono por A\u00f1os Cotizados y cu\u00e1nto dinero extra entrega - Diario El Labrador<\/title>\n<meta name=\"robots\" content=\"index, follow, max-snippet:-1, max-image-preview:large, max-video-preview:-1\" \/>\n<link rel=\"canonical\" href=\"https:\/\/diarioellabrador.cl\/index.php\/2025\/08\/18\/desde-que-edad-se-recibe-el-bono-por-anos-cotizados-y-cuanto-dinero-extra-entrega\/\" \/>\n<meta property=\"og:locale\" content=\"es_ES\" \/>\n<meta property=\"og:type\" content=\"article\" \/>\n<meta property=\"og:title\" content=\"Desde qu\u00e9 edad se recibe el Bono por A\u00f1os Cotizados y cu\u00e1nto dinero extra entrega - Diario El Labrador\" \/>\n<meta property=\"og:description\" content=\"El pago comenzar\u00e1 a aplicarse en enero de 2026 e incrementar\u00e1 directamente el monto de la pensi\u00f3n mensual. Un nuevo beneficio se suma a la Reforma de Pensiones y promete mejorar el ingreso mensual de los futuros jubilados este 2025. Se trata del Bono por A\u00f1os Cotizados, un aporte extra que se entregar\u00e1 a quienes Leer m\u00e1s\" \/>\n<meta property=\"og:url\" content=\"https:\/\/diarioellabrador.cl\/index.php\/2025\/08\/18\/desde-que-edad-se-recibe-el-bono-por-anos-cotizados-y-cuanto-dinero-extra-entrega\/\" \/>\n<meta property=\"og:site_name\" content=\"Diario El Labrador\" \/>\n<meta property=\"article:publisher\" content=\"https:\/\/web.facebook.com\/profile.php?id=61576120840621\" \/>\n<meta property=\"article:published_time\" content=\"2025-08-18T23:15:16+00:00\" \/>\n<meta property=\"og:image\" content=\"https:\/\/diarioellabrador.cl\/wp-content\/uploads\/2025\/08\/Desde-que-edad-se-recibe-el-Bono-por-Anos-Cotizados-y-cuanto-dinero-extra-entrega.jpeg\" \/>\n\t<meta property=\"og:image:width\" content=\"1280\" \/>\n\t<meta property=\"og:image:height\" content=\"825\" \/>\n\t<meta property=\"og:image:type\" content=\"image\/jpeg\" \/>\n<meta name=\"author\" content=\"Editor\" \/>\n<meta name=\"twitter:card\" content=\"summary_large_image\" \/>\n<meta name=\"twitter:creator\" content=\"@ElLabradorOf\" \/>\n<meta name=\"twitter:site\" content=\"@ElLabradorOf\" \/>\n<meta name=\"twitter:label1\" content=\"Escrito por\" \/>\n\t<meta name=\"twitter:data1\" content=\"Editor\" \/>\n\t<meta name=\"twitter:label2\" content=\"Tiempo de lectura\" \/>\n\t<meta name=\"twitter:data2\" content=\"2 minutos\" \/>\n<script type=\"application\/ld+json\" class=\"yoast-schema-graph\">{\"@context\":\"https:\\\/\\\/schema.org\",\"@graph\":[{\"@type\":\"Article\",\"@id\":\"https:\\\/\\\/diarioellabrador.cl\\\/index.php\\\/2025\\\/08\\\/18\\\/desde-que-edad-se-recibe-el-bono-por-anos-cotizados-y-cuanto-dinero-extra-entrega\\\/#article\",\"isPartOf\":{\"@id\":\"https:\\\/\\\/diarioellabrador.cl\\\/index.php\\\/2025\\\/08\\\/18\\\/desde-que-edad-se-recibe-el-bono-por-anos-cotizados-y-cuanto-dinero-extra-entrega\\\/\"},\"author\":{\"name\":\"Editor\",\"@id\":\"https:\\\/\\\/diarioellabrador.cl\\\/#\\\/schema\\\/person\\\/bc25ff80b4563f9c7f4bd7855df01685\"},\"headline\":\"Desde qu\u00e9 edad se recibe el Bono por A\u00f1os Cotizados y cu\u00e1nto dinero extra entrega\",\"datePublished\":\"2025-08-18T23:15:16+00:00\",\"mainEntityOfPage\":{\"@id\":\"https:\\\/\\\/diarioellabrador.cl\\\/index.php\\\/2025\\\/08\\\/18\\\/desde-que-edad-se-recibe-el-bono-por-anos-cotizados-y-cuanto-dinero-extra-entrega\\\/\"},\"wordCount\":284,\"commentCount\":0,\"publisher\":{\"@id\":\"https:\\\/\\\/diarioellabrador.cl\\\/#organization\"},\"image\":{\"@id\":\"https:\\\/\\\/diarioellabrador.cl\\\/index.php\\\/2025\\\/08\\\/18\\\/desde-que-edad-se-recibe-el-bono-por-anos-cotizados-y-cuanto-dinero-extra-entrega\\\/#primaryimage\"},\"thumbnailUrl\":\"https:\\\/\\\/diarioellabrador.cl\\\/wp-content\\\/uploads\\\/2025\\\/08\\\/Desde-que-edad-se-recibe-el-Bono-por-Anos-Cotizados-y-cuanto-dinero-extra-entrega.jpeg\",\"articleSection\":[\"Cr\u00f3nica\"],\"inLanguage\":\"es\",\"potentialAction\":[{\"@type\":\"CommentAction\",\"name\":\"Comment\",\"target\":[\"https:\\\/\\\/diarioellabrador.cl\\\/index.php\\\/2025\\\/08\\\/18\\\/desde-que-edad-se-recibe-el-bono-por-anos-cotizados-y-cuanto-dinero-extra-entrega\\\/#respond\"]}]},{\"@type\":\"WebPage\",\"@id\":\"https:\\\/\\\/diarioellabrador.cl\\\/index.php\\\/2025\\\/08\\\/18\\\/desde-que-edad-se-recibe-el-bono-por-anos-cotizados-y-cuanto-dinero-extra-entrega\\\/\",\"url\":\"https:\\\/\\\/diarioellabrador.cl\\\/index.php\\\/2025\\\/08\\\/18\\\/desde-que-edad-se-recibe-el-bono-por-anos-cotizados-y-cuanto-dinero-extra-entrega\\\/\",\"name\":\"Desde qu\u00e9 edad se recibe el Bono por A\u00f1os Cotizados y cu\u00e1nto dinero extra entrega - Diario El Labrador\",\"isPartOf\":{\"@id\":\"https:\\\/\\\/diarioellabrador.cl\\\/#website\"},\"primaryImageOfPage\":{\"@id\":\"https:\\\/\\\/diarioellabrador.cl\\\/index.php\\\/2025\\\/08\\\/18\\\/desde-que-edad-se-recibe-el-bono-por-anos-cotizados-y-cuanto-dinero-extra-entrega\\\/#primaryimage\"},\"image\":{\"@id\":\"https:\\\/\\\/diarioellabrador.cl\\\/index.php\\\/2025\\\/08\\\/18\\\/desde-que-edad-se-recibe-el-bono-por-anos-cotizados-y-cuanto-dinero-extra-entrega\\\/#primaryimage\"},\"thumbnailUrl\":\"https:\\\/\\\/diarioellabrador.cl\\\/wp-content\\\/uploads\\\/2025\\\/08\\\/Desde-que-edad-se-recibe-el-Bono-por-Anos-Cotizados-y-cuanto-dinero-extra-entrega.jpeg\",\"datePublished\":\"2025-08-18T23:15:16+00:00\",\"breadcrumb\":{\"@id\":\"https:\\\/\\\/diarioellabrador.cl\\\/index.php\\\/2025\\\/08\\\/18\\\/desde-que-edad-se-recibe-el-bono-por-anos-cotizados-y-cuanto-dinero-extra-entrega\\\/#breadcrumb\"},\"inLanguage\":\"es\",\"potentialAction\":[{\"@type\":\"ReadAction\",\"target\":[\"https:\\\/\\\/diarioellabrador.cl\\\/index.php\\\/2025\\\/08\\\/18\\\/desde-que-edad-se-recibe-el-bono-por-anos-cotizados-y-cuanto-dinero-extra-entrega\\\/\"]}]},{\"@type\":\"ImageObject\",\"inLanguage\":\"es\",\"@id\":\"https:\\\/\\\/diarioellabrador.cl\\\/index.php\\\/2025\\\/08\\\/18\\\/desde-que-edad-se-recibe-el-bono-por-anos-cotizados-y-cuanto-dinero-extra-entrega\\\/#primaryimage\",\"url\":\"https:\\\/\\\/diarioellabrador.cl\\\/wp-content\\\/uploads\\\/2025\\\/08\\\/Desde-que-edad-se-recibe-el-Bono-por-Anos-Cotizados-y-cuanto-dinero-extra-entrega.jpeg\",\"contentUrl\":\"https:\\\/\\\/diarioellabrador.cl\\\/wp-content\\\/uploads\\\/2025\\\/08\\\/Desde-que-edad-se-recibe-el-Bono-por-Anos-Cotizados-y-cuanto-dinero-extra-entrega.jpeg\",\"width\":1280,\"height\":825},{\"@type\":\"BreadcrumbList\",\"@id\":\"https:\\\/\\\/diarioellabrador.cl\\\/index.php\\\/2025\\\/08\\\/18\\\/desde-que-edad-se-recibe-el-bono-por-anos-cotizados-y-cuanto-dinero-extra-entrega\\\/#breadcrumb\",\"itemListElement\":[{\"@type\":\"ListItem\",\"position\":1,\"name\":\"Portada\",\"item\":\"https:\\\/\\\/diarioellabrador.cl\\\/\"},{\"@type\":\"ListItem\",\"position\":2,\"name\":\"Desde qu\u00e9 edad se recibe el Bono por A\u00f1os Cotizados y cu\u00e1nto dinero extra entrega\"}]},{\"@type\":\"WebSite\",\"@id\":\"https:\\\/\\\/diarioellabrador.cl\\\/#website\",\"url\":\"https:\\\/\\\/diarioellabrador.cl\\\/\",\"name\":\"Diario El Labrador\",\"description\":\"Haciendo noticia desde 1921\",\"publisher\":{\"@id\":\"https:\\\/\\\/diarioellabrador.cl\\\/#organization\"},\"potentialAction\":[{\"@type\":\"SearchAction\",\"target\":{\"@type\":\"EntryPoint\",\"urlTemplate\":\"https:\\\/\\\/diarioellabrador.cl\\\/?s={search_term_string}\"},\"query-input\":{\"@type\":\"PropertyValueSpecification\",\"valueRequired\":true,\"valueName\":\"search_term_string\"}}],\"inLanguage\":\"es\"},{\"@type\":\"Organization\",\"@id\":\"https:\\\/\\\/diarioellabrador.cl\\\/#organization\",\"name\":\"Diario El Labrador\",\"url\":\"https:\\\/\\\/diarioellabrador.cl\\\/\",\"logo\":{\"@type\":\"ImageObject\",\"inLanguage\":\"es\",\"@id\":\"https:\\\/\\\/diarioellabrador.cl\\\/#\\\/schema\\\/logo\\\/image\\\/\",\"url\":\"https:\\\/\\\/diarioellabrador.cl\\\/wp-content\\\/uploads\\\/2025\\\/02\\\/cropped-Logo-Icono.png\",\"contentUrl\":\"https:\\\/\\\/diarioellabrador.cl\\\/wp-content\\\/uploads\\\/2025\\\/02\\\/cropped-Logo-Icono.png\",\"width\":512,\"height\":512,\"caption\":\"Diario El Labrador\"},\"image\":{\"@id\":\"https:\\\/\\\/diarioellabrador.cl\\\/#\\\/schema\\\/logo\\\/image\\\/\"},\"sameAs\":[\"https:\\\/\\\/web.facebook.com\\\/profile.php?id=61576120840621\",\"https:\\\/\\\/x.com\\\/ElLabradorOf\",\"https:\\\/\\\/www.instagram.com\\\/diarioellabradoroficial\\\/\"]},{\"@type\":\"Person\",\"@id\":\"https:\\\/\\\/diarioellabrador.cl\\\/#\\\/schema\\\/person\\\/bc25ff80b4563f9c7f4bd7855df01685\",\"name\":\"Editor\",\"image\":{\"@type\":\"ImageObject\",\"inLanguage\":\"es\",\"@id\":\"https:\\\/\\\/secure.gravatar.com\\\/avatar\\\/109c326cf2be5c04f048c2c2a2b8b6ef44bf3d8d1d3d4c55d0ac40c4bc994684?s=96&d=mm&r=g\",\"url\":\"https:\\\/\\\/secure.gravatar.com\\\/avatar\\\/109c326cf2be5c04f048c2c2a2b8b6ef44bf3d8d1d3d4c55d0ac40c4bc994684?s=96&d=mm&r=g\",\"contentUrl\":\"https:\\\/\\\/secure.gravatar.com\\\/avatar\\\/109c326cf2be5c04f048c2c2a2b8b6ef44bf3d8d1d3d4c55d0ac40c4bc994684?s=96&d=mm&r=g\",\"caption\":\"Editor\"},\"url\":\"https:\\\/\\\/diarioellabrador.cl\\\/index.php\\\/author\\\/editor\\\/\"}]}<\/script>\n<!-- \/ Yoast SEO plugin. -->","yoast_head_json":{"title":"Desde qu\u00e9 edad se recibe el Bono por A\u00f1os Cotizados y cu\u00e1nto dinero extra entrega - Diario El Labrador","robots":{"index":"index","follow":"follow","max-snippet":"max-snippet:-1","max-image-preview":"max-image-preview:large","max-video-preview":"max-video-preview:-1"},"canonical":"https:\/\/diarioellabrador.cl\/index.php\/2025\/08\/18\/desde-que-edad-se-recibe-el-bono-por-anos-cotizados-y-cuanto-dinero-extra-entrega\/","og_locale":"es_ES","og_type":"article","og_title":"Desde qu\u00e9 edad se recibe el Bono por A\u00f1os Cotizados y cu\u00e1nto dinero extra entrega - Diario El Labrador","og_description":"El pago comenzar\u00e1 a aplicarse en enero de 2026 e incrementar\u00e1 directamente el monto de la pensi\u00f3n mensual. Un nuevo beneficio se suma a la Reforma de Pensiones y promete mejorar el ingreso mensual de los futuros jubilados este 2025. Se trata del Bono por A\u00f1os Cotizados, un aporte extra que se entregar\u00e1 a quienes Leer m\u00e1s","og_url":"https:\/\/diarioellabrador.cl\/index.php\/2025\/08\/18\/desde-que-edad-se-recibe-el-bono-por-anos-cotizados-y-cuanto-dinero-extra-entrega\/","og_site_name":"Diario El Labrador","article_publisher":"https:\/\/web.facebook.com\/profile.php?id=61576120840621","article_published_time":"2025-08-18T23:15:16+00:00","og_image":[{"width":1280,"height":825,"url":"https:\/\/diarioellabrador.cl\/wp-content\/uploads\/2025\/08\/Desde-que-edad-se-recibe-el-Bono-por-Anos-Cotizados-y-cuanto-dinero-extra-entrega.jpeg","type":"image\/jpeg"}],"author":"Editor","twitter_card":"summary_large_image","twitter_creator":"@ElLabradorOf","twitter_site":"@ElLabradorOf","twitter_misc":{"Escrito por":"Editor","Tiempo de lectura":"2 minutos"},"schema":{"@context":"https:\/\/schema.org","@graph":[{"@type":"Article","@id":"https:\/\/diarioellabrador.cl\/index.php\/2025\/08\/18\/desde-que-edad-se-recibe-el-bono-por-anos-cotizados-y-cuanto-dinero-extra-entrega\/#article","isPartOf":{"@id":"https:\/\/diarioellabrador.cl\/index.php\/2025\/08\/18\/desde-que-edad-se-recibe-el-bono-por-anos-cotizados-y-cuanto-dinero-extra-entrega\/"},"author":{"name":"Editor","@id":"https:\/\/diarioellabrador.cl\/#\/schema\/person\/bc25ff80b4563f9c7f4bd7855df01685"},"headline":"Desde qu\u00e9 edad se recibe el Bono por A\u00f1os Cotizados y cu\u00e1nto dinero extra entrega","datePublished":"2025-08-18T23:15:16+00:00","mainEntityOfPage":{"@id":"https:\/\/diarioellabrador.cl\/index.php\/2025\/08\/18\/desde-que-edad-se-recibe-el-bono-por-anos-cotizados-y-cuanto-dinero-extra-entrega\/"},"wordCount":284,"commentCount":0,"publisher":{"@id":"https:\/\/diarioellabrador.cl\/#organization"},"image":{"@id":"https:\/\/diarioellabrador.cl\/index.php\/2025\/08\/18\/desde-que-edad-se-recibe-el-bono-por-anos-cotizados-y-cuanto-dinero-extra-entrega\/#primaryimage"},"thumbnailUrl":"https:\/\/diarioellabrador.cl\/wp-content\/uploads\/2025\/08\/Desde-que-edad-se-recibe-el-Bono-por-Anos-Cotizados-y-cuanto-dinero-extra-entrega.jpeg","articleSection":["Cr\u00f3nica"],"inLanguage":"es","potentialAction":[{"@type":"CommentAction","name":"Comment","target":["https:\/\/diarioellabrador.cl\/index.php\/2025\/08\/18\/desde-que-edad-se-recibe-el-bono-por-anos-cotizados-y-cuanto-dinero-extra-entrega\/#respond"]}]},{"@type":"WebPage","@id":"https:\/\/diarioellabrador.cl\/index.php\/2025\/08\/18\/desde-que-edad-se-recibe-el-bono-por-anos-cotizados-y-cuanto-dinero-extra-entrega\/","url":"https:\/\/diarioellabrador.cl\/index.php\/2025\/08\/18\/desde-que-edad-se-recibe-el-bono-por-anos-cotizados-y-cuanto-dinero-extra-entrega\/","name":"Desde qu\u00e9 edad se recibe el Bono por A\u00f1os Cotizados y cu\u00e1nto dinero extra entrega - Diario El Labrador","isPartOf":{"@id":"https:\/\/diarioellabrador.cl\/#website"},"primaryImageOfPage":{"@id":"https:\/\/diarioellabrador.cl\/index.php\/2025\/08\/18\/desde-que-edad-se-recibe-el-bono-por-anos-cotizados-y-cuanto-dinero-extra-entrega\/#primaryimage"},"image":{"@id":"https:\/\/diarioellabrador.cl\/index.php\/2025\/08\/18\/desde-que-edad-se-recibe-el-bono-por-anos-cotizados-y-cuanto-dinero-extra-entrega\/#primaryimage"},"thumbnailUrl":"https:\/\/diarioellabrador.cl\/wp-content\/uploads\/2025\/08\/Desde-que-edad-se-recibe-el-Bono-por-Anos-Cotizados-y-cuanto-dinero-extra-entrega.jpeg","datePublished":"2025-08-18T23:15:16+00:00","breadcrumb":{"@id":"https:\/\/diarioellabrador.cl\/index.php\/2025\/08\/18\/desde-que-edad-se-recibe-el-bono-por-anos-cotizados-y-cuanto-dinero-extra-entrega\/#breadcrumb"},"inLanguage":"es","potentialAction":[{"@type":"ReadAction","target":["https:\/\/diarioellabrador.cl\/index.php\/2025\/08\/18\/desde-que-edad-se-recibe-el-bono-por-anos-cotizados-y-cuanto-dinero-extra-entrega\/"]}]},{"@type":"ImageObject","inLanguage":"es","@id":"https:\/\/diarioellabrador.cl\/index.php\/2025\/08\/18\/desde-que-edad-se-recibe-el-bono-por-anos-cotizados-y-cuanto-dinero-extra-entrega\/#primaryimage","url":"https:\/\/diarioellabrador.cl\/wp-content\/uploads\/2025\/08\/Desde-que-edad-se-recibe-el-Bono-por-Anos-Cotizados-y-cuanto-dinero-extra-entrega.jpeg","contentUrl":"https:\/\/diarioellabrador.cl\/wp-content\/uploads\/2025\/08\/Desde-que-edad-se-recibe-el-Bono-por-Anos-Cotizados-y-cuanto-dinero-extra-entrega.jpeg","width":1280,"height":825},{"@type":"BreadcrumbList","@id":"https:\/\/diarioellabrador.cl\/index.php\/2025\/08\/18\/desde-que-edad-se-recibe-el-bono-por-anos-cotizados-y-cuanto-dinero-extra-entrega\/#breadcrumb","itemListElement":[{"@type":"ListItem","position":1,"name":"Portada","item":"https:\/\/diarioellabrador.cl\/"},{"@type":"ListItem","position":2,"name":"Desde qu\u00e9 edad se recibe el Bono por A\u00f1os Cotizados y cu\u00e1nto dinero extra entrega"}]},{"@type":"WebSite","@id":"https:\/\/diarioellabrador.cl\/#website","url":"https:\/\/diarioellabrador.cl\/","name":"Diario El Labrador","description":"Haciendo noticia desde 1921","publisher":{"@id":"https:\/\/diarioellabrador.cl\/#organization"},"potentialAction":[{"@type":"SearchAction","target":{"@type":"EntryPoint","urlTemplate":"https:\/\/diarioellabrador.cl\/?s={search_term_string}"},"query-input":{"@type":"PropertyValueSpecification","valueRequired":true,"valueName":"search_term_string"}}],"inLanguage":"es"},{"@type":"Organization","@id":"https:\/\/diarioellabrador.cl\/#organization","name":"Diario El Labrador","url":"https:\/\/diarioellabrador.cl\/","logo":{"@type":"ImageObject","inLanguage":"es","@id":"https:\/\/diarioellabrador.cl\/#\/schema\/logo\/image\/","url":"https:\/\/diarioellabrador.cl\/wp-content\/uploads\/2025\/02\/cropped-Logo-Icono.png","contentUrl":"https:\/\/diarioellabrador.cl\/wp-content\/uploads\/2025\/02\/cropped-Logo-Icono.png","width":512,"height":512,"caption":"Diario El Labrador"},"image":{"@id":"https:\/\/diarioellabrador.cl\/#\/schema\/logo\/image\/"},"sameAs":["https:\/\/web.facebook.com\/profile.php?id=61576120840621","https:\/\/x.com\/ElLabradorOf","https:\/\/www.instagram.com\/diarioellabradoroficial\/"]},{"@type":"Person","@id":"https:\/\/diarioellabrador.cl\/#\/schema\/person\/bc25ff80b4563f9c7f4bd7855df01685","name":"Editor","image":{"@type":"ImageObject","inLanguage":"es","@id":"https:\/\/secure.gravatar.com\/avatar\/109c326cf2be5c04f048c2c2a2b8b6ef44bf3d8d1d3d4c55d0ac40c4bc994684?s=96&d=mm&r=g","url":"https:\/\/secure.gravatar.com\/avatar\/109c326cf2be5c04f048c2c2a2b8b6ef44bf3d8d1d3d4c55d0ac40c4bc994684?s=96&d=mm&r=g","contentUrl":"https:\/\/secure.gravatar.com\/avatar\/109c326cf2be5c04f048c2c2a2b8b6ef44bf3d8d1d3d4c55d0ac40c4bc994684?s=96&d=mm&r=g","caption":"Editor"},"url":"https:\/\/diarioellabrador.cl\/index.php\/author\/editor\/"}]}},"_links":{"self":[{"href":"https:\/\/diarioellabrador.cl\/index.php\/wp-json\/wp\/v2\/posts\/7326","targetHints":{"allow":["GET"]}}],"collection":[{"href":"https:\/\/diarioellabrador.cl\/index.php\/wp-json\/wp\/v2\/posts"}],"about":[{"href":"https:\/\/diarioellabrador.cl\/index.php\/wp-json\/wp\/v2\/types\/post"}],"author":[{"embeddable":true,"href":"https:\/\/diarioellabrador.cl\/index.php\/wp-json\/wp\/v2\/users\/2"}],"replies":[{"embeddable":true,"href":"https:\/\/diarioellabrador.cl\/index.php\/wp-json\/wp\/v2\/comments?post=7326"}],"version-history":[{"count":1,"href":"https:\/\/diarioellabrador.cl\/index.php\/wp-json\/wp\/v2\/posts\/7326\/revisions"}],"predecessor-version":[{"id":7327,"href":"https:\/\/diarioellabrador.cl\/index.php\/wp-json\/wp\/v2\/posts\/7326\/revisions\/7327"}],"wp:featuredmedia":[{"embeddable":true,"href":"https:\/\/diarioellabrador.cl\/index.php\/wp-json\/wp\/v2\/media\/7302"}],"wp:attachment":[{"href":"https:\/\/diarioellabrador.cl\/index.php\/wp-json\/wp\/v2\/media?parent=7326"}],"wp:term":[{"taxonomy":"category","embeddable":true,"href":"https:\/\/diarioellabrador.cl\/index.php\/wp-json\/wp\/v2\/categories?post=7326"},{"taxonomy":"post_tag","embeddable":true,"href":"https:\/\/diarioellabrador.cl\/index.php\/wp-json\/wp\/v2\/tags?post=7326"}],"curies":[{"name":"wp","href":"https:\/\/api.w.org\/{rel}","templated":true}]}}