{"id":7260,"date":"2025-08-16T16:07:03","date_gmt":"2025-08-16T20:07:03","guid":{"rendered":"https:\/\/diarioellabrador.cl\/?p=7260"},"modified":"2025-08-16T16:07:04","modified_gmt":"2025-08-16T20:07:04","slug":"un-tesoro-natural-de-alhue-se-abre-al-publico-con-la-guia-de-campo-paisajes-y-flora-de-talami","status":"publish","type":"post","link":"https:\/\/diarioellabrador.cl\/index.php\/2025\/08\/16\/un-tesoro-natural-de-alhue-se-abre-al-publico-con-la-guia-de-campo-paisajes-y-flora-de-talami\/","title":{"rendered":"Un tesoro natural de Alhu\u00e9 se abre al p\u00fablico con la \u201cGu\u00eda de Campo: Paisajes y Flora de Talam\u00ed\u201d"},"content":{"rendered":"\n<p><em>En el evento de divulgaci\u00f3n Invierno con Ciencia, realizado en la Biblioteca de Santiago, INIA La Platina fue invitado a presentar una publicaci\u00f3n que invita a conocer, valorar y proteger la riqueza vegetal de Talam\u00ed, en la Regi\u00f3n Metropolitana.<\/em><\/p>\n\n\n\n<p>Este invierno, en el marco del evento Invierno con Ciencia realizado en la Biblioteca de Santiago, el Instituto de Investigaciones Agropecuarias (INIA), a trav\u00e9s del Centro Regional INIA La Platina, present\u00f3 la \u201cGu\u00eda de Campo: Paisajes y Flora de Talam\u00ed\u201d publicaci\u00f3n elaborada por la investigadora Dra. Erika Salazar junto a la fot\u00f3grafa Cristina Mu\u00f1oz, quienes adem\u00e1s colaboraron en la elaboraci\u00f3n del cat\u00e1logo \u201cTalam\u00ed, un mundo natural y humano por descubrir\u201d, siendo ambos textos presentados en espacio de exhibici\u00f3n de libros chilenos de divulgaci\u00f3n cient\u00edfica destacados.<\/p>\n\n\n\n<p>La gu\u00eda describe en detalle la flora y los paisajes de Talam\u00ed, una zona de monta\u00f1a ubicada en la comuna de Alhu\u00e9, en la Regi\u00f3n Metropolitana, y que es reconocida por su vasta riqueza vegetal. Esta publicaci\u00f3n busca acercar el conocimiento cient\u00edfico a la comunidad, promover la valoraci\u00f3n de la biodiversidad local y fomentar su conservaci\u00f3n y uso sostenible.<\/p>\n\n\n\n<figure class=\"wp-block-image size-large\"><img loading=\"lazy\" decoding=\"async\" width=\"1024\" height=\"768\" src=\"https:\/\/diarioellabrador.cl\/wp-content\/uploads\/2025\/08\/Un-tesoro-natural-de-Alhue-se-abre-al-publico-con-la-Guia-de-Campo-Paisajes-y-Flora-de-Talami-1-1024x768.jpg\" alt=\"\" class=\"wp-image-7203\" srcset=\"https:\/\/diarioellabrador.cl\/wp-content\/uploads\/2025\/08\/Un-tesoro-natural-de-Alhue-se-abre-al-publico-con-la-Guia-de-Campo-Paisajes-y-Flora-de-Talami-1-1024x768.jpg 1024w, https:\/\/diarioellabrador.cl\/wp-content\/uploads\/2025\/08\/Un-tesoro-natural-de-Alhue-se-abre-al-publico-con-la-Guia-de-Campo-Paisajes-y-Flora-de-Talami-1-300x225.jpg 300w, https:\/\/diarioellabrador.cl\/wp-content\/uploads\/2025\/08\/Un-tesoro-natural-de-Alhue-se-abre-al-publico-con-la-Guia-de-Campo-Paisajes-y-Flora-de-Talami-1-768x576.jpg 768w, https:\/\/diarioellabrador.cl\/wp-content\/uploads\/2025\/08\/Un-tesoro-natural-de-Alhue-se-abre-al-publico-con-la-Guia-de-Campo-Paisajes-y-Flora-de-Talami-1-1536x1152.jpg 1536w, https:\/\/diarioellabrador.cl\/wp-content\/uploads\/2025\/08\/Un-tesoro-natural-de-Alhue-se-abre-al-publico-con-la-Guia-de-Campo-Paisajes-y-Flora-de-Talami-1-800x600.jpg 800w, https:\/\/diarioellabrador.cl\/wp-content\/uploads\/2025\/08\/Un-tesoro-natural-de-Alhue-se-abre-al-publico-con-la-Guia-de-Campo-Paisajes-y-Flora-de-Talami-1-600x450.jpg 600w, https:\/\/diarioellabrador.cl\/wp-content\/uploads\/2025\/08\/Un-tesoro-natural-de-Alhue-se-abre-al-publico-con-la-Guia-de-Campo-Paisajes-y-Flora-de-Talami-1-400x300.jpg 400w, https:\/\/diarioellabrador.cl\/wp-content\/uploads\/2025\/08\/Un-tesoro-natural-de-Alhue-se-abre-al-publico-con-la-Guia-de-Campo-Paisajes-y-Flora-de-Talami-1.jpg 1600w\" sizes=\"auto, (max-width: 1024px) 100vw, 1024px\" \/><\/figure>\n\n\n\n<p>\u201cInvierno con Ciencia\u201d es una iniciativa colaborativa organizada por la Agencia Nacional de Investigaci\u00f3n y Desarrollo de Chile (ANID) junto a m\u00e1s de 46 instituciones cient\u00edficas, entre las que destacan: el Instituto Milenio de Astrof\u00edsica (MAS), Instituto Milenio MIRO, Instituto Milenio Ckelar Volcanes, Instituto Milenio BASE, Instituto Milenio iHEALTH e Instituto Sistemas Complejos de Ingenier\u00eda (ISCI). En el evento, realizado el 31 de julio, se instalaron 28 stands que ofrecieron experiencias interactivas, charlas y demostraciones a estudiantes desde s\u00e9ptimo b\u00e1sico en adelante y al p\u00fablico general.<\/p>\n\n\n\n<p>Al respecto, Erika Salazar coment\u00f3 que \u201ctanto Cristina como yo nos sentimos honradas por haber sido invitadas a exponer nuestro trabajo que hizo eco al deseo de la comunidad de Talam\u00ed de conocer m\u00e1s su entorno, para promover su conservaci\u00f3n y ser conocidos. Ambos textos fueron posibles gracias a la colaboraci\u00f3n de los habitantes de Talam\u00ed quienes contaron la historia de su pueblo y fueron nuestros gu\u00edas en la identificaci\u00f3n de lugares de inter\u00e9s que por su belleza ameritan una visita\u201d.<\/p>\n\n\n\n<p>Con esta presentaci\u00f3n, INIA La Platina reafirma su compromiso con la generaci\u00f3n y difusi\u00f3n de conocimiento que contribuya al desarrollo sostenible y a la protecci\u00f3n del patrimonio natural de Chile, indic\u00f3 la subdirectora regional de I+D, Cristina Vergara.<\/p>\n","protected":false},"excerpt":{"rendered":"<p>En el evento de divulgaci\u00f3n Invierno con Ciencia, realizado en la Biblioteca de Santiago, INIA La Platina fue invitado a presentar una publicaci\u00f3n que invita a conocer, valorar y proteger la riqueza vegetal de Talam\u00ed, en la Regi\u00f3n Metropolitana. Este invierno, en el marco del evento Invierno con Ciencia realizado en la Biblioteca de Santiago,<\/p>\n<div class=\"read-more-wrapper\"><a class=\"read-more\" href=\"https:\/\/diarioellabrador.cl\/index.php\/2025\/08\/16\/un-tesoro-natural-de-alhue-se-abre-al-publico-con-la-guia-de-campo-paisajes-y-flora-de-talami\/\" title=\"Leer m\u00e1s\"> <span class=\"button \">Leer m\u00e1s<\/span><\/a><\/div>\n","protected":false},"author":2,"featured_media":7204,"comment_status":"open","ping_status":"open","sticky":false,"template":"","format":"standard","meta":{"footnotes":""},"categories":[1],"tags":[],"class_list":["post-7260","post","type-post","status-publish","format-standard","has-post-thumbnail","hentry","category-cronica"],"yoast_head":"<!-- This site is optimized with the Yoast SEO plugin v27.5 - https:\/\/yoast.com\/product\/yoast-seo-wordpress\/ -->\n<title>Un tesoro natural de Alhu\u00e9 se abre al p\u00fablico con la \u201cGu\u00eda de Campo: Paisajes y Flora de Talam\u00ed\u201d - Diario El Labrador<\/title>\n<meta name=\"robots\" content=\"index, follow, max-snippet:-1, max-image-preview:large, max-video-preview:-1\" \/>\n<link rel=\"canonical\" href=\"https:\/\/diarioellabrador.cl\/index.php\/2025\/08\/16\/un-tesoro-natural-de-alhue-se-abre-al-publico-con-la-guia-de-campo-paisajes-y-flora-de-talami\/\" \/>\n<meta property=\"og:locale\" content=\"es_ES\" \/>\n<meta property=\"og:type\" content=\"article\" \/>\n<meta property=\"og:title\" content=\"Un tesoro natural de Alhu\u00e9 se abre al p\u00fablico con la \u201cGu\u00eda de Campo: Paisajes y Flora de Talam\u00ed\u201d - Diario El Labrador\" \/>\n<meta property=\"og:description\" content=\"En el evento de divulgaci\u00f3n Invierno con Ciencia, realizado en la Biblioteca de Santiago, INIA La Platina fue invitado a presentar una publicaci\u00f3n que invita a conocer, valorar y proteger la riqueza vegetal de Talam\u00ed, en la Regi\u00f3n Metropolitana. Este invierno, en el marco del evento Invierno con Ciencia realizado en la Biblioteca de Santiago, Leer m\u00e1s\" \/>\n<meta property=\"og:url\" content=\"https:\/\/diarioellabrador.cl\/index.php\/2025\/08\/16\/un-tesoro-natural-de-alhue-se-abre-al-publico-con-la-guia-de-campo-paisajes-y-flora-de-talami\/\" \/>\n<meta property=\"og:site_name\" content=\"Diario El Labrador\" \/>\n<meta property=\"article:publisher\" content=\"https:\/\/web.facebook.com\/profile.php?id=61576120840621\" \/>\n<meta property=\"article:published_time\" content=\"2025-08-16T20:07:03+00:00\" \/>\n<meta property=\"article:modified_time\" content=\"2025-08-16T20:07:04+00:00\" \/>\n<meta property=\"og:image\" content=\"https:\/\/diarioellabrador.cl\/wp-content\/uploads\/2025\/08\/Un-tesoro-natural-de-Alhue-se-abre-al-publico-con-la-Guia-de-Campo-Paisajes-y-Flora-de-Talami-2.jpg\" \/>\n\t<meta property=\"og:image:width\" content=\"590\" \/>\n\t<meta property=\"og:image:height\" content=\"763\" \/>\n\t<meta property=\"og:image:type\" content=\"image\/jpeg\" \/>\n<meta name=\"author\" content=\"Editor\" \/>\n<meta name=\"twitter:card\" content=\"summary_large_image\" \/>\n<meta name=\"twitter:creator\" content=\"@ElLabradorOf\" \/>\n<meta name=\"twitter:site\" content=\"@ElLabradorOf\" \/>\n<meta name=\"twitter:label1\" content=\"Escrito por\" \/>\n\t<meta name=\"twitter:data1\" content=\"Editor\" \/>\n\t<meta name=\"twitter:label2\" content=\"Tiempo de lectura\" \/>\n\t<meta name=\"twitter:data2\" content=\"3 minutos\" \/>\n<script type=\"application\/ld+json\" class=\"yoast-schema-graph\">{\"@context\":\"https:\\\/\\\/schema.org\",\"@graph\":[{\"@type\":\"Article\",\"@id\":\"https:\\\/\\\/diarioellabrador.cl\\\/index.php\\\/2025\\\/08\\\/16\\\/un-tesoro-natural-de-alhue-se-abre-al-publico-con-la-guia-de-campo-paisajes-y-flora-de-talami\\\/#article\",\"isPartOf\":{\"@id\":\"https:\\\/\\\/diarioellabrador.cl\\\/index.php\\\/2025\\\/08\\\/16\\\/un-tesoro-natural-de-alhue-se-abre-al-publico-con-la-guia-de-campo-paisajes-y-flora-de-talami\\\/\"},\"author\":{\"name\":\"Editor\",\"@id\":\"https:\\\/\\\/diarioellabrador.cl\\\/#\\\/schema\\\/person\\\/bc25ff80b4563f9c7f4bd7855df01685\"},\"headline\":\"Un tesoro natural de Alhu\u00e9 se abre al p\u00fablico con la \u201cGu\u00eda de Campo: Paisajes y Flora de Talam\u00ed\u201d\",\"datePublished\":\"2025-08-16T20:07:03+00:00\",\"dateModified\":\"2025-08-16T20:07:04+00:00\",\"mainEntityOfPage\":{\"@id\":\"https:\\\/\\\/diarioellabrador.cl\\\/index.php\\\/2025\\\/08\\\/16\\\/un-tesoro-natural-de-alhue-se-abre-al-publico-con-la-guia-de-campo-paisajes-y-flora-de-talami\\\/\"},\"wordCount\":446,\"commentCount\":0,\"publisher\":{\"@id\":\"https:\\\/\\\/diarioellabrador.cl\\\/#organization\"},\"image\":{\"@id\":\"https:\\\/\\\/diarioellabrador.cl\\\/index.php\\\/2025\\\/08\\\/16\\\/un-tesoro-natural-de-alhue-se-abre-al-publico-con-la-guia-de-campo-paisajes-y-flora-de-talami\\\/#primaryimage\"},\"thumbnailUrl\":\"https:\\\/\\\/diarioellabrador.cl\\\/wp-content\\\/uploads\\\/2025\\\/08\\\/Un-tesoro-natural-de-Alhue-se-abre-al-publico-con-la-Guia-de-Campo-Paisajes-y-Flora-de-Talami-2.jpg\",\"articleSection\":[\"Cr\u00f3nica\"],\"inLanguage\":\"es\",\"potentialAction\":[{\"@type\":\"CommentAction\",\"name\":\"Comment\",\"target\":[\"https:\\\/\\\/diarioellabrador.cl\\\/index.php\\\/2025\\\/08\\\/16\\\/un-tesoro-natural-de-alhue-se-abre-al-publico-con-la-guia-de-campo-paisajes-y-flora-de-talami\\\/#respond\"]}]},{\"@type\":\"WebPage\",\"@id\":\"https:\\\/\\\/diarioellabrador.cl\\\/index.php\\\/2025\\\/08\\\/16\\\/un-tesoro-natural-de-alhue-se-abre-al-publico-con-la-guia-de-campo-paisajes-y-flora-de-talami\\\/\",\"url\":\"https:\\\/\\\/diarioellabrador.cl\\\/index.php\\\/2025\\\/08\\\/16\\\/un-tesoro-natural-de-alhue-se-abre-al-publico-con-la-guia-de-campo-paisajes-y-flora-de-talami\\\/\",\"name\":\"Un tesoro natural de Alhu\u00e9 se abre al p\u00fablico con la \u201cGu\u00eda de Campo: Paisajes y Flora de Talam\u00ed\u201d - Diario El Labrador\",\"isPartOf\":{\"@id\":\"https:\\\/\\\/diarioellabrador.cl\\\/#website\"},\"primaryImageOfPage\":{\"@id\":\"https:\\\/\\\/diarioellabrador.cl\\\/index.php\\\/2025\\\/08\\\/16\\\/un-tesoro-natural-de-alhue-se-abre-al-publico-con-la-guia-de-campo-paisajes-y-flora-de-talami\\\/#primaryimage\"},\"image\":{\"@id\":\"https:\\\/\\\/diarioellabrador.cl\\\/index.php\\\/2025\\\/08\\\/16\\\/un-tesoro-natural-de-alhue-se-abre-al-publico-con-la-guia-de-campo-paisajes-y-flora-de-talami\\\/#primaryimage\"},\"thumbnailUrl\":\"https:\\\/\\\/diarioellabrador.cl\\\/wp-content\\\/uploads\\\/2025\\\/08\\\/Un-tesoro-natural-de-Alhue-se-abre-al-publico-con-la-Guia-de-Campo-Paisajes-y-Flora-de-Talami-2.jpg\",\"datePublished\":\"2025-08-16T20:07:03+00:00\",\"dateModified\":\"2025-08-16T20:07:04+00:00\",\"breadcrumb\":{\"@id\":\"https:\\\/\\\/diarioellabrador.cl\\\/index.php\\\/2025\\\/08\\\/16\\\/un-tesoro-natural-de-alhue-se-abre-al-publico-con-la-guia-de-campo-paisajes-y-flora-de-talami\\\/#breadcrumb\"},\"inLanguage\":\"es\",\"potentialAction\":[{\"@type\":\"ReadAction\",\"target\":[\"https:\\\/\\\/diarioellabrador.cl\\\/index.php\\\/2025\\\/08\\\/16\\\/un-tesoro-natural-de-alhue-se-abre-al-publico-con-la-guia-de-campo-paisajes-y-flora-de-talami\\\/\"]}]},{\"@type\":\"ImageObject\",\"inLanguage\":\"es\",\"@id\":\"https:\\\/\\\/diarioellabrador.cl\\\/index.php\\\/2025\\\/08\\\/16\\\/un-tesoro-natural-de-alhue-se-abre-al-publico-con-la-guia-de-campo-paisajes-y-flora-de-talami\\\/#primaryimage\",\"url\":\"https:\\\/\\\/diarioellabrador.cl\\\/wp-content\\\/uploads\\\/2025\\\/08\\\/Un-tesoro-natural-de-Alhue-se-abre-al-publico-con-la-Guia-de-Campo-Paisajes-y-Flora-de-Talami-2.jpg\",\"contentUrl\":\"https:\\\/\\\/diarioellabrador.cl\\\/wp-content\\\/uploads\\\/2025\\\/08\\\/Un-tesoro-natural-de-Alhue-se-abre-al-publico-con-la-Guia-de-Campo-Paisajes-y-Flora-de-Talami-2.jpg\",\"width\":590,\"height\":763},{\"@type\":\"BreadcrumbList\",\"@id\":\"https:\\\/\\\/diarioellabrador.cl\\\/index.php\\\/2025\\\/08\\\/16\\\/un-tesoro-natural-de-alhue-se-abre-al-publico-con-la-guia-de-campo-paisajes-y-flora-de-talami\\\/#breadcrumb\",\"itemListElement\":[{\"@type\":\"ListItem\",\"position\":1,\"name\":\"Portada\",\"item\":\"https:\\\/\\\/diarioellabrador.cl\\\/\"},{\"@type\":\"ListItem\",\"position\":2,\"name\":\"Un tesoro natural de Alhu\u00e9 se abre al p\u00fablico con la \u201cGu\u00eda de Campo: Paisajes y Flora de Talam\u00ed\u201d\"}]},{\"@type\":\"WebSite\",\"@id\":\"https:\\\/\\\/diarioellabrador.cl\\\/#website\",\"url\":\"https:\\\/\\\/diarioellabrador.cl\\\/\",\"name\":\"Diario El Labrador\",\"description\":\"Haciendo noticia desde 1921\",\"publisher\":{\"@id\":\"https:\\\/\\\/diarioellabrador.cl\\\/#organization\"},\"potentialAction\":[{\"@type\":\"SearchAction\",\"target\":{\"@type\":\"EntryPoint\",\"urlTemplate\":\"https:\\\/\\\/diarioellabrador.cl\\\/?s={search_term_string}\"},\"query-input\":{\"@type\":\"PropertyValueSpecification\",\"valueRequired\":true,\"valueName\":\"search_term_string\"}}],\"inLanguage\":\"es\"},{\"@type\":\"Organization\",\"@id\":\"https:\\\/\\\/diarioellabrador.cl\\\/#organization\",\"name\":\"Diario El Labrador\",\"url\":\"https:\\\/\\\/diarioellabrador.cl\\\/\",\"logo\":{\"@type\":\"ImageObject\",\"inLanguage\":\"es\",\"@id\":\"https:\\\/\\\/diarioellabrador.cl\\\/#\\\/schema\\\/logo\\\/image\\\/\",\"url\":\"https:\\\/\\\/diarioellabrador.cl\\\/wp-content\\\/uploads\\\/2025\\\/02\\\/cropped-Logo-Icono.png\",\"contentUrl\":\"https:\\\/\\\/diarioellabrador.cl\\\/wp-content\\\/uploads\\\/2025\\\/02\\\/cropped-Logo-Icono.png\",\"width\":512,\"height\":512,\"caption\":\"Diario El Labrador\"},\"image\":{\"@id\":\"https:\\\/\\\/diarioellabrador.cl\\\/#\\\/schema\\\/logo\\\/image\\\/\"},\"sameAs\":[\"https:\\\/\\\/web.facebook.com\\\/profile.php?id=61576120840621\",\"https:\\\/\\\/x.com\\\/ElLabradorOf\",\"https:\\\/\\\/www.instagram.com\\\/diarioellabradoroficial\\\/\"]},{\"@type\":\"Person\",\"@id\":\"https:\\\/\\\/diarioellabrador.cl\\\/#\\\/schema\\\/person\\\/bc25ff80b4563f9c7f4bd7855df01685\",\"name\":\"Editor\",\"image\":{\"@type\":\"ImageObject\",\"inLanguage\":\"es\",\"@id\":\"https:\\\/\\\/secure.gravatar.com\\\/avatar\\\/109c326cf2be5c04f048c2c2a2b8b6ef44bf3d8d1d3d4c55d0ac40c4bc994684?s=96&d=mm&r=g\",\"url\":\"https:\\\/\\\/secure.gravatar.com\\\/avatar\\\/109c326cf2be5c04f048c2c2a2b8b6ef44bf3d8d1d3d4c55d0ac40c4bc994684?s=96&d=mm&r=g\",\"contentUrl\":\"https:\\\/\\\/secure.gravatar.com\\\/avatar\\\/109c326cf2be5c04f048c2c2a2b8b6ef44bf3d8d1d3d4c55d0ac40c4bc994684?s=96&d=mm&r=g\",\"caption\":\"Editor\"},\"url\":\"https:\\\/\\\/diarioellabrador.cl\\\/index.php\\\/author\\\/editor\\\/\"}]}<\/script>\n<!-- \/ Yoast SEO plugin. -->","yoast_head_json":{"title":"Un tesoro natural de Alhu\u00e9 se abre al p\u00fablico con la \u201cGu\u00eda de Campo: Paisajes y Flora de Talam\u00ed\u201d - Diario El Labrador","robots":{"index":"index","follow":"follow","max-snippet":"max-snippet:-1","max-image-preview":"max-image-preview:large","max-video-preview":"max-video-preview:-1"},"canonical":"https:\/\/diarioellabrador.cl\/index.php\/2025\/08\/16\/un-tesoro-natural-de-alhue-se-abre-al-publico-con-la-guia-de-campo-paisajes-y-flora-de-talami\/","og_locale":"es_ES","og_type":"article","og_title":"Un tesoro natural de Alhu\u00e9 se abre al p\u00fablico con la \u201cGu\u00eda de Campo: Paisajes y Flora de Talam\u00ed\u201d - Diario El Labrador","og_description":"En el evento de divulgaci\u00f3n Invierno con Ciencia, realizado en la Biblioteca de Santiago, INIA La Platina fue invitado a presentar una publicaci\u00f3n que invita a conocer, valorar y proteger la riqueza vegetal de Talam\u00ed, en la Regi\u00f3n Metropolitana. Este invierno, en el marco del evento Invierno con Ciencia realizado en la Biblioteca de Santiago, Leer m\u00e1s","og_url":"https:\/\/diarioellabrador.cl\/index.php\/2025\/08\/16\/un-tesoro-natural-de-alhue-se-abre-al-publico-con-la-guia-de-campo-paisajes-y-flora-de-talami\/","og_site_name":"Diario El Labrador","article_publisher":"https:\/\/web.facebook.com\/profile.php?id=61576120840621","article_published_time":"2025-08-16T20:07:03+00:00","article_modified_time":"2025-08-16T20:07:04+00:00","og_image":[{"width":590,"height":763,"url":"https:\/\/diarioellabrador.cl\/wp-content\/uploads\/2025\/08\/Un-tesoro-natural-de-Alhue-se-abre-al-publico-con-la-Guia-de-Campo-Paisajes-y-Flora-de-Talami-2.jpg","type":"image\/jpeg"}],"author":"Editor","twitter_card":"summary_large_image","twitter_creator":"@ElLabradorOf","twitter_site":"@ElLabradorOf","twitter_misc":{"Escrito por":"Editor","Tiempo de lectura":"3 minutos"},"schema":{"@context":"https:\/\/schema.org","@graph":[{"@type":"Article","@id":"https:\/\/diarioellabrador.cl\/index.php\/2025\/08\/16\/un-tesoro-natural-de-alhue-se-abre-al-publico-con-la-guia-de-campo-paisajes-y-flora-de-talami\/#article","isPartOf":{"@id":"https:\/\/diarioellabrador.cl\/index.php\/2025\/08\/16\/un-tesoro-natural-de-alhue-se-abre-al-publico-con-la-guia-de-campo-paisajes-y-flora-de-talami\/"},"author":{"name":"Editor","@id":"https:\/\/diarioellabrador.cl\/#\/schema\/person\/bc25ff80b4563f9c7f4bd7855df01685"},"headline":"Un tesoro natural de Alhu\u00e9 se abre al p\u00fablico con la \u201cGu\u00eda de Campo: Paisajes y Flora de Talam\u00ed\u201d","datePublished":"2025-08-16T20:07:03+00:00","dateModified":"2025-08-16T20:07:04+00:00","mainEntityOfPage":{"@id":"https:\/\/diarioellabrador.cl\/index.php\/2025\/08\/16\/un-tesoro-natural-de-alhue-se-abre-al-publico-con-la-guia-de-campo-paisajes-y-flora-de-talami\/"},"wordCount":446,"commentCount":0,"publisher":{"@id":"https:\/\/diarioellabrador.cl\/#organization"},"image":{"@id":"https:\/\/diarioellabrador.cl\/index.php\/2025\/08\/16\/un-tesoro-natural-de-alhue-se-abre-al-publico-con-la-guia-de-campo-paisajes-y-flora-de-talami\/#primaryimage"},"thumbnailUrl":"https:\/\/diarioellabrador.cl\/wp-content\/uploads\/2025\/08\/Un-tesoro-natural-de-Alhue-se-abre-al-publico-con-la-Guia-de-Campo-Paisajes-y-Flora-de-Talami-2.jpg","articleSection":["Cr\u00f3nica"],"inLanguage":"es","potentialAction":[{"@type":"CommentAction","name":"Comment","target":["https:\/\/diarioellabrador.cl\/index.php\/2025\/08\/16\/un-tesoro-natural-de-alhue-se-abre-al-publico-con-la-guia-de-campo-paisajes-y-flora-de-talami\/#respond"]}]},{"@type":"WebPage","@id":"https:\/\/diarioellabrador.cl\/index.php\/2025\/08\/16\/un-tesoro-natural-de-alhue-se-abre-al-publico-con-la-guia-de-campo-paisajes-y-flora-de-talami\/","url":"https:\/\/diarioellabrador.cl\/index.php\/2025\/08\/16\/un-tesoro-natural-de-alhue-se-abre-al-publico-con-la-guia-de-campo-paisajes-y-flora-de-talami\/","name":"Un tesoro natural de Alhu\u00e9 se abre al p\u00fablico con la \u201cGu\u00eda de Campo: Paisajes y Flora de Talam\u00ed\u201d - Diario El Labrador","isPartOf":{"@id":"https:\/\/diarioellabrador.cl\/#website"},"primaryImageOfPage":{"@id":"https:\/\/diarioellabrador.cl\/index.php\/2025\/08\/16\/un-tesoro-natural-de-alhue-se-abre-al-publico-con-la-guia-de-campo-paisajes-y-flora-de-talami\/#primaryimage"},"image":{"@id":"https:\/\/diarioellabrador.cl\/index.php\/2025\/08\/16\/un-tesoro-natural-de-alhue-se-abre-al-publico-con-la-guia-de-campo-paisajes-y-flora-de-talami\/#primaryimage"},"thumbnailUrl":"https:\/\/diarioellabrador.cl\/wp-content\/uploads\/2025\/08\/Un-tesoro-natural-de-Alhue-se-abre-al-publico-con-la-Guia-de-Campo-Paisajes-y-Flora-de-Talami-2.jpg","datePublished":"2025-08-16T20:07:03+00:00","dateModified":"2025-08-16T20:07:04+00:00","breadcrumb":{"@id":"https:\/\/diarioellabrador.cl\/index.php\/2025\/08\/16\/un-tesoro-natural-de-alhue-se-abre-al-publico-con-la-guia-de-campo-paisajes-y-flora-de-talami\/#breadcrumb"},"inLanguage":"es","potentialAction":[{"@type":"ReadAction","target":["https:\/\/diarioellabrador.cl\/index.php\/2025\/08\/16\/un-tesoro-natural-de-alhue-se-abre-al-publico-con-la-guia-de-campo-paisajes-y-flora-de-talami\/"]}]},{"@type":"ImageObject","inLanguage":"es","@id":"https:\/\/diarioellabrador.cl\/index.php\/2025\/08\/16\/un-tesoro-natural-de-alhue-se-abre-al-publico-con-la-guia-de-campo-paisajes-y-flora-de-talami\/#primaryimage","url":"https:\/\/diarioellabrador.cl\/wp-content\/uploads\/2025\/08\/Un-tesoro-natural-de-Alhue-se-abre-al-publico-con-la-Guia-de-Campo-Paisajes-y-Flora-de-Talami-2.jpg","contentUrl":"https:\/\/diarioellabrador.cl\/wp-content\/uploads\/2025\/08\/Un-tesoro-natural-de-Alhue-se-abre-al-publico-con-la-Guia-de-Campo-Paisajes-y-Flora-de-Talami-2.jpg","width":590,"height":763},{"@type":"BreadcrumbList","@id":"https:\/\/diarioellabrador.cl\/index.php\/2025\/08\/16\/un-tesoro-natural-de-alhue-se-abre-al-publico-con-la-guia-de-campo-paisajes-y-flora-de-talami\/#breadcrumb","itemListElement":[{"@type":"ListItem","position":1,"name":"Portada","item":"https:\/\/diarioellabrador.cl\/"},{"@type":"ListItem","position":2,"name":"Un tesoro natural de Alhu\u00e9 se abre al p\u00fablico con la \u201cGu\u00eda de Campo: Paisajes y Flora de Talam\u00ed\u201d"}]},{"@type":"WebSite","@id":"https:\/\/diarioellabrador.cl\/#website","url":"https:\/\/diarioellabrador.cl\/","name":"Diario El Labrador","description":"Haciendo noticia desde 1921","publisher":{"@id":"https:\/\/diarioellabrador.cl\/#organization"},"potentialAction":[{"@type":"SearchAction","target":{"@type":"EntryPoint","urlTemplate":"https:\/\/diarioellabrador.cl\/?s={search_term_string}"},"query-input":{"@type":"PropertyValueSpecification","valueRequired":true,"valueName":"search_term_string"}}],"inLanguage":"es"},{"@type":"Organization","@id":"https:\/\/diarioellabrador.cl\/#organization","name":"Diario El Labrador","url":"https:\/\/diarioellabrador.cl\/","logo":{"@type":"ImageObject","inLanguage":"es","@id":"https:\/\/diarioellabrador.cl\/#\/schema\/logo\/image\/","url":"https:\/\/diarioellabrador.cl\/wp-content\/uploads\/2025\/02\/cropped-Logo-Icono.png","contentUrl":"https:\/\/diarioellabrador.cl\/wp-content\/uploads\/2025\/02\/cropped-Logo-Icono.png","width":512,"height":512,"caption":"Diario El Labrador"},"image":{"@id":"https:\/\/diarioellabrador.cl\/#\/schema\/logo\/image\/"},"sameAs":["https:\/\/web.facebook.com\/profile.php?id=61576120840621","https:\/\/x.com\/ElLabradorOf","https:\/\/www.instagram.com\/diarioellabradoroficial\/"]},{"@type":"Person","@id":"https:\/\/diarioellabrador.cl\/#\/schema\/person\/bc25ff80b4563f9c7f4bd7855df01685","name":"Editor","image":{"@type":"ImageObject","inLanguage":"es","@id":"https:\/\/secure.gravatar.com\/avatar\/109c326cf2be5c04f048c2c2a2b8b6ef44bf3d8d1d3d4c55d0ac40c4bc994684?s=96&d=mm&r=g","url":"https:\/\/secure.gravatar.com\/avatar\/109c326cf2be5c04f048c2c2a2b8b6ef44bf3d8d1d3d4c55d0ac40c4bc994684?s=96&d=mm&r=g","contentUrl":"https:\/\/secure.gravatar.com\/avatar\/109c326cf2be5c04f048c2c2a2b8b6ef44bf3d8d1d3d4c55d0ac40c4bc994684?s=96&d=mm&r=g","caption":"Editor"},"url":"https:\/\/diarioellabrador.cl\/index.php\/author\/editor\/"}]}},"_links":{"self":[{"href":"https:\/\/diarioellabrador.cl\/index.php\/wp-json\/wp\/v2\/posts\/7260","targetHints":{"allow":["GET"]}}],"collection":[{"href":"https:\/\/diarioellabrador.cl\/index.php\/wp-json\/wp\/v2\/posts"}],"about":[{"href":"https:\/\/diarioellabrador.cl\/index.php\/wp-json\/wp\/v2\/types\/post"}],"author":[{"embeddable":true,"href":"https:\/\/diarioellabrador.cl\/index.php\/wp-json\/wp\/v2\/users\/2"}],"replies":[{"embeddable":true,"href":"https:\/\/diarioellabrador.cl\/index.php\/wp-json\/wp\/v2\/comments?post=7260"}],"version-history":[{"count":1,"href":"https:\/\/diarioellabrador.cl\/index.php\/wp-json\/wp\/v2\/posts\/7260\/revisions"}],"predecessor-version":[{"id":7261,"href":"https:\/\/diarioellabrador.cl\/index.php\/wp-json\/wp\/v2\/posts\/7260\/revisions\/7261"}],"wp:featuredmedia":[{"embeddable":true,"href":"https:\/\/diarioellabrador.cl\/index.php\/wp-json\/wp\/v2\/media\/7204"}],"wp:attachment":[{"href":"https:\/\/diarioellabrador.cl\/index.php\/wp-json\/wp\/v2\/media?parent=7260"}],"wp:term":[{"taxonomy":"category","embeddable":true,"href":"https:\/\/diarioellabrador.cl\/index.php\/wp-json\/wp\/v2\/categories?post=7260"},{"taxonomy":"post_tag","embeddable":true,"href":"https:\/\/diarioellabrador.cl\/index.php\/wp-json\/wp\/v2\/tags?post=7260"}],"curies":[{"name":"wp","href":"https:\/\/api.w.org\/{rel}","templated":true}]}}