{"id":7143,"date":"2025-08-14T18:13:13","date_gmt":"2025-08-14T22:13:13","guid":{"rendered":"https:\/\/diarioellabrador.cl\/?p=7143"},"modified":"2025-08-14T18:13:14","modified_gmt":"2025-08-14T22:13:14","slug":"inia-la-platina-promueve-ciencia-para-un-agro-mas-resiliente-en-conmemoracion-del-dia-de-las-campesinas-y-campesinos","status":"publish","type":"post","link":"https:\/\/diarioellabrador.cl\/index.php\/2025\/08\/14\/inia-la-platina-promueve-ciencia-para-un-agro-mas-resiliente-en-conmemoracion-del-dia-de-las-campesinas-y-campesinos\/","title":{"rendered":"INIA La Platina promueve ciencia para un agro m\u00e1s resiliente en conmemoraci\u00f3n del D\u00eda de las Campesinas y Campesinos"},"content":{"rendered":"\n<p><strong><em>La actividad \u2014organizada por INDAP RM\u2014 reuni\u00f3 a agricultoras, agricultores, colegios y autoridades en torno a la innovaci\u00f3n, la cultura rural y el conocimiento aplicado al campo.<\/em><\/strong><\/p>\n\n\n\n<p>En el marco del Encuentro de Agricultores y Agricultoras de la Regi\u00f3n Metropolitana, realizado en el Club de Campo La Pintana para conmemorar el D\u00eda de las Campesinas y Campesinos, el Instituto de Investigaciones Agropecuarias (INIA), a trav\u00e9s del Centro Regional INIA La Platina, tuvo una participaci\u00f3n destacada con m\u00faltiples unidades t\u00e9cnicas y demostraciones en terreno, acercando los avances cient\u00edficos al mundo rural.<\/p>\n\n\n\n<p>La jornada, organizada por la Direcci\u00f3n Regional Metropolitana de INDAP, tambi\u00e9n cont\u00f3 con la presencia del subsecretario de Agricultura, Alan Espinoza, la alcaldesa de La Pintana, Claudia Pizarro, el director nacional de INDAP, Santiago Rojas, la Seremi de agricultura de la RM, Monserrat Candia, adem\u00e1s de representantes del Servicio Agr\u00edcola y Ganadero (SAG), Fundaci\u00f3n para la Innovaci\u00f3n Agraria (FIA), Instituto Interamericano de Cooperaci\u00f3n Para la Agricultura (IICA) y otras instituciones vinculadas al agro.<\/p>\n\n\n\n<p>Durante el evento, INIA La Platina present\u00f3 avances en \u00e1reas clave para la agricultura sostenible: colorantes naturales y alimentos deshidratados, flora nativa, entomolog\u00eda, fitopatolog\u00eda, protecci\u00f3n vegetal, calidad de mieles y uso eficiente del agua. Entre las novedades de este a\u00f1o, destacaron las demostraciones al aire libre, que permitieron a los asistentes conocer de forma directa t\u00e9cnicas y tecnolog\u00edas aplicadas en el campo.<\/p>\n\n\n\n<p>La actividad tambi\u00e9n cont\u00f3 con la participaci\u00f3n de escolares, consolidando un espacio de aprendizaje, v\u00ednculo y reconocimiento al aporte del mundo campesino en el desarrollo del pa\u00eds.<\/p>\n\n\n\n<figure class=\"wp-block-image size-large\"><img loading=\"lazy\" decoding=\"async\" width=\"1024\" height=\"576\" src=\"https:\/\/diarioellabrador.cl\/wp-content\/uploads\/2025\/08\/INIA-La-Platina-promueve-ciencia-para-un-agro-mas-resiliente-en-conmemoracion-del-Dia-de-las-Campesinas-y-Campesinos-1-1024x576.jpeg\" alt=\"\" class=\"wp-image-7113\" srcset=\"https:\/\/diarioellabrador.cl\/wp-content\/uploads\/2025\/08\/INIA-La-Platina-promueve-ciencia-para-un-agro-mas-resiliente-en-conmemoracion-del-Dia-de-las-Campesinas-y-Campesinos-1-1024x576.jpeg 1024w, https:\/\/diarioellabrador.cl\/wp-content\/uploads\/2025\/08\/INIA-La-Platina-promueve-ciencia-para-un-agro-mas-resiliente-en-conmemoracion-del-Dia-de-las-Campesinas-y-Campesinos-1-300x169.jpeg 300w, https:\/\/diarioellabrador.cl\/wp-content\/uploads\/2025\/08\/INIA-La-Platina-promueve-ciencia-para-un-agro-mas-resiliente-en-conmemoracion-del-Dia-de-las-Campesinas-y-Campesinos-1-768x432.jpeg 768w, https:\/\/diarioellabrador.cl\/wp-content\/uploads\/2025\/08\/INIA-La-Platina-promueve-ciencia-para-un-agro-mas-resiliente-en-conmemoracion-del-Dia-de-las-Campesinas-y-Campesinos-1-1536x864.jpeg 1536w, https:\/\/diarioellabrador.cl\/wp-content\/uploads\/2025\/08\/INIA-La-Platina-promueve-ciencia-para-un-agro-mas-resiliente-en-conmemoracion-del-Dia-de-las-Campesinas-y-Campesinos-1-2048x1153.jpeg 2048w, https:\/\/diarioellabrador.cl\/wp-content\/uploads\/2025\/08\/INIA-La-Platina-promueve-ciencia-para-un-agro-mas-resiliente-en-conmemoracion-del-Dia-de-las-Campesinas-y-Campesinos-1-800x450.jpeg 800w, https:\/\/diarioellabrador.cl\/wp-content\/uploads\/2025\/08\/INIA-La-Platina-promueve-ciencia-para-un-agro-mas-resiliente-en-conmemoracion-del-Dia-de-las-Campesinas-y-Campesinos-1-600x338.jpeg 600w, https:\/\/diarioellabrador.cl\/wp-content\/uploads\/2025\/08\/INIA-La-Platina-promueve-ciencia-para-un-agro-mas-resiliente-en-conmemoracion-del-Dia-de-las-Campesinas-y-Campesinos-1-400x225.jpeg 400w\" sizes=\"auto, (max-width: 1024px) 100vw, 1024px\" \/><\/figure>\n\n\n\n<p>Durante la inauguraci\u00f3n del evento, el subsecretario de agricultura, Alan Espinoza, se refiri\u00f3 a la transformaci\u00f3n del campo chileno; \u201cuna transformaci\u00f3n impulsada por campesinas y campesinos que luchan por el acceso a la tierra, al agua, por producir con respeto a la naturaleza y garantizar una alimentaci\u00f3n sana\u201d, dijo.&nbsp;<\/p>\n\n\n\n<p>Asimismo, a\u00f1adi\u00f3 que desde el Ministerio de Agricultura se trabaja en un nuevo marco legal que reconozca el uso agr\u00edcola del suelo y promueva una agricultura m\u00e1s sustentable y resiliente.<\/p>\n\n\n\n<p>Como parte del programa t\u00e9cnico, la investigadora de INIA La Platina, Carolina Salazar, ofreci\u00f3 una charla sobre cambio clim\u00e1tico y agricultura, resaltando el rol de los agricultores como actores clave en la mitigaci\u00f3n ambiental.<\/p>\n\n\n\n<p>\u201cEl cambio clim\u00e1tico es un problema que afecta al campo, pero tambi\u00e9n el campo es parte de la soluci\u00f3n (\u2026) 1\/4 de las emisiones de CO\u2082 vienen de la agricultura y 1\/3 de las soluciones tambi\u00e9n\u201d, se\u00f1al\u00f3.&nbsp;<\/p>\n\n\n\n<p>Entre las medidas para capturar CO\u2082, Salazar destac\u00f3 pr\u00e1cticas como el uso de compost, cobertura vegetal, menor labranza y rotaci\u00f3n de cultivos.&nbsp;<\/p>\n","protected":false},"excerpt":{"rendered":"<p>La actividad \u2014organizada por INDAP RM\u2014 reuni\u00f3 a agricultoras, agricultores, colegios y autoridades en torno a la innovaci\u00f3n, la cultura rural y el conocimiento aplicado al campo. En el marco del Encuentro de Agricultores y Agricultoras de la Regi\u00f3n Metropolitana, realizado en el Club de Campo La Pintana para conmemorar el D\u00eda de las Campesinas<\/p>\n<div class=\"read-more-wrapper\"><a class=\"read-more\" href=\"https:\/\/diarioellabrador.cl\/index.php\/2025\/08\/14\/inia-la-platina-promueve-ciencia-para-un-agro-mas-resiliente-en-conmemoracion-del-dia-de-las-campesinas-y-campesinos\/\" title=\"Leer m\u00e1s\"> <span class=\"button \">Leer m\u00e1s<\/span><\/a><\/div>\n","protected":false},"author":2,"featured_media":7114,"comment_status":"open","ping_status":"open","sticky":false,"template":"","format":"standard","meta":{"footnotes":""},"categories":[1],"tags":[],"class_list":["post-7143","post","type-post","status-publish","format-standard","has-post-thumbnail","hentry","category-cronica"],"yoast_head":"<!-- This site is optimized with the Yoast SEO plugin v27.5 - https:\/\/yoast.com\/product\/yoast-seo-wordpress\/ -->\n<title>INIA La Platina promueve ciencia para un agro m\u00e1s resiliente en conmemoraci\u00f3n del D\u00eda de las Campesinas y Campesinos - Diario El Labrador<\/title>\n<meta name=\"robots\" content=\"index, follow, max-snippet:-1, max-image-preview:large, max-video-preview:-1\" \/>\n<link rel=\"canonical\" href=\"https:\/\/diarioellabrador.cl\/index.php\/2025\/08\/14\/inia-la-platina-promueve-ciencia-para-un-agro-mas-resiliente-en-conmemoracion-del-dia-de-las-campesinas-y-campesinos\/\" \/>\n<meta property=\"og:locale\" content=\"es_ES\" \/>\n<meta property=\"og:type\" content=\"article\" \/>\n<meta property=\"og:title\" content=\"INIA La Platina promueve ciencia para un agro m\u00e1s resiliente en conmemoraci\u00f3n del D\u00eda de las Campesinas y Campesinos - Diario El Labrador\" \/>\n<meta property=\"og:description\" content=\"La actividad \u2014organizada por INDAP RM\u2014 reuni\u00f3 a agricultoras, agricultores, colegios y autoridades en torno a la innovaci\u00f3n, la cultura rural y el conocimiento aplicado al campo. En el marco del Encuentro de Agricultores y Agricultoras de la Regi\u00f3n Metropolitana, realizado en el Club de Campo La Pintana para conmemorar el D\u00eda de las Campesinas Leer m\u00e1s\" \/>\n<meta property=\"og:url\" content=\"https:\/\/diarioellabrador.cl\/index.php\/2025\/08\/14\/inia-la-platina-promueve-ciencia-para-un-agro-mas-resiliente-en-conmemoracion-del-dia-de-las-campesinas-y-campesinos\/\" \/>\n<meta property=\"og:site_name\" content=\"Diario El Labrador\" \/>\n<meta property=\"article:publisher\" content=\"https:\/\/web.facebook.com\/profile.php?id=61576120840621\" \/>\n<meta property=\"article:published_time\" content=\"2025-08-14T22:13:13+00:00\" \/>\n<meta property=\"article:modified_time\" content=\"2025-08-14T22:13:14+00:00\" \/>\n<meta property=\"og:image\" content=\"https:\/\/diarioellabrador.cl\/wp-content\/uploads\/2025\/08\/INIA-La-Platina-promueve-ciencia-para-un-agro-mas-resiliente-en-conmemoracion-del-Dia-de-las-Campesinas-y-Campesinos-2.jpeg\" \/>\n\t<meta property=\"og:image:width\" content=\"2560\" \/>\n\t<meta property=\"og:image:height\" content=\"1441\" \/>\n\t<meta property=\"og:image:type\" content=\"image\/jpeg\" \/>\n<meta name=\"author\" content=\"Editor\" \/>\n<meta name=\"twitter:card\" content=\"summary_large_image\" \/>\n<meta name=\"twitter:creator\" content=\"@ElLabradorOf\" \/>\n<meta name=\"twitter:site\" content=\"@ElLabradorOf\" \/>\n<meta name=\"twitter:label1\" content=\"Escrito por\" \/>\n\t<meta name=\"twitter:data1\" content=\"Editor\" \/>\n\t<meta name=\"twitter:label2\" content=\"Tiempo de lectura\" \/>\n\t<meta name=\"twitter:data2\" content=\"3 minutos\" \/>\n<script type=\"application\/ld+json\" class=\"yoast-schema-graph\">{\"@context\":\"https:\\\/\\\/schema.org\",\"@graph\":[{\"@type\":\"Article\",\"@id\":\"https:\\\/\\\/diarioellabrador.cl\\\/index.php\\\/2025\\\/08\\\/14\\\/inia-la-platina-promueve-ciencia-para-un-agro-mas-resiliente-en-conmemoracion-del-dia-de-las-campesinas-y-campesinos\\\/#article\",\"isPartOf\":{\"@id\":\"https:\\\/\\\/diarioellabrador.cl\\\/index.php\\\/2025\\\/08\\\/14\\\/inia-la-platina-promueve-ciencia-para-un-agro-mas-resiliente-en-conmemoracion-del-dia-de-las-campesinas-y-campesinos\\\/\"},\"author\":{\"name\":\"Editor\",\"@id\":\"https:\\\/\\\/diarioellabrador.cl\\\/#\\\/schema\\\/person\\\/bc25ff80b4563f9c7f4bd7855df01685\"},\"headline\":\"INIA La Platina promueve ciencia para un agro m\u00e1s resiliente en conmemoraci\u00f3n del D\u00eda de las Campesinas y Campesinos\",\"datePublished\":\"2025-08-14T22:13:13+00:00\",\"dateModified\":\"2025-08-14T22:13:14+00:00\",\"mainEntityOfPage\":{\"@id\":\"https:\\\/\\\/diarioellabrador.cl\\\/index.php\\\/2025\\\/08\\\/14\\\/inia-la-platina-promueve-ciencia-para-un-agro-mas-resiliente-en-conmemoracion-del-dia-de-las-campesinas-y-campesinos\\\/\"},\"wordCount\":488,\"commentCount\":0,\"publisher\":{\"@id\":\"https:\\\/\\\/diarioellabrador.cl\\\/#organization\"},\"image\":{\"@id\":\"https:\\\/\\\/diarioellabrador.cl\\\/index.php\\\/2025\\\/08\\\/14\\\/inia-la-platina-promueve-ciencia-para-un-agro-mas-resiliente-en-conmemoracion-del-dia-de-las-campesinas-y-campesinos\\\/#primaryimage\"},\"thumbnailUrl\":\"https:\\\/\\\/diarioellabrador.cl\\\/wp-content\\\/uploads\\\/2025\\\/08\\\/INIA-La-Platina-promueve-ciencia-para-un-agro-mas-resiliente-en-conmemoracion-del-Dia-de-las-Campesinas-y-Campesinos-2.jpeg\",\"articleSection\":[\"Cr\u00f3nica\"],\"inLanguage\":\"es\",\"potentialAction\":[{\"@type\":\"CommentAction\",\"name\":\"Comment\",\"target\":[\"https:\\\/\\\/diarioellabrador.cl\\\/index.php\\\/2025\\\/08\\\/14\\\/inia-la-platina-promueve-ciencia-para-un-agro-mas-resiliente-en-conmemoracion-del-dia-de-las-campesinas-y-campesinos\\\/#respond\"]}]},{\"@type\":\"WebPage\",\"@id\":\"https:\\\/\\\/diarioellabrador.cl\\\/index.php\\\/2025\\\/08\\\/14\\\/inia-la-platina-promueve-ciencia-para-un-agro-mas-resiliente-en-conmemoracion-del-dia-de-las-campesinas-y-campesinos\\\/\",\"url\":\"https:\\\/\\\/diarioellabrador.cl\\\/index.php\\\/2025\\\/08\\\/14\\\/inia-la-platina-promueve-ciencia-para-un-agro-mas-resiliente-en-conmemoracion-del-dia-de-las-campesinas-y-campesinos\\\/\",\"name\":\"INIA La Platina promueve ciencia para un agro m\u00e1s resiliente en conmemoraci\u00f3n del D\u00eda de las Campesinas y Campesinos - Diario El Labrador\",\"isPartOf\":{\"@id\":\"https:\\\/\\\/diarioellabrador.cl\\\/#website\"},\"primaryImageOfPage\":{\"@id\":\"https:\\\/\\\/diarioellabrador.cl\\\/index.php\\\/2025\\\/08\\\/14\\\/inia-la-platina-promueve-ciencia-para-un-agro-mas-resiliente-en-conmemoracion-del-dia-de-las-campesinas-y-campesinos\\\/#primaryimage\"},\"image\":{\"@id\":\"https:\\\/\\\/diarioellabrador.cl\\\/index.php\\\/2025\\\/08\\\/14\\\/inia-la-platina-promueve-ciencia-para-un-agro-mas-resiliente-en-conmemoracion-del-dia-de-las-campesinas-y-campesinos\\\/#primaryimage\"},\"thumbnailUrl\":\"https:\\\/\\\/diarioellabrador.cl\\\/wp-content\\\/uploads\\\/2025\\\/08\\\/INIA-La-Platina-promueve-ciencia-para-un-agro-mas-resiliente-en-conmemoracion-del-Dia-de-las-Campesinas-y-Campesinos-2.jpeg\",\"datePublished\":\"2025-08-14T22:13:13+00:00\",\"dateModified\":\"2025-08-14T22:13:14+00:00\",\"breadcrumb\":{\"@id\":\"https:\\\/\\\/diarioellabrador.cl\\\/index.php\\\/2025\\\/08\\\/14\\\/inia-la-platina-promueve-ciencia-para-un-agro-mas-resiliente-en-conmemoracion-del-dia-de-las-campesinas-y-campesinos\\\/#breadcrumb\"},\"inLanguage\":\"es\",\"potentialAction\":[{\"@type\":\"ReadAction\",\"target\":[\"https:\\\/\\\/diarioellabrador.cl\\\/index.php\\\/2025\\\/08\\\/14\\\/inia-la-platina-promueve-ciencia-para-un-agro-mas-resiliente-en-conmemoracion-del-dia-de-las-campesinas-y-campesinos\\\/\"]}]},{\"@type\":\"ImageObject\",\"inLanguage\":\"es\",\"@id\":\"https:\\\/\\\/diarioellabrador.cl\\\/index.php\\\/2025\\\/08\\\/14\\\/inia-la-platina-promueve-ciencia-para-un-agro-mas-resiliente-en-conmemoracion-del-dia-de-las-campesinas-y-campesinos\\\/#primaryimage\",\"url\":\"https:\\\/\\\/diarioellabrador.cl\\\/wp-content\\\/uploads\\\/2025\\\/08\\\/INIA-La-Platina-promueve-ciencia-para-un-agro-mas-resiliente-en-conmemoracion-del-Dia-de-las-Campesinas-y-Campesinos-2.jpeg\",\"contentUrl\":\"https:\\\/\\\/diarioellabrador.cl\\\/wp-content\\\/uploads\\\/2025\\\/08\\\/INIA-La-Platina-promueve-ciencia-para-un-agro-mas-resiliente-en-conmemoracion-del-Dia-de-las-Campesinas-y-Campesinos-2.jpeg\",\"width\":2560,\"height\":1441},{\"@type\":\"BreadcrumbList\",\"@id\":\"https:\\\/\\\/diarioellabrador.cl\\\/index.php\\\/2025\\\/08\\\/14\\\/inia-la-platina-promueve-ciencia-para-un-agro-mas-resiliente-en-conmemoracion-del-dia-de-las-campesinas-y-campesinos\\\/#breadcrumb\",\"itemListElement\":[{\"@type\":\"ListItem\",\"position\":1,\"name\":\"Portada\",\"item\":\"https:\\\/\\\/diarioellabrador.cl\\\/\"},{\"@type\":\"ListItem\",\"position\":2,\"name\":\"INIA La Platina promueve ciencia para un agro m\u00e1s resiliente en conmemoraci\u00f3n del D\u00eda de las Campesinas y Campesinos\"}]},{\"@type\":\"WebSite\",\"@id\":\"https:\\\/\\\/diarioellabrador.cl\\\/#website\",\"url\":\"https:\\\/\\\/diarioellabrador.cl\\\/\",\"name\":\"Diario El Labrador\",\"description\":\"Haciendo noticia desde 1921\",\"publisher\":{\"@id\":\"https:\\\/\\\/diarioellabrador.cl\\\/#organization\"},\"potentialAction\":[{\"@type\":\"SearchAction\",\"target\":{\"@type\":\"EntryPoint\",\"urlTemplate\":\"https:\\\/\\\/diarioellabrador.cl\\\/?s={search_term_string}\"},\"query-input\":{\"@type\":\"PropertyValueSpecification\",\"valueRequired\":true,\"valueName\":\"search_term_string\"}}],\"inLanguage\":\"es\"},{\"@type\":\"Organization\",\"@id\":\"https:\\\/\\\/diarioellabrador.cl\\\/#organization\",\"name\":\"Diario El Labrador\",\"url\":\"https:\\\/\\\/diarioellabrador.cl\\\/\",\"logo\":{\"@type\":\"ImageObject\",\"inLanguage\":\"es\",\"@id\":\"https:\\\/\\\/diarioellabrador.cl\\\/#\\\/schema\\\/logo\\\/image\\\/\",\"url\":\"https:\\\/\\\/diarioellabrador.cl\\\/wp-content\\\/uploads\\\/2025\\\/02\\\/cropped-Logo-Icono.png\",\"contentUrl\":\"https:\\\/\\\/diarioellabrador.cl\\\/wp-content\\\/uploads\\\/2025\\\/02\\\/cropped-Logo-Icono.png\",\"width\":512,\"height\":512,\"caption\":\"Diario El Labrador\"},\"image\":{\"@id\":\"https:\\\/\\\/diarioellabrador.cl\\\/#\\\/schema\\\/logo\\\/image\\\/\"},\"sameAs\":[\"https:\\\/\\\/web.facebook.com\\\/profile.php?id=61576120840621\",\"https:\\\/\\\/x.com\\\/ElLabradorOf\",\"https:\\\/\\\/www.instagram.com\\\/diarioellabradoroficial\\\/\"]},{\"@type\":\"Person\",\"@id\":\"https:\\\/\\\/diarioellabrador.cl\\\/#\\\/schema\\\/person\\\/bc25ff80b4563f9c7f4bd7855df01685\",\"name\":\"Editor\",\"image\":{\"@type\":\"ImageObject\",\"inLanguage\":\"es\",\"@id\":\"https:\\\/\\\/secure.gravatar.com\\\/avatar\\\/109c326cf2be5c04f048c2c2a2b8b6ef44bf3d8d1d3d4c55d0ac40c4bc994684?s=96&d=mm&r=g\",\"url\":\"https:\\\/\\\/secure.gravatar.com\\\/avatar\\\/109c326cf2be5c04f048c2c2a2b8b6ef44bf3d8d1d3d4c55d0ac40c4bc994684?s=96&d=mm&r=g\",\"contentUrl\":\"https:\\\/\\\/secure.gravatar.com\\\/avatar\\\/109c326cf2be5c04f048c2c2a2b8b6ef44bf3d8d1d3d4c55d0ac40c4bc994684?s=96&d=mm&r=g\",\"caption\":\"Editor\"},\"url\":\"https:\\\/\\\/diarioellabrador.cl\\\/index.php\\\/author\\\/editor\\\/\"}]}<\/script>\n<!-- \/ Yoast SEO plugin. -->","yoast_head_json":{"title":"INIA La Platina promueve ciencia para un agro m\u00e1s resiliente en conmemoraci\u00f3n del D\u00eda de las Campesinas y Campesinos - Diario El Labrador","robots":{"index":"index","follow":"follow","max-snippet":"max-snippet:-1","max-image-preview":"max-image-preview:large","max-video-preview":"max-video-preview:-1"},"canonical":"https:\/\/diarioellabrador.cl\/index.php\/2025\/08\/14\/inia-la-platina-promueve-ciencia-para-un-agro-mas-resiliente-en-conmemoracion-del-dia-de-las-campesinas-y-campesinos\/","og_locale":"es_ES","og_type":"article","og_title":"INIA La Platina promueve ciencia para un agro m\u00e1s resiliente en conmemoraci\u00f3n del D\u00eda de las Campesinas y Campesinos - Diario El Labrador","og_description":"La actividad \u2014organizada por INDAP RM\u2014 reuni\u00f3 a agricultoras, agricultores, colegios y autoridades en torno a la innovaci\u00f3n, la cultura rural y el conocimiento aplicado al campo. En el marco del Encuentro de Agricultores y Agricultoras de la Regi\u00f3n Metropolitana, realizado en el Club de Campo La Pintana para conmemorar el D\u00eda de las Campesinas Leer m\u00e1s","og_url":"https:\/\/diarioellabrador.cl\/index.php\/2025\/08\/14\/inia-la-platina-promueve-ciencia-para-un-agro-mas-resiliente-en-conmemoracion-del-dia-de-las-campesinas-y-campesinos\/","og_site_name":"Diario El Labrador","article_publisher":"https:\/\/web.facebook.com\/profile.php?id=61576120840621","article_published_time":"2025-08-14T22:13:13+00:00","article_modified_time":"2025-08-14T22:13:14+00:00","og_image":[{"width":2560,"height":1441,"url":"https:\/\/diarioellabrador.cl\/wp-content\/uploads\/2025\/08\/INIA-La-Platina-promueve-ciencia-para-un-agro-mas-resiliente-en-conmemoracion-del-Dia-de-las-Campesinas-y-Campesinos-2.jpeg","type":"image\/jpeg"}],"author":"Editor","twitter_card":"summary_large_image","twitter_creator":"@ElLabradorOf","twitter_site":"@ElLabradorOf","twitter_misc":{"Escrito por":"Editor","Tiempo de lectura":"3 minutos"},"schema":{"@context":"https:\/\/schema.org","@graph":[{"@type":"Article","@id":"https:\/\/diarioellabrador.cl\/index.php\/2025\/08\/14\/inia-la-platina-promueve-ciencia-para-un-agro-mas-resiliente-en-conmemoracion-del-dia-de-las-campesinas-y-campesinos\/#article","isPartOf":{"@id":"https:\/\/diarioellabrador.cl\/index.php\/2025\/08\/14\/inia-la-platina-promueve-ciencia-para-un-agro-mas-resiliente-en-conmemoracion-del-dia-de-las-campesinas-y-campesinos\/"},"author":{"name":"Editor","@id":"https:\/\/diarioellabrador.cl\/#\/schema\/person\/bc25ff80b4563f9c7f4bd7855df01685"},"headline":"INIA La Platina promueve ciencia para un agro m\u00e1s resiliente en conmemoraci\u00f3n del D\u00eda de las Campesinas y Campesinos","datePublished":"2025-08-14T22:13:13+00:00","dateModified":"2025-08-14T22:13:14+00:00","mainEntityOfPage":{"@id":"https:\/\/diarioellabrador.cl\/index.php\/2025\/08\/14\/inia-la-platina-promueve-ciencia-para-un-agro-mas-resiliente-en-conmemoracion-del-dia-de-las-campesinas-y-campesinos\/"},"wordCount":488,"commentCount":0,"publisher":{"@id":"https:\/\/diarioellabrador.cl\/#organization"},"image":{"@id":"https:\/\/diarioellabrador.cl\/index.php\/2025\/08\/14\/inia-la-platina-promueve-ciencia-para-un-agro-mas-resiliente-en-conmemoracion-del-dia-de-las-campesinas-y-campesinos\/#primaryimage"},"thumbnailUrl":"https:\/\/diarioellabrador.cl\/wp-content\/uploads\/2025\/08\/INIA-La-Platina-promueve-ciencia-para-un-agro-mas-resiliente-en-conmemoracion-del-Dia-de-las-Campesinas-y-Campesinos-2.jpeg","articleSection":["Cr\u00f3nica"],"inLanguage":"es","potentialAction":[{"@type":"CommentAction","name":"Comment","target":["https:\/\/diarioellabrador.cl\/index.php\/2025\/08\/14\/inia-la-platina-promueve-ciencia-para-un-agro-mas-resiliente-en-conmemoracion-del-dia-de-las-campesinas-y-campesinos\/#respond"]}]},{"@type":"WebPage","@id":"https:\/\/diarioellabrador.cl\/index.php\/2025\/08\/14\/inia-la-platina-promueve-ciencia-para-un-agro-mas-resiliente-en-conmemoracion-del-dia-de-las-campesinas-y-campesinos\/","url":"https:\/\/diarioellabrador.cl\/index.php\/2025\/08\/14\/inia-la-platina-promueve-ciencia-para-un-agro-mas-resiliente-en-conmemoracion-del-dia-de-las-campesinas-y-campesinos\/","name":"INIA La Platina promueve ciencia para un agro m\u00e1s resiliente en conmemoraci\u00f3n del D\u00eda de las Campesinas y Campesinos - Diario El Labrador","isPartOf":{"@id":"https:\/\/diarioellabrador.cl\/#website"},"primaryImageOfPage":{"@id":"https:\/\/diarioellabrador.cl\/index.php\/2025\/08\/14\/inia-la-platina-promueve-ciencia-para-un-agro-mas-resiliente-en-conmemoracion-del-dia-de-las-campesinas-y-campesinos\/#primaryimage"},"image":{"@id":"https:\/\/diarioellabrador.cl\/index.php\/2025\/08\/14\/inia-la-platina-promueve-ciencia-para-un-agro-mas-resiliente-en-conmemoracion-del-dia-de-las-campesinas-y-campesinos\/#primaryimage"},"thumbnailUrl":"https:\/\/diarioellabrador.cl\/wp-content\/uploads\/2025\/08\/INIA-La-Platina-promueve-ciencia-para-un-agro-mas-resiliente-en-conmemoracion-del-Dia-de-las-Campesinas-y-Campesinos-2.jpeg","datePublished":"2025-08-14T22:13:13+00:00","dateModified":"2025-08-14T22:13:14+00:00","breadcrumb":{"@id":"https:\/\/diarioellabrador.cl\/index.php\/2025\/08\/14\/inia-la-platina-promueve-ciencia-para-un-agro-mas-resiliente-en-conmemoracion-del-dia-de-las-campesinas-y-campesinos\/#breadcrumb"},"inLanguage":"es","potentialAction":[{"@type":"ReadAction","target":["https:\/\/diarioellabrador.cl\/index.php\/2025\/08\/14\/inia-la-platina-promueve-ciencia-para-un-agro-mas-resiliente-en-conmemoracion-del-dia-de-las-campesinas-y-campesinos\/"]}]},{"@type":"ImageObject","inLanguage":"es","@id":"https:\/\/diarioellabrador.cl\/index.php\/2025\/08\/14\/inia-la-platina-promueve-ciencia-para-un-agro-mas-resiliente-en-conmemoracion-del-dia-de-las-campesinas-y-campesinos\/#primaryimage","url":"https:\/\/diarioellabrador.cl\/wp-content\/uploads\/2025\/08\/INIA-La-Platina-promueve-ciencia-para-un-agro-mas-resiliente-en-conmemoracion-del-Dia-de-las-Campesinas-y-Campesinos-2.jpeg","contentUrl":"https:\/\/diarioellabrador.cl\/wp-content\/uploads\/2025\/08\/INIA-La-Platina-promueve-ciencia-para-un-agro-mas-resiliente-en-conmemoracion-del-Dia-de-las-Campesinas-y-Campesinos-2.jpeg","width":2560,"height":1441},{"@type":"BreadcrumbList","@id":"https:\/\/diarioellabrador.cl\/index.php\/2025\/08\/14\/inia-la-platina-promueve-ciencia-para-un-agro-mas-resiliente-en-conmemoracion-del-dia-de-las-campesinas-y-campesinos\/#breadcrumb","itemListElement":[{"@type":"ListItem","position":1,"name":"Portada","item":"https:\/\/diarioellabrador.cl\/"},{"@type":"ListItem","position":2,"name":"INIA La Platina promueve ciencia para un agro m\u00e1s resiliente en conmemoraci\u00f3n del D\u00eda de las Campesinas y Campesinos"}]},{"@type":"WebSite","@id":"https:\/\/diarioellabrador.cl\/#website","url":"https:\/\/diarioellabrador.cl\/","name":"Diario El Labrador","description":"Haciendo noticia desde 1921","publisher":{"@id":"https:\/\/diarioellabrador.cl\/#organization"},"potentialAction":[{"@type":"SearchAction","target":{"@type":"EntryPoint","urlTemplate":"https:\/\/diarioellabrador.cl\/?s={search_term_string}"},"query-input":{"@type":"PropertyValueSpecification","valueRequired":true,"valueName":"search_term_string"}}],"inLanguage":"es"},{"@type":"Organization","@id":"https:\/\/diarioellabrador.cl\/#organization","name":"Diario El Labrador","url":"https:\/\/diarioellabrador.cl\/","logo":{"@type":"ImageObject","inLanguage":"es","@id":"https:\/\/diarioellabrador.cl\/#\/schema\/logo\/image\/","url":"https:\/\/diarioellabrador.cl\/wp-content\/uploads\/2025\/02\/cropped-Logo-Icono.png","contentUrl":"https:\/\/diarioellabrador.cl\/wp-content\/uploads\/2025\/02\/cropped-Logo-Icono.png","width":512,"height":512,"caption":"Diario El Labrador"},"image":{"@id":"https:\/\/diarioellabrador.cl\/#\/schema\/logo\/image\/"},"sameAs":["https:\/\/web.facebook.com\/profile.php?id=61576120840621","https:\/\/x.com\/ElLabradorOf","https:\/\/www.instagram.com\/diarioellabradoroficial\/"]},{"@type":"Person","@id":"https:\/\/diarioellabrador.cl\/#\/schema\/person\/bc25ff80b4563f9c7f4bd7855df01685","name":"Editor","image":{"@type":"ImageObject","inLanguage":"es","@id":"https:\/\/secure.gravatar.com\/avatar\/109c326cf2be5c04f048c2c2a2b8b6ef44bf3d8d1d3d4c55d0ac40c4bc994684?s=96&d=mm&r=g","url":"https:\/\/secure.gravatar.com\/avatar\/109c326cf2be5c04f048c2c2a2b8b6ef44bf3d8d1d3d4c55d0ac40c4bc994684?s=96&d=mm&r=g","contentUrl":"https:\/\/secure.gravatar.com\/avatar\/109c326cf2be5c04f048c2c2a2b8b6ef44bf3d8d1d3d4c55d0ac40c4bc994684?s=96&d=mm&r=g","caption":"Editor"},"url":"https:\/\/diarioellabrador.cl\/index.php\/author\/editor\/"}]}},"_links":{"self":[{"href":"https:\/\/diarioellabrador.cl\/index.php\/wp-json\/wp\/v2\/posts\/7143","targetHints":{"allow":["GET"]}}],"collection":[{"href":"https:\/\/diarioellabrador.cl\/index.php\/wp-json\/wp\/v2\/posts"}],"about":[{"href":"https:\/\/diarioellabrador.cl\/index.php\/wp-json\/wp\/v2\/types\/post"}],"author":[{"embeddable":true,"href":"https:\/\/diarioellabrador.cl\/index.php\/wp-json\/wp\/v2\/users\/2"}],"replies":[{"embeddable":true,"href":"https:\/\/diarioellabrador.cl\/index.php\/wp-json\/wp\/v2\/comments?post=7143"}],"version-history":[{"count":1,"href":"https:\/\/diarioellabrador.cl\/index.php\/wp-json\/wp\/v2\/posts\/7143\/revisions"}],"predecessor-version":[{"id":7144,"href":"https:\/\/diarioellabrador.cl\/index.php\/wp-json\/wp\/v2\/posts\/7143\/revisions\/7144"}],"wp:featuredmedia":[{"embeddable":true,"href":"https:\/\/diarioellabrador.cl\/index.php\/wp-json\/wp\/v2\/media\/7114"}],"wp:attachment":[{"href":"https:\/\/diarioellabrador.cl\/index.php\/wp-json\/wp\/v2\/media?parent=7143"}],"wp:term":[{"taxonomy":"category","embeddable":true,"href":"https:\/\/diarioellabrador.cl\/index.php\/wp-json\/wp\/v2\/categories?post=7143"},{"taxonomy":"post_tag","embeddable":true,"href":"https:\/\/diarioellabrador.cl\/index.php\/wp-json\/wp\/v2\/tags?post=7143"}],"curies":[{"name":"wp","href":"https:\/\/api.w.org\/{rel}","templated":true}]}}