{"id":7137,"date":"2025-08-14T17:50:47","date_gmt":"2025-08-14T21:50:47","guid":{"rendered":"https:\/\/diarioellabrador.cl\/?p=7137"},"modified":"2025-08-14T17:50:48","modified_gmt":"2025-08-14T21:50:48","slug":"criadores-de-atacama-superaron-expectativas-con-su-cabalgata-familiar","status":"publish","type":"post","link":"https:\/\/diarioellabrador.cl\/index.php\/2025\/08\/14\/criadores-de-atacama-superaron-expectativas-con-su-cabalgata-familiar\/","title":{"rendered":"Criadores de Atacama superaron expectativas con su cabalgata familiar"},"content":{"rendered":"\n<p><strong>Autor: <\/strong><a href=\"https:\/\/www.caballoyrodeo.cl\/portal_rodeo\/site\/artic\/20240223\/pags\/20240223201729.html\">Rodrigo Crooker S\u00e1ez<\/a><\/p>\n\n\n\n<p>Con la participaci\u00f3n de aproximadamente <strong>60 personas, entre jinetes y personal de apoyo log\u00edstico<\/strong>, <strong>la Asociaci\u00f3n de Criadores de Atacama<\/strong> llev\u00f3 a cabo su <strong>ya tradicional cabalgata familiar<\/strong>. El evento, que tuvo lugar en el sector de <strong>Vallenar, espec\u00edficamente en las playas de Huasco<\/strong>, cont\u00f3 con la entusiasta participaci\u00f3n de miembros del Club Buena Esperanza e integrantes de la asociaci\u00f3n, incluyendo familias completas y amigos provenientes de Copiap\u00f3, Vallenar e incluso Santiago.<\/p>\n\n\n\n<p><strong>Juan Carlos Campusano, presidente de la Asociaci\u00f3n<\/strong>, expres\u00f3 su satisfacci\u00f3n por el desarrollo de la actividad. \u00abHicimos una cabalgata familiar y con socios y amigos. La hicimos en el sector de Vallenar, pr\u00e1cticamente en Huasco, en las playas de Huasco. <strong>Caleta Angosta nos recibi\u00f3 al igual que el a\u00f1o pasado<\/strong>\u00ab, detall\u00f3. El recorrido a caballo se extendi\u00f3 hasta la zona de Llanos de Challe, ofreciendo a los participantes una \u00abbuena caminata\u00bb por los paisajes costeros de la regi\u00f3n.<\/p>\n\n\n\n<p>El timonel de los criadores atacame\u00f1os destac\u00f3 el crecimiento del evento, se\u00f1alando que \u00ab<strong>lleg\u00f3 mucho m\u00e1s gente que el a\u00f1o pasado\u00bb.<\/strong> Atribuy\u00f3 este \u00e9xito a una mayor difusi\u00f3n, a diferencia de la edici\u00f3n anterior que fue menos publicitada. \u00ab<strong>Pasamos la expectativa. Pens\u00e1bamos juntar un poquito menos de gente y no, juntamos un buen n\u00famero para ser una cabalgata del norte\u00bb, afirm\u00f3 con orgullo.<\/strong><\/p>\n\n\n\n<p>La jornada no solo se centr\u00f3 en la cabalgata, sino tambi\u00e9n en la camarader\u00eda, culminando con un almuerzo que incluy\u00f3 productos del mar de un restaurante local, <strong>un momento que Campusano calific\u00f3 como \u00ablo mejor\u00bb.<\/strong> El evento cont\u00f3 con una log\u00edstica bien organizada que incluy\u00f3 camionetas de apoyo, agua y pasto para los caballos.<\/p>\n\n\n\n<p>Mirando hacia adelante, la asociaci\u00f3n ya tiene planes para futuras actividades. Se est\u00e1 organizando una nueva cabalgata <strong>para octubre, con la intenci\u00f3n de aprovechar la belleza del desierto florido<\/strong>. Adem\u00e1s, se planean pruebas funcionales y una Exposici\u00f3n para diciembre, con el objetivo de clasificar para la Final Nacional, un evento \u00abtan anhelado por todos los socios\u00bb. Para documentar la experiencia, se contrat\u00f3 a un equipo profesional que realiz\u00f3 grabaciones con drones, fotograf\u00edas y entrevistas a los participantes, material que ser\u00e1 difundido pr\u00f3ximamente. Este tipo de iniciativas buscan fortalecer la presencia de la asociaci\u00f3n.<\/p>\n","protected":false},"excerpt":{"rendered":"<p>Autor: Rodrigo Crooker S\u00e1ez Con la participaci\u00f3n de aproximadamente 60 personas, entre jinetes y personal de apoyo log\u00edstico, la Asociaci\u00f3n de Criadores de Atacama llev\u00f3 a cabo su ya tradicional cabalgata familiar. El evento, que tuvo lugar en el sector de Vallenar, espec\u00edficamente en las playas de Huasco, cont\u00f3 con la entusiasta participaci\u00f3n de miembros<\/p>\n<div class=\"read-more-wrapper\"><a class=\"read-more\" href=\"https:\/\/diarioellabrador.cl\/index.php\/2025\/08\/14\/criadores-de-atacama-superaron-expectativas-con-su-cabalgata-familiar\/\" title=\"Leer m\u00e1s\"> <span class=\"button \">Leer m\u00e1s<\/span><\/a><\/div>\n","protected":false},"author":2,"featured_media":7125,"comment_status":"open","ping_status":"open","sticky":false,"template":"","format":"standard","meta":{"footnotes":""},"categories":[5],"tags":[],"class_list":["post-7137","post","type-post","status-publish","format-standard","has-post-thumbnail","hentry","category-rodeo"],"yoast_head":"<!-- This site is optimized with the Yoast SEO plugin v27.5 - https:\/\/yoast.com\/product\/yoast-seo-wordpress\/ -->\n<title>Criadores de Atacama superaron expectativas con su cabalgata familiar - Diario El Labrador<\/title>\n<meta name=\"robots\" content=\"index, follow, max-snippet:-1, max-image-preview:large, max-video-preview:-1\" \/>\n<link rel=\"canonical\" href=\"https:\/\/diarioellabrador.cl\/index.php\/2025\/08\/14\/criadores-de-atacama-superaron-expectativas-con-su-cabalgata-familiar\/\" \/>\n<meta property=\"og:locale\" content=\"es_ES\" \/>\n<meta property=\"og:type\" content=\"article\" \/>\n<meta property=\"og:title\" content=\"Criadores de Atacama superaron expectativas con su cabalgata familiar - Diario El Labrador\" \/>\n<meta property=\"og:description\" content=\"Autor: Rodrigo Crooker S\u00e1ez Con la participaci\u00f3n de aproximadamente 60 personas, entre jinetes y personal de apoyo log\u00edstico, la Asociaci\u00f3n de Criadores de Atacama llev\u00f3 a cabo su ya tradicional cabalgata familiar. El evento, que tuvo lugar en el sector de Vallenar, espec\u00edficamente en las playas de Huasco, cont\u00f3 con la entusiasta participaci\u00f3n de miembros Leer m\u00e1s\" \/>\n<meta property=\"og:url\" content=\"https:\/\/diarioellabrador.cl\/index.php\/2025\/08\/14\/criadores-de-atacama-superaron-expectativas-con-su-cabalgata-familiar\/\" \/>\n<meta property=\"og:site_name\" content=\"Diario El Labrador\" \/>\n<meta property=\"article:publisher\" content=\"https:\/\/web.facebook.com\/profile.php?id=61576120840621\" \/>\n<meta property=\"article:published_time\" content=\"2025-08-14T21:50:47+00:00\" \/>\n<meta property=\"article:modified_time\" content=\"2025-08-14T21:50:48+00:00\" \/>\n<meta property=\"og:image\" content=\"https:\/\/diarioellabrador.cl\/wp-content\/uploads\/2025\/08\/Criadores-de-Atacama-superaron-expectativas-con-su-cabalgata-familiar.jpg\" \/>\n\t<meta property=\"og:image:width\" content=\"750\" \/>\n\t<meta property=\"og:image:height\" content=\"389\" \/>\n\t<meta property=\"og:image:type\" content=\"image\/jpeg\" \/>\n<meta name=\"author\" content=\"Editor\" \/>\n<meta name=\"twitter:card\" content=\"summary_large_image\" \/>\n<meta name=\"twitter:creator\" content=\"@ElLabradorOf\" \/>\n<meta name=\"twitter:site\" content=\"@ElLabradorOf\" \/>\n<meta name=\"twitter:label1\" content=\"Escrito por\" \/>\n\t<meta name=\"twitter:data1\" content=\"Editor\" \/>\n\t<meta name=\"twitter:label2\" content=\"Tiempo de lectura\" \/>\n\t<meta name=\"twitter:data2\" content=\"2 minutos\" \/>\n<script type=\"application\/ld+json\" class=\"yoast-schema-graph\">{\"@context\":\"https:\\\/\\\/schema.org\",\"@graph\":[{\"@type\":\"Article\",\"@id\":\"https:\\\/\\\/diarioellabrador.cl\\\/index.php\\\/2025\\\/08\\\/14\\\/criadores-de-atacama-superaron-expectativas-con-su-cabalgata-familiar\\\/#article\",\"isPartOf\":{\"@id\":\"https:\\\/\\\/diarioellabrador.cl\\\/index.php\\\/2025\\\/08\\\/14\\\/criadores-de-atacama-superaron-expectativas-con-su-cabalgata-familiar\\\/\"},\"author\":{\"name\":\"Editor\",\"@id\":\"https:\\\/\\\/diarioellabrador.cl\\\/#\\\/schema\\\/person\\\/bc25ff80b4563f9c7f4bd7855df01685\"},\"headline\":\"Criadores de Atacama superaron expectativas con su cabalgata familiar\",\"datePublished\":\"2025-08-14T21:50:47+00:00\",\"dateModified\":\"2025-08-14T21:50:48+00:00\",\"mainEntityOfPage\":{\"@id\":\"https:\\\/\\\/diarioellabrador.cl\\\/index.php\\\/2025\\\/08\\\/14\\\/criadores-de-atacama-superaron-expectativas-con-su-cabalgata-familiar\\\/\"},\"wordCount\":402,\"commentCount\":0,\"publisher\":{\"@id\":\"https:\\\/\\\/diarioellabrador.cl\\\/#organization\"},\"image\":{\"@id\":\"https:\\\/\\\/diarioellabrador.cl\\\/index.php\\\/2025\\\/08\\\/14\\\/criadores-de-atacama-superaron-expectativas-con-su-cabalgata-familiar\\\/#primaryimage\"},\"thumbnailUrl\":\"https:\\\/\\\/diarioellabrador.cl\\\/wp-content\\\/uploads\\\/2025\\\/08\\\/Criadores-de-Atacama-superaron-expectativas-con-su-cabalgata-familiar.jpg\",\"articleSection\":[\"Rodeo\"],\"inLanguage\":\"es\",\"potentialAction\":[{\"@type\":\"CommentAction\",\"name\":\"Comment\",\"target\":[\"https:\\\/\\\/diarioellabrador.cl\\\/index.php\\\/2025\\\/08\\\/14\\\/criadores-de-atacama-superaron-expectativas-con-su-cabalgata-familiar\\\/#respond\"]}]},{\"@type\":\"WebPage\",\"@id\":\"https:\\\/\\\/diarioellabrador.cl\\\/index.php\\\/2025\\\/08\\\/14\\\/criadores-de-atacama-superaron-expectativas-con-su-cabalgata-familiar\\\/\",\"url\":\"https:\\\/\\\/diarioellabrador.cl\\\/index.php\\\/2025\\\/08\\\/14\\\/criadores-de-atacama-superaron-expectativas-con-su-cabalgata-familiar\\\/\",\"name\":\"Criadores de Atacama superaron expectativas con su cabalgata familiar - Diario El Labrador\",\"isPartOf\":{\"@id\":\"https:\\\/\\\/diarioellabrador.cl\\\/#website\"},\"primaryImageOfPage\":{\"@id\":\"https:\\\/\\\/diarioellabrador.cl\\\/index.php\\\/2025\\\/08\\\/14\\\/criadores-de-atacama-superaron-expectativas-con-su-cabalgata-familiar\\\/#primaryimage\"},\"image\":{\"@id\":\"https:\\\/\\\/diarioellabrador.cl\\\/index.php\\\/2025\\\/08\\\/14\\\/criadores-de-atacama-superaron-expectativas-con-su-cabalgata-familiar\\\/#primaryimage\"},\"thumbnailUrl\":\"https:\\\/\\\/diarioellabrador.cl\\\/wp-content\\\/uploads\\\/2025\\\/08\\\/Criadores-de-Atacama-superaron-expectativas-con-su-cabalgata-familiar.jpg\",\"datePublished\":\"2025-08-14T21:50:47+00:00\",\"dateModified\":\"2025-08-14T21:50:48+00:00\",\"breadcrumb\":{\"@id\":\"https:\\\/\\\/diarioellabrador.cl\\\/index.php\\\/2025\\\/08\\\/14\\\/criadores-de-atacama-superaron-expectativas-con-su-cabalgata-familiar\\\/#breadcrumb\"},\"inLanguage\":\"es\",\"potentialAction\":[{\"@type\":\"ReadAction\",\"target\":[\"https:\\\/\\\/diarioellabrador.cl\\\/index.php\\\/2025\\\/08\\\/14\\\/criadores-de-atacama-superaron-expectativas-con-su-cabalgata-familiar\\\/\"]}]},{\"@type\":\"ImageObject\",\"inLanguage\":\"es\",\"@id\":\"https:\\\/\\\/diarioellabrador.cl\\\/index.php\\\/2025\\\/08\\\/14\\\/criadores-de-atacama-superaron-expectativas-con-su-cabalgata-familiar\\\/#primaryimage\",\"url\":\"https:\\\/\\\/diarioellabrador.cl\\\/wp-content\\\/uploads\\\/2025\\\/08\\\/Criadores-de-Atacama-superaron-expectativas-con-su-cabalgata-familiar.jpg\",\"contentUrl\":\"https:\\\/\\\/diarioellabrador.cl\\\/wp-content\\\/uploads\\\/2025\\\/08\\\/Criadores-de-Atacama-superaron-expectativas-con-su-cabalgata-familiar.jpg\",\"width\":750,\"height\":389},{\"@type\":\"BreadcrumbList\",\"@id\":\"https:\\\/\\\/diarioellabrador.cl\\\/index.php\\\/2025\\\/08\\\/14\\\/criadores-de-atacama-superaron-expectativas-con-su-cabalgata-familiar\\\/#breadcrumb\",\"itemListElement\":[{\"@type\":\"ListItem\",\"position\":1,\"name\":\"Portada\",\"item\":\"https:\\\/\\\/diarioellabrador.cl\\\/\"},{\"@type\":\"ListItem\",\"position\":2,\"name\":\"Criadores de Atacama superaron expectativas con su cabalgata familiar\"}]},{\"@type\":\"WebSite\",\"@id\":\"https:\\\/\\\/diarioellabrador.cl\\\/#website\",\"url\":\"https:\\\/\\\/diarioellabrador.cl\\\/\",\"name\":\"Diario El Labrador\",\"description\":\"Haciendo noticia desde 1921\",\"publisher\":{\"@id\":\"https:\\\/\\\/diarioellabrador.cl\\\/#organization\"},\"potentialAction\":[{\"@type\":\"SearchAction\",\"target\":{\"@type\":\"EntryPoint\",\"urlTemplate\":\"https:\\\/\\\/diarioellabrador.cl\\\/?s={search_term_string}\"},\"query-input\":{\"@type\":\"PropertyValueSpecification\",\"valueRequired\":true,\"valueName\":\"search_term_string\"}}],\"inLanguage\":\"es\"},{\"@type\":\"Organization\",\"@id\":\"https:\\\/\\\/diarioellabrador.cl\\\/#organization\",\"name\":\"Diario El Labrador\",\"url\":\"https:\\\/\\\/diarioellabrador.cl\\\/\",\"logo\":{\"@type\":\"ImageObject\",\"inLanguage\":\"es\",\"@id\":\"https:\\\/\\\/diarioellabrador.cl\\\/#\\\/schema\\\/logo\\\/image\\\/\",\"url\":\"https:\\\/\\\/diarioellabrador.cl\\\/wp-content\\\/uploads\\\/2025\\\/02\\\/cropped-Logo-Icono.png\",\"contentUrl\":\"https:\\\/\\\/diarioellabrador.cl\\\/wp-content\\\/uploads\\\/2025\\\/02\\\/cropped-Logo-Icono.png\",\"width\":512,\"height\":512,\"caption\":\"Diario El Labrador\"},\"image\":{\"@id\":\"https:\\\/\\\/diarioellabrador.cl\\\/#\\\/schema\\\/logo\\\/image\\\/\"},\"sameAs\":[\"https:\\\/\\\/web.facebook.com\\\/profile.php?id=61576120840621\",\"https:\\\/\\\/x.com\\\/ElLabradorOf\",\"https:\\\/\\\/www.instagram.com\\\/diarioellabradoroficial\\\/\"]},{\"@type\":\"Person\",\"@id\":\"https:\\\/\\\/diarioellabrador.cl\\\/#\\\/schema\\\/person\\\/bc25ff80b4563f9c7f4bd7855df01685\",\"name\":\"Editor\",\"image\":{\"@type\":\"ImageObject\",\"inLanguage\":\"es\",\"@id\":\"https:\\\/\\\/secure.gravatar.com\\\/avatar\\\/109c326cf2be5c04f048c2c2a2b8b6ef44bf3d8d1d3d4c55d0ac40c4bc994684?s=96&d=mm&r=g\",\"url\":\"https:\\\/\\\/secure.gravatar.com\\\/avatar\\\/109c326cf2be5c04f048c2c2a2b8b6ef44bf3d8d1d3d4c55d0ac40c4bc994684?s=96&d=mm&r=g\",\"contentUrl\":\"https:\\\/\\\/secure.gravatar.com\\\/avatar\\\/109c326cf2be5c04f048c2c2a2b8b6ef44bf3d8d1d3d4c55d0ac40c4bc994684?s=96&d=mm&r=g\",\"caption\":\"Editor\"},\"url\":\"https:\\\/\\\/diarioellabrador.cl\\\/index.php\\\/author\\\/editor\\\/\"}]}<\/script>\n<!-- \/ Yoast SEO plugin. -->","yoast_head_json":{"title":"Criadores de Atacama superaron expectativas con su cabalgata familiar - Diario El Labrador","robots":{"index":"index","follow":"follow","max-snippet":"max-snippet:-1","max-image-preview":"max-image-preview:large","max-video-preview":"max-video-preview:-1"},"canonical":"https:\/\/diarioellabrador.cl\/index.php\/2025\/08\/14\/criadores-de-atacama-superaron-expectativas-con-su-cabalgata-familiar\/","og_locale":"es_ES","og_type":"article","og_title":"Criadores de Atacama superaron expectativas con su cabalgata familiar - Diario El Labrador","og_description":"Autor: Rodrigo Crooker S\u00e1ez Con la participaci\u00f3n de aproximadamente 60 personas, entre jinetes y personal de apoyo log\u00edstico, la Asociaci\u00f3n de Criadores de Atacama llev\u00f3 a cabo su ya tradicional cabalgata familiar. El evento, que tuvo lugar en el sector de Vallenar, espec\u00edficamente en las playas de Huasco, cont\u00f3 con la entusiasta participaci\u00f3n de miembros Leer m\u00e1s","og_url":"https:\/\/diarioellabrador.cl\/index.php\/2025\/08\/14\/criadores-de-atacama-superaron-expectativas-con-su-cabalgata-familiar\/","og_site_name":"Diario El Labrador","article_publisher":"https:\/\/web.facebook.com\/profile.php?id=61576120840621","article_published_time":"2025-08-14T21:50:47+00:00","article_modified_time":"2025-08-14T21:50:48+00:00","og_image":[{"width":750,"height":389,"url":"https:\/\/diarioellabrador.cl\/wp-content\/uploads\/2025\/08\/Criadores-de-Atacama-superaron-expectativas-con-su-cabalgata-familiar.jpg","type":"image\/jpeg"}],"author":"Editor","twitter_card":"summary_large_image","twitter_creator":"@ElLabradorOf","twitter_site":"@ElLabradorOf","twitter_misc":{"Escrito por":"Editor","Tiempo de lectura":"2 minutos"},"schema":{"@context":"https:\/\/schema.org","@graph":[{"@type":"Article","@id":"https:\/\/diarioellabrador.cl\/index.php\/2025\/08\/14\/criadores-de-atacama-superaron-expectativas-con-su-cabalgata-familiar\/#article","isPartOf":{"@id":"https:\/\/diarioellabrador.cl\/index.php\/2025\/08\/14\/criadores-de-atacama-superaron-expectativas-con-su-cabalgata-familiar\/"},"author":{"name":"Editor","@id":"https:\/\/diarioellabrador.cl\/#\/schema\/person\/bc25ff80b4563f9c7f4bd7855df01685"},"headline":"Criadores de Atacama superaron expectativas con su cabalgata familiar","datePublished":"2025-08-14T21:50:47+00:00","dateModified":"2025-08-14T21:50:48+00:00","mainEntityOfPage":{"@id":"https:\/\/diarioellabrador.cl\/index.php\/2025\/08\/14\/criadores-de-atacama-superaron-expectativas-con-su-cabalgata-familiar\/"},"wordCount":402,"commentCount":0,"publisher":{"@id":"https:\/\/diarioellabrador.cl\/#organization"},"image":{"@id":"https:\/\/diarioellabrador.cl\/index.php\/2025\/08\/14\/criadores-de-atacama-superaron-expectativas-con-su-cabalgata-familiar\/#primaryimage"},"thumbnailUrl":"https:\/\/diarioellabrador.cl\/wp-content\/uploads\/2025\/08\/Criadores-de-Atacama-superaron-expectativas-con-su-cabalgata-familiar.jpg","articleSection":["Rodeo"],"inLanguage":"es","potentialAction":[{"@type":"CommentAction","name":"Comment","target":["https:\/\/diarioellabrador.cl\/index.php\/2025\/08\/14\/criadores-de-atacama-superaron-expectativas-con-su-cabalgata-familiar\/#respond"]}]},{"@type":"WebPage","@id":"https:\/\/diarioellabrador.cl\/index.php\/2025\/08\/14\/criadores-de-atacama-superaron-expectativas-con-su-cabalgata-familiar\/","url":"https:\/\/diarioellabrador.cl\/index.php\/2025\/08\/14\/criadores-de-atacama-superaron-expectativas-con-su-cabalgata-familiar\/","name":"Criadores de Atacama superaron expectativas con su cabalgata familiar - Diario El Labrador","isPartOf":{"@id":"https:\/\/diarioellabrador.cl\/#website"},"primaryImageOfPage":{"@id":"https:\/\/diarioellabrador.cl\/index.php\/2025\/08\/14\/criadores-de-atacama-superaron-expectativas-con-su-cabalgata-familiar\/#primaryimage"},"image":{"@id":"https:\/\/diarioellabrador.cl\/index.php\/2025\/08\/14\/criadores-de-atacama-superaron-expectativas-con-su-cabalgata-familiar\/#primaryimage"},"thumbnailUrl":"https:\/\/diarioellabrador.cl\/wp-content\/uploads\/2025\/08\/Criadores-de-Atacama-superaron-expectativas-con-su-cabalgata-familiar.jpg","datePublished":"2025-08-14T21:50:47+00:00","dateModified":"2025-08-14T21:50:48+00:00","breadcrumb":{"@id":"https:\/\/diarioellabrador.cl\/index.php\/2025\/08\/14\/criadores-de-atacama-superaron-expectativas-con-su-cabalgata-familiar\/#breadcrumb"},"inLanguage":"es","potentialAction":[{"@type":"ReadAction","target":["https:\/\/diarioellabrador.cl\/index.php\/2025\/08\/14\/criadores-de-atacama-superaron-expectativas-con-su-cabalgata-familiar\/"]}]},{"@type":"ImageObject","inLanguage":"es","@id":"https:\/\/diarioellabrador.cl\/index.php\/2025\/08\/14\/criadores-de-atacama-superaron-expectativas-con-su-cabalgata-familiar\/#primaryimage","url":"https:\/\/diarioellabrador.cl\/wp-content\/uploads\/2025\/08\/Criadores-de-Atacama-superaron-expectativas-con-su-cabalgata-familiar.jpg","contentUrl":"https:\/\/diarioellabrador.cl\/wp-content\/uploads\/2025\/08\/Criadores-de-Atacama-superaron-expectativas-con-su-cabalgata-familiar.jpg","width":750,"height":389},{"@type":"BreadcrumbList","@id":"https:\/\/diarioellabrador.cl\/index.php\/2025\/08\/14\/criadores-de-atacama-superaron-expectativas-con-su-cabalgata-familiar\/#breadcrumb","itemListElement":[{"@type":"ListItem","position":1,"name":"Portada","item":"https:\/\/diarioellabrador.cl\/"},{"@type":"ListItem","position":2,"name":"Criadores de Atacama superaron expectativas con su cabalgata familiar"}]},{"@type":"WebSite","@id":"https:\/\/diarioellabrador.cl\/#website","url":"https:\/\/diarioellabrador.cl\/","name":"Diario El Labrador","description":"Haciendo noticia desde 1921","publisher":{"@id":"https:\/\/diarioellabrador.cl\/#organization"},"potentialAction":[{"@type":"SearchAction","target":{"@type":"EntryPoint","urlTemplate":"https:\/\/diarioellabrador.cl\/?s={search_term_string}"},"query-input":{"@type":"PropertyValueSpecification","valueRequired":true,"valueName":"search_term_string"}}],"inLanguage":"es"},{"@type":"Organization","@id":"https:\/\/diarioellabrador.cl\/#organization","name":"Diario El Labrador","url":"https:\/\/diarioellabrador.cl\/","logo":{"@type":"ImageObject","inLanguage":"es","@id":"https:\/\/diarioellabrador.cl\/#\/schema\/logo\/image\/","url":"https:\/\/diarioellabrador.cl\/wp-content\/uploads\/2025\/02\/cropped-Logo-Icono.png","contentUrl":"https:\/\/diarioellabrador.cl\/wp-content\/uploads\/2025\/02\/cropped-Logo-Icono.png","width":512,"height":512,"caption":"Diario El Labrador"},"image":{"@id":"https:\/\/diarioellabrador.cl\/#\/schema\/logo\/image\/"},"sameAs":["https:\/\/web.facebook.com\/profile.php?id=61576120840621","https:\/\/x.com\/ElLabradorOf","https:\/\/www.instagram.com\/diarioellabradoroficial\/"]},{"@type":"Person","@id":"https:\/\/diarioellabrador.cl\/#\/schema\/person\/bc25ff80b4563f9c7f4bd7855df01685","name":"Editor","image":{"@type":"ImageObject","inLanguage":"es","@id":"https:\/\/secure.gravatar.com\/avatar\/109c326cf2be5c04f048c2c2a2b8b6ef44bf3d8d1d3d4c55d0ac40c4bc994684?s=96&d=mm&r=g","url":"https:\/\/secure.gravatar.com\/avatar\/109c326cf2be5c04f048c2c2a2b8b6ef44bf3d8d1d3d4c55d0ac40c4bc994684?s=96&d=mm&r=g","contentUrl":"https:\/\/secure.gravatar.com\/avatar\/109c326cf2be5c04f048c2c2a2b8b6ef44bf3d8d1d3d4c55d0ac40c4bc994684?s=96&d=mm&r=g","caption":"Editor"},"url":"https:\/\/diarioellabrador.cl\/index.php\/author\/editor\/"}]}},"_links":{"self":[{"href":"https:\/\/diarioellabrador.cl\/index.php\/wp-json\/wp\/v2\/posts\/7137","targetHints":{"allow":["GET"]}}],"collection":[{"href":"https:\/\/diarioellabrador.cl\/index.php\/wp-json\/wp\/v2\/posts"}],"about":[{"href":"https:\/\/diarioellabrador.cl\/index.php\/wp-json\/wp\/v2\/types\/post"}],"author":[{"embeddable":true,"href":"https:\/\/diarioellabrador.cl\/index.php\/wp-json\/wp\/v2\/users\/2"}],"replies":[{"embeddable":true,"href":"https:\/\/diarioellabrador.cl\/index.php\/wp-json\/wp\/v2\/comments?post=7137"}],"version-history":[{"count":1,"href":"https:\/\/diarioellabrador.cl\/index.php\/wp-json\/wp\/v2\/posts\/7137\/revisions"}],"predecessor-version":[{"id":7138,"href":"https:\/\/diarioellabrador.cl\/index.php\/wp-json\/wp\/v2\/posts\/7137\/revisions\/7138"}],"wp:featuredmedia":[{"embeddable":true,"href":"https:\/\/diarioellabrador.cl\/index.php\/wp-json\/wp\/v2\/media\/7125"}],"wp:attachment":[{"href":"https:\/\/diarioellabrador.cl\/index.php\/wp-json\/wp\/v2\/media?parent=7137"}],"wp:term":[{"taxonomy":"category","embeddable":true,"href":"https:\/\/diarioellabrador.cl\/index.php\/wp-json\/wp\/v2\/categories?post=7137"},{"taxonomy":"post_tag","embeddable":true,"href":"https:\/\/diarioellabrador.cl\/index.php\/wp-json\/wp\/v2\/tags?post=7137"}],"curies":[{"name":"wp","href":"https:\/\/api.w.org\/{rel}","templated":true}]}}