{"id":7050,"date":"2025-08-12T19:18:36","date_gmt":"2025-08-12T23:18:36","guid":{"rendered":"https:\/\/diarioellabrador.cl\/?p=7050"},"modified":"2025-08-12T19:18:37","modified_gmt":"2025-08-12T23:18:37","slug":"contesse-y-zarate-ganaron-rodeo-de-quincha-en-quincha-del-inacap-rancagua","status":"publish","type":"post","link":"https:\/\/diarioellabrador.cl\/index.php\/2025\/08\/12\/contesse-y-zarate-ganaron-rodeo-de-quincha-en-quincha-del-inacap-rancagua\/","title":{"rendered":"Contesse y Z\u00e1rate ganaron Rodeo \u00abDe Quincha en Quincha\u00bb del Inacap Rancagua"},"content":{"rendered":"\n<p><strong>Autor: <\/strong><a href=\"https:\/\/www.caballoyrodeo.cl\/portal_rodeo\/site\/artic\/20240223\/pags\/20240223201413.html\">Alejandro Alegr\u00eda Torres<\/a><\/p>\n\n\n\n<p><strong>Ra\u00fal Contesse <\/strong>y <strong>Jos\u00e9 Z\u00e1rate <\/strong>fueron los grandes campeones del <strong>Rodeo \u00abDe Quincha en Quincha\u00bb <\/strong>que organiz\u00f3 la <strong>Rama de Rodeo del Inacap de Rancagua <\/strong>el s\u00e1bado en la <strong>Medialuna del Parque \u00abAbel Bouch\u00f3n\u00bb de San Fernando.<\/strong><\/p>\n\n\n\n<p>Contesse y Z\u00e1rate fueron campeones luego que montando a las yeguas <strong>Resignada<\/strong> y <strong>Pituca <\/strong>sumaron 23 puntos buenos. Segundos fueron <strong>Contreras <\/strong>y <strong>Esteban Romero <\/strong>en <strong>Revoltosa <\/strong>y <strong>Chaval\u00f3n<\/strong> con 21, mientras que terceros quedaron <strong>Oscar Reyes <\/strong>y <strong>Mario Becerra <\/strong>en <strong>Despierta <\/strong>y <strong>Pintoso <\/strong>con 18.<\/p>\n\n\n\n<p>Contesse, integrante del Ranking de Jinetes de Ferochi de la Temporada 2024-2025, coment\u00f3 a <strong>Caballoyrodeo.cl<\/strong> la victoria lograda: \u00abFue un rodeo maravilloso. Acompa\u00f1\u00e9 a un gran amigo, de la familia Z\u00e1rate de Ch\u00e9pica. Corr\u00ed con &#8216;Leo&#8217;, que hace un tiempo ha estado entrenando conmigo, ha aprendido harta t\u00e9cnica de rodeo, est\u00e1 corriendo bonito el hombre, le est\u00e1 poniendo harto empe\u00f1o y por lo mismo lo acompa\u00f1\u00e9 a correr. Nos fue bien, \u00e9l corri\u00f3 una yegua que fue m\u00eda en su minuto y que ahora es de \u00e9l. Mientras yo lo hice en un caballo que me prest\u00f3 mi amigo (Claudio) &#8216;Toti&#8217; Bustos, que es el que corre (Ismael) &#8216;Chupalla&#8217; Fuentes\u00bb.<\/p>\n\n\n\n<p>\u00abEstuvo muy buena, me encontr\u00e9 con hartos amigos y fue bonito porque uno vuelve a recordar la juventud, la \u00e9poca en que uno fue universitario. Me top\u00e9 con hartos jinetes y amigos. Hab\u00eda hartos jinetes bien buenos corriendo, con harta trayectoria, as\u00ed que aprovechamos de conversar un poco de la vida y el Campeonato Nacional\u00bb, agreg\u00f3.<\/p>\n\n\n\n<p>Continu\u00f3 diciendo: \u00abFue una tarde bien agradable, fueron bien buenas las vaquillas que corrimos y los claveles que corrimos en el cuarto toro. Estoy feliz por la familia Z\u00e1rate, porque le han puesto harto empe\u00f1o al rodeo, son personas a las que le gusta mucho y creo que &#8216;Leo&#8217; va a ser un buen jinete, tiene todo para llegar lejos. Lo demostr\u00f3 este fin de semana, que lo hizo muy bonito\u00bb.<\/p>\n\n\n\n<p>Respecto a los que se viene en la temporada, quien corri\u00f3 el cuarto animal en el \u00faltimo Champion de Chile, expres\u00f3: \u00abPara lo que es competitivo, estamos con las colleras que armamos con mis dos patrones, Claudio Bustos y Mart\u00edn Bartolom\u00e9. Tenemos un rodeo el 23 de agosto en Santa Rita y ah\u00ed vamos a partir la temporada. Vamos a competir con las colleras que tenemos puntos y ya estamos en tierra derecha, afinando los caballos para ir a ese rodeo\u00bb.<\/p>\n\n\n\n<p>\u00abHay hartas ganas y expectativas. Estamos buscando mantenernos en el rodeo, siempre estar en las grandes competencias y hemos armado un buen equipo con Claudio. Tenemos una collera completa, gracias a Dios, y a los potros con 11 puntos. Mientras que con Mart\u00edn tenemos una mixta criolla con cinco puntos. Ah\u00ed tendr\u00e9 otra collera m\u00eda para entretenerme, pero las fijas son las que tenemos con puntos. Tenemos hartas ganas y con las expectativas altas, a\u00f1o a a\u00f1o uno se va poniendo desaf\u00edos m\u00e1s arriba\u00bb, concluy\u00f3.<\/p>\n","protected":false},"excerpt":{"rendered":"<p>Autor: Alejandro Alegr\u00eda Torres Ra\u00fal Contesse y Jos\u00e9 Z\u00e1rate fueron los grandes campeones del Rodeo \u00abDe Quincha en Quincha\u00bb que organiz\u00f3 la Rama de Rodeo del Inacap de Rancagua el s\u00e1bado en la Medialuna del Parque \u00abAbel Bouch\u00f3n\u00bb de San Fernando. Contesse y Z\u00e1rate fueron campeones luego que montando a las yeguas Resignada y Pituca<\/p>\n<div class=\"read-more-wrapper\"><a class=\"read-more\" href=\"https:\/\/diarioellabrador.cl\/index.php\/2025\/08\/12\/contesse-y-zarate-ganaron-rodeo-de-quincha-en-quincha-del-inacap-rancagua\/\" title=\"Leer m\u00e1s\"> <span class=\"button \">Leer m\u00e1s<\/span><\/a><\/div>\n","protected":false},"author":2,"featured_media":7039,"comment_status":"open","ping_status":"open","sticky":false,"template":"","format":"standard","meta":{"footnotes":""},"categories":[5],"tags":[],"class_list":["post-7050","post","type-post","status-publish","format-standard","has-post-thumbnail","hentry","category-rodeo"],"yoast_head":"<!-- This site is optimized with the Yoast SEO plugin v27.5 - https:\/\/yoast.com\/product\/yoast-seo-wordpress\/ -->\n<title>Contesse y Z\u00e1rate ganaron Rodeo &quot;De Quincha en Quincha&quot; del Inacap Rancagua - Diario El Labrador<\/title>\n<meta name=\"robots\" content=\"index, follow, max-snippet:-1, max-image-preview:large, max-video-preview:-1\" \/>\n<link rel=\"canonical\" href=\"https:\/\/diarioellabrador.cl\/index.php\/2025\/08\/12\/contesse-y-zarate-ganaron-rodeo-de-quincha-en-quincha-del-inacap-rancagua\/\" \/>\n<meta property=\"og:locale\" content=\"es_ES\" \/>\n<meta property=\"og:type\" content=\"article\" \/>\n<meta property=\"og:title\" content=\"Contesse y Z\u00e1rate ganaron Rodeo &quot;De Quincha en Quincha&quot; del Inacap Rancagua - Diario El Labrador\" \/>\n<meta property=\"og:description\" content=\"Autor: Alejandro Alegr\u00eda Torres Ra\u00fal Contesse y Jos\u00e9 Z\u00e1rate fueron los grandes campeones del Rodeo \u00abDe Quincha en Quincha\u00bb que organiz\u00f3 la Rama de Rodeo del Inacap de Rancagua el s\u00e1bado en la Medialuna del Parque \u00abAbel Bouch\u00f3n\u00bb de San Fernando. Contesse y Z\u00e1rate fueron campeones luego que montando a las yeguas Resignada y Pituca Leer m\u00e1s\" \/>\n<meta property=\"og:url\" content=\"https:\/\/diarioellabrador.cl\/index.php\/2025\/08\/12\/contesse-y-zarate-ganaron-rodeo-de-quincha-en-quincha-del-inacap-rancagua\/\" \/>\n<meta property=\"og:site_name\" content=\"Diario El Labrador\" \/>\n<meta property=\"article:publisher\" content=\"https:\/\/web.facebook.com\/profile.php?id=61576120840621\" \/>\n<meta property=\"article:published_time\" content=\"2025-08-12T23:18:36+00:00\" \/>\n<meta property=\"article:modified_time\" content=\"2025-08-12T23:18:37+00:00\" \/>\n<meta property=\"og:image\" content=\"https:\/\/diarioellabrador.cl\/wp-content\/uploads\/2025\/08\/Contesse-y-Zarate-ganaron-Rodeo-De-Quincha-en-Quincha-del-Inacap-Rancagua.jpg\" \/>\n\t<meta property=\"og:image:width\" content=\"750\" \/>\n\t<meta property=\"og:image:height\" content=\"389\" \/>\n\t<meta property=\"og:image:type\" content=\"image\/jpeg\" \/>\n<meta name=\"author\" content=\"Editor\" \/>\n<meta name=\"twitter:card\" content=\"summary_large_image\" \/>\n<meta name=\"twitter:creator\" content=\"@ElLabradorOf\" \/>\n<meta name=\"twitter:site\" content=\"@ElLabradorOf\" \/>\n<meta name=\"twitter:label1\" content=\"Escrito por\" \/>\n\t<meta name=\"twitter:data1\" content=\"Editor\" \/>\n\t<meta name=\"twitter:label2\" content=\"Tiempo de lectura\" \/>\n\t<meta name=\"twitter:data2\" content=\"3 minutos\" \/>\n<script type=\"application\/ld+json\" class=\"yoast-schema-graph\">{\"@context\":\"https:\\\/\\\/schema.org\",\"@graph\":[{\"@type\":\"Article\",\"@id\":\"https:\\\/\\\/diarioellabrador.cl\\\/index.php\\\/2025\\\/08\\\/12\\\/contesse-y-zarate-ganaron-rodeo-de-quincha-en-quincha-del-inacap-rancagua\\\/#article\",\"isPartOf\":{\"@id\":\"https:\\\/\\\/diarioellabrador.cl\\\/index.php\\\/2025\\\/08\\\/12\\\/contesse-y-zarate-ganaron-rodeo-de-quincha-en-quincha-del-inacap-rancagua\\\/\"},\"author\":{\"name\":\"Editor\",\"@id\":\"https:\\\/\\\/diarioellabrador.cl\\\/#\\\/schema\\\/person\\\/bc25ff80b4563f9c7f4bd7855df01685\"},\"headline\":\"Contesse y Z\u00e1rate ganaron Rodeo \u00abDe Quincha en Quincha\u00bb del Inacap Rancagua\",\"datePublished\":\"2025-08-12T23:18:36+00:00\",\"dateModified\":\"2025-08-12T23:18:37+00:00\",\"mainEntityOfPage\":{\"@id\":\"https:\\\/\\\/diarioellabrador.cl\\\/index.php\\\/2025\\\/08\\\/12\\\/contesse-y-zarate-ganaron-rodeo-de-quincha-en-quincha-del-inacap-rancagua\\\/\"},\"wordCount\":520,\"commentCount\":0,\"publisher\":{\"@id\":\"https:\\\/\\\/diarioellabrador.cl\\\/#organization\"},\"image\":{\"@id\":\"https:\\\/\\\/diarioellabrador.cl\\\/index.php\\\/2025\\\/08\\\/12\\\/contesse-y-zarate-ganaron-rodeo-de-quincha-en-quincha-del-inacap-rancagua\\\/#primaryimage\"},\"thumbnailUrl\":\"https:\\\/\\\/diarioellabrador.cl\\\/wp-content\\\/uploads\\\/2025\\\/08\\\/Contesse-y-Zarate-ganaron-Rodeo-De-Quincha-en-Quincha-del-Inacap-Rancagua.jpg\",\"articleSection\":[\"Rodeo\"],\"inLanguage\":\"es\",\"potentialAction\":[{\"@type\":\"CommentAction\",\"name\":\"Comment\",\"target\":[\"https:\\\/\\\/diarioellabrador.cl\\\/index.php\\\/2025\\\/08\\\/12\\\/contesse-y-zarate-ganaron-rodeo-de-quincha-en-quincha-del-inacap-rancagua\\\/#respond\"]}]},{\"@type\":\"WebPage\",\"@id\":\"https:\\\/\\\/diarioellabrador.cl\\\/index.php\\\/2025\\\/08\\\/12\\\/contesse-y-zarate-ganaron-rodeo-de-quincha-en-quincha-del-inacap-rancagua\\\/\",\"url\":\"https:\\\/\\\/diarioellabrador.cl\\\/index.php\\\/2025\\\/08\\\/12\\\/contesse-y-zarate-ganaron-rodeo-de-quincha-en-quincha-del-inacap-rancagua\\\/\",\"name\":\"Contesse y Z\u00e1rate ganaron Rodeo \\\"De Quincha en Quincha\\\" del Inacap Rancagua - Diario El Labrador\",\"isPartOf\":{\"@id\":\"https:\\\/\\\/diarioellabrador.cl\\\/#website\"},\"primaryImageOfPage\":{\"@id\":\"https:\\\/\\\/diarioellabrador.cl\\\/index.php\\\/2025\\\/08\\\/12\\\/contesse-y-zarate-ganaron-rodeo-de-quincha-en-quincha-del-inacap-rancagua\\\/#primaryimage\"},\"image\":{\"@id\":\"https:\\\/\\\/diarioellabrador.cl\\\/index.php\\\/2025\\\/08\\\/12\\\/contesse-y-zarate-ganaron-rodeo-de-quincha-en-quincha-del-inacap-rancagua\\\/#primaryimage\"},\"thumbnailUrl\":\"https:\\\/\\\/diarioellabrador.cl\\\/wp-content\\\/uploads\\\/2025\\\/08\\\/Contesse-y-Zarate-ganaron-Rodeo-De-Quincha-en-Quincha-del-Inacap-Rancagua.jpg\",\"datePublished\":\"2025-08-12T23:18:36+00:00\",\"dateModified\":\"2025-08-12T23:18:37+00:00\",\"breadcrumb\":{\"@id\":\"https:\\\/\\\/diarioellabrador.cl\\\/index.php\\\/2025\\\/08\\\/12\\\/contesse-y-zarate-ganaron-rodeo-de-quincha-en-quincha-del-inacap-rancagua\\\/#breadcrumb\"},\"inLanguage\":\"es\",\"potentialAction\":[{\"@type\":\"ReadAction\",\"target\":[\"https:\\\/\\\/diarioellabrador.cl\\\/index.php\\\/2025\\\/08\\\/12\\\/contesse-y-zarate-ganaron-rodeo-de-quincha-en-quincha-del-inacap-rancagua\\\/\"]}]},{\"@type\":\"ImageObject\",\"inLanguage\":\"es\",\"@id\":\"https:\\\/\\\/diarioellabrador.cl\\\/index.php\\\/2025\\\/08\\\/12\\\/contesse-y-zarate-ganaron-rodeo-de-quincha-en-quincha-del-inacap-rancagua\\\/#primaryimage\",\"url\":\"https:\\\/\\\/diarioellabrador.cl\\\/wp-content\\\/uploads\\\/2025\\\/08\\\/Contesse-y-Zarate-ganaron-Rodeo-De-Quincha-en-Quincha-del-Inacap-Rancagua.jpg\",\"contentUrl\":\"https:\\\/\\\/diarioellabrador.cl\\\/wp-content\\\/uploads\\\/2025\\\/08\\\/Contesse-y-Zarate-ganaron-Rodeo-De-Quincha-en-Quincha-del-Inacap-Rancagua.jpg\",\"width\":750,\"height\":389},{\"@type\":\"BreadcrumbList\",\"@id\":\"https:\\\/\\\/diarioellabrador.cl\\\/index.php\\\/2025\\\/08\\\/12\\\/contesse-y-zarate-ganaron-rodeo-de-quincha-en-quincha-del-inacap-rancagua\\\/#breadcrumb\",\"itemListElement\":[{\"@type\":\"ListItem\",\"position\":1,\"name\":\"Portada\",\"item\":\"https:\\\/\\\/diarioellabrador.cl\\\/\"},{\"@type\":\"ListItem\",\"position\":2,\"name\":\"Contesse y Z\u00e1rate ganaron Rodeo \u00abDe Quincha en Quincha\u00bb del Inacap Rancagua\"}]},{\"@type\":\"WebSite\",\"@id\":\"https:\\\/\\\/diarioellabrador.cl\\\/#website\",\"url\":\"https:\\\/\\\/diarioellabrador.cl\\\/\",\"name\":\"Diario El Labrador\",\"description\":\"Haciendo noticia desde 1921\",\"publisher\":{\"@id\":\"https:\\\/\\\/diarioellabrador.cl\\\/#organization\"},\"potentialAction\":[{\"@type\":\"SearchAction\",\"target\":{\"@type\":\"EntryPoint\",\"urlTemplate\":\"https:\\\/\\\/diarioellabrador.cl\\\/?s={search_term_string}\"},\"query-input\":{\"@type\":\"PropertyValueSpecification\",\"valueRequired\":true,\"valueName\":\"search_term_string\"}}],\"inLanguage\":\"es\"},{\"@type\":\"Organization\",\"@id\":\"https:\\\/\\\/diarioellabrador.cl\\\/#organization\",\"name\":\"Diario El Labrador\",\"url\":\"https:\\\/\\\/diarioellabrador.cl\\\/\",\"logo\":{\"@type\":\"ImageObject\",\"inLanguage\":\"es\",\"@id\":\"https:\\\/\\\/diarioellabrador.cl\\\/#\\\/schema\\\/logo\\\/image\\\/\",\"url\":\"https:\\\/\\\/diarioellabrador.cl\\\/wp-content\\\/uploads\\\/2025\\\/02\\\/cropped-Logo-Icono.png\",\"contentUrl\":\"https:\\\/\\\/diarioellabrador.cl\\\/wp-content\\\/uploads\\\/2025\\\/02\\\/cropped-Logo-Icono.png\",\"width\":512,\"height\":512,\"caption\":\"Diario El Labrador\"},\"image\":{\"@id\":\"https:\\\/\\\/diarioellabrador.cl\\\/#\\\/schema\\\/logo\\\/image\\\/\"},\"sameAs\":[\"https:\\\/\\\/web.facebook.com\\\/profile.php?id=61576120840621\",\"https:\\\/\\\/x.com\\\/ElLabradorOf\",\"https:\\\/\\\/www.instagram.com\\\/diarioellabradoroficial\\\/\"]},{\"@type\":\"Person\",\"@id\":\"https:\\\/\\\/diarioellabrador.cl\\\/#\\\/schema\\\/person\\\/bc25ff80b4563f9c7f4bd7855df01685\",\"name\":\"Editor\",\"image\":{\"@type\":\"ImageObject\",\"inLanguage\":\"es\",\"@id\":\"https:\\\/\\\/secure.gravatar.com\\\/avatar\\\/109c326cf2be5c04f048c2c2a2b8b6ef44bf3d8d1d3d4c55d0ac40c4bc994684?s=96&d=mm&r=g\",\"url\":\"https:\\\/\\\/secure.gravatar.com\\\/avatar\\\/109c326cf2be5c04f048c2c2a2b8b6ef44bf3d8d1d3d4c55d0ac40c4bc994684?s=96&d=mm&r=g\",\"contentUrl\":\"https:\\\/\\\/secure.gravatar.com\\\/avatar\\\/109c326cf2be5c04f048c2c2a2b8b6ef44bf3d8d1d3d4c55d0ac40c4bc994684?s=96&d=mm&r=g\",\"caption\":\"Editor\"},\"url\":\"https:\\\/\\\/diarioellabrador.cl\\\/index.php\\\/author\\\/editor\\\/\"}]}<\/script>\n<!-- \/ Yoast SEO plugin. -->","yoast_head_json":{"title":"Contesse y Z\u00e1rate ganaron Rodeo \"De Quincha en Quincha\" del Inacap Rancagua - Diario El Labrador","robots":{"index":"index","follow":"follow","max-snippet":"max-snippet:-1","max-image-preview":"max-image-preview:large","max-video-preview":"max-video-preview:-1"},"canonical":"https:\/\/diarioellabrador.cl\/index.php\/2025\/08\/12\/contesse-y-zarate-ganaron-rodeo-de-quincha-en-quincha-del-inacap-rancagua\/","og_locale":"es_ES","og_type":"article","og_title":"Contesse y Z\u00e1rate ganaron Rodeo \"De Quincha en Quincha\" del Inacap Rancagua - Diario El Labrador","og_description":"Autor: Alejandro Alegr\u00eda Torres Ra\u00fal Contesse y Jos\u00e9 Z\u00e1rate fueron los grandes campeones del Rodeo \u00abDe Quincha en Quincha\u00bb que organiz\u00f3 la Rama de Rodeo del Inacap de Rancagua el s\u00e1bado en la Medialuna del Parque \u00abAbel Bouch\u00f3n\u00bb de San Fernando. Contesse y Z\u00e1rate fueron campeones luego que montando a las yeguas Resignada y Pituca Leer m\u00e1s","og_url":"https:\/\/diarioellabrador.cl\/index.php\/2025\/08\/12\/contesse-y-zarate-ganaron-rodeo-de-quincha-en-quincha-del-inacap-rancagua\/","og_site_name":"Diario El Labrador","article_publisher":"https:\/\/web.facebook.com\/profile.php?id=61576120840621","article_published_time":"2025-08-12T23:18:36+00:00","article_modified_time":"2025-08-12T23:18:37+00:00","og_image":[{"width":750,"height":389,"url":"https:\/\/diarioellabrador.cl\/wp-content\/uploads\/2025\/08\/Contesse-y-Zarate-ganaron-Rodeo-De-Quincha-en-Quincha-del-Inacap-Rancagua.jpg","type":"image\/jpeg"}],"author":"Editor","twitter_card":"summary_large_image","twitter_creator":"@ElLabradorOf","twitter_site":"@ElLabradorOf","twitter_misc":{"Escrito por":"Editor","Tiempo de lectura":"3 minutos"},"schema":{"@context":"https:\/\/schema.org","@graph":[{"@type":"Article","@id":"https:\/\/diarioellabrador.cl\/index.php\/2025\/08\/12\/contesse-y-zarate-ganaron-rodeo-de-quincha-en-quincha-del-inacap-rancagua\/#article","isPartOf":{"@id":"https:\/\/diarioellabrador.cl\/index.php\/2025\/08\/12\/contesse-y-zarate-ganaron-rodeo-de-quincha-en-quincha-del-inacap-rancagua\/"},"author":{"name":"Editor","@id":"https:\/\/diarioellabrador.cl\/#\/schema\/person\/bc25ff80b4563f9c7f4bd7855df01685"},"headline":"Contesse y Z\u00e1rate ganaron Rodeo \u00abDe Quincha en Quincha\u00bb del Inacap Rancagua","datePublished":"2025-08-12T23:18:36+00:00","dateModified":"2025-08-12T23:18:37+00:00","mainEntityOfPage":{"@id":"https:\/\/diarioellabrador.cl\/index.php\/2025\/08\/12\/contesse-y-zarate-ganaron-rodeo-de-quincha-en-quincha-del-inacap-rancagua\/"},"wordCount":520,"commentCount":0,"publisher":{"@id":"https:\/\/diarioellabrador.cl\/#organization"},"image":{"@id":"https:\/\/diarioellabrador.cl\/index.php\/2025\/08\/12\/contesse-y-zarate-ganaron-rodeo-de-quincha-en-quincha-del-inacap-rancagua\/#primaryimage"},"thumbnailUrl":"https:\/\/diarioellabrador.cl\/wp-content\/uploads\/2025\/08\/Contesse-y-Zarate-ganaron-Rodeo-De-Quincha-en-Quincha-del-Inacap-Rancagua.jpg","articleSection":["Rodeo"],"inLanguage":"es","potentialAction":[{"@type":"CommentAction","name":"Comment","target":["https:\/\/diarioellabrador.cl\/index.php\/2025\/08\/12\/contesse-y-zarate-ganaron-rodeo-de-quincha-en-quincha-del-inacap-rancagua\/#respond"]}]},{"@type":"WebPage","@id":"https:\/\/diarioellabrador.cl\/index.php\/2025\/08\/12\/contesse-y-zarate-ganaron-rodeo-de-quincha-en-quincha-del-inacap-rancagua\/","url":"https:\/\/diarioellabrador.cl\/index.php\/2025\/08\/12\/contesse-y-zarate-ganaron-rodeo-de-quincha-en-quincha-del-inacap-rancagua\/","name":"Contesse y Z\u00e1rate ganaron Rodeo \"De Quincha en Quincha\" del Inacap Rancagua - Diario El Labrador","isPartOf":{"@id":"https:\/\/diarioellabrador.cl\/#website"},"primaryImageOfPage":{"@id":"https:\/\/diarioellabrador.cl\/index.php\/2025\/08\/12\/contesse-y-zarate-ganaron-rodeo-de-quincha-en-quincha-del-inacap-rancagua\/#primaryimage"},"image":{"@id":"https:\/\/diarioellabrador.cl\/index.php\/2025\/08\/12\/contesse-y-zarate-ganaron-rodeo-de-quincha-en-quincha-del-inacap-rancagua\/#primaryimage"},"thumbnailUrl":"https:\/\/diarioellabrador.cl\/wp-content\/uploads\/2025\/08\/Contesse-y-Zarate-ganaron-Rodeo-De-Quincha-en-Quincha-del-Inacap-Rancagua.jpg","datePublished":"2025-08-12T23:18:36+00:00","dateModified":"2025-08-12T23:18:37+00:00","breadcrumb":{"@id":"https:\/\/diarioellabrador.cl\/index.php\/2025\/08\/12\/contesse-y-zarate-ganaron-rodeo-de-quincha-en-quincha-del-inacap-rancagua\/#breadcrumb"},"inLanguage":"es","potentialAction":[{"@type":"ReadAction","target":["https:\/\/diarioellabrador.cl\/index.php\/2025\/08\/12\/contesse-y-zarate-ganaron-rodeo-de-quincha-en-quincha-del-inacap-rancagua\/"]}]},{"@type":"ImageObject","inLanguage":"es","@id":"https:\/\/diarioellabrador.cl\/index.php\/2025\/08\/12\/contesse-y-zarate-ganaron-rodeo-de-quincha-en-quincha-del-inacap-rancagua\/#primaryimage","url":"https:\/\/diarioellabrador.cl\/wp-content\/uploads\/2025\/08\/Contesse-y-Zarate-ganaron-Rodeo-De-Quincha-en-Quincha-del-Inacap-Rancagua.jpg","contentUrl":"https:\/\/diarioellabrador.cl\/wp-content\/uploads\/2025\/08\/Contesse-y-Zarate-ganaron-Rodeo-De-Quincha-en-Quincha-del-Inacap-Rancagua.jpg","width":750,"height":389},{"@type":"BreadcrumbList","@id":"https:\/\/diarioellabrador.cl\/index.php\/2025\/08\/12\/contesse-y-zarate-ganaron-rodeo-de-quincha-en-quincha-del-inacap-rancagua\/#breadcrumb","itemListElement":[{"@type":"ListItem","position":1,"name":"Portada","item":"https:\/\/diarioellabrador.cl\/"},{"@type":"ListItem","position":2,"name":"Contesse y Z\u00e1rate ganaron Rodeo \u00abDe Quincha en Quincha\u00bb del Inacap Rancagua"}]},{"@type":"WebSite","@id":"https:\/\/diarioellabrador.cl\/#website","url":"https:\/\/diarioellabrador.cl\/","name":"Diario El Labrador","description":"Haciendo noticia desde 1921","publisher":{"@id":"https:\/\/diarioellabrador.cl\/#organization"},"potentialAction":[{"@type":"SearchAction","target":{"@type":"EntryPoint","urlTemplate":"https:\/\/diarioellabrador.cl\/?s={search_term_string}"},"query-input":{"@type":"PropertyValueSpecification","valueRequired":true,"valueName":"search_term_string"}}],"inLanguage":"es"},{"@type":"Organization","@id":"https:\/\/diarioellabrador.cl\/#organization","name":"Diario El Labrador","url":"https:\/\/diarioellabrador.cl\/","logo":{"@type":"ImageObject","inLanguage":"es","@id":"https:\/\/diarioellabrador.cl\/#\/schema\/logo\/image\/","url":"https:\/\/diarioellabrador.cl\/wp-content\/uploads\/2025\/02\/cropped-Logo-Icono.png","contentUrl":"https:\/\/diarioellabrador.cl\/wp-content\/uploads\/2025\/02\/cropped-Logo-Icono.png","width":512,"height":512,"caption":"Diario El Labrador"},"image":{"@id":"https:\/\/diarioellabrador.cl\/#\/schema\/logo\/image\/"},"sameAs":["https:\/\/web.facebook.com\/profile.php?id=61576120840621","https:\/\/x.com\/ElLabradorOf","https:\/\/www.instagram.com\/diarioellabradoroficial\/"]},{"@type":"Person","@id":"https:\/\/diarioellabrador.cl\/#\/schema\/person\/bc25ff80b4563f9c7f4bd7855df01685","name":"Editor","image":{"@type":"ImageObject","inLanguage":"es","@id":"https:\/\/secure.gravatar.com\/avatar\/109c326cf2be5c04f048c2c2a2b8b6ef44bf3d8d1d3d4c55d0ac40c4bc994684?s=96&d=mm&r=g","url":"https:\/\/secure.gravatar.com\/avatar\/109c326cf2be5c04f048c2c2a2b8b6ef44bf3d8d1d3d4c55d0ac40c4bc994684?s=96&d=mm&r=g","contentUrl":"https:\/\/secure.gravatar.com\/avatar\/109c326cf2be5c04f048c2c2a2b8b6ef44bf3d8d1d3d4c55d0ac40c4bc994684?s=96&d=mm&r=g","caption":"Editor"},"url":"https:\/\/diarioellabrador.cl\/index.php\/author\/editor\/"}]}},"_links":{"self":[{"href":"https:\/\/diarioellabrador.cl\/index.php\/wp-json\/wp\/v2\/posts\/7050","targetHints":{"allow":["GET"]}}],"collection":[{"href":"https:\/\/diarioellabrador.cl\/index.php\/wp-json\/wp\/v2\/posts"}],"about":[{"href":"https:\/\/diarioellabrador.cl\/index.php\/wp-json\/wp\/v2\/types\/post"}],"author":[{"embeddable":true,"href":"https:\/\/diarioellabrador.cl\/index.php\/wp-json\/wp\/v2\/users\/2"}],"replies":[{"embeddable":true,"href":"https:\/\/diarioellabrador.cl\/index.php\/wp-json\/wp\/v2\/comments?post=7050"}],"version-history":[{"count":1,"href":"https:\/\/diarioellabrador.cl\/index.php\/wp-json\/wp\/v2\/posts\/7050\/revisions"}],"predecessor-version":[{"id":7051,"href":"https:\/\/diarioellabrador.cl\/index.php\/wp-json\/wp\/v2\/posts\/7050\/revisions\/7051"}],"wp:featuredmedia":[{"embeddable":true,"href":"https:\/\/diarioellabrador.cl\/index.php\/wp-json\/wp\/v2\/media\/7039"}],"wp:attachment":[{"href":"https:\/\/diarioellabrador.cl\/index.php\/wp-json\/wp\/v2\/media?parent=7050"}],"wp:term":[{"taxonomy":"category","embeddable":true,"href":"https:\/\/diarioellabrador.cl\/index.php\/wp-json\/wp\/v2\/categories?post=7050"},{"taxonomy":"post_tag","embeddable":true,"href":"https:\/\/diarioellabrador.cl\/index.php\/wp-json\/wp\/v2\/tags?post=7050"}],"curies":[{"name":"wp","href":"https:\/\/api.w.org\/{rel}","templated":true}]}}