{"id":6939,"date":"2025-08-11T18:40:34","date_gmt":"2025-08-11T22:40:34","guid":{"rendered":"https:\/\/diarioellabrador.cl\/?p=6939"},"modified":"2025-08-11T18:40:35","modified_gmt":"2025-08-11T22:40:35","slug":"gobierno-de-santiago-impulsa-expo-agua-2025-para-combatir-la-crisis-hidrica-con-innovacion-y-colaboracion","status":"publish","type":"post","link":"https:\/\/diarioellabrador.cl\/index.php\/2025\/08\/11\/gobierno-de-santiago-impulsa-expo-agua-2025-para-combatir-la-crisis-hidrica-con-innovacion-y-colaboracion\/","title":{"rendered":"Gobierno de Santiago impulsa Expo Agua 2025 para combatir la crisis h\u00eddrica con innovaci\u00f3n y colaboraci\u00f3n\u00a0"},"content":{"rendered":"\n<p>Organizada por el Gobierno de Santiago, el Fondo de Agua Santiago-Maipo e Interexpo, la Expo Agua Santiago 2025 se alza como un espacio clave para encontrar soluciones concretas y colaborativas frente a la crisis h\u00eddrica. Esta quinta versi\u00f3n se realizar\u00e1 los d\u00edas 13 y 14 de agosto, en conjunto con el XVIII Foro de la Econom\u00eda del Agua, en el centro de eventos Metropolitan Santiago.&nbsp;<\/p>\n\n\n\n<p>Este a\u00f1o, el encuentro se ampl\u00eda a dos jornadas para incorporar ruedas de negocios y talleres pr\u00e1cticos, con el objetivo de generar soluciones concretas y colaborativas frente a los desaf\u00edos actuales en la gesti\u00f3n del agua.&nbsp;<\/p>\n\n\n\n<p>Al respecto, el gobernador de Santiago, Claudio Orrego, se\u00f1al\u00f3 que: \u201cLa crisis h\u00eddrica es uno de los desaf\u00edos m\u00e1s urgentes que enfrentamos como regi\u00f3n y como pa\u00eds. Por eso, desde el Gobierno de Santiago impulsamos Expo Agua como un espacio de colaboraci\u00f3n, innovaci\u00f3n y acci\u00f3n concreta. No se trata solo de conversar sobre el problema, sino de avanzar en soluciones reales para garantizar agua segura y sostenible para todos los habitantes de la Regi\u00f3n Metropolitana y de Chile\u201d.&nbsp;<\/p>\n\n\n\n<p>Por su parte, Cristina Huidobro, gerenta del Fondo de Agua Santiago-Maipo, sostuvo que: \u201cEn esta cumbre del agua podremos conocer iniciativas de todos los sectores, del mundo p\u00fablico, privado, sociedad civil y academia; soluciones tecnol\u00f3gicas, basadas en la naturaleza y de tipo social. Porque el foco es ver c\u00f3mo abordar los desaf\u00edos h\u00eddricos que tenemos en la Regi\u00f3n Metropolitana y en el pa\u00eds, a trav\u00e9s de la colaboraci\u00f3n y la innovaci\u00f3n\u201d.&nbsp;<\/p>\n\n\n\n<figure class=\"wp-block-image size-large\"><img loading=\"lazy\" decoding=\"async\" width=\"1024\" height=\"683\" src=\"https:\/\/diarioellabrador.cl\/wp-content\/uploads\/2025\/08\/Gobierno-de-Santiago-impulsa-Expo-Agua-2025-para-combatir-la-crisis-hidrica-con-innovacion-y-colaboracion-2-1024x683.jpeg\" alt=\"\" class=\"wp-image-6912\" srcset=\"https:\/\/diarioellabrador.cl\/wp-content\/uploads\/2025\/08\/Gobierno-de-Santiago-impulsa-Expo-Agua-2025-para-combatir-la-crisis-hidrica-con-innovacion-y-colaboracion-2-1024x683.jpeg 1024w, https:\/\/diarioellabrador.cl\/wp-content\/uploads\/2025\/08\/Gobierno-de-Santiago-impulsa-Expo-Agua-2025-para-combatir-la-crisis-hidrica-con-innovacion-y-colaboracion-2-300x200.jpeg 300w, https:\/\/diarioellabrador.cl\/wp-content\/uploads\/2025\/08\/Gobierno-de-Santiago-impulsa-Expo-Agua-2025-para-combatir-la-crisis-hidrica-con-innovacion-y-colaboracion-2-768x512.jpeg 768w, https:\/\/diarioellabrador.cl\/wp-content\/uploads\/2025\/08\/Gobierno-de-Santiago-impulsa-Expo-Agua-2025-para-combatir-la-crisis-hidrica-con-innovacion-y-colaboracion-2-800x533.jpeg 800w, https:\/\/diarioellabrador.cl\/wp-content\/uploads\/2025\/08\/Gobierno-de-Santiago-impulsa-Expo-Agua-2025-para-combatir-la-crisis-hidrica-con-innovacion-y-colaboracion-2-600x400.jpeg 600w, https:\/\/diarioellabrador.cl\/wp-content\/uploads\/2025\/08\/Gobierno-de-Santiago-impulsa-Expo-Agua-2025-para-combatir-la-crisis-hidrica-con-innovacion-y-colaboracion-2-400x267.jpeg 400w, https:\/\/diarioellabrador.cl\/wp-content\/uploads\/2025\/08\/Gobierno-de-Santiago-impulsa-Expo-Agua-2025-para-combatir-la-crisis-hidrica-con-innovacion-y-colaboracion-2.jpeg 1200w\" sizes=\"auto, (max-width: 1024px) 100vw, 1024px\" \/><\/figure>\n\n\n\n<p>El evento ha logrado posicionarse como una plataforma que visibiliza la crisis h\u00eddrica, identifica a los actores que proponen soluciones, y fomenta espacios de colaboraci\u00f3n p\u00fablico-privada, tanto a nivel nacional como internacional. En esta edici\u00f3n, se enfatiza la necesidad de transformar nuestra relaci\u00f3n con este recurso vital, reconociendo el agua como un desaf\u00edo global y la importancia de actuar de forma conjunta.&nbsp;<\/p>\n\n\n\n<p>\u201cNuestro prop\u00f3sito en Expo Agua Santiago 2025 es poder concretar las distintas soluciones que hemos conocido en versiones anteriores, en colaboraci\u00f3n con actores p\u00fablicos, privados, la academia y la sociedad civil que se han encontrado en este evento que no solo es de Chile, sino de toda Iberoam\u00e9rica\u201d, se\u00f1ala Claudia Papic, directora de contenidos de Expo Agua Santiago.&nbsp;<\/p>\n\n\n\n<p><strong>Expositores destacados 2025<\/strong>&nbsp;<\/p>\n\n\n\n<p>Expo Agua Santiago contar\u00e1 con la participaci\u00f3n de reconocidos expertos nacionales e internacionales, entre ellos:&nbsp;<\/p>\n\n\n\n<ul class=\"wp-block-list\">\n<li>Ian Ramsay, consultor Internacional en Tecnolog\u00eda Sin Zanja (Trenchless Technology)\u00a0<\/li>\n\n\n\n<li>Mar\u00eda Inmaculada L\u00f3pez, directora de la C\u00e1tedra del Agua, Diputaci\u00f3n de Alicante \u2013 Universidad de Alicante\u00a0<\/li>\n\n\n\n<li>Nancy Silva, directora general de Estudios, CMF\u00a0<\/li>\n\n\n\n<li>Antonio Walker, presidente, Sociedad Nacional de Agricultura\u00a0<\/li>\n\n\n\n<li>Joaqu\u00edn Melgarejo, director de la C\u00e1tedra del Agua de la Universidad de Alicante, Diputado del Congreso por Alicante (G.P. Popular) y promotor del Pacto por el Agua en Espa\u00f1a\u00a0<\/li>\n<\/ul>\n\n\n\n<p>En tiempos donde los efectos del cambio clim\u00e1tico y la mala gesti\u00f3n del recurso h\u00eddrico se hacen cada vez m\u00e1s evidentes, Expo Agua Santiago 2025 representa un punto de encuentro fundamental para avanzar hacia un futuro m\u00e1s resiliente, equitativo y sostenible. <a href=\"https:\/\/www.expoaguasantiago.cl\/programa\/\" target=\"_blank\" rel=\"noreferrer noopener\">https:\/\/www.expoaguasantiago.cl\/programa\/<\/a>&nbsp;<\/p>\n","protected":false},"excerpt":{"rendered":"<p>Organizada por el Gobierno de Santiago, el Fondo de Agua Santiago-Maipo e Interexpo, la Expo Agua Santiago 2025 se alza como un espacio clave para encontrar soluciones concretas y colaborativas frente a la crisis h\u00eddrica. Esta quinta versi\u00f3n se realizar\u00e1 los d\u00edas 13 y 14 de agosto, en conjunto con el XVIII Foro de la<\/p>\n<div class=\"read-more-wrapper\"><a class=\"read-more\" href=\"https:\/\/diarioellabrador.cl\/index.php\/2025\/08\/11\/gobierno-de-santiago-impulsa-expo-agua-2025-para-combatir-la-crisis-hidrica-con-innovacion-y-colaboracion\/\" title=\"Leer m\u00e1s\"> <span class=\"button \">Leer m\u00e1s<\/span><\/a><\/div>\n","protected":false},"author":2,"featured_media":6911,"comment_status":"open","ping_status":"open","sticky":false,"template":"","format":"standard","meta":{"footnotes":""},"categories":[1],"tags":[],"class_list":["post-6939","post","type-post","status-publish","format-standard","has-post-thumbnail","hentry","category-cronica"],"yoast_head":"<!-- This site is optimized with the Yoast SEO plugin v27.5 - https:\/\/yoast.com\/product\/yoast-seo-wordpress\/ -->\n<title>Gobierno de Santiago impulsa Expo Agua 2025 para combatir la crisis h\u00eddrica con innovaci\u00f3n y colaboraci\u00f3n\u00a0 - Diario El Labrador<\/title>\n<meta name=\"robots\" content=\"index, follow, max-snippet:-1, max-image-preview:large, max-video-preview:-1\" \/>\n<link rel=\"canonical\" href=\"https:\/\/diarioellabrador.cl\/index.php\/2025\/08\/11\/gobierno-de-santiago-impulsa-expo-agua-2025-para-combatir-la-crisis-hidrica-con-innovacion-y-colaboracion\/\" \/>\n<meta property=\"og:locale\" content=\"es_ES\" \/>\n<meta property=\"og:type\" content=\"article\" \/>\n<meta property=\"og:title\" content=\"Gobierno de Santiago impulsa Expo Agua 2025 para combatir la crisis h\u00eddrica con innovaci\u00f3n y colaboraci\u00f3n\u00a0 - Diario El Labrador\" \/>\n<meta property=\"og:description\" content=\"Organizada por el Gobierno de Santiago, el Fondo de Agua Santiago-Maipo e Interexpo, la Expo Agua Santiago 2025 se alza como un espacio clave para encontrar soluciones concretas y colaborativas frente a la crisis h\u00eddrica. Esta quinta versi\u00f3n se realizar\u00e1 los d\u00edas 13 y 14 de agosto, en conjunto con el XVIII Foro de la Leer m\u00e1s\" \/>\n<meta property=\"og:url\" content=\"https:\/\/diarioellabrador.cl\/index.php\/2025\/08\/11\/gobierno-de-santiago-impulsa-expo-agua-2025-para-combatir-la-crisis-hidrica-con-innovacion-y-colaboracion\/\" \/>\n<meta property=\"og:site_name\" content=\"Diario El Labrador\" \/>\n<meta property=\"article:publisher\" content=\"https:\/\/web.facebook.com\/profile.php?id=61576120840621\" \/>\n<meta property=\"article:published_time\" content=\"2025-08-11T22:40:34+00:00\" \/>\n<meta property=\"article:modified_time\" content=\"2025-08-11T22:40:35+00:00\" \/>\n<meta property=\"og:image\" content=\"https:\/\/diarioellabrador.cl\/wp-content\/uploads\/2025\/08\/Gobierno-de-Santiago-impulsa-Expo-Agua-2025-para-combatir-la-crisis-hidrica-con-innovacion-y-colaboracion-1.jpeg\" \/>\n\t<meta property=\"og:image:width\" content=\"1200\" \/>\n\t<meta property=\"og:image:height\" content=\"800\" \/>\n\t<meta property=\"og:image:type\" content=\"image\/jpeg\" \/>\n<meta name=\"author\" content=\"Editor\" \/>\n<meta name=\"twitter:card\" content=\"summary_large_image\" \/>\n<meta name=\"twitter:creator\" content=\"@ElLabradorOf\" \/>\n<meta name=\"twitter:site\" content=\"@ElLabradorOf\" \/>\n<meta name=\"twitter:label1\" content=\"Escrito por\" \/>\n\t<meta name=\"twitter:data1\" content=\"Editor\" \/>\n\t<meta name=\"twitter:label2\" content=\"Tiempo de lectura\" \/>\n\t<meta name=\"twitter:data2\" content=\"3 minutos\" \/>\n<script type=\"application\/ld+json\" class=\"yoast-schema-graph\">{\"@context\":\"https:\\\/\\\/schema.org\",\"@graph\":[{\"@type\":\"Article\",\"@id\":\"https:\\\/\\\/diarioellabrador.cl\\\/index.php\\\/2025\\\/08\\\/11\\\/gobierno-de-santiago-impulsa-expo-agua-2025-para-combatir-la-crisis-hidrica-con-innovacion-y-colaboracion\\\/#article\",\"isPartOf\":{\"@id\":\"https:\\\/\\\/diarioellabrador.cl\\\/index.php\\\/2025\\\/08\\\/11\\\/gobierno-de-santiago-impulsa-expo-agua-2025-para-combatir-la-crisis-hidrica-con-innovacion-y-colaboracion\\\/\"},\"author\":{\"name\":\"Editor\",\"@id\":\"https:\\\/\\\/diarioellabrador.cl\\\/#\\\/schema\\\/person\\\/bc25ff80b4563f9c7f4bd7855df01685\"},\"headline\":\"Gobierno de Santiago impulsa Expo Agua 2025 para combatir la crisis h\u00eddrica con innovaci\u00f3n y colaboraci\u00f3n\u00a0\",\"datePublished\":\"2025-08-11T22:40:34+00:00\",\"dateModified\":\"2025-08-11T22:40:35+00:00\",\"mainEntityOfPage\":{\"@id\":\"https:\\\/\\\/diarioellabrador.cl\\\/index.php\\\/2025\\\/08\\\/11\\\/gobierno-de-santiago-impulsa-expo-agua-2025-para-combatir-la-crisis-hidrica-con-innovacion-y-colaboracion\\\/\"},\"wordCount\":578,\"commentCount\":0,\"publisher\":{\"@id\":\"https:\\\/\\\/diarioellabrador.cl\\\/#organization\"},\"image\":{\"@id\":\"https:\\\/\\\/diarioellabrador.cl\\\/index.php\\\/2025\\\/08\\\/11\\\/gobierno-de-santiago-impulsa-expo-agua-2025-para-combatir-la-crisis-hidrica-con-innovacion-y-colaboracion\\\/#primaryimage\"},\"thumbnailUrl\":\"https:\\\/\\\/diarioellabrador.cl\\\/wp-content\\\/uploads\\\/2025\\\/08\\\/Gobierno-de-Santiago-impulsa-Expo-Agua-2025-para-combatir-la-crisis-hidrica-con-innovacion-y-colaboracion-1.jpeg\",\"articleSection\":[\"Cr\u00f3nica\"],\"inLanguage\":\"es\",\"potentialAction\":[{\"@type\":\"CommentAction\",\"name\":\"Comment\",\"target\":[\"https:\\\/\\\/diarioellabrador.cl\\\/index.php\\\/2025\\\/08\\\/11\\\/gobierno-de-santiago-impulsa-expo-agua-2025-para-combatir-la-crisis-hidrica-con-innovacion-y-colaboracion\\\/#respond\"]}]},{\"@type\":\"WebPage\",\"@id\":\"https:\\\/\\\/diarioellabrador.cl\\\/index.php\\\/2025\\\/08\\\/11\\\/gobierno-de-santiago-impulsa-expo-agua-2025-para-combatir-la-crisis-hidrica-con-innovacion-y-colaboracion\\\/\",\"url\":\"https:\\\/\\\/diarioellabrador.cl\\\/index.php\\\/2025\\\/08\\\/11\\\/gobierno-de-santiago-impulsa-expo-agua-2025-para-combatir-la-crisis-hidrica-con-innovacion-y-colaboracion\\\/\",\"name\":\"Gobierno de Santiago impulsa Expo Agua 2025 para combatir la crisis h\u00eddrica con innovaci\u00f3n y colaboraci\u00f3n\u00a0 - Diario El Labrador\",\"isPartOf\":{\"@id\":\"https:\\\/\\\/diarioellabrador.cl\\\/#website\"},\"primaryImageOfPage\":{\"@id\":\"https:\\\/\\\/diarioellabrador.cl\\\/index.php\\\/2025\\\/08\\\/11\\\/gobierno-de-santiago-impulsa-expo-agua-2025-para-combatir-la-crisis-hidrica-con-innovacion-y-colaboracion\\\/#primaryimage\"},\"image\":{\"@id\":\"https:\\\/\\\/diarioellabrador.cl\\\/index.php\\\/2025\\\/08\\\/11\\\/gobierno-de-santiago-impulsa-expo-agua-2025-para-combatir-la-crisis-hidrica-con-innovacion-y-colaboracion\\\/#primaryimage\"},\"thumbnailUrl\":\"https:\\\/\\\/diarioellabrador.cl\\\/wp-content\\\/uploads\\\/2025\\\/08\\\/Gobierno-de-Santiago-impulsa-Expo-Agua-2025-para-combatir-la-crisis-hidrica-con-innovacion-y-colaboracion-1.jpeg\",\"datePublished\":\"2025-08-11T22:40:34+00:00\",\"dateModified\":\"2025-08-11T22:40:35+00:00\",\"breadcrumb\":{\"@id\":\"https:\\\/\\\/diarioellabrador.cl\\\/index.php\\\/2025\\\/08\\\/11\\\/gobierno-de-santiago-impulsa-expo-agua-2025-para-combatir-la-crisis-hidrica-con-innovacion-y-colaboracion\\\/#breadcrumb\"},\"inLanguage\":\"es\",\"potentialAction\":[{\"@type\":\"ReadAction\",\"target\":[\"https:\\\/\\\/diarioellabrador.cl\\\/index.php\\\/2025\\\/08\\\/11\\\/gobierno-de-santiago-impulsa-expo-agua-2025-para-combatir-la-crisis-hidrica-con-innovacion-y-colaboracion\\\/\"]}]},{\"@type\":\"ImageObject\",\"inLanguage\":\"es\",\"@id\":\"https:\\\/\\\/diarioellabrador.cl\\\/index.php\\\/2025\\\/08\\\/11\\\/gobierno-de-santiago-impulsa-expo-agua-2025-para-combatir-la-crisis-hidrica-con-innovacion-y-colaboracion\\\/#primaryimage\",\"url\":\"https:\\\/\\\/diarioellabrador.cl\\\/wp-content\\\/uploads\\\/2025\\\/08\\\/Gobierno-de-Santiago-impulsa-Expo-Agua-2025-para-combatir-la-crisis-hidrica-con-innovacion-y-colaboracion-1.jpeg\",\"contentUrl\":\"https:\\\/\\\/diarioellabrador.cl\\\/wp-content\\\/uploads\\\/2025\\\/08\\\/Gobierno-de-Santiago-impulsa-Expo-Agua-2025-para-combatir-la-crisis-hidrica-con-innovacion-y-colaboracion-1.jpeg\",\"width\":1200,\"height\":800},{\"@type\":\"BreadcrumbList\",\"@id\":\"https:\\\/\\\/diarioellabrador.cl\\\/index.php\\\/2025\\\/08\\\/11\\\/gobierno-de-santiago-impulsa-expo-agua-2025-para-combatir-la-crisis-hidrica-con-innovacion-y-colaboracion\\\/#breadcrumb\",\"itemListElement\":[{\"@type\":\"ListItem\",\"position\":1,\"name\":\"Portada\",\"item\":\"https:\\\/\\\/diarioellabrador.cl\\\/\"},{\"@type\":\"ListItem\",\"position\":2,\"name\":\"Gobierno de Santiago impulsa Expo Agua 2025 para combatir la crisis h\u00eddrica con innovaci\u00f3n y colaboraci\u00f3n\u00a0\"}]},{\"@type\":\"WebSite\",\"@id\":\"https:\\\/\\\/diarioellabrador.cl\\\/#website\",\"url\":\"https:\\\/\\\/diarioellabrador.cl\\\/\",\"name\":\"Diario El Labrador\",\"description\":\"Haciendo noticia desde 1921\",\"publisher\":{\"@id\":\"https:\\\/\\\/diarioellabrador.cl\\\/#organization\"},\"potentialAction\":[{\"@type\":\"SearchAction\",\"target\":{\"@type\":\"EntryPoint\",\"urlTemplate\":\"https:\\\/\\\/diarioellabrador.cl\\\/?s={search_term_string}\"},\"query-input\":{\"@type\":\"PropertyValueSpecification\",\"valueRequired\":true,\"valueName\":\"search_term_string\"}}],\"inLanguage\":\"es\"},{\"@type\":\"Organization\",\"@id\":\"https:\\\/\\\/diarioellabrador.cl\\\/#organization\",\"name\":\"Diario El Labrador\",\"url\":\"https:\\\/\\\/diarioellabrador.cl\\\/\",\"logo\":{\"@type\":\"ImageObject\",\"inLanguage\":\"es\",\"@id\":\"https:\\\/\\\/diarioellabrador.cl\\\/#\\\/schema\\\/logo\\\/image\\\/\",\"url\":\"https:\\\/\\\/diarioellabrador.cl\\\/wp-content\\\/uploads\\\/2025\\\/02\\\/cropped-Logo-Icono.png\",\"contentUrl\":\"https:\\\/\\\/diarioellabrador.cl\\\/wp-content\\\/uploads\\\/2025\\\/02\\\/cropped-Logo-Icono.png\",\"width\":512,\"height\":512,\"caption\":\"Diario El Labrador\"},\"image\":{\"@id\":\"https:\\\/\\\/diarioellabrador.cl\\\/#\\\/schema\\\/logo\\\/image\\\/\"},\"sameAs\":[\"https:\\\/\\\/web.facebook.com\\\/profile.php?id=61576120840621\",\"https:\\\/\\\/x.com\\\/ElLabradorOf\",\"https:\\\/\\\/www.instagram.com\\\/diarioellabradoroficial\\\/\"]},{\"@type\":\"Person\",\"@id\":\"https:\\\/\\\/diarioellabrador.cl\\\/#\\\/schema\\\/person\\\/bc25ff80b4563f9c7f4bd7855df01685\",\"name\":\"Editor\",\"image\":{\"@type\":\"ImageObject\",\"inLanguage\":\"es\",\"@id\":\"https:\\\/\\\/secure.gravatar.com\\\/avatar\\\/109c326cf2be5c04f048c2c2a2b8b6ef44bf3d8d1d3d4c55d0ac40c4bc994684?s=96&d=mm&r=g\",\"url\":\"https:\\\/\\\/secure.gravatar.com\\\/avatar\\\/109c326cf2be5c04f048c2c2a2b8b6ef44bf3d8d1d3d4c55d0ac40c4bc994684?s=96&d=mm&r=g\",\"contentUrl\":\"https:\\\/\\\/secure.gravatar.com\\\/avatar\\\/109c326cf2be5c04f048c2c2a2b8b6ef44bf3d8d1d3d4c55d0ac40c4bc994684?s=96&d=mm&r=g\",\"caption\":\"Editor\"},\"url\":\"https:\\\/\\\/diarioellabrador.cl\\\/index.php\\\/author\\\/editor\\\/\"}]}<\/script>\n<!-- \/ Yoast SEO plugin. -->","yoast_head_json":{"title":"Gobierno de Santiago impulsa Expo Agua 2025 para combatir la crisis h\u00eddrica con innovaci\u00f3n y colaboraci\u00f3n\u00a0 - Diario El Labrador","robots":{"index":"index","follow":"follow","max-snippet":"max-snippet:-1","max-image-preview":"max-image-preview:large","max-video-preview":"max-video-preview:-1"},"canonical":"https:\/\/diarioellabrador.cl\/index.php\/2025\/08\/11\/gobierno-de-santiago-impulsa-expo-agua-2025-para-combatir-la-crisis-hidrica-con-innovacion-y-colaboracion\/","og_locale":"es_ES","og_type":"article","og_title":"Gobierno de Santiago impulsa Expo Agua 2025 para combatir la crisis h\u00eddrica con innovaci\u00f3n y colaboraci\u00f3n\u00a0 - Diario El Labrador","og_description":"Organizada por el Gobierno de Santiago, el Fondo de Agua Santiago-Maipo e Interexpo, la Expo Agua Santiago 2025 se alza como un espacio clave para encontrar soluciones concretas y colaborativas frente a la crisis h\u00eddrica. Esta quinta versi\u00f3n se realizar\u00e1 los d\u00edas 13 y 14 de agosto, en conjunto con el XVIII Foro de la Leer m\u00e1s","og_url":"https:\/\/diarioellabrador.cl\/index.php\/2025\/08\/11\/gobierno-de-santiago-impulsa-expo-agua-2025-para-combatir-la-crisis-hidrica-con-innovacion-y-colaboracion\/","og_site_name":"Diario El Labrador","article_publisher":"https:\/\/web.facebook.com\/profile.php?id=61576120840621","article_published_time":"2025-08-11T22:40:34+00:00","article_modified_time":"2025-08-11T22:40:35+00:00","og_image":[{"width":1200,"height":800,"url":"https:\/\/diarioellabrador.cl\/wp-content\/uploads\/2025\/08\/Gobierno-de-Santiago-impulsa-Expo-Agua-2025-para-combatir-la-crisis-hidrica-con-innovacion-y-colaboracion-1.jpeg","type":"image\/jpeg"}],"author":"Editor","twitter_card":"summary_large_image","twitter_creator":"@ElLabradorOf","twitter_site":"@ElLabradorOf","twitter_misc":{"Escrito por":"Editor","Tiempo de lectura":"3 minutos"},"schema":{"@context":"https:\/\/schema.org","@graph":[{"@type":"Article","@id":"https:\/\/diarioellabrador.cl\/index.php\/2025\/08\/11\/gobierno-de-santiago-impulsa-expo-agua-2025-para-combatir-la-crisis-hidrica-con-innovacion-y-colaboracion\/#article","isPartOf":{"@id":"https:\/\/diarioellabrador.cl\/index.php\/2025\/08\/11\/gobierno-de-santiago-impulsa-expo-agua-2025-para-combatir-la-crisis-hidrica-con-innovacion-y-colaboracion\/"},"author":{"name":"Editor","@id":"https:\/\/diarioellabrador.cl\/#\/schema\/person\/bc25ff80b4563f9c7f4bd7855df01685"},"headline":"Gobierno de Santiago impulsa Expo Agua 2025 para combatir la crisis h\u00eddrica con innovaci\u00f3n y colaboraci\u00f3n\u00a0","datePublished":"2025-08-11T22:40:34+00:00","dateModified":"2025-08-11T22:40:35+00:00","mainEntityOfPage":{"@id":"https:\/\/diarioellabrador.cl\/index.php\/2025\/08\/11\/gobierno-de-santiago-impulsa-expo-agua-2025-para-combatir-la-crisis-hidrica-con-innovacion-y-colaboracion\/"},"wordCount":578,"commentCount":0,"publisher":{"@id":"https:\/\/diarioellabrador.cl\/#organization"},"image":{"@id":"https:\/\/diarioellabrador.cl\/index.php\/2025\/08\/11\/gobierno-de-santiago-impulsa-expo-agua-2025-para-combatir-la-crisis-hidrica-con-innovacion-y-colaboracion\/#primaryimage"},"thumbnailUrl":"https:\/\/diarioellabrador.cl\/wp-content\/uploads\/2025\/08\/Gobierno-de-Santiago-impulsa-Expo-Agua-2025-para-combatir-la-crisis-hidrica-con-innovacion-y-colaboracion-1.jpeg","articleSection":["Cr\u00f3nica"],"inLanguage":"es","potentialAction":[{"@type":"CommentAction","name":"Comment","target":["https:\/\/diarioellabrador.cl\/index.php\/2025\/08\/11\/gobierno-de-santiago-impulsa-expo-agua-2025-para-combatir-la-crisis-hidrica-con-innovacion-y-colaboracion\/#respond"]}]},{"@type":"WebPage","@id":"https:\/\/diarioellabrador.cl\/index.php\/2025\/08\/11\/gobierno-de-santiago-impulsa-expo-agua-2025-para-combatir-la-crisis-hidrica-con-innovacion-y-colaboracion\/","url":"https:\/\/diarioellabrador.cl\/index.php\/2025\/08\/11\/gobierno-de-santiago-impulsa-expo-agua-2025-para-combatir-la-crisis-hidrica-con-innovacion-y-colaboracion\/","name":"Gobierno de Santiago impulsa Expo Agua 2025 para combatir la crisis h\u00eddrica con innovaci\u00f3n y colaboraci\u00f3n\u00a0 - Diario El Labrador","isPartOf":{"@id":"https:\/\/diarioellabrador.cl\/#website"},"primaryImageOfPage":{"@id":"https:\/\/diarioellabrador.cl\/index.php\/2025\/08\/11\/gobierno-de-santiago-impulsa-expo-agua-2025-para-combatir-la-crisis-hidrica-con-innovacion-y-colaboracion\/#primaryimage"},"image":{"@id":"https:\/\/diarioellabrador.cl\/index.php\/2025\/08\/11\/gobierno-de-santiago-impulsa-expo-agua-2025-para-combatir-la-crisis-hidrica-con-innovacion-y-colaboracion\/#primaryimage"},"thumbnailUrl":"https:\/\/diarioellabrador.cl\/wp-content\/uploads\/2025\/08\/Gobierno-de-Santiago-impulsa-Expo-Agua-2025-para-combatir-la-crisis-hidrica-con-innovacion-y-colaboracion-1.jpeg","datePublished":"2025-08-11T22:40:34+00:00","dateModified":"2025-08-11T22:40:35+00:00","breadcrumb":{"@id":"https:\/\/diarioellabrador.cl\/index.php\/2025\/08\/11\/gobierno-de-santiago-impulsa-expo-agua-2025-para-combatir-la-crisis-hidrica-con-innovacion-y-colaboracion\/#breadcrumb"},"inLanguage":"es","potentialAction":[{"@type":"ReadAction","target":["https:\/\/diarioellabrador.cl\/index.php\/2025\/08\/11\/gobierno-de-santiago-impulsa-expo-agua-2025-para-combatir-la-crisis-hidrica-con-innovacion-y-colaboracion\/"]}]},{"@type":"ImageObject","inLanguage":"es","@id":"https:\/\/diarioellabrador.cl\/index.php\/2025\/08\/11\/gobierno-de-santiago-impulsa-expo-agua-2025-para-combatir-la-crisis-hidrica-con-innovacion-y-colaboracion\/#primaryimage","url":"https:\/\/diarioellabrador.cl\/wp-content\/uploads\/2025\/08\/Gobierno-de-Santiago-impulsa-Expo-Agua-2025-para-combatir-la-crisis-hidrica-con-innovacion-y-colaboracion-1.jpeg","contentUrl":"https:\/\/diarioellabrador.cl\/wp-content\/uploads\/2025\/08\/Gobierno-de-Santiago-impulsa-Expo-Agua-2025-para-combatir-la-crisis-hidrica-con-innovacion-y-colaboracion-1.jpeg","width":1200,"height":800},{"@type":"BreadcrumbList","@id":"https:\/\/diarioellabrador.cl\/index.php\/2025\/08\/11\/gobierno-de-santiago-impulsa-expo-agua-2025-para-combatir-la-crisis-hidrica-con-innovacion-y-colaboracion\/#breadcrumb","itemListElement":[{"@type":"ListItem","position":1,"name":"Portada","item":"https:\/\/diarioellabrador.cl\/"},{"@type":"ListItem","position":2,"name":"Gobierno de Santiago impulsa Expo Agua 2025 para combatir la crisis h\u00eddrica con innovaci\u00f3n y colaboraci\u00f3n\u00a0"}]},{"@type":"WebSite","@id":"https:\/\/diarioellabrador.cl\/#website","url":"https:\/\/diarioellabrador.cl\/","name":"Diario El Labrador","description":"Haciendo noticia desde 1921","publisher":{"@id":"https:\/\/diarioellabrador.cl\/#organization"},"potentialAction":[{"@type":"SearchAction","target":{"@type":"EntryPoint","urlTemplate":"https:\/\/diarioellabrador.cl\/?s={search_term_string}"},"query-input":{"@type":"PropertyValueSpecification","valueRequired":true,"valueName":"search_term_string"}}],"inLanguage":"es"},{"@type":"Organization","@id":"https:\/\/diarioellabrador.cl\/#organization","name":"Diario El Labrador","url":"https:\/\/diarioellabrador.cl\/","logo":{"@type":"ImageObject","inLanguage":"es","@id":"https:\/\/diarioellabrador.cl\/#\/schema\/logo\/image\/","url":"https:\/\/diarioellabrador.cl\/wp-content\/uploads\/2025\/02\/cropped-Logo-Icono.png","contentUrl":"https:\/\/diarioellabrador.cl\/wp-content\/uploads\/2025\/02\/cropped-Logo-Icono.png","width":512,"height":512,"caption":"Diario El Labrador"},"image":{"@id":"https:\/\/diarioellabrador.cl\/#\/schema\/logo\/image\/"},"sameAs":["https:\/\/web.facebook.com\/profile.php?id=61576120840621","https:\/\/x.com\/ElLabradorOf","https:\/\/www.instagram.com\/diarioellabradoroficial\/"]},{"@type":"Person","@id":"https:\/\/diarioellabrador.cl\/#\/schema\/person\/bc25ff80b4563f9c7f4bd7855df01685","name":"Editor","image":{"@type":"ImageObject","inLanguage":"es","@id":"https:\/\/secure.gravatar.com\/avatar\/109c326cf2be5c04f048c2c2a2b8b6ef44bf3d8d1d3d4c55d0ac40c4bc994684?s=96&d=mm&r=g","url":"https:\/\/secure.gravatar.com\/avatar\/109c326cf2be5c04f048c2c2a2b8b6ef44bf3d8d1d3d4c55d0ac40c4bc994684?s=96&d=mm&r=g","contentUrl":"https:\/\/secure.gravatar.com\/avatar\/109c326cf2be5c04f048c2c2a2b8b6ef44bf3d8d1d3d4c55d0ac40c4bc994684?s=96&d=mm&r=g","caption":"Editor"},"url":"https:\/\/diarioellabrador.cl\/index.php\/author\/editor\/"}]}},"_links":{"self":[{"href":"https:\/\/diarioellabrador.cl\/index.php\/wp-json\/wp\/v2\/posts\/6939","targetHints":{"allow":["GET"]}}],"collection":[{"href":"https:\/\/diarioellabrador.cl\/index.php\/wp-json\/wp\/v2\/posts"}],"about":[{"href":"https:\/\/diarioellabrador.cl\/index.php\/wp-json\/wp\/v2\/types\/post"}],"author":[{"embeddable":true,"href":"https:\/\/diarioellabrador.cl\/index.php\/wp-json\/wp\/v2\/users\/2"}],"replies":[{"embeddable":true,"href":"https:\/\/diarioellabrador.cl\/index.php\/wp-json\/wp\/v2\/comments?post=6939"}],"version-history":[{"count":1,"href":"https:\/\/diarioellabrador.cl\/index.php\/wp-json\/wp\/v2\/posts\/6939\/revisions"}],"predecessor-version":[{"id":6940,"href":"https:\/\/diarioellabrador.cl\/index.php\/wp-json\/wp\/v2\/posts\/6939\/revisions\/6940"}],"wp:featuredmedia":[{"embeddable":true,"href":"https:\/\/diarioellabrador.cl\/index.php\/wp-json\/wp\/v2\/media\/6911"}],"wp:attachment":[{"href":"https:\/\/diarioellabrador.cl\/index.php\/wp-json\/wp\/v2\/media?parent=6939"}],"wp:term":[{"taxonomy":"category","embeddable":true,"href":"https:\/\/diarioellabrador.cl\/index.php\/wp-json\/wp\/v2\/categories?post=6939"},{"taxonomy":"post_tag","embeddable":true,"href":"https:\/\/diarioellabrador.cl\/index.php\/wp-json\/wp\/v2\/tags?post=6939"}],"curies":[{"name":"wp","href":"https:\/\/api.w.org\/{rel}","templated":true}]}}