{"id":6882,"date":"2025-08-09T16:53:17","date_gmt":"2025-08-09T20:53:17","guid":{"rendered":"https:\/\/diarioellabrador.cl\/?p=6882"},"modified":"2025-08-09T16:53:18","modified_gmt":"2025-08-09T20:53:18","slug":"padre-de-valentina-maureira-no-baja-los-brazos-y-entrega-carta-n-34-al-presidente-boric-para-avanzar-en-las-tareas-encomendadas-por-su-hija","status":"publish","type":"post","link":"https:\/\/diarioellabrador.cl\/index.php\/2025\/08\/09\/padre-de-valentina-maureira-no-baja-los-brazos-y-entrega-carta-n-34-al-presidente-boric-para-avanzar-en-las-tareas-encomendadas-por-su-hija\/","title":{"rendered":"Padre de Valentina Maureira no baja los brazos y entrega carta n\u00b0 34 al presidente Boric para avanzar en las tareas encomendadas por su hija"},"content":{"rendered":"\n<p>A pesar de la frustraci\u00f3n por las tareas encomendadas por su hija Valentina, fallecida hace diez a\u00f1os a causa de una Fibrosis Qu\u00edstica, cuyo caso conmocion\u00f3 a nivel nacional, luego que la adolescente solicitara a la entonces presidenta Bachelet la eutanasia, su padre, Freddy Maureira, contin\u00faa su lucha por cumplir.<\/p>\n\n\n\n<p>Esta semana ingres\u00f3 una nueva carta dirigida al presidente Gabriel Boric, dando a conocer las tareas encomendadas por su hija, en cuanto a la creaci\u00f3n de casas de acogida para familias de ni\u00f1os con enfermedades raras o terminales, junto con fortalecer las pol\u00edticas p\u00fablicas en beneficio de quienes padecen este tipo de padecimientos y sus familias.<\/p>\n\n\n\n<p>En conversaci\u00f3n con Radio Sombras de Melipilla (107.9), Maureira dio a conocer en qu\u00e9 se encuentra y c\u00f3mo seguir\u00e1 hasta cumplir el compromiso adquirido con su hija.<\/p>\n\n\n\n<p>\u201cLas tareas que me dej\u00f3 Valentina me dejaron con energ\u00eda para seguir y cumplirlas, como seguir ayudando a la gente, y eso lo he mantenido durante los \u00faltimos 10 a\u00f1os, y he podido ayudar a m\u00e1s de 700 familias que est\u00e1n pasando lo que yo viv\u00ed, asesor\u00e1ndolos y ense\u00f1\u00e1ndoles lo que aprend\u00ed desde cero\u201d, indic\u00f3.<\/p>\n\n\n\n<p><strong>CARTAS A BORIC<\/strong><\/p>\n\n\n\n<p>Con el objetivo de impulsar medidas que vayan en beneficio de familias con enfermedades raras, Freddy ha solicitado en reiteradas oportunidades poder reunirse con el Presidente de la Rep\u00fablica, Gabriel Boric. A pesar de lo m\u00faltiples acercamientos con autoridades oficialistas y cercanas al mandatario, ese encuentro a\u00fan no se ha concretado.<\/p>\n\n\n\n<p>\u201cYo lo \u00fanico que quiero es hablar con el Presidente y preguntarle si me va a ayudar o no. Con cualquiera que sea su respuesta, me quedo tranquilo. De los presidentes, el \u00fanico que me contestaba el tel\u00e9fono y que incluso estuvo en uno de los cumplea\u00f1os de Valentina, fue el presidente Pi\u00f1era, siempre me recib\u00eda y apoyaba en la parte social\u201d, agreg\u00f3.<\/p>\n\n\n\n<p>En cuanto a los objetivos a concretar, sea como sea, y que fueron tareas encomendadas por su hija antes de morir est\u00e1n: organizar una corrida por la donaci\u00f3n de \u00f3rganos, una pel\u00edcula con su vida, la publicaci\u00f3n de un libro, y casas de acogida en los hospitales para las familias de ni\u00f1os y ni\u00f1as enfermos.<\/p>\n","protected":false},"excerpt":{"rendered":"<p>A pesar de la frustraci\u00f3n por las tareas encomendadas por su hija Valentina, fallecida hace diez a\u00f1os a causa de una Fibrosis Qu\u00edstica, cuyo caso conmocion\u00f3 a nivel nacional, luego que la adolescente solicitara a la entonces presidenta Bachelet la eutanasia, su padre, Freddy Maureira, contin\u00faa su lucha por cumplir. Esta semana ingres\u00f3 una nueva<\/p>\n<div class=\"read-more-wrapper\"><a class=\"read-more\" href=\"https:\/\/diarioellabrador.cl\/index.php\/2025\/08\/09\/padre-de-valentina-maureira-no-baja-los-brazos-y-entrega-carta-n-34-al-presidente-boric-para-avanzar-en-las-tareas-encomendadas-por-su-hija\/\" title=\"Leer m\u00e1s\"> <span class=\"button \">Leer m\u00e1s<\/span><\/a><\/div>\n","protected":false},"author":2,"featured_media":6822,"comment_status":"open","ping_status":"open","sticky":false,"template":"","format":"standard","meta":{"footnotes":""},"categories":[1],"tags":[],"class_list":["post-6882","post","type-post","status-publish","format-standard","has-post-thumbnail","hentry","category-cronica"],"yoast_head":"<!-- This site is optimized with the Yoast SEO plugin v27.5 - https:\/\/yoast.com\/product\/yoast-seo-wordpress\/ -->\n<title>Padre de Valentina Maureira no baja los brazos y entrega carta n\u00b0 34 al presidente Boric para avanzar en las tareas encomendadas por su hija - Diario El Labrador<\/title>\n<meta name=\"robots\" content=\"index, follow, max-snippet:-1, max-image-preview:large, max-video-preview:-1\" \/>\n<link rel=\"canonical\" href=\"https:\/\/diarioellabrador.cl\/index.php\/2025\/08\/09\/padre-de-valentina-maureira-no-baja-los-brazos-y-entrega-carta-n-34-al-presidente-boric-para-avanzar-en-las-tareas-encomendadas-por-su-hija\/\" \/>\n<meta property=\"og:locale\" content=\"es_ES\" \/>\n<meta property=\"og:type\" content=\"article\" \/>\n<meta property=\"og:title\" content=\"Padre de Valentina Maureira no baja los brazos y entrega carta n\u00b0 34 al presidente Boric para avanzar en las tareas encomendadas por su hija - Diario El Labrador\" \/>\n<meta property=\"og:description\" content=\"A pesar de la frustraci\u00f3n por las tareas encomendadas por su hija Valentina, fallecida hace diez a\u00f1os a causa de una Fibrosis Qu\u00edstica, cuyo caso conmocion\u00f3 a nivel nacional, luego que la adolescente solicitara a la entonces presidenta Bachelet la eutanasia, su padre, Freddy Maureira, contin\u00faa su lucha por cumplir. Esta semana ingres\u00f3 una nueva Leer m\u00e1s\" \/>\n<meta property=\"og:url\" content=\"https:\/\/diarioellabrador.cl\/index.php\/2025\/08\/09\/padre-de-valentina-maureira-no-baja-los-brazos-y-entrega-carta-n-34-al-presidente-boric-para-avanzar-en-las-tareas-encomendadas-por-su-hija\/\" \/>\n<meta property=\"og:site_name\" content=\"Diario El Labrador\" \/>\n<meta property=\"article:publisher\" content=\"https:\/\/web.facebook.com\/profile.php?id=61576120840621\" \/>\n<meta property=\"article:published_time\" content=\"2025-08-09T20:53:17+00:00\" \/>\n<meta property=\"article:modified_time\" content=\"2025-08-09T20:53:18+00:00\" \/>\n<meta property=\"og:image\" content=\"https:\/\/diarioellabrador.cl\/wp-content\/uploads\/2025\/08\/Padre-de-Valentina-Maureira-no-baja-los-brazos-y-entrega-carta-n\u00b0-34-al-presidente-Boric-para-avanzar-en-las-tareas-encomendadas-por-su-hija.jpeg\" \/>\n\t<meta property=\"og:image:width\" content=\"960\" \/>\n\t<meta property=\"og:image:height\" content=\"1280\" \/>\n\t<meta property=\"og:image:type\" content=\"image\/jpeg\" \/>\n<meta name=\"author\" content=\"Editor\" \/>\n<meta name=\"twitter:card\" content=\"summary_large_image\" \/>\n<meta name=\"twitter:creator\" content=\"@ElLabradorOf\" \/>\n<meta name=\"twitter:site\" content=\"@ElLabradorOf\" \/>\n<meta name=\"twitter:label1\" content=\"Escrito por\" \/>\n\t<meta name=\"twitter:data1\" content=\"Editor\" \/>\n\t<meta name=\"twitter:label2\" content=\"Tiempo de lectura\" \/>\n\t<meta name=\"twitter:data2\" content=\"2 minutos\" \/>\n<script type=\"application\/ld+json\" class=\"yoast-schema-graph\">{\"@context\":\"https:\\\/\\\/schema.org\",\"@graph\":[{\"@type\":\"Article\",\"@id\":\"https:\\\/\\\/diarioellabrador.cl\\\/index.php\\\/2025\\\/08\\\/09\\\/padre-de-valentina-maureira-no-baja-los-brazos-y-entrega-carta-n-34-al-presidente-boric-para-avanzar-en-las-tareas-encomendadas-por-su-hija\\\/#article\",\"isPartOf\":{\"@id\":\"https:\\\/\\\/diarioellabrador.cl\\\/index.php\\\/2025\\\/08\\\/09\\\/padre-de-valentina-maureira-no-baja-los-brazos-y-entrega-carta-n-34-al-presidente-boric-para-avanzar-en-las-tareas-encomendadas-por-su-hija\\\/\"},\"author\":{\"name\":\"Editor\",\"@id\":\"https:\\\/\\\/diarioellabrador.cl\\\/#\\\/schema\\\/person\\\/bc25ff80b4563f9c7f4bd7855df01685\"},\"headline\":\"Padre de Valentina Maureira no baja los brazos y entrega carta n\u00b0 34 al presidente Boric para avanzar en las tareas encomendadas por su hija\",\"datePublished\":\"2025-08-09T20:53:17+00:00\",\"dateModified\":\"2025-08-09T20:53:18+00:00\",\"mainEntityOfPage\":{\"@id\":\"https:\\\/\\\/diarioellabrador.cl\\\/index.php\\\/2025\\\/08\\\/09\\\/padre-de-valentina-maureira-no-baja-los-brazos-y-entrega-carta-n-34-al-presidente-boric-para-avanzar-en-las-tareas-encomendadas-por-su-hija\\\/\"},\"wordCount\":410,\"commentCount\":0,\"publisher\":{\"@id\":\"https:\\\/\\\/diarioellabrador.cl\\\/#organization\"},\"image\":{\"@id\":\"https:\\\/\\\/diarioellabrador.cl\\\/index.php\\\/2025\\\/08\\\/09\\\/padre-de-valentina-maureira-no-baja-los-brazos-y-entrega-carta-n-34-al-presidente-boric-para-avanzar-en-las-tareas-encomendadas-por-su-hija\\\/#primaryimage\"},\"thumbnailUrl\":\"https:\\\/\\\/diarioellabrador.cl\\\/wp-content\\\/uploads\\\/2025\\\/08\\\/Padre-de-Valentina-Maureira-no-baja-los-brazos-y-entrega-carta-n\u00b0-34-al-presidente-Boric-para-avanzar-en-las-tareas-encomendadas-por-su-hija.jpeg\",\"articleSection\":[\"Cr\u00f3nica\"],\"inLanguage\":\"es\",\"potentialAction\":[{\"@type\":\"CommentAction\",\"name\":\"Comment\",\"target\":[\"https:\\\/\\\/diarioellabrador.cl\\\/index.php\\\/2025\\\/08\\\/09\\\/padre-de-valentina-maureira-no-baja-los-brazos-y-entrega-carta-n-34-al-presidente-boric-para-avanzar-en-las-tareas-encomendadas-por-su-hija\\\/#respond\"]}]},{\"@type\":\"WebPage\",\"@id\":\"https:\\\/\\\/diarioellabrador.cl\\\/index.php\\\/2025\\\/08\\\/09\\\/padre-de-valentina-maureira-no-baja-los-brazos-y-entrega-carta-n-34-al-presidente-boric-para-avanzar-en-las-tareas-encomendadas-por-su-hija\\\/\",\"url\":\"https:\\\/\\\/diarioellabrador.cl\\\/index.php\\\/2025\\\/08\\\/09\\\/padre-de-valentina-maureira-no-baja-los-brazos-y-entrega-carta-n-34-al-presidente-boric-para-avanzar-en-las-tareas-encomendadas-por-su-hija\\\/\",\"name\":\"Padre de Valentina Maureira no baja los brazos y entrega carta n\u00b0 34 al presidente Boric para avanzar en las tareas encomendadas por su hija - Diario El Labrador\",\"isPartOf\":{\"@id\":\"https:\\\/\\\/diarioellabrador.cl\\\/#website\"},\"primaryImageOfPage\":{\"@id\":\"https:\\\/\\\/diarioellabrador.cl\\\/index.php\\\/2025\\\/08\\\/09\\\/padre-de-valentina-maureira-no-baja-los-brazos-y-entrega-carta-n-34-al-presidente-boric-para-avanzar-en-las-tareas-encomendadas-por-su-hija\\\/#primaryimage\"},\"image\":{\"@id\":\"https:\\\/\\\/diarioellabrador.cl\\\/index.php\\\/2025\\\/08\\\/09\\\/padre-de-valentina-maureira-no-baja-los-brazos-y-entrega-carta-n-34-al-presidente-boric-para-avanzar-en-las-tareas-encomendadas-por-su-hija\\\/#primaryimage\"},\"thumbnailUrl\":\"https:\\\/\\\/diarioellabrador.cl\\\/wp-content\\\/uploads\\\/2025\\\/08\\\/Padre-de-Valentina-Maureira-no-baja-los-brazos-y-entrega-carta-n\u00b0-34-al-presidente-Boric-para-avanzar-en-las-tareas-encomendadas-por-su-hija.jpeg\",\"datePublished\":\"2025-08-09T20:53:17+00:00\",\"dateModified\":\"2025-08-09T20:53:18+00:00\",\"breadcrumb\":{\"@id\":\"https:\\\/\\\/diarioellabrador.cl\\\/index.php\\\/2025\\\/08\\\/09\\\/padre-de-valentina-maureira-no-baja-los-brazos-y-entrega-carta-n-34-al-presidente-boric-para-avanzar-en-las-tareas-encomendadas-por-su-hija\\\/#breadcrumb\"},\"inLanguage\":\"es\",\"potentialAction\":[{\"@type\":\"ReadAction\",\"target\":[\"https:\\\/\\\/diarioellabrador.cl\\\/index.php\\\/2025\\\/08\\\/09\\\/padre-de-valentina-maureira-no-baja-los-brazos-y-entrega-carta-n-34-al-presidente-boric-para-avanzar-en-las-tareas-encomendadas-por-su-hija\\\/\"]}]},{\"@type\":\"ImageObject\",\"inLanguage\":\"es\",\"@id\":\"https:\\\/\\\/diarioellabrador.cl\\\/index.php\\\/2025\\\/08\\\/09\\\/padre-de-valentina-maureira-no-baja-los-brazos-y-entrega-carta-n-34-al-presidente-boric-para-avanzar-en-las-tareas-encomendadas-por-su-hija\\\/#primaryimage\",\"url\":\"https:\\\/\\\/diarioellabrador.cl\\\/wp-content\\\/uploads\\\/2025\\\/08\\\/Padre-de-Valentina-Maureira-no-baja-los-brazos-y-entrega-carta-n\u00b0-34-al-presidente-Boric-para-avanzar-en-las-tareas-encomendadas-por-su-hija.jpeg\",\"contentUrl\":\"https:\\\/\\\/diarioellabrador.cl\\\/wp-content\\\/uploads\\\/2025\\\/08\\\/Padre-de-Valentina-Maureira-no-baja-los-brazos-y-entrega-carta-n\u00b0-34-al-presidente-Boric-para-avanzar-en-las-tareas-encomendadas-por-su-hija.jpeg\",\"width\":960,\"height\":1280},{\"@type\":\"BreadcrumbList\",\"@id\":\"https:\\\/\\\/diarioellabrador.cl\\\/index.php\\\/2025\\\/08\\\/09\\\/padre-de-valentina-maureira-no-baja-los-brazos-y-entrega-carta-n-34-al-presidente-boric-para-avanzar-en-las-tareas-encomendadas-por-su-hija\\\/#breadcrumb\",\"itemListElement\":[{\"@type\":\"ListItem\",\"position\":1,\"name\":\"Portada\",\"item\":\"https:\\\/\\\/diarioellabrador.cl\\\/\"},{\"@type\":\"ListItem\",\"position\":2,\"name\":\"Padre de Valentina Maureira no baja los brazos y entrega carta n\u00b0 34 al presidente Boric para avanzar en las tareas encomendadas por su hija\"}]},{\"@type\":\"WebSite\",\"@id\":\"https:\\\/\\\/diarioellabrador.cl\\\/#website\",\"url\":\"https:\\\/\\\/diarioellabrador.cl\\\/\",\"name\":\"Diario El Labrador\",\"description\":\"Haciendo noticia desde 1921\",\"publisher\":{\"@id\":\"https:\\\/\\\/diarioellabrador.cl\\\/#organization\"},\"potentialAction\":[{\"@type\":\"SearchAction\",\"target\":{\"@type\":\"EntryPoint\",\"urlTemplate\":\"https:\\\/\\\/diarioellabrador.cl\\\/?s={search_term_string}\"},\"query-input\":{\"@type\":\"PropertyValueSpecification\",\"valueRequired\":true,\"valueName\":\"search_term_string\"}}],\"inLanguage\":\"es\"},{\"@type\":\"Organization\",\"@id\":\"https:\\\/\\\/diarioellabrador.cl\\\/#organization\",\"name\":\"Diario El Labrador\",\"url\":\"https:\\\/\\\/diarioellabrador.cl\\\/\",\"logo\":{\"@type\":\"ImageObject\",\"inLanguage\":\"es\",\"@id\":\"https:\\\/\\\/diarioellabrador.cl\\\/#\\\/schema\\\/logo\\\/image\\\/\",\"url\":\"https:\\\/\\\/diarioellabrador.cl\\\/wp-content\\\/uploads\\\/2025\\\/02\\\/cropped-Logo-Icono.png\",\"contentUrl\":\"https:\\\/\\\/diarioellabrador.cl\\\/wp-content\\\/uploads\\\/2025\\\/02\\\/cropped-Logo-Icono.png\",\"width\":512,\"height\":512,\"caption\":\"Diario El Labrador\"},\"image\":{\"@id\":\"https:\\\/\\\/diarioellabrador.cl\\\/#\\\/schema\\\/logo\\\/image\\\/\"},\"sameAs\":[\"https:\\\/\\\/web.facebook.com\\\/profile.php?id=61576120840621\",\"https:\\\/\\\/x.com\\\/ElLabradorOf\",\"https:\\\/\\\/www.instagram.com\\\/diarioellabradoroficial\\\/\"]},{\"@type\":\"Person\",\"@id\":\"https:\\\/\\\/diarioellabrador.cl\\\/#\\\/schema\\\/person\\\/bc25ff80b4563f9c7f4bd7855df01685\",\"name\":\"Editor\",\"image\":{\"@type\":\"ImageObject\",\"inLanguage\":\"es\",\"@id\":\"https:\\\/\\\/secure.gravatar.com\\\/avatar\\\/109c326cf2be5c04f048c2c2a2b8b6ef44bf3d8d1d3d4c55d0ac40c4bc994684?s=96&d=mm&r=g\",\"url\":\"https:\\\/\\\/secure.gravatar.com\\\/avatar\\\/109c326cf2be5c04f048c2c2a2b8b6ef44bf3d8d1d3d4c55d0ac40c4bc994684?s=96&d=mm&r=g\",\"contentUrl\":\"https:\\\/\\\/secure.gravatar.com\\\/avatar\\\/109c326cf2be5c04f048c2c2a2b8b6ef44bf3d8d1d3d4c55d0ac40c4bc994684?s=96&d=mm&r=g\",\"caption\":\"Editor\"},\"url\":\"https:\\\/\\\/diarioellabrador.cl\\\/index.php\\\/author\\\/editor\\\/\"}]}<\/script>\n<!-- \/ Yoast SEO plugin. -->","yoast_head_json":{"title":"Padre de Valentina Maureira no baja los brazos y entrega carta n\u00b0 34 al presidente Boric para avanzar en las tareas encomendadas por su hija - Diario El Labrador","robots":{"index":"index","follow":"follow","max-snippet":"max-snippet:-1","max-image-preview":"max-image-preview:large","max-video-preview":"max-video-preview:-1"},"canonical":"https:\/\/diarioellabrador.cl\/index.php\/2025\/08\/09\/padre-de-valentina-maureira-no-baja-los-brazos-y-entrega-carta-n-34-al-presidente-boric-para-avanzar-en-las-tareas-encomendadas-por-su-hija\/","og_locale":"es_ES","og_type":"article","og_title":"Padre de Valentina Maureira no baja los brazos y entrega carta n\u00b0 34 al presidente Boric para avanzar en las tareas encomendadas por su hija - Diario El Labrador","og_description":"A pesar de la frustraci\u00f3n por las tareas encomendadas por su hija Valentina, fallecida hace diez a\u00f1os a causa de una Fibrosis Qu\u00edstica, cuyo caso conmocion\u00f3 a nivel nacional, luego que la adolescente solicitara a la entonces presidenta Bachelet la eutanasia, su padre, Freddy Maureira, contin\u00faa su lucha por cumplir. Esta semana ingres\u00f3 una nueva Leer m\u00e1s","og_url":"https:\/\/diarioellabrador.cl\/index.php\/2025\/08\/09\/padre-de-valentina-maureira-no-baja-los-brazos-y-entrega-carta-n-34-al-presidente-boric-para-avanzar-en-las-tareas-encomendadas-por-su-hija\/","og_site_name":"Diario El Labrador","article_publisher":"https:\/\/web.facebook.com\/profile.php?id=61576120840621","article_published_time":"2025-08-09T20:53:17+00:00","article_modified_time":"2025-08-09T20:53:18+00:00","og_image":[{"width":960,"height":1280,"url":"https:\/\/diarioellabrador.cl\/wp-content\/uploads\/2025\/08\/Padre-de-Valentina-Maureira-no-baja-los-brazos-y-entrega-carta-n\u00b0-34-al-presidente-Boric-para-avanzar-en-las-tareas-encomendadas-por-su-hija.jpeg","type":"image\/jpeg"}],"author":"Editor","twitter_card":"summary_large_image","twitter_creator":"@ElLabradorOf","twitter_site":"@ElLabradorOf","twitter_misc":{"Escrito por":"Editor","Tiempo de lectura":"2 minutos"},"schema":{"@context":"https:\/\/schema.org","@graph":[{"@type":"Article","@id":"https:\/\/diarioellabrador.cl\/index.php\/2025\/08\/09\/padre-de-valentina-maureira-no-baja-los-brazos-y-entrega-carta-n-34-al-presidente-boric-para-avanzar-en-las-tareas-encomendadas-por-su-hija\/#article","isPartOf":{"@id":"https:\/\/diarioellabrador.cl\/index.php\/2025\/08\/09\/padre-de-valentina-maureira-no-baja-los-brazos-y-entrega-carta-n-34-al-presidente-boric-para-avanzar-en-las-tareas-encomendadas-por-su-hija\/"},"author":{"name":"Editor","@id":"https:\/\/diarioellabrador.cl\/#\/schema\/person\/bc25ff80b4563f9c7f4bd7855df01685"},"headline":"Padre de Valentina Maureira no baja los brazos y entrega carta n\u00b0 34 al presidente Boric para avanzar en las tareas encomendadas por su hija","datePublished":"2025-08-09T20:53:17+00:00","dateModified":"2025-08-09T20:53:18+00:00","mainEntityOfPage":{"@id":"https:\/\/diarioellabrador.cl\/index.php\/2025\/08\/09\/padre-de-valentina-maureira-no-baja-los-brazos-y-entrega-carta-n-34-al-presidente-boric-para-avanzar-en-las-tareas-encomendadas-por-su-hija\/"},"wordCount":410,"commentCount":0,"publisher":{"@id":"https:\/\/diarioellabrador.cl\/#organization"},"image":{"@id":"https:\/\/diarioellabrador.cl\/index.php\/2025\/08\/09\/padre-de-valentina-maureira-no-baja-los-brazos-y-entrega-carta-n-34-al-presidente-boric-para-avanzar-en-las-tareas-encomendadas-por-su-hija\/#primaryimage"},"thumbnailUrl":"https:\/\/diarioellabrador.cl\/wp-content\/uploads\/2025\/08\/Padre-de-Valentina-Maureira-no-baja-los-brazos-y-entrega-carta-n\u00b0-34-al-presidente-Boric-para-avanzar-en-las-tareas-encomendadas-por-su-hija.jpeg","articleSection":["Cr\u00f3nica"],"inLanguage":"es","potentialAction":[{"@type":"CommentAction","name":"Comment","target":["https:\/\/diarioellabrador.cl\/index.php\/2025\/08\/09\/padre-de-valentina-maureira-no-baja-los-brazos-y-entrega-carta-n-34-al-presidente-boric-para-avanzar-en-las-tareas-encomendadas-por-su-hija\/#respond"]}]},{"@type":"WebPage","@id":"https:\/\/diarioellabrador.cl\/index.php\/2025\/08\/09\/padre-de-valentina-maureira-no-baja-los-brazos-y-entrega-carta-n-34-al-presidente-boric-para-avanzar-en-las-tareas-encomendadas-por-su-hija\/","url":"https:\/\/diarioellabrador.cl\/index.php\/2025\/08\/09\/padre-de-valentina-maureira-no-baja-los-brazos-y-entrega-carta-n-34-al-presidente-boric-para-avanzar-en-las-tareas-encomendadas-por-su-hija\/","name":"Padre de Valentina Maureira no baja los brazos y entrega carta n\u00b0 34 al presidente Boric para avanzar en las tareas encomendadas por su hija - Diario El Labrador","isPartOf":{"@id":"https:\/\/diarioellabrador.cl\/#website"},"primaryImageOfPage":{"@id":"https:\/\/diarioellabrador.cl\/index.php\/2025\/08\/09\/padre-de-valentina-maureira-no-baja-los-brazos-y-entrega-carta-n-34-al-presidente-boric-para-avanzar-en-las-tareas-encomendadas-por-su-hija\/#primaryimage"},"image":{"@id":"https:\/\/diarioellabrador.cl\/index.php\/2025\/08\/09\/padre-de-valentina-maureira-no-baja-los-brazos-y-entrega-carta-n-34-al-presidente-boric-para-avanzar-en-las-tareas-encomendadas-por-su-hija\/#primaryimage"},"thumbnailUrl":"https:\/\/diarioellabrador.cl\/wp-content\/uploads\/2025\/08\/Padre-de-Valentina-Maureira-no-baja-los-brazos-y-entrega-carta-n\u00b0-34-al-presidente-Boric-para-avanzar-en-las-tareas-encomendadas-por-su-hija.jpeg","datePublished":"2025-08-09T20:53:17+00:00","dateModified":"2025-08-09T20:53:18+00:00","breadcrumb":{"@id":"https:\/\/diarioellabrador.cl\/index.php\/2025\/08\/09\/padre-de-valentina-maureira-no-baja-los-brazos-y-entrega-carta-n-34-al-presidente-boric-para-avanzar-en-las-tareas-encomendadas-por-su-hija\/#breadcrumb"},"inLanguage":"es","potentialAction":[{"@type":"ReadAction","target":["https:\/\/diarioellabrador.cl\/index.php\/2025\/08\/09\/padre-de-valentina-maureira-no-baja-los-brazos-y-entrega-carta-n-34-al-presidente-boric-para-avanzar-en-las-tareas-encomendadas-por-su-hija\/"]}]},{"@type":"ImageObject","inLanguage":"es","@id":"https:\/\/diarioellabrador.cl\/index.php\/2025\/08\/09\/padre-de-valentina-maureira-no-baja-los-brazos-y-entrega-carta-n-34-al-presidente-boric-para-avanzar-en-las-tareas-encomendadas-por-su-hija\/#primaryimage","url":"https:\/\/diarioellabrador.cl\/wp-content\/uploads\/2025\/08\/Padre-de-Valentina-Maureira-no-baja-los-brazos-y-entrega-carta-n\u00b0-34-al-presidente-Boric-para-avanzar-en-las-tareas-encomendadas-por-su-hija.jpeg","contentUrl":"https:\/\/diarioellabrador.cl\/wp-content\/uploads\/2025\/08\/Padre-de-Valentina-Maureira-no-baja-los-brazos-y-entrega-carta-n\u00b0-34-al-presidente-Boric-para-avanzar-en-las-tareas-encomendadas-por-su-hija.jpeg","width":960,"height":1280},{"@type":"BreadcrumbList","@id":"https:\/\/diarioellabrador.cl\/index.php\/2025\/08\/09\/padre-de-valentina-maureira-no-baja-los-brazos-y-entrega-carta-n-34-al-presidente-boric-para-avanzar-en-las-tareas-encomendadas-por-su-hija\/#breadcrumb","itemListElement":[{"@type":"ListItem","position":1,"name":"Portada","item":"https:\/\/diarioellabrador.cl\/"},{"@type":"ListItem","position":2,"name":"Padre de Valentina Maureira no baja los brazos y entrega carta n\u00b0 34 al presidente Boric para avanzar en las tareas encomendadas por su hija"}]},{"@type":"WebSite","@id":"https:\/\/diarioellabrador.cl\/#website","url":"https:\/\/diarioellabrador.cl\/","name":"Diario El Labrador","description":"Haciendo noticia desde 1921","publisher":{"@id":"https:\/\/diarioellabrador.cl\/#organization"},"potentialAction":[{"@type":"SearchAction","target":{"@type":"EntryPoint","urlTemplate":"https:\/\/diarioellabrador.cl\/?s={search_term_string}"},"query-input":{"@type":"PropertyValueSpecification","valueRequired":true,"valueName":"search_term_string"}}],"inLanguage":"es"},{"@type":"Organization","@id":"https:\/\/diarioellabrador.cl\/#organization","name":"Diario El Labrador","url":"https:\/\/diarioellabrador.cl\/","logo":{"@type":"ImageObject","inLanguage":"es","@id":"https:\/\/diarioellabrador.cl\/#\/schema\/logo\/image\/","url":"https:\/\/diarioellabrador.cl\/wp-content\/uploads\/2025\/02\/cropped-Logo-Icono.png","contentUrl":"https:\/\/diarioellabrador.cl\/wp-content\/uploads\/2025\/02\/cropped-Logo-Icono.png","width":512,"height":512,"caption":"Diario El Labrador"},"image":{"@id":"https:\/\/diarioellabrador.cl\/#\/schema\/logo\/image\/"},"sameAs":["https:\/\/web.facebook.com\/profile.php?id=61576120840621","https:\/\/x.com\/ElLabradorOf","https:\/\/www.instagram.com\/diarioellabradoroficial\/"]},{"@type":"Person","@id":"https:\/\/diarioellabrador.cl\/#\/schema\/person\/bc25ff80b4563f9c7f4bd7855df01685","name":"Editor","image":{"@type":"ImageObject","inLanguage":"es","@id":"https:\/\/secure.gravatar.com\/avatar\/109c326cf2be5c04f048c2c2a2b8b6ef44bf3d8d1d3d4c55d0ac40c4bc994684?s=96&d=mm&r=g","url":"https:\/\/secure.gravatar.com\/avatar\/109c326cf2be5c04f048c2c2a2b8b6ef44bf3d8d1d3d4c55d0ac40c4bc994684?s=96&d=mm&r=g","contentUrl":"https:\/\/secure.gravatar.com\/avatar\/109c326cf2be5c04f048c2c2a2b8b6ef44bf3d8d1d3d4c55d0ac40c4bc994684?s=96&d=mm&r=g","caption":"Editor"},"url":"https:\/\/diarioellabrador.cl\/index.php\/author\/editor\/"}]}},"_links":{"self":[{"href":"https:\/\/diarioellabrador.cl\/index.php\/wp-json\/wp\/v2\/posts\/6882","targetHints":{"allow":["GET"]}}],"collection":[{"href":"https:\/\/diarioellabrador.cl\/index.php\/wp-json\/wp\/v2\/posts"}],"about":[{"href":"https:\/\/diarioellabrador.cl\/index.php\/wp-json\/wp\/v2\/types\/post"}],"author":[{"embeddable":true,"href":"https:\/\/diarioellabrador.cl\/index.php\/wp-json\/wp\/v2\/users\/2"}],"replies":[{"embeddable":true,"href":"https:\/\/diarioellabrador.cl\/index.php\/wp-json\/wp\/v2\/comments?post=6882"}],"version-history":[{"count":1,"href":"https:\/\/diarioellabrador.cl\/index.php\/wp-json\/wp\/v2\/posts\/6882\/revisions"}],"predecessor-version":[{"id":6883,"href":"https:\/\/diarioellabrador.cl\/index.php\/wp-json\/wp\/v2\/posts\/6882\/revisions\/6883"}],"wp:featuredmedia":[{"embeddable":true,"href":"https:\/\/diarioellabrador.cl\/index.php\/wp-json\/wp\/v2\/media\/6822"}],"wp:attachment":[{"href":"https:\/\/diarioellabrador.cl\/index.php\/wp-json\/wp\/v2\/media?parent=6882"}],"wp:term":[{"taxonomy":"category","embeddable":true,"href":"https:\/\/diarioellabrador.cl\/index.php\/wp-json\/wp\/v2\/categories?post=6882"},{"taxonomy":"post_tag","embeddable":true,"href":"https:\/\/diarioellabrador.cl\/index.php\/wp-json\/wp\/v2\/tags?post=6882"}],"curies":[{"name":"wp","href":"https:\/\/api.w.org\/{rel}","templated":true}]}}