{"id":6864,"date":"2025-08-09T16:48:36","date_gmt":"2025-08-09T20:48:36","guid":{"rendered":"https:\/\/diarioellabrador.cl\/?p=6864"},"modified":"2025-08-09T16:48:36","modified_gmt":"2025-08-09T20:48:36","slug":"6-800-unidades-de-juguetes-fueron-retirados-de-mall-chino-en-melipilla-en-el-marco-de-fiscalizacion-por-dia-de-la-ninez","status":"publish","type":"post","link":"https:\/\/diarioellabrador.cl\/index.php\/2025\/08\/09\/6-800-unidades-de-juguetes-fueron-retirados-de-mall-chino-en-melipilla-en-el-marco-de-fiscalizacion-por-dia-de-la-ninez\/","title":{"rendered":"6.800 unidades de juguetes fueron retirados de Mall Chino en Melipilla en el marco de fiscalizaci\u00f3n por D\u00eda de la Ni\u00f1ez"},"content":{"rendered":"\n<ul class=\"wp-block-list\">\n<li><strong>El operativo, liderado por el delegado presidencial provincial de Melipilla y la Seremi de Salud, se enmarca en un despliegue preventivo para garantizar que los juguetes disponibles en el comercio cumplan con la normativa sanitaria vigente.<\/strong><\/li>\n<\/ul>\n\n\n\n<p>En el contexto de las celebraciones por el D\u00eda de la Ni\u00f1ez de este fin de semana, el delegado presidencial provincial de Melipilla, Basti\u00e1n Alarc\u00f3n, junto a la jefa provincial de la Seremi de Salud, Jessica Jerez, y funcionarios de la entidad, efectuaron una intensa fiscalizaci\u00f3n al Mall Chino de Melipilla, con el objetivo de verificar el cumplimiento de la normativa vigente en materia de seguridad e inocuidad, siendo retirados 6.800 unidades de juguetes.<\/p>\n\n\n\n<p>Durante la inspecci\u00f3n, se revisaron aspectos como el etiquetado en espa\u00f1ol, advertencias por rangos etarios, presencia de sellos de certificaci\u00f3n, procedencia de los productos, inflamabilidad, y la ausencia de componentes t\u00f3xicos, entre otros criterios establecidos por la autoridad sanitaria.<\/p>\n\n\n\n<p>El delegado Basti\u00e1n Alarc\u00f3n, precis\u00f3 que la fiscalizaci\u00f3n forma parte de un despliegue que ha venido desarrollando la Seremi Provincial de Salud en las \u00faltimas semanas en distintos puntos de la provincia, con el fin de resguardar la salud y seguridad de ni\u00f1os y ni\u00f1as, promoviendo el acceso a productos que cumplan con los est\u00e1ndares establecidos.<\/p>\n\n\n\n<p>En este sentido, la autoridad provincial destac\u00f3 la importancia de este tipo de acciones preventivas, reiterando el llamado a la comunidad a realizar sus compras en el comercio formal. \u201cQueremos hacer un importante llamado a todas las familias, a los padres, para que este fin de semana del ni\u00f1o se fijen muy bien en los productos que est\u00e1n adquiriendo para regalar a sus ni\u00f1os, sobre todo en el rotulado, materiales de toxicidad, procedencia, y poner ojo en aquellos que se puedan tragar o en el uso de las brujas, porque estamos colocando especial atenci\u00f3n en la peligrosidad de esos productos\u201d.<\/p>\n\n\n\n<figure class=\"wp-block-image size-full\"><img loading=\"lazy\" decoding=\"async\" width=\"1024\" height=\"768\" src=\"https:\/\/diarioellabrador.cl\/wp-content\/uploads\/2025\/08\/Fiscalizacion-juguetes-08-08-2025-1.jpg\" alt=\"\" class=\"wp-image-6811\" srcset=\"https:\/\/diarioellabrador.cl\/wp-content\/uploads\/2025\/08\/Fiscalizacion-juguetes-08-08-2025-1.jpg 1024w, https:\/\/diarioellabrador.cl\/wp-content\/uploads\/2025\/08\/Fiscalizacion-juguetes-08-08-2025-1-300x225.jpg 300w, https:\/\/diarioellabrador.cl\/wp-content\/uploads\/2025\/08\/Fiscalizacion-juguetes-08-08-2025-1-768x576.jpg 768w, https:\/\/diarioellabrador.cl\/wp-content\/uploads\/2025\/08\/Fiscalizacion-juguetes-08-08-2025-1-800x600.jpg 800w, https:\/\/diarioellabrador.cl\/wp-content\/uploads\/2025\/08\/Fiscalizacion-juguetes-08-08-2025-1-600x450.jpg 600w, https:\/\/diarioellabrador.cl\/wp-content\/uploads\/2025\/08\/Fiscalizacion-juguetes-08-08-2025-1-400x300.jpg 400w\" sizes=\"auto, (max-width: 1024px) 100vw, 1024px\" \/><\/figure>\n\n\n\n<p>En este aspecto, agreg\u00f3 que en esta oportunidad se requisaron 6.800 productos por no cumplir con las exigencias sanitarias vigentes, representando un alto riesgo para ni\u00f1os y ni\u00f1as, exponiendo que este tipo de inspecciones permiten verificar el cumplimiento del reglamento sobre seguridad de dichos productos y generar alertas para el retiro masivo cuando se detecta alg\u00fan riesgo.<\/p>\n\n\n\n<p>Por su parte, la jefa provincial de la Seremi de Salud, Jessica Jerez, puntualiz\u00f3 que \u201cse trata de una fiscalizaci\u00f3n por campa\u00f1a del D\u00eda del Ni\u00f1o, la cual se realiz\u00f3 en el Mall Chino, donde tuvimos que retener 6.800 unidades de juguetes por no presentar los certificados de tolueno, migraci\u00f3n y mec\u00e1nico. Llamamos a la poblaci\u00f3n a comprar juguetes que cuenten con rotulado, que efectivamente sea adecuado para la edad de los menores\u201d, precisando que la Seremi de Salud continuar\u00e1 intensificando operativos de este tipo en el territorio, y ante cualquier irregularidad, la comunidad puede realizar denuncias a trav\u00e9s del sitio web de la instituci\u00f3n <a href=\"https:\/\/oirs.minsal.cl\/\">https:\/\/oirs.minsal.cl\/<\/a>.<\/p>\n","protected":false},"excerpt":{"rendered":"<p>En el contexto de las celebraciones por el D\u00eda de la Ni\u00f1ez de este fin de semana, el delegado presidencial provincial de Melipilla, Basti\u00e1n Alarc\u00f3n, junto a la jefa provincial de la Seremi de Salud, Jessica Jerez, y funcionarios de la entidad, efectuaron una intensa fiscalizaci\u00f3n al Mall Chino de Melipilla, con el objetivo de<\/p>\n<div class=\"read-more-wrapper\"><a class=\"read-more\" href=\"https:\/\/diarioellabrador.cl\/index.php\/2025\/08\/09\/6-800-unidades-de-juguetes-fueron-retirados-de-mall-chino-en-melipilla-en-el-marco-de-fiscalizacion-por-dia-de-la-ninez\/\" title=\"Leer m\u00e1s\"> <span class=\"button \">Leer m\u00e1s<\/span><\/a><\/div>\n","protected":false},"author":2,"featured_media":6812,"comment_status":"open","ping_status":"open","sticky":false,"template":"","format":"standard","meta":{"footnotes":""},"categories":[1,14],"tags":[],"class_list":["post-6864","post","type-post","status-publish","format-standard","has-post-thumbnail","hentry","category-cronica","category-destacados"],"yoast_head":"<!-- This site is optimized with the Yoast SEO plugin v27.5 - https:\/\/yoast.com\/product\/yoast-seo-wordpress\/ -->\n<title>6.800 unidades de juguetes fueron retirados de Mall Chino en Melipilla en el marco de fiscalizaci\u00f3n por D\u00eda de la Ni\u00f1ez - Diario El Labrador<\/title>\n<meta name=\"robots\" content=\"index, follow, max-snippet:-1, max-image-preview:large, max-video-preview:-1\" \/>\n<link rel=\"canonical\" href=\"https:\/\/diarioellabrador.cl\/index.php\/2025\/08\/09\/6-800-unidades-de-juguetes-fueron-retirados-de-mall-chino-en-melipilla-en-el-marco-de-fiscalizacion-por-dia-de-la-ninez\/\" \/>\n<meta property=\"og:locale\" content=\"es_ES\" \/>\n<meta property=\"og:type\" content=\"article\" \/>\n<meta property=\"og:title\" content=\"6.800 unidades de juguetes fueron retirados de Mall Chino en Melipilla en el marco de fiscalizaci\u00f3n por D\u00eda de la Ni\u00f1ez - Diario El Labrador\" \/>\n<meta property=\"og:description\" content=\"En el contexto de las celebraciones por el D\u00eda de la Ni\u00f1ez de este fin de semana, el delegado presidencial provincial de Melipilla, Basti\u00e1n Alarc\u00f3n, junto a la jefa provincial de la Seremi de Salud, Jessica Jerez, y funcionarios de la entidad, efectuaron una intensa fiscalizaci\u00f3n al Mall Chino de Melipilla, con el objetivo de Leer m\u00e1s\" \/>\n<meta property=\"og:url\" content=\"https:\/\/diarioellabrador.cl\/index.php\/2025\/08\/09\/6-800-unidades-de-juguetes-fueron-retirados-de-mall-chino-en-melipilla-en-el-marco-de-fiscalizacion-por-dia-de-la-ninez\/\" \/>\n<meta property=\"og:site_name\" content=\"Diario El Labrador\" \/>\n<meta property=\"article:publisher\" content=\"https:\/\/web.facebook.com\/profile.php?id=61576120840621\" \/>\n<meta property=\"article:published_time\" content=\"2025-08-09T20:48:36+00:00\" \/>\n<meta property=\"og:image\" content=\"https:\/\/diarioellabrador.cl\/wp-content\/uploads\/2025\/08\/Fiscalizacion-juguetes-08-08-2025-2.jpg\" \/>\n\t<meta property=\"og:image:width\" content=\"1024\" \/>\n\t<meta property=\"og:image:height\" content=\"768\" \/>\n\t<meta property=\"og:image:type\" content=\"image\/jpeg\" \/>\n<meta name=\"author\" content=\"Editor\" \/>\n<meta name=\"twitter:card\" content=\"summary_large_image\" \/>\n<meta name=\"twitter:creator\" content=\"@ElLabradorOf\" \/>\n<meta name=\"twitter:site\" content=\"@ElLabradorOf\" \/>\n<meta name=\"twitter:label1\" content=\"Escrito por\" \/>\n\t<meta name=\"twitter:data1\" content=\"Editor\" \/>\n\t<meta name=\"twitter:label2\" content=\"Tiempo de lectura\" \/>\n\t<meta name=\"twitter:data2\" content=\"3 minutos\" \/>\n<script type=\"application\/ld+json\" class=\"yoast-schema-graph\">{\"@context\":\"https:\\\/\\\/schema.org\",\"@graph\":[{\"@type\":\"Article\",\"@id\":\"https:\\\/\\\/diarioellabrador.cl\\\/index.php\\\/2025\\\/08\\\/09\\\/6-800-unidades-de-juguetes-fueron-retirados-de-mall-chino-en-melipilla-en-el-marco-de-fiscalizacion-por-dia-de-la-ninez\\\/#article\",\"isPartOf\":{\"@id\":\"https:\\\/\\\/diarioellabrador.cl\\\/index.php\\\/2025\\\/08\\\/09\\\/6-800-unidades-de-juguetes-fueron-retirados-de-mall-chino-en-melipilla-en-el-marco-de-fiscalizacion-por-dia-de-la-ninez\\\/\"},\"author\":{\"name\":\"Editor\",\"@id\":\"https:\\\/\\\/diarioellabrador.cl\\\/#\\\/schema\\\/person\\\/bc25ff80b4563f9c7f4bd7855df01685\"},\"headline\":\"6.800 unidades de juguetes fueron retirados de Mall Chino en Melipilla en el marco de fiscalizaci\u00f3n por D\u00eda de la Ni\u00f1ez\",\"datePublished\":\"2025-08-09T20:48:36+00:00\",\"mainEntityOfPage\":{\"@id\":\"https:\\\/\\\/diarioellabrador.cl\\\/index.php\\\/2025\\\/08\\\/09\\\/6-800-unidades-de-juguetes-fueron-retirados-de-mall-chino-en-melipilla-en-el-marco-de-fiscalizacion-por-dia-de-la-ninez\\\/\"},\"wordCount\":522,\"commentCount\":0,\"publisher\":{\"@id\":\"https:\\\/\\\/diarioellabrador.cl\\\/#organization\"},\"image\":{\"@id\":\"https:\\\/\\\/diarioellabrador.cl\\\/index.php\\\/2025\\\/08\\\/09\\\/6-800-unidades-de-juguetes-fueron-retirados-de-mall-chino-en-melipilla-en-el-marco-de-fiscalizacion-por-dia-de-la-ninez\\\/#primaryimage\"},\"thumbnailUrl\":\"https:\\\/\\\/diarioellabrador.cl\\\/wp-content\\\/uploads\\\/2025\\\/08\\\/Fiscalizacion-juguetes-08-08-2025-2.jpg\",\"articleSection\":[\"Cr\u00f3nica\",\"Destacados\"],\"inLanguage\":\"es\",\"potentialAction\":[{\"@type\":\"CommentAction\",\"name\":\"Comment\",\"target\":[\"https:\\\/\\\/diarioellabrador.cl\\\/index.php\\\/2025\\\/08\\\/09\\\/6-800-unidades-de-juguetes-fueron-retirados-de-mall-chino-en-melipilla-en-el-marco-de-fiscalizacion-por-dia-de-la-ninez\\\/#respond\"]}]},{\"@type\":\"WebPage\",\"@id\":\"https:\\\/\\\/diarioellabrador.cl\\\/index.php\\\/2025\\\/08\\\/09\\\/6-800-unidades-de-juguetes-fueron-retirados-de-mall-chino-en-melipilla-en-el-marco-de-fiscalizacion-por-dia-de-la-ninez\\\/\",\"url\":\"https:\\\/\\\/diarioellabrador.cl\\\/index.php\\\/2025\\\/08\\\/09\\\/6-800-unidades-de-juguetes-fueron-retirados-de-mall-chino-en-melipilla-en-el-marco-de-fiscalizacion-por-dia-de-la-ninez\\\/\",\"name\":\"6.800 unidades de juguetes fueron retirados de Mall Chino en Melipilla en el marco de fiscalizaci\u00f3n por D\u00eda de la Ni\u00f1ez - Diario El Labrador\",\"isPartOf\":{\"@id\":\"https:\\\/\\\/diarioellabrador.cl\\\/#website\"},\"primaryImageOfPage\":{\"@id\":\"https:\\\/\\\/diarioellabrador.cl\\\/index.php\\\/2025\\\/08\\\/09\\\/6-800-unidades-de-juguetes-fueron-retirados-de-mall-chino-en-melipilla-en-el-marco-de-fiscalizacion-por-dia-de-la-ninez\\\/#primaryimage\"},\"image\":{\"@id\":\"https:\\\/\\\/diarioellabrador.cl\\\/index.php\\\/2025\\\/08\\\/09\\\/6-800-unidades-de-juguetes-fueron-retirados-de-mall-chino-en-melipilla-en-el-marco-de-fiscalizacion-por-dia-de-la-ninez\\\/#primaryimage\"},\"thumbnailUrl\":\"https:\\\/\\\/diarioellabrador.cl\\\/wp-content\\\/uploads\\\/2025\\\/08\\\/Fiscalizacion-juguetes-08-08-2025-2.jpg\",\"datePublished\":\"2025-08-09T20:48:36+00:00\",\"breadcrumb\":{\"@id\":\"https:\\\/\\\/diarioellabrador.cl\\\/index.php\\\/2025\\\/08\\\/09\\\/6-800-unidades-de-juguetes-fueron-retirados-de-mall-chino-en-melipilla-en-el-marco-de-fiscalizacion-por-dia-de-la-ninez\\\/#breadcrumb\"},\"inLanguage\":\"es\",\"potentialAction\":[{\"@type\":\"ReadAction\",\"target\":[\"https:\\\/\\\/diarioellabrador.cl\\\/index.php\\\/2025\\\/08\\\/09\\\/6-800-unidades-de-juguetes-fueron-retirados-de-mall-chino-en-melipilla-en-el-marco-de-fiscalizacion-por-dia-de-la-ninez\\\/\"]}]},{\"@type\":\"ImageObject\",\"inLanguage\":\"es\",\"@id\":\"https:\\\/\\\/diarioellabrador.cl\\\/index.php\\\/2025\\\/08\\\/09\\\/6-800-unidades-de-juguetes-fueron-retirados-de-mall-chino-en-melipilla-en-el-marco-de-fiscalizacion-por-dia-de-la-ninez\\\/#primaryimage\",\"url\":\"https:\\\/\\\/diarioellabrador.cl\\\/wp-content\\\/uploads\\\/2025\\\/08\\\/Fiscalizacion-juguetes-08-08-2025-2.jpg\",\"contentUrl\":\"https:\\\/\\\/diarioellabrador.cl\\\/wp-content\\\/uploads\\\/2025\\\/08\\\/Fiscalizacion-juguetes-08-08-2025-2.jpg\",\"width\":1024,\"height\":768},{\"@type\":\"BreadcrumbList\",\"@id\":\"https:\\\/\\\/diarioellabrador.cl\\\/index.php\\\/2025\\\/08\\\/09\\\/6-800-unidades-de-juguetes-fueron-retirados-de-mall-chino-en-melipilla-en-el-marco-de-fiscalizacion-por-dia-de-la-ninez\\\/#breadcrumb\",\"itemListElement\":[{\"@type\":\"ListItem\",\"position\":1,\"name\":\"Portada\",\"item\":\"https:\\\/\\\/diarioellabrador.cl\\\/\"},{\"@type\":\"ListItem\",\"position\":2,\"name\":\"6.800 unidades de juguetes fueron retirados de Mall Chino en Melipilla en el marco de fiscalizaci\u00f3n por D\u00eda de la Ni\u00f1ez\"}]},{\"@type\":\"WebSite\",\"@id\":\"https:\\\/\\\/diarioellabrador.cl\\\/#website\",\"url\":\"https:\\\/\\\/diarioellabrador.cl\\\/\",\"name\":\"Diario El Labrador\",\"description\":\"Haciendo noticia desde 1921\",\"publisher\":{\"@id\":\"https:\\\/\\\/diarioellabrador.cl\\\/#organization\"},\"potentialAction\":[{\"@type\":\"SearchAction\",\"target\":{\"@type\":\"EntryPoint\",\"urlTemplate\":\"https:\\\/\\\/diarioellabrador.cl\\\/?s={search_term_string}\"},\"query-input\":{\"@type\":\"PropertyValueSpecification\",\"valueRequired\":true,\"valueName\":\"search_term_string\"}}],\"inLanguage\":\"es\"},{\"@type\":\"Organization\",\"@id\":\"https:\\\/\\\/diarioellabrador.cl\\\/#organization\",\"name\":\"Diario El Labrador\",\"url\":\"https:\\\/\\\/diarioellabrador.cl\\\/\",\"logo\":{\"@type\":\"ImageObject\",\"inLanguage\":\"es\",\"@id\":\"https:\\\/\\\/diarioellabrador.cl\\\/#\\\/schema\\\/logo\\\/image\\\/\",\"url\":\"https:\\\/\\\/diarioellabrador.cl\\\/wp-content\\\/uploads\\\/2025\\\/02\\\/cropped-Logo-Icono.png\",\"contentUrl\":\"https:\\\/\\\/diarioellabrador.cl\\\/wp-content\\\/uploads\\\/2025\\\/02\\\/cropped-Logo-Icono.png\",\"width\":512,\"height\":512,\"caption\":\"Diario El Labrador\"},\"image\":{\"@id\":\"https:\\\/\\\/diarioellabrador.cl\\\/#\\\/schema\\\/logo\\\/image\\\/\"},\"sameAs\":[\"https:\\\/\\\/web.facebook.com\\\/profile.php?id=61576120840621\",\"https:\\\/\\\/x.com\\\/ElLabradorOf\",\"https:\\\/\\\/www.instagram.com\\\/diarioellabradoroficial\\\/\"]},{\"@type\":\"Person\",\"@id\":\"https:\\\/\\\/diarioellabrador.cl\\\/#\\\/schema\\\/person\\\/bc25ff80b4563f9c7f4bd7855df01685\",\"name\":\"Editor\",\"image\":{\"@type\":\"ImageObject\",\"inLanguage\":\"es\",\"@id\":\"https:\\\/\\\/secure.gravatar.com\\\/avatar\\\/109c326cf2be5c04f048c2c2a2b8b6ef44bf3d8d1d3d4c55d0ac40c4bc994684?s=96&d=mm&r=g\",\"url\":\"https:\\\/\\\/secure.gravatar.com\\\/avatar\\\/109c326cf2be5c04f048c2c2a2b8b6ef44bf3d8d1d3d4c55d0ac40c4bc994684?s=96&d=mm&r=g\",\"contentUrl\":\"https:\\\/\\\/secure.gravatar.com\\\/avatar\\\/109c326cf2be5c04f048c2c2a2b8b6ef44bf3d8d1d3d4c55d0ac40c4bc994684?s=96&d=mm&r=g\",\"caption\":\"Editor\"},\"url\":\"https:\\\/\\\/diarioellabrador.cl\\\/index.php\\\/author\\\/editor\\\/\"}]}<\/script>\n<!-- \/ Yoast SEO plugin. -->","yoast_head_json":{"title":"6.800 unidades de juguetes fueron retirados de Mall Chino en Melipilla en el marco de fiscalizaci\u00f3n por D\u00eda de la Ni\u00f1ez - Diario El Labrador","robots":{"index":"index","follow":"follow","max-snippet":"max-snippet:-1","max-image-preview":"max-image-preview:large","max-video-preview":"max-video-preview:-1"},"canonical":"https:\/\/diarioellabrador.cl\/index.php\/2025\/08\/09\/6-800-unidades-de-juguetes-fueron-retirados-de-mall-chino-en-melipilla-en-el-marco-de-fiscalizacion-por-dia-de-la-ninez\/","og_locale":"es_ES","og_type":"article","og_title":"6.800 unidades de juguetes fueron retirados de Mall Chino en Melipilla en el marco de fiscalizaci\u00f3n por D\u00eda de la Ni\u00f1ez - Diario El Labrador","og_description":"En el contexto de las celebraciones por el D\u00eda de la Ni\u00f1ez de este fin de semana, el delegado presidencial provincial de Melipilla, Basti\u00e1n Alarc\u00f3n, junto a la jefa provincial de la Seremi de Salud, Jessica Jerez, y funcionarios de la entidad, efectuaron una intensa fiscalizaci\u00f3n al Mall Chino de Melipilla, con el objetivo de Leer m\u00e1s","og_url":"https:\/\/diarioellabrador.cl\/index.php\/2025\/08\/09\/6-800-unidades-de-juguetes-fueron-retirados-de-mall-chino-en-melipilla-en-el-marco-de-fiscalizacion-por-dia-de-la-ninez\/","og_site_name":"Diario El Labrador","article_publisher":"https:\/\/web.facebook.com\/profile.php?id=61576120840621","article_published_time":"2025-08-09T20:48:36+00:00","og_image":[{"width":1024,"height":768,"url":"https:\/\/diarioellabrador.cl\/wp-content\/uploads\/2025\/08\/Fiscalizacion-juguetes-08-08-2025-2.jpg","type":"image\/jpeg"}],"author":"Editor","twitter_card":"summary_large_image","twitter_creator":"@ElLabradorOf","twitter_site":"@ElLabradorOf","twitter_misc":{"Escrito por":"Editor","Tiempo de lectura":"3 minutos"},"schema":{"@context":"https:\/\/schema.org","@graph":[{"@type":"Article","@id":"https:\/\/diarioellabrador.cl\/index.php\/2025\/08\/09\/6-800-unidades-de-juguetes-fueron-retirados-de-mall-chino-en-melipilla-en-el-marco-de-fiscalizacion-por-dia-de-la-ninez\/#article","isPartOf":{"@id":"https:\/\/diarioellabrador.cl\/index.php\/2025\/08\/09\/6-800-unidades-de-juguetes-fueron-retirados-de-mall-chino-en-melipilla-en-el-marco-de-fiscalizacion-por-dia-de-la-ninez\/"},"author":{"name":"Editor","@id":"https:\/\/diarioellabrador.cl\/#\/schema\/person\/bc25ff80b4563f9c7f4bd7855df01685"},"headline":"6.800 unidades de juguetes fueron retirados de Mall Chino en Melipilla en el marco de fiscalizaci\u00f3n por D\u00eda de la Ni\u00f1ez","datePublished":"2025-08-09T20:48:36+00:00","mainEntityOfPage":{"@id":"https:\/\/diarioellabrador.cl\/index.php\/2025\/08\/09\/6-800-unidades-de-juguetes-fueron-retirados-de-mall-chino-en-melipilla-en-el-marco-de-fiscalizacion-por-dia-de-la-ninez\/"},"wordCount":522,"commentCount":0,"publisher":{"@id":"https:\/\/diarioellabrador.cl\/#organization"},"image":{"@id":"https:\/\/diarioellabrador.cl\/index.php\/2025\/08\/09\/6-800-unidades-de-juguetes-fueron-retirados-de-mall-chino-en-melipilla-en-el-marco-de-fiscalizacion-por-dia-de-la-ninez\/#primaryimage"},"thumbnailUrl":"https:\/\/diarioellabrador.cl\/wp-content\/uploads\/2025\/08\/Fiscalizacion-juguetes-08-08-2025-2.jpg","articleSection":["Cr\u00f3nica","Destacados"],"inLanguage":"es","potentialAction":[{"@type":"CommentAction","name":"Comment","target":["https:\/\/diarioellabrador.cl\/index.php\/2025\/08\/09\/6-800-unidades-de-juguetes-fueron-retirados-de-mall-chino-en-melipilla-en-el-marco-de-fiscalizacion-por-dia-de-la-ninez\/#respond"]}]},{"@type":"WebPage","@id":"https:\/\/diarioellabrador.cl\/index.php\/2025\/08\/09\/6-800-unidades-de-juguetes-fueron-retirados-de-mall-chino-en-melipilla-en-el-marco-de-fiscalizacion-por-dia-de-la-ninez\/","url":"https:\/\/diarioellabrador.cl\/index.php\/2025\/08\/09\/6-800-unidades-de-juguetes-fueron-retirados-de-mall-chino-en-melipilla-en-el-marco-de-fiscalizacion-por-dia-de-la-ninez\/","name":"6.800 unidades de juguetes fueron retirados de Mall Chino en Melipilla en el marco de fiscalizaci\u00f3n por D\u00eda de la Ni\u00f1ez - Diario El Labrador","isPartOf":{"@id":"https:\/\/diarioellabrador.cl\/#website"},"primaryImageOfPage":{"@id":"https:\/\/diarioellabrador.cl\/index.php\/2025\/08\/09\/6-800-unidades-de-juguetes-fueron-retirados-de-mall-chino-en-melipilla-en-el-marco-de-fiscalizacion-por-dia-de-la-ninez\/#primaryimage"},"image":{"@id":"https:\/\/diarioellabrador.cl\/index.php\/2025\/08\/09\/6-800-unidades-de-juguetes-fueron-retirados-de-mall-chino-en-melipilla-en-el-marco-de-fiscalizacion-por-dia-de-la-ninez\/#primaryimage"},"thumbnailUrl":"https:\/\/diarioellabrador.cl\/wp-content\/uploads\/2025\/08\/Fiscalizacion-juguetes-08-08-2025-2.jpg","datePublished":"2025-08-09T20:48:36+00:00","breadcrumb":{"@id":"https:\/\/diarioellabrador.cl\/index.php\/2025\/08\/09\/6-800-unidades-de-juguetes-fueron-retirados-de-mall-chino-en-melipilla-en-el-marco-de-fiscalizacion-por-dia-de-la-ninez\/#breadcrumb"},"inLanguage":"es","potentialAction":[{"@type":"ReadAction","target":["https:\/\/diarioellabrador.cl\/index.php\/2025\/08\/09\/6-800-unidades-de-juguetes-fueron-retirados-de-mall-chino-en-melipilla-en-el-marco-de-fiscalizacion-por-dia-de-la-ninez\/"]}]},{"@type":"ImageObject","inLanguage":"es","@id":"https:\/\/diarioellabrador.cl\/index.php\/2025\/08\/09\/6-800-unidades-de-juguetes-fueron-retirados-de-mall-chino-en-melipilla-en-el-marco-de-fiscalizacion-por-dia-de-la-ninez\/#primaryimage","url":"https:\/\/diarioellabrador.cl\/wp-content\/uploads\/2025\/08\/Fiscalizacion-juguetes-08-08-2025-2.jpg","contentUrl":"https:\/\/diarioellabrador.cl\/wp-content\/uploads\/2025\/08\/Fiscalizacion-juguetes-08-08-2025-2.jpg","width":1024,"height":768},{"@type":"BreadcrumbList","@id":"https:\/\/diarioellabrador.cl\/index.php\/2025\/08\/09\/6-800-unidades-de-juguetes-fueron-retirados-de-mall-chino-en-melipilla-en-el-marco-de-fiscalizacion-por-dia-de-la-ninez\/#breadcrumb","itemListElement":[{"@type":"ListItem","position":1,"name":"Portada","item":"https:\/\/diarioellabrador.cl\/"},{"@type":"ListItem","position":2,"name":"6.800 unidades de juguetes fueron retirados de Mall Chino en Melipilla en el marco de fiscalizaci\u00f3n por D\u00eda de la Ni\u00f1ez"}]},{"@type":"WebSite","@id":"https:\/\/diarioellabrador.cl\/#website","url":"https:\/\/diarioellabrador.cl\/","name":"Diario El Labrador","description":"Haciendo noticia desde 1921","publisher":{"@id":"https:\/\/diarioellabrador.cl\/#organization"},"potentialAction":[{"@type":"SearchAction","target":{"@type":"EntryPoint","urlTemplate":"https:\/\/diarioellabrador.cl\/?s={search_term_string}"},"query-input":{"@type":"PropertyValueSpecification","valueRequired":true,"valueName":"search_term_string"}}],"inLanguage":"es"},{"@type":"Organization","@id":"https:\/\/diarioellabrador.cl\/#organization","name":"Diario El Labrador","url":"https:\/\/diarioellabrador.cl\/","logo":{"@type":"ImageObject","inLanguage":"es","@id":"https:\/\/diarioellabrador.cl\/#\/schema\/logo\/image\/","url":"https:\/\/diarioellabrador.cl\/wp-content\/uploads\/2025\/02\/cropped-Logo-Icono.png","contentUrl":"https:\/\/diarioellabrador.cl\/wp-content\/uploads\/2025\/02\/cropped-Logo-Icono.png","width":512,"height":512,"caption":"Diario El Labrador"},"image":{"@id":"https:\/\/diarioellabrador.cl\/#\/schema\/logo\/image\/"},"sameAs":["https:\/\/web.facebook.com\/profile.php?id=61576120840621","https:\/\/x.com\/ElLabradorOf","https:\/\/www.instagram.com\/diarioellabradoroficial\/"]},{"@type":"Person","@id":"https:\/\/diarioellabrador.cl\/#\/schema\/person\/bc25ff80b4563f9c7f4bd7855df01685","name":"Editor","image":{"@type":"ImageObject","inLanguage":"es","@id":"https:\/\/secure.gravatar.com\/avatar\/109c326cf2be5c04f048c2c2a2b8b6ef44bf3d8d1d3d4c55d0ac40c4bc994684?s=96&d=mm&r=g","url":"https:\/\/secure.gravatar.com\/avatar\/109c326cf2be5c04f048c2c2a2b8b6ef44bf3d8d1d3d4c55d0ac40c4bc994684?s=96&d=mm&r=g","contentUrl":"https:\/\/secure.gravatar.com\/avatar\/109c326cf2be5c04f048c2c2a2b8b6ef44bf3d8d1d3d4c55d0ac40c4bc994684?s=96&d=mm&r=g","caption":"Editor"},"url":"https:\/\/diarioellabrador.cl\/index.php\/author\/editor\/"}]}},"_links":{"self":[{"href":"https:\/\/diarioellabrador.cl\/index.php\/wp-json\/wp\/v2\/posts\/6864","targetHints":{"allow":["GET"]}}],"collection":[{"href":"https:\/\/diarioellabrador.cl\/index.php\/wp-json\/wp\/v2\/posts"}],"about":[{"href":"https:\/\/diarioellabrador.cl\/index.php\/wp-json\/wp\/v2\/types\/post"}],"author":[{"embeddable":true,"href":"https:\/\/diarioellabrador.cl\/index.php\/wp-json\/wp\/v2\/users\/2"}],"replies":[{"embeddable":true,"href":"https:\/\/diarioellabrador.cl\/index.php\/wp-json\/wp\/v2\/comments?post=6864"}],"version-history":[{"count":1,"href":"https:\/\/diarioellabrador.cl\/index.php\/wp-json\/wp\/v2\/posts\/6864\/revisions"}],"predecessor-version":[{"id":6865,"href":"https:\/\/diarioellabrador.cl\/index.php\/wp-json\/wp\/v2\/posts\/6864\/revisions\/6865"}],"wp:featuredmedia":[{"embeddable":true,"href":"https:\/\/diarioellabrador.cl\/index.php\/wp-json\/wp\/v2\/media\/6812"}],"wp:attachment":[{"href":"https:\/\/diarioellabrador.cl\/index.php\/wp-json\/wp\/v2\/media?parent=6864"}],"wp:term":[{"taxonomy":"category","embeddable":true,"href":"https:\/\/diarioellabrador.cl\/index.php\/wp-json\/wp\/v2\/categories?post=6864"},{"taxonomy":"post_tag","embeddable":true,"href":"https:\/\/diarioellabrador.cl\/index.php\/wp-json\/wp\/v2\/tags?post=6864"}],"curies":[{"name":"wp","href":"https:\/\/api.w.org\/{rel}","templated":true}]}}