{"id":6848,"date":"2025-08-09T15:35:31","date_gmt":"2025-08-09T19:35:31","guid":{"rendered":"https:\/\/diarioellabrador.cl\/?p=6848"},"modified":"2025-08-09T15:35:32","modified_gmt":"2025-08-09T19:35:32","slug":"asociacion-melipilla-y-el-clasificatorio-norte-vamos-a-trabajar-para-hacer-lo-mejor-posible","status":"publish","type":"post","link":"https:\/\/diarioellabrador.cl\/index.php\/2025\/08\/09\/asociacion-melipilla-y-el-clasificatorio-norte-vamos-a-trabajar-para-hacer-lo-mejor-posible\/","title":{"rendered":"Asociaci\u00f3n Melipilla y el Clasificatorio Norte: \u00abVamos a trabajar para hacer lo mejor posible\u00bb"},"content":{"rendered":"\n<p><strong>Autor: <\/strong><a href=\"https:\/\/www.caballoyrodeo.cl\/portal_rodeo\/site\/artic\/20240223\/pags\/20240223201413.html\">Alejandro Alegr\u00eda Torres<\/a><\/p>\n\n\n\n<p>La <strong>Asociaci\u00f3n Melipilla <\/strong>se encuentra trabajando con gran entusiasmo y mucha dedicaci\u00f3n en la preparaci\u00f3n del <strong>Clasificatorio Norte <\/strong>que se realizar\u00e1 el 11, 12, 13, 14 y 15 de marzo en la <strong>Medialuna \u00abCarlos Zavala\u00bb de Chocal\u00e1n<\/strong>, recinto ubicado en <strong>Melipilla.<\/strong><\/p>\n\n\n\n<p><strong>Johann Gude<\/strong>, presidente de la entidad, cont\u00f3 a <strong>Caballoyrodeo.cl<\/strong>: \u00abSe confirm\u00f3 la fecha y esta semana confirmamos nuestra postulaci\u00f3n a ser sede, tuvimos reuni\u00f3n en la asamblea de Melipilla para comprometer a nuestros clubes y est\u00e1n todos bien entusiasmados con el tema. Es un desaf\u00edo m\u00e1s grande ahora, porque son cuatro d\u00edas, entonces habr\u00e1 m\u00e1s desgaste de los equipos. Ya todos conocen su labor y esperamos que sea como los \u00faltimos a\u00f1os, que ha resultado bien\u00bb.<\/p>\n\n\n\n<p>\u00abNosotros ven\u00edamos trabajando hace tiempo, porque ten\u00edamos todas las ganas de hacerlo y est\u00e1bamos esperando ver qu\u00e9 pasaba en el Consultivo por las distintas mociones que hab\u00eda de tipos de Clasificatorios, sobre todo porque nosotros tenemos un espacio reducido y si quedaban Clasificatorios muy grandes, no iba ser factible realizarlos. Pero como qued\u00f3 establecido ahora, s\u00ed podemos hacerlo\u00bb, agreg\u00f3.<\/p>\n\n\n\n<p>Respecto a las dos series que se agregaron para el selectivo, dijo que significa \u00abm\u00e1s pega, m\u00e1s costos. Nosotros tuvimos como experiencia el primer a\u00f1o en que hicimos el Clasificatorio, que fue en cuatro d\u00edas, pero fue un error. Por eso los otros a\u00f1os hemos tratado de tener una organizaci\u00f3n grande para hacerlo en tres d\u00edas. Ahora hay cero opciones de hacerlo en tres d\u00edas y vamos a trabajar harto para ver c\u00f3mo suplimos esos costos extras, que es como un 30 por ciento m\u00e1s que debemos asumir. Pero creemos que la gente tiene la <em>expertisse<\/em>, est\u00e1 motivada y vamos a trabajar para hacerlo lo mejor posible\u00bb.<\/p>\n\n\n\n<p>Gude destac\u00f3 que cuentan con el apoyo de la edil <strong>Paula G\u00e1rate<\/strong> en la realizaci\u00f3n del rodeo: \u00abLa alcaldesa est\u00e1 presente siempre, nos est\u00e1 constantemente invitando a capacitaciones para postular a los distintos fondos municipales y gubernamentales, nos invitan a todo en lo que puedan ellos colaborar con el rodeo. Contamos con su ayuda igual que el a\u00f1o pasado, as\u00ed que se nos hace un poco m\u00e1s f\u00e1cil la tarea con ese apoyo, sobre todo en la parte de permisolog\u00eda y en el de seguridad de las calles\u00bb.<\/p>\n\n\n\n<p>Por \u00faltimo, adelant\u00f3 que est\u00e1n planificando tener otras atracciones para la familia aparte de la competencia: \u00abHay un equipo encargado de eso. Como durar\u00e1 cuatro d\u00edas, pero estaremos m\u00e1s holgados en los horarios, vamos a buscar algunas actividades que puedan llenar esos espacios y que sirvan a motivar para que la gente nos acompa\u00f1e\u00bb.<\/p>\n","protected":false},"excerpt":{"rendered":"<p>Autor: Alejandro Alegr\u00eda Torres La Asociaci\u00f3n Melipilla se encuentra trabajando con gran entusiasmo y mucha dedicaci\u00f3n en la preparaci\u00f3n del Clasificatorio Norte que se realizar\u00e1 el 11, 12, 13, 14 y 15 de marzo en la Medialuna \u00abCarlos Zavala\u00bb de Chocal\u00e1n, recinto ubicado en Melipilla. Johann Gude, presidente de la entidad, cont\u00f3 a Caballoyrodeo.cl: \u00abSe<\/p>\n<div class=\"read-more-wrapper\"><a class=\"read-more\" href=\"https:\/\/diarioellabrador.cl\/index.php\/2025\/08\/09\/asociacion-melipilla-y-el-clasificatorio-norte-vamos-a-trabajar-para-hacer-lo-mejor-posible\/\" title=\"Leer m\u00e1s\"> <span class=\"button \">Leer m\u00e1s<\/span><\/a><\/div>\n","protected":false},"author":2,"featured_media":6830,"comment_status":"open","ping_status":"open","sticky":false,"template":"","format":"standard","meta":{"footnotes":""},"categories":[4],"tags":[],"class_list":["post-6848","post","type-post","status-publish","format-standard","has-post-thumbnail","hentry","category-deportes"],"yoast_head":"<!-- This site is optimized with the Yoast SEO plugin v27.5 - https:\/\/yoast.com\/product\/yoast-seo-wordpress\/ -->\n<title>Asociaci\u00f3n Melipilla y el Clasificatorio Norte: &quot;Vamos a trabajar para hacer lo mejor posible&quot; - Diario El Labrador<\/title>\n<meta name=\"robots\" content=\"index, follow, max-snippet:-1, max-image-preview:large, max-video-preview:-1\" \/>\n<link rel=\"canonical\" href=\"https:\/\/diarioellabrador.cl\/index.php\/2025\/08\/09\/asociacion-melipilla-y-el-clasificatorio-norte-vamos-a-trabajar-para-hacer-lo-mejor-posible\/\" \/>\n<meta property=\"og:locale\" content=\"es_ES\" \/>\n<meta property=\"og:type\" content=\"article\" \/>\n<meta property=\"og:title\" content=\"Asociaci\u00f3n Melipilla y el Clasificatorio Norte: &quot;Vamos a trabajar para hacer lo mejor posible&quot; - Diario El Labrador\" \/>\n<meta property=\"og:description\" content=\"Autor: Alejandro Alegr\u00eda Torres La Asociaci\u00f3n Melipilla se encuentra trabajando con gran entusiasmo y mucha dedicaci\u00f3n en la preparaci\u00f3n del Clasificatorio Norte que se realizar\u00e1 el 11, 12, 13, 14 y 15 de marzo en la Medialuna \u00abCarlos Zavala\u00bb de Chocal\u00e1n, recinto ubicado en Melipilla. Johann Gude, presidente de la entidad, cont\u00f3 a Caballoyrodeo.cl: \u00abSe Leer m\u00e1s\" \/>\n<meta property=\"og:url\" content=\"https:\/\/diarioellabrador.cl\/index.php\/2025\/08\/09\/asociacion-melipilla-y-el-clasificatorio-norte-vamos-a-trabajar-para-hacer-lo-mejor-posible\/\" \/>\n<meta property=\"og:site_name\" content=\"Diario El Labrador\" \/>\n<meta property=\"article:publisher\" content=\"https:\/\/web.facebook.com\/profile.php?id=61576120840621\" \/>\n<meta property=\"article:published_time\" content=\"2025-08-09T19:35:31+00:00\" \/>\n<meta property=\"article:modified_time\" content=\"2025-08-09T19:35:32+00:00\" \/>\n<meta property=\"og:image\" content=\"https:\/\/diarioellabrador.cl\/wp-content\/uploads\/2025\/08\/Asociacion-Melipilla-y-el-Clasificatorio-Norte-Vamos-a-trabajar-para-hacer-lo-mejor-posible.jpg\" \/>\n\t<meta property=\"og:image:width\" content=\"750\" \/>\n\t<meta property=\"og:image:height\" content=\"389\" \/>\n\t<meta property=\"og:image:type\" content=\"image\/jpeg\" \/>\n<meta name=\"author\" content=\"Editor\" \/>\n<meta name=\"twitter:card\" content=\"summary_large_image\" \/>\n<meta name=\"twitter:creator\" content=\"@ElLabradorOf\" \/>\n<meta name=\"twitter:site\" content=\"@ElLabradorOf\" \/>\n<meta name=\"twitter:label1\" content=\"Escrito por\" \/>\n\t<meta name=\"twitter:data1\" content=\"Editor\" \/>\n\t<meta name=\"twitter:label2\" content=\"Tiempo de lectura\" \/>\n\t<meta name=\"twitter:data2\" content=\"2 minutos\" \/>\n<script type=\"application\/ld+json\" class=\"yoast-schema-graph\">{\"@context\":\"https:\\\/\\\/schema.org\",\"@graph\":[{\"@type\":\"Article\",\"@id\":\"https:\\\/\\\/diarioellabrador.cl\\\/index.php\\\/2025\\\/08\\\/09\\\/asociacion-melipilla-y-el-clasificatorio-norte-vamos-a-trabajar-para-hacer-lo-mejor-posible\\\/#article\",\"isPartOf\":{\"@id\":\"https:\\\/\\\/diarioellabrador.cl\\\/index.php\\\/2025\\\/08\\\/09\\\/asociacion-melipilla-y-el-clasificatorio-norte-vamos-a-trabajar-para-hacer-lo-mejor-posible\\\/\"},\"author\":{\"name\":\"Editor\",\"@id\":\"https:\\\/\\\/diarioellabrador.cl\\\/#\\\/schema\\\/person\\\/bc25ff80b4563f9c7f4bd7855df01685\"},\"headline\":\"Asociaci\u00f3n Melipilla y el Clasificatorio Norte: \u00abVamos a trabajar para hacer lo mejor posible\u00bb\",\"datePublished\":\"2025-08-09T19:35:31+00:00\",\"dateModified\":\"2025-08-09T19:35:32+00:00\",\"mainEntityOfPage\":{\"@id\":\"https:\\\/\\\/diarioellabrador.cl\\\/index.php\\\/2025\\\/08\\\/09\\\/asociacion-melipilla-y-el-clasificatorio-norte-vamos-a-trabajar-para-hacer-lo-mejor-posible\\\/\"},\"wordCount\":476,\"commentCount\":0,\"publisher\":{\"@id\":\"https:\\\/\\\/diarioellabrador.cl\\\/#organization\"},\"image\":{\"@id\":\"https:\\\/\\\/diarioellabrador.cl\\\/index.php\\\/2025\\\/08\\\/09\\\/asociacion-melipilla-y-el-clasificatorio-norte-vamos-a-trabajar-para-hacer-lo-mejor-posible\\\/#primaryimage\"},\"thumbnailUrl\":\"https:\\\/\\\/diarioellabrador.cl\\\/wp-content\\\/uploads\\\/2025\\\/08\\\/Asociacion-Melipilla-y-el-Clasificatorio-Norte-Vamos-a-trabajar-para-hacer-lo-mejor-posible.jpg\",\"articleSection\":[\"Deportes\"],\"inLanguage\":\"es\",\"potentialAction\":[{\"@type\":\"CommentAction\",\"name\":\"Comment\",\"target\":[\"https:\\\/\\\/diarioellabrador.cl\\\/index.php\\\/2025\\\/08\\\/09\\\/asociacion-melipilla-y-el-clasificatorio-norte-vamos-a-trabajar-para-hacer-lo-mejor-posible\\\/#respond\"]}]},{\"@type\":\"WebPage\",\"@id\":\"https:\\\/\\\/diarioellabrador.cl\\\/index.php\\\/2025\\\/08\\\/09\\\/asociacion-melipilla-y-el-clasificatorio-norte-vamos-a-trabajar-para-hacer-lo-mejor-posible\\\/\",\"url\":\"https:\\\/\\\/diarioellabrador.cl\\\/index.php\\\/2025\\\/08\\\/09\\\/asociacion-melipilla-y-el-clasificatorio-norte-vamos-a-trabajar-para-hacer-lo-mejor-posible\\\/\",\"name\":\"Asociaci\u00f3n Melipilla y el Clasificatorio Norte: \\\"Vamos a trabajar para hacer lo mejor posible\\\" - Diario El Labrador\",\"isPartOf\":{\"@id\":\"https:\\\/\\\/diarioellabrador.cl\\\/#website\"},\"primaryImageOfPage\":{\"@id\":\"https:\\\/\\\/diarioellabrador.cl\\\/index.php\\\/2025\\\/08\\\/09\\\/asociacion-melipilla-y-el-clasificatorio-norte-vamos-a-trabajar-para-hacer-lo-mejor-posible\\\/#primaryimage\"},\"image\":{\"@id\":\"https:\\\/\\\/diarioellabrador.cl\\\/index.php\\\/2025\\\/08\\\/09\\\/asociacion-melipilla-y-el-clasificatorio-norte-vamos-a-trabajar-para-hacer-lo-mejor-posible\\\/#primaryimage\"},\"thumbnailUrl\":\"https:\\\/\\\/diarioellabrador.cl\\\/wp-content\\\/uploads\\\/2025\\\/08\\\/Asociacion-Melipilla-y-el-Clasificatorio-Norte-Vamos-a-trabajar-para-hacer-lo-mejor-posible.jpg\",\"datePublished\":\"2025-08-09T19:35:31+00:00\",\"dateModified\":\"2025-08-09T19:35:32+00:00\",\"breadcrumb\":{\"@id\":\"https:\\\/\\\/diarioellabrador.cl\\\/index.php\\\/2025\\\/08\\\/09\\\/asociacion-melipilla-y-el-clasificatorio-norte-vamos-a-trabajar-para-hacer-lo-mejor-posible\\\/#breadcrumb\"},\"inLanguage\":\"es\",\"potentialAction\":[{\"@type\":\"ReadAction\",\"target\":[\"https:\\\/\\\/diarioellabrador.cl\\\/index.php\\\/2025\\\/08\\\/09\\\/asociacion-melipilla-y-el-clasificatorio-norte-vamos-a-trabajar-para-hacer-lo-mejor-posible\\\/\"]}]},{\"@type\":\"ImageObject\",\"inLanguage\":\"es\",\"@id\":\"https:\\\/\\\/diarioellabrador.cl\\\/index.php\\\/2025\\\/08\\\/09\\\/asociacion-melipilla-y-el-clasificatorio-norte-vamos-a-trabajar-para-hacer-lo-mejor-posible\\\/#primaryimage\",\"url\":\"https:\\\/\\\/diarioellabrador.cl\\\/wp-content\\\/uploads\\\/2025\\\/08\\\/Asociacion-Melipilla-y-el-Clasificatorio-Norte-Vamos-a-trabajar-para-hacer-lo-mejor-posible.jpg\",\"contentUrl\":\"https:\\\/\\\/diarioellabrador.cl\\\/wp-content\\\/uploads\\\/2025\\\/08\\\/Asociacion-Melipilla-y-el-Clasificatorio-Norte-Vamos-a-trabajar-para-hacer-lo-mejor-posible.jpg\",\"width\":750,\"height\":389},{\"@type\":\"BreadcrumbList\",\"@id\":\"https:\\\/\\\/diarioellabrador.cl\\\/index.php\\\/2025\\\/08\\\/09\\\/asociacion-melipilla-y-el-clasificatorio-norte-vamos-a-trabajar-para-hacer-lo-mejor-posible\\\/#breadcrumb\",\"itemListElement\":[{\"@type\":\"ListItem\",\"position\":1,\"name\":\"Portada\",\"item\":\"https:\\\/\\\/diarioellabrador.cl\\\/\"},{\"@type\":\"ListItem\",\"position\":2,\"name\":\"Asociaci\u00f3n Melipilla y el Clasificatorio Norte: \u00abVamos a trabajar para hacer lo mejor posible\u00bb\"}]},{\"@type\":\"WebSite\",\"@id\":\"https:\\\/\\\/diarioellabrador.cl\\\/#website\",\"url\":\"https:\\\/\\\/diarioellabrador.cl\\\/\",\"name\":\"Diario El Labrador\",\"description\":\"Haciendo noticia desde 1921\",\"publisher\":{\"@id\":\"https:\\\/\\\/diarioellabrador.cl\\\/#organization\"},\"potentialAction\":[{\"@type\":\"SearchAction\",\"target\":{\"@type\":\"EntryPoint\",\"urlTemplate\":\"https:\\\/\\\/diarioellabrador.cl\\\/?s={search_term_string}\"},\"query-input\":{\"@type\":\"PropertyValueSpecification\",\"valueRequired\":true,\"valueName\":\"search_term_string\"}}],\"inLanguage\":\"es\"},{\"@type\":\"Organization\",\"@id\":\"https:\\\/\\\/diarioellabrador.cl\\\/#organization\",\"name\":\"Diario El Labrador\",\"url\":\"https:\\\/\\\/diarioellabrador.cl\\\/\",\"logo\":{\"@type\":\"ImageObject\",\"inLanguage\":\"es\",\"@id\":\"https:\\\/\\\/diarioellabrador.cl\\\/#\\\/schema\\\/logo\\\/image\\\/\",\"url\":\"https:\\\/\\\/diarioellabrador.cl\\\/wp-content\\\/uploads\\\/2025\\\/02\\\/cropped-Logo-Icono.png\",\"contentUrl\":\"https:\\\/\\\/diarioellabrador.cl\\\/wp-content\\\/uploads\\\/2025\\\/02\\\/cropped-Logo-Icono.png\",\"width\":512,\"height\":512,\"caption\":\"Diario El Labrador\"},\"image\":{\"@id\":\"https:\\\/\\\/diarioellabrador.cl\\\/#\\\/schema\\\/logo\\\/image\\\/\"},\"sameAs\":[\"https:\\\/\\\/web.facebook.com\\\/profile.php?id=61576120840621\",\"https:\\\/\\\/x.com\\\/ElLabradorOf\",\"https:\\\/\\\/www.instagram.com\\\/diarioellabradoroficial\\\/\"]},{\"@type\":\"Person\",\"@id\":\"https:\\\/\\\/diarioellabrador.cl\\\/#\\\/schema\\\/person\\\/bc25ff80b4563f9c7f4bd7855df01685\",\"name\":\"Editor\",\"image\":{\"@type\":\"ImageObject\",\"inLanguage\":\"es\",\"@id\":\"https:\\\/\\\/secure.gravatar.com\\\/avatar\\\/109c326cf2be5c04f048c2c2a2b8b6ef44bf3d8d1d3d4c55d0ac40c4bc994684?s=96&d=mm&r=g\",\"url\":\"https:\\\/\\\/secure.gravatar.com\\\/avatar\\\/109c326cf2be5c04f048c2c2a2b8b6ef44bf3d8d1d3d4c55d0ac40c4bc994684?s=96&d=mm&r=g\",\"contentUrl\":\"https:\\\/\\\/secure.gravatar.com\\\/avatar\\\/109c326cf2be5c04f048c2c2a2b8b6ef44bf3d8d1d3d4c55d0ac40c4bc994684?s=96&d=mm&r=g\",\"caption\":\"Editor\"},\"url\":\"https:\\\/\\\/diarioellabrador.cl\\\/index.php\\\/author\\\/editor\\\/\"}]}<\/script>\n<!-- \/ Yoast SEO plugin. -->","yoast_head_json":{"title":"Asociaci\u00f3n Melipilla y el Clasificatorio Norte: \"Vamos a trabajar para hacer lo mejor posible\" - Diario El Labrador","robots":{"index":"index","follow":"follow","max-snippet":"max-snippet:-1","max-image-preview":"max-image-preview:large","max-video-preview":"max-video-preview:-1"},"canonical":"https:\/\/diarioellabrador.cl\/index.php\/2025\/08\/09\/asociacion-melipilla-y-el-clasificatorio-norte-vamos-a-trabajar-para-hacer-lo-mejor-posible\/","og_locale":"es_ES","og_type":"article","og_title":"Asociaci\u00f3n Melipilla y el Clasificatorio Norte: \"Vamos a trabajar para hacer lo mejor posible\" - Diario El Labrador","og_description":"Autor: Alejandro Alegr\u00eda Torres La Asociaci\u00f3n Melipilla se encuentra trabajando con gran entusiasmo y mucha dedicaci\u00f3n en la preparaci\u00f3n del Clasificatorio Norte que se realizar\u00e1 el 11, 12, 13, 14 y 15 de marzo en la Medialuna \u00abCarlos Zavala\u00bb de Chocal\u00e1n, recinto ubicado en Melipilla. Johann Gude, presidente de la entidad, cont\u00f3 a Caballoyrodeo.cl: \u00abSe Leer m\u00e1s","og_url":"https:\/\/diarioellabrador.cl\/index.php\/2025\/08\/09\/asociacion-melipilla-y-el-clasificatorio-norte-vamos-a-trabajar-para-hacer-lo-mejor-posible\/","og_site_name":"Diario El Labrador","article_publisher":"https:\/\/web.facebook.com\/profile.php?id=61576120840621","article_published_time":"2025-08-09T19:35:31+00:00","article_modified_time":"2025-08-09T19:35:32+00:00","og_image":[{"width":750,"height":389,"url":"https:\/\/diarioellabrador.cl\/wp-content\/uploads\/2025\/08\/Asociacion-Melipilla-y-el-Clasificatorio-Norte-Vamos-a-trabajar-para-hacer-lo-mejor-posible.jpg","type":"image\/jpeg"}],"author":"Editor","twitter_card":"summary_large_image","twitter_creator":"@ElLabradorOf","twitter_site":"@ElLabradorOf","twitter_misc":{"Escrito por":"Editor","Tiempo de lectura":"2 minutos"},"schema":{"@context":"https:\/\/schema.org","@graph":[{"@type":"Article","@id":"https:\/\/diarioellabrador.cl\/index.php\/2025\/08\/09\/asociacion-melipilla-y-el-clasificatorio-norte-vamos-a-trabajar-para-hacer-lo-mejor-posible\/#article","isPartOf":{"@id":"https:\/\/diarioellabrador.cl\/index.php\/2025\/08\/09\/asociacion-melipilla-y-el-clasificatorio-norte-vamos-a-trabajar-para-hacer-lo-mejor-posible\/"},"author":{"name":"Editor","@id":"https:\/\/diarioellabrador.cl\/#\/schema\/person\/bc25ff80b4563f9c7f4bd7855df01685"},"headline":"Asociaci\u00f3n Melipilla y el Clasificatorio Norte: \u00abVamos a trabajar para hacer lo mejor posible\u00bb","datePublished":"2025-08-09T19:35:31+00:00","dateModified":"2025-08-09T19:35:32+00:00","mainEntityOfPage":{"@id":"https:\/\/diarioellabrador.cl\/index.php\/2025\/08\/09\/asociacion-melipilla-y-el-clasificatorio-norte-vamos-a-trabajar-para-hacer-lo-mejor-posible\/"},"wordCount":476,"commentCount":0,"publisher":{"@id":"https:\/\/diarioellabrador.cl\/#organization"},"image":{"@id":"https:\/\/diarioellabrador.cl\/index.php\/2025\/08\/09\/asociacion-melipilla-y-el-clasificatorio-norte-vamos-a-trabajar-para-hacer-lo-mejor-posible\/#primaryimage"},"thumbnailUrl":"https:\/\/diarioellabrador.cl\/wp-content\/uploads\/2025\/08\/Asociacion-Melipilla-y-el-Clasificatorio-Norte-Vamos-a-trabajar-para-hacer-lo-mejor-posible.jpg","articleSection":["Deportes"],"inLanguage":"es","potentialAction":[{"@type":"CommentAction","name":"Comment","target":["https:\/\/diarioellabrador.cl\/index.php\/2025\/08\/09\/asociacion-melipilla-y-el-clasificatorio-norte-vamos-a-trabajar-para-hacer-lo-mejor-posible\/#respond"]}]},{"@type":"WebPage","@id":"https:\/\/diarioellabrador.cl\/index.php\/2025\/08\/09\/asociacion-melipilla-y-el-clasificatorio-norte-vamos-a-trabajar-para-hacer-lo-mejor-posible\/","url":"https:\/\/diarioellabrador.cl\/index.php\/2025\/08\/09\/asociacion-melipilla-y-el-clasificatorio-norte-vamos-a-trabajar-para-hacer-lo-mejor-posible\/","name":"Asociaci\u00f3n Melipilla y el Clasificatorio Norte: \"Vamos a trabajar para hacer lo mejor posible\" - Diario El Labrador","isPartOf":{"@id":"https:\/\/diarioellabrador.cl\/#website"},"primaryImageOfPage":{"@id":"https:\/\/diarioellabrador.cl\/index.php\/2025\/08\/09\/asociacion-melipilla-y-el-clasificatorio-norte-vamos-a-trabajar-para-hacer-lo-mejor-posible\/#primaryimage"},"image":{"@id":"https:\/\/diarioellabrador.cl\/index.php\/2025\/08\/09\/asociacion-melipilla-y-el-clasificatorio-norte-vamos-a-trabajar-para-hacer-lo-mejor-posible\/#primaryimage"},"thumbnailUrl":"https:\/\/diarioellabrador.cl\/wp-content\/uploads\/2025\/08\/Asociacion-Melipilla-y-el-Clasificatorio-Norte-Vamos-a-trabajar-para-hacer-lo-mejor-posible.jpg","datePublished":"2025-08-09T19:35:31+00:00","dateModified":"2025-08-09T19:35:32+00:00","breadcrumb":{"@id":"https:\/\/diarioellabrador.cl\/index.php\/2025\/08\/09\/asociacion-melipilla-y-el-clasificatorio-norte-vamos-a-trabajar-para-hacer-lo-mejor-posible\/#breadcrumb"},"inLanguage":"es","potentialAction":[{"@type":"ReadAction","target":["https:\/\/diarioellabrador.cl\/index.php\/2025\/08\/09\/asociacion-melipilla-y-el-clasificatorio-norte-vamos-a-trabajar-para-hacer-lo-mejor-posible\/"]}]},{"@type":"ImageObject","inLanguage":"es","@id":"https:\/\/diarioellabrador.cl\/index.php\/2025\/08\/09\/asociacion-melipilla-y-el-clasificatorio-norte-vamos-a-trabajar-para-hacer-lo-mejor-posible\/#primaryimage","url":"https:\/\/diarioellabrador.cl\/wp-content\/uploads\/2025\/08\/Asociacion-Melipilla-y-el-Clasificatorio-Norte-Vamos-a-trabajar-para-hacer-lo-mejor-posible.jpg","contentUrl":"https:\/\/diarioellabrador.cl\/wp-content\/uploads\/2025\/08\/Asociacion-Melipilla-y-el-Clasificatorio-Norte-Vamos-a-trabajar-para-hacer-lo-mejor-posible.jpg","width":750,"height":389},{"@type":"BreadcrumbList","@id":"https:\/\/diarioellabrador.cl\/index.php\/2025\/08\/09\/asociacion-melipilla-y-el-clasificatorio-norte-vamos-a-trabajar-para-hacer-lo-mejor-posible\/#breadcrumb","itemListElement":[{"@type":"ListItem","position":1,"name":"Portada","item":"https:\/\/diarioellabrador.cl\/"},{"@type":"ListItem","position":2,"name":"Asociaci\u00f3n Melipilla y el Clasificatorio Norte: \u00abVamos a trabajar para hacer lo mejor posible\u00bb"}]},{"@type":"WebSite","@id":"https:\/\/diarioellabrador.cl\/#website","url":"https:\/\/diarioellabrador.cl\/","name":"Diario El Labrador","description":"Haciendo noticia desde 1921","publisher":{"@id":"https:\/\/diarioellabrador.cl\/#organization"},"potentialAction":[{"@type":"SearchAction","target":{"@type":"EntryPoint","urlTemplate":"https:\/\/diarioellabrador.cl\/?s={search_term_string}"},"query-input":{"@type":"PropertyValueSpecification","valueRequired":true,"valueName":"search_term_string"}}],"inLanguage":"es"},{"@type":"Organization","@id":"https:\/\/diarioellabrador.cl\/#organization","name":"Diario El Labrador","url":"https:\/\/diarioellabrador.cl\/","logo":{"@type":"ImageObject","inLanguage":"es","@id":"https:\/\/diarioellabrador.cl\/#\/schema\/logo\/image\/","url":"https:\/\/diarioellabrador.cl\/wp-content\/uploads\/2025\/02\/cropped-Logo-Icono.png","contentUrl":"https:\/\/diarioellabrador.cl\/wp-content\/uploads\/2025\/02\/cropped-Logo-Icono.png","width":512,"height":512,"caption":"Diario El Labrador"},"image":{"@id":"https:\/\/diarioellabrador.cl\/#\/schema\/logo\/image\/"},"sameAs":["https:\/\/web.facebook.com\/profile.php?id=61576120840621","https:\/\/x.com\/ElLabradorOf","https:\/\/www.instagram.com\/diarioellabradoroficial\/"]},{"@type":"Person","@id":"https:\/\/diarioellabrador.cl\/#\/schema\/person\/bc25ff80b4563f9c7f4bd7855df01685","name":"Editor","image":{"@type":"ImageObject","inLanguage":"es","@id":"https:\/\/secure.gravatar.com\/avatar\/109c326cf2be5c04f048c2c2a2b8b6ef44bf3d8d1d3d4c55d0ac40c4bc994684?s=96&d=mm&r=g","url":"https:\/\/secure.gravatar.com\/avatar\/109c326cf2be5c04f048c2c2a2b8b6ef44bf3d8d1d3d4c55d0ac40c4bc994684?s=96&d=mm&r=g","contentUrl":"https:\/\/secure.gravatar.com\/avatar\/109c326cf2be5c04f048c2c2a2b8b6ef44bf3d8d1d3d4c55d0ac40c4bc994684?s=96&d=mm&r=g","caption":"Editor"},"url":"https:\/\/diarioellabrador.cl\/index.php\/author\/editor\/"}]}},"_links":{"self":[{"href":"https:\/\/diarioellabrador.cl\/index.php\/wp-json\/wp\/v2\/posts\/6848","targetHints":{"allow":["GET"]}}],"collection":[{"href":"https:\/\/diarioellabrador.cl\/index.php\/wp-json\/wp\/v2\/posts"}],"about":[{"href":"https:\/\/diarioellabrador.cl\/index.php\/wp-json\/wp\/v2\/types\/post"}],"author":[{"embeddable":true,"href":"https:\/\/diarioellabrador.cl\/index.php\/wp-json\/wp\/v2\/users\/2"}],"replies":[{"embeddable":true,"href":"https:\/\/diarioellabrador.cl\/index.php\/wp-json\/wp\/v2\/comments?post=6848"}],"version-history":[{"count":1,"href":"https:\/\/diarioellabrador.cl\/index.php\/wp-json\/wp\/v2\/posts\/6848\/revisions"}],"predecessor-version":[{"id":6849,"href":"https:\/\/diarioellabrador.cl\/index.php\/wp-json\/wp\/v2\/posts\/6848\/revisions\/6849"}],"wp:featuredmedia":[{"embeddable":true,"href":"https:\/\/diarioellabrador.cl\/index.php\/wp-json\/wp\/v2\/media\/6830"}],"wp:attachment":[{"href":"https:\/\/diarioellabrador.cl\/index.php\/wp-json\/wp\/v2\/media?parent=6848"}],"wp:term":[{"taxonomy":"category","embeddable":true,"href":"https:\/\/diarioellabrador.cl\/index.php\/wp-json\/wp\/v2\/categories?post=6848"},{"taxonomy":"post_tag","embeddable":true,"href":"https:\/\/diarioellabrador.cl\/index.php\/wp-json\/wp\/v2\/tags?post=6848"}],"curies":[{"name":"wp","href":"https:\/\/api.w.org\/{rel}","templated":true}]}}