{"id":6703,"date":"2025-08-05T18:56:44","date_gmt":"2025-08-05T22:56:44","guid":{"rendered":"https:\/\/diarioellabrador.cl\/?p=6703"},"modified":"2025-08-05T18:56:45","modified_gmt":"2025-08-05T22:56:45","slug":"franco-parisi-visita-melipilla-en-medio-de-su-repunte-en-las-encuestas","status":"publish","type":"post","link":"https:\/\/diarioellabrador.cl\/index.php\/2025\/08\/05\/franco-parisi-visita-melipilla-en-medio-de-su-repunte-en-las-encuestas\/","title":{"rendered":"Franco Parisi visita Melipilla en medio de su repunte en las encuestas"},"content":{"rendered":"\n<p>El candidato presidencial por el Partido de la Gente (PDG) Franco Parisi, se reuni\u00f3 con sus adherentes y candidatos al parlamento en Melipilla, en medio de su despegue en las encuestas que lo sit\u00faan entre el quinto y el cuarto lugar de las preferencias, seg\u00fan las respectivas mediciones, alcanzando \u2013incluso- a la candidata de Chile Vamos y Amarillos, Evelyn Matthei.<\/p>\n\n\n\n<p>En conversaci\u00f3n con los medios locales y rodeado de quienes lo apoyan en esta nueva aventura presidencial, Parisi se\u00f1al\u00f3 que el objetivo de su trabajo en terreno es dar conocer sus propuestas, abordando y escuchando a la comunidad y los candidatos de su partido en los temas que m\u00e1s preocupan a la ciudadan\u00eda, principalmente, el de seguridad.<\/p>\n\n\n\n<p>\u201cHemos pasado por varias comunas, la idea es visitar, hablar con los militantes del Partido de la Gente, conversar con nuestros candidatos. Tenemos una lista completa para las elecciones de noviembre, y empaparse de lo que est\u00e1 pasando en una ciudad importante como es Melipilla, una ciudad dormitorio para Santiago, bastante maltratada\u201d.<\/p>\n\n\n\n<p>Parisi agreg\u00f3 que, \u201cvimos que la semana pasada Melipilla tuvo una situaci\u00f3n de violencia nunca antes vista, con el asalto a la tienda de Entel. La criminalidad est\u00e1 desbordada\u201d, raz\u00f3n por la cual destaca entre sus propuestas, el contar con militares en las calles, resguardar la infraestructura cr\u00edtica del pa\u00eds, decretar Estado de Excepci\u00f3n Constitucional en las regiones o zonas que lo requieran, \u201cpara que vuelva la tranquilidad a nuestros barrios\u201d, propuso.<\/p>\n","protected":false},"excerpt":{"rendered":"<p>El candidato presidencial por el Partido de la Gente (PDG) Franco Parisi, se reuni\u00f3 con sus adherentes y candidatos al parlamento en Melipilla, en medio de su despegue en las encuestas que lo sit\u00faan entre el quinto y el cuarto lugar de las preferencias, seg\u00fan las respectivas mediciones, alcanzando \u2013incluso- a la candidata de Chile<\/p>\n<div class=\"read-more-wrapper\"><a class=\"read-more\" href=\"https:\/\/diarioellabrador.cl\/index.php\/2025\/08\/05\/franco-parisi-visita-melipilla-en-medio-de-su-repunte-en-las-encuestas\/\" title=\"Leer m\u00e1s\"> <span class=\"button \">Leer m\u00e1s<\/span><\/a><\/div>\n","protected":false},"author":2,"featured_media":6643,"comment_status":"open","ping_status":"open","sticky":false,"template":"","format":"standard","meta":{"footnotes":""},"categories":[1],"tags":[],"class_list":["post-6703","post","type-post","status-publish","format-standard","has-post-thumbnail","hentry","category-cronica"],"yoast_head":"<!-- This site is optimized with the Yoast SEO plugin v27.5 - https:\/\/yoast.com\/product\/yoast-seo-wordpress\/ -->\n<title>Franco Parisi visita Melipilla en medio de su repunte en las encuestas - Diario El Labrador<\/title>\n<meta name=\"robots\" content=\"index, follow, max-snippet:-1, max-image-preview:large, max-video-preview:-1\" \/>\n<link rel=\"canonical\" href=\"https:\/\/diarioellabrador.cl\/index.php\/2025\/08\/05\/franco-parisi-visita-melipilla-en-medio-de-su-repunte-en-las-encuestas\/\" \/>\n<meta property=\"og:locale\" content=\"es_ES\" \/>\n<meta property=\"og:type\" content=\"article\" \/>\n<meta property=\"og:title\" content=\"Franco Parisi visita Melipilla en medio de su repunte en las encuestas - Diario El Labrador\" \/>\n<meta property=\"og:description\" content=\"El candidato presidencial por el Partido de la Gente (PDG) Franco Parisi, se reuni\u00f3 con sus adherentes y candidatos al parlamento en Melipilla, en medio de su despegue en las encuestas que lo sit\u00faan entre el quinto y el cuarto lugar de las preferencias, seg\u00fan las respectivas mediciones, alcanzando \u2013incluso- a la candidata de Chile Leer m\u00e1s\" \/>\n<meta property=\"og:url\" content=\"https:\/\/diarioellabrador.cl\/index.php\/2025\/08\/05\/franco-parisi-visita-melipilla-en-medio-de-su-repunte-en-las-encuestas\/\" \/>\n<meta property=\"og:site_name\" content=\"Diario El Labrador\" \/>\n<meta property=\"article:publisher\" content=\"https:\/\/web.facebook.com\/profile.php?id=61576120840621\" \/>\n<meta property=\"article:published_time\" content=\"2025-08-05T22:56:44+00:00\" \/>\n<meta property=\"article:modified_time\" content=\"2025-08-05T22:56:45+00:00\" \/>\n<meta property=\"og:image\" content=\"https:\/\/diarioellabrador.cl\/wp-content\/uploads\/2025\/08\/Franco-Parisi-visita-Melipilla-en-medio-de-su-repunte-en-las-encuestas.jpg\" \/>\n\t<meta property=\"og:image:width\" content=\"1439\" \/>\n\t<meta property=\"og:image:height\" content=\"753\" \/>\n\t<meta property=\"og:image:type\" content=\"image\/jpeg\" \/>\n<meta name=\"author\" content=\"Editor\" \/>\n<meta name=\"twitter:card\" content=\"summary_large_image\" \/>\n<meta name=\"twitter:creator\" content=\"@ElLabradorOf\" \/>\n<meta name=\"twitter:site\" content=\"@ElLabradorOf\" \/>\n<meta name=\"twitter:label1\" content=\"Escrito por\" \/>\n\t<meta name=\"twitter:data1\" content=\"Editor\" \/>\n\t<meta name=\"twitter:label2\" content=\"Tiempo de lectura\" \/>\n\t<meta name=\"twitter:data2\" content=\"2 minutos\" \/>\n<script type=\"application\/ld+json\" class=\"yoast-schema-graph\">{\"@context\":\"https:\\\/\\\/schema.org\",\"@graph\":[{\"@type\":\"Article\",\"@id\":\"https:\\\/\\\/diarioellabrador.cl\\\/index.php\\\/2025\\\/08\\\/05\\\/franco-parisi-visita-melipilla-en-medio-de-su-repunte-en-las-encuestas\\\/#article\",\"isPartOf\":{\"@id\":\"https:\\\/\\\/diarioellabrador.cl\\\/index.php\\\/2025\\\/08\\\/05\\\/franco-parisi-visita-melipilla-en-medio-de-su-repunte-en-las-encuestas\\\/\"},\"author\":{\"name\":\"Editor\",\"@id\":\"https:\\\/\\\/diarioellabrador.cl\\\/#\\\/schema\\\/person\\\/bc25ff80b4563f9c7f4bd7855df01685\"},\"headline\":\"Franco Parisi visita Melipilla en medio de su repunte en las encuestas\",\"datePublished\":\"2025-08-05T22:56:44+00:00\",\"dateModified\":\"2025-08-05T22:56:45+00:00\",\"mainEntityOfPage\":{\"@id\":\"https:\\\/\\\/diarioellabrador.cl\\\/index.php\\\/2025\\\/08\\\/05\\\/franco-parisi-visita-melipilla-en-medio-de-su-repunte-en-las-encuestas\\\/\"},\"wordCount\":264,\"commentCount\":0,\"publisher\":{\"@id\":\"https:\\\/\\\/diarioellabrador.cl\\\/#organization\"},\"image\":{\"@id\":\"https:\\\/\\\/diarioellabrador.cl\\\/index.php\\\/2025\\\/08\\\/05\\\/franco-parisi-visita-melipilla-en-medio-de-su-repunte-en-las-encuestas\\\/#primaryimage\"},\"thumbnailUrl\":\"https:\\\/\\\/diarioellabrador.cl\\\/wp-content\\\/uploads\\\/2025\\\/08\\\/Franco-Parisi-visita-Melipilla-en-medio-de-su-repunte-en-las-encuestas.jpg\",\"articleSection\":[\"Cr\u00f3nica\"],\"inLanguage\":\"es\",\"potentialAction\":[{\"@type\":\"CommentAction\",\"name\":\"Comment\",\"target\":[\"https:\\\/\\\/diarioellabrador.cl\\\/index.php\\\/2025\\\/08\\\/05\\\/franco-parisi-visita-melipilla-en-medio-de-su-repunte-en-las-encuestas\\\/#respond\"]}]},{\"@type\":\"WebPage\",\"@id\":\"https:\\\/\\\/diarioellabrador.cl\\\/index.php\\\/2025\\\/08\\\/05\\\/franco-parisi-visita-melipilla-en-medio-de-su-repunte-en-las-encuestas\\\/\",\"url\":\"https:\\\/\\\/diarioellabrador.cl\\\/index.php\\\/2025\\\/08\\\/05\\\/franco-parisi-visita-melipilla-en-medio-de-su-repunte-en-las-encuestas\\\/\",\"name\":\"Franco Parisi visita Melipilla en medio de su repunte en las encuestas - Diario El Labrador\",\"isPartOf\":{\"@id\":\"https:\\\/\\\/diarioellabrador.cl\\\/#website\"},\"primaryImageOfPage\":{\"@id\":\"https:\\\/\\\/diarioellabrador.cl\\\/index.php\\\/2025\\\/08\\\/05\\\/franco-parisi-visita-melipilla-en-medio-de-su-repunte-en-las-encuestas\\\/#primaryimage\"},\"image\":{\"@id\":\"https:\\\/\\\/diarioellabrador.cl\\\/index.php\\\/2025\\\/08\\\/05\\\/franco-parisi-visita-melipilla-en-medio-de-su-repunte-en-las-encuestas\\\/#primaryimage\"},\"thumbnailUrl\":\"https:\\\/\\\/diarioellabrador.cl\\\/wp-content\\\/uploads\\\/2025\\\/08\\\/Franco-Parisi-visita-Melipilla-en-medio-de-su-repunte-en-las-encuestas.jpg\",\"datePublished\":\"2025-08-05T22:56:44+00:00\",\"dateModified\":\"2025-08-05T22:56:45+00:00\",\"breadcrumb\":{\"@id\":\"https:\\\/\\\/diarioellabrador.cl\\\/index.php\\\/2025\\\/08\\\/05\\\/franco-parisi-visita-melipilla-en-medio-de-su-repunte-en-las-encuestas\\\/#breadcrumb\"},\"inLanguage\":\"es\",\"potentialAction\":[{\"@type\":\"ReadAction\",\"target\":[\"https:\\\/\\\/diarioellabrador.cl\\\/index.php\\\/2025\\\/08\\\/05\\\/franco-parisi-visita-melipilla-en-medio-de-su-repunte-en-las-encuestas\\\/\"]}]},{\"@type\":\"ImageObject\",\"inLanguage\":\"es\",\"@id\":\"https:\\\/\\\/diarioellabrador.cl\\\/index.php\\\/2025\\\/08\\\/05\\\/franco-parisi-visita-melipilla-en-medio-de-su-repunte-en-las-encuestas\\\/#primaryimage\",\"url\":\"https:\\\/\\\/diarioellabrador.cl\\\/wp-content\\\/uploads\\\/2025\\\/08\\\/Franco-Parisi-visita-Melipilla-en-medio-de-su-repunte-en-las-encuestas.jpg\",\"contentUrl\":\"https:\\\/\\\/diarioellabrador.cl\\\/wp-content\\\/uploads\\\/2025\\\/08\\\/Franco-Parisi-visita-Melipilla-en-medio-de-su-repunte-en-las-encuestas.jpg\",\"width\":1439,\"height\":753},{\"@type\":\"BreadcrumbList\",\"@id\":\"https:\\\/\\\/diarioellabrador.cl\\\/index.php\\\/2025\\\/08\\\/05\\\/franco-parisi-visita-melipilla-en-medio-de-su-repunte-en-las-encuestas\\\/#breadcrumb\",\"itemListElement\":[{\"@type\":\"ListItem\",\"position\":1,\"name\":\"Portada\",\"item\":\"https:\\\/\\\/diarioellabrador.cl\\\/\"},{\"@type\":\"ListItem\",\"position\":2,\"name\":\"Franco Parisi visita Melipilla en medio de su repunte en las encuestas\"}]},{\"@type\":\"WebSite\",\"@id\":\"https:\\\/\\\/diarioellabrador.cl\\\/#website\",\"url\":\"https:\\\/\\\/diarioellabrador.cl\\\/\",\"name\":\"Diario El Labrador\",\"description\":\"Haciendo noticia desde 1921\",\"publisher\":{\"@id\":\"https:\\\/\\\/diarioellabrador.cl\\\/#organization\"},\"potentialAction\":[{\"@type\":\"SearchAction\",\"target\":{\"@type\":\"EntryPoint\",\"urlTemplate\":\"https:\\\/\\\/diarioellabrador.cl\\\/?s={search_term_string}\"},\"query-input\":{\"@type\":\"PropertyValueSpecification\",\"valueRequired\":true,\"valueName\":\"search_term_string\"}}],\"inLanguage\":\"es\"},{\"@type\":\"Organization\",\"@id\":\"https:\\\/\\\/diarioellabrador.cl\\\/#organization\",\"name\":\"Diario El Labrador\",\"url\":\"https:\\\/\\\/diarioellabrador.cl\\\/\",\"logo\":{\"@type\":\"ImageObject\",\"inLanguage\":\"es\",\"@id\":\"https:\\\/\\\/diarioellabrador.cl\\\/#\\\/schema\\\/logo\\\/image\\\/\",\"url\":\"https:\\\/\\\/diarioellabrador.cl\\\/wp-content\\\/uploads\\\/2025\\\/02\\\/cropped-Logo-Icono.png\",\"contentUrl\":\"https:\\\/\\\/diarioellabrador.cl\\\/wp-content\\\/uploads\\\/2025\\\/02\\\/cropped-Logo-Icono.png\",\"width\":512,\"height\":512,\"caption\":\"Diario El Labrador\"},\"image\":{\"@id\":\"https:\\\/\\\/diarioellabrador.cl\\\/#\\\/schema\\\/logo\\\/image\\\/\"},\"sameAs\":[\"https:\\\/\\\/web.facebook.com\\\/profile.php?id=61576120840621\",\"https:\\\/\\\/x.com\\\/ElLabradorOf\",\"https:\\\/\\\/www.instagram.com\\\/diarioellabradoroficial\\\/\"]},{\"@type\":\"Person\",\"@id\":\"https:\\\/\\\/diarioellabrador.cl\\\/#\\\/schema\\\/person\\\/bc25ff80b4563f9c7f4bd7855df01685\",\"name\":\"Editor\",\"image\":{\"@type\":\"ImageObject\",\"inLanguage\":\"es\",\"@id\":\"https:\\\/\\\/secure.gravatar.com\\\/avatar\\\/109c326cf2be5c04f048c2c2a2b8b6ef44bf3d8d1d3d4c55d0ac40c4bc994684?s=96&d=mm&r=g\",\"url\":\"https:\\\/\\\/secure.gravatar.com\\\/avatar\\\/109c326cf2be5c04f048c2c2a2b8b6ef44bf3d8d1d3d4c55d0ac40c4bc994684?s=96&d=mm&r=g\",\"contentUrl\":\"https:\\\/\\\/secure.gravatar.com\\\/avatar\\\/109c326cf2be5c04f048c2c2a2b8b6ef44bf3d8d1d3d4c55d0ac40c4bc994684?s=96&d=mm&r=g\",\"caption\":\"Editor\"},\"url\":\"https:\\\/\\\/diarioellabrador.cl\\\/index.php\\\/author\\\/editor\\\/\"}]}<\/script>\n<!-- \/ Yoast SEO plugin. -->","yoast_head_json":{"title":"Franco Parisi visita Melipilla en medio de su repunte en las encuestas - Diario El Labrador","robots":{"index":"index","follow":"follow","max-snippet":"max-snippet:-1","max-image-preview":"max-image-preview:large","max-video-preview":"max-video-preview:-1"},"canonical":"https:\/\/diarioellabrador.cl\/index.php\/2025\/08\/05\/franco-parisi-visita-melipilla-en-medio-de-su-repunte-en-las-encuestas\/","og_locale":"es_ES","og_type":"article","og_title":"Franco Parisi visita Melipilla en medio de su repunte en las encuestas - Diario El Labrador","og_description":"El candidato presidencial por el Partido de la Gente (PDG) Franco Parisi, se reuni\u00f3 con sus adherentes y candidatos al parlamento en Melipilla, en medio de su despegue en las encuestas que lo sit\u00faan entre el quinto y el cuarto lugar de las preferencias, seg\u00fan las respectivas mediciones, alcanzando \u2013incluso- a la candidata de Chile Leer m\u00e1s","og_url":"https:\/\/diarioellabrador.cl\/index.php\/2025\/08\/05\/franco-parisi-visita-melipilla-en-medio-de-su-repunte-en-las-encuestas\/","og_site_name":"Diario El Labrador","article_publisher":"https:\/\/web.facebook.com\/profile.php?id=61576120840621","article_published_time":"2025-08-05T22:56:44+00:00","article_modified_time":"2025-08-05T22:56:45+00:00","og_image":[{"width":1439,"height":753,"url":"https:\/\/diarioellabrador.cl\/wp-content\/uploads\/2025\/08\/Franco-Parisi-visita-Melipilla-en-medio-de-su-repunte-en-las-encuestas.jpg","type":"image\/jpeg"}],"author":"Editor","twitter_card":"summary_large_image","twitter_creator":"@ElLabradorOf","twitter_site":"@ElLabradorOf","twitter_misc":{"Escrito por":"Editor","Tiempo de lectura":"2 minutos"},"schema":{"@context":"https:\/\/schema.org","@graph":[{"@type":"Article","@id":"https:\/\/diarioellabrador.cl\/index.php\/2025\/08\/05\/franco-parisi-visita-melipilla-en-medio-de-su-repunte-en-las-encuestas\/#article","isPartOf":{"@id":"https:\/\/diarioellabrador.cl\/index.php\/2025\/08\/05\/franco-parisi-visita-melipilla-en-medio-de-su-repunte-en-las-encuestas\/"},"author":{"name":"Editor","@id":"https:\/\/diarioellabrador.cl\/#\/schema\/person\/bc25ff80b4563f9c7f4bd7855df01685"},"headline":"Franco Parisi visita Melipilla en medio de su repunte en las encuestas","datePublished":"2025-08-05T22:56:44+00:00","dateModified":"2025-08-05T22:56:45+00:00","mainEntityOfPage":{"@id":"https:\/\/diarioellabrador.cl\/index.php\/2025\/08\/05\/franco-parisi-visita-melipilla-en-medio-de-su-repunte-en-las-encuestas\/"},"wordCount":264,"commentCount":0,"publisher":{"@id":"https:\/\/diarioellabrador.cl\/#organization"},"image":{"@id":"https:\/\/diarioellabrador.cl\/index.php\/2025\/08\/05\/franco-parisi-visita-melipilla-en-medio-de-su-repunte-en-las-encuestas\/#primaryimage"},"thumbnailUrl":"https:\/\/diarioellabrador.cl\/wp-content\/uploads\/2025\/08\/Franco-Parisi-visita-Melipilla-en-medio-de-su-repunte-en-las-encuestas.jpg","articleSection":["Cr\u00f3nica"],"inLanguage":"es","potentialAction":[{"@type":"CommentAction","name":"Comment","target":["https:\/\/diarioellabrador.cl\/index.php\/2025\/08\/05\/franco-parisi-visita-melipilla-en-medio-de-su-repunte-en-las-encuestas\/#respond"]}]},{"@type":"WebPage","@id":"https:\/\/diarioellabrador.cl\/index.php\/2025\/08\/05\/franco-parisi-visita-melipilla-en-medio-de-su-repunte-en-las-encuestas\/","url":"https:\/\/diarioellabrador.cl\/index.php\/2025\/08\/05\/franco-parisi-visita-melipilla-en-medio-de-su-repunte-en-las-encuestas\/","name":"Franco Parisi visita Melipilla en medio de su repunte en las encuestas - Diario El Labrador","isPartOf":{"@id":"https:\/\/diarioellabrador.cl\/#website"},"primaryImageOfPage":{"@id":"https:\/\/diarioellabrador.cl\/index.php\/2025\/08\/05\/franco-parisi-visita-melipilla-en-medio-de-su-repunte-en-las-encuestas\/#primaryimage"},"image":{"@id":"https:\/\/diarioellabrador.cl\/index.php\/2025\/08\/05\/franco-parisi-visita-melipilla-en-medio-de-su-repunte-en-las-encuestas\/#primaryimage"},"thumbnailUrl":"https:\/\/diarioellabrador.cl\/wp-content\/uploads\/2025\/08\/Franco-Parisi-visita-Melipilla-en-medio-de-su-repunte-en-las-encuestas.jpg","datePublished":"2025-08-05T22:56:44+00:00","dateModified":"2025-08-05T22:56:45+00:00","breadcrumb":{"@id":"https:\/\/diarioellabrador.cl\/index.php\/2025\/08\/05\/franco-parisi-visita-melipilla-en-medio-de-su-repunte-en-las-encuestas\/#breadcrumb"},"inLanguage":"es","potentialAction":[{"@type":"ReadAction","target":["https:\/\/diarioellabrador.cl\/index.php\/2025\/08\/05\/franco-parisi-visita-melipilla-en-medio-de-su-repunte-en-las-encuestas\/"]}]},{"@type":"ImageObject","inLanguage":"es","@id":"https:\/\/diarioellabrador.cl\/index.php\/2025\/08\/05\/franco-parisi-visita-melipilla-en-medio-de-su-repunte-en-las-encuestas\/#primaryimage","url":"https:\/\/diarioellabrador.cl\/wp-content\/uploads\/2025\/08\/Franco-Parisi-visita-Melipilla-en-medio-de-su-repunte-en-las-encuestas.jpg","contentUrl":"https:\/\/diarioellabrador.cl\/wp-content\/uploads\/2025\/08\/Franco-Parisi-visita-Melipilla-en-medio-de-su-repunte-en-las-encuestas.jpg","width":1439,"height":753},{"@type":"BreadcrumbList","@id":"https:\/\/diarioellabrador.cl\/index.php\/2025\/08\/05\/franco-parisi-visita-melipilla-en-medio-de-su-repunte-en-las-encuestas\/#breadcrumb","itemListElement":[{"@type":"ListItem","position":1,"name":"Portada","item":"https:\/\/diarioellabrador.cl\/"},{"@type":"ListItem","position":2,"name":"Franco Parisi visita Melipilla en medio de su repunte en las encuestas"}]},{"@type":"WebSite","@id":"https:\/\/diarioellabrador.cl\/#website","url":"https:\/\/diarioellabrador.cl\/","name":"Diario El Labrador","description":"Haciendo noticia desde 1921","publisher":{"@id":"https:\/\/diarioellabrador.cl\/#organization"},"potentialAction":[{"@type":"SearchAction","target":{"@type":"EntryPoint","urlTemplate":"https:\/\/diarioellabrador.cl\/?s={search_term_string}"},"query-input":{"@type":"PropertyValueSpecification","valueRequired":true,"valueName":"search_term_string"}}],"inLanguage":"es"},{"@type":"Organization","@id":"https:\/\/diarioellabrador.cl\/#organization","name":"Diario El Labrador","url":"https:\/\/diarioellabrador.cl\/","logo":{"@type":"ImageObject","inLanguage":"es","@id":"https:\/\/diarioellabrador.cl\/#\/schema\/logo\/image\/","url":"https:\/\/diarioellabrador.cl\/wp-content\/uploads\/2025\/02\/cropped-Logo-Icono.png","contentUrl":"https:\/\/diarioellabrador.cl\/wp-content\/uploads\/2025\/02\/cropped-Logo-Icono.png","width":512,"height":512,"caption":"Diario El Labrador"},"image":{"@id":"https:\/\/diarioellabrador.cl\/#\/schema\/logo\/image\/"},"sameAs":["https:\/\/web.facebook.com\/profile.php?id=61576120840621","https:\/\/x.com\/ElLabradorOf","https:\/\/www.instagram.com\/diarioellabradoroficial\/"]},{"@type":"Person","@id":"https:\/\/diarioellabrador.cl\/#\/schema\/person\/bc25ff80b4563f9c7f4bd7855df01685","name":"Editor","image":{"@type":"ImageObject","inLanguage":"es","@id":"https:\/\/secure.gravatar.com\/avatar\/109c326cf2be5c04f048c2c2a2b8b6ef44bf3d8d1d3d4c55d0ac40c4bc994684?s=96&d=mm&r=g","url":"https:\/\/secure.gravatar.com\/avatar\/109c326cf2be5c04f048c2c2a2b8b6ef44bf3d8d1d3d4c55d0ac40c4bc994684?s=96&d=mm&r=g","contentUrl":"https:\/\/secure.gravatar.com\/avatar\/109c326cf2be5c04f048c2c2a2b8b6ef44bf3d8d1d3d4c55d0ac40c4bc994684?s=96&d=mm&r=g","caption":"Editor"},"url":"https:\/\/diarioellabrador.cl\/index.php\/author\/editor\/"}]}},"_links":{"self":[{"href":"https:\/\/diarioellabrador.cl\/index.php\/wp-json\/wp\/v2\/posts\/6703","targetHints":{"allow":["GET"]}}],"collection":[{"href":"https:\/\/diarioellabrador.cl\/index.php\/wp-json\/wp\/v2\/posts"}],"about":[{"href":"https:\/\/diarioellabrador.cl\/index.php\/wp-json\/wp\/v2\/types\/post"}],"author":[{"embeddable":true,"href":"https:\/\/diarioellabrador.cl\/index.php\/wp-json\/wp\/v2\/users\/2"}],"replies":[{"embeddable":true,"href":"https:\/\/diarioellabrador.cl\/index.php\/wp-json\/wp\/v2\/comments?post=6703"}],"version-history":[{"count":1,"href":"https:\/\/diarioellabrador.cl\/index.php\/wp-json\/wp\/v2\/posts\/6703\/revisions"}],"predecessor-version":[{"id":6704,"href":"https:\/\/diarioellabrador.cl\/index.php\/wp-json\/wp\/v2\/posts\/6703\/revisions\/6704"}],"wp:featuredmedia":[{"embeddable":true,"href":"https:\/\/diarioellabrador.cl\/index.php\/wp-json\/wp\/v2\/media\/6643"}],"wp:attachment":[{"href":"https:\/\/diarioellabrador.cl\/index.php\/wp-json\/wp\/v2\/media?parent=6703"}],"wp:term":[{"taxonomy":"category","embeddable":true,"href":"https:\/\/diarioellabrador.cl\/index.php\/wp-json\/wp\/v2\/categories?post=6703"},{"taxonomy":"post_tag","embeddable":true,"href":"https:\/\/diarioellabrador.cl\/index.php\/wp-json\/wp\/v2\/tags?post=6703"}],"curies":[{"name":"wp","href":"https:\/\/api.w.org\/{rel}","templated":true}]}}