{"id":6623,"date":"2025-08-04T18:43:12","date_gmt":"2025-08-04T22:43:12","guid":{"rendered":"https:\/\/diarioellabrador.cl\/?p=6623"},"modified":"2025-08-04T18:43:13","modified_gmt":"2025-08-04T22:43:13","slug":"efe-recibe-cuatro-ofertas-para-la-construccion-del-tramo-subterraneo-del-tren-alameda-melipilla","status":"publish","type":"post","link":"https:\/\/diarioellabrador.cl\/index.php\/2025\/08\/04\/efe-recibe-cuatro-ofertas-para-la-construccion-del-tramo-subterraneo-del-tren-alameda-melipilla\/","title":{"rendered":"EFE recibe cuatro ofertas para la construcci\u00f3n del tramo subterr\u00e1neo del Tren Alameda \u2013 Melipilla"},"content":{"rendered":"\n<p><strong>Empresas chilenas, espa\u00f1olas y chinas compiten por construir este tramo clave del tren que unir\u00e1 Santiago y Melipilla. La obra subterr\u00e1nea es una de las m\u00e1s novedosas y desafiantes del proyecto, y su adjudicaci\u00f3n permitir\u00e1 completar la totalidad del trazado, por cuanto los otros tramos ya se encuentran adjudicados y en proceso de inicio de la construcci\u00f3n.<\/strong><\/p>\n\n\n\n<p>Contin\u00faan los avances del proyecto Tren Alameda \u2013 Melipilla, ahora con un hito clave: EFE Trenes de Chile recibi\u00f3 cuatro ofertas para la construcci\u00f3n de las obras civiles y ferroviarias del tramo subterr\u00e1neo Lo Err\u00e1zuriz \u2013 Alameda, licitaci\u00f3n que cuenta con un monto referencial de US$ 220 millones.<\/p>\n\n\n\n<p>Este tramo considera la ejecuci\u00f3n de un t\u00fanel de aproximadamente 3,2 kil\u00f3metros bajo superficie, entre Lo Err\u00e1zuriz y Estaci\u00f3n Central, as\u00ed como la construcci\u00f3n de una nueva estaci\u00f3n subterr\u00e1nea. Ese espacio contar\u00e1 con andenes de 160 metros de longitud a 30 metros de profundidad, accesos desde la actual estaci\u00f3n, desde calle Exposici\u00f3n y un t\u00fanel de conexi\u00f3n hacia l\u00ednea 1 de Metro. En el sector de Lo Err\u00e1zuriz, el tren contar\u00e1 con una conexi\u00f3n directa con la L\u00ednea 6 del Metro de Santiago, a trav\u00e9s de la estaci\u00f3n Cerrillos.<\/p>\n\n\n\n<p><br><strong><em>Las empresas que presentaron ofertas y que ahora pasar\u00e1n a la etapa de evaluaci\u00f3n t\u00e9cnica fueron:<\/em><\/strong><\/p>\n\n\n\n<p>&nbsp;<br>1. Grupo licitante: China Road and Bridge Corporation (CRBC); China Railway International Group (CRIG); China Railway Tunnel Group (CRTG).<br><br>2. Grupo licitante: China Railway Construction Corporation (CRCC); China Railway 22nd Bureau Group (CR22); China Railway Construction Electrification Bureau Group (CRCEB)<\/p>\n\n\n\n<p>3. Grupo licitante:&nbsp; Besalco y Dragados<\/p>\n\n\n\n<p><br>4. Sacyr<\/p>\n\n\n\n<p>Mery Orellana, Gerente de Ejecuci\u00f3n de Proyectos en Expansi\u00f3n de EFE se\u00f1al\u00f3 que este hito cierra la etapa de licitaciones y marca el inicio de otra a\u00fan m\u00e1s desafiante: la construcci\u00f3n.<\/p>\n\n\n\n<p>\u201cCon la apertura de estas ofertas, estamos cada vez m\u00e1s cerca de tener todo el trazado del tren a Melipilla completamente adjudicado. Este proyecto es una promesa que hemos construido junto a las comunidades y que hoy comienza a materializarse. Lo haremos con empresas de gran trayectoria y ver entre los oferentes a actores que han estado presentes en licitaciones anteriores, demuestra que estamos construyendo relaciones de largo plazo, basadas en confianza mutua\u201d.<\/p>\n\n\n\n<p>Se espera que la adjudicaci\u00f3n sea el mes es de octubre y el inicio de obras el primer cuatrimestre del 2026. As\u00ed, el proyecto ferroviario da un paso clave hacia la ejecuci\u00f3n del trazado completo entre Santiago y Melipilla, por cuanto ya se encuentran adjudicados los otros dos tramos: Melipilla\u2013Malloco a Sacyr Chile, y Malloco\u2013Lo Err\u00e1zuriz a la alianza Dragados\u2013Besalco. Adem\u00e1s, los 22 nuevos trenes ya est\u00e1n en fabricaci\u00f3n; los sistemas de se\u00f1alizaci\u00f3n y comunicaciones est\u00e1n prontos a adjudicarse, y ya se dio inicio a las obras de los Talleres y Cocheras ubicados en Pe\u00f1aflor.<\/p>\n\n\n\n<p>El Tren Alameda \u2013 Melipilla contar\u00e1 con 11 estaciones en ocho comunas y permitir\u00e1 movilizar a 57 millones de pasajeros al a\u00f1o, con una demanda diaria estimada de 180 mil personas. Gracias a su dise\u00f1o, reducir\u00e1 los tiempos de viaje entre Melipilla y Santiago a solo 46 minutos, lo que representa un ahorro de m\u00e1s de dos horas diarias para quienes utilicen este nuevo servicio.<\/p>\n","protected":false},"excerpt":{"rendered":"<p>Empresas chilenas, espa\u00f1olas y chinas compiten por construir este tramo clave del tren que unir\u00e1 Santiago y Melipilla. La obra subterr\u00e1nea es una de las m\u00e1s novedosas y desafiantes del proyecto, y su adjudicaci\u00f3n permitir\u00e1 completar la totalidad del trazado, por cuanto los otros tramos ya se encuentran adjudicados y en proceso de inicio de<\/p>\n<div class=\"read-more-wrapper\"><a class=\"read-more\" href=\"https:\/\/diarioellabrador.cl\/index.php\/2025\/08\/04\/efe-recibe-cuatro-ofertas-para-la-construccion-del-tramo-subterraneo-del-tren-alameda-melipilla\/\" title=\"Leer m\u00e1s\"> <span class=\"button \">Leer m\u00e1s<\/span><\/a><\/div>\n","protected":false},"author":2,"featured_media":6565,"comment_status":"open","ping_status":"open","sticky":false,"template":"","format":"standard","meta":{"footnotes":""},"categories":[1],"tags":[],"class_list":["post-6623","post","type-post","status-publish","format-standard","has-post-thumbnail","hentry","category-cronica"],"yoast_head":"<!-- This site is optimized with the Yoast SEO plugin v27.5 - https:\/\/yoast.com\/product\/yoast-seo-wordpress\/ -->\n<title>EFE recibe cuatro ofertas para la construcci\u00f3n del tramo subterr\u00e1neo del Tren Alameda \u2013 Melipilla - Diario El Labrador<\/title>\n<meta name=\"robots\" content=\"index, follow, max-snippet:-1, max-image-preview:large, max-video-preview:-1\" \/>\n<link rel=\"canonical\" href=\"https:\/\/diarioellabrador.cl\/index.php\/2025\/08\/04\/efe-recibe-cuatro-ofertas-para-la-construccion-del-tramo-subterraneo-del-tren-alameda-melipilla\/\" \/>\n<meta property=\"og:locale\" content=\"es_ES\" \/>\n<meta property=\"og:type\" content=\"article\" \/>\n<meta property=\"og:title\" content=\"EFE recibe cuatro ofertas para la construcci\u00f3n del tramo subterr\u00e1neo del Tren Alameda \u2013 Melipilla - Diario El Labrador\" \/>\n<meta property=\"og:description\" content=\"Empresas chilenas, espa\u00f1olas y chinas compiten por construir este tramo clave del tren que unir\u00e1 Santiago y Melipilla. La obra subterr\u00e1nea es una de las m\u00e1s novedosas y desafiantes del proyecto, y su adjudicaci\u00f3n permitir\u00e1 completar la totalidad del trazado, por cuanto los otros tramos ya se encuentran adjudicados y en proceso de inicio de Leer m\u00e1s\" \/>\n<meta property=\"og:url\" content=\"https:\/\/diarioellabrador.cl\/index.php\/2025\/08\/04\/efe-recibe-cuatro-ofertas-para-la-construccion-del-tramo-subterraneo-del-tren-alameda-melipilla\/\" \/>\n<meta property=\"og:site_name\" content=\"Diario El Labrador\" \/>\n<meta property=\"article:publisher\" content=\"https:\/\/web.facebook.com\/profile.php?id=61576120840621\" \/>\n<meta property=\"article:published_time\" content=\"2025-08-04T22:43:12+00:00\" \/>\n<meta property=\"article:modified_time\" content=\"2025-08-04T22:43:13+00:00\" \/>\n<meta property=\"og:image\" content=\"https:\/\/diarioellabrador.cl\/wp-content\/uploads\/2025\/08\/EFE-recibe-cuatro-ofertas-para-la-construccion-del-tramo-subterraneo-del-Tren-Alameda-\u2013-Melipilla.jpg\" \/>\n\t<meta property=\"og:image:width\" content=\"900\" \/>\n\t<meta property=\"og:image:height\" content=\"524\" \/>\n\t<meta property=\"og:image:type\" content=\"image\/jpeg\" \/>\n<meta name=\"author\" content=\"Editor\" \/>\n<meta name=\"twitter:card\" content=\"summary_large_image\" \/>\n<meta name=\"twitter:creator\" content=\"@ElLabradorOf\" \/>\n<meta name=\"twitter:site\" content=\"@ElLabradorOf\" \/>\n<meta name=\"twitter:label1\" content=\"Escrito por\" \/>\n\t<meta name=\"twitter:data1\" content=\"Editor\" \/>\n\t<meta name=\"twitter:label2\" content=\"Tiempo de lectura\" \/>\n\t<meta name=\"twitter:data2\" content=\"3 minutos\" \/>\n<script type=\"application\/ld+json\" class=\"yoast-schema-graph\">{\"@context\":\"https:\\\/\\\/schema.org\",\"@graph\":[{\"@type\":\"Article\",\"@id\":\"https:\\\/\\\/diarioellabrador.cl\\\/index.php\\\/2025\\\/08\\\/04\\\/efe-recibe-cuatro-ofertas-para-la-construccion-del-tramo-subterraneo-del-tren-alameda-melipilla\\\/#article\",\"isPartOf\":{\"@id\":\"https:\\\/\\\/diarioellabrador.cl\\\/index.php\\\/2025\\\/08\\\/04\\\/efe-recibe-cuatro-ofertas-para-la-construccion-del-tramo-subterraneo-del-tren-alameda-melipilla\\\/\"},\"author\":{\"name\":\"Editor\",\"@id\":\"https:\\\/\\\/diarioellabrador.cl\\\/#\\\/schema\\\/person\\\/bc25ff80b4563f9c7f4bd7855df01685\"},\"headline\":\"EFE recibe cuatro ofertas para la construcci\u00f3n del tramo subterr\u00e1neo del Tren Alameda \u2013 Melipilla\",\"datePublished\":\"2025-08-04T22:43:12+00:00\",\"dateModified\":\"2025-08-04T22:43:13+00:00\",\"mainEntityOfPage\":{\"@id\":\"https:\\\/\\\/diarioellabrador.cl\\\/index.php\\\/2025\\\/08\\\/04\\\/efe-recibe-cuatro-ofertas-para-la-construccion-del-tramo-subterraneo-del-tren-alameda-melipilla\\\/\"},\"wordCount\":575,\"commentCount\":0,\"publisher\":{\"@id\":\"https:\\\/\\\/diarioellabrador.cl\\\/#organization\"},\"image\":{\"@id\":\"https:\\\/\\\/diarioellabrador.cl\\\/index.php\\\/2025\\\/08\\\/04\\\/efe-recibe-cuatro-ofertas-para-la-construccion-del-tramo-subterraneo-del-tren-alameda-melipilla\\\/#primaryimage\"},\"thumbnailUrl\":\"https:\\\/\\\/diarioellabrador.cl\\\/wp-content\\\/uploads\\\/2025\\\/08\\\/EFE-recibe-cuatro-ofertas-para-la-construccion-del-tramo-subterraneo-del-Tren-Alameda-\u2013-Melipilla.jpg\",\"articleSection\":[\"Cr\u00f3nica\"],\"inLanguage\":\"es\",\"potentialAction\":[{\"@type\":\"CommentAction\",\"name\":\"Comment\",\"target\":[\"https:\\\/\\\/diarioellabrador.cl\\\/index.php\\\/2025\\\/08\\\/04\\\/efe-recibe-cuatro-ofertas-para-la-construccion-del-tramo-subterraneo-del-tren-alameda-melipilla\\\/#respond\"]}]},{\"@type\":\"WebPage\",\"@id\":\"https:\\\/\\\/diarioellabrador.cl\\\/index.php\\\/2025\\\/08\\\/04\\\/efe-recibe-cuatro-ofertas-para-la-construccion-del-tramo-subterraneo-del-tren-alameda-melipilla\\\/\",\"url\":\"https:\\\/\\\/diarioellabrador.cl\\\/index.php\\\/2025\\\/08\\\/04\\\/efe-recibe-cuatro-ofertas-para-la-construccion-del-tramo-subterraneo-del-tren-alameda-melipilla\\\/\",\"name\":\"EFE recibe cuatro ofertas para la construcci\u00f3n del tramo subterr\u00e1neo del Tren Alameda \u2013 Melipilla - Diario El Labrador\",\"isPartOf\":{\"@id\":\"https:\\\/\\\/diarioellabrador.cl\\\/#website\"},\"primaryImageOfPage\":{\"@id\":\"https:\\\/\\\/diarioellabrador.cl\\\/index.php\\\/2025\\\/08\\\/04\\\/efe-recibe-cuatro-ofertas-para-la-construccion-del-tramo-subterraneo-del-tren-alameda-melipilla\\\/#primaryimage\"},\"image\":{\"@id\":\"https:\\\/\\\/diarioellabrador.cl\\\/index.php\\\/2025\\\/08\\\/04\\\/efe-recibe-cuatro-ofertas-para-la-construccion-del-tramo-subterraneo-del-tren-alameda-melipilla\\\/#primaryimage\"},\"thumbnailUrl\":\"https:\\\/\\\/diarioellabrador.cl\\\/wp-content\\\/uploads\\\/2025\\\/08\\\/EFE-recibe-cuatro-ofertas-para-la-construccion-del-tramo-subterraneo-del-Tren-Alameda-\u2013-Melipilla.jpg\",\"datePublished\":\"2025-08-04T22:43:12+00:00\",\"dateModified\":\"2025-08-04T22:43:13+00:00\",\"breadcrumb\":{\"@id\":\"https:\\\/\\\/diarioellabrador.cl\\\/index.php\\\/2025\\\/08\\\/04\\\/efe-recibe-cuatro-ofertas-para-la-construccion-del-tramo-subterraneo-del-tren-alameda-melipilla\\\/#breadcrumb\"},\"inLanguage\":\"es\",\"potentialAction\":[{\"@type\":\"ReadAction\",\"target\":[\"https:\\\/\\\/diarioellabrador.cl\\\/index.php\\\/2025\\\/08\\\/04\\\/efe-recibe-cuatro-ofertas-para-la-construccion-del-tramo-subterraneo-del-tren-alameda-melipilla\\\/\"]}]},{\"@type\":\"ImageObject\",\"inLanguage\":\"es\",\"@id\":\"https:\\\/\\\/diarioellabrador.cl\\\/index.php\\\/2025\\\/08\\\/04\\\/efe-recibe-cuatro-ofertas-para-la-construccion-del-tramo-subterraneo-del-tren-alameda-melipilla\\\/#primaryimage\",\"url\":\"https:\\\/\\\/diarioellabrador.cl\\\/wp-content\\\/uploads\\\/2025\\\/08\\\/EFE-recibe-cuatro-ofertas-para-la-construccion-del-tramo-subterraneo-del-Tren-Alameda-\u2013-Melipilla.jpg\",\"contentUrl\":\"https:\\\/\\\/diarioellabrador.cl\\\/wp-content\\\/uploads\\\/2025\\\/08\\\/EFE-recibe-cuatro-ofertas-para-la-construccion-del-tramo-subterraneo-del-Tren-Alameda-\u2013-Melipilla.jpg\",\"width\":900,\"height\":524},{\"@type\":\"BreadcrumbList\",\"@id\":\"https:\\\/\\\/diarioellabrador.cl\\\/index.php\\\/2025\\\/08\\\/04\\\/efe-recibe-cuatro-ofertas-para-la-construccion-del-tramo-subterraneo-del-tren-alameda-melipilla\\\/#breadcrumb\",\"itemListElement\":[{\"@type\":\"ListItem\",\"position\":1,\"name\":\"Portada\",\"item\":\"https:\\\/\\\/diarioellabrador.cl\\\/\"},{\"@type\":\"ListItem\",\"position\":2,\"name\":\"EFE recibe cuatro ofertas para la construcci\u00f3n del tramo subterr\u00e1neo del Tren Alameda \u2013 Melipilla\"}]},{\"@type\":\"WebSite\",\"@id\":\"https:\\\/\\\/diarioellabrador.cl\\\/#website\",\"url\":\"https:\\\/\\\/diarioellabrador.cl\\\/\",\"name\":\"Diario El Labrador\",\"description\":\"Haciendo noticia desde 1921\",\"publisher\":{\"@id\":\"https:\\\/\\\/diarioellabrador.cl\\\/#organization\"},\"potentialAction\":[{\"@type\":\"SearchAction\",\"target\":{\"@type\":\"EntryPoint\",\"urlTemplate\":\"https:\\\/\\\/diarioellabrador.cl\\\/?s={search_term_string}\"},\"query-input\":{\"@type\":\"PropertyValueSpecification\",\"valueRequired\":true,\"valueName\":\"search_term_string\"}}],\"inLanguage\":\"es\"},{\"@type\":\"Organization\",\"@id\":\"https:\\\/\\\/diarioellabrador.cl\\\/#organization\",\"name\":\"Diario El Labrador\",\"url\":\"https:\\\/\\\/diarioellabrador.cl\\\/\",\"logo\":{\"@type\":\"ImageObject\",\"inLanguage\":\"es\",\"@id\":\"https:\\\/\\\/diarioellabrador.cl\\\/#\\\/schema\\\/logo\\\/image\\\/\",\"url\":\"https:\\\/\\\/diarioellabrador.cl\\\/wp-content\\\/uploads\\\/2025\\\/02\\\/cropped-Logo-Icono.png\",\"contentUrl\":\"https:\\\/\\\/diarioellabrador.cl\\\/wp-content\\\/uploads\\\/2025\\\/02\\\/cropped-Logo-Icono.png\",\"width\":512,\"height\":512,\"caption\":\"Diario El Labrador\"},\"image\":{\"@id\":\"https:\\\/\\\/diarioellabrador.cl\\\/#\\\/schema\\\/logo\\\/image\\\/\"},\"sameAs\":[\"https:\\\/\\\/web.facebook.com\\\/profile.php?id=61576120840621\",\"https:\\\/\\\/x.com\\\/ElLabradorOf\",\"https:\\\/\\\/www.instagram.com\\\/diarioellabradoroficial\\\/\"]},{\"@type\":\"Person\",\"@id\":\"https:\\\/\\\/diarioellabrador.cl\\\/#\\\/schema\\\/person\\\/bc25ff80b4563f9c7f4bd7855df01685\",\"name\":\"Editor\",\"image\":{\"@type\":\"ImageObject\",\"inLanguage\":\"es\",\"@id\":\"https:\\\/\\\/secure.gravatar.com\\\/avatar\\\/109c326cf2be5c04f048c2c2a2b8b6ef44bf3d8d1d3d4c55d0ac40c4bc994684?s=96&d=mm&r=g\",\"url\":\"https:\\\/\\\/secure.gravatar.com\\\/avatar\\\/109c326cf2be5c04f048c2c2a2b8b6ef44bf3d8d1d3d4c55d0ac40c4bc994684?s=96&d=mm&r=g\",\"contentUrl\":\"https:\\\/\\\/secure.gravatar.com\\\/avatar\\\/109c326cf2be5c04f048c2c2a2b8b6ef44bf3d8d1d3d4c55d0ac40c4bc994684?s=96&d=mm&r=g\",\"caption\":\"Editor\"},\"url\":\"https:\\\/\\\/diarioellabrador.cl\\\/index.php\\\/author\\\/editor\\\/\"}]}<\/script>\n<!-- \/ Yoast SEO plugin. -->","yoast_head_json":{"title":"EFE recibe cuatro ofertas para la construcci\u00f3n del tramo subterr\u00e1neo del Tren Alameda \u2013 Melipilla - Diario El Labrador","robots":{"index":"index","follow":"follow","max-snippet":"max-snippet:-1","max-image-preview":"max-image-preview:large","max-video-preview":"max-video-preview:-1"},"canonical":"https:\/\/diarioellabrador.cl\/index.php\/2025\/08\/04\/efe-recibe-cuatro-ofertas-para-la-construccion-del-tramo-subterraneo-del-tren-alameda-melipilla\/","og_locale":"es_ES","og_type":"article","og_title":"EFE recibe cuatro ofertas para la construcci\u00f3n del tramo subterr\u00e1neo del Tren Alameda \u2013 Melipilla - Diario El Labrador","og_description":"Empresas chilenas, espa\u00f1olas y chinas compiten por construir este tramo clave del tren que unir\u00e1 Santiago y Melipilla. La obra subterr\u00e1nea es una de las m\u00e1s novedosas y desafiantes del proyecto, y su adjudicaci\u00f3n permitir\u00e1 completar la totalidad del trazado, por cuanto los otros tramos ya se encuentran adjudicados y en proceso de inicio de Leer m\u00e1s","og_url":"https:\/\/diarioellabrador.cl\/index.php\/2025\/08\/04\/efe-recibe-cuatro-ofertas-para-la-construccion-del-tramo-subterraneo-del-tren-alameda-melipilla\/","og_site_name":"Diario El Labrador","article_publisher":"https:\/\/web.facebook.com\/profile.php?id=61576120840621","article_published_time":"2025-08-04T22:43:12+00:00","article_modified_time":"2025-08-04T22:43:13+00:00","og_image":[{"width":900,"height":524,"url":"https:\/\/diarioellabrador.cl\/wp-content\/uploads\/2025\/08\/EFE-recibe-cuatro-ofertas-para-la-construccion-del-tramo-subterraneo-del-Tren-Alameda-\u2013-Melipilla.jpg","type":"image\/jpeg"}],"author":"Editor","twitter_card":"summary_large_image","twitter_creator":"@ElLabradorOf","twitter_site":"@ElLabradorOf","twitter_misc":{"Escrito por":"Editor","Tiempo de lectura":"3 minutos"},"schema":{"@context":"https:\/\/schema.org","@graph":[{"@type":"Article","@id":"https:\/\/diarioellabrador.cl\/index.php\/2025\/08\/04\/efe-recibe-cuatro-ofertas-para-la-construccion-del-tramo-subterraneo-del-tren-alameda-melipilla\/#article","isPartOf":{"@id":"https:\/\/diarioellabrador.cl\/index.php\/2025\/08\/04\/efe-recibe-cuatro-ofertas-para-la-construccion-del-tramo-subterraneo-del-tren-alameda-melipilla\/"},"author":{"name":"Editor","@id":"https:\/\/diarioellabrador.cl\/#\/schema\/person\/bc25ff80b4563f9c7f4bd7855df01685"},"headline":"EFE recibe cuatro ofertas para la construcci\u00f3n del tramo subterr\u00e1neo del Tren Alameda \u2013 Melipilla","datePublished":"2025-08-04T22:43:12+00:00","dateModified":"2025-08-04T22:43:13+00:00","mainEntityOfPage":{"@id":"https:\/\/diarioellabrador.cl\/index.php\/2025\/08\/04\/efe-recibe-cuatro-ofertas-para-la-construccion-del-tramo-subterraneo-del-tren-alameda-melipilla\/"},"wordCount":575,"commentCount":0,"publisher":{"@id":"https:\/\/diarioellabrador.cl\/#organization"},"image":{"@id":"https:\/\/diarioellabrador.cl\/index.php\/2025\/08\/04\/efe-recibe-cuatro-ofertas-para-la-construccion-del-tramo-subterraneo-del-tren-alameda-melipilla\/#primaryimage"},"thumbnailUrl":"https:\/\/diarioellabrador.cl\/wp-content\/uploads\/2025\/08\/EFE-recibe-cuatro-ofertas-para-la-construccion-del-tramo-subterraneo-del-Tren-Alameda-\u2013-Melipilla.jpg","articleSection":["Cr\u00f3nica"],"inLanguage":"es","potentialAction":[{"@type":"CommentAction","name":"Comment","target":["https:\/\/diarioellabrador.cl\/index.php\/2025\/08\/04\/efe-recibe-cuatro-ofertas-para-la-construccion-del-tramo-subterraneo-del-tren-alameda-melipilla\/#respond"]}]},{"@type":"WebPage","@id":"https:\/\/diarioellabrador.cl\/index.php\/2025\/08\/04\/efe-recibe-cuatro-ofertas-para-la-construccion-del-tramo-subterraneo-del-tren-alameda-melipilla\/","url":"https:\/\/diarioellabrador.cl\/index.php\/2025\/08\/04\/efe-recibe-cuatro-ofertas-para-la-construccion-del-tramo-subterraneo-del-tren-alameda-melipilla\/","name":"EFE recibe cuatro ofertas para la construcci\u00f3n del tramo subterr\u00e1neo del Tren Alameda \u2013 Melipilla - Diario El Labrador","isPartOf":{"@id":"https:\/\/diarioellabrador.cl\/#website"},"primaryImageOfPage":{"@id":"https:\/\/diarioellabrador.cl\/index.php\/2025\/08\/04\/efe-recibe-cuatro-ofertas-para-la-construccion-del-tramo-subterraneo-del-tren-alameda-melipilla\/#primaryimage"},"image":{"@id":"https:\/\/diarioellabrador.cl\/index.php\/2025\/08\/04\/efe-recibe-cuatro-ofertas-para-la-construccion-del-tramo-subterraneo-del-tren-alameda-melipilla\/#primaryimage"},"thumbnailUrl":"https:\/\/diarioellabrador.cl\/wp-content\/uploads\/2025\/08\/EFE-recibe-cuatro-ofertas-para-la-construccion-del-tramo-subterraneo-del-Tren-Alameda-\u2013-Melipilla.jpg","datePublished":"2025-08-04T22:43:12+00:00","dateModified":"2025-08-04T22:43:13+00:00","breadcrumb":{"@id":"https:\/\/diarioellabrador.cl\/index.php\/2025\/08\/04\/efe-recibe-cuatro-ofertas-para-la-construccion-del-tramo-subterraneo-del-tren-alameda-melipilla\/#breadcrumb"},"inLanguage":"es","potentialAction":[{"@type":"ReadAction","target":["https:\/\/diarioellabrador.cl\/index.php\/2025\/08\/04\/efe-recibe-cuatro-ofertas-para-la-construccion-del-tramo-subterraneo-del-tren-alameda-melipilla\/"]}]},{"@type":"ImageObject","inLanguage":"es","@id":"https:\/\/diarioellabrador.cl\/index.php\/2025\/08\/04\/efe-recibe-cuatro-ofertas-para-la-construccion-del-tramo-subterraneo-del-tren-alameda-melipilla\/#primaryimage","url":"https:\/\/diarioellabrador.cl\/wp-content\/uploads\/2025\/08\/EFE-recibe-cuatro-ofertas-para-la-construccion-del-tramo-subterraneo-del-Tren-Alameda-\u2013-Melipilla.jpg","contentUrl":"https:\/\/diarioellabrador.cl\/wp-content\/uploads\/2025\/08\/EFE-recibe-cuatro-ofertas-para-la-construccion-del-tramo-subterraneo-del-Tren-Alameda-\u2013-Melipilla.jpg","width":900,"height":524},{"@type":"BreadcrumbList","@id":"https:\/\/diarioellabrador.cl\/index.php\/2025\/08\/04\/efe-recibe-cuatro-ofertas-para-la-construccion-del-tramo-subterraneo-del-tren-alameda-melipilla\/#breadcrumb","itemListElement":[{"@type":"ListItem","position":1,"name":"Portada","item":"https:\/\/diarioellabrador.cl\/"},{"@type":"ListItem","position":2,"name":"EFE recibe cuatro ofertas para la construcci\u00f3n del tramo subterr\u00e1neo del Tren Alameda \u2013 Melipilla"}]},{"@type":"WebSite","@id":"https:\/\/diarioellabrador.cl\/#website","url":"https:\/\/diarioellabrador.cl\/","name":"Diario El Labrador","description":"Haciendo noticia desde 1921","publisher":{"@id":"https:\/\/diarioellabrador.cl\/#organization"},"potentialAction":[{"@type":"SearchAction","target":{"@type":"EntryPoint","urlTemplate":"https:\/\/diarioellabrador.cl\/?s={search_term_string}"},"query-input":{"@type":"PropertyValueSpecification","valueRequired":true,"valueName":"search_term_string"}}],"inLanguage":"es"},{"@type":"Organization","@id":"https:\/\/diarioellabrador.cl\/#organization","name":"Diario El Labrador","url":"https:\/\/diarioellabrador.cl\/","logo":{"@type":"ImageObject","inLanguage":"es","@id":"https:\/\/diarioellabrador.cl\/#\/schema\/logo\/image\/","url":"https:\/\/diarioellabrador.cl\/wp-content\/uploads\/2025\/02\/cropped-Logo-Icono.png","contentUrl":"https:\/\/diarioellabrador.cl\/wp-content\/uploads\/2025\/02\/cropped-Logo-Icono.png","width":512,"height":512,"caption":"Diario El Labrador"},"image":{"@id":"https:\/\/diarioellabrador.cl\/#\/schema\/logo\/image\/"},"sameAs":["https:\/\/web.facebook.com\/profile.php?id=61576120840621","https:\/\/x.com\/ElLabradorOf","https:\/\/www.instagram.com\/diarioellabradoroficial\/"]},{"@type":"Person","@id":"https:\/\/diarioellabrador.cl\/#\/schema\/person\/bc25ff80b4563f9c7f4bd7855df01685","name":"Editor","image":{"@type":"ImageObject","inLanguage":"es","@id":"https:\/\/secure.gravatar.com\/avatar\/109c326cf2be5c04f048c2c2a2b8b6ef44bf3d8d1d3d4c55d0ac40c4bc994684?s=96&d=mm&r=g","url":"https:\/\/secure.gravatar.com\/avatar\/109c326cf2be5c04f048c2c2a2b8b6ef44bf3d8d1d3d4c55d0ac40c4bc994684?s=96&d=mm&r=g","contentUrl":"https:\/\/secure.gravatar.com\/avatar\/109c326cf2be5c04f048c2c2a2b8b6ef44bf3d8d1d3d4c55d0ac40c4bc994684?s=96&d=mm&r=g","caption":"Editor"},"url":"https:\/\/diarioellabrador.cl\/index.php\/author\/editor\/"}]}},"_links":{"self":[{"href":"https:\/\/diarioellabrador.cl\/index.php\/wp-json\/wp\/v2\/posts\/6623","targetHints":{"allow":["GET"]}}],"collection":[{"href":"https:\/\/diarioellabrador.cl\/index.php\/wp-json\/wp\/v2\/posts"}],"about":[{"href":"https:\/\/diarioellabrador.cl\/index.php\/wp-json\/wp\/v2\/types\/post"}],"author":[{"embeddable":true,"href":"https:\/\/diarioellabrador.cl\/index.php\/wp-json\/wp\/v2\/users\/2"}],"replies":[{"embeddable":true,"href":"https:\/\/diarioellabrador.cl\/index.php\/wp-json\/wp\/v2\/comments?post=6623"}],"version-history":[{"count":1,"href":"https:\/\/diarioellabrador.cl\/index.php\/wp-json\/wp\/v2\/posts\/6623\/revisions"}],"predecessor-version":[{"id":6624,"href":"https:\/\/diarioellabrador.cl\/index.php\/wp-json\/wp\/v2\/posts\/6623\/revisions\/6624"}],"wp:featuredmedia":[{"embeddable":true,"href":"https:\/\/diarioellabrador.cl\/index.php\/wp-json\/wp\/v2\/media\/6565"}],"wp:attachment":[{"href":"https:\/\/diarioellabrador.cl\/index.php\/wp-json\/wp\/v2\/media?parent=6623"}],"wp:term":[{"taxonomy":"category","embeddable":true,"href":"https:\/\/diarioellabrador.cl\/index.php\/wp-json\/wp\/v2\/categories?post=6623"},{"taxonomy":"post_tag","embeddable":true,"href":"https:\/\/diarioellabrador.cl\/index.php\/wp-json\/wp\/v2\/tags?post=6623"}],"curies":[{"name":"wp","href":"https:\/\/api.w.org\/{rel}","templated":true}]}}