{"id":6596,"date":"2025-08-04T18:34:45","date_gmt":"2025-08-04T22:34:45","guid":{"rendered":"https:\/\/diarioellabrador.cl\/?p=6596"},"modified":"2025-08-04T18:34:46","modified_gmt":"2025-08-04T22:34:46","slug":"inia-y-sag-capacitan-a-productores-en-manejo-del-nematodo-foliar-de-la-frutilla-ante-cierre-de-emergencia-fitosanitaria","status":"publish","type":"post","link":"https:\/\/diarioellabrador.cl\/index.php\/2025\/08\/04\/inia-y-sag-capacitan-a-productores-en-manejo-del-nematodo-foliar-de-la-frutilla-ante-cierre-de-emergencia-fitosanitaria\/","title":{"rendered":"INIA y SAG capacitan a productores en manejo del nematodo foliar de la frutilla ante cierre de emergencia fitosanitaria"},"content":{"rendered":"\n<p><strong><em>La jornada realizada en Santo Domingo, Regi\u00f3n de Valpara\u00edso, entreg\u00f3 recomendaciones pr\u00e1cticas para enfrentar la plaga, que ser\u00e1 declarada oficialmente presente en Chile a partir de agosto de 2025. La actividad forma parte del proyecto \u201cManejo integrado del nematodo foliar de la frutilla\u201d, apoyado por la agencia FIA (Fundaci\u00f3n para la Innovaci\u00f3n Agraria) y en colaboraci\u00f3n con el Servicio Agr\u00edcola y Ganadero (SAG).<\/em><\/strong><\/p>\n\n\n\n<p>Con la participaci\u00f3n de m\u00e1s de 60 productores y t\u00e9cnicos del sector frutillero, el Instituto de Investigaciones Agropecuarias (INIA), a trav\u00e9s del Centro Regional INIA La Platina, el Servicio Agr\u00edcola y Ganadero (SAG) y el apoyo de FIA, realizaron una capacitaci\u00f3n centrada en el manejo integrado del nematodo foliar de la frutilla (<em>Aphelenchoides fragariae<\/em>), plaga detectada por primera vez en Chile en 2022 y pr\u00f3xima a ser declarada oficialmente presente en el pa\u00eds.<\/p>\n\n\n\n<p><em>Aphelenchoides fragariae<\/em>&nbsp;contin\u00faa siendo considerada una plaga cuarentenaria ausente, sujeta a medidas emergenciales, conforme a lo establecido en la Resoluci\u00f3n Exenta N\u00b0 4.481 de 2022 y su modificaci\u00f3n. Sin embargo, una vez que dichas resoluciones pierdan vigencia, el 9 de agosto de 2025, esta plaga ser\u00e1 declarada como presente en el pa\u00eds y pasar\u00e1 a estar reglamentada para los viveros productores de plantas de frutilla.<\/p>\n\n\n\n<p>As\u00ed lo explic\u00f3 Oriana Acevedo, profesional del subdepartamento de Vigilancia y Control de Plagas Agr\u00edcolas del Servicio Agr\u00edcola y Ganadero (SAG), quien adem\u00e1s recalc\u00f3 que, desde el inicio de la emergencia, el SAG ha llevado a cabo campa\u00f1as de difusi\u00f3n con el objetivo de promover el manejo integrado de la plaga, bajo la premisa de que \u201clas enfermedades foliares causadas por nematodos pueden atenuarse mediante buenas pr\u00e1cticas culturales: saneamiento riguroso del material vegetal, eliminaci\u00f3n de plantas infectadas, control de malezas, desinfecci\u00f3n de herramientas y maquinaria, uso de riego por goteo y rotaci\u00f3n con cultivos no hospedantes. Estas medidas, junto al uso adecuado de productos autorizados, permiten reducir significativamente el impacto de la plaga\u201d.<\/p>\n\n\n\n<p>Durante la jornada, se hizo especial \u00e9nfasis en las recomendaciones dirigidas a los agricultores, quienes recibieron un compendio de medidas preventivas, entre las que destacan:<\/p>\n\n\n\n<ul class=\"wp-block-list\">\n<li>Un \u00fanico punto de ingreso y salida del predio con pediluvio y zona para la limpieza de manos.<\/li>\n\n\n\n<li>Inspecci\u00f3n y eliminaci\u00f3n constante de plantas infectadas.<\/li>\n\n\n\n<li>Uso de plaguicidas seg\u00fan indicaciones establecidas por el SAG.<\/li>\n\n\n\n<li>Control permanente de malezas que pudieran actuar como hospedantes del nematodo.<\/li>\n\n\n\n<li>Rotaci\u00f3n de cultivos y per\u00edodos de barbecho (libre de cultivo) de al menos tres meses.<\/li>\n\n\n\n<li>Cultivo de especies no hospedantes y que tengan alg\u00fan efecto nematicida, como el br\u00f3coli, que se desempe\u00f1a como biofumigante.<\/li>\n\n\n\n<li>Desinfecci\u00f3n de herramientas y equipos con soluciones recomendadas (alcohol al menos al 70% e hipoclorito de sodio al 1% para las herramientas y soluci\u00f3n de cloro comercial diluido en agua en proporci\u00f3n de 1:5 para maquinaria, bodegas y envases).<\/li>\n\n\n\n<li>Manejo del riego para evitar humedad excesiva y cosecha preferente en horas de la tarde y\/o planta seca para disminuir la posibilidad de diseminaci\u00f3n a trav\u00e9s de los operarios.<\/li>\n<\/ul>\n\n\n\n<p>Por su parte, la investigadora extensionista de INIA La Platina y coordinadora de la iniciativa, Fabiola Sep\u00falveda, destac\u00f3 la relevancia de generar espacios de transferencia de conocimientos entre la investigaci\u00f3n y los productores.&nbsp;\u201cPensando en la sustentabilidad agr\u00edcola y en los efectos cada vez m\u00e1s visibles del cambio clim\u00e1tico, es fundamental que las y los agricultores participen activamente en este tipo de instancias. Su conocimiento local y experiencia en terreno son clave para enriquecer el intercambio de saberes y validar soluciones t\u00e9cnicas\u201d, indic\u00f3.<\/p>\n\n\n\n<p>\u201cAcceder a informaci\u00f3n actualizada y herramientas pr\u00e1cticas fortalece su capacidad de respuesta frente a plagas y otras amenazas, contribuyendo a cultivos m\u00e1s resilientes y a sistemas productivos sostenibles. Por eso, la articulaci\u00f3n y el compromiso conjunto entre ciencia, instituciones y quienes trabajan la tierra d\u00eda a d\u00eda son esenciales para avanzar hacia una agricultura con futuro\u201d, a\u00f1adi\u00f3.<\/p>\n\n\n\n<p>Con estas acciones, las autoridades buscan acompa\u00f1ar a los productores con la entrega de herramientas para el manejo sustentable y la regulaci\u00f3n permanente de la plaga.<\/p>\n\n\n\n<p>La ejecutiva de innovaci\u00f3n de FIA, Mar\u00eda Jos\u00e9 Alarc\u00f3n, destac\u00f3 la importancia de este seminario al abordar los avances y desaf\u00edos en el manejo sustentable del nematodo foliar de la frutilla (<em>Aphelenchoides fragariae<\/em>), una plaga emergente que amenaza la productividad y calidad del cultivo en Chile. \u201cA trav\u00e9s del proyecto, se promueve un enfoque de manejo integrado que combina pr\u00e1cticas culturales, control qu\u00edmico responsable, uso de bioinsumos y monitoreo, con el objetivo de reducir p\u00e9rdidas econ\u00f3micas, minimizar el uso de plaguicidas sint\u00e9ticos y avanzar hacia sistemas productivos m\u00e1s sostenibles y resilientes. La colaboraci\u00f3n entre instituciones, investigadores y productores se presenta como un pilar fundamental para enfrentar este desaf\u00edo fitosanitario\u201d, seg\u00fan puntualiz\u00f3.<\/p>\n","protected":false},"excerpt":{"rendered":"<p>La jornada realizada en Santo Domingo, Regi\u00f3n de Valpara\u00edso, entreg\u00f3 recomendaciones pr\u00e1cticas para enfrentar la plaga, que ser\u00e1 declarada oficialmente presente en Chile a partir de agosto de 2025. La actividad forma parte del proyecto \u201cManejo integrado del nematodo foliar de la frutilla\u201d, apoyado por la agencia FIA (Fundaci\u00f3n para la Innovaci\u00f3n Agraria) y en<\/p>\n<div class=\"read-more-wrapper\"><a class=\"read-more\" href=\"https:\/\/diarioellabrador.cl\/index.php\/2025\/08\/04\/inia-y-sag-capacitan-a-productores-en-manejo-del-nematodo-foliar-de-la-frutilla-ante-cierre-de-emergencia-fitosanitaria\/\" title=\"Leer m\u00e1s\"> <span class=\"button \">Leer m\u00e1s<\/span><\/a><\/div>\n","protected":false},"author":2,"featured_media":6566,"comment_status":"open","ping_status":"open","sticky":false,"template":"","format":"standard","meta":{"footnotes":""},"categories":[1],"tags":[],"class_list":["post-6596","post","type-post","status-publish","format-standard","has-post-thumbnail","hentry","category-cronica"],"yoast_head":"<!-- This site is optimized with the Yoast SEO plugin v27.5 - https:\/\/yoast.com\/product\/yoast-seo-wordpress\/ -->\n<title>INIA y SAG capacitan a productores en manejo del nematodo foliar de la frutilla ante cierre de emergencia fitosanitaria - Diario El Labrador<\/title>\n<meta name=\"robots\" content=\"index, follow, max-snippet:-1, max-image-preview:large, max-video-preview:-1\" \/>\n<link rel=\"canonical\" href=\"https:\/\/diarioellabrador.cl\/index.php\/2025\/08\/04\/inia-y-sag-capacitan-a-productores-en-manejo-del-nematodo-foliar-de-la-frutilla-ante-cierre-de-emergencia-fitosanitaria\/\" \/>\n<meta property=\"og:locale\" content=\"es_ES\" \/>\n<meta property=\"og:type\" content=\"article\" \/>\n<meta property=\"og:title\" content=\"INIA y SAG capacitan a productores en manejo del nematodo foliar de la frutilla ante cierre de emergencia fitosanitaria - Diario El Labrador\" \/>\n<meta property=\"og:description\" content=\"La jornada realizada en Santo Domingo, Regi\u00f3n de Valpara\u00edso, entreg\u00f3 recomendaciones pr\u00e1cticas para enfrentar la plaga, que ser\u00e1 declarada oficialmente presente en Chile a partir de agosto de 2025. La actividad forma parte del proyecto \u201cManejo integrado del nematodo foliar de la frutilla\u201d, apoyado por la agencia FIA (Fundaci\u00f3n para la Innovaci\u00f3n Agraria) y en Leer m\u00e1s\" \/>\n<meta property=\"og:url\" content=\"https:\/\/diarioellabrador.cl\/index.php\/2025\/08\/04\/inia-y-sag-capacitan-a-productores-en-manejo-del-nematodo-foliar-de-la-frutilla-ante-cierre-de-emergencia-fitosanitaria\/\" \/>\n<meta property=\"og:site_name\" content=\"Diario El Labrador\" \/>\n<meta property=\"article:publisher\" content=\"https:\/\/web.facebook.com\/profile.php?id=61576120840621\" \/>\n<meta property=\"article:published_time\" content=\"2025-08-04T22:34:45+00:00\" \/>\n<meta property=\"article:modified_time\" content=\"2025-08-04T22:34:46+00:00\" \/>\n<meta property=\"og:image\" content=\"https:\/\/diarioellabrador.cl\/wp-content\/uploads\/2025\/08\/INIA-y-SAG-capacitan-a-productores-en-manejo-del-nematodo-foliar-de-la-frutilla-ante-cierre-de-emergencia-fitosanitaria.jpeg\" \/>\n\t<meta property=\"og:image:width\" content=\"1270\" \/>\n\t<meta property=\"og:image:height\" content=\"1200\" \/>\n\t<meta property=\"og:image:type\" content=\"image\/jpeg\" \/>\n<meta name=\"author\" content=\"Editor\" \/>\n<meta name=\"twitter:card\" content=\"summary_large_image\" \/>\n<meta name=\"twitter:creator\" content=\"@ElLabradorOf\" \/>\n<meta name=\"twitter:site\" content=\"@ElLabradorOf\" \/>\n<meta name=\"twitter:label1\" content=\"Escrito por\" \/>\n\t<meta name=\"twitter:data1\" content=\"Editor\" \/>\n\t<meta name=\"twitter:label2\" content=\"Tiempo de lectura\" \/>\n\t<meta name=\"twitter:data2\" content=\"4 minutos\" \/>\n<script type=\"application\/ld+json\" class=\"yoast-schema-graph\">{\"@context\":\"https:\\\/\\\/schema.org\",\"@graph\":[{\"@type\":\"Article\",\"@id\":\"https:\\\/\\\/diarioellabrador.cl\\\/index.php\\\/2025\\\/08\\\/04\\\/inia-y-sag-capacitan-a-productores-en-manejo-del-nematodo-foliar-de-la-frutilla-ante-cierre-de-emergencia-fitosanitaria\\\/#article\",\"isPartOf\":{\"@id\":\"https:\\\/\\\/diarioellabrador.cl\\\/index.php\\\/2025\\\/08\\\/04\\\/inia-y-sag-capacitan-a-productores-en-manejo-del-nematodo-foliar-de-la-frutilla-ante-cierre-de-emergencia-fitosanitaria\\\/\"},\"author\":{\"name\":\"Editor\",\"@id\":\"https:\\\/\\\/diarioellabrador.cl\\\/#\\\/schema\\\/person\\\/bc25ff80b4563f9c7f4bd7855df01685\"},\"headline\":\"INIA y SAG capacitan a productores en manejo del nematodo foliar de la frutilla ante cierre de emergencia fitosanitaria\",\"datePublished\":\"2025-08-04T22:34:45+00:00\",\"dateModified\":\"2025-08-04T22:34:46+00:00\",\"mainEntityOfPage\":{\"@id\":\"https:\\\/\\\/diarioellabrador.cl\\\/index.php\\\/2025\\\/08\\\/04\\\/inia-y-sag-capacitan-a-productores-en-manejo-del-nematodo-foliar-de-la-frutilla-ante-cierre-de-emergencia-fitosanitaria\\\/\"},\"wordCount\":845,\"commentCount\":0,\"publisher\":{\"@id\":\"https:\\\/\\\/diarioellabrador.cl\\\/#organization\"},\"image\":{\"@id\":\"https:\\\/\\\/diarioellabrador.cl\\\/index.php\\\/2025\\\/08\\\/04\\\/inia-y-sag-capacitan-a-productores-en-manejo-del-nematodo-foliar-de-la-frutilla-ante-cierre-de-emergencia-fitosanitaria\\\/#primaryimage\"},\"thumbnailUrl\":\"https:\\\/\\\/diarioellabrador.cl\\\/wp-content\\\/uploads\\\/2025\\\/08\\\/INIA-y-SAG-capacitan-a-productores-en-manejo-del-nematodo-foliar-de-la-frutilla-ante-cierre-de-emergencia-fitosanitaria.jpeg\",\"articleSection\":[\"Cr\u00f3nica\"],\"inLanguage\":\"es\",\"potentialAction\":[{\"@type\":\"CommentAction\",\"name\":\"Comment\",\"target\":[\"https:\\\/\\\/diarioellabrador.cl\\\/index.php\\\/2025\\\/08\\\/04\\\/inia-y-sag-capacitan-a-productores-en-manejo-del-nematodo-foliar-de-la-frutilla-ante-cierre-de-emergencia-fitosanitaria\\\/#respond\"]}]},{\"@type\":\"WebPage\",\"@id\":\"https:\\\/\\\/diarioellabrador.cl\\\/index.php\\\/2025\\\/08\\\/04\\\/inia-y-sag-capacitan-a-productores-en-manejo-del-nematodo-foliar-de-la-frutilla-ante-cierre-de-emergencia-fitosanitaria\\\/\",\"url\":\"https:\\\/\\\/diarioellabrador.cl\\\/index.php\\\/2025\\\/08\\\/04\\\/inia-y-sag-capacitan-a-productores-en-manejo-del-nematodo-foliar-de-la-frutilla-ante-cierre-de-emergencia-fitosanitaria\\\/\",\"name\":\"INIA y SAG capacitan a productores en manejo del nematodo foliar de la frutilla ante cierre de emergencia fitosanitaria - Diario El Labrador\",\"isPartOf\":{\"@id\":\"https:\\\/\\\/diarioellabrador.cl\\\/#website\"},\"primaryImageOfPage\":{\"@id\":\"https:\\\/\\\/diarioellabrador.cl\\\/index.php\\\/2025\\\/08\\\/04\\\/inia-y-sag-capacitan-a-productores-en-manejo-del-nematodo-foliar-de-la-frutilla-ante-cierre-de-emergencia-fitosanitaria\\\/#primaryimage\"},\"image\":{\"@id\":\"https:\\\/\\\/diarioellabrador.cl\\\/index.php\\\/2025\\\/08\\\/04\\\/inia-y-sag-capacitan-a-productores-en-manejo-del-nematodo-foliar-de-la-frutilla-ante-cierre-de-emergencia-fitosanitaria\\\/#primaryimage\"},\"thumbnailUrl\":\"https:\\\/\\\/diarioellabrador.cl\\\/wp-content\\\/uploads\\\/2025\\\/08\\\/INIA-y-SAG-capacitan-a-productores-en-manejo-del-nematodo-foliar-de-la-frutilla-ante-cierre-de-emergencia-fitosanitaria.jpeg\",\"datePublished\":\"2025-08-04T22:34:45+00:00\",\"dateModified\":\"2025-08-04T22:34:46+00:00\",\"breadcrumb\":{\"@id\":\"https:\\\/\\\/diarioellabrador.cl\\\/index.php\\\/2025\\\/08\\\/04\\\/inia-y-sag-capacitan-a-productores-en-manejo-del-nematodo-foliar-de-la-frutilla-ante-cierre-de-emergencia-fitosanitaria\\\/#breadcrumb\"},\"inLanguage\":\"es\",\"potentialAction\":[{\"@type\":\"ReadAction\",\"target\":[\"https:\\\/\\\/diarioellabrador.cl\\\/index.php\\\/2025\\\/08\\\/04\\\/inia-y-sag-capacitan-a-productores-en-manejo-del-nematodo-foliar-de-la-frutilla-ante-cierre-de-emergencia-fitosanitaria\\\/\"]}]},{\"@type\":\"ImageObject\",\"inLanguage\":\"es\",\"@id\":\"https:\\\/\\\/diarioellabrador.cl\\\/index.php\\\/2025\\\/08\\\/04\\\/inia-y-sag-capacitan-a-productores-en-manejo-del-nematodo-foliar-de-la-frutilla-ante-cierre-de-emergencia-fitosanitaria\\\/#primaryimage\",\"url\":\"https:\\\/\\\/diarioellabrador.cl\\\/wp-content\\\/uploads\\\/2025\\\/08\\\/INIA-y-SAG-capacitan-a-productores-en-manejo-del-nematodo-foliar-de-la-frutilla-ante-cierre-de-emergencia-fitosanitaria.jpeg\",\"contentUrl\":\"https:\\\/\\\/diarioellabrador.cl\\\/wp-content\\\/uploads\\\/2025\\\/08\\\/INIA-y-SAG-capacitan-a-productores-en-manejo-del-nematodo-foliar-de-la-frutilla-ante-cierre-de-emergencia-fitosanitaria.jpeg\",\"width\":1270,\"height\":1200},{\"@type\":\"BreadcrumbList\",\"@id\":\"https:\\\/\\\/diarioellabrador.cl\\\/index.php\\\/2025\\\/08\\\/04\\\/inia-y-sag-capacitan-a-productores-en-manejo-del-nematodo-foliar-de-la-frutilla-ante-cierre-de-emergencia-fitosanitaria\\\/#breadcrumb\",\"itemListElement\":[{\"@type\":\"ListItem\",\"position\":1,\"name\":\"Portada\",\"item\":\"https:\\\/\\\/diarioellabrador.cl\\\/\"},{\"@type\":\"ListItem\",\"position\":2,\"name\":\"INIA y SAG capacitan a productores en manejo del nematodo foliar de la frutilla ante cierre de emergencia fitosanitaria\"}]},{\"@type\":\"WebSite\",\"@id\":\"https:\\\/\\\/diarioellabrador.cl\\\/#website\",\"url\":\"https:\\\/\\\/diarioellabrador.cl\\\/\",\"name\":\"Diario El Labrador\",\"description\":\"Haciendo noticia desde 1921\",\"publisher\":{\"@id\":\"https:\\\/\\\/diarioellabrador.cl\\\/#organization\"},\"potentialAction\":[{\"@type\":\"SearchAction\",\"target\":{\"@type\":\"EntryPoint\",\"urlTemplate\":\"https:\\\/\\\/diarioellabrador.cl\\\/?s={search_term_string}\"},\"query-input\":{\"@type\":\"PropertyValueSpecification\",\"valueRequired\":true,\"valueName\":\"search_term_string\"}}],\"inLanguage\":\"es\"},{\"@type\":\"Organization\",\"@id\":\"https:\\\/\\\/diarioellabrador.cl\\\/#organization\",\"name\":\"Diario El Labrador\",\"url\":\"https:\\\/\\\/diarioellabrador.cl\\\/\",\"logo\":{\"@type\":\"ImageObject\",\"inLanguage\":\"es\",\"@id\":\"https:\\\/\\\/diarioellabrador.cl\\\/#\\\/schema\\\/logo\\\/image\\\/\",\"url\":\"https:\\\/\\\/diarioellabrador.cl\\\/wp-content\\\/uploads\\\/2025\\\/02\\\/cropped-Logo-Icono.png\",\"contentUrl\":\"https:\\\/\\\/diarioellabrador.cl\\\/wp-content\\\/uploads\\\/2025\\\/02\\\/cropped-Logo-Icono.png\",\"width\":512,\"height\":512,\"caption\":\"Diario El Labrador\"},\"image\":{\"@id\":\"https:\\\/\\\/diarioellabrador.cl\\\/#\\\/schema\\\/logo\\\/image\\\/\"},\"sameAs\":[\"https:\\\/\\\/web.facebook.com\\\/profile.php?id=61576120840621\",\"https:\\\/\\\/x.com\\\/ElLabradorOf\",\"https:\\\/\\\/www.instagram.com\\\/diarioellabradoroficial\\\/\"]},{\"@type\":\"Person\",\"@id\":\"https:\\\/\\\/diarioellabrador.cl\\\/#\\\/schema\\\/person\\\/bc25ff80b4563f9c7f4bd7855df01685\",\"name\":\"Editor\",\"image\":{\"@type\":\"ImageObject\",\"inLanguage\":\"es\",\"@id\":\"https:\\\/\\\/secure.gravatar.com\\\/avatar\\\/109c326cf2be5c04f048c2c2a2b8b6ef44bf3d8d1d3d4c55d0ac40c4bc994684?s=96&d=mm&r=g\",\"url\":\"https:\\\/\\\/secure.gravatar.com\\\/avatar\\\/109c326cf2be5c04f048c2c2a2b8b6ef44bf3d8d1d3d4c55d0ac40c4bc994684?s=96&d=mm&r=g\",\"contentUrl\":\"https:\\\/\\\/secure.gravatar.com\\\/avatar\\\/109c326cf2be5c04f048c2c2a2b8b6ef44bf3d8d1d3d4c55d0ac40c4bc994684?s=96&d=mm&r=g\",\"caption\":\"Editor\"},\"url\":\"https:\\\/\\\/diarioellabrador.cl\\\/index.php\\\/author\\\/editor\\\/\"}]}<\/script>\n<!-- \/ Yoast SEO plugin. -->","yoast_head_json":{"title":"INIA y SAG capacitan a productores en manejo del nematodo foliar de la frutilla ante cierre de emergencia fitosanitaria - Diario El Labrador","robots":{"index":"index","follow":"follow","max-snippet":"max-snippet:-1","max-image-preview":"max-image-preview:large","max-video-preview":"max-video-preview:-1"},"canonical":"https:\/\/diarioellabrador.cl\/index.php\/2025\/08\/04\/inia-y-sag-capacitan-a-productores-en-manejo-del-nematodo-foliar-de-la-frutilla-ante-cierre-de-emergencia-fitosanitaria\/","og_locale":"es_ES","og_type":"article","og_title":"INIA y SAG capacitan a productores en manejo del nematodo foliar de la frutilla ante cierre de emergencia fitosanitaria - Diario El Labrador","og_description":"La jornada realizada en Santo Domingo, Regi\u00f3n de Valpara\u00edso, entreg\u00f3 recomendaciones pr\u00e1cticas para enfrentar la plaga, que ser\u00e1 declarada oficialmente presente en Chile a partir de agosto de 2025. La actividad forma parte del proyecto \u201cManejo integrado del nematodo foliar de la frutilla\u201d, apoyado por la agencia FIA (Fundaci\u00f3n para la Innovaci\u00f3n Agraria) y en Leer m\u00e1s","og_url":"https:\/\/diarioellabrador.cl\/index.php\/2025\/08\/04\/inia-y-sag-capacitan-a-productores-en-manejo-del-nematodo-foliar-de-la-frutilla-ante-cierre-de-emergencia-fitosanitaria\/","og_site_name":"Diario El Labrador","article_publisher":"https:\/\/web.facebook.com\/profile.php?id=61576120840621","article_published_time":"2025-08-04T22:34:45+00:00","article_modified_time":"2025-08-04T22:34:46+00:00","og_image":[{"width":1270,"height":1200,"url":"https:\/\/diarioellabrador.cl\/wp-content\/uploads\/2025\/08\/INIA-y-SAG-capacitan-a-productores-en-manejo-del-nematodo-foliar-de-la-frutilla-ante-cierre-de-emergencia-fitosanitaria.jpeg","type":"image\/jpeg"}],"author":"Editor","twitter_card":"summary_large_image","twitter_creator":"@ElLabradorOf","twitter_site":"@ElLabradorOf","twitter_misc":{"Escrito por":"Editor","Tiempo de lectura":"4 minutos"},"schema":{"@context":"https:\/\/schema.org","@graph":[{"@type":"Article","@id":"https:\/\/diarioellabrador.cl\/index.php\/2025\/08\/04\/inia-y-sag-capacitan-a-productores-en-manejo-del-nematodo-foliar-de-la-frutilla-ante-cierre-de-emergencia-fitosanitaria\/#article","isPartOf":{"@id":"https:\/\/diarioellabrador.cl\/index.php\/2025\/08\/04\/inia-y-sag-capacitan-a-productores-en-manejo-del-nematodo-foliar-de-la-frutilla-ante-cierre-de-emergencia-fitosanitaria\/"},"author":{"name":"Editor","@id":"https:\/\/diarioellabrador.cl\/#\/schema\/person\/bc25ff80b4563f9c7f4bd7855df01685"},"headline":"INIA y SAG capacitan a productores en manejo del nematodo foliar de la frutilla ante cierre de emergencia fitosanitaria","datePublished":"2025-08-04T22:34:45+00:00","dateModified":"2025-08-04T22:34:46+00:00","mainEntityOfPage":{"@id":"https:\/\/diarioellabrador.cl\/index.php\/2025\/08\/04\/inia-y-sag-capacitan-a-productores-en-manejo-del-nematodo-foliar-de-la-frutilla-ante-cierre-de-emergencia-fitosanitaria\/"},"wordCount":845,"commentCount":0,"publisher":{"@id":"https:\/\/diarioellabrador.cl\/#organization"},"image":{"@id":"https:\/\/diarioellabrador.cl\/index.php\/2025\/08\/04\/inia-y-sag-capacitan-a-productores-en-manejo-del-nematodo-foliar-de-la-frutilla-ante-cierre-de-emergencia-fitosanitaria\/#primaryimage"},"thumbnailUrl":"https:\/\/diarioellabrador.cl\/wp-content\/uploads\/2025\/08\/INIA-y-SAG-capacitan-a-productores-en-manejo-del-nematodo-foliar-de-la-frutilla-ante-cierre-de-emergencia-fitosanitaria.jpeg","articleSection":["Cr\u00f3nica"],"inLanguage":"es","potentialAction":[{"@type":"CommentAction","name":"Comment","target":["https:\/\/diarioellabrador.cl\/index.php\/2025\/08\/04\/inia-y-sag-capacitan-a-productores-en-manejo-del-nematodo-foliar-de-la-frutilla-ante-cierre-de-emergencia-fitosanitaria\/#respond"]}]},{"@type":"WebPage","@id":"https:\/\/diarioellabrador.cl\/index.php\/2025\/08\/04\/inia-y-sag-capacitan-a-productores-en-manejo-del-nematodo-foliar-de-la-frutilla-ante-cierre-de-emergencia-fitosanitaria\/","url":"https:\/\/diarioellabrador.cl\/index.php\/2025\/08\/04\/inia-y-sag-capacitan-a-productores-en-manejo-del-nematodo-foliar-de-la-frutilla-ante-cierre-de-emergencia-fitosanitaria\/","name":"INIA y SAG capacitan a productores en manejo del nematodo foliar de la frutilla ante cierre de emergencia fitosanitaria - Diario El Labrador","isPartOf":{"@id":"https:\/\/diarioellabrador.cl\/#website"},"primaryImageOfPage":{"@id":"https:\/\/diarioellabrador.cl\/index.php\/2025\/08\/04\/inia-y-sag-capacitan-a-productores-en-manejo-del-nematodo-foliar-de-la-frutilla-ante-cierre-de-emergencia-fitosanitaria\/#primaryimage"},"image":{"@id":"https:\/\/diarioellabrador.cl\/index.php\/2025\/08\/04\/inia-y-sag-capacitan-a-productores-en-manejo-del-nematodo-foliar-de-la-frutilla-ante-cierre-de-emergencia-fitosanitaria\/#primaryimage"},"thumbnailUrl":"https:\/\/diarioellabrador.cl\/wp-content\/uploads\/2025\/08\/INIA-y-SAG-capacitan-a-productores-en-manejo-del-nematodo-foliar-de-la-frutilla-ante-cierre-de-emergencia-fitosanitaria.jpeg","datePublished":"2025-08-04T22:34:45+00:00","dateModified":"2025-08-04T22:34:46+00:00","breadcrumb":{"@id":"https:\/\/diarioellabrador.cl\/index.php\/2025\/08\/04\/inia-y-sag-capacitan-a-productores-en-manejo-del-nematodo-foliar-de-la-frutilla-ante-cierre-de-emergencia-fitosanitaria\/#breadcrumb"},"inLanguage":"es","potentialAction":[{"@type":"ReadAction","target":["https:\/\/diarioellabrador.cl\/index.php\/2025\/08\/04\/inia-y-sag-capacitan-a-productores-en-manejo-del-nematodo-foliar-de-la-frutilla-ante-cierre-de-emergencia-fitosanitaria\/"]}]},{"@type":"ImageObject","inLanguage":"es","@id":"https:\/\/diarioellabrador.cl\/index.php\/2025\/08\/04\/inia-y-sag-capacitan-a-productores-en-manejo-del-nematodo-foliar-de-la-frutilla-ante-cierre-de-emergencia-fitosanitaria\/#primaryimage","url":"https:\/\/diarioellabrador.cl\/wp-content\/uploads\/2025\/08\/INIA-y-SAG-capacitan-a-productores-en-manejo-del-nematodo-foliar-de-la-frutilla-ante-cierre-de-emergencia-fitosanitaria.jpeg","contentUrl":"https:\/\/diarioellabrador.cl\/wp-content\/uploads\/2025\/08\/INIA-y-SAG-capacitan-a-productores-en-manejo-del-nematodo-foliar-de-la-frutilla-ante-cierre-de-emergencia-fitosanitaria.jpeg","width":1270,"height":1200},{"@type":"BreadcrumbList","@id":"https:\/\/diarioellabrador.cl\/index.php\/2025\/08\/04\/inia-y-sag-capacitan-a-productores-en-manejo-del-nematodo-foliar-de-la-frutilla-ante-cierre-de-emergencia-fitosanitaria\/#breadcrumb","itemListElement":[{"@type":"ListItem","position":1,"name":"Portada","item":"https:\/\/diarioellabrador.cl\/"},{"@type":"ListItem","position":2,"name":"INIA y SAG capacitan a productores en manejo del nematodo foliar de la frutilla ante cierre de emergencia fitosanitaria"}]},{"@type":"WebSite","@id":"https:\/\/diarioellabrador.cl\/#website","url":"https:\/\/diarioellabrador.cl\/","name":"Diario El Labrador","description":"Haciendo noticia desde 1921","publisher":{"@id":"https:\/\/diarioellabrador.cl\/#organization"},"potentialAction":[{"@type":"SearchAction","target":{"@type":"EntryPoint","urlTemplate":"https:\/\/diarioellabrador.cl\/?s={search_term_string}"},"query-input":{"@type":"PropertyValueSpecification","valueRequired":true,"valueName":"search_term_string"}}],"inLanguage":"es"},{"@type":"Organization","@id":"https:\/\/diarioellabrador.cl\/#organization","name":"Diario El Labrador","url":"https:\/\/diarioellabrador.cl\/","logo":{"@type":"ImageObject","inLanguage":"es","@id":"https:\/\/diarioellabrador.cl\/#\/schema\/logo\/image\/","url":"https:\/\/diarioellabrador.cl\/wp-content\/uploads\/2025\/02\/cropped-Logo-Icono.png","contentUrl":"https:\/\/diarioellabrador.cl\/wp-content\/uploads\/2025\/02\/cropped-Logo-Icono.png","width":512,"height":512,"caption":"Diario El Labrador"},"image":{"@id":"https:\/\/diarioellabrador.cl\/#\/schema\/logo\/image\/"},"sameAs":["https:\/\/web.facebook.com\/profile.php?id=61576120840621","https:\/\/x.com\/ElLabradorOf","https:\/\/www.instagram.com\/diarioellabradoroficial\/"]},{"@type":"Person","@id":"https:\/\/diarioellabrador.cl\/#\/schema\/person\/bc25ff80b4563f9c7f4bd7855df01685","name":"Editor","image":{"@type":"ImageObject","inLanguage":"es","@id":"https:\/\/secure.gravatar.com\/avatar\/109c326cf2be5c04f048c2c2a2b8b6ef44bf3d8d1d3d4c55d0ac40c4bc994684?s=96&d=mm&r=g","url":"https:\/\/secure.gravatar.com\/avatar\/109c326cf2be5c04f048c2c2a2b8b6ef44bf3d8d1d3d4c55d0ac40c4bc994684?s=96&d=mm&r=g","contentUrl":"https:\/\/secure.gravatar.com\/avatar\/109c326cf2be5c04f048c2c2a2b8b6ef44bf3d8d1d3d4c55d0ac40c4bc994684?s=96&d=mm&r=g","caption":"Editor"},"url":"https:\/\/diarioellabrador.cl\/index.php\/author\/editor\/"}]}},"_links":{"self":[{"href":"https:\/\/diarioellabrador.cl\/index.php\/wp-json\/wp\/v2\/posts\/6596","targetHints":{"allow":["GET"]}}],"collection":[{"href":"https:\/\/diarioellabrador.cl\/index.php\/wp-json\/wp\/v2\/posts"}],"about":[{"href":"https:\/\/diarioellabrador.cl\/index.php\/wp-json\/wp\/v2\/types\/post"}],"author":[{"embeddable":true,"href":"https:\/\/diarioellabrador.cl\/index.php\/wp-json\/wp\/v2\/users\/2"}],"replies":[{"embeddable":true,"href":"https:\/\/diarioellabrador.cl\/index.php\/wp-json\/wp\/v2\/comments?post=6596"}],"version-history":[{"count":1,"href":"https:\/\/diarioellabrador.cl\/index.php\/wp-json\/wp\/v2\/posts\/6596\/revisions"}],"predecessor-version":[{"id":6597,"href":"https:\/\/diarioellabrador.cl\/index.php\/wp-json\/wp\/v2\/posts\/6596\/revisions\/6597"}],"wp:featuredmedia":[{"embeddable":true,"href":"https:\/\/diarioellabrador.cl\/index.php\/wp-json\/wp\/v2\/media\/6566"}],"wp:attachment":[{"href":"https:\/\/diarioellabrador.cl\/index.php\/wp-json\/wp\/v2\/media?parent=6596"}],"wp:term":[{"taxonomy":"category","embeddable":true,"href":"https:\/\/diarioellabrador.cl\/index.php\/wp-json\/wp\/v2\/categories?post=6596"},{"taxonomy":"post_tag","embeddable":true,"href":"https:\/\/diarioellabrador.cl\/index.php\/wp-json\/wp\/v2\/tags?post=6596"}],"curies":[{"name":"wp","href":"https:\/\/api.w.org\/{rel}","templated":true}]}}