{"id":6534,"date":"2025-08-02T16:05:44","date_gmt":"2025-08-02T20:05:44","guid":{"rendered":"https:\/\/diarioellabrador.cl\/?p=6534"},"modified":"2025-08-02T16:05:46","modified_gmt":"2025-08-02T20:05:46","slug":"alcaldesa-paula-garete-participo-en-el-cierre-de-la-12-version-de-la-academia-de-mujeres-empresarias","status":"publish","type":"post","link":"https:\/\/diarioellabrador.cl\/index.php\/2025\/08\/02\/alcaldesa-paula-garete-participo-en-el-cierre-de-la-12-version-de-la-academia-de-mujeres-empresarias\/","title":{"rendered":"Alcaldesa Paula Garete particip\u00f3 en el cierre de la 12\u00b0 versi\u00f3n de la Academia de Mujeres Empresarias"},"content":{"rendered":"\n<p><br>Esta semana fue realizado el cierre de la 12\u00b0 versi\u00f3n de la Academia de Mujeres Empresarias\u201d. En la actividad, se hizo presente la alcaldesa Paula Garate quien comparti\u00f3 con todas las damas que luego de esta experiencia buscan seguir fortaleciendo el emprendimiento femenino en la provincia de Melipilla.<\/p>\n\n\n\n<p>Esta nueva generaci\u00f3n de emprendedoras, ya tienen todas las competencias para llevar sus negocios al siguiente nivel gracias al aprendizaje obtenido por medio del programa gratuito de seis m\u00f3dulos organizado por el Centro de Desarrollo de Negocios Sercotec Melipilla y Duoc UC sede Melipilla.<\/p>\n\n\n\n<p>Las emprendedoras que participaron aprendieron desde habilidades de comunicaci\u00f3n y contabilidad hasta estrategias de formalizaci\u00f3n y comercializaci\u00f3n digital. Las participantes recibieron herramientas esenciales para hacer crecer sus ideas y proyectos. \u201cComo Municipio, estamos comprometidos con el fortalecimiento de las emprendedoras de nuestra Provincia, y esta academia es un claro ejemplo de c\u00f3mo la colaboraci\u00f3n puede generar grandes oportunidades\u201d, indic\u00f3 la alcaldesa<\/p>\n","protected":false},"excerpt":{"rendered":"<p>Esta semana fue realizado el cierre de la 12\u00b0 versi\u00f3n de la Academia de Mujeres Empresarias\u201d. En la actividad, se hizo presente la alcaldesa Paula Garate quien comparti\u00f3 con todas las damas que luego de esta experiencia buscan seguir fortaleciendo el emprendimiento femenino en la provincia de Melipilla. Esta nueva generaci\u00f3n de emprendedoras, ya tienen<\/p>\n<div class=\"read-more-wrapper\"><a class=\"read-more\" href=\"https:\/\/diarioellabrador.cl\/index.php\/2025\/08\/02\/alcaldesa-paula-garete-participo-en-el-cierre-de-la-12-version-de-la-academia-de-mujeres-empresarias\/\" title=\"Leer m\u00e1s\"> <span class=\"button \">Leer m\u00e1s<\/span><\/a><\/div>\n","protected":false},"author":2,"featured_media":6482,"comment_status":"open","ping_status":"open","sticky":false,"template":"","format":"standard","meta":{"footnotes":""},"categories":[1],"tags":[],"class_list":["post-6534","post","type-post","status-publish","format-standard","has-post-thumbnail","hentry","category-cronica"],"yoast_head":"<!-- This site is optimized with the Yoast SEO plugin v27.5 - https:\/\/yoast.com\/product\/yoast-seo-wordpress\/ -->\n<title>Alcaldesa Paula Garete particip\u00f3 en el cierre de la 12\u00b0 versi\u00f3n de la Academia de Mujeres Empresarias - Diario El Labrador<\/title>\n<meta name=\"robots\" content=\"index, follow, max-snippet:-1, max-image-preview:large, max-video-preview:-1\" \/>\n<link rel=\"canonical\" href=\"https:\/\/diarioellabrador.cl\/index.php\/2025\/08\/02\/alcaldesa-paula-garete-participo-en-el-cierre-de-la-12-version-de-la-academia-de-mujeres-empresarias\/\" \/>\n<meta property=\"og:locale\" content=\"es_ES\" \/>\n<meta property=\"og:type\" content=\"article\" \/>\n<meta property=\"og:title\" content=\"Alcaldesa Paula Garete particip\u00f3 en el cierre de la 12\u00b0 versi\u00f3n de la Academia de Mujeres Empresarias - Diario El Labrador\" \/>\n<meta property=\"og:description\" content=\"Esta semana fue realizado el cierre de la 12\u00b0 versi\u00f3n de la Academia de Mujeres Empresarias\u201d. En la actividad, se hizo presente la alcaldesa Paula Garate quien comparti\u00f3 con todas las damas que luego de esta experiencia buscan seguir fortaleciendo el emprendimiento femenino en la provincia de Melipilla. Esta nueva generaci\u00f3n de emprendedoras, ya tienen Leer m\u00e1s\" \/>\n<meta property=\"og:url\" content=\"https:\/\/diarioellabrador.cl\/index.php\/2025\/08\/02\/alcaldesa-paula-garete-participo-en-el-cierre-de-la-12-version-de-la-academia-de-mujeres-empresarias\/\" \/>\n<meta property=\"og:site_name\" content=\"Diario El Labrador\" \/>\n<meta property=\"article:publisher\" content=\"https:\/\/web.facebook.com\/profile.php?id=61576120840621\" \/>\n<meta property=\"article:published_time\" content=\"2025-08-02T20:05:44+00:00\" \/>\n<meta property=\"article:modified_time\" content=\"2025-08-02T20:05:46+00:00\" \/>\n<meta property=\"og:image\" content=\"https:\/\/diarioellabrador.cl\/wp-content\/uploads\/2025\/08\/IMG_6349.jpg\" \/>\n\t<meta property=\"og:image:width\" content=\"1080\" \/>\n\t<meta property=\"og:image:height\" content=\"810\" \/>\n\t<meta property=\"og:image:type\" content=\"image\/jpeg\" \/>\n<meta name=\"author\" content=\"Editor\" \/>\n<meta name=\"twitter:card\" content=\"summary_large_image\" \/>\n<meta name=\"twitter:creator\" content=\"@ElLabradorOf\" \/>\n<meta name=\"twitter:site\" content=\"@ElLabradorOf\" \/>\n<meta name=\"twitter:label1\" content=\"Escrito por\" \/>\n\t<meta name=\"twitter:data1\" content=\"Editor\" \/>\n\t<meta name=\"twitter:label2\" content=\"Tiempo de lectura\" \/>\n\t<meta name=\"twitter:data2\" content=\"1 minuto\" \/>\n<script type=\"application\/ld+json\" class=\"yoast-schema-graph\">{\"@context\":\"https:\\\/\\\/schema.org\",\"@graph\":[{\"@type\":\"Article\",\"@id\":\"https:\\\/\\\/diarioellabrador.cl\\\/index.php\\\/2025\\\/08\\\/02\\\/alcaldesa-paula-garete-participo-en-el-cierre-de-la-12-version-de-la-academia-de-mujeres-empresarias\\\/#article\",\"isPartOf\":{\"@id\":\"https:\\\/\\\/diarioellabrador.cl\\\/index.php\\\/2025\\\/08\\\/02\\\/alcaldesa-paula-garete-participo-en-el-cierre-de-la-12-version-de-la-academia-de-mujeres-empresarias\\\/\"},\"author\":{\"name\":\"Editor\",\"@id\":\"https:\\\/\\\/diarioellabrador.cl\\\/#\\\/schema\\\/person\\\/bc25ff80b4563f9c7f4bd7855df01685\"},\"headline\":\"Alcaldesa Paula Garete particip\u00f3 en el cierre de la 12\u00b0 versi\u00f3n de la Academia de Mujeres Empresarias\",\"datePublished\":\"2025-08-02T20:05:44+00:00\",\"dateModified\":\"2025-08-02T20:05:46+00:00\",\"mainEntityOfPage\":{\"@id\":\"https:\\\/\\\/diarioellabrador.cl\\\/index.php\\\/2025\\\/08\\\/02\\\/alcaldesa-paula-garete-participo-en-el-cierre-de-la-12-version-de-la-academia-de-mujeres-empresarias\\\/\"},\"wordCount\":177,\"commentCount\":0,\"publisher\":{\"@id\":\"https:\\\/\\\/diarioellabrador.cl\\\/#organization\"},\"image\":{\"@id\":\"https:\\\/\\\/diarioellabrador.cl\\\/index.php\\\/2025\\\/08\\\/02\\\/alcaldesa-paula-garete-participo-en-el-cierre-de-la-12-version-de-la-academia-de-mujeres-empresarias\\\/#primaryimage\"},\"thumbnailUrl\":\"https:\\\/\\\/diarioellabrador.cl\\\/wp-content\\\/uploads\\\/2025\\\/08\\\/IMG_6349.jpg\",\"articleSection\":[\"Cr\u00f3nica\"],\"inLanguage\":\"es\",\"potentialAction\":[{\"@type\":\"CommentAction\",\"name\":\"Comment\",\"target\":[\"https:\\\/\\\/diarioellabrador.cl\\\/index.php\\\/2025\\\/08\\\/02\\\/alcaldesa-paula-garete-participo-en-el-cierre-de-la-12-version-de-la-academia-de-mujeres-empresarias\\\/#respond\"]}]},{\"@type\":\"WebPage\",\"@id\":\"https:\\\/\\\/diarioellabrador.cl\\\/index.php\\\/2025\\\/08\\\/02\\\/alcaldesa-paula-garete-participo-en-el-cierre-de-la-12-version-de-la-academia-de-mujeres-empresarias\\\/\",\"url\":\"https:\\\/\\\/diarioellabrador.cl\\\/index.php\\\/2025\\\/08\\\/02\\\/alcaldesa-paula-garete-participo-en-el-cierre-de-la-12-version-de-la-academia-de-mujeres-empresarias\\\/\",\"name\":\"Alcaldesa Paula Garete particip\u00f3 en el cierre de la 12\u00b0 versi\u00f3n de la Academia de Mujeres Empresarias - Diario El Labrador\",\"isPartOf\":{\"@id\":\"https:\\\/\\\/diarioellabrador.cl\\\/#website\"},\"primaryImageOfPage\":{\"@id\":\"https:\\\/\\\/diarioellabrador.cl\\\/index.php\\\/2025\\\/08\\\/02\\\/alcaldesa-paula-garete-participo-en-el-cierre-de-la-12-version-de-la-academia-de-mujeres-empresarias\\\/#primaryimage\"},\"image\":{\"@id\":\"https:\\\/\\\/diarioellabrador.cl\\\/index.php\\\/2025\\\/08\\\/02\\\/alcaldesa-paula-garete-participo-en-el-cierre-de-la-12-version-de-la-academia-de-mujeres-empresarias\\\/#primaryimage\"},\"thumbnailUrl\":\"https:\\\/\\\/diarioellabrador.cl\\\/wp-content\\\/uploads\\\/2025\\\/08\\\/IMG_6349.jpg\",\"datePublished\":\"2025-08-02T20:05:44+00:00\",\"dateModified\":\"2025-08-02T20:05:46+00:00\",\"breadcrumb\":{\"@id\":\"https:\\\/\\\/diarioellabrador.cl\\\/index.php\\\/2025\\\/08\\\/02\\\/alcaldesa-paula-garete-participo-en-el-cierre-de-la-12-version-de-la-academia-de-mujeres-empresarias\\\/#breadcrumb\"},\"inLanguage\":\"es\",\"potentialAction\":[{\"@type\":\"ReadAction\",\"target\":[\"https:\\\/\\\/diarioellabrador.cl\\\/index.php\\\/2025\\\/08\\\/02\\\/alcaldesa-paula-garete-participo-en-el-cierre-de-la-12-version-de-la-academia-de-mujeres-empresarias\\\/\"]}]},{\"@type\":\"ImageObject\",\"inLanguage\":\"es\",\"@id\":\"https:\\\/\\\/diarioellabrador.cl\\\/index.php\\\/2025\\\/08\\\/02\\\/alcaldesa-paula-garete-participo-en-el-cierre-de-la-12-version-de-la-academia-de-mujeres-empresarias\\\/#primaryimage\",\"url\":\"https:\\\/\\\/diarioellabrador.cl\\\/wp-content\\\/uploads\\\/2025\\\/08\\\/IMG_6349.jpg\",\"contentUrl\":\"https:\\\/\\\/diarioellabrador.cl\\\/wp-content\\\/uploads\\\/2025\\\/08\\\/IMG_6349.jpg\",\"width\":1080,\"height\":810},{\"@type\":\"BreadcrumbList\",\"@id\":\"https:\\\/\\\/diarioellabrador.cl\\\/index.php\\\/2025\\\/08\\\/02\\\/alcaldesa-paula-garete-participo-en-el-cierre-de-la-12-version-de-la-academia-de-mujeres-empresarias\\\/#breadcrumb\",\"itemListElement\":[{\"@type\":\"ListItem\",\"position\":1,\"name\":\"Portada\",\"item\":\"https:\\\/\\\/diarioellabrador.cl\\\/\"},{\"@type\":\"ListItem\",\"position\":2,\"name\":\"Alcaldesa Paula Garete particip\u00f3 en el cierre de la 12\u00b0 versi\u00f3n de la Academia de Mujeres Empresarias\"}]},{\"@type\":\"WebSite\",\"@id\":\"https:\\\/\\\/diarioellabrador.cl\\\/#website\",\"url\":\"https:\\\/\\\/diarioellabrador.cl\\\/\",\"name\":\"Diario El Labrador\",\"description\":\"Haciendo noticia desde 1921\",\"publisher\":{\"@id\":\"https:\\\/\\\/diarioellabrador.cl\\\/#organization\"},\"potentialAction\":[{\"@type\":\"SearchAction\",\"target\":{\"@type\":\"EntryPoint\",\"urlTemplate\":\"https:\\\/\\\/diarioellabrador.cl\\\/?s={search_term_string}\"},\"query-input\":{\"@type\":\"PropertyValueSpecification\",\"valueRequired\":true,\"valueName\":\"search_term_string\"}}],\"inLanguage\":\"es\"},{\"@type\":\"Organization\",\"@id\":\"https:\\\/\\\/diarioellabrador.cl\\\/#organization\",\"name\":\"Diario El Labrador\",\"url\":\"https:\\\/\\\/diarioellabrador.cl\\\/\",\"logo\":{\"@type\":\"ImageObject\",\"inLanguage\":\"es\",\"@id\":\"https:\\\/\\\/diarioellabrador.cl\\\/#\\\/schema\\\/logo\\\/image\\\/\",\"url\":\"https:\\\/\\\/diarioellabrador.cl\\\/wp-content\\\/uploads\\\/2025\\\/02\\\/cropped-Logo-Icono.png\",\"contentUrl\":\"https:\\\/\\\/diarioellabrador.cl\\\/wp-content\\\/uploads\\\/2025\\\/02\\\/cropped-Logo-Icono.png\",\"width\":512,\"height\":512,\"caption\":\"Diario El Labrador\"},\"image\":{\"@id\":\"https:\\\/\\\/diarioellabrador.cl\\\/#\\\/schema\\\/logo\\\/image\\\/\"},\"sameAs\":[\"https:\\\/\\\/web.facebook.com\\\/profile.php?id=61576120840621\",\"https:\\\/\\\/x.com\\\/ElLabradorOf\",\"https:\\\/\\\/www.instagram.com\\\/diarioellabradoroficial\\\/\"]},{\"@type\":\"Person\",\"@id\":\"https:\\\/\\\/diarioellabrador.cl\\\/#\\\/schema\\\/person\\\/bc25ff80b4563f9c7f4bd7855df01685\",\"name\":\"Editor\",\"image\":{\"@type\":\"ImageObject\",\"inLanguage\":\"es\",\"@id\":\"https:\\\/\\\/secure.gravatar.com\\\/avatar\\\/109c326cf2be5c04f048c2c2a2b8b6ef44bf3d8d1d3d4c55d0ac40c4bc994684?s=96&d=mm&r=g\",\"url\":\"https:\\\/\\\/secure.gravatar.com\\\/avatar\\\/109c326cf2be5c04f048c2c2a2b8b6ef44bf3d8d1d3d4c55d0ac40c4bc994684?s=96&d=mm&r=g\",\"contentUrl\":\"https:\\\/\\\/secure.gravatar.com\\\/avatar\\\/109c326cf2be5c04f048c2c2a2b8b6ef44bf3d8d1d3d4c55d0ac40c4bc994684?s=96&d=mm&r=g\",\"caption\":\"Editor\"},\"url\":\"https:\\\/\\\/diarioellabrador.cl\\\/index.php\\\/author\\\/editor\\\/\"}]}<\/script>\n<!-- \/ Yoast SEO plugin. -->","yoast_head_json":{"title":"Alcaldesa Paula Garete particip\u00f3 en el cierre de la 12\u00b0 versi\u00f3n de la Academia de Mujeres Empresarias - Diario El Labrador","robots":{"index":"index","follow":"follow","max-snippet":"max-snippet:-1","max-image-preview":"max-image-preview:large","max-video-preview":"max-video-preview:-1"},"canonical":"https:\/\/diarioellabrador.cl\/index.php\/2025\/08\/02\/alcaldesa-paula-garete-participo-en-el-cierre-de-la-12-version-de-la-academia-de-mujeres-empresarias\/","og_locale":"es_ES","og_type":"article","og_title":"Alcaldesa Paula Garete particip\u00f3 en el cierre de la 12\u00b0 versi\u00f3n de la Academia de Mujeres Empresarias - Diario El Labrador","og_description":"Esta semana fue realizado el cierre de la 12\u00b0 versi\u00f3n de la Academia de Mujeres Empresarias\u201d. En la actividad, se hizo presente la alcaldesa Paula Garate quien comparti\u00f3 con todas las damas que luego de esta experiencia buscan seguir fortaleciendo el emprendimiento femenino en la provincia de Melipilla. Esta nueva generaci\u00f3n de emprendedoras, ya tienen Leer m\u00e1s","og_url":"https:\/\/diarioellabrador.cl\/index.php\/2025\/08\/02\/alcaldesa-paula-garete-participo-en-el-cierre-de-la-12-version-de-la-academia-de-mujeres-empresarias\/","og_site_name":"Diario El Labrador","article_publisher":"https:\/\/web.facebook.com\/profile.php?id=61576120840621","article_published_time":"2025-08-02T20:05:44+00:00","article_modified_time":"2025-08-02T20:05:46+00:00","og_image":[{"width":1080,"height":810,"url":"https:\/\/diarioellabrador.cl\/wp-content\/uploads\/2025\/08\/IMG_6349.jpg","type":"image\/jpeg"}],"author":"Editor","twitter_card":"summary_large_image","twitter_creator":"@ElLabradorOf","twitter_site":"@ElLabradorOf","twitter_misc":{"Escrito por":"Editor","Tiempo de lectura":"1 minuto"},"schema":{"@context":"https:\/\/schema.org","@graph":[{"@type":"Article","@id":"https:\/\/diarioellabrador.cl\/index.php\/2025\/08\/02\/alcaldesa-paula-garete-participo-en-el-cierre-de-la-12-version-de-la-academia-de-mujeres-empresarias\/#article","isPartOf":{"@id":"https:\/\/diarioellabrador.cl\/index.php\/2025\/08\/02\/alcaldesa-paula-garete-participo-en-el-cierre-de-la-12-version-de-la-academia-de-mujeres-empresarias\/"},"author":{"name":"Editor","@id":"https:\/\/diarioellabrador.cl\/#\/schema\/person\/bc25ff80b4563f9c7f4bd7855df01685"},"headline":"Alcaldesa Paula Garete particip\u00f3 en el cierre de la 12\u00b0 versi\u00f3n de la Academia de Mujeres Empresarias","datePublished":"2025-08-02T20:05:44+00:00","dateModified":"2025-08-02T20:05:46+00:00","mainEntityOfPage":{"@id":"https:\/\/diarioellabrador.cl\/index.php\/2025\/08\/02\/alcaldesa-paula-garete-participo-en-el-cierre-de-la-12-version-de-la-academia-de-mujeres-empresarias\/"},"wordCount":177,"commentCount":0,"publisher":{"@id":"https:\/\/diarioellabrador.cl\/#organization"},"image":{"@id":"https:\/\/diarioellabrador.cl\/index.php\/2025\/08\/02\/alcaldesa-paula-garete-participo-en-el-cierre-de-la-12-version-de-la-academia-de-mujeres-empresarias\/#primaryimage"},"thumbnailUrl":"https:\/\/diarioellabrador.cl\/wp-content\/uploads\/2025\/08\/IMG_6349.jpg","articleSection":["Cr\u00f3nica"],"inLanguage":"es","potentialAction":[{"@type":"CommentAction","name":"Comment","target":["https:\/\/diarioellabrador.cl\/index.php\/2025\/08\/02\/alcaldesa-paula-garete-participo-en-el-cierre-de-la-12-version-de-la-academia-de-mujeres-empresarias\/#respond"]}]},{"@type":"WebPage","@id":"https:\/\/diarioellabrador.cl\/index.php\/2025\/08\/02\/alcaldesa-paula-garete-participo-en-el-cierre-de-la-12-version-de-la-academia-de-mujeres-empresarias\/","url":"https:\/\/diarioellabrador.cl\/index.php\/2025\/08\/02\/alcaldesa-paula-garete-participo-en-el-cierre-de-la-12-version-de-la-academia-de-mujeres-empresarias\/","name":"Alcaldesa Paula Garete particip\u00f3 en el cierre de la 12\u00b0 versi\u00f3n de la Academia de Mujeres Empresarias - Diario El Labrador","isPartOf":{"@id":"https:\/\/diarioellabrador.cl\/#website"},"primaryImageOfPage":{"@id":"https:\/\/diarioellabrador.cl\/index.php\/2025\/08\/02\/alcaldesa-paula-garete-participo-en-el-cierre-de-la-12-version-de-la-academia-de-mujeres-empresarias\/#primaryimage"},"image":{"@id":"https:\/\/diarioellabrador.cl\/index.php\/2025\/08\/02\/alcaldesa-paula-garete-participo-en-el-cierre-de-la-12-version-de-la-academia-de-mujeres-empresarias\/#primaryimage"},"thumbnailUrl":"https:\/\/diarioellabrador.cl\/wp-content\/uploads\/2025\/08\/IMG_6349.jpg","datePublished":"2025-08-02T20:05:44+00:00","dateModified":"2025-08-02T20:05:46+00:00","breadcrumb":{"@id":"https:\/\/diarioellabrador.cl\/index.php\/2025\/08\/02\/alcaldesa-paula-garete-participo-en-el-cierre-de-la-12-version-de-la-academia-de-mujeres-empresarias\/#breadcrumb"},"inLanguage":"es","potentialAction":[{"@type":"ReadAction","target":["https:\/\/diarioellabrador.cl\/index.php\/2025\/08\/02\/alcaldesa-paula-garete-participo-en-el-cierre-de-la-12-version-de-la-academia-de-mujeres-empresarias\/"]}]},{"@type":"ImageObject","inLanguage":"es","@id":"https:\/\/diarioellabrador.cl\/index.php\/2025\/08\/02\/alcaldesa-paula-garete-participo-en-el-cierre-de-la-12-version-de-la-academia-de-mujeres-empresarias\/#primaryimage","url":"https:\/\/diarioellabrador.cl\/wp-content\/uploads\/2025\/08\/IMG_6349.jpg","contentUrl":"https:\/\/diarioellabrador.cl\/wp-content\/uploads\/2025\/08\/IMG_6349.jpg","width":1080,"height":810},{"@type":"BreadcrumbList","@id":"https:\/\/diarioellabrador.cl\/index.php\/2025\/08\/02\/alcaldesa-paula-garete-participo-en-el-cierre-de-la-12-version-de-la-academia-de-mujeres-empresarias\/#breadcrumb","itemListElement":[{"@type":"ListItem","position":1,"name":"Portada","item":"https:\/\/diarioellabrador.cl\/"},{"@type":"ListItem","position":2,"name":"Alcaldesa Paula Garete particip\u00f3 en el cierre de la 12\u00b0 versi\u00f3n de la Academia de Mujeres Empresarias"}]},{"@type":"WebSite","@id":"https:\/\/diarioellabrador.cl\/#website","url":"https:\/\/diarioellabrador.cl\/","name":"Diario El Labrador","description":"Haciendo noticia desde 1921","publisher":{"@id":"https:\/\/diarioellabrador.cl\/#organization"},"potentialAction":[{"@type":"SearchAction","target":{"@type":"EntryPoint","urlTemplate":"https:\/\/diarioellabrador.cl\/?s={search_term_string}"},"query-input":{"@type":"PropertyValueSpecification","valueRequired":true,"valueName":"search_term_string"}}],"inLanguage":"es"},{"@type":"Organization","@id":"https:\/\/diarioellabrador.cl\/#organization","name":"Diario El Labrador","url":"https:\/\/diarioellabrador.cl\/","logo":{"@type":"ImageObject","inLanguage":"es","@id":"https:\/\/diarioellabrador.cl\/#\/schema\/logo\/image\/","url":"https:\/\/diarioellabrador.cl\/wp-content\/uploads\/2025\/02\/cropped-Logo-Icono.png","contentUrl":"https:\/\/diarioellabrador.cl\/wp-content\/uploads\/2025\/02\/cropped-Logo-Icono.png","width":512,"height":512,"caption":"Diario El Labrador"},"image":{"@id":"https:\/\/diarioellabrador.cl\/#\/schema\/logo\/image\/"},"sameAs":["https:\/\/web.facebook.com\/profile.php?id=61576120840621","https:\/\/x.com\/ElLabradorOf","https:\/\/www.instagram.com\/diarioellabradoroficial\/"]},{"@type":"Person","@id":"https:\/\/diarioellabrador.cl\/#\/schema\/person\/bc25ff80b4563f9c7f4bd7855df01685","name":"Editor","image":{"@type":"ImageObject","inLanguage":"es","@id":"https:\/\/secure.gravatar.com\/avatar\/109c326cf2be5c04f048c2c2a2b8b6ef44bf3d8d1d3d4c55d0ac40c4bc994684?s=96&d=mm&r=g","url":"https:\/\/secure.gravatar.com\/avatar\/109c326cf2be5c04f048c2c2a2b8b6ef44bf3d8d1d3d4c55d0ac40c4bc994684?s=96&d=mm&r=g","contentUrl":"https:\/\/secure.gravatar.com\/avatar\/109c326cf2be5c04f048c2c2a2b8b6ef44bf3d8d1d3d4c55d0ac40c4bc994684?s=96&d=mm&r=g","caption":"Editor"},"url":"https:\/\/diarioellabrador.cl\/index.php\/author\/editor\/"}]}},"_links":{"self":[{"href":"https:\/\/diarioellabrador.cl\/index.php\/wp-json\/wp\/v2\/posts\/6534","targetHints":{"allow":["GET"]}}],"collection":[{"href":"https:\/\/diarioellabrador.cl\/index.php\/wp-json\/wp\/v2\/posts"}],"about":[{"href":"https:\/\/diarioellabrador.cl\/index.php\/wp-json\/wp\/v2\/types\/post"}],"author":[{"embeddable":true,"href":"https:\/\/diarioellabrador.cl\/index.php\/wp-json\/wp\/v2\/users\/2"}],"replies":[{"embeddable":true,"href":"https:\/\/diarioellabrador.cl\/index.php\/wp-json\/wp\/v2\/comments?post=6534"}],"version-history":[{"count":1,"href":"https:\/\/diarioellabrador.cl\/index.php\/wp-json\/wp\/v2\/posts\/6534\/revisions"}],"predecessor-version":[{"id":6535,"href":"https:\/\/diarioellabrador.cl\/index.php\/wp-json\/wp\/v2\/posts\/6534\/revisions\/6535"}],"wp:featuredmedia":[{"embeddable":true,"href":"https:\/\/diarioellabrador.cl\/index.php\/wp-json\/wp\/v2\/media\/6482"}],"wp:attachment":[{"href":"https:\/\/diarioellabrador.cl\/index.php\/wp-json\/wp\/v2\/media?parent=6534"}],"wp:term":[{"taxonomy":"category","embeddable":true,"href":"https:\/\/diarioellabrador.cl\/index.php\/wp-json\/wp\/v2\/categories?post=6534"},{"taxonomy":"post_tag","embeddable":true,"href":"https:\/\/diarioellabrador.cl\/index.php\/wp-json\/wp\/v2\/tags?post=6534"}],"curies":[{"name":"wp","href":"https:\/\/api.w.org\/{rel}","templated":true}]}}