{"id":6502,"date":"2025-08-02T15:45:09","date_gmt":"2025-08-02T19:45:09","guid":{"rendered":"https:\/\/diarioellabrador.cl\/?p=6502"},"modified":"2025-08-02T15:45:10","modified_gmt":"2025-08-02T19:45:10","slug":"fernando-atavales-mejor-jinete-de-litoral-central-estos-premios-siempre-son-una-motivacion","status":"publish","type":"post","link":"https:\/\/diarioellabrador.cl\/index.php\/2025\/08\/02\/fernando-atavales-mejor-jinete-de-litoral-central-estos-premios-siempre-son-una-motivacion\/","title":{"rendered":"Fernando Atavales, Mejor Jinete de Litoral Central: Estos premios siempre son una motivaci\u00f3n"},"content":{"rendered":"\n<p><strong>Autor: <\/strong><a href=\"https:\/\/www.caballoyrodeo.cl\/portal_rodeo\/site\/artic\/20240223\/pags\/20240223201658.html\">H\u00e9ctor Uribe Delgado<\/a><\/p>\n\n\n\n<p>Luego de ser elegido como <strong>Mejor Jinete de la Asociaci\u00f3n Litoral Central<\/strong> para la temporada reci\u00e9n pasada, <strong>Fernando Atavales espera que la nueva campa\u00f1a sea otra vez de alegr\u00edas y es por ello que toma este reconocimiento como una motivaci\u00f3n para lo que viene.<\/strong><\/p>\n\n\n\n<p>En di\u00e1logo con <strong>Caballoyrodeo.cl<\/strong>, el socio del Club Cuncum\u00e9n expres\u00f3 que \u00abcontento porque siempre es bueno recibir un premio, y es motivante para lo que viene. <strong>La verdad que qued\u00e9 satisfecho con la temporada, as\u00ed que ahora me estoy preparando para la temporada que viene y espero seguir haci\u00e9ndolo bien\u00bb.<\/strong><\/p>\n\n\n\n<p>\u00abFue una buena temporada ac\u00e1 en el criadero, y <strong>se valora porque ac\u00e1 buenos jinetes, buenos caballos y buenos criaderos, y esta vez me toc\u00f3 a m\u00ed, as\u00ed es que contento por eso\u00bb, a\u00f1adi\u00f3.<\/strong><\/p>\n\n\n\n<p>Atavales cont\u00f3 que este premio \u00abva dedicado a la familia y por supuesto al Criadero Casas de Bucalemu, que me da la oportunidad de hacer lo que a m\u00ed me gusta\u00bb.<\/p>\n\n\n\n<p>Sobre lo vivido en el \u00faltimo a\u00f1o corralero, el jinete \u2013que tambi\u00e9n hab\u00eda recibido este premio en Asociaci\u00f3n Melipilla-, cont\u00f3 que <strong>\u00abesta es mi segunda temporada en el Criadero, y la collera que corrimos (junto a Francisco Ampuero) era una collera de potros en su primera temporada<\/strong>, as\u00ed que qued\u00e9 conforme con lo hecho porque en la temporada que viene los caballos ya van a estar un poco m\u00e1s firmes, y espero andar mejor\u00bb.<\/p>\n\n\n\n<p><strong>\u00abPara esta temporada junto a Juan Pablo Aros tenemos esa collera de potros y otra collera m\u00e1s de yeguas. Y por ah\u00ed hay otros caballos m\u00e1s<\/strong>, a ver si armamos otra collerita por ah\u00ed, depende de c\u00f3mo nos vaya yendo en la temporada\u00bb, a\u00f1adi\u00f3 Atavales, quien adelant\u00f3 que la Temporada Grande en Litoral Central arrancar\u00e1 el pr\u00f3ximo 23 de agosto.<\/p>\n","protected":false},"excerpt":{"rendered":"<p>Autor: H\u00e9ctor Uribe Delgado Luego de ser elegido como Mejor Jinete de la Asociaci\u00f3n Litoral Central para la temporada reci\u00e9n pasada, Fernando Atavales espera que la nueva campa\u00f1a sea otra vez de alegr\u00edas y es por ello que toma este reconocimiento como una motivaci\u00f3n para lo que viene. En di\u00e1logo con Caballoyrodeo.cl, el socio del<\/p>\n<div class=\"read-more-wrapper\"><a class=\"read-more\" href=\"https:\/\/diarioellabrador.cl\/index.php\/2025\/08\/02\/fernando-atavales-mejor-jinete-de-litoral-central-estos-premios-siempre-son-una-motivacion\/\" title=\"Leer m\u00e1s\"> <span class=\"button \">Leer m\u00e1s<\/span><\/a><\/div>\n","protected":false},"author":2,"featured_media":6477,"comment_status":"open","ping_status":"open","sticky":false,"template":"","format":"standard","meta":{"footnotes":""},"categories":[5],"tags":[],"class_list":["post-6502","post","type-post","status-publish","format-standard","has-post-thumbnail","hentry","category-rodeo"],"yoast_head":"<!-- This site is optimized with the Yoast SEO plugin v27.5 - https:\/\/yoast.com\/product\/yoast-seo-wordpress\/ -->\n<title>Fernando Atavales, Mejor Jinete de Litoral Central: Estos premios siempre son una motivaci\u00f3n - Diario El Labrador<\/title>\n<meta name=\"robots\" content=\"index, follow, max-snippet:-1, max-image-preview:large, max-video-preview:-1\" \/>\n<link rel=\"canonical\" href=\"https:\/\/diarioellabrador.cl\/index.php\/2025\/08\/02\/fernando-atavales-mejor-jinete-de-litoral-central-estos-premios-siempre-son-una-motivacion\/\" \/>\n<meta property=\"og:locale\" content=\"es_ES\" \/>\n<meta property=\"og:type\" content=\"article\" \/>\n<meta property=\"og:title\" content=\"Fernando Atavales, Mejor Jinete de Litoral Central: Estos premios siempre son una motivaci\u00f3n - Diario El Labrador\" \/>\n<meta property=\"og:description\" content=\"Autor: H\u00e9ctor Uribe Delgado Luego de ser elegido como Mejor Jinete de la Asociaci\u00f3n Litoral Central para la temporada reci\u00e9n pasada, Fernando Atavales espera que la nueva campa\u00f1a sea otra vez de alegr\u00edas y es por ello que toma este reconocimiento como una motivaci\u00f3n para lo que viene. En di\u00e1logo con Caballoyrodeo.cl, el socio del Leer m\u00e1s\" \/>\n<meta property=\"og:url\" content=\"https:\/\/diarioellabrador.cl\/index.php\/2025\/08\/02\/fernando-atavales-mejor-jinete-de-litoral-central-estos-premios-siempre-son-una-motivacion\/\" \/>\n<meta property=\"og:site_name\" content=\"Diario El Labrador\" \/>\n<meta property=\"article:publisher\" content=\"https:\/\/web.facebook.com\/profile.php?id=61576120840621\" \/>\n<meta property=\"article:published_time\" content=\"2025-08-02T19:45:09+00:00\" \/>\n<meta property=\"article:modified_time\" content=\"2025-08-02T19:45:10+00:00\" \/>\n<meta property=\"og:image\" content=\"https:\/\/diarioellabrador.cl\/wp-content\/uploads\/2025\/08\/Fernando-Atavales-Mejor-Jinete-de-Litoral-Central-Estos-premios-siempre-son-una-motivacion.jpg\" \/>\n\t<meta property=\"og:image:width\" content=\"750\" \/>\n\t<meta property=\"og:image:height\" content=\"389\" \/>\n\t<meta property=\"og:image:type\" content=\"image\/jpeg\" \/>\n<meta name=\"author\" content=\"Editor\" \/>\n<meta name=\"twitter:card\" content=\"summary_large_image\" \/>\n<meta name=\"twitter:creator\" content=\"@ElLabradorOf\" \/>\n<meta name=\"twitter:site\" content=\"@ElLabradorOf\" \/>\n<meta name=\"twitter:label1\" content=\"Escrito por\" \/>\n\t<meta name=\"twitter:data1\" content=\"Editor\" \/>\n\t<meta name=\"twitter:label2\" content=\"Tiempo de lectura\" \/>\n\t<meta name=\"twitter:data2\" content=\"2 minutos\" \/>\n<script type=\"application\/ld+json\" class=\"yoast-schema-graph\">{\"@context\":\"https:\\\/\\\/schema.org\",\"@graph\":[{\"@type\":\"Article\",\"@id\":\"https:\\\/\\\/diarioellabrador.cl\\\/index.php\\\/2025\\\/08\\\/02\\\/fernando-atavales-mejor-jinete-de-litoral-central-estos-premios-siempre-son-una-motivacion\\\/#article\",\"isPartOf\":{\"@id\":\"https:\\\/\\\/diarioellabrador.cl\\\/index.php\\\/2025\\\/08\\\/02\\\/fernando-atavales-mejor-jinete-de-litoral-central-estos-premios-siempre-son-una-motivacion\\\/\"},\"author\":{\"name\":\"Editor\",\"@id\":\"https:\\\/\\\/diarioellabrador.cl\\\/#\\\/schema\\\/person\\\/bc25ff80b4563f9c7f4bd7855df01685\"},\"headline\":\"Fernando Atavales, Mejor Jinete de Litoral Central: Estos premios siempre son una motivaci\u00f3n\",\"datePublished\":\"2025-08-02T19:45:09+00:00\",\"dateModified\":\"2025-08-02T19:45:10+00:00\",\"mainEntityOfPage\":{\"@id\":\"https:\\\/\\\/diarioellabrador.cl\\\/index.php\\\/2025\\\/08\\\/02\\\/fernando-atavales-mejor-jinete-de-litoral-central-estos-premios-siempre-son-una-motivacion\\\/\"},\"wordCount\":331,\"commentCount\":0,\"publisher\":{\"@id\":\"https:\\\/\\\/diarioellabrador.cl\\\/#organization\"},\"image\":{\"@id\":\"https:\\\/\\\/diarioellabrador.cl\\\/index.php\\\/2025\\\/08\\\/02\\\/fernando-atavales-mejor-jinete-de-litoral-central-estos-premios-siempre-son-una-motivacion\\\/#primaryimage\"},\"thumbnailUrl\":\"https:\\\/\\\/diarioellabrador.cl\\\/wp-content\\\/uploads\\\/2025\\\/08\\\/Fernando-Atavales-Mejor-Jinete-de-Litoral-Central-Estos-premios-siempre-son-una-motivacion.jpg\",\"articleSection\":[\"Rodeo\"],\"inLanguage\":\"es\",\"potentialAction\":[{\"@type\":\"CommentAction\",\"name\":\"Comment\",\"target\":[\"https:\\\/\\\/diarioellabrador.cl\\\/index.php\\\/2025\\\/08\\\/02\\\/fernando-atavales-mejor-jinete-de-litoral-central-estos-premios-siempre-son-una-motivacion\\\/#respond\"]}]},{\"@type\":\"WebPage\",\"@id\":\"https:\\\/\\\/diarioellabrador.cl\\\/index.php\\\/2025\\\/08\\\/02\\\/fernando-atavales-mejor-jinete-de-litoral-central-estos-premios-siempre-son-una-motivacion\\\/\",\"url\":\"https:\\\/\\\/diarioellabrador.cl\\\/index.php\\\/2025\\\/08\\\/02\\\/fernando-atavales-mejor-jinete-de-litoral-central-estos-premios-siempre-son-una-motivacion\\\/\",\"name\":\"Fernando Atavales, Mejor Jinete de Litoral Central: Estos premios siempre son una motivaci\u00f3n - Diario El Labrador\",\"isPartOf\":{\"@id\":\"https:\\\/\\\/diarioellabrador.cl\\\/#website\"},\"primaryImageOfPage\":{\"@id\":\"https:\\\/\\\/diarioellabrador.cl\\\/index.php\\\/2025\\\/08\\\/02\\\/fernando-atavales-mejor-jinete-de-litoral-central-estos-premios-siempre-son-una-motivacion\\\/#primaryimage\"},\"image\":{\"@id\":\"https:\\\/\\\/diarioellabrador.cl\\\/index.php\\\/2025\\\/08\\\/02\\\/fernando-atavales-mejor-jinete-de-litoral-central-estos-premios-siempre-son-una-motivacion\\\/#primaryimage\"},\"thumbnailUrl\":\"https:\\\/\\\/diarioellabrador.cl\\\/wp-content\\\/uploads\\\/2025\\\/08\\\/Fernando-Atavales-Mejor-Jinete-de-Litoral-Central-Estos-premios-siempre-son-una-motivacion.jpg\",\"datePublished\":\"2025-08-02T19:45:09+00:00\",\"dateModified\":\"2025-08-02T19:45:10+00:00\",\"breadcrumb\":{\"@id\":\"https:\\\/\\\/diarioellabrador.cl\\\/index.php\\\/2025\\\/08\\\/02\\\/fernando-atavales-mejor-jinete-de-litoral-central-estos-premios-siempre-son-una-motivacion\\\/#breadcrumb\"},\"inLanguage\":\"es\",\"potentialAction\":[{\"@type\":\"ReadAction\",\"target\":[\"https:\\\/\\\/diarioellabrador.cl\\\/index.php\\\/2025\\\/08\\\/02\\\/fernando-atavales-mejor-jinete-de-litoral-central-estos-premios-siempre-son-una-motivacion\\\/\"]}]},{\"@type\":\"ImageObject\",\"inLanguage\":\"es\",\"@id\":\"https:\\\/\\\/diarioellabrador.cl\\\/index.php\\\/2025\\\/08\\\/02\\\/fernando-atavales-mejor-jinete-de-litoral-central-estos-premios-siempre-son-una-motivacion\\\/#primaryimage\",\"url\":\"https:\\\/\\\/diarioellabrador.cl\\\/wp-content\\\/uploads\\\/2025\\\/08\\\/Fernando-Atavales-Mejor-Jinete-de-Litoral-Central-Estos-premios-siempre-son-una-motivacion.jpg\",\"contentUrl\":\"https:\\\/\\\/diarioellabrador.cl\\\/wp-content\\\/uploads\\\/2025\\\/08\\\/Fernando-Atavales-Mejor-Jinete-de-Litoral-Central-Estos-premios-siempre-son-una-motivacion.jpg\",\"width\":750,\"height\":389},{\"@type\":\"BreadcrumbList\",\"@id\":\"https:\\\/\\\/diarioellabrador.cl\\\/index.php\\\/2025\\\/08\\\/02\\\/fernando-atavales-mejor-jinete-de-litoral-central-estos-premios-siempre-son-una-motivacion\\\/#breadcrumb\",\"itemListElement\":[{\"@type\":\"ListItem\",\"position\":1,\"name\":\"Portada\",\"item\":\"https:\\\/\\\/diarioellabrador.cl\\\/\"},{\"@type\":\"ListItem\",\"position\":2,\"name\":\"Fernando Atavales, Mejor Jinete de Litoral Central: Estos premios siempre son una motivaci\u00f3n\"}]},{\"@type\":\"WebSite\",\"@id\":\"https:\\\/\\\/diarioellabrador.cl\\\/#website\",\"url\":\"https:\\\/\\\/diarioellabrador.cl\\\/\",\"name\":\"Diario El Labrador\",\"description\":\"Haciendo noticia desde 1921\",\"publisher\":{\"@id\":\"https:\\\/\\\/diarioellabrador.cl\\\/#organization\"},\"potentialAction\":[{\"@type\":\"SearchAction\",\"target\":{\"@type\":\"EntryPoint\",\"urlTemplate\":\"https:\\\/\\\/diarioellabrador.cl\\\/?s={search_term_string}\"},\"query-input\":{\"@type\":\"PropertyValueSpecification\",\"valueRequired\":true,\"valueName\":\"search_term_string\"}}],\"inLanguage\":\"es\"},{\"@type\":\"Organization\",\"@id\":\"https:\\\/\\\/diarioellabrador.cl\\\/#organization\",\"name\":\"Diario El Labrador\",\"url\":\"https:\\\/\\\/diarioellabrador.cl\\\/\",\"logo\":{\"@type\":\"ImageObject\",\"inLanguage\":\"es\",\"@id\":\"https:\\\/\\\/diarioellabrador.cl\\\/#\\\/schema\\\/logo\\\/image\\\/\",\"url\":\"https:\\\/\\\/diarioellabrador.cl\\\/wp-content\\\/uploads\\\/2025\\\/02\\\/cropped-Logo-Icono.png\",\"contentUrl\":\"https:\\\/\\\/diarioellabrador.cl\\\/wp-content\\\/uploads\\\/2025\\\/02\\\/cropped-Logo-Icono.png\",\"width\":512,\"height\":512,\"caption\":\"Diario El Labrador\"},\"image\":{\"@id\":\"https:\\\/\\\/diarioellabrador.cl\\\/#\\\/schema\\\/logo\\\/image\\\/\"},\"sameAs\":[\"https:\\\/\\\/web.facebook.com\\\/profile.php?id=61576120840621\",\"https:\\\/\\\/x.com\\\/ElLabradorOf\",\"https:\\\/\\\/www.instagram.com\\\/diarioellabradoroficial\\\/\"]},{\"@type\":\"Person\",\"@id\":\"https:\\\/\\\/diarioellabrador.cl\\\/#\\\/schema\\\/person\\\/bc25ff80b4563f9c7f4bd7855df01685\",\"name\":\"Editor\",\"image\":{\"@type\":\"ImageObject\",\"inLanguage\":\"es\",\"@id\":\"https:\\\/\\\/secure.gravatar.com\\\/avatar\\\/109c326cf2be5c04f048c2c2a2b8b6ef44bf3d8d1d3d4c55d0ac40c4bc994684?s=96&d=mm&r=g\",\"url\":\"https:\\\/\\\/secure.gravatar.com\\\/avatar\\\/109c326cf2be5c04f048c2c2a2b8b6ef44bf3d8d1d3d4c55d0ac40c4bc994684?s=96&d=mm&r=g\",\"contentUrl\":\"https:\\\/\\\/secure.gravatar.com\\\/avatar\\\/109c326cf2be5c04f048c2c2a2b8b6ef44bf3d8d1d3d4c55d0ac40c4bc994684?s=96&d=mm&r=g\",\"caption\":\"Editor\"},\"url\":\"https:\\\/\\\/diarioellabrador.cl\\\/index.php\\\/author\\\/editor\\\/\"}]}<\/script>\n<!-- \/ Yoast SEO plugin. -->","yoast_head_json":{"title":"Fernando Atavales, Mejor Jinete de Litoral Central: Estos premios siempre son una motivaci\u00f3n - Diario El Labrador","robots":{"index":"index","follow":"follow","max-snippet":"max-snippet:-1","max-image-preview":"max-image-preview:large","max-video-preview":"max-video-preview:-1"},"canonical":"https:\/\/diarioellabrador.cl\/index.php\/2025\/08\/02\/fernando-atavales-mejor-jinete-de-litoral-central-estos-premios-siempre-son-una-motivacion\/","og_locale":"es_ES","og_type":"article","og_title":"Fernando Atavales, Mejor Jinete de Litoral Central: Estos premios siempre son una motivaci\u00f3n - Diario El Labrador","og_description":"Autor: H\u00e9ctor Uribe Delgado Luego de ser elegido como Mejor Jinete de la Asociaci\u00f3n Litoral Central para la temporada reci\u00e9n pasada, Fernando Atavales espera que la nueva campa\u00f1a sea otra vez de alegr\u00edas y es por ello que toma este reconocimiento como una motivaci\u00f3n para lo que viene. En di\u00e1logo con Caballoyrodeo.cl, el socio del Leer m\u00e1s","og_url":"https:\/\/diarioellabrador.cl\/index.php\/2025\/08\/02\/fernando-atavales-mejor-jinete-de-litoral-central-estos-premios-siempre-son-una-motivacion\/","og_site_name":"Diario El Labrador","article_publisher":"https:\/\/web.facebook.com\/profile.php?id=61576120840621","article_published_time":"2025-08-02T19:45:09+00:00","article_modified_time":"2025-08-02T19:45:10+00:00","og_image":[{"width":750,"height":389,"url":"https:\/\/diarioellabrador.cl\/wp-content\/uploads\/2025\/08\/Fernando-Atavales-Mejor-Jinete-de-Litoral-Central-Estos-premios-siempre-son-una-motivacion.jpg","type":"image\/jpeg"}],"author":"Editor","twitter_card":"summary_large_image","twitter_creator":"@ElLabradorOf","twitter_site":"@ElLabradorOf","twitter_misc":{"Escrito por":"Editor","Tiempo de lectura":"2 minutos"},"schema":{"@context":"https:\/\/schema.org","@graph":[{"@type":"Article","@id":"https:\/\/diarioellabrador.cl\/index.php\/2025\/08\/02\/fernando-atavales-mejor-jinete-de-litoral-central-estos-premios-siempre-son-una-motivacion\/#article","isPartOf":{"@id":"https:\/\/diarioellabrador.cl\/index.php\/2025\/08\/02\/fernando-atavales-mejor-jinete-de-litoral-central-estos-premios-siempre-son-una-motivacion\/"},"author":{"name":"Editor","@id":"https:\/\/diarioellabrador.cl\/#\/schema\/person\/bc25ff80b4563f9c7f4bd7855df01685"},"headline":"Fernando Atavales, Mejor Jinete de Litoral Central: Estos premios siempre son una motivaci\u00f3n","datePublished":"2025-08-02T19:45:09+00:00","dateModified":"2025-08-02T19:45:10+00:00","mainEntityOfPage":{"@id":"https:\/\/diarioellabrador.cl\/index.php\/2025\/08\/02\/fernando-atavales-mejor-jinete-de-litoral-central-estos-premios-siempre-son-una-motivacion\/"},"wordCount":331,"commentCount":0,"publisher":{"@id":"https:\/\/diarioellabrador.cl\/#organization"},"image":{"@id":"https:\/\/diarioellabrador.cl\/index.php\/2025\/08\/02\/fernando-atavales-mejor-jinete-de-litoral-central-estos-premios-siempre-son-una-motivacion\/#primaryimage"},"thumbnailUrl":"https:\/\/diarioellabrador.cl\/wp-content\/uploads\/2025\/08\/Fernando-Atavales-Mejor-Jinete-de-Litoral-Central-Estos-premios-siempre-son-una-motivacion.jpg","articleSection":["Rodeo"],"inLanguage":"es","potentialAction":[{"@type":"CommentAction","name":"Comment","target":["https:\/\/diarioellabrador.cl\/index.php\/2025\/08\/02\/fernando-atavales-mejor-jinete-de-litoral-central-estos-premios-siempre-son-una-motivacion\/#respond"]}]},{"@type":"WebPage","@id":"https:\/\/diarioellabrador.cl\/index.php\/2025\/08\/02\/fernando-atavales-mejor-jinete-de-litoral-central-estos-premios-siempre-son-una-motivacion\/","url":"https:\/\/diarioellabrador.cl\/index.php\/2025\/08\/02\/fernando-atavales-mejor-jinete-de-litoral-central-estos-premios-siempre-son-una-motivacion\/","name":"Fernando Atavales, Mejor Jinete de Litoral Central: Estos premios siempre son una motivaci\u00f3n - Diario El Labrador","isPartOf":{"@id":"https:\/\/diarioellabrador.cl\/#website"},"primaryImageOfPage":{"@id":"https:\/\/diarioellabrador.cl\/index.php\/2025\/08\/02\/fernando-atavales-mejor-jinete-de-litoral-central-estos-premios-siempre-son-una-motivacion\/#primaryimage"},"image":{"@id":"https:\/\/diarioellabrador.cl\/index.php\/2025\/08\/02\/fernando-atavales-mejor-jinete-de-litoral-central-estos-premios-siempre-son-una-motivacion\/#primaryimage"},"thumbnailUrl":"https:\/\/diarioellabrador.cl\/wp-content\/uploads\/2025\/08\/Fernando-Atavales-Mejor-Jinete-de-Litoral-Central-Estos-premios-siempre-son-una-motivacion.jpg","datePublished":"2025-08-02T19:45:09+00:00","dateModified":"2025-08-02T19:45:10+00:00","breadcrumb":{"@id":"https:\/\/diarioellabrador.cl\/index.php\/2025\/08\/02\/fernando-atavales-mejor-jinete-de-litoral-central-estos-premios-siempre-son-una-motivacion\/#breadcrumb"},"inLanguage":"es","potentialAction":[{"@type":"ReadAction","target":["https:\/\/diarioellabrador.cl\/index.php\/2025\/08\/02\/fernando-atavales-mejor-jinete-de-litoral-central-estos-premios-siempre-son-una-motivacion\/"]}]},{"@type":"ImageObject","inLanguage":"es","@id":"https:\/\/diarioellabrador.cl\/index.php\/2025\/08\/02\/fernando-atavales-mejor-jinete-de-litoral-central-estos-premios-siempre-son-una-motivacion\/#primaryimage","url":"https:\/\/diarioellabrador.cl\/wp-content\/uploads\/2025\/08\/Fernando-Atavales-Mejor-Jinete-de-Litoral-Central-Estos-premios-siempre-son-una-motivacion.jpg","contentUrl":"https:\/\/diarioellabrador.cl\/wp-content\/uploads\/2025\/08\/Fernando-Atavales-Mejor-Jinete-de-Litoral-Central-Estos-premios-siempre-son-una-motivacion.jpg","width":750,"height":389},{"@type":"BreadcrumbList","@id":"https:\/\/diarioellabrador.cl\/index.php\/2025\/08\/02\/fernando-atavales-mejor-jinete-de-litoral-central-estos-premios-siempre-son-una-motivacion\/#breadcrumb","itemListElement":[{"@type":"ListItem","position":1,"name":"Portada","item":"https:\/\/diarioellabrador.cl\/"},{"@type":"ListItem","position":2,"name":"Fernando Atavales, Mejor Jinete de Litoral Central: Estos premios siempre son una motivaci\u00f3n"}]},{"@type":"WebSite","@id":"https:\/\/diarioellabrador.cl\/#website","url":"https:\/\/diarioellabrador.cl\/","name":"Diario El Labrador","description":"Haciendo noticia desde 1921","publisher":{"@id":"https:\/\/diarioellabrador.cl\/#organization"},"potentialAction":[{"@type":"SearchAction","target":{"@type":"EntryPoint","urlTemplate":"https:\/\/diarioellabrador.cl\/?s={search_term_string}"},"query-input":{"@type":"PropertyValueSpecification","valueRequired":true,"valueName":"search_term_string"}}],"inLanguage":"es"},{"@type":"Organization","@id":"https:\/\/diarioellabrador.cl\/#organization","name":"Diario El Labrador","url":"https:\/\/diarioellabrador.cl\/","logo":{"@type":"ImageObject","inLanguage":"es","@id":"https:\/\/diarioellabrador.cl\/#\/schema\/logo\/image\/","url":"https:\/\/diarioellabrador.cl\/wp-content\/uploads\/2025\/02\/cropped-Logo-Icono.png","contentUrl":"https:\/\/diarioellabrador.cl\/wp-content\/uploads\/2025\/02\/cropped-Logo-Icono.png","width":512,"height":512,"caption":"Diario El Labrador"},"image":{"@id":"https:\/\/diarioellabrador.cl\/#\/schema\/logo\/image\/"},"sameAs":["https:\/\/web.facebook.com\/profile.php?id=61576120840621","https:\/\/x.com\/ElLabradorOf","https:\/\/www.instagram.com\/diarioellabradoroficial\/"]},{"@type":"Person","@id":"https:\/\/diarioellabrador.cl\/#\/schema\/person\/bc25ff80b4563f9c7f4bd7855df01685","name":"Editor","image":{"@type":"ImageObject","inLanguage":"es","@id":"https:\/\/secure.gravatar.com\/avatar\/109c326cf2be5c04f048c2c2a2b8b6ef44bf3d8d1d3d4c55d0ac40c4bc994684?s=96&d=mm&r=g","url":"https:\/\/secure.gravatar.com\/avatar\/109c326cf2be5c04f048c2c2a2b8b6ef44bf3d8d1d3d4c55d0ac40c4bc994684?s=96&d=mm&r=g","contentUrl":"https:\/\/secure.gravatar.com\/avatar\/109c326cf2be5c04f048c2c2a2b8b6ef44bf3d8d1d3d4c55d0ac40c4bc994684?s=96&d=mm&r=g","caption":"Editor"},"url":"https:\/\/diarioellabrador.cl\/index.php\/author\/editor\/"}]}},"_links":{"self":[{"href":"https:\/\/diarioellabrador.cl\/index.php\/wp-json\/wp\/v2\/posts\/6502","targetHints":{"allow":["GET"]}}],"collection":[{"href":"https:\/\/diarioellabrador.cl\/index.php\/wp-json\/wp\/v2\/posts"}],"about":[{"href":"https:\/\/diarioellabrador.cl\/index.php\/wp-json\/wp\/v2\/types\/post"}],"author":[{"embeddable":true,"href":"https:\/\/diarioellabrador.cl\/index.php\/wp-json\/wp\/v2\/users\/2"}],"replies":[{"embeddable":true,"href":"https:\/\/diarioellabrador.cl\/index.php\/wp-json\/wp\/v2\/comments?post=6502"}],"version-history":[{"count":1,"href":"https:\/\/diarioellabrador.cl\/index.php\/wp-json\/wp\/v2\/posts\/6502\/revisions"}],"predecessor-version":[{"id":6503,"href":"https:\/\/diarioellabrador.cl\/index.php\/wp-json\/wp\/v2\/posts\/6502\/revisions\/6503"}],"wp:featuredmedia":[{"embeddable":true,"href":"https:\/\/diarioellabrador.cl\/index.php\/wp-json\/wp\/v2\/media\/6477"}],"wp:attachment":[{"href":"https:\/\/diarioellabrador.cl\/index.php\/wp-json\/wp\/v2\/media?parent=6502"}],"wp:term":[{"taxonomy":"category","embeddable":true,"href":"https:\/\/diarioellabrador.cl\/index.php\/wp-json\/wp\/v2\/categories?post=6502"},{"taxonomy":"post_tag","embeddable":true,"href":"https:\/\/diarioellabrador.cl\/index.php\/wp-json\/wp\/v2\/tags?post=6502"}],"curies":[{"name":"wp","href":"https:\/\/api.w.org\/{rel}","templated":true}]}}