{"id":5168,"date":"2025-07-07T18:31:59","date_gmt":"2025-07-07T22:31:59","guid":{"rendered":"https:\/\/diarioellabrador.cl\/?p=5168"},"modified":"2025-07-07T18:32:00","modified_gmt":"2025-07-07T22:32:00","slug":"aviso-a-personal-policial-permitio-recuperar-vehiculo-con-encargo-vigente-por-robo","status":"publish","type":"post","link":"https:\/\/diarioellabrador.cl\/index.php\/2025\/07\/07\/aviso-a-personal-policial-permitio-recuperar-vehiculo-con-encargo-vigente-por-robo\/","title":{"rendered":"Aviso a personal policial permiti\u00f3 recuperar veh\u00edculo con encargo vigente por robo"},"content":{"rendered":"\n<p>Carabineros recibi\u00f3 un llamado a la unidad, donde se informaba que un veh\u00edculo marca Chery, Tiggo, se desplazaba por la Ruta 78 en direcci\u00f3n a Santiago, el cual manten\u00eda un encargo vigente por robo. Es por lo anterior, que personal concurri\u00f3 en b\u00fasqueda del m\u00f3vil, logrando dar con su ubicaci\u00f3n en kil\u00f3metro 61 donde se procedi\u00f3 a su fiscalizaci\u00f3n.<\/p>\n\n\n\n<p>El conductor, identificado como B.P. A. de 32 a\u00f1os de nacionalidad chilena y que no cuenta con antecedentes penales, de inmediato fue detenido por el delito de receptaci\u00f3n. Al verificar el encargo vigente del veh\u00edculo con fecha 23 de octubre de 2024. Finalmente, Los antecedentes fueron puestos en conocimiento del Ministerio P\u00fablico.<\/p>\n","protected":false},"excerpt":{"rendered":"<p>Carabineros recibi\u00f3 un llamado a la unidad, donde se informaba que un veh\u00edculo marca Chery, Tiggo, se desplazaba por la Ruta 78 en direcci\u00f3n a Santiago, el cual manten\u00eda un encargo vigente por robo. Es por lo anterior, que personal concurri\u00f3 en b\u00fasqueda del m\u00f3vil, logrando dar con su ubicaci\u00f3n en kil\u00f3metro 61 donde se<\/p>\n<div class=\"read-more-wrapper\"><a class=\"read-more\" href=\"https:\/\/diarioellabrador.cl\/index.php\/2025\/07\/07\/aviso-a-personal-policial-permitio-recuperar-vehiculo-con-encargo-vigente-por-robo\/\" title=\"Leer m\u00e1s\"> <span class=\"button \">Leer m\u00e1s<\/span><\/a><\/div>\n","protected":false},"author":2,"featured_media":5123,"comment_status":"open","ping_status":"open","sticky":false,"template":"","format":"standard","meta":{"footnotes":""},"categories":[3],"tags":[],"class_list":["post-5168","post","type-post","status-publish","format-standard","has-post-thumbnail","hentry","category-policial"],"yoast_head":"<!-- This site is optimized with the Yoast SEO plugin v27.5 - https:\/\/yoast.com\/product\/yoast-seo-wordpress\/ -->\n<title>Aviso a personal policial permiti\u00f3 recuperar veh\u00edculo con encargo vigente por robo - Diario El Labrador<\/title>\n<meta name=\"robots\" content=\"index, follow, max-snippet:-1, max-image-preview:large, max-video-preview:-1\" \/>\n<link rel=\"canonical\" href=\"https:\/\/diarioellabrador.cl\/index.php\/2025\/07\/07\/aviso-a-personal-policial-permitio-recuperar-vehiculo-con-encargo-vigente-por-robo\/\" \/>\n<meta property=\"og:locale\" content=\"es_ES\" \/>\n<meta property=\"og:type\" content=\"article\" \/>\n<meta property=\"og:title\" content=\"Aviso a personal policial permiti\u00f3 recuperar veh\u00edculo con encargo vigente por robo - Diario El Labrador\" \/>\n<meta property=\"og:description\" content=\"Carabineros recibi\u00f3 un llamado a la unidad, donde se informaba que un veh\u00edculo marca Chery, Tiggo, se desplazaba por la Ruta 78 en direcci\u00f3n a Santiago, el cual manten\u00eda un encargo vigente por robo. Es por lo anterior, que personal concurri\u00f3 en b\u00fasqueda del m\u00f3vil, logrando dar con su ubicaci\u00f3n en kil\u00f3metro 61 donde se Leer m\u00e1s\" \/>\n<meta property=\"og:url\" content=\"https:\/\/diarioellabrador.cl\/index.php\/2025\/07\/07\/aviso-a-personal-policial-permitio-recuperar-vehiculo-con-encargo-vigente-por-robo\/\" \/>\n<meta property=\"og:site_name\" content=\"Diario El Labrador\" \/>\n<meta property=\"article:publisher\" content=\"https:\/\/web.facebook.com\/profile.php?id=61576120840621\" \/>\n<meta property=\"article:published_time\" content=\"2025-07-07T22:31:59+00:00\" \/>\n<meta property=\"article:modified_time\" content=\"2025-07-07T22:32:00+00:00\" \/>\n<meta property=\"og:image\" content=\"https:\/\/diarioellabrador.cl\/wp-content\/uploads\/2025\/07\/Aviso-a-personal-policial-permitio-recuperar-vehiculo-con-encargo-vigente-por-robo.jpg\" \/>\n\t<meta property=\"og:image:width\" content=\"1311\" \/>\n\t<meta property=\"og:image:height\" content=\"913\" \/>\n\t<meta property=\"og:image:type\" content=\"image\/jpeg\" \/>\n<meta name=\"author\" content=\"Editor\" \/>\n<meta name=\"twitter:card\" content=\"summary_large_image\" \/>\n<meta name=\"twitter:creator\" content=\"@ElLabradorOf\" \/>\n<meta name=\"twitter:site\" content=\"@ElLabradorOf\" \/>\n<meta name=\"twitter:label1\" content=\"Escrito por\" \/>\n\t<meta name=\"twitter:data1\" content=\"Editor\" \/>\n\t<meta name=\"twitter:label2\" content=\"Tiempo de lectura\" \/>\n\t<meta name=\"twitter:data2\" content=\"1 minuto\" \/>\n<script type=\"application\/ld+json\" class=\"yoast-schema-graph\">{\"@context\":\"https:\\\/\\\/schema.org\",\"@graph\":[{\"@type\":\"Article\",\"@id\":\"https:\\\/\\\/diarioellabrador.cl\\\/index.php\\\/2025\\\/07\\\/07\\\/aviso-a-personal-policial-permitio-recuperar-vehiculo-con-encargo-vigente-por-robo\\\/#article\",\"isPartOf\":{\"@id\":\"https:\\\/\\\/diarioellabrador.cl\\\/index.php\\\/2025\\\/07\\\/07\\\/aviso-a-personal-policial-permitio-recuperar-vehiculo-con-encargo-vigente-por-robo\\\/\"},\"author\":{\"name\":\"Editor\",\"@id\":\"https:\\\/\\\/diarioellabrador.cl\\\/#\\\/schema\\\/person\\\/bc25ff80b4563f9c7f4bd7855df01685\"},\"headline\":\"Aviso a personal policial permiti\u00f3 recuperar veh\u00edculo con encargo vigente por robo\",\"datePublished\":\"2025-07-07T22:31:59+00:00\",\"dateModified\":\"2025-07-07T22:32:00+00:00\",\"mainEntityOfPage\":{\"@id\":\"https:\\\/\\\/diarioellabrador.cl\\\/index.php\\\/2025\\\/07\\\/07\\\/aviso-a-personal-policial-permitio-recuperar-vehiculo-con-encargo-vigente-por-robo\\\/\"},\"wordCount\":132,\"commentCount\":0,\"publisher\":{\"@id\":\"https:\\\/\\\/diarioellabrador.cl\\\/#organization\"},\"image\":{\"@id\":\"https:\\\/\\\/diarioellabrador.cl\\\/index.php\\\/2025\\\/07\\\/07\\\/aviso-a-personal-policial-permitio-recuperar-vehiculo-con-encargo-vigente-por-robo\\\/#primaryimage\"},\"thumbnailUrl\":\"https:\\\/\\\/diarioellabrador.cl\\\/wp-content\\\/uploads\\\/2025\\\/07\\\/Aviso-a-personal-policial-permitio-recuperar-vehiculo-con-encargo-vigente-por-robo.jpg\",\"articleSection\":[\"Policial\"],\"inLanguage\":\"es\",\"potentialAction\":[{\"@type\":\"CommentAction\",\"name\":\"Comment\",\"target\":[\"https:\\\/\\\/diarioellabrador.cl\\\/index.php\\\/2025\\\/07\\\/07\\\/aviso-a-personal-policial-permitio-recuperar-vehiculo-con-encargo-vigente-por-robo\\\/#respond\"]}]},{\"@type\":\"WebPage\",\"@id\":\"https:\\\/\\\/diarioellabrador.cl\\\/index.php\\\/2025\\\/07\\\/07\\\/aviso-a-personal-policial-permitio-recuperar-vehiculo-con-encargo-vigente-por-robo\\\/\",\"url\":\"https:\\\/\\\/diarioellabrador.cl\\\/index.php\\\/2025\\\/07\\\/07\\\/aviso-a-personal-policial-permitio-recuperar-vehiculo-con-encargo-vigente-por-robo\\\/\",\"name\":\"Aviso a personal policial permiti\u00f3 recuperar veh\u00edculo con encargo vigente por robo - Diario El Labrador\",\"isPartOf\":{\"@id\":\"https:\\\/\\\/diarioellabrador.cl\\\/#website\"},\"primaryImageOfPage\":{\"@id\":\"https:\\\/\\\/diarioellabrador.cl\\\/index.php\\\/2025\\\/07\\\/07\\\/aviso-a-personal-policial-permitio-recuperar-vehiculo-con-encargo-vigente-por-robo\\\/#primaryimage\"},\"image\":{\"@id\":\"https:\\\/\\\/diarioellabrador.cl\\\/index.php\\\/2025\\\/07\\\/07\\\/aviso-a-personal-policial-permitio-recuperar-vehiculo-con-encargo-vigente-por-robo\\\/#primaryimage\"},\"thumbnailUrl\":\"https:\\\/\\\/diarioellabrador.cl\\\/wp-content\\\/uploads\\\/2025\\\/07\\\/Aviso-a-personal-policial-permitio-recuperar-vehiculo-con-encargo-vigente-por-robo.jpg\",\"datePublished\":\"2025-07-07T22:31:59+00:00\",\"dateModified\":\"2025-07-07T22:32:00+00:00\",\"breadcrumb\":{\"@id\":\"https:\\\/\\\/diarioellabrador.cl\\\/index.php\\\/2025\\\/07\\\/07\\\/aviso-a-personal-policial-permitio-recuperar-vehiculo-con-encargo-vigente-por-robo\\\/#breadcrumb\"},\"inLanguage\":\"es\",\"potentialAction\":[{\"@type\":\"ReadAction\",\"target\":[\"https:\\\/\\\/diarioellabrador.cl\\\/index.php\\\/2025\\\/07\\\/07\\\/aviso-a-personal-policial-permitio-recuperar-vehiculo-con-encargo-vigente-por-robo\\\/\"]}]},{\"@type\":\"ImageObject\",\"inLanguage\":\"es\",\"@id\":\"https:\\\/\\\/diarioellabrador.cl\\\/index.php\\\/2025\\\/07\\\/07\\\/aviso-a-personal-policial-permitio-recuperar-vehiculo-con-encargo-vigente-por-robo\\\/#primaryimage\",\"url\":\"https:\\\/\\\/diarioellabrador.cl\\\/wp-content\\\/uploads\\\/2025\\\/07\\\/Aviso-a-personal-policial-permitio-recuperar-vehiculo-con-encargo-vigente-por-robo.jpg\",\"contentUrl\":\"https:\\\/\\\/diarioellabrador.cl\\\/wp-content\\\/uploads\\\/2025\\\/07\\\/Aviso-a-personal-policial-permitio-recuperar-vehiculo-con-encargo-vigente-por-robo.jpg\",\"width\":1311,\"height\":913},{\"@type\":\"BreadcrumbList\",\"@id\":\"https:\\\/\\\/diarioellabrador.cl\\\/index.php\\\/2025\\\/07\\\/07\\\/aviso-a-personal-policial-permitio-recuperar-vehiculo-con-encargo-vigente-por-robo\\\/#breadcrumb\",\"itemListElement\":[{\"@type\":\"ListItem\",\"position\":1,\"name\":\"Portada\",\"item\":\"https:\\\/\\\/diarioellabrador.cl\\\/\"},{\"@type\":\"ListItem\",\"position\":2,\"name\":\"Aviso a personal policial permiti\u00f3 recuperar veh\u00edculo con encargo vigente por robo\"}]},{\"@type\":\"WebSite\",\"@id\":\"https:\\\/\\\/diarioellabrador.cl\\\/#website\",\"url\":\"https:\\\/\\\/diarioellabrador.cl\\\/\",\"name\":\"Diario El Labrador\",\"description\":\"Haciendo noticia desde 1921\",\"publisher\":{\"@id\":\"https:\\\/\\\/diarioellabrador.cl\\\/#organization\"},\"potentialAction\":[{\"@type\":\"SearchAction\",\"target\":{\"@type\":\"EntryPoint\",\"urlTemplate\":\"https:\\\/\\\/diarioellabrador.cl\\\/?s={search_term_string}\"},\"query-input\":{\"@type\":\"PropertyValueSpecification\",\"valueRequired\":true,\"valueName\":\"search_term_string\"}}],\"inLanguage\":\"es\"},{\"@type\":\"Organization\",\"@id\":\"https:\\\/\\\/diarioellabrador.cl\\\/#organization\",\"name\":\"Diario El Labrador\",\"url\":\"https:\\\/\\\/diarioellabrador.cl\\\/\",\"logo\":{\"@type\":\"ImageObject\",\"inLanguage\":\"es\",\"@id\":\"https:\\\/\\\/diarioellabrador.cl\\\/#\\\/schema\\\/logo\\\/image\\\/\",\"url\":\"https:\\\/\\\/diarioellabrador.cl\\\/wp-content\\\/uploads\\\/2025\\\/02\\\/cropped-Logo-Icono.png\",\"contentUrl\":\"https:\\\/\\\/diarioellabrador.cl\\\/wp-content\\\/uploads\\\/2025\\\/02\\\/cropped-Logo-Icono.png\",\"width\":512,\"height\":512,\"caption\":\"Diario El Labrador\"},\"image\":{\"@id\":\"https:\\\/\\\/diarioellabrador.cl\\\/#\\\/schema\\\/logo\\\/image\\\/\"},\"sameAs\":[\"https:\\\/\\\/web.facebook.com\\\/profile.php?id=61576120840621\",\"https:\\\/\\\/x.com\\\/ElLabradorOf\",\"https:\\\/\\\/www.instagram.com\\\/diarioellabradoroficial\\\/\"]},{\"@type\":\"Person\",\"@id\":\"https:\\\/\\\/diarioellabrador.cl\\\/#\\\/schema\\\/person\\\/bc25ff80b4563f9c7f4bd7855df01685\",\"name\":\"Editor\",\"image\":{\"@type\":\"ImageObject\",\"inLanguage\":\"es\",\"@id\":\"https:\\\/\\\/secure.gravatar.com\\\/avatar\\\/109c326cf2be5c04f048c2c2a2b8b6ef44bf3d8d1d3d4c55d0ac40c4bc994684?s=96&d=mm&r=g\",\"url\":\"https:\\\/\\\/secure.gravatar.com\\\/avatar\\\/109c326cf2be5c04f048c2c2a2b8b6ef44bf3d8d1d3d4c55d0ac40c4bc994684?s=96&d=mm&r=g\",\"contentUrl\":\"https:\\\/\\\/secure.gravatar.com\\\/avatar\\\/109c326cf2be5c04f048c2c2a2b8b6ef44bf3d8d1d3d4c55d0ac40c4bc994684?s=96&d=mm&r=g\",\"caption\":\"Editor\"},\"url\":\"https:\\\/\\\/diarioellabrador.cl\\\/index.php\\\/author\\\/editor\\\/\"}]}<\/script>\n<!-- \/ Yoast SEO plugin. -->","yoast_head_json":{"title":"Aviso a personal policial permiti\u00f3 recuperar veh\u00edculo con encargo vigente por robo - Diario El Labrador","robots":{"index":"index","follow":"follow","max-snippet":"max-snippet:-1","max-image-preview":"max-image-preview:large","max-video-preview":"max-video-preview:-1"},"canonical":"https:\/\/diarioellabrador.cl\/index.php\/2025\/07\/07\/aviso-a-personal-policial-permitio-recuperar-vehiculo-con-encargo-vigente-por-robo\/","og_locale":"es_ES","og_type":"article","og_title":"Aviso a personal policial permiti\u00f3 recuperar veh\u00edculo con encargo vigente por robo - Diario El Labrador","og_description":"Carabineros recibi\u00f3 un llamado a la unidad, donde se informaba que un veh\u00edculo marca Chery, Tiggo, se desplazaba por la Ruta 78 en direcci\u00f3n a Santiago, el cual manten\u00eda un encargo vigente por robo. Es por lo anterior, que personal concurri\u00f3 en b\u00fasqueda del m\u00f3vil, logrando dar con su ubicaci\u00f3n en kil\u00f3metro 61 donde se Leer m\u00e1s","og_url":"https:\/\/diarioellabrador.cl\/index.php\/2025\/07\/07\/aviso-a-personal-policial-permitio-recuperar-vehiculo-con-encargo-vigente-por-robo\/","og_site_name":"Diario El Labrador","article_publisher":"https:\/\/web.facebook.com\/profile.php?id=61576120840621","article_published_time":"2025-07-07T22:31:59+00:00","article_modified_time":"2025-07-07T22:32:00+00:00","og_image":[{"width":1311,"height":913,"url":"https:\/\/diarioellabrador.cl\/wp-content\/uploads\/2025\/07\/Aviso-a-personal-policial-permitio-recuperar-vehiculo-con-encargo-vigente-por-robo.jpg","type":"image\/jpeg"}],"author":"Editor","twitter_card":"summary_large_image","twitter_creator":"@ElLabradorOf","twitter_site":"@ElLabradorOf","twitter_misc":{"Escrito por":"Editor","Tiempo de lectura":"1 minuto"},"schema":{"@context":"https:\/\/schema.org","@graph":[{"@type":"Article","@id":"https:\/\/diarioellabrador.cl\/index.php\/2025\/07\/07\/aviso-a-personal-policial-permitio-recuperar-vehiculo-con-encargo-vigente-por-robo\/#article","isPartOf":{"@id":"https:\/\/diarioellabrador.cl\/index.php\/2025\/07\/07\/aviso-a-personal-policial-permitio-recuperar-vehiculo-con-encargo-vigente-por-robo\/"},"author":{"name":"Editor","@id":"https:\/\/diarioellabrador.cl\/#\/schema\/person\/bc25ff80b4563f9c7f4bd7855df01685"},"headline":"Aviso a personal policial permiti\u00f3 recuperar veh\u00edculo con encargo vigente por robo","datePublished":"2025-07-07T22:31:59+00:00","dateModified":"2025-07-07T22:32:00+00:00","mainEntityOfPage":{"@id":"https:\/\/diarioellabrador.cl\/index.php\/2025\/07\/07\/aviso-a-personal-policial-permitio-recuperar-vehiculo-con-encargo-vigente-por-robo\/"},"wordCount":132,"commentCount":0,"publisher":{"@id":"https:\/\/diarioellabrador.cl\/#organization"},"image":{"@id":"https:\/\/diarioellabrador.cl\/index.php\/2025\/07\/07\/aviso-a-personal-policial-permitio-recuperar-vehiculo-con-encargo-vigente-por-robo\/#primaryimage"},"thumbnailUrl":"https:\/\/diarioellabrador.cl\/wp-content\/uploads\/2025\/07\/Aviso-a-personal-policial-permitio-recuperar-vehiculo-con-encargo-vigente-por-robo.jpg","articleSection":["Policial"],"inLanguage":"es","potentialAction":[{"@type":"CommentAction","name":"Comment","target":["https:\/\/diarioellabrador.cl\/index.php\/2025\/07\/07\/aviso-a-personal-policial-permitio-recuperar-vehiculo-con-encargo-vigente-por-robo\/#respond"]}]},{"@type":"WebPage","@id":"https:\/\/diarioellabrador.cl\/index.php\/2025\/07\/07\/aviso-a-personal-policial-permitio-recuperar-vehiculo-con-encargo-vigente-por-robo\/","url":"https:\/\/diarioellabrador.cl\/index.php\/2025\/07\/07\/aviso-a-personal-policial-permitio-recuperar-vehiculo-con-encargo-vigente-por-robo\/","name":"Aviso a personal policial permiti\u00f3 recuperar veh\u00edculo con encargo vigente por robo - Diario El Labrador","isPartOf":{"@id":"https:\/\/diarioellabrador.cl\/#website"},"primaryImageOfPage":{"@id":"https:\/\/diarioellabrador.cl\/index.php\/2025\/07\/07\/aviso-a-personal-policial-permitio-recuperar-vehiculo-con-encargo-vigente-por-robo\/#primaryimage"},"image":{"@id":"https:\/\/diarioellabrador.cl\/index.php\/2025\/07\/07\/aviso-a-personal-policial-permitio-recuperar-vehiculo-con-encargo-vigente-por-robo\/#primaryimage"},"thumbnailUrl":"https:\/\/diarioellabrador.cl\/wp-content\/uploads\/2025\/07\/Aviso-a-personal-policial-permitio-recuperar-vehiculo-con-encargo-vigente-por-robo.jpg","datePublished":"2025-07-07T22:31:59+00:00","dateModified":"2025-07-07T22:32:00+00:00","breadcrumb":{"@id":"https:\/\/diarioellabrador.cl\/index.php\/2025\/07\/07\/aviso-a-personal-policial-permitio-recuperar-vehiculo-con-encargo-vigente-por-robo\/#breadcrumb"},"inLanguage":"es","potentialAction":[{"@type":"ReadAction","target":["https:\/\/diarioellabrador.cl\/index.php\/2025\/07\/07\/aviso-a-personal-policial-permitio-recuperar-vehiculo-con-encargo-vigente-por-robo\/"]}]},{"@type":"ImageObject","inLanguage":"es","@id":"https:\/\/diarioellabrador.cl\/index.php\/2025\/07\/07\/aviso-a-personal-policial-permitio-recuperar-vehiculo-con-encargo-vigente-por-robo\/#primaryimage","url":"https:\/\/diarioellabrador.cl\/wp-content\/uploads\/2025\/07\/Aviso-a-personal-policial-permitio-recuperar-vehiculo-con-encargo-vigente-por-robo.jpg","contentUrl":"https:\/\/diarioellabrador.cl\/wp-content\/uploads\/2025\/07\/Aviso-a-personal-policial-permitio-recuperar-vehiculo-con-encargo-vigente-por-robo.jpg","width":1311,"height":913},{"@type":"BreadcrumbList","@id":"https:\/\/diarioellabrador.cl\/index.php\/2025\/07\/07\/aviso-a-personal-policial-permitio-recuperar-vehiculo-con-encargo-vigente-por-robo\/#breadcrumb","itemListElement":[{"@type":"ListItem","position":1,"name":"Portada","item":"https:\/\/diarioellabrador.cl\/"},{"@type":"ListItem","position":2,"name":"Aviso a personal policial permiti\u00f3 recuperar veh\u00edculo con encargo vigente por robo"}]},{"@type":"WebSite","@id":"https:\/\/diarioellabrador.cl\/#website","url":"https:\/\/diarioellabrador.cl\/","name":"Diario El Labrador","description":"Haciendo noticia desde 1921","publisher":{"@id":"https:\/\/diarioellabrador.cl\/#organization"},"potentialAction":[{"@type":"SearchAction","target":{"@type":"EntryPoint","urlTemplate":"https:\/\/diarioellabrador.cl\/?s={search_term_string}"},"query-input":{"@type":"PropertyValueSpecification","valueRequired":true,"valueName":"search_term_string"}}],"inLanguage":"es"},{"@type":"Organization","@id":"https:\/\/diarioellabrador.cl\/#organization","name":"Diario El Labrador","url":"https:\/\/diarioellabrador.cl\/","logo":{"@type":"ImageObject","inLanguage":"es","@id":"https:\/\/diarioellabrador.cl\/#\/schema\/logo\/image\/","url":"https:\/\/diarioellabrador.cl\/wp-content\/uploads\/2025\/02\/cropped-Logo-Icono.png","contentUrl":"https:\/\/diarioellabrador.cl\/wp-content\/uploads\/2025\/02\/cropped-Logo-Icono.png","width":512,"height":512,"caption":"Diario El Labrador"},"image":{"@id":"https:\/\/diarioellabrador.cl\/#\/schema\/logo\/image\/"},"sameAs":["https:\/\/web.facebook.com\/profile.php?id=61576120840621","https:\/\/x.com\/ElLabradorOf","https:\/\/www.instagram.com\/diarioellabradoroficial\/"]},{"@type":"Person","@id":"https:\/\/diarioellabrador.cl\/#\/schema\/person\/bc25ff80b4563f9c7f4bd7855df01685","name":"Editor","image":{"@type":"ImageObject","inLanguage":"es","@id":"https:\/\/secure.gravatar.com\/avatar\/109c326cf2be5c04f048c2c2a2b8b6ef44bf3d8d1d3d4c55d0ac40c4bc994684?s=96&d=mm&r=g","url":"https:\/\/secure.gravatar.com\/avatar\/109c326cf2be5c04f048c2c2a2b8b6ef44bf3d8d1d3d4c55d0ac40c4bc994684?s=96&d=mm&r=g","contentUrl":"https:\/\/secure.gravatar.com\/avatar\/109c326cf2be5c04f048c2c2a2b8b6ef44bf3d8d1d3d4c55d0ac40c4bc994684?s=96&d=mm&r=g","caption":"Editor"},"url":"https:\/\/diarioellabrador.cl\/index.php\/author\/editor\/"}]}},"_links":{"self":[{"href":"https:\/\/diarioellabrador.cl\/index.php\/wp-json\/wp\/v2\/posts\/5168","targetHints":{"allow":["GET"]}}],"collection":[{"href":"https:\/\/diarioellabrador.cl\/index.php\/wp-json\/wp\/v2\/posts"}],"about":[{"href":"https:\/\/diarioellabrador.cl\/index.php\/wp-json\/wp\/v2\/types\/post"}],"author":[{"embeddable":true,"href":"https:\/\/diarioellabrador.cl\/index.php\/wp-json\/wp\/v2\/users\/2"}],"replies":[{"embeddable":true,"href":"https:\/\/diarioellabrador.cl\/index.php\/wp-json\/wp\/v2\/comments?post=5168"}],"version-history":[{"count":1,"href":"https:\/\/diarioellabrador.cl\/index.php\/wp-json\/wp\/v2\/posts\/5168\/revisions"}],"predecessor-version":[{"id":5169,"href":"https:\/\/diarioellabrador.cl\/index.php\/wp-json\/wp\/v2\/posts\/5168\/revisions\/5169"}],"wp:featuredmedia":[{"embeddable":true,"href":"https:\/\/diarioellabrador.cl\/index.php\/wp-json\/wp\/v2\/media\/5123"}],"wp:attachment":[{"href":"https:\/\/diarioellabrador.cl\/index.php\/wp-json\/wp\/v2\/media?parent=5168"}],"wp:term":[{"taxonomy":"category","embeddable":true,"href":"https:\/\/diarioellabrador.cl\/index.php\/wp-json\/wp\/v2\/categories?post=5168"},{"taxonomy":"post_tag","embeddable":true,"href":"https:\/\/diarioellabrador.cl\/index.php\/wp-json\/wp\/v2\/tags?post=5168"}],"curies":[{"name":"wp","href":"https:\/\/api.w.org\/{rel}","templated":true}]}}