{"id":4812,"date":"2025-07-01T18:49:14","date_gmt":"2025-07-01T22:49:14","guid":{"rendered":"https:\/\/diarioellabrador.cl\/?p=4812"},"modified":"2025-07-01T18:49:14","modified_gmt":"2025-07-01T22:49:14","slug":"ya-puedes-postular-al-capital-abeja-de-sercotec","status":"publish","type":"post","link":"https:\/\/diarioellabrador.cl\/index.php\/2025\/07\/01\/ya-puedes-postular-al-capital-abeja-de-sercotec\/","title":{"rendered":"Ya puedes postular al Capital Abeja de Sercotec"},"content":{"rendered":"\n<h1 class=\"wp-block-heading\"><em>Sercotec abri\u00f3 una nueva convocatoria del Capital Abeja para impulsar la autonom\u00eda econ\u00f3mica de las mujeres<\/em><em>. <\/em><em>Este programa que otorga un subsidio de<\/em><\/h1>\n\n\n\n<p><strong><em>$3,5 millones por beneficiaria, busca fortalecer la formalizaci\u00f3n de negocios liderados por mujeres en todo el pa\u00eds. Las postulaciones abrieron este jueves 26 de junio y se extender\u00e1n hasta el G de julio.<\/em><\/strong><\/p>\n\n\n\n<p>Esta iniciativa refleja el trabajo conjunto entre el Ministerio de Econom\u00eda, el Ministerio de la Mujer y Equidad de G\u00e9nero y Sercotec, consolid\u00e1ndose como uno de los instrumentos m\u00e1s emblem\u00e1ticos para el fomento del emprendimiento femenino en Chile. El programa destinar\u00e1 $4.201.272.000 para beneficiar a 890 emprendedoras a lo largo del pa\u00eds, otorgando un subsidio de $3,5 millones a cada una para co-financiar sus planes de trabajo empresarial.<\/p>\n\n\n\n<p>El programa Capital Abeja Emprende, ejecutado por Sercotec con financiamiento del Servicio Nacional de la Mujer y la Equidad de G\u00e9nero (SernamEG), busca abordar las brechas de g\u00e9nero que persisten en el ecosistema emprendedor nacional. Las cifras revelan que las mujeres microemprendedoras operan mayoritariamente en la informalidad y que el 58,4% inicia sus negocios por necesidad, mientras que los hombres aprovechan principalmente oportunidades de mercado.<\/p>\n\n\n\n<p>En ese sentido el Seremi de Econom\u00eda de la Regi\u00f3n Metropolitana Cristi\u00e1n Rodr\u00edguez se\u00f1al\u00f3: <em>\u00abEl Capital Abeja Emprende es un programa fundamental para el emprendimiento y la autonom\u00eda econ\u00f3mica de las mujeres de nuestro pa\u00eds, y que, forma parte de uno de los compromisos m\u00e1s importantes de nuestro gobierno en materia econ\u00f3mica que es dar condiciones para la independencia econ\u00f3mica y el emprendimiento con enfoque de g\u00e9nero. As\u00ed que, el llamado es a conocer las bases y postular en <\/em><a href=\"http:\/\/www.sercotec.cl\/\"><em>www.sercotec.cl<\/em><\/a><em> <\/em><em>hasta<\/em><em> <\/em><em>el<\/em><em> <\/em><em>0S<\/em><em> <\/em><em>de<\/em><em> <\/em><em>julio\u201d.<\/em><em><\/em><\/p>\n\n\n\n<p>Este programa otorga un subsidio de $3,5 millones, donde entre $200 mil y $500 mil pueden destinarse a acciones de gesti\u00f3n empresarial como capacitaci\u00f3n y marketing, mientras que hasta $3,3 millones pueden invertirse en activos e infraestructura. Las beneficiarias deben realizar un aporte equivalente al 3% del subsidio y cubrir los impuestos asociados al proyecto.<\/p>\n\n\n\n<p><strong><u>C\u00f3mo postular<\/u><\/strong><strong><\/strong><\/p>\n\n\n\n<p>Pueden postular emprendedoras mayores de 18 a\u00f1os, de sexo registral femenino, sin inicio de actividades en primera categor\u00eda ante el SII, que presenten un proyecto de negocio que cumpla con el foco definido por Sercotec en su regi\u00f3n.<\/p>\n\n\n\n<p>Las postulaciones para la convocatoria 2025 se habilitaron este <strong>jueves<\/strong><strong> <\/strong><strong>26<\/strong><strong> <\/strong><strong>de<\/strong><strong> <\/strong><strong>junio<\/strong><strong> <\/strong>y se extender\u00e1n <strong>hasta<\/strong><strong> <\/strong><strong>el<\/strong><strong> <\/strong><strong>G<\/strong><strong> <\/strong><strong>de<\/strong><strong> <\/strong><strong>julio<\/strong><strong> <\/strong><strong>a<\/strong><strong> <\/strong><strong>las<\/strong><strong> <\/strong><strong>15:00<\/strong><strong> <\/strong><strong>horas<\/strong>. Las interesadas deben registrarse en <a href=\"http:\/\/www.sercotec.cl\/\">www.sercotec.cl<\/a><\/p>\n","protected":false},"excerpt":{"rendered":"<p>Sercotec abri\u00f3 una nueva convocatoria del Capital Abeja para impulsar la autonom\u00eda econ\u00f3mica de las mujeres. Este programa que otorga un subsidio de $3,5 millones por beneficiaria, busca fortalecer la formalizaci\u00f3n de negocios liderados por mujeres en todo el pa\u00eds. Las postulaciones abrieron este jueves 26 de junio y se extender\u00e1n hasta el G de<\/p>\n<div class=\"read-more-wrapper\"><a class=\"read-more\" href=\"https:\/\/diarioellabrador.cl\/index.php\/2025\/07\/01\/ya-puedes-postular-al-capital-abeja-de-sercotec\/\" title=\"Leer m\u00e1s\"> <span class=\"button \">Leer m\u00e1s<\/span><\/a><\/div>\n","protected":false},"author":2,"featured_media":4764,"comment_status":"open","ping_status":"open","sticky":false,"template":"","format":"standard","meta":{"footnotes":""},"categories":[1],"tags":[],"class_list":["post-4812","post","type-post","status-publish","format-standard","has-post-thumbnail","hentry","category-cronica"],"yoast_head":"<!-- This site is optimized with the Yoast SEO plugin v27.5 - https:\/\/yoast.com\/product\/yoast-seo-wordpress\/ -->\n<title>Ya puedes postular al Capital Abeja de Sercotec - Diario El Labrador<\/title>\n<meta name=\"robots\" content=\"index, follow, max-snippet:-1, max-image-preview:large, max-video-preview:-1\" \/>\n<link rel=\"canonical\" href=\"https:\/\/diarioellabrador.cl\/index.php\/2025\/07\/01\/ya-puedes-postular-al-capital-abeja-de-sercotec\/\" \/>\n<meta property=\"og:locale\" content=\"es_ES\" \/>\n<meta property=\"og:type\" content=\"article\" \/>\n<meta property=\"og:title\" content=\"Ya puedes postular al Capital Abeja de Sercotec - Diario El Labrador\" \/>\n<meta property=\"og:description\" content=\"Sercotec abri\u00f3 una nueva convocatoria del Capital Abeja para impulsar la autonom\u00eda econ\u00f3mica de las mujeres. Este programa que otorga un subsidio de $3,5 millones por beneficiaria, busca fortalecer la formalizaci\u00f3n de negocios liderados por mujeres en todo el pa\u00eds. Las postulaciones abrieron este jueves 26 de junio y se extender\u00e1n hasta el G de Leer m\u00e1s\" \/>\n<meta property=\"og:url\" content=\"https:\/\/diarioellabrador.cl\/index.php\/2025\/07\/01\/ya-puedes-postular-al-capital-abeja-de-sercotec\/\" \/>\n<meta property=\"og:site_name\" content=\"Diario El Labrador\" \/>\n<meta property=\"article:publisher\" content=\"https:\/\/web.facebook.com\/profile.php?id=61576120840621\" \/>\n<meta property=\"article:published_time\" content=\"2025-07-01T22:49:14+00:00\" \/>\n<meta property=\"og:image\" content=\"https:\/\/diarioellabrador.cl\/wp-content\/uploads\/2025\/07\/ABEJA-EMPRENDE-RM.jpeg\" \/>\n\t<meta property=\"og:image:width\" content=\"926\" \/>\n\t<meta property=\"og:image:height\" content=\"617\" \/>\n\t<meta property=\"og:image:type\" content=\"image\/jpeg\" \/>\n<meta name=\"author\" content=\"Editor\" \/>\n<meta name=\"twitter:card\" content=\"summary_large_image\" \/>\n<meta name=\"twitter:creator\" content=\"@ElLabradorOf\" \/>\n<meta name=\"twitter:site\" content=\"@ElLabradorOf\" \/>\n<meta name=\"twitter:label1\" content=\"Escrito por\" \/>\n\t<meta name=\"twitter:data1\" content=\"Editor\" \/>\n\t<meta name=\"twitter:label2\" content=\"Tiempo de lectura\" \/>\n\t<meta name=\"twitter:data2\" content=\"3 minutos\" \/>\n<script type=\"application\/ld+json\" class=\"yoast-schema-graph\">{\"@context\":\"https:\\\/\\\/schema.org\",\"@graph\":[{\"@type\":\"Article\",\"@id\":\"https:\\\/\\\/diarioellabrador.cl\\\/index.php\\\/2025\\\/07\\\/01\\\/ya-puedes-postular-al-capital-abeja-de-sercotec\\\/#article\",\"isPartOf\":{\"@id\":\"https:\\\/\\\/diarioellabrador.cl\\\/index.php\\\/2025\\\/07\\\/01\\\/ya-puedes-postular-al-capital-abeja-de-sercotec\\\/\"},\"author\":{\"name\":\"Editor\",\"@id\":\"https:\\\/\\\/diarioellabrador.cl\\\/#\\\/schema\\\/person\\\/bc25ff80b4563f9c7f4bd7855df01685\"},\"headline\":\"Ya puedes postular al Capital Abeja de Sercotec\",\"datePublished\":\"2025-07-01T22:49:14+00:00\",\"mainEntityOfPage\":{\"@id\":\"https:\\\/\\\/diarioellabrador.cl\\\/index.php\\\/2025\\\/07\\\/01\\\/ya-puedes-postular-al-capital-abeja-de-sercotec\\\/\"},\"wordCount\":429,\"commentCount\":0,\"publisher\":{\"@id\":\"https:\\\/\\\/diarioellabrador.cl\\\/#organization\"},\"image\":{\"@id\":\"https:\\\/\\\/diarioellabrador.cl\\\/index.php\\\/2025\\\/07\\\/01\\\/ya-puedes-postular-al-capital-abeja-de-sercotec\\\/#primaryimage\"},\"thumbnailUrl\":\"https:\\\/\\\/diarioellabrador.cl\\\/wp-content\\\/uploads\\\/2025\\\/07\\\/ABEJA-EMPRENDE-RM.jpeg\",\"articleSection\":[\"Cr\u00f3nica\"],\"inLanguage\":\"es\",\"potentialAction\":[{\"@type\":\"CommentAction\",\"name\":\"Comment\",\"target\":[\"https:\\\/\\\/diarioellabrador.cl\\\/index.php\\\/2025\\\/07\\\/01\\\/ya-puedes-postular-al-capital-abeja-de-sercotec\\\/#respond\"]}]},{\"@type\":\"WebPage\",\"@id\":\"https:\\\/\\\/diarioellabrador.cl\\\/index.php\\\/2025\\\/07\\\/01\\\/ya-puedes-postular-al-capital-abeja-de-sercotec\\\/\",\"url\":\"https:\\\/\\\/diarioellabrador.cl\\\/index.php\\\/2025\\\/07\\\/01\\\/ya-puedes-postular-al-capital-abeja-de-sercotec\\\/\",\"name\":\"Ya puedes postular al Capital Abeja de Sercotec - Diario El Labrador\",\"isPartOf\":{\"@id\":\"https:\\\/\\\/diarioellabrador.cl\\\/#website\"},\"primaryImageOfPage\":{\"@id\":\"https:\\\/\\\/diarioellabrador.cl\\\/index.php\\\/2025\\\/07\\\/01\\\/ya-puedes-postular-al-capital-abeja-de-sercotec\\\/#primaryimage\"},\"image\":{\"@id\":\"https:\\\/\\\/diarioellabrador.cl\\\/index.php\\\/2025\\\/07\\\/01\\\/ya-puedes-postular-al-capital-abeja-de-sercotec\\\/#primaryimage\"},\"thumbnailUrl\":\"https:\\\/\\\/diarioellabrador.cl\\\/wp-content\\\/uploads\\\/2025\\\/07\\\/ABEJA-EMPRENDE-RM.jpeg\",\"datePublished\":\"2025-07-01T22:49:14+00:00\",\"breadcrumb\":{\"@id\":\"https:\\\/\\\/diarioellabrador.cl\\\/index.php\\\/2025\\\/07\\\/01\\\/ya-puedes-postular-al-capital-abeja-de-sercotec\\\/#breadcrumb\"},\"inLanguage\":\"es\",\"potentialAction\":[{\"@type\":\"ReadAction\",\"target\":[\"https:\\\/\\\/diarioellabrador.cl\\\/index.php\\\/2025\\\/07\\\/01\\\/ya-puedes-postular-al-capital-abeja-de-sercotec\\\/\"]}]},{\"@type\":\"ImageObject\",\"inLanguage\":\"es\",\"@id\":\"https:\\\/\\\/diarioellabrador.cl\\\/index.php\\\/2025\\\/07\\\/01\\\/ya-puedes-postular-al-capital-abeja-de-sercotec\\\/#primaryimage\",\"url\":\"https:\\\/\\\/diarioellabrador.cl\\\/wp-content\\\/uploads\\\/2025\\\/07\\\/ABEJA-EMPRENDE-RM.jpeg\",\"contentUrl\":\"https:\\\/\\\/diarioellabrador.cl\\\/wp-content\\\/uploads\\\/2025\\\/07\\\/ABEJA-EMPRENDE-RM.jpeg\",\"width\":926,\"height\":617},{\"@type\":\"BreadcrumbList\",\"@id\":\"https:\\\/\\\/diarioellabrador.cl\\\/index.php\\\/2025\\\/07\\\/01\\\/ya-puedes-postular-al-capital-abeja-de-sercotec\\\/#breadcrumb\",\"itemListElement\":[{\"@type\":\"ListItem\",\"position\":1,\"name\":\"Portada\",\"item\":\"https:\\\/\\\/diarioellabrador.cl\\\/\"},{\"@type\":\"ListItem\",\"position\":2,\"name\":\"Ya puedes postular al Capital Abeja de Sercotec\"}]},{\"@type\":\"WebSite\",\"@id\":\"https:\\\/\\\/diarioellabrador.cl\\\/#website\",\"url\":\"https:\\\/\\\/diarioellabrador.cl\\\/\",\"name\":\"Diario El Labrador\",\"description\":\"Haciendo noticia desde 1921\",\"publisher\":{\"@id\":\"https:\\\/\\\/diarioellabrador.cl\\\/#organization\"},\"potentialAction\":[{\"@type\":\"SearchAction\",\"target\":{\"@type\":\"EntryPoint\",\"urlTemplate\":\"https:\\\/\\\/diarioellabrador.cl\\\/?s={search_term_string}\"},\"query-input\":{\"@type\":\"PropertyValueSpecification\",\"valueRequired\":true,\"valueName\":\"search_term_string\"}}],\"inLanguage\":\"es\"},{\"@type\":\"Organization\",\"@id\":\"https:\\\/\\\/diarioellabrador.cl\\\/#organization\",\"name\":\"Diario El Labrador\",\"url\":\"https:\\\/\\\/diarioellabrador.cl\\\/\",\"logo\":{\"@type\":\"ImageObject\",\"inLanguage\":\"es\",\"@id\":\"https:\\\/\\\/diarioellabrador.cl\\\/#\\\/schema\\\/logo\\\/image\\\/\",\"url\":\"https:\\\/\\\/diarioellabrador.cl\\\/wp-content\\\/uploads\\\/2025\\\/02\\\/cropped-Logo-Icono.png\",\"contentUrl\":\"https:\\\/\\\/diarioellabrador.cl\\\/wp-content\\\/uploads\\\/2025\\\/02\\\/cropped-Logo-Icono.png\",\"width\":512,\"height\":512,\"caption\":\"Diario El Labrador\"},\"image\":{\"@id\":\"https:\\\/\\\/diarioellabrador.cl\\\/#\\\/schema\\\/logo\\\/image\\\/\"},\"sameAs\":[\"https:\\\/\\\/web.facebook.com\\\/profile.php?id=61576120840621\",\"https:\\\/\\\/x.com\\\/ElLabradorOf\",\"https:\\\/\\\/www.instagram.com\\\/diarioellabradoroficial\\\/\"]},{\"@type\":\"Person\",\"@id\":\"https:\\\/\\\/diarioellabrador.cl\\\/#\\\/schema\\\/person\\\/bc25ff80b4563f9c7f4bd7855df01685\",\"name\":\"Editor\",\"image\":{\"@type\":\"ImageObject\",\"inLanguage\":\"es\",\"@id\":\"https:\\\/\\\/secure.gravatar.com\\\/avatar\\\/109c326cf2be5c04f048c2c2a2b8b6ef44bf3d8d1d3d4c55d0ac40c4bc994684?s=96&d=mm&r=g\",\"url\":\"https:\\\/\\\/secure.gravatar.com\\\/avatar\\\/109c326cf2be5c04f048c2c2a2b8b6ef44bf3d8d1d3d4c55d0ac40c4bc994684?s=96&d=mm&r=g\",\"contentUrl\":\"https:\\\/\\\/secure.gravatar.com\\\/avatar\\\/109c326cf2be5c04f048c2c2a2b8b6ef44bf3d8d1d3d4c55d0ac40c4bc994684?s=96&d=mm&r=g\",\"caption\":\"Editor\"},\"url\":\"https:\\\/\\\/diarioellabrador.cl\\\/index.php\\\/author\\\/editor\\\/\"}]}<\/script>\n<!-- \/ Yoast SEO plugin. -->","yoast_head_json":{"title":"Ya puedes postular al Capital Abeja de Sercotec - Diario El Labrador","robots":{"index":"index","follow":"follow","max-snippet":"max-snippet:-1","max-image-preview":"max-image-preview:large","max-video-preview":"max-video-preview:-1"},"canonical":"https:\/\/diarioellabrador.cl\/index.php\/2025\/07\/01\/ya-puedes-postular-al-capital-abeja-de-sercotec\/","og_locale":"es_ES","og_type":"article","og_title":"Ya puedes postular al Capital Abeja de Sercotec - Diario El Labrador","og_description":"Sercotec abri\u00f3 una nueva convocatoria del Capital Abeja para impulsar la autonom\u00eda econ\u00f3mica de las mujeres. Este programa que otorga un subsidio de $3,5 millones por beneficiaria, busca fortalecer la formalizaci\u00f3n de negocios liderados por mujeres en todo el pa\u00eds. Las postulaciones abrieron este jueves 26 de junio y se extender\u00e1n hasta el G de Leer m\u00e1s","og_url":"https:\/\/diarioellabrador.cl\/index.php\/2025\/07\/01\/ya-puedes-postular-al-capital-abeja-de-sercotec\/","og_site_name":"Diario El Labrador","article_publisher":"https:\/\/web.facebook.com\/profile.php?id=61576120840621","article_published_time":"2025-07-01T22:49:14+00:00","og_image":[{"width":926,"height":617,"url":"https:\/\/diarioellabrador.cl\/wp-content\/uploads\/2025\/07\/ABEJA-EMPRENDE-RM.jpeg","type":"image\/jpeg"}],"author":"Editor","twitter_card":"summary_large_image","twitter_creator":"@ElLabradorOf","twitter_site":"@ElLabradorOf","twitter_misc":{"Escrito por":"Editor","Tiempo de lectura":"3 minutos"},"schema":{"@context":"https:\/\/schema.org","@graph":[{"@type":"Article","@id":"https:\/\/diarioellabrador.cl\/index.php\/2025\/07\/01\/ya-puedes-postular-al-capital-abeja-de-sercotec\/#article","isPartOf":{"@id":"https:\/\/diarioellabrador.cl\/index.php\/2025\/07\/01\/ya-puedes-postular-al-capital-abeja-de-sercotec\/"},"author":{"name":"Editor","@id":"https:\/\/diarioellabrador.cl\/#\/schema\/person\/bc25ff80b4563f9c7f4bd7855df01685"},"headline":"Ya puedes postular al Capital Abeja de Sercotec","datePublished":"2025-07-01T22:49:14+00:00","mainEntityOfPage":{"@id":"https:\/\/diarioellabrador.cl\/index.php\/2025\/07\/01\/ya-puedes-postular-al-capital-abeja-de-sercotec\/"},"wordCount":429,"commentCount":0,"publisher":{"@id":"https:\/\/diarioellabrador.cl\/#organization"},"image":{"@id":"https:\/\/diarioellabrador.cl\/index.php\/2025\/07\/01\/ya-puedes-postular-al-capital-abeja-de-sercotec\/#primaryimage"},"thumbnailUrl":"https:\/\/diarioellabrador.cl\/wp-content\/uploads\/2025\/07\/ABEJA-EMPRENDE-RM.jpeg","articleSection":["Cr\u00f3nica"],"inLanguage":"es","potentialAction":[{"@type":"CommentAction","name":"Comment","target":["https:\/\/diarioellabrador.cl\/index.php\/2025\/07\/01\/ya-puedes-postular-al-capital-abeja-de-sercotec\/#respond"]}]},{"@type":"WebPage","@id":"https:\/\/diarioellabrador.cl\/index.php\/2025\/07\/01\/ya-puedes-postular-al-capital-abeja-de-sercotec\/","url":"https:\/\/diarioellabrador.cl\/index.php\/2025\/07\/01\/ya-puedes-postular-al-capital-abeja-de-sercotec\/","name":"Ya puedes postular al Capital Abeja de Sercotec - Diario El Labrador","isPartOf":{"@id":"https:\/\/diarioellabrador.cl\/#website"},"primaryImageOfPage":{"@id":"https:\/\/diarioellabrador.cl\/index.php\/2025\/07\/01\/ya-puedes-postular-al-capital-abeja-de-sercotec\/#primaryimage"},"image":{"@id":"https:\/\/diarioellabrador.cl\/index.php\/2025\/07\/01\/ya-puedes-postular-al-capital-abeja-de-sercotec\/#primaryimage"},"thumbnailUrl":"https:\/\/diarioellabrador.cl\/wp-content\/uploads\/2025\/07\/ABEJA-EMPRENDE-RM.jpeg","datePublished":"2025-07-01T22:49:14+00:00","breadcrumb":{"@id":"https:\/\/diarioellabrador.cl\/index.php\/2025\/07\/01\/ya-puedes-postular-al-capital-abeja-de-sercotec\/#breadcrumb"},"inLanguage":"es","potentialAction":[{"@type":"ReadAction","target":["https:\/\/diarioellabrador.cl\/index.php\/2025\/07\/01\/ya-puedes-postular-al-capital-abeja-de-sercotec\/"]}]},{"@type":"ImageObject","inLanguage":"es","@id":"https:\/\/diarioellabrador.cl\/index.php\/2025\/07\/01\/ya-puedes-postular-al-capital-abeja-de-sercotec\/#primaryimage","url":"https:\/\/diarioellabrador.cl\/wp-content\/uploads\/2025\/07\/ABEJA-EMPRENDE-RM.jpeg","contentUrl":"https:\/\/diarioellabrador.cl\/wp-content\/uploads\/2025\/07\/ABEJA-EMPRENDE-RM.jpeg","width":926,"height":617},{"@type":"BreadcrumbList","@id":"https:\/\/diarioellabrador.cl\/index.php\/2025\/07\/01\/ya-puedes-postular-al-capital-abeja-de-sercotec\/#breadcrumb","itemListElement":[{"@type":"ListItem","position":1,"name":"Portada","item":"https:\/\/diarioellabrador.cl\/"},{"@type":"ListItem","position":2,"name":"Ya puedes postular al Capital Abeja de Sercotec"}]},{"@type":"WebSite","@id":"https:\/\/diarioellabrador.cl\/#website","url":"https:\/\/diarioellabrador.cl\/","name":"Diario El Labrador","description":"Haciendo noticia desde 1921","publisher":{"@id":"https:\/\/diarioellabrador.cl\/#organization"},"potentialAction":[{"@type":"SearchAction","target":{"@type":"EntryPoint","urlTemplate":"https:\/\/diarioellabrador.cl\/?s={search_term_string}"},"query-input":{"@type":"PropertyValueSpecification","valueRequired":true,"valueName":"search_term_string"}}],"inLanguage":"es"},{"@type":"Organization","@id":"https:\/\/diarioellabrador.cl\/#organization","name":"Diario El Labrador","url":"https:\/\/diarioellabrador.cl\/","logo":{"@type":"ImageObject","inLanguage":"es","@id":"https:\/\/diarioellabrador.cl\/#\/schema\/logo\/image\/","url":"https:\/\/diarioellabrador.cl\/wp-content\/uploads\/2025\/02\/cropped-Logo-Icono.png","contentUrl":"https:\/\/diarioellabrador.cl\/wp-content\/uploads\/2025\/02\/cropped-Logo-Icono.png","width":512,"height":512,"caption":"Diario El Labrador"},"image":{"@id":"https:\/\/diarioellabrador.cl\/#\/schema\/logo\/image\/"},"sameAs":["https:\/\/web.facebook.com\/profile.php?id=61576120840621","https:\/\/x.com\/ElLabradorOf","https:\/\/www.instagram.com\/diarioellabradoroficial\/"]},{"@type":"Person","@id":"https:\/\/diarioellabrador.cl\/#\/schema\/person\/bc25ff80b4563f9c7f4bd7855df01685","name":"Editor","image":{"@type":"ImageObject","inLanguage":"es","@id":"https:\/\/secure.gravatar.com\/avatar\/109c326cf2be5c04f048c2c2a2b8b6ef44bf3d8d1d3d4c55d0ac40c4bc994684?s=96&d=mm&r=g","url":"https:\/\/secure.gravatar.com\/avatar\/109c326cf2be5c04f048c2c2a2b8b6ef44bf3d8d1d3d4c55d0ac40c4bc994684?s=96&d=mm&r=g","contentUrl":"https:\/\/secure.gravatar.com\/avatar\/109c326cf2be5c04f048c2c2a2b8b6ef44bf3d8d1d3d4c55d0ac40c4bc994684?s=96&d=mm&r=g","caption":"Editor"},"url":"https:\/\/diarioellabrador.cl\/index.php\/author\/editor\/"}]}},"_links":{"self":[{"href":"https:\/\/diarioellabrador.cl\/index.php\/wp-json\/wp\/v2\/posts\/4812","targetHints":{"allow":["GET"]}}],"collection":[{"href":"https:\/\/diarioellabrador.cl\/index.php\/wp-json\/wp\/v2\/posts"}],"about":[{"href":"https:\/\/diarioellabrador.cl\/index.php\/wp-json\/wp\/v2\/types\/post"}],"author":[{"embeddable":true,"href":"https:\/\/diarioellabrador.cl\/index.php\/wp-json\/wp\/v2\/users\/2"}],"replies":[{"embeddable":true,"href":"https:\/\/diarioellabrador.cl\/index.php\/wp-json\/wp\/v2\/comments?post=4812"}],"version-history":[{"count":1,"href":"https:\/\/diarioellabrador.cl\/index.php\/wp-json\/wp\/v2\/posts\/4812\/revisions"}],"predecessor-version":[{"id":4813,"href":"https:\/\/diarioellabrador.cl\/index.php\/wp-json\/wp\/v2\/posts\/4812\/revisions\/4813"}],"wp:featuredmedia":[{"embeddable":true,"href":"https:\/\/diarioellabrador.cl\/index.php\/wp-json\/wp\/v2\/media\/4764"}],"wp:attachment":[{"href":"https:\/\/diarioellabrador.cl\/index.php\/wp-json\/wp\/v2\/media?parent=4812"}],"wp:term":[{"taxonomy":"category","embeddable":true,"href":"https:\/\/diarioellabrador.cl\/index.php\/wp-json\/wp\/v2\/categories?post=4812"},{"taxonomy":"post_tag","embeddable":true,"href":"https:\/\/diarioellabrador.cl\/index.php\/wp-json\/wp\/v2\/tags?post=4812"}],"curies":[{"name":"wp","href":"https:\/\/api.w.org\/{rel}","templated":true}]}}