{"id":4807,"date":"2025-07-01T18:46:44","date_gmt":"2025-07-01T22:46:44","guid":{"rendered":"https:\/\/diarioellabrador.cl\/?p=4807"},"modified":"2025-07-01T18:46:45","modified_gmt":"2025-07-01T22:46:45","slug":"el-monte-invitan-a-ninos-a-participar-en-muestra-de-talentos","status":"publish","type":"post","link":"https:\/\/diarioellabrador.cl\/index.php\/2025\/07\/01\/el-monte-invitan-a-ninos-a-participar-en-muestra-de-talentos\/","title":{"rendered":"El Monte: Invitan a ni\u00f1os a participar en Muestra de Talentos"},"content":{"rendered":"\n<p>La Oficina Local de la Ni\u00f1ez (OLN) de la comuna de El Monte, con el fin de celebrar el Mes de la Ni\u00f1ez y Adolescencia durante el mes de agosto, invita a los todos los ni\u00f1os, ni\u00f1as y adolescentes de la comuna a participar de una muestra de talentos musicales y art\u00edsticos.<\/p>\n\n\n\n<p>Desde la Oficina se\u00f1alaron que la idea es contribuir \u201ca engrandecer esta celebraci\u00f3n\u201d, por lo que las actividades programadas para el pr\u00f3ximo mes, se realizar\u00e1n en diferentes puntos de la comuna.<\/p>\n\n\n\n<p>Los ni\u00f1os y ni\u00f1as interesadas en participar, pueden inscribirse con el apoyo de un adulto a trav\u00e9s del n\u00famero de WhatsApp +569 95580379 o de manera presencial en las dependencias de la OLN, ubicada en Av. Los Carrera 365, con fecha l\u00edmite hasta el jueves 31 de julio.<\/p>\n","protected":false},"excerpt":{"rendered":"<p>La Oficina Local de la Ni\u00f1ez (OLN) de la comuna de El Monte, con el fin de celebrar el Mes de la Ni\u00f1ez y Adolescencia durante el mes de agosto, invita a los todos los ni\u00f1os, ni\u00f1as y adolescentes de la comuna a participar de una muestra de talentos musicales y art\u00edsticos. Desde la Oficina<\/p>\n<div class=\"read-more-wrapper\"><a class=\"read-more\" href=\"https:\/\/diarioellabrador.cl\/index.php\/2025\/07\/01\/el-monte-invitan-a-ninos-a-participar-en-muestra-de-talentos\/\" title=\"Leer m\u00e1s\"> <span class=\"button \">Leer m\u00e1s<\/span><\/a><\/div>\n","protected":false},"author":2,"featured_media":4762,"comment_status":"open","ping_status":"open","sticky":false,"template":"","format":"standard","meta":{"footnotes":""},"categories":[1],"tags":[],"class_list":["post-4807","post","type-post","status-publish","format-standard","has-post-thumbnail","hentry","category-cronica"],"yoast_head":"<!-- This site is optimized with the Yoast SEO plugin v27.5 - https:\/\/yoast.com\/product\/yoast-seo-wordpress\/ -->\n<title>El Monte: Invitan a ni\u00f1os a participar en Muestra de Talentos - Diario El Labrador<\/title>\n<meta name=\"robots\" content=\"index, follow, max-snippet:-1, max-image-preview:large, max-video-preview:-1\" \/>\n<link rel=\"canonical\" href=\"https:\/\/diarioellabrador.cl\/index.php\/2025\/07\/01\/el-monte-invitan-a-ninos-a-participar-en-muestra-de-talentos\/\" \/>\n<meta property=\"og:locale\" content=\"es_ES\" \/>\n<meta property=\"og:type\" content=\"article\" \/>\n<meta property=\"og:title\" content=\"El Monte: Invitan a ni\u00f1os a participar en Muestra de Talentos - Diario El Labrador\" \/>\n<meta property=\"og:description\" content=\"La Oficina Local de la Ni\u00f1ez (OLN) de la comuna de El Monte, con el fin de celebrar el Mes de la Ni\u00f1ez y Adolescencia durante el mes de agosto, invita a los todos los ni\u00f1os, ni\u00f1as y adolescentes de la comuna a participar de una muestra de talentos musicales y art\u00edsticos. Desde la Oficina Leer m\u00e1s\" \/>\n<meta property=\"og:url\" content=\"https:\/\/diarioellabrador.cl\/index.php\/2025\/07\/01\/el-monte-invitan-a-ninos-a-participar-en-muestra-de-talentos\/\" \/>\n<meta property=\"og:site_name\" content=\"Diario El Labrador\" \/>\n<meta property=\"article:publisher\" content=\"https:\/\/web.facebook.com\/profile.php?id=61576120840621\" \/>\n<meta property=\"article:published_time\" content=\"2025-07-01T22:46:44+00:00\" \/>\n<meta property=\"article:modified_time\" content=\"2025-07-01T22:46:45+00:00\" \/>\n<meta property=\"og:image\" content=\"https:\/\/diarioellabrador.cl\/wp-content\/uploads\/2025\/07\/El-Monte-Invitan-a-ninos-a-participar-en-Muestra-de-Talentos.jpg\" \/>\n\t<meta property=\"og:image:width\" content=\"1024\" \/>\n\t<meta property=\"og:image:height\" content=\"1280\" \/>\n\t<meta property=\"og:image:type\" content=\"image\/jpeg\" \/>\n<meta name=\"author\" content=\"Editor\" \/>\n<meta name=\"twitter:card\" content=\"summary_large_image\" \/>\n<meta name=\"twitter:creator\" content=\"@ElLabradorOf\" \/>\n<meta name=\"twitter:site\" content=\"@ElLabradorOf\" \/>\n<meta name=\"twitter:label1\" content=\"Escrito por\" \/>\n\t<meta name=\"twitter:data1\" content=\"Editor\" \/>\n\t<meta name=\"twitter:label2\" content=\"Tiempo de lectura\" \/>\n\t<meta name=\"twitter:data2\" content=\"1 minuto\" \/>\n<script type=\"application\/ld+json\" class=\"yoast-schema-graph\">{\"@context\":\"https:\\\/\\\/schema.org\",\"@graph\":[{\"@type\":\"Article\",\"@id\":\"https:\\\/\\\/diarioellabrador.cl\\\/index.php\\\/2025\\\/07\\\/01\\\/el-monte-invitan-a-ninos-a-participar-en-muestra-de-talentos\\\/#article\",\"isPartOf\":{\"@id\":\"https:\\\/\\\/diarioellabrador.cl\\\/index.php\\\/2025\\\/07\\\/01\\\/el-monte-invitan-a-ninos-a-participar-en-muestra-de-talentos\\\/\"},\"author\":{\"name\":\"Editor\",\"@id\":\"https:\\\/\\\/diarioellabrador.cl\\\/#\\\/schema\\\/person\\\/bc25ff80b4563f9c7f4bd7855df01685\"},\"headline\":\"El Monte: Invitan a ni\u00f1os a participar en Muestra de Talentos\",\"datePublished\":\"2025-07-01T22:46:44+00:00\",\"dateModified\":\"2025-07-01T22:46:45+00:00\",\"mainEntityOfPage\":{\"@id\":\"https:\\\/\\\/diarioellabrador.cl\\\/index.php\\\/2025\\\/07\\\/01\\\/el-monte-invitan-a-ninos-a-participar-en-muestra-de-talentos\\\/\"},\"wordCount\":153,\"commentCount\":0,\"publisher\":{\"@id\":\"https:\\\/\\\/diarioellabrador.cl\\\/#organization\"},\"image\":{\"@id\":\"https:\\\/\\\/diarioellabrador.cl\\\/index.php\\\/2025\\\/07\\\/01\\\/el-monte-invitan-a-ninos-a-participar-en-muestra-de-talentos\\\/#primaryimage\"},\"thumbnailUrl\":\"https:\\\/\\\/diarioellabrador.cl\\\/wp-content\\\/uploads\\\/2025\\\/07\\\/El-Monte-Invitan-a-ninos-a-participar-en-Muestra-de-Talentos.jpg\",\"articleSection\":[\"Cr\u00f3nica\"],\"inLanguage\":\"es\",\"potentialAction\":[{\"@type\":\"CommentAction\",\"name\":\"Comment\",\"target\":[\"https:\\\/\\\/diarioellabrador.cl\\\/index.php\\\/2025\\\/07\\\/01\\\/el-monte-invitan-a-ninos-a-participar-en-muestra-de-talentos\\\/#respond\"]}]},{\"@type\":\"WebPage\",\"@id\":\"https:\\\/\\\/diarioellabrador.cl\\\/index.php\\\/2025\\\/07\\\/01\\\/el-monte-invitan-a-ninos-a-participar-en-muestra-de-talentos\\\/\",\"url\":\"https:\\\/\\\/diarioellabrador.cl\\\/index.php\\\/2025\\\/07\\\/01\\\/el-monte-invitan-a-ninos-a-participar-en-muestra-de-talentos\\\/\",\"name\":\"El Monte: Invitan a ni\u00f1os a participar en Muestra de Talentos - Diario El Labrador\",\"isPartOf\":{\"@id\":\"https:\\\/\\\/diarioellabrador.cl\\\/#website\"},\"primaryImageOfPage\":{\"@id\":\"https:\\\/\\\/diarioellabrador.cl\\\/index.php\\\/2025\\\/07\\\/01\\\/el-monte-invitan-a-ninos-a-participar-en-muestra-de-talentos\\\/#primaryimage\"},\"image\":{\"@id\":\"https:\\\/\\\/diarioellabrador.cl\\\/index.php\\\/2025\\\/07\\\/01\\\/el-monte-invitan-a-ninos-a-participar-en-muestra-de-talentos\\\/#primaryimage\"},\"thumbnailUrl\":\"https:\\\/\\\/diarioellabrador.cl\\\/wp-content\\\/uploads\\\/2025\\\/07\\\/El-Monte-Invitan-a-ninos-a-participar-en-Muestra-de-Talentos.jpg\",\"datePublished\":\"2025-07-01T22:46:44+00:00\",\"dateModified\":\"2025-07-01T22:46:45+00:00\",\"breadcrumb\":{\"@id\":\"https:\\\/\\\/diarioellabrador.cl\\\/index.php\\\/2025\\\/07\\\/01\\\/el-monte-invitan-a-ninos-a-participar-en-muestra-de-talentos\\\/#breadcrumb\"},\"inLanguage\":\"es\",\"potentialAction\":[{\"@type\":\"ReadAction\",\"target\":[\"https:\\\/\\\/diarioellabrador.cl\\\/index.php\\\/2025\\\/07\\\/01\\\/el-monte-invitan-a-ninos-a-participar-en-muestra-de-talentos\\\/\"]}]},{\"@type\":\"ImageObject\",\"inLanguage\":\"es\",\"@id\":\"https:\\\/\\\/diarioellabrador.cl\\\/index.php\\\/2025\\\/07\\\/01\\\/el-monte-invitan-a-ninos-a-participar-en-muestra-de-talentos\\\/#primaryimage\",\"url\":\"https:\\\/\\\/diarioellabrador.cl\\\/wp-content\\\/uploads\\\/2025\\\/07\\\/El-Monte-Invitan-a-ninos-a-participar-en-Muestra-de-Talentos.jpg\",\"contentUrl\":\"https:\\\/\\\/diarioellabrador.cl\\\/wp-content\\\/uploads\\\/2025\\\/07\\\/El-Monte-Invitan-a-ninos-a-participar-en-Muestra-de-Talentos.jpg\",\"width\":1024,\"height\":1280},{\"@type\":\"BreadcrumbList\",\"@id\":\"https:\\\/\\\/diarioellabrador.cl\\\/index.php\\\/2025\\\/07\\\/01\\\/el-monte-invitan-a-ninos-a-participar-en-muestra-de-talentos\\\/#breadcrumb\",\"itemListElement\":[{\"@type\":\"ListItem\",\"position\":1,\"name\":\"Portada\",\"item\":\"https:\\\/\\\/diarioellabrador.cl\\\/\"},{\"@type\":\"ListItem\",\"position\":2,\"name\":\"El Monte: Invitan a ni\u00f1os a participar en Muestra de Talentos\"}]},{\"@type\":\"WebSite\",\"@id\":\"https:\\\/\\\/diarioellabrador.cl\\\/#website\",\"url\":\"https:\\\/\\\/diarioellabrador.cl\\\/\",\"name\":\"Diario El Labrador\",\"description\":\"Haciendo noticia desde 1921\",\"publisher\":{\"@id\":\"https:\\\/\\\/diarioellabrador.cl\\\/#organization\"},\"potentialAction\":[{\"@type\":\"SearchAction\",\"target\":{\"@type\":\"EntryPoint\",\"urlTemplate\":\"https:\\\/\\\/diarioellabrador.cl\\\/?s={search_term_string}\"},\"query-input\":{\"@type\":\"PropertyValueSpecification\",\"valueRequired\":true,\"valueName\":\"search_term_string\"}}],\"inLanguage\":\"es\"},{\"@type\":\"Organization\",\"@id\":\"https:\\\/\\\/diarioellabrador.cl\\\/#organization\",\"name\":\"Diario El Labrador\",\"url\":\"https:\\\/\\\/diarioellabrador.cl\\\/\",\"logo\":{\"@type\":\"ImageObject\",\"inLanguage\":\"es\",\"@id\":\"https:\\\/\\\/diarioellabrador.cl\\\/#\\\/schema\\\/logo\\\/image\\\/\",\"url\":\"https:\\\/\\\/diarioellabrador.cl\\\/wp-content\\\/uploads\\\/2025\\\/02\\\/cropped-Logo-Icono.png\",\"contentUrl\":\"https:\\\/\\\/diarioellabrador.cl\\\/wp-content\\\/uploads\\\/2025\\\/02\\\/cropped-Logo-Icono.png\",\"width\":512,\"height\":512,\"caption\":\"Diario El Labrador\"},\"image\":{\"@id\":\"https:\\\/\\\/diarioellabrador.cl\\\/#\\\/schema\\\/logo\\\/image\\\/\"},\"sameAs\":[\"https:\\\/\\\/web.facebook.com\\\/profile.php?id=61576120840621\",\"https:\\\/\\\/x.com\\\/ElLabradorOf\",\"https:\\\/\\\/www.instagram.com\\\/diarioellabradoroficial\\\/\"]},{\"@type\":\"Person\",\"@id\":\"https:\\\/\\\/diarioellabrador.cl\\\/#\\\/schema\\\/person\\\/bc25ff80b4563f9c7f4bd7855df01685\",\"name\":\"Editor\",\"image\":{\"@type\":\"ImageObject\",\"inLanguage\":\"es\",\"@id\":\"https:\\\/\\\/secure.gravatar.com\\\/avatar\\\/109c326cf2be5c04f048c2c2a2b8b6ef44bf3d8d1d3d4c55d0ac40c4bc994684?s=96&d=mm&r=g\",\"url\":\"https:\\\/\\\/secure.gravatar.com\\\/avatar\\\/109c326cf2be5c04f048c2c2a2b8b6ef44bf3d8d1d3d4c55d0ac40c4bc994684?s=96&d=mm&r=g\",\"contentUrl\":\"https:\\\/\\\/secure.gravatar.com\\\/avatar\\\/109c326cf2be5c04f048c2c2a2b8b6ef44bf3d8d1d3d4c55d0ac40c4bc994684?s=96&d=mm&r=g\",\"caption\":\"Editor\"},\"url\":\"https:\\\/\\\/diarioellabrador.cl\\\/index.php\\\/author\\\/editor\\\/\"}]}<\/script>\n<!-- \/ Yoast SEO plugin. -->","yoast_head_json":{"title":"El Monte: Invitan a ni\u00f1os a participar en Muestra de Talentos - Diario El Labrador","robots":{"index":"index","follow":"follow","max-snippet":"max-snippet:-1","max-image-preview":"max-image-preview:large","max-video-preview":"max-video-preview:-1"},"canonical":"https:\/\/diarioellabrador.cl\/index.php\/2025\/07\/01\/el-monte-invitan-a-ninos-a-participar-en-muestra-de-talentos\/","og_locale":"es_ES","og_type":"article","og_title":"El Monte: Invitan a ni\u00f1os a participar en Muestra de Talentos - Diario El Labrador","og_description":"La Oficina Local de la Ni\u00f1ez (OLN) de la comuna de El Monte, con el fin de celebrar el Mes de la Ni\u00f1ez y Adolescencia durante el mes de agosto, invita a los todos los ni\u00f1os, ni\u00f1as y adolescentes de la comuna a participar de una muestra de talentos musicales y art\u00edsticos. Desde la Oficina Leer m\u00e1s","og_url":"https:\/\/diarioellabrador.cl\/index.php\/2025\/07\/01\/el-monte-invitan-a-ninos-a-participar-en-muestra-de-talentos\/","og_site_name":"Diario El Labrador","article_publisher":"https:\/\/web.facebook.com\/profile.php?id=61576120840621","article_published_time":"2025-07-01T22:46:44+00:00","article_modified_time":"2025-07-01T22:46:45+00:00","og_image":[{"width":1024,"height":1280,"url":"https:\/\/diarioellabrador.cl\/wp-content\/uploads\/2025\/07\/El-Monte-Invitan-a-ninos-a-participar-en-Muestra-de-Talentos.jpg","type":"image\/jpeg"}],"author":"Editor","twitter_card":"summary_large_image","twitter_creator":"@ElLabradorOf","twitter_site":"@ElLabradorOf","twitter_misc":{"Escrito por":"Editor","Tiempo de lectura":"1 minuto"},"schema":{"@context":"https:\/\/schema.org","@graph":[{"@type":"Article","@id":"https:\/\/diarioellabrador.cl\/index.php\/2025\/07\/01\/el-monte-invitan-a-ninos-a-participar-en-muestra-de-talentos\/#article","isPartOf":{"@id":"https:\/\/diarioellabrador.cl\/index.php\/2025\/07\/01\/el-monte-invitan-a-ninos-a-participar-en-muestra-de-talentos\/"},"author":{"name":"Editor","@id":"https:\/\/diarioellabrador.cl\/#\/schema\/person\/bc25ff80b4563f9c7f4bd7855df01685"},"headline":"El Monte: Invitan a ni\u00f1os a participar en Muestra de Talentos","datePublished":"2025-07-01T22:46:44+00:00","dateModified":"2025-07-01T22:46:45+00:00","mainEntityOfPage":{"@id":"https:\/\/diarioellabrador.cl\/index.php\/2025\/07\/01\/el-monte-invitan-a-ninos-a-participar-en-muestra-de-talentos\/"},"wordCount":153,"commentCount":0,"publisher":{"@id":"https:\/\/diarioellabrador.cl\/#organization"},"image":{"@id":"https:\/\/diarioellabrador.cl\/index.php\/2025\/07\/01\/el-monte-invitan-a-ninos-a-participar-en-muestra-de-talentos\/#primaryimage"},"thumbnailUrl":"https:\/\/diarioellabrador.cl\/wp-content\/uploads\/2025\/07\/El-Monte-Invitan-a-ninos-a-participar-en-Muestra-de-Talentos.jpg","articleSection":["Cr\u00f3nica"],"inLanguage":"es","potentialAction":[{"@type":"CommentAction","name":"Comment","target":["https:\/\/diarioellabrador.cl\/index.php\/2025\/07\/01\/el-monte-invitan-a-ninos-a-participar-en-muestra-de-talentos\/#respond"]}]},{"@type":"WebPage","@id":"https:\/\/diarioellabrador.cl\/index.php\/2025\/07\/01\/el-monte-invitan-a-ninos-a-participar-en-muestra-de-talentos\/","url":"https:\/\/diarioellabrador.cl\/index.php\/2025\/07\/01\/el-monte-invitan-a-ninos-a-participar-en-muestra-de-talentos\/","name":"El Monte: Invitan a ni\u00f1os a participar en Muestra de Talentos - Diario El Labrador","isPartOf":{"@id":"https:\/\/diarioellabrador.cl\/#website"},"primaryImageOfPage":{"@id":"https:\/\/diarioellabrador.cl\/index.php\/2025\/07\/01\/el-monte-invitan-a-ninos-a-participar-en-muestra-de-talentos\/#primaryimage"},"image":{"@id":"https:\/\/diarioellabrador.cl\/index.php\/2025\/07\/01\/el-monte-invitan-a-ninos-a-participar-en-muestra-de-talentos\/#primaryimage"},"thumbnailUrl":"https:\/\/diarioellabrador.cl\/wp-content\/uploads\/2025\/07\/El-Monte-Invitan-a-ninos-a-participar-en-Muestra-de-Talentos.jpg","datePublished":"2025-07-01T22:46:44+00:00","dateModified":"2025-07-01T22:46:45+00:00","breadcrumb":{"@id":"https:\/\/diarioellabrador.cl\/index.php\/2025\/07\/01\/el-monte-invitan-a-ninos-a-participar-en-muestra-de-talentos\/#breadcrumb"},"inLanguage":"es","potentialAction":[{"@type":"ReadAction","target":["https:\/\/diarioellabrador.cl\/index.php\/2025\/07\/01\/el-monte-invitan-a-ninos-a-participar-en-muestra-de-talentos\/"]}]},{"@type":"ImageObject","inLanguage":"es","@id":"https:\/\/diarioellabrador.cl\/index.php\/2025\/07\/01\/el-monte-invitan-a-ninos-a-participar-en-muestra-de-talentos\/#primaryimage","url":"https:\/\/diarioellabrador.cl\/wp-content\/uploads\/2025\/07\/El-Monte-Invitan-a-ninos-a-participar-en-Muestra-de-Talentos.jpg","contentUrl":"https:\/\/diarioellabrador.cl\/wp-content\/uploads\/2025\/07\/El-Monte-Invitan-a-ninos-a-participar-en-Muestra-de-Talentos.jpg","width":1024,"height":1280},{"@type":"BreadcrumbList","@id":"https:\/\/diarioellabrador.cl\/index.php\/2025\/07\/01\/el-monte-invitan-a-ninos-a-participar-en-muestra-de-talentos\/#breadcrumb","itemListElement":[{"@type":"ListItem","position":1,"name":"Portada","item":"https:\/\/diarioellabrador.cl\/"},{"@type":"ListItem","position":2,"name":"El Monte: Invitan a ni\u00f1os a participar en Muestra de Talentos"}]},{"@type":"WebSite","@id":"https:\/\/diarioellabrador.cl\/#website","url":"https:\/\/diarioellabrador.cl\/","name":"Diario El Labrador","description":"Haciendo noticia desde 1921","publisher":{"@id":"https:\/\/diarioellabrador.cl\/#organization"},"potentialAction":[{"@type":"SearchAction","target":{"@type":"EntryPoint","urlTemplate":"https:\/\/diarioellabrador.cl\/?s={search_term_string}"},"query-input":{"@type":"PropertyValueSpecification","valueRequired":true,"valueName":"search_term_string"}}],"inLanguage":"es"},{"@type":"Organization","@id":"https:\/\/diarioellabrador.cl\/#organization","name":"Diario El Labrador","url":"https:\/\/diarioellabrador.cl\/","logo":{"@type":"ImageObject","inLanguage":"es","@id":"https:\/\/diarioellabrador.cl\/#\/schema\/logo\/image\/","url":"https:\/\/diarioellabrador.cl\/wp-content\/uploads\/2025\/02\/cropped-Logo-Icono.png","contentUrl":"https:\/\/diarioellabrador.cl\/wp-content\/uploads\/2025\/02\/cropped-Logo-Icono.png","width":512,"height":512,"caption":"Diario El Labrador"},"image":{"@id":"https:\/\/diarioellabrador.cl\/#\/schema\/logo\/image\/"},"sameAs":["https:\/\/web.facebook.com\/profile.php?id=61576120840621","https:\/\/x.com\/ElLabradorOf","https:\/\/www.instagram.com\/diarioellabradoroficial\/"]},{"@type":"Person","@id":"https:\/\/diarioellabrador.cl\/#\/schema\/person\/bc25ff80b4563f9c7f4bd7855df01685","name":"Editor","image":{"@type":"ImageObject","inLanguage":"es","@id":"https:\/\/secure.gravatar.com\/avatar\/109c326cf2be5c04f048c2c2a2b8b6ef44bf3d8d1d3d4c55d0ac40c4bc994684?s=96&d=mm&r=g","url":"https:\/\/secure.gravatar.com\/avatar\/109c326cf2be5c04f048c2c2a2b8b6ef44bf3d8d1d3d4c55d0ac40c4bc994684?s=96&d=mm&r=g","contentUrl":"https:\/\/secure.gravatar.com\/avatar\/109c326cf2be5c04f048c2c2a2b8b6ef44bf3d8d1d3d4c55d0ac40c4bc994684?s=96&d=mm&r=g","caption":"Editor"},"url":"https:\/\/diarioellabrador.cl\/index.php\/author\/editor\/"}]}},"_links":{"self":[{"href":"https:\/\/diarioellabrador.cl\/index.php\/wp-json\/wp\/v2\/posts\/4807","targetHints":{"allow":["GET"]}}],"collection":[{"href":"https:\/\/diarioellabrador.cl\/index.php\/wp-json\/wp\/v2\/posts"}],"about":[{"href":"https:\/\/diarioellabrador.cl\/index.php\/wp-json\/wp\/v2\/types\/post"}],"author":[{"embeddable":true,"href":"https:\/\/diarioellabrador.cl\/index.php\/wp-json\/wp\/v2\/users\/2"}],"replies":[{"embeddable":true,"href":"https:\/\/diarioellabrador.cl\/index.php\/wp-json\/wp\/v2\/comments?post=4807"}],"version-history":[{"count":1,"href":"https:\/\/diarioellabrador.cl\/index.php\/wp-json\/wp\/v2\/posts\/4807\/revisions"}],"predecessor-version":[{"id":4808,"href":"https:\/\/diarioellabrador.cl\/index.php\/wp-json\/wp\/v2\/posts\/4807\/revisions\/4808"}],"wp:featuredmedia":[{"embeddable":true,"href":"https:\/\/diarioellabrador.cl\/index.php\/wp-json\/wp\/v2\/media\/4762"}],"wp:attachment":[{"href":"https:\/\/diarioellabrador.cl\/index.php\/wp-json\/wp\/v2\/media?parent=4807"}],"wp:term":[{"taxonomy":"category","embeddable":true,"href":"https:\/\/diarioellabrador.cl\/index.php\/wp-json\/wp\/v2\/categories?post=4807"},{"taxonomy":"post_tag","embeddable":true,"href":"https:\/\/diarioellabrador.cl\/index.php\/wp-json\/wp\/v2\/tags?post=4807"}],"curies":[{"name":"wp","href":"https:\/\/api.w.org\/{rel}","templated":true}]}}