{"id":3660,"date":"2025-06-05T18:11:50","date_gmt":"2025-06-05T22:11:50","guid":{"rendered":"https:\/\/diarioellabrador.cl\/?p=3660"},"modified":"2025-06-05T18:11:51","modified_gmt":"2025-06-05T22:11:51","slug":"dos-detenidos-por-robo-frustrado-en-vivienda-de-calle-barros","status":"publish","type":"post","link":"https:\/\/diarioellabrador.cl\/index.php\/2025\/06\/05\/dos-detenidos-por-robo-frustrado-en-vivienda-de-calle-barros\/","title":{"rendered":"Dos detenidos por robo frustrado en vivienda de calle Barros"},"content":{"rendered":"\n<p>Alrededor de las 21:00 horas del mi\u00e9rcoles, personal de Carabineros fue alertado que en una propiedad en calle Barros a la altura del 800, tres sujetos hab\u00edan ingresado a robar y se activaron las alertas de seguridad del inmueble.<\/p>\n\n\n\n<p>Los efectivos, al llegar al lugar, se percataron que por el port\u00f3n hu\u00eda un hombre por calle Barrales al oriente, donde se procedi\u00f3 a efectuar una persecuci\u00f3n siendo detenido a los pocos metros.<\/p>\n\n\n\n<p>El sujeto en cuesti\u00f3n fue identificado como J.P.S. de 31 a\u00f1os. Metro m\u00e1s all\u00e1 del lugar de los hechos, fueron informados que un segundo sujeto permanec\u00eda retenido por transe\u00fantes. Se trataba de J.S.S. de 23 a\u00f1os, quien luego fue entregado al personal policial.<\/p>\n\n\n\n<p>Los dos detenidos quedaron a disposici\u00f3n de la justicia por el delito de robo en lugar no habitado en calidad de frustrado.<\/p>\n","protected":false},"excerpt":{"rendered":"<p>Alrededor de las 21:00 horas del mi\u00e9rcoles, personal de Carabineros fue alertado que en una propiedad en calle Barros a la altura del 800, tres sujetos hab\u00edan ingresado a robar y se activaron las alertas de seguridad del inmueble. Los efectivos, al llegar al lugar, se percataron que por el port\u00f3n hu\u00eda un hombre por<\/p>\n<div class=\"read-more-wrapper\"><a class=\"read-more\" href=\"https:\/\/diarioellabrador.cl\/index.php\/2025\/06\/05\/dos-detenidos-por-robo-frustrado-en-vivienda-de-calle-barros\/\" title=\"Leer m\u00e1s\"> <span class=\"button \">Leer m\u00e1s<\/span><\/a><\/div>\n","protected":false},"author":2,"featured_media":3612,"comment_status":"open","ping_status":"open","sticky":false,"template":"","format":"standard","meta":{"footnotes":""},"categories":[3],"tags":[],"class_list":["post-3660","post","type-post","status-publish","format-standard","has-post-thumbnail","hentry","category-policial"],"yoast_head":"<!-- This site is optimized with the Yoast SEO plugin v27.5 - https:\/\/yoast.com\/product\/yoast-seo-wordpress\/ -->\n<title>Dos detenidos por robo frustrado en vivienda de calle Barros - Diario El Labrador<\/title>\n<meta name=\"robots\" content=\"index, follow, max-snippet:-1, max-image-preview:large, max-video-preview:-1\" \/>\n<link rel=\"canonical\" href=\"https:\/\/diarioellabrador.cl\/index.php\/2025\/06\/05\/dos-detenidos-por-robo-frustrado-en-vivienda-de-calle-barros\/\" \/>\n<meta property=\"og:locale\" content=\"es_ES\" \/>\n<meta property=\"og:type\" content=\"article\" \/>\n<meta property=\"og:title\" content=\"Dos detenidos por robo frustrado en vivienda de calle Barros - Diario El Labrador\" \/>\n<meta property=\"og:description\" content=\"Alrededor de las 21:00 horas del mi\u00e9rcoles, personal de Carabineros fue alertado que en una propiedad en calle Barros a la altura del 800, tres sujetos hab\u00edan ingresado a robar y se activaron las alertas de seguridad del inmueble. Los efectivos, al llegar al lugar, se percataron que por el port\u00f3n hu\u00eda un hombre por Leer m\u00e1s\" \/>\n<meta property=\"og:url\" content=\"https:\/\/diarioellabrador.cl\/index.php\/2025\/06\/05\/dos-detenidos-por-robo-frustrado-en-vivienda-de-calle-barros\/\" \/>\n<meta property=\"og:site_name\" content=\"Diario El Labrador\" \/>\n<meta property=\"article:publisher\" content=\"https:\/\/web.facebook.com\/profile.php?id=61576120840621\" \/>\n<meta property=\"article:published_time\" content=\"2025-06-05T22:11:50+00:00\" \/>\n<meta property=\"article:modified_time\" content=\"2025-06-05T22:11:51+00:00\" \/>\n<meta property=\"og:image\" content=\"https:\/\/diarioellabrador.cl\/wp-content\/uploads\/2025\/06\/Dos-detenidos-por-robo-frustrado-en-vivienda-de-calle-Barros.jpg\" \/>\n\t<meta property=\"og:image:width\" content=\"1600\" \/>\n\t<meta property=\"og:image:height\" content=\"984\" \/>\n\t<meta property=\"og:image:type\" content=\"image\/jpeg\" \/>\n<meta name=\"author\" content=\"Editor\" \/>\n<meta name=\"twitter:card\" content=\"summary_large_image\" \/>\n<meta name=\"twitter:creator\" content=\"@ElLabradorOf\" \/>\n<meta name=\"twitter:site\" content=\"@ElLabradorOf\" \/>\n<meta name=\"twitter:label1\" content=\"Escrito por\" \/>\n\t<meta name=\"twitter:data1\" content=\"Editor\" \/>\n\t<meta name=\"twitter:label2\" content=\"Tiempo de lectura\" \/>\n\t<meta name=\"twitter:data2\" content=\"1 minuto\" \/>\n<script type=\"application\/ld+json\" class=\"yoast-schema-graph\">{\"@context\":\"https:\\\/\\\/schema.org\",\"@graph\":[{\"@type\":\"Article\",\"@id\":\"https:\\\/\\\/diarioellabrador.cl\\\/index.php\\\/2025\\\/06\\\/05\\\/dos-detenidos-por-robo-frustrado-en-vivienda-de-calle-barros\\\/#article\",\"isPartOf\":{\"@id\":\"https:\\\/\\\/diarioellabrador.cl\\\/index.php\\\/2025\\\/06\\\/05\\\/dos-detenidos-por-robo-frustrado-en-vivienda-de-calle-barros\\\/\"},\"author\":{\"name\":\"Editor\",\"@id\":\"https:\\\/\\\/diarioellabrador.cl\\\/#\\\/schema\\\/person\\\/bc25ff80b4563f9c7f4bd7855df01685\"},\"headline\":\"Dos detenidos por robo frustrado en vivienda de calle Barros\",\"datePublished\":\"2025-06-05T22:11:50+00:00\",\"dateModified\":\"2025-06-05T22:11:51+00:00\",\"mainEntityOfPage\":{\"@id\":\"https:\\\/\\\/diarioellabrador.cl\\\/index.php\\\/2025\\\/06\\\/05\\\/dos-detenidos-por-robo-frustrado-en-vivienda-de-calle-barros\\\/\"},\"wordCount\":159,\"commentCount\":0,\"publisher\":{\"@id\":\"https:\\\/\\\/diarioellabrador.cl\\\/#organization\"},\"image\":{\"@id\":\"https:\\\/\\\/diarioellabrador.cl\\\/index.php\\\/2025\\\/06\\\/05\\\/dos-detenidos-por-robo-frustrado-en-vivienda-de-calle-barros\\\/#primaryimage\"},\"thumbnailUrl\":\"https:\\\/\\\/diarioellabrador.cl\\\/wp-content\\\/uploads\\\/2025\\\/06\\\/Dos-detenidos-por-robo-frustrado-en-vivienda-de-calle-Barros.jpg\",\"articleSection\":[\"Policial\"],\"inLanguage\":\"es\",\"potentialAction\":[{\"@type\":\"CommentAction\",\"name\":\"Comment\",\"target\":[\"https:\\\/\\\/diarioellabrador.cl\\\/index.php\\\/2025\\\/06\\\/05\\\/dos-detenidos-por-robo-frustrado-en-vivienda-de-calle-barros\\\/#respond\"]}]},{\"@type\":\"WebPage\",\"@id\":\"https:\\\/\\\/diarioellabrador.cl\\\/index.php\\\/2025\\\/06\\\/05\\\/dos-detenidos-por-robo-frustrado-en-vivienda-de-calle-barros\\\/\",\"url\":\"https:\\\/\\\/diarioellabrador.cl\\\/index.php\\\/2025\\\/06\\\/05\\\/dos-detenidos-por-robo-frustrado-en-vivienda-de-calle-barros\\\/\",\"name\":\"Dos detenidos por robo frustrado en vivienda de calle Barros - Diario El Labrador\",\"isPartOf\":{\"@id\":\"https:\\\/\\\/diarioellabrador.cl\\\/#website\"},\"primaryImageOfPage\":{\"@id\":\"https:\\\/\\\/diarioellabrador.cl\\\/index.php\\\/2025\\\/06\\\/05\\\/dos-detenidos-por-robo-frustrado-en-vivienda-de-calle-barros\\\/#primaryimage\"},\"image\":{\"@id\":\"https:\\\/\\\/diarioellabrador.cl\\\/index.php\\\/2025\\\/06\\\/05\\\/dos-detenidos-por-robo-frustrado-en-vivienda-de-calle-barros\\\/#primaryimage\"},\"thumbnailUrl\":\"https:\\\/\\\/diarioellabrador.cl\\\/wp-content\\\/uploads\\\/2025\\\/06\\\/Dos-detenidos-por-robo-frustrado-en-vivienda-de-calle-Barros.jpg\",\"datePublished\":\"2025-06-05T22:11:50+00:00\",\"dateModified\":\"2025-06-05T22:11:51+00:00\",\"breadcrumb\":{\"@id\":\"https:\\\/\\\/diarioellabrador.cl\\\/index.php\\\/2025\\\/06\\\/05\\\/dos-detenidos-por-robo-frustrado-en-vivienda-de-calle-barros\\\/#breadcrumb\"},\"inLanguage\":\"es\",\"potentialAction\":[{\"@type\":\"ReadAction\",\"target\":[\"https:\\\/\\\/diarioellabrador.cl\\\/index.php\\\/2025\\\/06\\\/05\\\/dos-detenidos-por-robo-frustrado-en-vivienda-de-calle-barros\\\/\"]}]},{\"@type\":\"ImageObject\",\"inLanguage\":\"es\",\"@id\":\"https:\\\/\\\/diarioellabrador.cl\\\/index.php\\\/2025\\\/06\\\/05\\\/dos-detenidos-por-robo-frustrado-en-vivienda-de-calle-barros\\\/#primaryimage\",\"url\":\"https:\\\/\\\/diarioellabrador.cl\\\/wp-content\\\/uploads\\\/2025\\\/06\\\/Dos-detenidos-por-robo-frustrado-en-vivienda-de-calle-Barros.jpg\",\"contentUrl\":\"https:\\\/\\\/diarioellabrador.cl\\\/wp-content\\\/uploads\\\/2025\\\/06\\\/Dos-detenidos-por-robo-frustrado-en-vivienda-de-calle-Barros.jpg\",\"width\":1600,\"height\":984},{\"@type\":\"BreadcrumbList\",\"@id\":\"https:\\\/\\\/diarioellabrador.cl\\\/index.php\\\/2025\\\/06\\\/05\\\/dos-detenidos-por-robo-frustrado-en-vivienda-de-calle-barros\\\/#breadcrumb\",\"itemListElement\":[{\"@type\":\"ListItem\",\"position\":1,\"name\":\"Portada\",\"item\":\"https:\\\/\\\/diarioellabrador.cl\\\/\"},{\"@type\":\"ListItem\",\"position\":2,\"name\":\"Dos detenidos por robo frustrado en vivienda de calle Barros\"}]},{\"@type\":\"WebSite\",\"@id\":\"https:\\\/\\\/diarioellabrador.cl\\\/#website\",\"url\":\"https:\\\/\\\/diarioellabrador.cl\\\/\",\"name\":\"Diario El Labrador\",\"description\":\"Haciendo noticia desde 1921\",\"publisher\":{\"@id\":\"https:\\\/\\\/diarioellabrador.cl\\\/#organization\"},\"potentialAction\":[{\"@type\":\"SearchAction\",\"target\":{\"@type\":\"EntryPoint\",\"urlTemplate\":\"https:\\\/\\\/diarioellabrador.cl\\\/?s={search_term_string}\"},\"query-input\":{\"@type\":\"PropertyValueSpecification\",\"valueRequired\":true,\"valueName\":\"search_term_string\"}}],\"inLanguage\":\"es\"},{\"@type\":\"Organization\",\"@id\":\"https:\\\/\\\/diarioellabrador.cl\\\/#organization\",\"name\":\"Diario El Labrador\",\"url\":\"https:\\\/\\\/diarioellabrador.cl\\\/\",\"logo\":{\"@type\":\"ImageObject\",\"inLanguage\":\"es\",\"@id\":\"https:\\\/\\\/diarioellabrador.cl\\\/#\\\/schema\\\/logo\\\/image\\\/\",\"url\":\"https:\\\/\\\/diarioellabrador.cl\\\/wp-content\\\/uploads\\\/2025\\\/02\\\/cropped-Logo-Icono.png\",\"contentUrl\":\"https:\\\/\\\/diarioellabrador.cl\\\/wp-content\\\/uploads\\\/2025\\\/02\\\/cropped-Logo-Icono.png\",\"width\":512,\"height\":512,\"caption\":\"Diario El Labrador\"},\"image\":{\"@id\":\"https:\\\/\\\/diarioellabrador.cl\\\/#\\\/schema\\\/logo\\\/image\\\/\"},\"sameAs\":[\"https:\\\/\\\/web.facebook.com\\\/profile.php?id=61576120840621\",\"https:\\\/\\\/x.com\\\/ElLabradorOf\",\"https:\\\/\\\/www.instagram.com\\\/diarioellabradoroficial\\\/\"]},{\"@type\":\"Person\",\"@id\":\"https:\\\/\\\/diarioellabrador.cl\\\/#\\\/schema\\\/person\\\/bc25ff80b4563f9c7f4bd7855df01685\",\"name\":\"Editor\",\"image\":{\"@type\":\"ImageObject\",\"inLanguage\":\"es\",\"@id\":\"https:\\\/\\\/secure.gravatar.com\\\/avatar\\\/109c326cf2be5c04f048c2c2a2b8b6ef44bf3d8d1d3d4c55d0ac40c4bc994684?s=96&d=mm&r=g\",\"url\":\"https:\\\/\\\/secure.gravatar.com\\\/avatar\\\/109c326cf2be5c04f048c2c2a2b8b6ef44bf3d8d1d3d4c55d0ac40c4bc994684?s=96&d=mm&r=g\",\"contentUrl\":\"https:\\\/\\\/secure.gravatar.com\\\/avatar\\\/109c326cf2be5c04f048c2c2a2b8b6ef44bf3d8d1d3d4c55d0ac40c4bc994684?s=96&d=mm&r=g\",\"caption\":\"Editor\"},\"url\":\"https:\\\/\\\/diarioellabrador.cl\\\/index.php\\\/author\\\/editor\\\/\"}]}<\/script>\n<!-- \/ Yoast SEO plugin. -->","yoast_head_json":{"title":"Dos detenidos por robo frustrado en vivienda de calle Barros - Diario El Labrador","robots":{"index":"index","follow":"follow","max-snippet":"max-snippet:-1","max-image-preview":"max-image-preview:large","max-video-preview":"max-video-preview:-1"},"canonical":"https:\/\/diarioellabrador.cl\/index.php\/2025\/06\/05\/dos-detenidos-por-robo-frustrado-en-vivienda-de-calle-barros\/","og_locale":"es_ES","og_type":"article","og_title":"Dos detenidos por robo frustrado en vivienda de calle Barros - Diario El Labrador","og_description":"Alrededor de las 21:00 horas del mi\u00e9rcoles, personal de Carabineros fue alertado que en una propiedad en calle Barros a la altura del 800, tres sujetos hab\u00edan ingresado a robar y se activaron las alertas de seguridad del inmueble. Los efectivos, al llegar al lugar, se percataron que por el port\u00f3n hu\u00eda un hombre por Leer m\u00e1s","og_url":"https:\/\/diarioellabrador.cl\/index.php\/2025\/06\/05\/dos-detenidos-por-robo-frustrado-en-vivienda-de-calle-barros\/","og_site_name":"Diario El Labrador","article_publisher":"https:\/\/web.facebook.com\/profile.php?id=61576120840621","article_published_time":"2025-06-05T22:11:50+00:00","article_modified_time":"2025-06-05T22:11:51+00:00","og_image":[{"width":1600,"height":984,"url":"https:\/\/diarioellabrador.cl\/wp-content\/uploads\/2025\/06\/Dos-detenidos-por-robo-frustrado-en-vivienda-de-calle-Barros.jpg","type":"image\/jpeg"}],"author":"Editor","twitter_card":"summary_large_image","twitter_creator":"@ElLabradorOf","twitter_site":"@ElLabradorOf","twitter_misc":{"Escrito por":"Editor","Tiempo de lectura":"1 minuto"},"schema":{"@context":"https:\/\/schema.org","@graph":[{"@type":"Article","@id":"https:\/\/diarioellabrador.cl\/index.php\/2025\/06\/05\/dos-detenidos-por-robo-frustrado-en-vivienda-de-calle-barros\/#article","isPartOf":{"@id":"https:\/\/diarioellabrador.cl\/index.php\/2025\/06\/05\/dos-detenidos-por-robo-frustrado-en-vivienda-de-calle-barros\/"},"author":{"name":"Editor","@id":"https:\/\/diarioellabrador.cl\/#\/schema\/person\/bc25ff80b4563f9c7f4bd7855df01685"},"headline":"Dos detenidos por robo frustrado en vivienda de calle Barros","datePublished":"2025-06-05T22:11:50+00:00","dateModified":"2025-06-05T22:11:51+00:00","mainEntityOfPage":{"@id":"https:\/\/diarioellabrador.cl\/index.php\/2025\/06\/05\/dos-detenidos-por-robo-frustrado-en-vivienda-de-calle-barros\/"},"wordCount":159,"commentCount":0,"publisher":{"@id":"https:\/\/diarioellabrador.cl\/#organization"},"image":{"@id":"https:\/\/diarioellabrador.cl\/index.php\/2025\/06\/05\/dos-detenidos-por-robo-frustrado-en-vivienda-de-calle-barros\/#primaryimage"},"thumbnailUrl":"https:\/\/diarioellabrador.cl\/wp-content\/uploads\/2025\/06\/Dos-detenidos-por-robo-frustrado-en-vivienda-de-calle-Barros.jpg","articleSection":["Policial"],"inLanguage":"es","potentialAction":[{"@type":"CommentAction","name":"Comment","target":["https:\/\/diarioellabrador.cl\/index.php\/2025\/06\/05\/dos-detenidos-por-robo-frustrado-en-vivienda-de-calle-barros\/#respond"]}]},{"@type":"WebPage","@id":"https:\/\/diarioellabrador.cl\/index.php\/2025\/06\/05\/dos-detenidos-por-robo-frustrado-en-vivienda-de-calle-barros\/","url":"https:\/\/diarioellabrador.cl\/index.php\/2025\/06\/05\/dos-detenidos-por-robo-frustrado-en-vivienda-de-calle-barros\/","name":"Dos detenidos por robo frustrado en vivienda de calle Barros - Diario El Labrador","isPartOf":{"@id":"https:\/\/diarioellabrador.cl\/#website"},"primaryImageOfPage":{"@id":"https:\/\/diarioellabrador.cl\/index.php\/2025\/06\/05\/dos-detenidos-por-robo-frustrado-en-vivienda-de-calle-barros\/#primaryimage"},"image":{"@id":"https:\/\/diarioellabrador.cl\/index.php\/2025\/06\/05\/dos-detenidos-por-robo-frustrado-en-vivienda-de-calle-barros\/#primaryimage"},"thumbnailUrl":"https:\/\/diarioellabrador.cl\/wp-content\/uploads\/2025\/06\/Dos-detenidos-por-robo-frustrado-en-vivienda-de-calle-Barros.jpg","datePublished":"2025-06-05T22:11:50+00:00","dateModified":"2025-06-05T22:11:51+00:00","breadcrumb":{"@id":"https:\/\/diarioellabrador.cl\/index.php\/2025\/06\/05\/dos-detenidos-por-robo-frustrado-en-vivienda-de-calle-barros\/#breadcrumb"},"inLanguage":"es","potentialAction":[{"@type":"ReadAction","target":["https:\/\/diarioellabrador.cl\/index.php\/2025\/06\/05\/dos-detenidos-por-robo-frustrado-en-vivienda-de-calle-barros\/"]}]},{"@type":"ImageObject","inLanguage":"es","@id":"https:\/\/diarioellabrador.cl\/index.php\/2025\/06\/05\/dos-detenidos-por-robo-frustrado-en-vivienda-de-calle-barros\/#primaryimage","url":"https:\/\/diarioellabrador.cl\/wp-content\/uploads\/2025\/06\/Dos-detenidos-por-robo-frustrado-en-vivienda-de-calle-Barros.jpg","contentUrl":"https:\/\/diarioellabrador.cl\/wp-content\/uploads\/2025\/06\/Dos-detenidos-por-robo-frustrado-en-vivienda-de-calle-Barros.jpg","width":1600,"height":984},{"@type":"BreadcrumbList","@id":"https:\/\/diarioellabrador.cl\/index.php\/2025\/06\/05\/dos-detenidos-por-robo-frustrado-en-vivienda-de-calle-barros\/#breadcrumb","itemListElement":[{"@type":"ListItem","position":1,"name":"Portada","item":"https:\/\/diarioellabrador.cl\/"},{"@type":"ListItem","position":2,"name":"Dos detenidos por robo frustrado en vivienda de calle Barros"}]},{"@type":"WebSite","@id":"https:\/\/diarioellabrador.cl\/#website","url":"https:\/\/diarioellabrador.cl\/","name":"Diario El Labrador","description":"Haciendo noticia desde 1921","publisher":{"@id":"https:\/\/diarioellabrador.cl\/#organization"},"potentialAction":[{"@type":"SearchAction","target":{"@type":"EntryPoint","urlTemplate":"https:\/\/diarioellabrador.cl\/?s={search_term_string}"},"query-input":{"@type":"PropertyValueSpecification","valueRequired":true,"valueName":"search_term_string"}}],"inLanguage":"es"},{"@type":"Organization","@id":"https:\/\/diarioellabrador.cl\/#organization","name":"Diario El Labrador","url":"https:\/\/diarioellabrador.cl\/","logo":{"@type":"ImageObject","inLanguage":"es","@id":"https:\/\/diarioellabrador.cl\/#\/schema\/logo\/image\/","url":"https:\/\/diarioellabrador.cl\/wp-content\/uploads\/2025\/02\/cropped-Logo-Icono.png","contentUrl":"https:\/\/diarioellabrador.cl\/wp-content\/uploads\/2025\/02\/cropped-Logo-Icono.png","width":512,"height":512,"caption":"Diario El Labrador"},"image":{"@id":"https:\/\/diarioellabrador.cl\/#\/schema\/logo\/image\/"},"sameAs":["https:\/\/web.facebook.com\/profile.php?id=61576120840621","https:\/\/x.com\/ElLabradorOf","https:\/\/www.instagram.com\/diarioellabradoroficial\/"]},{"@type":"Person","@id":"https:\/\/diarioellabrador.cl\/#\/schema\/person\/bc25ff80b4563f9c7f4bd7855df01685","name":"Editor","image":{"@type":"ImageObject","inLanguage":"es","@id":"https:\/\/secure.gravatar.com\/avatar\/109c326cf2be5c04f048c2c2a2b8b6ef44bf3d8d1d3d4c55d0ac40c4bc994684?s=96&d=mm&r=g","url":"https:\/\/secure.gravatar.com\/avatar\/109c326cf2be5c04f048c2c2a2b8b6ef44bf3d8d1d3d4c55d0ac40c4bc994684?s=96&d=mm&r=g","contentUrl":"https:\/\/secure.gravatar.com\/avatar\/109c326cf2be5c04f048c2c2a2b8b6ef44bf3d8d1d3d4c55d0ac40c4bc994684?s=96&d=mm&r=g","caption":"Editor"},"url":"https:\/\/diarioellabrador.cl\/index.php\/author\/editor\/"}]}},"_links":{"self":[{"href":"https:\/\/diarioellabrador.cl\/index.php\/wp-json\/wp\/v2\/posts\/3660","targetHints":{"allow":["GET"]}}],"collection":[{"href":"https:\/\/diarioellabrador.cl\/index.php\/wp-json\/wp\/v2\/posts"}],"about":[{"href":"https:\/\/diarioellabrador.cl\/index.php\/wp-json\/wp\/v2\/types\/post"}],"author":[{"embeddable":true,"href":"https:\/\/diarioellabrador.cl\/index.php\/wp-json\/wp\/v2\/users\/2"}],"replies":[{"embeddable":true,"href":"https:\/\/diarioellabrador.cl\/index.php\/wp-json\/wp\/v2\/comments?post=3660"}],"version-history":[{"count":1,"href":"https:\/\/diarioellabrador.cl\/index.php\/wp-json\/wp\/v2\/posts\/3660\/revisions"}],"predecessor-version":[{"id":3661,"href":"https:\/\/diarioellabrador.cl\/index.php\/wp-json\/wp\/v2\/posts\/3660\/revisions\/3661"}],"wp:featuredmedia":[{"embeddable":true,"href":"https:\/\/diarioellabrador.cl\/index.php\/wp-json\/wp\/v2\/media\/3612"}],"wp:attachment":[{"href":"https:\/\/diarioellabrador.cl\/index.php\/wp-json\/wp\/v2\/media?parent=3660"}],"wp:term":[{"taxonomy":"category","embeddable":true,"href":"https:\/\/diarioellabrador.cl\/index.php\/wp-json\/wp\/v2\/categories?post=3660"},{"taxonomy":"post_tag","embeddable":true,"href":"https:\/\/diarioellabrador.cl\/index.php\/wp-json\/wp\/v2\/tags?post=3660"}],"curies":[{"name":"wp","href":"https:\/\/api.w.org\/{rel}","templated":true}]}}