{"id":3327,"date":"2025-05-29T18:35:17","date_gmt":"2025-05-29T22:35:17","guid":{"rendered":"https:\/\/diarioellabrador.cl\/?p=3327"},"modified":"2025-05-29T18:35:18","modified_gmt":"2025-05-29T22:35:18","slug":"gerencia-deportiva-de-ferochi-invita-al-proceso-de-postulacion-al-cuerpo-de-jurados","status":"publish","type":"post","link":"https:\/\/diarioellabrador.cl\/index.php\/2025\/05\/29\/gerencia-deportiva-de-ferochi-invita-al-proceso-de-postulacion-al-cuerpo-de-jurados\/","title":{"rendered":"Gerencia Deportiva de Ferochi invita al proceso de postulaci\u00f3n al Cuerpo de Jurados"},"content":{"rendered":"\n<p><strong>Autor: <\/strong><a href=\"https:\/\/www.caballoyrodeo.cl\/portal_rodeo\/site\/artic\/20240223\/pags\/20240223201729.html\">Rodrigo Crooker S\u00e1ez<\/a><\/p>\n\n\n\n<p>El gerente deportivo de la <strong>Federaci\u00f3n del Rodeo Chileno, Gabriel Orphanopoulos<\/strong>, realiz\u00f3 una invitaci\u00f3n para que los interesados en formar parte del Cuerpo de Jurados env\u00eden sus antecedentes para participar del proceso de postulaci\u00f3n de cara a la Temporada 2025-2026.<\/p>\n\n\n\n<p>\u00abHace un par de semanas se public\u00f3 en el portal CaballoyRodeo y se envi\u00f3 un comunicado a los presidentes de asociaci\u00f3n informando que estaba abierto el proceso de postulaci\u00f3n al Cuerpo de Jurados correspondiente a la Temporada 2025-2026\u00bb, expres\u00f3.<\/p>\n\n\n\n<p>Agreg\u00f3 que \u00ab<strong>existe un documento con los requisitos que deben cumplir los postulantes, la documentaci\u00f3n que deben enviar, y este proceso estar\u00e1 abierto hasta el 30 de junio<\/strong>\u00ab.<\/p>\n\n\n\n<p>\u00abInvito a los socios que est\u00e1n interesados a que participen de este proceso para participar en la postulaci\u00f3n que corresponde a la temporada\u00bb, complet\u00f3 Orphanopoulos.<\/p>\n\n\n\n<p><strong>Repasa los detalles:<\/strong><\/p>\n\n\n\n<p><strong>Los interesados en postular deben cumplir con los siguientes requisitos:<\/strong><\/p>\n\n\n\n<ol start=\"1\" class=\"wp-block-list\">\n<li>Ser socio activo de un Club perteneciente a la Federaci\u00f3n del Rodeo Chileno.<\/li>\n\n\n\n<li>Adjuntar una carta de presentaci\u00f3n del interesado y que cuente con el respaldo del presidente de la Asociaci\u00f3n a la que pertenece.<\/li>\n\n\n\n<li>Curriculum Vitae.<\/li>\n\n\n\n<li>Presentar Certificado de Antecedentes.<\/li>\n\n\n\n<li>Certificado de Honorabilidad Deportiva, el cual debe ser emitido por el Tribunal Supremo. Dicho tr\u00e1mite debe ser solicitado al correo tribunalsupremo@ferochi.cl<\/li>\n<\/ol>\n\n\n\n<ol start=\"6\" class=\"wp-block-list\">\n<li>Certificado de estudios (Ense\u00f1anza Media aprobada).<\/li>\n\n\n\n<li>Edad m\u00ednima para postular: 20 a\u00f1os cumplidos.<\/li>\n\n\n\n<li>Certificado Oftalmol\u00f3gico y Auditivo (actualizado), acreditando aptitud para el cargo de Jurado.<\/li>\n<\/ol>\n\n\n\n<p>&nbsp;Cualquier consulta o duda, comunicarse con el Gerente Deportivo, sr. Gabriel Orphanopoulos, al correo:<strong>&nbsp;vgabrielop@ferochi.cl&nbsp;<\/strong><\/p>\n\n\n\n<p>&nbsp;Los antecedentes deben ser enviados al correo:&nbsp;<strong>contacto@ferochi.cl&nbsp;<\/strong><\/p>\n","protected":false},"excerpt":{"rendered":"<p>Autor: Rodrigo Crooker S\u00e1ez El gerente deportivo de la Federaci\u00f3n del Rodeo Chileno, Gabriel Orphanopoulos, realiz\u00f3 una invitaci\u00f3n para que los interesados en formar parte del Cuerpo de Jurados env\u00eden sus antecedentes para participar del proceso de postulaci\u00f3n de cara a la Temporada 2025-2026. \u00abHace un par de semanas se public\u00f3 en el portal CaballoyRodeo<\/p>\n<div class=\"read-more-wrapper\"><a class=\"read-more\" href=\"https:\/\/diarioellabrador.cl\/index.php\/2025\/05\/29\/gerencia-deportiva-de-ferochi-invita-al-proceso-de-postulacion-al-cuerpo-de-jurados\/\" title=\"Leer m\u00e1s\"> <span class=\"button \">Leer m\u00e1s<\/span><\/a><\/div>\n","protected":false},"author":2,"featured_media":3317,"comment_status":"open","ping_status":"open","sticky":false,"template":"","format":"standard","meta":{"footnotes":""},"categories":[5],"tags":[],"class_list":["post-3327","post","type-post","status-publish","format-standard","has-post-thumbnail","hentry","category-rodeo"],"yoast_head":"<!-- This site is optimized with the Yoast SEO plugin v27.5 - https:\/\/yoast.com\/product\/yoast-seo-wordpress\/ -->\n<title>Gerencia Deportiva de Ferochi invita al proceso de postulaci\u00f3n al Cuerpo de Jurados - Diario El Labrador<\/title>\n<meta name=\"robots\" content=\"index, follow, max-snippet:-1, max-image-preview:large, max-video-preview:-1\" \/>\n<link rel=\"canonical\" href=\"https:\/\/diarioellabrador.cl\/index.php\/2025\/05\/29\/gerencia-deportiva-de-ferochi-invita-al-proceso-de-postulacion-al-cuerpo-de-jurados\/\" \/>\n<meta property=\"og:locale\" content=\"es_ES\" \/>\n<meta property=\"og:type\" content=\"article\" \/>\n<meta property=\"og:title\" content=\"Gerencia Deportiva de Ferochi invita al proceso de postulaci\u00f3n al Cuerpo de Jurados - Diario El Labrador\" \/>\n<meta property=\"og:description\" content=\"Autor: Rodrigo Crooker S\u00e1ez El gerente deportivo de la Federaci\u00f3n del Rodeo Chileno, Gabriel Orphanopoulos, realiz\u00f3 una invitaci\u00f3n para que los interesados en formar parte del Cuerpo de Jurados env\u00eden sus antecedentes para participar del proceso de postulaci\u00f3n de cara a la Temporada 2025-2026. \u00abHace un par de semanas se public\u00f3 en el portal CaballoyRodeo Leer m\u00e1s\" \/>\n<meta property=\"og:url\" content=\"https:\/\/diarioellabrador.cl\/index.php\/2025\/05\/29\/gerencia-deportiva-de-ferochi-invita-al-proceso-de-postulacion-al-cuerpo-de-jurados\/\" \/>\n<meta property=\"og:site_name\" content=\"Diario El Labrador\" \/>\n<meta property=\"article:publisher\" content=\"https:\/\/web.facebook.com\/profile.php?id=61576120840621\" \/>\n<meta property=\"article:published_time\" content=\"2025-05-29T22:35:17+00:00\" \/>\n<meta property=\"article:modified_time\" content=\"2025-05-29T22:35:18+00:00\" \/>\n<meta property=\"og:image\" content=\"https:\/\/diarioellabrador.cl\/wp-content\/uploads\/2025\/05\/Gerencia-Deportiva-de-Ferochi-invita-al-proceso-de-postulacion-al-Cuerpo-de-Jurados.jpg\" \/>\n\t<meta property=\"og:image:width\" content=\"750\" \/>\n\t<meta property=\"og:image:height\" content=\"389\" \/>\n\t<meta property=\"og:image:type\" content=\"image\/jpeg\" \/>\n<meta name=\"author\" content=\"Editor\" \/>\n<meta name=\"twitter:card\" content=\"summary_large_image\" \/>\n<meta name=\"twitter:creator\" content=\"@ElLabradorOf\" \/>\n<meta name=\"twitter:site\" content=\"@ElLabradorOf\" \/>\n<meta name=\"twitter:label1\" content=\"Escrito por\" \/>\n\t<meta name=\"twitter:data1\" content=\"Editor\" \/>\n\t<meta name=\"twitter:label2\" content=\"Tiempo de lectura\" \/>\n\t<meta name=\"twitter:data2\" content=\"1 minuto\" \/>\n<script type=\"application\/ld+json\" class=\"yoast-schema-graph\">{\"@context\":\"https:\\\/\\\/schema.org\",\"@graph\":[{\"@type\":\"Article\",\"@id\":\"https:\\\/\\\/diarioellabrador.cl\\\/index.php\\\/2025\\\/05\\\/29\\\/gerencia-deportiva-de-ferochi-invita-al-proceso-de-postulacion-al-cuerpo-de-jurados\\\/#article\",\"isPartOf\":{\"@id\":\"https:\\\/\\\/diarioellabrador.cl\\\/index.php\\\/2025\\\/05\\\/29\\\/gerencia-deportiva-de-ferochi-invita-al-proceso-de-postulacion-al-cuerpo-de-jurados\\\/\"},\"author\":{\"name\":\"Editor\",\"@id\":\"https:\\\/\\\/diarioellabrador.cl\\\/#\\\/schema\\\/person\\\/bc25ff80b4563f9c7f4bd7855df01685\"},\"headline\":\"Gerencia Deportiva de Ferochi invita al proceso de postulaci\u00f3n al Cuerpo de Jurados\",\"datePublished\":\"2025-05-29T22:35:17+00:00\",\"dateModified\":\"2025-05-29T22:35:18+00:00\",\"mainEntityOfPage\":{\"@id\":\"https:\\\/\\\/diarioellabrador.cl\\\/index.php\\\/2025\\\/05\\\/29\\\/gerencia-deportiva-de-ferochi-invita-al-proceso-de-postulacion-al-cuerpo-de-jurados\\\/\"},\"wordCount\":301,\"commentCount\":0,\"publisher\":{\"@id\":\"https:\\\/\\\/diarioellabrador.cl\\\/#organization\"},\"image\":{\"@id\":\"https:\\\/\\\/diarioellabrador.cl\\\/index.php\\\/2025\\\/05\\\/29\\\/gerencia-deportiva-de-ferochi-invita-al-proceso-de-postulacion-al-cuerpo-de-jurados\\\/#primaryimage\"},\"thumbnailUrl\":\"https:\\\/\\\/diarioellabrador.cl\\\/wp-content\\\/uploads\\\/2025\\\/05\\\/Gerencia-Deportiva-de-Ferochi-invita-al-proceso-de-postulacion-al-Cuerpo-de-Jurados.jpg\",\"articleSection\":[\"Rodeo\"],\"inLanguage\":\"es\",\"potentialAction\":[{\"@type\":\"CommentAction\",\"name\":\"Comment\",\"target\":[\"https:\\\/\\\/diarioellabrador.cl\\\/index.php\\\/2025\\\/05\\\/29\\\/gerencia-deportiva-de-ferochi-invita-al-proceso-de-postulacion-al-cuerpo-de-jurados\\\/#respond\"]}]},{\"@type\":\"WebPage\",\"@id\":\"https:\\\/\\\/diarioellabrador.cl\\\/index.php\\\/2025\\\/05\\\/29\\\/gerencia-deportiva-de-ferochi-invita-al-proceso-de-postulacion-al-cuerpo-de-jurados\\\/\",\"url\":\"https:\\\/\\\/diarioellabrador.cl\\\/index.php\\\/2025\\\/05\\\/29\\\/gerencia-deportiva-de-ferochi-invita-al-proceso-de-postulacion-al-cuerpo-de-jurados\\\/\",\"name\":\"Gerencia Deportiva de Ferochi invita al proceso de postulaci\u00f3n al Cuerpo de Jurados - Diario El Labrador\",\"isPartOf\":{\"@id\":\"https:\\\/\\\/diarioellabrador.cl\\\/#website\"},\"primaryImageOfPage\":{\"@id\":\"https:\\\/\\\/diarioellabrador.cl\\\/index.php\\\/2025\\\/05\\\/29\\\/gerencia-deportiva-de-ferochi-invita-al-proceso-de-postulacion-al-cuerpo-de-jurados\\\/#primaryimage\"},\"image\":{\"@id\":\"https:\\\/\\\/diarioellabrador.cl\\\/index.php\\\/2025\\\/05\\\/29\\\/gerencia-deportiva-de-ferochi-invita-al-proceso-de-postulacion-al-cuerpo-de-jurados\\\/#primaryimage\"},\"thumbnailUrl\":\"https:\\\/\\\/diarioellabrador.cl\\\/wp-content\\\/uploads\\\/2025\\\/05\\\/Gerencia-Deportiva-de-Ferochi-invita-al-proceso-de-postulacion-al-Cuerpo-de-Jurados.jpg\",\"datePublished\":\"2025-05-29T22:35:17+00:00\",\"dateModified\":\"2025-05-29T22:35:18+00:00\",\"breadcrumb\":{\"@id\":\"https:\\\/\\\/diarioellabrador.cl\\\/index.php\\\/2025\\\/05\\\/29\\\/gerencia-deportiva-de-ferochi-invita-al-proceso-de-postulacion-al-cuerpo-de-jurados\\\/#breadcrumb\"},\"inLanguage\":\"es\",\"potentialAction\":[{\"@type\":\"ReadAction\",\"target\":[\"https:\\\/\\\/diarioellabrador.cl\\\/index.php\\\/2025\\\/05\\\/29\\\/gerencia-deportiva-de-ferochi-invita-al-proceso-de-postulacion-al-cuerpo-de-jurados\\\/\"]}]},{\"@type\":\"ImageObject\",\"inLanguage\":\"es\",\"@id\":\"https:\\\/\\\/diarioellabrador.cl\\\/index.php\\\/2025\\\/05\\\/29\\\/gerencia-deportiva-de-ferochi-invita-al-proceso-de-postulacion-al-cuerpo-de-jurados\\\/#primaryimage\",\"url\":\"https:\\\/\\\/diarioellabrador.cl\\\/wp-content\\\/uploads\\\/2025\\\/05\\\/Gerencia-Deportiva-de-Ferochi-invita-al-proceso-de-postulacion-al-Cuerpo-de-Jurados.jpg\",\"contentUrl\":\"https:\\\/\\\/diarioellabrador.cl\\\/wp-content\\\/uploads\\\/2025\\\/05\\\/Gerencia-Deportiva-de-Ferochi-invita-al-proceso-de-postulacion-al-Cuerpo-de-Jurados.jpg\",\"width\":750,\"height\":389},{\"@type\":\"BreadcrumbList\",\"@id\":\"https:\\\/\\\/diarioellabrador.cl\\\/index.php\\\/2025\\\/05\\\/29\\\/gerencia-deportiva-de-ferochi-invita-al-proceso-de-postulacion-al-cuerpo-de-jurados\\\/#breadcrumb\",\"itemListElement\":[{\"@type\":\"ListItem\",\"position\":1,\"name\":\"Portada\",\"item\":\"https:\\\/\\\/diarioellabrador.cl\\\/\"},{\"@type\":\"ListItem\",\"position\":2,\"name\":\"Gerencia Deportiva de Ferochi invita al proceso de postulaci\u00f3n al Cuerpo de Jurados\"}]},{\"@type\":\"WebSite\",\"@id\":\"https:\\\/\\\/diarioellabrador.cl\\\/#website\",\"url\":\"https:\\\/\\\/diarioellabrador.cl\\\/\",\"name\":\"Diario El Labrador\",\"description\":\"Haciendo noticia desde 1921\",\"publisher\":{\"@id\":\"https:\\\/\\\/diarioellabrador.cl\\\/#organization\"},\"potentialAction\":[{\"@type\":\"SearchAction\",\"target\":{\"@type\":\"EntryPoint\",\"urlTemplate\":\"https:\\\/\\\/diarioellabrador.cl\\\/?s={search_term_string}\"},\"query-input\":{\"@type\":\"PropertyValueSpecification\",\"valueRequired\":true,\"valueName\":\"search_term_string\"}}],\"inLanguage\":\"es\"},{\"@type\":\"Organization\",\"@id\":\"https:\\\/\\\/diarioellabrador.cl\\\/#organization\",\"name\":\"Diario El Labrador\",\"url\":\"https:\\\/\\\/diarioellabrador.cl\\\/\",\"logo\":{\"@type\":\"ImageObject\",\"inLanguage\":\"es\",\"@id\":\"https:\\\/\\\/diarioellabrador.cl\\\/#\\\/schema\\\/logo\\\/image\\\/\",\"url\":\"https:\\\/\\\/diarioellabrador.cl\\\/wp-content\\\/uploads\\\/2025\\\/02\\\/cropped-Logo-Icono.png\",\"contentUrl\":\"https:\\\/\\\/diarioellabrador.cl\\\/wp-content\\\/uploads\\\/2025\\\/02\\\/cropped-Logo-Icono.png\",\"width\":512,\"height\":512,\"caption\":\"Diario El Labrador\"},\"image\":{\"@id\":\"https:\\\/\\\/diarioellabrador.cl\\\/#\\\/schema\\\/logo\\\/image\\\/\"},\"sameAs\":[\"https:\\\/\\\/web.facebook.com\\\/profile.php?id=61576120840621\",\"https:\\\/\\\/x.com\\\/ElLabradorOf\",\"https:\\\/\\\/www.instagram.com\\\/diarioellabradoroficial\\\/\"]},{\"@type\":\"Person\",\"@id\":\"https:\\\/\\\/diarioellabrador.cl\\\/#\\\/schema\\\/person\\\/bc25ff80b4563f9c7f4bd7855df01685\",\"name\":\"Editor\",\"image\":{\"@type\":\"ImageObject\",\"inLanguage\":\"es\",\"@id\":\"https:\\\/\\\/secure.gravatar.com\\\/avatar\\\/109c326cf2be5c04f048c2c2a2b8b6ef44bf3d8d1d3d4c55d0ac40c4bc994684?s=96&d=mm&r=g\",\"url\":\"https:\\\/\\\/secure.gravatar.com\\\/avatar\\\/109c326cf2be5c04f048c2c2a2b8b6ef44bf3d8d1d3d4c55d0ac40c4bc994684?s=96&d=mm&r=g\",\"contentUrl\":\"https:\\\/\\\/secure.gravatar.com\\\/avatar\\\/109c326cf2be5c04f048c2c2a2b8b6ef44bf3d8d1d3d4c55d0ac40c4bc994684?s=96&d=mm&r=g\",\"caption\":\"Editor\"},\"url\":\"https:\\\/\\\/diarioellabrador.cl\\\/index.php\\\/author\\\/editor\\\/\"}]}<\/script>\n<!-- \/ Yoast SEO plugin. -->","yoast_head_json":{"title":"Gerencia Deportiva de Ferochi invita al proceso de postulaci\u00f3n al Cuerpo de Jurados - Diario El Labrador","robots":{"index":"index","follow":"follow","max-snippet":"max-snippet:-1","max-image-preview":"max-image-preview:large","max-video-preview":"max-video-preview:-1"},"canonical":"https:\/\/diarioellabrador.cl\/index.php\/2025\/05\/29\/gerencia-deportiva-de-ferochi-invita-al-proceso-de-postulacion-al-cuerpo-de-jurados\/","og_locale":"es_ES","og_type":"article","og_title":"Gerencia Deportiva de Ferochi invita al proceso de postulaci\u00f3n al Cuerpo de Jurados - Diario El Labrador","og_description":"Autor: Rodrigo Crooker S\u00e1ez El gerente deportivo de la Federaci\u00f3n del Rodeo Chileno, Gabriel Orphanopoulos, realiz\u00f3 una invitaci\u00f3n para que los interesados en formar parte del Cuerpo de Jurados env\u00eden sus antecedentes para participar del proceso de postulaci\u00f3n de cara a la Temporada 2025-2026. \u00abHace un par de semanas se public\u00f3 en el portal CaballoyRodeo Leer m\u00e1s","og_url":"https:\/\/diarioellabrador.cl\/index.php\/2025\/05\/29\/gerencia-deportiva-de-ferochi-invita-al-proceso-de-postulacion-al-cuerpo-de-jurados\/","og_site_name":"Diario El Labrador","article_publisher":"https:\/\/web.facebook.com\/profile.php?id=61576120840621","article_published_time":"2025-05-29T22:35:17+00:00","article_modified_time":"2025-05-29T22:35:18+00:00","og_image":[{"width":750,"height":389,"url":"https:\/\/diarioellabrador.cl\/wp-content\/uploads\/2025\/05\/Gerencia-Deportiva-de-Ferochi-invita-al-proceso-de-postulacion-al-Cuerpo-de-Jurados.jpg","type":"image\/jpeg"}],"author":"Editor","twitter_card":"summary_large_image","twitter_creator":"@ElLabradorOf","twitter_site":"@ElLabradorOf","twitter_misc":{"Escrito por":"Editor","Tiempo de lectura":"1 minuto"},"schema":{"@context":"https:\/\/schema.org","@graph":[{"@type":"Article","@id":"https:\/\/diarioellabrador.cl\/index.php\/2025\/05\/29\/gerencia-deportiva-de-ferochi-invita-al-proceso-de-postulacion-al-cuerpo-de-jurados\/#article","isPartOf":{"@id":"https:\/\/diarioellabrador.cl\/index.php\/2025\/05\/29\/gerencia-deportiva-de-ferochi-invita-al-proceso-de-postulacion-al-cuerpo-de-jurados\/"},"author":{"name":"Editor","@id":"https:\/\/diarioellabrador.cl\/#\/schema\/person\/bc25ff80b4563f9c7f4bd7855df01685"},"headline":"Gerencia Deportiva de Ferochi invita al proceso de postulaci\u00f3n al Cuerpo de Jurados","datePublished":"2025-05-29T22:35:17+00:00","dateModified":"2025-05-29T22:35:18+00:00","mainEntityOfPage":{"@id":"https:\/\/diarioellabrador.cl\/index.php\/2025\/05\/29\/gerencia-deportiva-de-ferochi-invita-al-proceso-de-postulacion-al-cuerpo-de-jurados\/"},"wordCount":301,"commentCount":0,"publisher":{"@id":"https:\/\/diarioellabrador.cl\/#organization"},"image":{"@id":"https:\/\/diarioellabrador.cl\/index.php\/2025\/05\/29\/gerencia-deportiva-de-ferochi-invita-al-proceso-de-postulacion-al-cuerpo-de-jurados\/#primaryimage"},"thumbnailUrl":"https:\/\/diarioellabrador.cl\/wp-content\/uploads\/2025\/05\/Gerencia-Deportiva-de-Ferochi-invita-al-proceso-de-postulacion-al-Cuerpo-de-Jurados.jpg","articleSection":["Rodeo"],"inLanguage":"es","potentialAction":[{"@type":"CommentAction","name":"Comment","target":["https:\/\/diarioellabrador.cl\/index.php\/2025\/05\/29\/gerencia-deportiva-de-ferochi-invita-al-proceso-de-postulacion-al-cuerpo-de-jurados\/#respond"]}]},{"@type":"WebPage","@id":"https:\/\/diarioellabrador.cl\/index.php\/2025\/05\/29\/gerencia-deportiva-de-ferochi-invita-al-proceso-de-postulacion-al-cuerpo-de-jurados\/","url":"https:\/\/diarioellabrador.cl\/index.php\/2025\/05\/29\/gerencia-deportiva-de-ferochi-invita-al-proceso-de-postulacion-al-cuerpo-de-jurados\/","name":"Gerencia Deportiva de Ferochi invita al proceso de postulaci\u00f3n al Cuerpo de Jurados - Diario El Labrador","isPartOf":{"@id":"https:\/\/diarioellabrador.cl\/#website"},"primaryImageOfPage":{"@id":"https:\/\/diarioellabrador.cl\/index.php\/2025\/05\/29\/gerencia-deportiva-de-ferochi-invita-al-proceso-de-postulacion-al-cuerpo-de-jurados\/#primaryimage"},"image":{"@id":"https:\/\/diarioellabrador.cl\/index.php\/2025\/05\/29\/gerencia-deportiva-de-ferochi-invita-al-proceso-de-postulacion-al-cuerpo-de-jurados\/#primaryimage"},"thumbnailUrl":"https:\/\/diarioellabrador.cl\/wp-content\/uploads\/2025\/05\/Gerencia-Deportiva-de-Ferochi-invita-al-proceso-de-postulacion-al-Cuerpo-de-Jurados.jpg","datePublished":"2025-05-29T22:35:17+00:00","dateModified":"2025-05-29T22:35:18+00:00","breadcrumb":{"@id":"https:\/\/diarioellabrador.cl\/index.php\/2025\/05\/29\/gerencia-deportiva-de-ferochi-invita-al-proceso-de-postulacion-al-cuerpo-de-jurados\/#breadcrumb"},"inLanguage":"es","potentialAction":[{"@type":"ReadAction","target":["https:\/\/diarioellabrador.cl\/index.php\/2025\/05\/29\/gerencia-deportiva-de-ferochi-invita-al-proceso-de-postulacion-al-cuerpo-de-jurados\/"]}]},{"@type":"ImageObject","inLanguage":"es","@id":"https:\/\/diarioellabrador.cl\/index.php\/2025\/05\/29\/gerencia-deportiva-de-ferochi-invita-al-proceso-de-postulacion-al-cuerpo-de-jurados\/#primaryimage","url":"https:\/\/diarioellabrador.cl\/wp-content\/uploads\/2025\/05\/Gerencia-Deportiva-de-Ferochi-invita-al-proceso-de-postulacion-al-Cuerpo-de-Jurados.jpg","contentUrl":"https:\/\/diarioellabrador.cl\/wp-content\/uploads\/2025\/05\/Gerencia-Deportiva-de-Ferochi-invita-al-proceso-de-postulacion-al-Cuerpo-de-Jurados.jpg","width":750,"height":389},{"@type":"BreadcrumbList","@id":"https:\/\/diarioellabrador.cl\/index.php\/2025\/05\/29\/gerencia-deportiva-de-ferochi-invita-al-proceso-de-postulacion-al-cuerpo-de-jurados\/#breadcrumb","itemListElement":[{"@type":"ListItem","position":1,"name":"Portada","item":"https:\/\/diarioellabrador.cl\/"},{"@type":"ListItem","position":2,"name":"Gerencia Deportiva de Ferochi invita al proceso de postulaci\u00f3n al Cuerpo de Jurados"}]},{"@type":"WebSite","@id":"https:\/\/diarioellabrador.cl\/#website","url":"https:\/\/diarioellabrador.cl\/","name":"Diario El Labrador","description":"Haciendo noticia desde 1921","publisher":{"@id":"https:\/\/diarioellabrador.cl\/#organization"},"potentialAction":[{"@type":"SearchAction","target":{"@type":"EntryPoint","urlTemplate":"https:\/\/diarioellabrador.cl\/?s={search_term_string}"},"query-input":{"@type":"PropertyValueSpecification","valueRequired":true,"valueName":"search_term_string"}}],"inLanguage":"es"},{"@type":"Organization","@id":"https:\/\/diarioellabrador.cl\/#organization","name":"Diario El Labrador","url":"https:\/\/diarioellabrador.cl\/","logo":{"@type":"ImageObject","inLanguage":"es","@id":"https:\/\/diarioellabrador.cl\/#\/schema\/logo\/image\/","url":"https:\/\/diarioellabrador.cl\/wp-content\/uploads\/2025\/02\/cropped-Logo-Icono.png","contentUrl":"https:\/\/diarioellabrador.cl\/wp-content\/uploads\/2025\/02\/cropped-Logo-Icono.png","width":512,"height":512,"caption":"Diario El Labrador"},"image":{"@id":"https:\/\/diarioellabrador.cl\/#\/schema\/logo\/image\/"},"sameAs":["https:\/\/web.facebook.com\/profile.php?id=61576120840621","https:\/\/x.com\/ElLabradorOf","https:\/\/www.instagram.com\/diarioellabradoroficial\/"]},{"@type":"Person","@id":"https:\/\/diarioellabrador.cl\/#\/schema\/person\/bc25ff80b4563f9c7f4bd7855df01685","name":"Editor","image":{"@type":"ImageObject","inLanguage":"es","@id":"https:\/\/secure.gravatar.com\/avatar\/109c326cf2be5c04f048c2c2a2b8b6ef44bf3d8d1d3d4c55d0ac40c4bc994684?s=96&d=mm&r=g","url":"https:\/\/secure.gravatar.com\/avatar\/109c326cf2be5c04f048c2c2a2b8b6ef44bf3d8d1d3d4c55d0ac40c4bc994684?s=96&d=mm&r=g","contentUrl":"https:\/\/secure.gravatar.com\/avatar\/109c326cf2be5c04f048c2c2a2b8b6ef44bf3d8d1d3d4c55d0ac40c4bc994684?s=96&d=mm&r=g","caption":"Editor"},"url":"https:\/\/diarioellabrador.cl\/index.php\/author\/editor\/"}]}},"_links":{"self":[{"href":"https:\/\/diarioellabrador.cl\/index.php\/wp-json\/wp\/v2\/posts\/3327","targetHints":{"allow":["GET"]}}],"collection":[{"href":"https:\/\/diarioellabrador.cl\/index.php\/wp-json\/wp\/v2\/posts"}],"about":[{"href":"https:\/\/diarioellabrador.cl\/index.php\/wp-json\/wp\/v2\/types\/post"}],"author":[{"embeddable":true,"href":"https:\/\/diarioellabrador.cl\/index.php\/wp-json\/wp\/v2\/users\/2"}],"replies":[{"embeddable":true,"href":"https:\/\/diarioellabrador.cl\/index.php\/wp-json\/wp\/v2\/comments?post=3327"}],"version-history":[{"count":1,"href":"https:\/\/diarioellabrador.cl\/index.php\/wp-json\/wp\/v2\/posts\/3327\/revisions"}],"predecessor-version":[{"id":3328,"href":"https:\/\/diarioellabrador.cl\/index.php\/wp-json\/wp\/v2\/posts\/3327\/revisions\/3328"}],"wp:featuredmedia":[{"embeddable":true,"href":"https:\/\/diarioellabrador.cl\/index.php\/wp-json\/wp\/v2\/media\/3317"}],"wp:attachment":[{"href":"https:\/\/diarioellabrador.cl\/index.php\/wp-json\/wp\/v2\/media?parent=3327"}],"wp:term":[{"taxonomy":"category","embeddable":true,"href":"https:\/\/diarioellabrador.cl\/index.php\/wp-json\/wp\/v2\/categories?post=3327"},{"taxonomy":"post_tag","embeddable":true,"href":"https:\/\/diarioellabrador.cl\/index.php\/wp-json\/wp\/v2\/tags?post=3327"}],"curies":[{"name":"wp","href":"https:\/\/api.w.org\/{rel}","templated":true}]}}