{"id":3256,"date":"2025-05-27T18:14:24","date_gmt":"2025-05-27T22:14:24","guid":{"rendered":"https:\/\/diarioellabrador.cl\/?p=3256"},"modified":"2025-05-27T18:14:24","modified_gmt":"2025-05-27T22:14:24","slug":"ley-que-regula-los-narcofunerales-entra-en-vigor-este-miercoles","status":"publish","type":"post","link":"https:\/\/diarioellabrador.cl\/index.php\/2025\/05\/27\/ley-que-regula-los-narcofunerales-entra-en-vigor-este-miercoles\/","title":{"rendered":"Ley que regula los \u00abnarcofunerales\u00bb entra en vigor este mi\u00e9rcoles"},"content":{"rendered":"\n<p><strong><em>La legislaci\u00f3n busca \u00abdar tranquilidad a las personas\u00bb y asegurar que estos ritos se realicen \u00absin alterar la seguridad y el orden p\u00fablico\u00bb, explic\u00f3 el ministro Luis Cordero.<\/em><\/strong><\/p>\n\n\n\n<p><strong><em>Se establece tambi\u00e9n que \u00abdeber\u00e1n ejecutarse dentro del plazo de 24 horas de una vez notificada la resoluci\u00f3n por parte del delegado presidencial\u00bb.<\/em><\/strong><\/p>\n\n\n\n<p>A partir de este mi\u00e9rcoles,<strong> Chile contar\u00e1 con una nueva <\/strong><a href=\"https:\/\/www.cooperativa.cl\/noticias\/pais\/policial\/gobierno-promulga-ley-que-regula-los-narcofunerales-en-que-consiste\/2024-11-20\/161802.html\" target=\"_blank\" rel=\"noreferrer noopener\"><strong>legislaci\u00f3n para regular los funerales calificados como de alto riesgo<\/strong><\/a>, conocidos tambi\u00e9n como \u00abnarcofunerales\u00bb.<\/p>\n\n\n\n<p>La normativa, que surge en respuesta a eventos conflictivos como funerales de personas vinculadas al narcotr\u00e1fico, busca<strong> \u00abdar tranquilidad a las personas\u00bb y asegurar que estos ritos se realicen \u00absin alterar la seguridad y el orden p\u00fablico\u00bb<\/strong>, explic\u00f3 el ministro de Seguridad P\u00fablica, <strong>Luis Cordero<\/strong>.<\/p>\n\n\n\n<p>Seg\u00fan afirm\u00f3 la autoridad, uno de los prop\u00f3sitos centrales de la ley es evitar que esas ceremonias \u00abse utilicen como <strong>mecanismo de enaltecimiento del crimen o los delitos que detr\u00e1s de \u00e9l se encuentran establecidos<\/strong>\u00ab.<\/p>\n\n\n\n<p>En detalle, la ley establece un plazo clave: los funerales de riesgo -dijo Cordero- \u00ab<strong>deber\u00e1n ejecutarse dentro del plazo de 24 horas<\/strong> de una vez notificada la resoluci\u00f3n por parte del delegado presidencial\u00bb.<\/p>\n\n\n\n<p>Este plazo <strong>abarca la totalidad del <\/strong><a href=\"https:\/\/www.cooperativa.cl\/noticias\/pais\/policial\/alcalde-de-pudahuel-y-funeral-de-el-martillo-el-estado-debe-actuar\/2025-05-15\/131929.html\" target=\"_blank\" rel=\"noreferrer noopener\"><strong>proceso funerario<\/strong><\/a>, incluyendo la inscripci\u00f3n de defunci\u00f3n en el Registro Civil, la identificaci\u00f3n del fallecido y su traslado desde el lugar del deceso (o el Servicio M\u00e9dico Legal) hasta el lugar de sepultaci\u00f3n o cremaci\u00f3n.<\/p>\n\n\n\n<p>La normativa tambi\u00e9n contempla medidas para aumentar el control durante estos eventos. Se permitir\u00e1 realizar controles de identidad e incluso<strong> impedir el ingreso de personas que est\u00e9n bajo la influencia del alcohol o de las drogas<\/strong> en cementerios, crematorios o durante los traslados.<\/p>\n\n\n\n<figure class=\"wp-block-image size-full\"><img loading=\"lazy\" decoding=\"async\" width=\"1024\" height=\"683\" src=\"https:\/\/diarioellabrador.cl\/wp-content\/uploads\/2025\/05\/Ley-que-regula-los-narcofunerales-entra-en-vigor-este-miercoles1.jpg\" alt=\"\" class=\"wp-image-3231\" srcset=\"https:\/\/diarioellabrador.cl\/wp-content\/uploads\/2025\/05\/Ley-que-regula-los-narcofunerales-entra-en-vigor-este-miercoles1.jpg 1024w, https:\/\/diarioellabrador.cl\/wp-content\/uploads\/2025\/05\/Ley-que-regula-los-narcofunerales-entra-en-vigor-este-miercoles1-300x200.jpg 300w, https:\/\/diarioellabrador.cl\/wp-content\/uploads\/2025\/05\/Ley-que-regula-los-narcofunerales-entra-en-vigor-este-miercoles1-768x512.jpg 768w, https:\/\/diarioellabrador.cl\/wp-content\/uploads\/2025\/05\/Ley-que-regula-los-narcofunerales-entra-en-vigor-este-miercoles1-800x534.jpg 800w, https:\/\/diarioellabrador.cl\/wp-content\/uploads\/2025\/05\/Ley-que-regula-los-narcofunerales-entra-en-vigor-este-miercoles1-600x400.jpg 600w, https:\/\/diarioellabrador.cl\/wp-content\/uploads\/2025\/05\/Ley-que-regula-los-narcofunerales-entra-en-vigor-este-miercoles1-400x267.jpg 400w\" sizes=\"auto, (max-width: 1024px) 100vw, 1024px\" \/><\/figure>\n\n\n\n<h2 class=\"wp-block-heading\"><strong><em><u>El despliegue de Carabineros<\/u><\/em><\/strong><\/h2>\n\n\n\n<p>La legislaci\u00f3n fue destacada por el <strong>general director de Carabineros<\/strong>, <strong>Marcelo Araya<\/strong>, asegurando que \u00ab<strong>viene a fortalecer este este proceso<\/strong>\u00bb de control y detallando que <a href=\"https:\/\/www.cooperativa.cl\/noticias\/pais\/policial\/gobierno-promulga-ley-que-regula-los-narcofunerales-en-que-consiste\/2024-11-20\/161802.html\" target=\"_blank\" rel=\"noreferrer noopener\">estos funerales&nbsp;<\/a><strong>contar\u00e1n un promedio de \u00ab35 a 40 carabineros\u00bb desplegados<\/strong> para fortalecer la seguridad de la ciudadan\u00eda.<\/p>\n\n\n\n<p>\u00ab<strong>Est\u00e1 orientado a darle seguridad a todas las personas<\/strong> que est\u00e1n, que de una u otra manera se vinculan en esto, y por supuesto evitar todo lo que sea la comisi\u00f3n de il\u00edcitos\u00bb, puntualiz\u00f3 el l\u00edder policial.<\/p>\n\n\n\n<p>Seg\u00fan se revel\u00f3, quienes incumplan las restricciones impuestas por esta ley <strong>enfrentar\u00e1n consecuencias significativas<\/strong>. La normativa fija sanciones con penas de presidio menor en su grado medio, que van desde los 541 d\u00edas hasta 3 a\u00f1os y un d\u00eda de c\u00e1rcel.<\/p>\n\n\n\n<p>Adem\u00e1s, se establecen multas que pueden alcanzar las 20 unidades tributarias mensuales (UTM).<\/p>\n\n\n\n<p>La implementaci\u00f3n de esta ley se basa en estad\u00edsticas recientes que reflejan la magnitud del problema. Desde mayo de 2019, <strong>se han registrado 2.438 funerales calificados de riesgo<\/strong>, con 169.968 controles preventivos realizados, 1.610 personas detenidas en este contexto y un despliegue total de 136.633 carabineros en los operativos.<\/p>\n\n\n\n<p>La nueva ley busca revertir estas situaciones y fortalecer el control sobre estos eventos.<\/p>\n","protected":false},"excerpt":{"rendered":"<p>La legislaci\u00f3n busca \u00abdar tranquilidad a las personas\u00bb y asegurar que estos ritos se realicen \u00absin alterar la seguridad y el orden p\u00fablico\u00bb, explic\u00f3 el ministro Luis Cordero. Se establece tambi\u00e9n que \u00abdeber\u00e1n ejecutarse dentro del plazo de 24 horas de una vez notificada la resoluci\u00f3n por parte del delegado presidencial\u00bb. A partir de este<\/p>\n<div class=\"read-more-wrapper\"><a class=\"read-more\" href=\"https:\/\/diarioellabrador.cl\/index.php\/2025\/05\/27\/ley-que-regula-los-narcofunerales-entra-en-vigor-este-miercoles\/\" title=\"Leer m\u00e1s\"> <span class=\"button \">Leer m\u00e1s<\/span><\/a><\/div>\n","protected":false},"author":2,"featured_media":3230,"comment_status":"open","ping_status":"open","sticky":false,"template":"","format":"standard","meta":{"footnotes":""},"categories":[1],"tags":[],"class_list":["post-3256","post","type-post","status-publish","format-standard","has-post-thumbnail","hentry","category-cronica"],"yoast_head":"<!-- This site is optimized with the Yoast SEO plugin v27.5 - https:\/\/yoast.com\/product\/yoast-seo-wordpress\/ -->\n<title>Ley que regula los &quot;narcofunerales&quot; entra en vigor este mi\u00e9rcoles - Diario El Labrador<\/title>\n<meta name=\"robots\" content=\"index, follow, max-snippet:-1, max-image-preview:large, max-video-preview:-1\" \/>\n<link rel=\"canonical\" href=\"https:\/\/diarioellabrador.cl\/index.php\/2025\/05\/27\/ley-que-regula-los-narcofunerales-entra-en-vigor-este-miercoles\/\" \/>\n<meta property=\"og:locale\" content=\"es_ES\" \/>\n<meta property=\"og:type\" content=\"article\" \/>\n<meta property=\"og:title\" content=\"Ley que regula los &quot;narcofunerales&quot; entra en vigor este mi\u00e9rcoles - Diario El Labrador\" \/>\n<meta property=\"og:description\" content=\"La legislaci\u00f3n busca \u00abdar tranquilidad a las personas\u00bb y asegurar que estos ritos se realicen \u00absin alterar la seguridad y el orden p\u00fablico\u00bb, explic\u00f3 el ministro Luis Cordero. Se establece tambi\u00e9n que \u00abdeber\u00e1n ejecutarse dentro del plazo de 24 horas de una vez notificada la resoluci\u00f3n por parte del delegado presidencial\u00bb. A partir de este Leer m\u00e1s\" \/>\n<meta property=\"og:url\" content=\"https:\/\/diarioellabrador.cl\/index.php\/2025\/05\/27\/ley-que-regula-los-narcofunerales-entra-en-vigor-este-miercoles\/\" \/>\n<meta property=\"og:site_name\" content=\"Diario El Labrador\" \/>\n<meta property=\"article:publisher\" content=\"https:\/\/web.facebook.com\/profile.php?id=61576120840621\" \/>\n<meta property=\"article:published_time\" content=\"2025-05-27T22:14:24+00:00\" \/>\n<meta property=\"og:image\" content=\"https:\/\/diarioellabrador.cl\/wp-content\/uploads\/2025\/05\/Ley-que-regula-los-narcofunerales-entra-en-vigor-este-miercoles.jpg\" \/>\n\t<meta property=\"og:image:width\" content=\"710\" \/>\n\t<meta property=\"og:image:height\" content=\"399\" \/>\n\t<meta property=\"og:image:type\" content=\"image\/jpeg\" \/>\n<meta name=\"author\" content=\"Editor\" \/>\n<meta name=\"twitter:card\" content=\"summary_large_image\" \/>\n<meta name=\"twitter:creator\" content=\"@ElLabradorOf\" \/>\n<meta name=\"twitter:site\" content=\"@ElLabradorOf\" \/>\n<meta name=\"twitter:label1\" content=\"Escrito por\" \/>\n\t<meta name=\"twitter:data1\" content=\"Editor\" \/>\n\t<meta name=\"twitter:label2\" content=\"Tiempo de lectura\" \/>\n\t<meta name=\"twitter:data2\" content=\"3 minutos\" \/>\n<script type=\"application\/ld+json\" class=\"yoast-schema-graph\">{\"@context\":\"https:\\\/\\\/schema.org\",\"@graph\":[{\"@type\":\"Article\",\"@id\":\"https:\\\/\\\/diarioellabrador.cl\\\/index.php\\\/2025\\\/05\\\/27\\\/ley-que-regula-los-narcofunerales-entra-en-vigor-este-miercoles\\\/#article\",\"isPartOf\":{\"@id\":\"https:\\\/\\\/diarioellabrador.cl\\\/index.php\\\/2025\\\/05\\\/27\\\/ley-que-regula-los-narcofunerales-entra-en-vigor-este-miercoles\\\/\"},\"author\":{\"name\":\"Editor\",\"@id\":\"https:\\\/\\\/diarioellabrador.cl\\\/#\\\/schema\\\/person\\\/bc25ff80b4563f9c7f4bd7855df01685\"},\"headline\":\"Ley que regula los \u00abnarcofunerales\u00bb entra en vigor este mi\u00e9rcoles\",\"datePublished\":\"2025-05-27T22:14:24+00:00\",\"mainEntityOfPage\":{\"@id\":\"https:\\\/\\\/diarioellabrador.cl\\\/index.php\\\/2025\\\/05\\\/27\\\/ley-que-regula-los-narcofunerales-entra-en-vigor-este-miercoles\\\/\"},\"wordCount\":513,\"commentCount\":0,\"publisher\":{\"@id\":\"https:\\\/\\\/diarioellabrador.cl\\\/#organization\"},\"image\":{\"@id\":\"https:\\\/\\\/diarioellabrador.cl\\\/index.php\\\/2025\\\/05\\\/27\\\/ley-que-regula-los-narcofunerales-entra-en-vigor-este-miercoles\\\/#primaryimage\"},\"thumbnailUrl\":\"https:\\\/\\\/diarioellabrador.cl\\\/wp-content\\\/uploads\\\/2025\\\/05\\\/Ley-que-regula-los-narcofunerales-entra-en-vigor-este-miercoles.jpg\",\"articleSection\":[\"Cr\u00f3nica\"],\"inLanguage\":\"es\",\"potentialAction\":[{\"@type\":\"CommentAction\",\"name\":\"Comment\",\"target\":[\"https:\\\/\\\/diarioellabrador.cl\\\/index.php\\\/2025\\\/05\\\/27\\\/ley-que-regula-los-narcofunerales-entra-en-vigor-este-miercoles\\\/#respond\"]}]},{\"@type\":\"WebPage\",\"@id\":\"https:\\\/\\\/diarioellabrador.cl\\\/index.php\\\/2025\\\/05\\\/27\\\/ley-que-regula-los-narcofunerales-entra-en-vigor-este-miercoles\\\/\",\"url\":\"https:\\\/\\\/diarioellabrador.cl\\\/index.php\\\/2025\\\/05\\\/27\\\/ley-que-regula-los-narcofunerales-entra-en-vigor-este-miercoles\\\/\",\"name\":\"Ley que regula los \\\"narcofunerales\\\" entra en vigor este mi\u00e9rcoles - Diario El Labrador\",\"isPartOf\":{\"@id\":\"https:\\\/\\\/diarioellabrador.cl\\\/#website\"},\"primaryImageOfPage\":{\"@id\":\"https:\\\/\\\/diarioellabrador.cl\\\/index.php\\\/2025\\\/05\\\/27\\\/ley-que-regula-los-narcofunerales-entra-en-vigor-este-miercoles\\\/#primaryimage\"},\"image\":{\"@id\":\"https:\\\/\\\/diarioellabrador.cl\\\/index.php\\\/2025\\\/05\\\/27\\\/ley-que-regula-los-narcofunerales-entra-en-vigor-este-miercoles\\\/#primaryimage\"},\"thumbnailUrl\":\"https:\\\/\\\/diarioellabrador.cl\\\/wp-content\\\/uploads\\\/2025\\\/05\\\/Ley-que-regula-los-narcofunerales-entra-en-vigor-este-miercoles.jpg\",\"datePublished\":\"2025-05-27T22:14:24+00:00\",\"breadcrumb\":{\"@id\":\"https:\\\/\\\/diarioellabrador.cl\\\/index.php\\\/2025\\\/05\\\/27\\\/ley-que-regula-los-narcofunerales-entra-en-vigor-este-miercoles\\\/#breadcrumb\"},\"inLanguage\":\"es\",\"potentialAction\":[{\"@type\":\"ReadAction\",\"target\":[\"https:\\\/\\\/diarioellabrador.cl\\\/index.php\\\/2025\\\/05\\\/27\\\/ley-que-regula-los-narcofunerales-entra-en-vigor-este-miercoles\\\/\"]}]},{\"@type\":\"ImageObject\",\"inLanguage\":\"es\",\"@id\":\"https:\\\/\\\/diarioellabrador.cl\\\/index.php\\\/2025\\\/05\\\/27\\\/ley-que-regula-los-narcofunerales-entra-en-vigor-este-miercoles\\\/#primaryimage\",\"url\":\"https:\\\/\\\/diarioellabrador.cl\\\/wp-content\\\/uploads\\\/2025\\\/05\\\/Ley-que-regula-los-narcofunerales-entra-en-vigor-este-miercoles.jpg\",\"contentUrl\":\"https:\\\/\\\/diarioellabrador.cl\\\/wp-content\\\/uploads\\\/2025\\\/05\\\/Ley-que-regula-los-narcofunerales-entra-en-vigor-este-miercoles.jpg\",\"width\":710,\"height\":399},{\"@type\":\"BreadcrumbList\",\"@id\":\"https:\\\/\\\/diarioellabrador.cl\\\/index.php\\\/2025\\\/05\\\/27\\\/ley-que-regula-los-narcofunerales-entra-en-vigor-este-miercoles\\\/#breadcrumb\",\"itemListElement\":[{\"@type\":\"ListItem\",\"position\":1,\"name\":\"Portada\",\"item\":\"https:\\\/\\\/diarioellabrador.cl\\\/\"},{\"@type\":\"ListItem\",\"position\":2,\"name\":\"Ley que regula los \u00abnarcofunerales\u00bb entra en vigor este mi\u00e9rcoles\"}]},{\"@type\":\"WebSite\",\"@id\":\"https:\\\/\\\/diarioellabrador.cl\\\/#website\",\"url\":\"https:\\\/\\\/diarioellabrador.cl\\\/\",\"name\":\"Diario El Labrador\",\"description\":\"Haciendo noticia desde 1921\",\"publisher\":{\"@id\":\"https:\\\/\\\/diarioellabrador.cl\\\/#organization\"},\"potentialAction\":[{\"@type\":\"SearchAction\",\"target\":{\"@type\":\"EntryPoint\",\"urlTemplate\":\"https:\\\/\\\/diarioellabrador.cl\\\/?s={search_term_string}\"},\"query-input\":{\"@type\":\"PropertyValueSpecification\",\"valueRequired\":true,\"valueName\":\"search_term_string\"}}],\"inLanguage\":\"es\"},{\"@type\":\"Organization\",\"@id\":\"https:\\\/\\\/diarioellabrador.cl\\\/#organization\",\"name\":\"Diario El Labrador\",\"url\":\"https:\\\/\\\/diarioellabrador.cl\\\/\",\"logo\":{\"@type\":\"ImageObject\",\"inLanguage\":\"es\",\"@id\":\"https:\\\/\\\/diarioellabrador.cl\\\/#\\\/schema\\\/logo\\\/image\\\/\",\"url\":\"https:\\\/\\\/diarioellabrador.cl\\\/wp-content\\\/uploads\\\/2025\\\/02\\\/cropped-Logo-Icono.png\",\"contentUrl\":\"https:\\\/\\\/diarioellabrador.cl\\\/wp-content\\\/uploads\\\/2025\\\/02\\\/cropped-Logo-Icono.png\",\"width\":512,\"height\":512,\"caption\":\"Diario El Labrador\"},\"image\":{\"@id\":\"https:\\\/\\\/diarioellabrador.cl\\\/#\\\/schema\\\/logo\\\/image\\\/\"},\"sameAs\":[\"https:\\\/\\\/web.facebook.com\\\/profile.php?id=61576120840621\",\"https:\\\/\\\/x.com\\\/ElLabradorOf\",\"https:\\\/\\\/www.instagram.com\\\/diarioellabradoroficial\\\/\"]},{\"@type\":\"Person\",\"@id\":\"https:\\\/\\\/diarioellabrador.cl\\\/#\\\/schema\\\/person\\\/bc25ff80b4563f9c7f4bd7855df01685\",\"name\":\"Editor\",\"image\":{\"@type\":\"ImageObject\",\"inLanguage\":\"es\",\"@id\":\"https:\\\/\\\/secure.gravatar.com\\\/avatar\\\/109c326cf2be5c04f048c2c2a2b8b6ef44bf3d8d1d3d4c55d0ac40c4bc994684?s=96&d=mm&r=g\",\"url\":\"https:\\\/\\\/secure.gravatar.com\\\/avatar\\\/109c326cf2be5c04f048c2c2a2b8b6ef44bf3d8d1d3d4c55d0ac40c4bc994684?s=96&d=mm&r=g\",\"contentUrl\":\"https:\\\/\\\/secure.gravatar.com\\\/avatar\\\/109c326cf2be5c04f048c2c2a2b8b6ef44bf3d8d1d3d4c55d0ac40c4bc994684?s=96&d=mm&r=g\",\"caption\":\"Editor\"},\"url\":\"https:\\\/\\\/diarioellabrador.cl\\\/index.php\\\/author\\\/editor\\\/\"}]}<\/script>\n<!-- \/ Yoast SEO plugin. -->","yoast_head_json":{"title":"Ley que regula los \"narcofunerales\" entra en vigor este mi\u00e9rcoles - Diario El Labrador","robots":{"index":"index","follow":"follow","max-snippet":"max-snippet:-1","max-image-preview":"max-image-preview:large","max-video-preview":"max-video-preview:-1"},"canonical":"https:\/\/diarioellabrador.cl\/index.php\/2025\/05\/27\/ley-que-regula-los-narcofunerales-entra-en-vigor-este-miercoles\/","og_locale":"es_ES","og_type":"article","og_title":"Ley que regula los \"narcofunerales\" entra en vigor este mi\u00e9rcoles - Diario El Labrador","og_description":"La legislaci\u00f3n busca \u00abdar tranquilidad a las personas\u00bb y asegurar que estos ritos se realicen \u00absin alterar la seguridad y el orden p\u00fablico\u00bb, explic\u00f3 el ministro Luis Cordero. Se establece tambi\u00e9n que \u00abdeber\u00e1n ejecutarse dentro del plazo de 24 horas de una vez notificada la resoluci\u00f3n por parte del delegado presidencial\u00bb. A partir de este Leer m\u00e1s","og_url":"https:\/\/diarioellabrador.cl\/index.php\/2025\/05\/27\/ley-que-regula-los-narcofunerales-entra-en-vigor-este-miercoles\/","og_site_name":"Diario El Labrador","article_publisher":"https:\/\/web.facebook.com\/profile.php?id=61576120840621","article_published_time":"2025-05-27T22:14:24+00:00","og_image":[{"width":710,"height":399,"url":"https:\/\/diarioellabrador.cl\/wp-content\/uploads\/2025\/05\/Ley-que-regula-los-narcofunerales-entra-en-vigor-este-miercoles.jpg","type":"image\/jpeg"}],"author":"Editor","twitter_card":"summary_large_image","twitter_creator":"@ElLabradorOf","twitter_site":"@ElLabradorOf","twitter_misc":{"Escrito por":"Editor","Tiempo de lectura":"3 minutos"},"schema":{"@context":"https:\/\/schema.org","@graph":[{"@type":"Article","@id":"https:\/\/diarioellabrador.cl\/index.php\/2025\/05\/27\/ley-que-regula-los-narcofunerales-entra-en-vigor-este-miercoles\/#article","isPartOf":{"@id":"https:\/\/diarioellabrador.cl\/index.php\/2025\/05\/27\/ley-que-regula-los-narcofunerales-entra-en-vigor-este-miercoles\/"},"author":{"name":"Editor","@id":"https:\/\/diarioellabrador.cl\/#\/schema\/person\/bc25ff80b4563f9c7f4bd7855df01685"},"headline":"Ley que regula los \u00abnarcofunerales\u00bb entra en vigor este mi\u00e9rcoles","datePublished":"2025-05-27T22:14:24+00:00","mainEntityOfPage":{"@id":"https:\/\/diarioellabrador.cl\/index.php\/2025\/05\/27\/ley-que-regula-los-narcofunerales-entra-en-vigor-este-miercoles\/"},"wordCount":513,"commentCount":0,"publisher":{"@id":"https:\/\/diarioellabrador.cl\/#organization"},"image":{"@id":"https:\/\/diarioellabrador.cl\/index.php\/2025\/05\/27\/ley-que-regula-los-narcofunerales-entra-en-vigor-este-miercoles\/#primaryimage"},"thumbnailUrl":"https:\/\/diarioellabrador.cl\/wp-content\/uploads\/2025\/05\/Ley-que-regula-los-narcofunerales-entra-en-vigor-este-miercoles.jpg","articleSection":["Cr\u00f3nica"],"inLanguage":"es","potentialAction":[{"@type":"CommentAction","name":"Comment","target":["https:\/\/diarioellabrador.cl\/index.php\/2025\/05\/27\/ley-que-regula-los-narcofunerales-entra-en-vigor-este-miercoles\/#respond"]}]},{"@type":"WebPage","@id":"https:\/\/diarioellabrador.cl\/index.php\/2025\/05\/27\/ley-que-regula-los-narcofunerales-entra-en-vigor-este-miercoles\/","url":"https:\/\/diarioellabrador.cl\/index.php\/2025\/05\/27\/ley-que-regula-los-narcofunerales-entra-en-vigor-este-miercoles\/","name":"Ley que regula los \"narcofunerales\" entra en vigor este mi\u00e9rcoles - Diario El Labrador","isPartOf":{"@id":"https:\/\/diarioellabrador.cl\/#website"},"primaryImageOfPage":{"@id":"https:\/\/diarioellabrador.cl\/index.php\/2025\/05\/27\/ley-que-regula-los-narcofunerales-entra-en-vigor-este-miercoles\/#primaryimage"},"image":{"@id":"https:\/\/diarioellabrador.cl\/index.php\/2025\/05\/27\/ley-que-regula-los-narcofunerales-entra-en-vigor-este-miercoles\/#primaryimage"},"thumbnailUrl":"https:\/\/diarioellabrador.cl\/wp-content\/uploads\/2025\/05\/Ley-que-regula-los-narcofunerales-entra-en-vigor-este-miercoles.jpg","datePublished":"2025-05-27T22:14:24+00:00","breadcrumb":{"@id":"https:\/\/diarioellabrador.cl\/index.php\/2025\/05\/27\/ley-que-regula-los-narcofunerales-entra-en-vigor-este-miercoles\/#breadcrumb"},"inLanguage":"es","potentialAction":[{"@type":"ReadAction","target":["https:\/\/diarioellabrador.cl\/index.php\/2025\/05\/27\/ley-que-regula-los-narcofunerales-entra-en-vigor-este-miercoles\/"]}]},{"@type":"ImageObject","inLanguage":"es","@id":"https:\/\/diarioellabrador.cl\/index.php\/2025\/05\/27\/ley-que-regula-los-narcofunerales-entra-en-vigor-este-miercoles\/#primaryimage","url":"https:\/\/diarioellabrador.cl\/wp-content\/uploads\/2025\/05\/Ley-que-regula-los-narcofunerales-entra-en-vigor-este-miercoles.jpg","contentUrl":"https:\/\/diarioellabrador.cl\/wp-content\/uploads\/2025\/05\/Ley-que-regula-los-narcofunerales-entra-en-vigor-este-miercoles.jpg","width":710,"height":399},{"@type":"BreadcrumbList","@id":"https:\/\/diarioellabrador.cl\/index.php\/2025\/05\/27\/ley-que-regula-los-narcofunerales-entra-en-vigor-este-miercoles\/#breadcrumb","itemListElement":[{"@type":"ListItem","position":1,"name":"Portada","item":"https:\/\/diarioellabrador.cl\/"},{"@type":"ListItem","position":2,"name":"Ley que regula los \u00abnarcofunerales\u00bb entra en vigor este mi\u00e9rcoles"}]},{"@type":"WebSite","@id":"https:\/\/diarioellabrador.cl\/#website","url":"https:\/\/diarioellabrador.cl\/","name":"Diario El Labrador","description":"Haciendo noticia desde 1921","publisher":{"@id":"https:\/\/diarioellabrador.cl\/#organization"},"potentialAction":[{"@type":"SearchAction","target":{"@type":"EntryPoint","urlTemplate":"https:\/\/diarioellabrador.cl\/?s={search_term_string}"},"query-input":{"@type":"PropertyValueSpecification","valueRequired":true,"valueName":"search_term_string"}}],"inLanguage":"es"},{"@type":"Organization","@id":"https:\/\/diarioellabrador.cl\/#organization","name":"Diario El Labrador","url":"https:\/\/diarioellabrador.cl\/","logo":{"@type":"ImageObject","inLanguage":"es","@id":"https:\/\/diarioellabrador.cl\/#\/schema\/logo\/image\/","url":"https:\/\/diarioellabrador.cl\/wp-content\/uploads\/2025\/02\/cropped-Logo-Icono.png","contentUrl":"https:\/\/diarioellabrador.cl\/wp-content\/uploads\/2025\/02\/cropped-Logo-Icono.png","width":512,"height":512,"caption":"Diario El Labrador"},"image":{"@id":"https:\/\/diarioellabrador.cl\/#\/schema\/logo\/image\/"},"sameAs":["https:\/\/web.facebook.com\/profile.php?id=61576120840621","https:\/\/x.com\/ElLabradorOf","https:\/\/www.instagram.com\/diarioellabradoroficial\/"]},{"@type":"Person","@id":"https:\/\/diarioellabrador.cl\/#\/schema\/person\/bc25ff80b4563f9c7f4bd7855df01685","name":"Editor","image":{"@type":"ImageObject","inLanguage":"es","@id":"https:\/\/secure.gravatar.com\/avatar\/109c326cf2be5c04f048c2c2a2b8b6ef44bf3d8d1d3d4c55d0ac40c4bc994684?s=96&d=mm&r=g","url":"https:\/\/secure.gravatar.com\/avatar\/109c326cf2be5c04f048c2c2a2b8b6ef44bf3d8d1d3d4c55d0ac40c4bc994684?s=96&d=mm&r=g","contentUrl":"https:\/\/secure.gravatar.com\/avatar\/109c326cf2be5c04f048c2c2a2b8b6ef44bf3d8d1d3d4c55d0ac40c4bc994684?s=96&d=mm&r=g","caption":"Editor"},"url":"https:\/\/diarioellabrador.cl\/index.php\/author\/editor\/"}]}},"_links":{"self":[{"href":"https:\/\/diarioellabrador.cl\/index.php\/wp-json\/wp\/v2\/posts\/3256","targetHints":{"allow":["GET"]}}],"collection":[{"href":"https:\/\/diarioellabrador.cl\/index.php\/wp-json\/wp\/v2\/posts"}],"about":[{"href":"https:\/\/diarioellabrador.cl\/index.php\/wp-json\/wp\/v2\/types\/post"}],"author":[{"embeddable":true,"href":"https:\/\/diarioellabrador.cl\/index.php\/wp-json\/wp\/v2\/users\/2"}],"replies":[{"embeddable":true,"href":"https:\/\/diarioellabrador.cl\/index.php\/wp-json\/wp\/v2\/comments?post=3256"}],"version-history":[{"count":1,"href":"https:\/\/diarioellabrador.cl\/index.php\/wp-json\/wp\/v2\/posts\/3256\/revisions"}],"predecessor-version":[{"id":3257,"href":"https:\/\/diarioellabrador.cl\/index.php\/wp-json\/wp\/v2\/posts\/3256\/revisions\/3257"}],"wp:featuredmedia":[{"embeddable":true,"href":"https:\/\/diarioellabrador.cl\/index.php\/wp-json\/wp\/v2\/media\/3230"}],"wp:attachment":[{"href":"https:\/\/diarioellabrador.cl\/index.php\/wp-json\/wp\/v2\/media?parent=3256"}],"wp:term":[{"taxonomy":"category","embeddable":true,"href":"https:\/\/diarioellabrador.cl\/index.php\/wp-json\/wp\/v2\/categories?post=3256"},{"taxonomy":"post_tag","embeddable":true,"href":"https:\/\/diarioellabrador.cl\/index.php\/wp-json\/wp\/v2\/tags?post=3256"}],"curies":[{"name":"wp","href":"https:\/\/api.w.org\/{rel}","templated":true}]}}