{"id":3198,"date":"2025-05-26T19:01:05","date_gmt":"2025-05-26T23:01:05","guid":{"rendered":"https:\/\/diarioellabrador.cl\/?p=3198"},"modified":"2025-05-26T19:01:06","modified_gmt":"2025-05-26T23:01:06","slug":"encuentro-con-mujeres-sindicalistas-abrio-dialogo-sobre-las-herramientas-del-estado-para-mejorar-el-mundo-del-trabajo","status":"publish","type":"post","link":"https:\/\/diarioellabrador.cl\/index.php\/2025\/05\/26\/encuentro-con-mujeres-sindicalistas-abrio-dialogo-sobre-las-herramientas-del-estado-para-mejorar-el-mundo-del-trabajo\/","title":{"rendered":"Encuentro con mujeres sindicalistas abri\u00f3 dialogo sobre las herramientas del estado para mejorar el mundo del trabajo"},"content":{"rendered":"\n<ul class=\"wp-block-list\">\n<li><em>La actividad fue organizada por Sence Metropolitano, ISL y la Seremia del Trabajo y Previsi\u00f3n Social.<\/em><\/li>\n<\/ul>\n\n\n\n<p>En el auditorio Clotario Blest del Ministerio del Trabajo y Previsi\u00f3n Social, la Mesa de G\u00e9nero de Sence Metropolitano, junto con Instituto de Seguridad Laboral (ISL) y la Secretaria Regional Ministerial del Trabajo y Previsi\u00f3n Social, realizaron jornada informativa para las mujeres sindicales denominada: \u201cMujeres Transformando el Mundo del Trabajo\u201d.<\/p>\n\n\n\n<p>La actividad que consider\u00f3 el aumento sostenido de la sindicalizaci\u00f3n femenina, pero el estancamiento en la dirigencia de las mujeres se enmarc\u00f3 en las acciones conmemorativas del mes del Trabajador. Tuvo por objetivo fortalecer los liderazgos de las mujeres dirigentes, entregando conocimiento de las herramientas del Estado para mejorar las condiciones de trabajo y las competencias y habilidades de las asociadas a sindicatos.<\/p>\n\n\n\n<p>En el encuentro se realizaron tres presentaciones a los asistentes; \u201cDerechos Humanos, G\u00e9nero y Vinculaci\u00f3n con el trabajo decente\u201d, por Camila Santiago, profesional de la Unidad de Transversalizaci\u00f3n de G\u00e9nero de Sence; \u201cSeguridad y Salud en el Trabajo con Perspectiva de G\u00e9nero\u201d, a cargo de Claudia Ballesteros, encargada de G\u00e9nero del Instituto de Seguridad Laboral ISL y Franquicia Tributaria por Maria Isabel Guerrero, encargada Unidad Capacitaci\u00f3n a Empresas de Sence Metropolitano. Al finalizar cada ponencia, se dio espacio para las preguntas de la audiencia.<\/p>\n\n\n\n<p>Alejandro Fern\u00e1ndez director de Sence Metropolitano, subray\u00f3 que \u201cdesde Sence valoramos la realizaci\u00f3n de este encuentro que convoc\u00f3 a mujeres sindicalistas. Gracias a la articulaci\u00f3n de tres servicios p\u00fablicos, con ellas se dialog\u00f3 y se les entreg\u00f3 informaci\u00f3n sobre normativas de g\u00e9nero y seguridad laboral, adem\u00e1s de herramientas como la Franquicia Tributaria Sence, que permite ampliar la cobertura en capacitaci\u00f3n existente, gracias a la alianza p\u00fablico -privada. Como servicio continuaremos realizando acciones que busquen el dialogo abierto de los representantes del Estado con la comunidad, con el fin de robustecer la gesti\u00f3n sindical de las mujeres\u201d.<\/p>\n\n\n\n<p>&nbsp;La directora nacional del ISL Aida Chac\u00f3n presente en el encuentro, destac\u00f3 que \u201cel foco de esta reuni\u00f3n fue precisamente conversar sobre el rol transformador de las mujeres desde la dirigencia y los liderazgos. Creemos que las mujeres han realizado cambios hist\u00f3ricos en el desarrollo del movimiento sindical y queremos que tengan todas las herramientas que les permita ser a\u00fan m\u00e1s fuertes, lograr mejores condiciones para las y los trabajadores, no son s\u00f3lo condiciones para las mujeres, sino que las mujeres sindicalistas consiguen mejores condiciones para todas y todos los trabajadores\u201d.<\/p>\n\n\n\n<figure class=\"wp-block-image size-large\"><img loading=\"lazy\" decoding=\"async\" width=\"1024\" height=\"576\" src=\"https:\/\/diarioellabrador.cl\/wp-content\/uploads\/2025\/05\/COMUNICADO-ENCUENTRO-MUJERES-SINDICALISTAS-1-1024x576.jpg\" alt=\"\" class=\"wp-image-3163\" srcset=\"https:\/\/diarioellabrador.cl\/wp-content\/uploads\/2025\/05\/COMUNICADO-ENCUENTRO-MUJERES-SINDICALISTAS-1-1024x576.jpg 1024w, https:\/\/diarioellabrador.cl\/wp-content\/uploads\/2025\/05\/COMUNICADO-ENCUENTRO-MUJERES-SINDICALISTAS-1-300x169.jpg 300w, https:\/\/diarioellabrador.cl\/wp-content\/uploads\/2025\/05\/COMUNICADO-ENCUENTRO-MUJERES-SINDICALISTAS-1-768x432.jpg 768w, https:\/\/diarioellabrador.cl\/wp-content\/uploads\/2025\/05\/COMUNICADO-ENCUENTRO-MUJERES-SINDICALISTAS-1-1536x864.jpg 1536w, https:\/\/diarioellabrador.cl\/wp-content\/uploads\/2025\/05\/COMUNICADO-ENCUENTRO-MUJERES-SINDICALISTAS-1-2048x1152.jpg 2048w, https:\/\/diarioellabrador.cl\/wp-content\/uploads\/2025\/05\/COMUNICADO-ENCUENTRO-MUJERES-SINDICALISTAS-1-800x450.jpg 800w, https:\/\/diarioellabrador.cl\/wp-content\/uploads\/2025\/05\/COMUNICADO-ENCUENTRO-MUJERES-SINDICALISTAS-1-600x338.jpg 600w, https:\/\/diarioellabrador.cl\/wp-content\/uploads\/2025\/05\/COMUNICADO-ENCUENTRO-MUJERES-SINDICALISTAS-1-400x225.jpg 400w\" sizes=\"auto, (max-width: 1024px) 100vw, 1024px\" \/><\/figure>\n\n\n\n<p>Por su parte, Andr\u00e9s Arce, seremi del Trabajo Metropolitano puntualiz\u00f3 que \u201cesta actividad viene a relevar el liderazgo femenino en la organizaci\u00f3n sindical. Desde las instituciones organizadoras, hemos hecho un llamado a las mujeres para que sigan participando activamente, no s\u00f3lo de la fuerza de laboral, sino que tambi\u00e9n de la dirigencia sindical, con el objetivo de mejorar las condiciones de sus trabajos y la calidad de vida de sus familias. La participaci\u00f3n de Sence en este encuentro ha sido clave, ya que nos ha estado contando de los beneficios y derechos de los trabajadores para capacitarse en los diversos lugares de trabajo\u201d.<\/p>\n\n\n\n<p>Esta actividad logr\u00f3 que se instalara un di\u00e1logo entre los sindicatos del mundo privado y p\u00fablico encabezados por mujeres y representantes de instituciones p\u00fablicas dependientes del Ministerio del Trabajo, lo que permite pr\u00f3ximamente proyectar nuevos encuentros.<\/p>\n","protected":false},"excerpt":{"rendered":"<p>En el auditorio Clotario Blest del Ministerio del Trabajo y Previsi\u00f3n Social, la Mesa de G\u00e9nero de Sence Metropolitano, junto con Instituto de Seguridad Laboral (ISL) y la Secretaria Regional Ministerial del Trabajo y Previsi\u00f3n Social, realizaron jornada informativa para las mujeres sindicales denominada: \u201cMujeres Transformando el Mundo del Trabajo\u201d. La actividad que consider\u00f3 el<\/p>\n<div class=\"read-more-wrapper\"><a class=\"read-more\" href=\"https:\/\/diarioellabrador.cl\/index.php\/2025\/05\/26\/encuentro-con-mujeres-sindicalistas-abrio-dialogo-sobre-las-herramientas-del-estado-para-mejorar-el-mundo-del-trabajo\/\" title=\"Leer m\u00e1s\"> <span class=\"button \">Leer m\u00e1s<\/span><\/a><\/div>\n","protected":false},"author":2,"featured_media":3164,"comment_status":"open","ping_status":"open","sticky":false,"template":"","format":"standard","meta":{"footnotes":""},"categories":[1],"tags":[],"class_list":["post-3198","post","type-post","status-publish","format-standard","has-post-thumbnail","hentry","category-cronica"],"yoast_head":"<!-- This site is optimized with the Yoast SEO plugin v27.5 - https:\/\/yoast.com\/product\/yoast-seo-wordpress\/ -->\n<title>Encuentro con mujeres sindicalistas abri\u00f3 dialogo sobre las herramientas del estado para mejorar el mundo del trabajo - Diario El Labrador<\/title>\n<meta name=\"robots\" content=\"index, follow, max-snippet:-1, max-image-preview:large, max-video-preview:-1\" \/>\n<link rel=\"canonical\" href=\"https:\/\/diarioellabrador.cl\/index.php\/2025\/05\/26\/encuentro-con-mujeres-sindicalistas-abrio-dialogo-sobre-las-herramientas-del-estado-para-mejorar-el-mundo-del-trabajo\/\" \/>\n<meta property=\"og:locale\" content=\"es_ES\" \/>\n<meta property=\"og:type\" content=\"article\" \/>\n<meta property=\"og:title\" content=\"Encuentro con mujeres sindicalistas abri\u00f3 dialogo sobre las herramientas del estado para mejorar el mundo del trabajo - Diario El Labrador\" \/>\n<meta property=\"og:description\" content=\"En el auditorio Clotario Blest del Ministerio del Trabajo y Previsi\u00f3n Social, la Mesa de G\u00e9nero de Sence Metropolitano, junto con Instituto de Seguridad Laboral (ISL) y la Secretaria Regional Ministerial del Trabajo y Previsi\u00f3n Social, realizaron jornada informativa para las mujeres sindicales denominada: \u201cMujeres Transformando el Mundo del Trabajo\u201d. La actividad que consider\u00f3 el Leer m\u00e1s\" \/>\n<meta property=\"og:url\" content=\"https:\/\/diarioellabrador.cl\/index.php\/2025\/05\/26\/encuentro-con-mujeres-sindicalistas-abrio-dialogo-sobre-las-herramientas-del-estado-para-mejorar-el-mundo-del-trabajo\/\" \/>\n<meta property=\"og:site_name\" content=\"Diario El Labrador\" \/>\n<meta property=\"article:publisher\" content=\"https:\/\/web.facebook.com\/profile.php?id=61576120840621\" \/>\n<meta property=\"article:published_time\" content=\"2025-05-26T23:01:05+00:00\" \/>\n<meta property=\"article:modified_time\" content=\"2025-05-26T23:01:06+00:00\" \/>\n<meta property=\"og:image\" content=\"https:\/\/diarioellabrador.cl\/wp-content\/uploads\/2025\/05\/COMUNICADO-ENCUENTRO-MUJERES-SINDICALISTAS-2-scaled.jpg\" \/>\n\t<meta property=\"og:image:width\" content=\"2560\" \/>\n\t<meta property=\"og:image:height\" content=\"1920\" \/>\n\t<meta property=\"og:image:type\" content=\"image\/jpeg\" \/>\n<meta name=\"author\" content=\"Editor\" \/>\n<meta name=\"twitter:card\" content=\"summary_large_image\" \/>\n<meta name=\"twitter:creator\" content=\"@ElLabradorOf\" \/>\n<meta name=\"twitter:site\" content=\"@ElLabradorOf\" \/>\n<meta name=\"twitter:label1\" content=\"Escrito por\" \/>\n\t<meta name=\"twitter:data1\" content=\"Editor\" \/>\n\t<meta name=\"twitter:label2\" content=\"Tiempo de lectura\" \/>\n\t<meta name=\"twitter:data2\" content=\"3 minutos\" \/>\n<script type=\"application\/ld+json\" class=\"yoast-schema-graph\">{\"@context\":\"https:\\\/\\\/schema.org\",\"@graph\":[{\"@type\":\"Article\",\"@id\":\"https:\\\/\\\/diarioellabrador.cl\\\/index.php\\\/2025\\\/05\\\/26\\\/encuentro-con-mujeres-sindicalistas-abrio-dialogo-sobre-las-herramientas-del-estado-para-mejorar-el-mundo-del-trabajo\\\/#article\",\"isPartOf\":{\"@id\":\"https:\\\/\\\/diarioellabrador.cl\\\/index.php\\\/2025\\\/05\\\/26\\\/encuentro-con-mujeres-sindicalistas-abrio-dialogo-sobre-las-herramientas-del-estado-para-mejorar-el-mundo-del-trabajo\\\/\"},\"author\":{\"name\":\"Editor\",\"@id\":\"https:\\\/\\\/diarioellabrador.cl\\\/#\\\/schema\\\/person\\\/bc25ff80b4563f9c7f4bd7855df01685\"},\"headline\":\"Encuentro con mujeres sindicalistas abri\u00f3 dialogo sobre las herramientas del estado para mejorar el mundo del trabajo\",\"datePublished\":\"2025-05-26T23:01:05+00:00\",\"dateModified\":\"2025-05-26T23:01:06+00:00\",\"mainEntityOfPage\":{\"@id\":\"https:\\\/\\\/diarioellabrador.cl\\\/index.php\\\/2025\\\/05\\\/26\\\/encuentro-con-mujeres-sindicalistas-abrio-dialogo-sobre-las-herramientas-del-estado-para-mejorar-el-mundo-del-trabajo\\\/\"},\"wordCount\":594,\"commentCount\":0,\"publisher\":{\"@id\":\"https:\\\/\\\/diarioellabrador.cl\\\/#organization\"},\"image\":{\"@id\":\"https:\\\/\\\/diarioellabrador.cl\\\/index.php\\\/2025\\\/05\\\/26\\\/encuentro-con-mujeres-sindicalistas-abrio-dialogo-sobre-las-herramientas-del-estado-para-mejorar-el-mundo-del-trabajo\\\/#primaryimage\"},\"thumbnailUrl\":\"https:\\\/\\\/diarioellabrador.cl\\\/wp-content\\\/uploads\\\/2025\\\/05\\\/COMUNICADO-ENCUENTRO-MUJERES-SINDICALISTAS-2-scaled.jpg\",\"articleSection\":[\"Cr\u00f3nica\"],\"inLanguage\":\"es\",\"potentialAction\":[{\"@type\":\"CommentAction\",\"name\":\"Comment\",\"target\":[\"https:\\\/\\\/diarioellabrador.cl\\\/index.php\\\/2025\\\/05\\\/26\\\/encuentro-con-mujeres-sindicalistas-abrio-dialogo-sobre-las-herramientas-del-estado-para-mejorar-el-mundo-del-trabajo\\\/#respond\"]}]},{\"@type\":\"WebPage\",\"@id\":\"https:\\\/\\\/diarioellabrador.cl\\\/index.php\\\/2025\\\/05\\\/26\\\/encuentro-con-mujeres-sindicalistas-abrio-dialogo-sobre-las-herramientas-del-estado-para-mejorar-el-mundo-del-trabajo\\\/\",\"url\":\"https:\\\/\\\/diarioellabrador.cl\\\/index.php\\\/2025\\\/05\\\/26\\\/encuentro-con-mujeres-sindicalistas-abrio-dialogo-sobre-las-herramientas-del-estado-para-mejorar-el-mundo-del-trabajo\\\/\",\"name\":\"Encuentro con mujeres sindicalistas abri\u00f3 dialogo sobre las herramientas del estado para mejorar el mundo del trabajo - Diario El Labrador\",\"isPartOf\":{\"@id\":\"https:\\\/\\\/diarioellabrador.cl\\\/#website\"},\"primaryImageOfPage\":{\"@id\":\"https:\\\/\\\/diarioellabrador.cl\\\/index.php\\\/2025\\\/05\\\/26\\\/encuentro-con-mujeres-sindicalistas-abrio-dialogo-sobre-las-herramientas-del-estado-para-mejorar-el-mundo-del-trabajo\\\/#primaryimage\"},\"image\":{\"@id\":\"https:\\\/\\\/diarioellabrador.cl\\\/index.php\\\/2025\\\/05\\\/26\\\/encuentro-con-mujeres-sindicalistas-abrio-dialogo-sobre-las-herramientas-del-estado-para-mejorar-el-mundo-del-trabajo\\\/#primaryimage\"},\"thumbnailUrl\":\"https:\\\/\\\/diarioellabrador.cl\\\/wp-content\\\/uploads\\\/2025\\\/05\\\/COMUNICADO-ENCUENTRO-MUJERES-SINDICALISTAS-2-scaled.jpg\",\"datePublished\":\"2025-05-26T23:01:05+00:00\",\"dateModified\":\"2025-05-26T23:01:06+00:00\",\"breadcrumb\":{\"@id\":\"https:\\\/\\\/diarioellabrador.cl\\\/index.php\\\/2025\\\/05\\\/26\\\/encuentro-con-mujeres-sindicalistas-abrio-dialogo-sobre-las-herramientas-del-estado-para-mejorar-el-mundo-del-trabajo\\\/#breadcrumb\"},\"inLanguage\":\"es\",\"potentialAction\":[{\"@type\":\"ReadAction\",\"target\":[\"https:\\\/\\\/diarioellabrador.cl\\\/index.php\\\/2025\\\/05\\\/26\\\/encuentro-con-mujeres-sindicalistas-abrio-dialogo-sobre-las-herramientas-del-estado-para-mejorar-el-mundo-del-trabajo\\\/\"]}]},{\"@type\":\"ImageObject\",\"inLanguage\":\"es\",\"@id\":\"https:\\\/\\\/diarioellabrador.cl\\\/index.php\\\/2025\\\/05\\\/26\\\/encuentro-con-mujeres-sindicalistas-abrio-dialogo-sobre-las-herramientas-del-estado-para-mejorar-el-mundo-del-trabajo\\\/#primaryimage\",\"url\":\"https:\\\/\\\/diarioellabrador.cl\\\/wp-content\\\/uploads\\\/2025\\\/05\\\/COMUNICADO-ENCUENTRO-MUJERES-SINDICALISTAS-2-scaled.jpg\",\"contentUrl\":\"https:\\\/\\\/diarioellabrador.cl\\\/wp-content\\\/uploads\\\/2025\\\/05\\\/COMUNICADO-ENCUENTRO-MUJERES-SINDICALISTAS-2-scaled.jpg\",\"width\":2560,\"height\":1920},{\"@type\":\"BreadcrumbList\",\"@id\":\"https:\\\/\\\/diarioellabrador.cl\\\/index.php\\\/2025\\\/05\\\/26\\\/encuentro-con-mujeres-sindicalistas-abrio-dialogo-sobre-las-herramientas-del-estado-para-mejorar-el-mundo-del-trabajo\\\/#breadcrumb\",\"itemListElement\":[{\"@type\":\"ListItem\",\"position\":1,\"name\":\"Portada\",\"item\":\"https:\\\/\\\/diarioellabrador.cl\\\/\"},{\"@type\":\"ListItem\",\"position\":2,\"name\":\"Encuentro con mujeres sindicalistas abri\u00f3 dialogo sobre las herramientas del estado para mejorar el mundo del trabajo\"}]},{\"@type\":\"WebSite\",\"@id\":\"https:\\\/\\\/diarioellabrador.cl\\\/#website\",\"url\":\"https:\\\/\\\/diarioellabrador.cl\\\/\",\"name\":\"Diario El Labrador\",\"description\":\"Haciendo noticia desde 1921\",\"publisher\":{\"@id\":\"https:\\\/\\\/diarioellabrador.cl\\\/#organization\"},\"potentialAction\":[{\"@type\":\"SearchAction\",\"target\":{\"@type\":\"EntryPoint\",\"urlTemplate\":\"https:\\\/\\\/diarioellabrador.cl\\\/?s={search_term_string}\"},\"query-input\":{\"@type\":\"PropertyValueSpecification\",\"valueRequired\":true,\"valueName\":\"search_term_string\"}}],\"inLanguage\":\"es\"},{\"@type\":\"Organization\",\"@id\":\"https:\\\/\\\/diarioellabrador.cl\\\/#organization\",\"name\":\"Diario El Labrador\",\"url\":\"https:\\\/\\\/diarioellabrador.cl\\\/\",\"logo\":{\"@type\":\"ImageObject\",\"inLanguage\":\"es\",\"@id\":\"https:\\\/\\\/diarioellabrador.cl\\\/#\\\/schema\\\/logo\\\/image\\\/\",\"url\":\"https:\\\/\\\/diarioellabrador.cl\\\/wp-content\\\/uploads\\\/2025\\\/02\\\/cropped-Logo-Icono.png\",\"contentUrl\":\"https:\\\/\\\/diarioellabrador.cl\\\/wp-content\\\/uploads\\\/2025\\\/02\\\/cropped-Logo-Icono.png\",\"width\":512,\"height\":512,\"caption\":\"Diario El Labrador\"},\"image\":{\"@id\":\"https:\\\/\\\/diarioellabrador.cl\\\/#\\\/schema\\\/logo\\\/image\\\/\"},\"sameAs\":[\"https:\\\/\\\/web.facebook.com\\\/profile.php?id=61576120840621\",\"https:\\\/\\\/x.com\\\/ElLabradorOf\",\"https:\\\/\\\/www.instagram.com\\\/diarioellabradoroficial\\\/\"]},{\"@type\":\"Person\",\"@id\":\"https:\\\/\\\/diarioellabrador.cl\\\/#\\\/schema\\\/person\\\/bc25ff80b4563f9c7f4bd7855df01685\",\"name\":\"Editor\",\"image\":{\"@type\":\"ImageObject\",\"inLanguage\":\"es\",\"@id\":\"https:\\\/\\\/secure.gravatar.com\\\/avatar\\\/109c326cf2be5c04f048c2c2a2b8b6ef44bf3d8d1d3d4c55d0ac40c4bc994684?s=96&d=mm&r=g\",\"url\":\"https:\\\/\\\/secure.gravatar.com\\\/avatar\\\/109c326cf2be5c04f048c2c2a2b8b6ef44bf3d8d1d3d4c55d0ac40c4bc994684?s=96&d=mm&r=g\",\"contentUrl\":\"https:\\\/\\\/secure.gravatar.com\\\/avatar\\\/109c326cf2be5c04f048c2c2a2b8b6ef44bf3d8d1d3d4c55d0ac40c4bc994684?s=96&d=mm&r=g\",\"caption\":\"Editor\"},\"url\":\"https:\\\/\\\/diarioellabrador.cl\\\/index.php\\\/author\\\/editor\\\/\"}]}<\/script>\n<!-- \/ Yoast SEO plugin. -->","yoast_head_json":{"title":"Encuentro con mujeres sindicalistas abri\u00f3 dialogo sobre las herramientas del estado para mejorar el mundo del trabajo - Diario El Labrador","robots":{"index":"index","follow":"follow","max-snippet":"max-snippet:-1","max-image-preview":"max-image-preview:large","max-video-preview":"max-video-preview:-1"},"canonical":"https:\/\/diarioellabrador.cl\/index.php\/2025\/05\/26\/encuentro-con-mujeres-sindicalistas-abrio-dialogo-sobre-las-herramientas-del-estado-para-mejorar-el-mundo-del-trabajo\/","og_locale":"es_ES","og_type":"article","og_title":"Encuentro con mujeres sindicalistas abri\u00f3 dialogo sobre las herramientas del estado para mejorar el mundo del trabajo - Diario El Labrador","og_description":"En el auditorio Clotario Blest del Ministerio del Trabajo y Previsi\u00f3n Social, la Mesa de G\u00e9nero de Sence Metropolitano, junto con Instituto de Seguridad Laboral (ISL) y la Secretaria Regional Ministerial del Trabajo y Previsi\u00f3n Social, realizaron jornada informativa para las mujeres sindicales denominada: \u201cMujeres Transformando el Mundo del Trabajo\u201d. La actividad que consider\u00f3 el Leer m\u00e1s","og_url":"https:\/\/diarioellabrador.cl\/index.php\/2025\/05\/26\/encuentro-con-mujeres-sindicalistas-abrio-dialogo-sobre-las-herramientas-del-estado-para-mejorar-el-mundo-del-trabajo\/","og_site_name":"Diario El Labrador","article_publisher":"https:\/\/web.facebook.com\/profile.php?id=61576120840621","article_published_time":"2025-05-26T23:01:05+00:00","article_modified_time":"2025-05-26T23:01:06+00:00","og_image":[{"width":2560,"height":1920,"url":"https:\/\/diarioellabrador.cl\/wp-content\/uploads\/2025\/05\/COMUNICADO-ENCUENTRO-MUJERES-SINDICALISTAS-2-scaled.jpg","type":"image\/jpeg"}],"author":"Editor","twitter_card":"summary_large_image","twitter_creator":"@ElLabradorOf","twitter_site":"@ElLabradorOf","twitter_misc":{"Escrito por":"Editor","Tiempo de lectura":"3 minutos"},"schema":{"@context":"https:\/\/schema.org","@graph":[{"@type":"Article","@id":"https:\/\/diarioellabrador.cl\/index.php\/2025\/05\/26\/encuentro-con-mujeres-sindicalistas-abrio-dialogo-sobre-las-herramientas-del-estado-para-mejorar-el-mundo-del-trabajo\/#article","isPartOf":{"@id":"https:\/\/diarioellabrador.cl\/index.php\/2025\/05\/26\/encuentro-con-mujeres-sindicalistas-abrio-dialogo-sobre-las-herramientas-del-estado-para-mejorar-el-mundo-del-trabajo\/"},"author":{"name":"Editor","@id":"https:\/\/diarioellabrador.cl\/#\/schema\/person\/bc25ff80b4563f9c7f4bd7855df01685"},"headline":"Encuentro con mujeres sindicalistas abri\u00f3 dialogo sobre las herramientas del estado para mejorar el mundo del trabajo","datePublished":"2025-05-26T23:01:05+00:00","dateModified":"2025-05-26T23:01:06+00:00","mainEntityOfPage":{"@id":"https:\/\/diarioellabrador.cl\/index.php\/2025\/05\/26\/encuentro-con-mujeres-sindicalistas-abrio-dialogo-sobre-las-herramientas-del-estado-para-mejorar-el-mundo-del-trabajo\/"},"wordCount":594,"commentCount":0,"publisher":{"@id":"https:\/\/diarioellabrador.cl\/#organization"},"image":{"@id":"https:\/\/diarioellabrador.cl\/index.php\/2025\/05\/26\/encuentro-con-mujeres-sindicalistas-abrio-dialogo-sobre-las-herramientas-del-estado-para-mejorar-el-mundo-del-trabajo\/#primaryimage"},"thumbnailUrl":"https:\/\/diarioellabrador.cl\/wp-content\/uploads\/2025\/05\/COMUNICADO-ENCUENTRO-MUJERES-SINDICALISTAS-2-scaled.jpg","articleSection":["Cr\u00f3nica"],"inLanguage":"es","potentialAction":[{"@type":"CommentAction","name":"Comment","target":["https:\/\/diarioellabrador.cl\/index.php\/2025\/05\/26\/encuentro-con-mujeres-sindicalistas-abrio-dialogo-sobre-las-herramientas-del-estado-para-mejorar-el-mundo-del-trabajo\/#respond"]}]},{"@type":"WebPage","@id":"https:\/\/diarioellabrador.cl\/index.php\/2025\/05\/26\/encuentro-con-mujeres-sindicalistas-abrio-dialogo-sobre-las-herramientas-del-estado-para-mejorar-el-mundo-del-trabajo\/","url":"https:\/\/diarioellabrador.cl\/index.php\/2025\/05\/26\/encuentro-con-mujeres-sindicalistas-abrio-dialogo-sobre-las-herramientas-del-estado-para-mejorar-el-mundo-del-trabajo\/","name":"Encuentro con mujeres sindicalistas abri\u00f3 dialogo sobre las herramientas del estado para mejorar el mundo del trabajo - Diario El Labrador","isPartOf":{"@id":"https:\/\/diarioellabrador.cl\/#website"},"primaryImageOfPage":{"@id":"https:\/\/diarioellabrador.cl\/index.php\/2025\/05\/26\/encuentro-con-mujeres-sindicalistas-abrio-dialogo-sobre-las-herramientas-del-estado-para-mejorar-el-mundo-del-trabajo\/#primaryimage"},"image":{"@id":"https:\/\/diarioellabrador.cl\/index.php\/2025\/05\/26\/encuentro-con-mujeres-sindicalistas-abrio-dialogo-sobre-las-herramientas-del-estado-para-mejorar-el-mundo-del-trabajo\/#primaryimage"},"thumbnailUrl":"https:\/\/diarioellabrador.cl\/wp-content\/uploads\/2025\/05\/COMUNICADO-ENCUENTRO-MUJERES-SINDICALISTAS-2-scaled.jpg","datePublished":"2025-05-26T23:01:05+00:00","dateModified":"2025-05-26T23:01:06+00:00","breadcrumb":{"@id":"https:\/\/diarioellabrador.cl\/index.php\/2025\/05\/26\/encuentro-con-mujeres-sindicalistas-abrio-dialogo-sobre-las-herramientas-del-estado-para-mejorar-el-mundo-del-trabajo\/#breadcrumb"},"inLanguage":"es","potentialAction":[{"@type":"ReadAction","target":["https:\/\/diarioellabrador.cl\/index.php\/2025\/05\/26\/encuentro-con-mujeres-sindicalistas-abrio-dialogo-sobre-las-herramientas-del-estado-para-mejorar-el-mundo-del-trabajo\/"]}]},{"@type":"ImageObject","inLanguage":"es","@id":"https:\/\/diarioellabrador.cl\/index.php\/2025\/05\/26\/encuentro-con-mujeres-sindicalistas-abrio-dialogo-sobre-las-herramientas-del-estado-para-mejorar-el-mundo-del-trabajo\/#primaryimage","url":"https:\/\/diarioellabrador.cl\/wp-content\/uploads\/2025\/05\/COMUNICADO-ENCUENTRO-MUJERES-SINDICALISTAS-2-scaled.jpg","contentUrl":"https:\/\/diarioellabrador.cl\/wp-content\/uploads\/2025\/05\/COMUNICADO-ENCUENTRO-MUJERES-SINDICALISTAS-2-scaled.jpg","width":2560,"height":1920},{"@type":"BreadcrumbList","@id":"https:\/\/diarioellabrador.cl\/index.php\/2025\/05\/26\/encuentro-con-mujeres-sindicalistas-abrio-dialogo-sobre-las-herramientas-del-estado-para-mejorar-el-mundo-del-trabajo\/#breadcrumb","itemListElement":[{"@type":"ListItem","position":1,"name":"Portada","item":"https:\/\/diarioellabrador.cl\/"},{"@type":"ListItem","position":2,"name":"Encuentro con mujeres sindicalistas abri\u00f3 dialogo sobre las herramientas del estado para mejorar el mundo del trabajo"}]},{"@type":"WebSite","@id":"https:\/\/diarioellabrador.cl\/#website","url":"https:\/\/diarioellabrador.cl\/","name":"Diario El Labrador","description":"Haciendo noticia desde 1921","publisher":{"@id":"https:\/\/diarioellabrador.cl\/#organization"},"potentialAction":[{"@type":"SearchAction","target":{"@type":"EntryPoint","urlTemplate":"https:\/\/diarioellabrador.cl\/?s={search_term_string}"},"query-input":{"@type":"PropertyValueSpecification","valueRequired":true,"valueName":"search_term_string"}}],"inLanguage":"es"},{"@type":"Organization","@id":"https:\/\/diarioellabrador.cl\/#organization","name":"Diario El Labrador","url":"https:\/\/diarioellabrador.cl\/","logo":{"@type":"ImageObject","inLanguage":"es","@id":"https:\/\/diarioellabrador.cl\/#\/schema\/logo\/image\/","url":"https:\/\/diarioellabrador.cl\/wp-content\/uploads\/2025\/02\/cropped-Logo-Icono.png","contentUrl":"https:\/\/diarioellabrador.cl\/wp-content\/uploads\/2025\/02\/cropped-Logo-Icono.png","width":512,"height":512,"caption":"Diario El Labrador"},"image":{"@id":"https:\/\/diarioellabrador.cl\/#\/schema\/logo\/image\/"},"sameAs":["https:\/\/web.facebook.com\/profile.php?id=61576120840621","https:\/\/x.com\/ElLabradorOf","https:\/\/www.instagram.com\/diarioellabradoroficial\/"]},{"@type":"Person","@id":"https:\/\/diarioellabrador.cl\/#\/schema\/person\/bc25ff80b4563f9c7f4bd7855df01685","name":"Editor","image":{"@type":"ImageObject","inLanguage":"es","@id":"https:\/\/secure.gravatar.com\/avatar\/109c326cf2be5c04f048c2c2a2b8b6ef44bf3d8d1d3d4c55d0ac40c4bc994684?s=96&d=mm&r=g","url":"https:\/\/secure.gravatar.com\/avatar\/109c326cf2be5c04f048c2c2a2b8b6ef44bf3d8d1d3d4c55d0ac40c4bc994684?s=96&d=mm&r=g","contentUrl":"https:\/\/secure.gravatar.com\/avatar\/109c326cf2be5c04f048c2c2a2b8b6ef44bf3d8d1d3d4c55d0ac40c4bc994684?s=96&d=mm&r=g","caption":"Editor"},"url":"https:\/\/diarioellabrador.cl\/index.php\/author\/editor\/"}]}},"_links":{"self":[{"href":"https:\/\/diarioellabrador.cl\/index.php\/wp-json\/wp\/v2\/posts\/3198","targetHints":{"allow":["GET"]}}],"collection":[{"href":"https:\/\/diarioellabrador.cl\/index.php\/wp-json\/wp\/v2\/posts"}],"about":[{"href":"https:\/\/diarioellabrador.cl\/index.php\/wp-json\/wp\/v2\/types\/post"}],"author":[{"embeddable":true,"href":"https:\/\/diarioellabrador.cl\/index.php\/wp-json\/wp\/v2\/users\/2"}],"replies":[{"embeddable":true,"href":"https:\/\/diarioellabrador.cl\/index.php\/wp-json\/wp\/v2\/comments?post=3198"}],"version-history":[{"count":1,"href":"https:\/\/diarioellabrador.cl\/index.php\/wp-json\/wp\/v2\/posts\/3198\/revisions"}],"predecessor-version":[{"id":3199,"href":"https:\/\/diarioellabrador.cl\/index.php\/wp-json\/wp\/v2\/posts\/3198\/revisions\/3199"}],"wp:featuredmedia":[{"embeddable":true,"href":"https:\/\/diarioellabrador.cl\/index.php\/wp-json\/wp\/v2\/media\/3164"}],"wp:attachment":[{"href":"https:\/\/diarioellabrador.cl\/index.php\/wp-json\/wp\/v2\/media?parent=3198"}],"wp:term":[{"taxonomy":"category","embeddable":true,"href":"https:\/\/diarioellabrador.cl\/index.php\/wp-json\/wp\/v2\/categories?post=3198"},{"taxonomy":"post_tag","embeddable":true,"href":"https:\/\/diarioellabrador.cl\/index.php\/wp-json\/wp\/v2\/tags?post=3198"}],"curies":[{"name":"wp","href":"https:\/\/api.w.org\/{rel}","templated":true}]}}