{"id":3184,"date":"2025-05-26T18:55:51","date_gmt":"2025-05-26T22:55:51","guid":{"rendered":"https:\/\/diarioellabrador.cl\/?p=3184"},"modified":"2025-05-26T18:55:53","modified_gmt":"2025-05-26T22:55:53","slug":"medialuna-monumental-de-rancagua-abrio-sus-puertas-en-el-dia-de-los-patrimonios","status":"publish","type":"post","link":"https:\/\/diarioellabrador.cl\/index.php\/2025\/05\/26\/medialuna-monumental-de-rancagua-abrio-sus-puertas-en-el-dia-de-los-patrimonios\/","title":{"rendered":"Medialuna Monumental de Rancagua abri\u00f3 sus puertas en el D\u00eda de los Patrimonios"},"content":{"rendered":"\n<p><strong>Autor: <\/strong><a href=\"https:\/\/www.caballoyrodeo.cl\/portal_rodeo\/site\/artic\/20240223\/pags\/20240223201413.html\">Alejandro Alegr\u00eda Torres<\/a><\/p>\n\n\n\n<p>La <strong>Federaci\u00f3n del Rodeo Chileno <\/strong>realiz\u00f3 este s\u00e1bado un <a href=\"https:\/\/www.diadelospatrimonios.cl\/actividad\/caballos-oficios-y-cuecas-en-la-medialuna-monumental-de-rancagua\"><strong>recorrido gratuito<\/strong><\/a><strong> por las dependencias de la<\/strong> <strong>Medialuna Monumental \u00abGonzalo Vial Vial\u00bb de Rancagua<\/strong>, en el <a href=\"https:\/\/www.diadelospatrimonios.cl\/\"><strong>D\u00eda de los Patrimonios Culturales 2025<\/strong><\/a><strong>.<\/strong> Jornada a la que asistieron centenares de familias, las cuales pudieron conocer distintos espacios del tradicional recinto corralero.<\/p>\n\n\n\n<p>El recorrido cont\u00f3 con cuatro etapas. La primera se efectu\u00f3 en el picadero, en donde el arreglador <strong>Gonzalo Mardones<\/strong>, realiz\u00f3 una demostraci\u00f3n de los aperos que se utilizan en la preparaci\u00f3n del caballo chileno. Despu\u00e9s se mostr\u00f3 algunas etapas del trabajo de los caballos, como el topeo, el galope y la postura.<\/p>\n\n\n\n<p>La segunda etapa fue en las gradas de la medialuna, en donde la chamantera <strong>Nicole Cantillana<\/strong> explic\u00f3 su oficio patrimonial, contando el hermoso trabajo que s realiza tradicionalmente para la elaboraci\u00f3n de mantas y chamantos.<\/p>\n\n\n\n<p>En la tercera parte del recorrido los asistentes tuvieron la oportunidad de ingresar a la cancha de la Monumental de Rancagua, pudiendo conocer el t\u00fanel y la famosa \u00abtierra amarilla\u00bb, en donde a\u00f1o a a\u00f1o compiten las mejores colleras del pa\u00eds en el Champion de Chile.<\/p>\n\n\n\n<p>Por \u00faltimo, la cuarta estaci\u00f3n se realiz\u00f3 frente a los monolitos de los grandes arregladores del rodeo chileno, en donde el conjunto <strong>Talento Cuequero de Quinta de Tilcoco<\/strong> ense\u00f1\u00f3 la cueca los pasos de la cueca chilena e invit\u00f3 a bailar al p\u00fablico a disfrutar de nuestra danza nacional.<\/p>\n\n\n\n<p><strong>Claudio Aravena Flores<\/strong>, tesorero de la Ferochi, coment\u00f3 a <strong>Caballoyrodeo.cl<\/strong>: \u00abLa Federaci\u00f3n del Rodeo Chileno est\u00e1 muy feliz de abrirle las puertas a la comunidad en el D\u00eda del Patrimonio. Nosotros queremos que la &#8216;casa del huaso&#8217;, la casa del Rodeo, que es la Medialuna Monumental &#8216;Gonzalo Vial Vial&#8217;, est\u00e9 abierta para toda la comunidad. Y hoy partimos, recibiendo a la gente\u00bb.<\/p>\n\n\n\n<p>\u00abEste s\u00e1bado tuvimos tres circuitos en los cuales les mostramos el caballo chileno, el d\u00eda a d\u00eda del huaso, mostr\u00e1ndoles los cuidados que tenemos con el caballo, y el trabajo que se hace d\u00eda a d\u00eda con el caballo. Luego de eso les mostramos un oficio ligado al rodeo. Nos acompa\u00f1\u00f3 una chamantera, Nicole, que es de generaci\u00f3n de chamanteras, y mostr\u00f3 en detalle su oficio\u00bb, agreg\u00f3.<\/p>\n\n\n\n<p>\u00abJunto con eso, la gente ingres\u00f3 a la medialuna, pas\u00f3 por nuestro t\u00fanel, sinti\u00e9ndose como los jinetes del Campeonato Nacional. Y para terminar, hubo una cl\u00ednica de nuestro baile nacional. No hay campe\u00f3n del rodeo sin bailar la cueca y eso es lo que queremos transmitir, que el rodeo es un deporte, pero tambi\u00e9n es tradici\u00f3n y hoy es patrimonio\u00bb, cerr\u00f3.<\/p>\n","protected":false},"excerpt":{"rendered":"<p>Autor: Alejandro Alegr\u00eda Torres La Federaci\u00f3n del Rodeo Chileno realiz\u00f3 este s\u00e1bado un recorrido gratuito por las dependencias de la Medialuna Monumental \u00abGonzalo Vial Vial\u00bb de Rancagua, en el D\u00eda de los Patrimonios Culturales 2025. Jornada a la que asistieron centenares de familias, las cuales pudieron conocer distintos espacios del tradicional recinto corralero. El recorrido<\/p>\n<div class=\"read-more-wrapper\"><a class=\"read-more\" href=\"https:\/\/diarioellabrador.cl\/index.php\/2025\/05\/26\/medialuna-monumental-de-rancagua-abrio-sus-puertas-en-el-dia-de-los-patrimonios\/\" title=\"Leer m\u00e1s\"> <span class=\"button \">Leer m\u00e1s<\/span><\/a><\/div>\n","protected":false},"author":2,"featured_media":3168,"comment_status":"open","ping_status":"open","sticky":false,"template":"","format":"standard","meta":{"footnotes":""},"categories":[5],"tags":[],"class_list":["post-3184","post","type-post","status-publish","format-standard","has-post-thumbnail","hentry","category-rodeo"],"yoast_head":"<!-- This site is optimized with the Yoast SEO plugin v27.5 - https:\/\/yoast.com\/product\/yoast-seo-wordpress\/ -->\n<title>Medialuna Monumental de Rancagua abri\u00f3 sus puertas en el D\u00eda de los Patrimonios - Diario El Labrador<\/title>\n<meta name=\"robots\" content=\"index, follow, max-snippet:-1, max-image-preview:large, max-video-preview:-1\" \/>\n<link rel=\"canonical\" href=\"https:\/\/diarioellabrador.cl\/index.php\/2025\/05\/26\/medialuna-monumental-de-rancagua-abrio-sus-puertas-en-el-dia-de-los-patrimonios\/\" \/>\n<meta property=\"og:locale\" content=\"es_ES\" \/>\n<meta property=\"og:type\" content=\"article\" \/>\n<meta property=\"og:title\" content=\"Medialuna Monumental de Rancagua abri\u00f3 sus puertas en el D\u00eda de los Patrimonios - Diario El Labrador\" \/>\n<meta property=\"og:description\" content=\"Autor: Alejandro Alegr\u00eda Torres La Federaci\u00f3n del Rodeo Chileno realiz\u00f3 este s\u00e1bado un recorrido gratuito por las dependencias de la Medialuna Monumental \u00abGonzalo Vial Vial\u00bb de Rancagua, en el D\u00eda de los Patrimonios Culturales 2025. Jornada a la que asistieron centenares de familias, las cuales pudieron conocer distintos espacios del tradicional recinto corralero. El recorrido Leer m\u00e1s\" \/>\n<meta property=\"og:url\" content=\"https:\/\/diarioellabrador.cl\/index.php\/2025\/05\/26\/medialuna-monumental-de-rancagua-abrio-sus-puertas-en-el-dia-de-los-patrimonios\/\" \/>\n<meta property=\"og:site_name\" content=\"Diario El Labrador\" \/>\n<meta property=\"article:publisher\" content=\"https:\/\/web.facebook.com\/profile.php?id=61576120840621\" \/>\n<meta property=\"article:published_time\" content=\"2025-05-26T22:55:51+00:00\" \/>\n<meta property=\"article:modified_time\" content=\"2025-05-26T22:55:53+00:00\" \/>\n<meta property=\"og:image\" content=\"https:\/\/diarioellabrador.cl\/wp-content\/uploads\/2025\/05\/Medialuna-Monumental-de-Rancagua-abrio-sus-puertas-en-el-Dia-de-los-Patrimonios.jpg\" \/>\n\t<meta property=\"og:image:width\" content=\"750\" \/>\n\t<meta property=\"og:image:height\" content=\"389\" \/>\n\t<meta property=\"og:image:type\" content=\"image\/jpeg\" \/>\n<meta name=\"author\" content=\"Editor\" \/>\n<meta name=\"twitter:card\" content=\"summary_large_image\" \/>\n<meta name=\"twitter:creator\" content=\"@ElLabradorOf\" \/>\n<meta name=\"twitter:site\" content=\"@ElLabradorOf\" \/>\n<meta name=\"twitter:label1\" content=\"Escrito por\" \/>\n\t<meta name=\"twitter:data1\" content=\"Editor\" \/>\n\t<meta name=\"twitter:label2\" content=\"Tiempo de lectura\" \/>\n\t<meta name=\"twitter:data2\" content=\"2 minutos\" \/>\n<script type=\"application\/ld+json\" class=\"yoast-schema-graph\">{\"@context\":\"https:\\\/\\\/schema.org\",\"@graph\":[{\"@type\":\"Article\",\"@id\":\"https:\\\/\\\/diarioellabrador.cl\\\/index.php\\\/2025\\\/05\\\/26\\\/medialuna-monumental-de-rancagua-abrio-sus-puertas-en-el-dia-de-los-patrimonios\\\/#article\",\"isPartOf\":{\"@id\":\"https:\\\/\\\/diarioellabrador.cl\\\/index.php\\\/2025\\\/05\\\/26\\\/medialuna-monumental-de-rancagua-abrio-sus-puertas-en-el-dia-de-los-patrimonios\\\/\"},\"author\":{\"name\":\"Editor\",\"@id\":\"https:\\\/\\\/diarioellabrador.cl\\\/#\\\/schema\\\/person\\\/bc25ff80b4563f9c7f4bd7855df01685\"},\"headline\":\"Medialuna Monumental de Rancagua abri\u00f3 sus puertas en el D\u00eda de los Patrimonios\",\"datePublished\":\"2025-05-26T22:55:51+00:00\",\"dateModified\":\"2025-05-26T22:55:53+00:00\",\"mainEntityOfPage\":{\"@id\":\"https:\\\/\\\/diarioellabrador.cl\\\/index.php\\\/2025\\\/05\\\/26\\\/medialuna-monumental-de-rancagua-abrio-sus-puertas-en-el-dia-de-los-patrimonios\\\/\"},\"wordCount\":468,\"commentCount\":0,\"publisher\":{\"@id\":\"https:\\\/\\\/diarioellabrador.cl\\\/#organization\"},\"image\":{\"@id\":\"https:\\\/\\\/diarioellabrador.cl\\\/index.php\\\/2025\\\/05\\\/26\\\/medialuna-monumental-de-rancagua-abrio-sus-puertas-en-el-dia-de-los-patrimonios\\\/#primaryimage\"},\"thumbnailUrl\":\"https:\\\/\\\/diarioellabrador.cl\\\/wp-content\\\/uploads\\\/2025\\\/05\\\/Medialuna-Monumental-de-Rancagua-abrio-sus-puertas-en-el-Dia-de-los-Patrimonios.jpg\",\"articleSection\":[\"Rodeo\"],\"inLanguage\":\"es\",\"potentialAction\":[{\"@type\":\"CommentAction\",\"name\":\"Comment\",\"target\":[\"https:\\\/\\\/diarioellabrador.cl\\\/index.php\\\/2025\\\/05\\\/26\\\/medialuna-monumental-de-rancagua-abrio-sus-puertas-en-el-dia-de-los-patrimonios\\\/#respond\"]}]},{\"@type\":\"WebPage\",\"@id\":\"https:\\\/\\\/diarioellabrador.cl\\\/index.php\\\/2025\\\/05\\\/26\\\/medialuna-monumental-de-rancagua-abrio-sus-puertas-en-el-dia-de-los-patrimonios\\\/\",\"url\":\"https:\\\/\\\/diarioellabrador.cl\\\/index.php\\\/2025\\\/05\\\/26\\\/medialuna-monumental-de-rancagua-abrio-sus-puertas-en-el-dia-de-los-patrimonios\\\/\",\"name\":\"Medialuna Monumental de Rancagua abri\u00f3 sus puertas en el D\u00eda de los Patrimonios - Diario El Labrador\",\"isPartOf\":{\"@id\":\"https:\\\/\\\/diarioellabrador.cl\\\/#website\"},\"primaryImageOfPage\":{\"@id\":\"https:\\\/\\\/diarioellabrador.cl\\\/index.php\\\/2025\\\/05\\\/26\\\/medialuna-monumental-de-rancagua-abrio-sus-puertas-en-el-dia-de-los-patrimonios\\\/#primaryimage\"},\"image\":{\"@id\":\"https:\\\/\\\/diarioellabrador.cl\\\/index.php\\\/2025\\\/05\\\/26\\\/medialuna-monumental-de-rancagua-abrio-sus-puertas-en-el-dia-de-los-patrimonios\\\/#primaryimage\"},\"thumbnailUrl\":\"https:\\\/\\\/diarioellabrador.cl\\\/wp-content\\\/uploads\\\/2025\\\/05\\\/Medialuna-Monumental-de-Rancagua-abrio-sus-puertas-en-el-Dia-de-los-Patrimonios.jpg\",\"datePublished\":\"2025-05-26T22:55:51+00:00\",\"dateModified\":\"2025-05-26T22:55:53+00:00\",\"breadcrumb\":{\"@id\":\"https:\\\/\\\/diarioellabrador.cl\\\/index.php\\\/2025\\\/05\\\/26\\\/medialuna-monumental-de-rancagua-abrio-sus-puertas-en-el-dia-de-los-patrimonios\\\/#breadcrumb\"},\"inLanguage\":\"es\",\"potentialAction\":[{\"@type\":\"ReadAction\",\"target\":[\"https:\\\/\\\/diarioellabrador.cl\\\/index.php\\\/2025\\\/05\\\/26\\\/medialuna-monumental-de-rancagua-abrio-sus-puertas-en-el-dia-de-los-patrimonios\\\/\"]}]},{\"@type\":\"ImageObject\",\"inLanguage\":\"es\",\"@id\":\"https:\\\/\\\/diarioellabrador.cl\\\/index.php\\\/2025\\\/05\\\/26\\\/medialuna-monumental-de-rancagua-abrio-sus-puertas-en-el-dia-de-los-patrimonios\\\/#primaryimage\",\"url\":\"https:\\\/\\\/diarioellabrador.cl\\\/wp-content\\\/uploads\\\/2025\\\/05\\\/Medialuna-Monumental-de-Rancagua-abrio-sus-puertas-en-el-Dia-de-los-Patrimonios.jpg\",\"contentUrl\":\"https:\\\/\\\/diarioellabrador.cl\\\/wp-content\\\/uploads\\\/2025\\\/05\\\/Medialuna-Monumental-de-Rancagua-abrio-sus-puertas-en-el-Dia-de-los-Patrimonios.jpg\",\"width\":750,\"height\":389},{\"@type\":\"BreadcrumbList\",\"@id\":\"https:\\\/\\\/diarioellabrador.cl\\\/index.php\\\/2025\\\/05\\\/26\\\/medialuna-monumental-de-rancagua-abrio-sus-puertas-en-el-dia-de-los-patrimonios\\\/#breadcrumb\",\"itemListElement\":[{\"@type\":\"ListItem\",\"position\":1,\"name\":\"Portada\",\"item\":\"https:\\\/\\\/diarioellabrador.cl\\\/\"},{\"@type\":\"ListItem\",\"position\":2,\"name\":\"Medialuna Monumental de Rancagua abri\u00f3 sus puertas en el D\u00eda de los Patrimonios\"}]},{\"@type\":\"WebSite\",\"@id\":\"https:\\\/\\\/diarioellabrador.cl\\\/#website\",\"url\":\"https:\\\/\\\/diarioellabrador.cl\\\/\",\"name\":\"Diario El Labrador\",\"description\":\"Haciendo noticia desde 1921\",\"publisher\":{\"@id\":\"https:\\\/\\\/diarioellabrador.cl\\\/#organization\"},\"potentialAction\":[{\"@type\":\"SearchAction\",\"target\":{\"@type\":\"EntryPoint\",\"urlTemplate\":\"https:\\\/\\\/diarioellabrador.cl\\\/?s={search_term_string}\"},\"query-input\":{\"@type\":\"PropertyValueSpecification\",\"valueRequired\":true,\"valueName\":\"search_term_string\"}}],\"inLanguage\":\"es\"},{\"@type\":\"Organization\",\"@id\":\"https:\\\/\\\/diarioellabrador.cl\\\/#organization\",\"name\":\"Diario El Labrador\",\"url\":\"https:\\\/\\\/diarioellabrador.cl\\\/\",\"logo\":{\"@type\":\"ImageObject\",\"inLanguage\":\"es\",\"@id\":\"https:\\\/\\\/diarioellabrador.cl\\\/#\\\/schema\\\/logo\\\/image\\\/\",\"url\":\"https:\\\/\\\/diarioellabrador.cl\\\/wp-content\\\/uploads\\\/2025\\\/02\\\/cropped-Logo-Icono.png\",\"contentUrl\":\"https:\\\/\\\/diarioellabrador.cl\\\/wp-content\\\/uploads\\\/2025\\\/02\\\/cropped-Logo-Icono.png\",\"width\":512,\"height\":512,\"caption\":\"Diario El Labrador\"},\"image\":{\"@id\":\"https:\\\/\\\/diarioellabrador.cl\\\/#\\\/schema\\\/logo\\\/image\\\/\"},\"sameAs\":[\"https:\\\/\\\/web.facebook.com\\\/profile.php?id=61576120840621\",\"https:\\\/\\\/x.com\\\/ElLabradorOf\",\"https:\\\/\\\/www.instagram.com\\\/diarioellabradoroficial\\\/\"]},{\"@type\":\"Person\",\"@id\":\"https:\\\/\\\/diarioellabrador.cl\\\/#\\\/schema\\\/person\\\/bc25ff80b4563f9c7f4bd7855df01685\",\"name\":\"Editor\",\"image\":{\"@type\":\"ImageObject\",\"inLanguage\":\"es\",\"@id\":\"https:\\\/\\\/secure.gravatar.com\\\/avatar\\\/109c326cf2be5c04f048c2c2a2b8b6ef44bf3d8d1d3d4c55d0ac40c4bc994684?s=96&d=mm&r=g\",\"url\":\"https:\\\/\\\/secure.gravatar.com\\\/avatar\\\/109c326cf2be5c04f048c2c2a2b8b6ef44bf3d8d1d3d4c55d0ac40c4bc994684?s=96&d=mm&r=g\",\"contentUrl\":\"https:\\\/\\\/secure.gravatar.com\\\/avatar\\\/109c326cf2be5c04f048c2c2a2b8b6ef44bf3d8d1d3d4c55d0ac40c4bc994684?s=96&d=mm&r=g\",\"caption\":\"Editor\"},\"url\":\"https:\\\/\\\/diarioellabrador.cl\\\/index.php\\\/author\\\/editor\\\/\"}]}<\/script>\n<!-- \/ Yoast SEO plugin. -->","yoast_head_json":{"title":"Medialuna Monumental de Rancagua abri\u00f3 sus puertas en el D\u00eda de los Patrimonios - Diario El Labrador","robots":{"index":"index","follow":"follow","max-snippet":"max-snippet:-1","max-image-preview":"max-image-preview:large","max-video-preview":"max-video-preview:-1"},"canonical":"https:\/\/diarioellabrador.cl\/index.php\/2025\/05\/26\/medialuna-monumental-de-rancagua-abrio-sus-puertas-en-el-dia-de-los-patrimonios\/","og_locale":"es_ES","og_type":"article","og_title":"Medialuna Monumental de Rancagua abri\u00f3 sus puertas en el D\u00eda de los Patrimonios - Diario El Labrador","og_description":"Autor: Alejandro Alegr\u00eda Torres La Federaci\u00f3n del Rodeo Chileno realiz\u00f3 este s\u00e1bado un recorrido gratuito por las dependencias de la Medialuna Monumental \u00abGonzalo Vial Vial\u00bb de Rancagua, en el D\u00eda de los Patrimonios Culturales 2025. Jornada a la que asistieron centenares de familias, las cuales pudieron conocer distintos espacios del tradicional recinto corralero. El recorrido Leer m\u00e1s","og_url":"https:\/\/diarioellabrador.cl\/index.php\/2025\/05\/26\/medialuna-monumental-de-rancagua-abrio-sus-puertas-en-el-dia-de-los-patrimonios\/","og_site_name":"Diario El Labrador","article_publisher":"https:\/\/web.facebook.com\/profile.php?id=61576120840621","article_published_time":"2025-05-26T22:55:51+00:00","article_modified_time":"2025-05-26T22:55:53+00:00","og_image":[{"width":750,"height":389,"url":"https:\/\/diarioellabrador.cl\/wp-content\/uploads\/2025\/05\/Medialuna-Monumental-de-Rancagua-abrio-sus-puertas-en-el-Dia-de-los-Patrimonios.jpg","type":"image\/jpeg"}],"author":"Editor","twitter_card":"summary_large_image","twitter_creator":"@ElLabradorOf","twitter_site":"@ElLabradorOf","twitter_misc":{"Escrito por":"Editor","Tiempo de lectura":"2 minutos"},"schema":{"@context":"https:\/\/schema.org","@graph":[{"@type":"Article","@id":"https:\/\/diarioellabrador.cl\/index.php\/2025\/05\/26\/medialuna-monumental-de-rancagua-abrio-sus-puertas-en-el-dia-de-los-patrimonios\/#article","isPartOf":{"@id":"https:\/\/diarioellabrador.cl\/index.php\/2025\/05\/26\/medialuna-monumental-de-rancagua-abrio-sus-puertas-en-el-dia-de-los-patrimonios\/"},"author":{"name":"Editor","@id":"https:\/\/diarioellabrador.cl\/#\/schema\/person\/bc25ff80b4563f9c7f4bd7855df01685"},"headline":"Medialuna Monumental de Rancagua abri\u00f3 sus puertas en el D\u00eda de los Patrimonios","datePublished":"2025-05-26T22:55:51+00:00","dateModified":"2025-05-26T22:55:53+00:00","mainEntityOfPage":{"@id":"https:\/\/diarioellabrador.cl\/index.php\/2025\/05\/26\/medialuna-monumental-de-rancagua-abrio-sus-puertas-en-el-dia-de-los-patrimonios\/"},"wordCount":468,"commentCount":0,"publisher":{"@id":"https:\/\/diarioellabrador.cl\/#organization"},"image":{"@id":"https:\/\/diarioellabrador.cl\/index.php\/2025\/05\/26\/medialuna-monumental-de-rancagua-abrio-sus-puertas-en-el-dia-de-los-patrimonios\/#primaryimage"},"thumbnailUrl":"https:\/\/diarioellabrador.cl\/wp-content\/uploads\/2025\/05\/Medialuna-Monumental-de-Rancagua-abrio-sus-puertas-en-el-Dia-de-los-Patrimonios.jpg","articleSection":["Rodeo"],"inLanguage":"es","potentialAction":[{"@type":"CommentAction","name":"Comment","target":["https:\/\/diarioellabrador.cl\/index.php\/2025\/05\/26\/medialuna-monumental-de-rancagua-abrio-sus-puertas-en-el-dia-de-los-patrimonios\/#respond"]}]},{"@type":"WebPage","@id":"https:\/\/diarioellabrador.cl\/index.php\/2025\/05\/26\/medialuna-monumental-de-rancagua-abrio-sus-puertas-en-el-dia-de-los-patrimonios\/","url":"https:\/\/diarioellabrador.cl\/index.php\/2025\/05\/26\/medialuna-monumental-de-rancagua-abrio-sus-puertas-en-el-dia-de-los-patrimonios\/","name":"Medialuna Monumental de Rancagua abri\u00f3 sus puertas en el D\u00eda de los Patrimonios - Diario El Labrador","isPartOf":{"@id":"https:\/\/diarioellabrador.cl\/#website"},"primaryImageOfPage":{"@id":"https:\/\/diarioellabrador.cl\/index.php\/2025\/05\/26\/medialuna-monumental-de-rancagua-abrio-sus-puertas-en-el-dia-de-los-patrimonios\/#primaryimage"},"image":{"@id":"https:\/\/diarioellabrador.cl\/index.php\/2025\/05\/26\/medialuna-monumental-de-rancagua-abrio-sus-puertas-en-el-dia-de-los-patrimonios\/#primaryimage"},"thumbnailUrl":"https:\/\/diarioellabrador.cl\/wp-content\/uploads\/2025\/05\/Medialuna-Monumental-de-Rancagua-abrio-sus-puertas-en-el-Dia-de-los-Patrimonios.jpg","datePublished":"2025-05-26T22:55:51+00:00","dateModified":"2025-05-26T22:55:53+00:00","breadcrumb":{"@id":"https:\/\/diarioellabrador.cl\/index.php\/2025\/05\/26\/medialuna-monumental-de-rancagua-abrio-sus-puertas-en-el-dia-de-los-patrimonios\/#breadcrumb"},"inLanguage":"es","potentialAction":[{"@type":"ReadAction","target":["https:\/\/diarioellabrador.cl\/index.php\/2025\/05\/26\/medialuna-monumental-de-rancagua-abrio-sus-puertas-en-el-dia-de-los-patrimonios\/"]}]},{"@type":"ImageObject","inLanguage":"es","@id":"https:\/\/diarioellabrador.cl\/index.php\/2025\/05\/26\/medialuna-monumental-de-rancagua-abrio-sus-puertas-en-el-dia-de-los-patrimonios\/#primaryimage","url":"https:\/\/diarioellabrador.cl\/wp-content\/uploads\/2025\/05\/Medialuna-Monumental-de-Rancagua-abrio-sus-puertas-en-el-Dia-de-los-Patrimonios.jpg","contentUrl":"https:\/\/diarioellabrador.cl\/wp-content\/uploads\/2025\/05\/Medialuna-Monumental-de-Rancagua-abrio-sus-puertas-en-el-Dia-de-los-Patrimonios.jpg","width":750,"height":389},{"@type":"BreadcrumbList","@id":"https:\/\/diarioellabrador.cl\/index.php\/2025\/05\/26\/medialuna-monumental-de-rancagua-abrio-sus-puertas-en-el-dia-de-los-patrimonios\/#breadcrumb","itemListElement":[{"@type":"ListItem","position":1,"name":"Portada","item":"https:\/\/diarioellabrador.cl\/"},{"@type":"ListItem","position":2,"name":"Medialuna Monumental de Rancagua abri\u00f3 sus puertas en el D\u00eda de los Patrimonios"}]},{"@type":"WebSite","@id":"https:\/\/diarioellabrador.cl\/#website","url":"https:\/\/diarioellabrador.cl\/","name":"Diario El Labrador","description":"Haciendo noticia desde 1921","publisher":{"@id":"https:\/\/diarioellabrador.cl\/#organization"},"potentialAction":[{"@type":"SearchAction","target":{"@type":"EntryPoint","urlTemplate":"https:\/\/diarioellabrador.cl\/?s={search_term_string}"},"query-input":{"@type":"PropertyValueSpecification","valueRequired":true,"valueName":"search_term_string"}}],"inLanguage":"es"},{"@type":"Organization","@id":"https:\/\/diarioellabrador.cl\/#organization","name":"Diario El Labrador","url":"https:\/\/diarioellabrador.cl\/","logo":{"@type":"ImageObject","inLanguage":"es","@id":"https:\/\/diarioellabrador.cl\/#\/schema\/logo\/image\/","url":"https:\/\/diarioellabrador.cl\/wp-content\/uploads\/2025\/02\/cropped-Logo-Icono.png","contentUrl":"https:\/\/diarioellabrador.cl\/wp-content\/uploads\/2025\/02\/cropped-Logo-Icono.png","width":512,"height":512,"caption":"Diario El Labrador"},"image":{"@id":"https:\/\/diarioellabrador.cl\/#\/schema\/logo\/image\/"},"sameAs":["https:\/\/web.facebook.com\/profile.php?id=61576120840621","https:\/\/x.com\/ElLabradorOf","https:\/\/www.instagram.com\/diarioellabradoroficial\/"]},{"@type":"Person","@id":"https:\/\/diarioellabrador.cl\/#\/schema\/person\/bc25ff80b4563f9c7f4bd7855df01685","name":"Editor","image":{"@type":"ImageObject","inLanguage":"es","@id":"https:\/\/secure.gravatar.com\/avatar\/109c326cf2be5c04f048c2c2a2b8b6ef44bf3d8d1d3d4c55d0ac40c4bc994684?s=96&d=mm&r=g","url":"https:\/\/secure.gravatar.com\/avatar\/109c326cf2be5c04f048c2c2a2b8b6ef44bf3d8d1d3d4c55d0ac40c4bc994684?s=96&d=mm&r=g","contentUrl":"https:\/\/secure.gravatar.com\/avatar\/109c326cf2be5c04f048c2c2a2b8b6ef44bf3d8d1d3d4c55d0ac40c4bc994684?s=96&d=mm&r=g","caption":"Editor"},"url":"https:\/\/diarioellabrador.cl\/index.php\/author\/editor\/"}]}},"_links":{"self":[{"href":"https:\/\/diarioellabrador.cl\/index.php\/wp-json\/wp\/v2\/posts\/3184","targetHints":{"allow":["GET"]}}],"collection":[{"href":"https:\/\/diarioellabrador.cl\/index.php\/wp-json\/wp\/v2\/posts"}],"about":[{"href":"https:\/\/diarioellabrador.cl\/index.php\/wp-json\/wp\/v2\/types\/post"}],"author":[{"embeddable":true,"href":"https:\/\/diarioellabrador.cl\/index.php\/wp-json\/wp\/v2\/users\/2"}],"replies":[{"embeddable":true,"href":"https:\/\/diarioellabrador.cl\/index.php\/wp-json\/wp\/v2\/comments?post=3184"}],"version-history":[{"count":1,"href":"https:\/\/diarioellabrador.cl\/index.php\/wp-json\/wp\/v2\/posts\/3184\/revisions"}],"predecessor-version":[{"id":3185,"href":"https:\/\/diarioellabrador.cl\/index.php\/wp-json\/wp\/v2\/posts\/3184\/revisions\/3185"}],"wp:featuredmedia":[{"embeddable":true,"href":"https:\/\/diarioellabrador.cl\/index.php\/wp-json\/wp\/v2\/media\/3168"}],"wp:attachment":[{"href":"https:\/\/diarioellabrador.cl\/index.php\/wp-json\/wp\/v2\/media?parent=3184"}],"wp:term":[{"taxonomy":"category","embeddable":true,"href":"https:\/\/diarioellabrador.cl\/index.php\/wp-json\/wp\/v2\/categories?post=3184"},{"taxonomy":"post_tag","embeddable":true,"href":"https:\/\/diarioellabrador.cl\/index.php\/wp-json\/wp\/v2\/tags?post=3184"}],"curies":[{"name":"wp","href":"https:\/\/api.w.org\/{rel}","templated":true}]}}